{"id":171,"date":"2016-01-26T12:13:59","date_gmt":"2016-01-26T11:13:59","guid":{"rendered":"http:\/\/demo.sh-themes.com\/credence\/?p=171"},"modified":"2025-11-03T18:29:36","modified_gmt":"2025-11-03T17:29:36","slug":"self-hosted-video","status":"publish","type":"post","link":"https:\/\/www.lafargalhospitalet.com\/ca\/self-hosted-video\/","title":{"rendered":"El m\u00f3n del cinema i les s\u00e8ries aterra a La Farga de L\u2019Hospitalet"},"content":{"rendered":"<p>L\u2019impuls del primer Sal\u00f3 del Cinema i les S\u00e8ries ja \u00e9s una realitat, i tot comen\u00e7a a estar a punt perqu\u00e8 aquest divendres La Farga Centre d\u2019Activitats obri les seves portes, a un esdeveniment que tothom coincideix que \u00e9s una brillant idea per ser el punt de trobada de tot all\u00f2 relacionat amb el m\u00f3n del cinema i les s\u00e8ries des d\u2019actors, directors, distribu\u00efdores, productores i p\u00fablic en general.<\/p>\n<p>Aquest dimarts s\u2019ha fet la presentaci\u00f3 del Sal\u00f3 del Cinema i les S\u00e8ries, que organitzen conjuntament Cinemaworld i La Farga de L\u2019Hospitalet per encetar la setmana m\u00e9s cin\u00e8fila de l\u2019any a L\u2019Hospitalet.<\/p>\n<p>En aquest sentit el regidor de cultura de L\u2019Hospitalet, Jaume Graells, ha destacat que aquest sal\u00f3 \u201c\u00c9s producte de l\u2019empenta de gent molt emprenedora\u201d, per afegir que \u201cVolem que aquest sal\u00f3 comenci per quedar-se a L\u2019Hospitalet\u201d.<\/p>\n<p>Per la seva banda el director del Sal\u00f3 del Cinema i les S\u00e8ries, \u00c0lex Murrull, ha assenyalat que aquest esdeveniment \u201cHa de ser el punt de trobada de tota la ind\u00fastria del cinema amb el p\u00fablic en general, i ho fem perqu\u00e8 tothom es pugui sentir-se c\u00f2mode\u201d. En l\u2019acte de presentaci\u00f3 tamb\u00e9 han assistit l\u2019actor \u00c0lex Casanovas, \u201cEncantat que sorgeixin aquestes idees\u201d al mateix temps que ha recordat \u201cLa significaci\u00f3 en els darrers temps de L\u2019Hospitalet com a ciutat cultural\u201d; i el director hospitalenc Juan Cruz que s\u2019ha mostrat satisfet: \u201cM\u2019agrada que aquest sal\u00f3 es porti a terme a la meva ciutat\u201d.<\/p>\n<p>Per \u00faltim tamb\u00e9 ha intervingut el tinent d\u2019alcalde de Promoci\u00f3 Econ\u00f2mica i Ocupaci\u00f3 de L\u2019Hospitalet i president de La Farga, Gesti\u00f3 d\u2019Equipaments Municipals, Jos\u00e9 Mar\u00eda Garc\u00eda Mompel qui ha destacat tres punts importants al voltant d\u2019aquest sal\u00f3: \u201cApostem per la cultura, fet important per a aquesta ciutat per acabar de travar els barris\u201d; \u201cQue La Farga sigui tamb\u00e9 un dels grans escenaris dels grans projectes de ciutat com \u00e9s el Districte Cultural\u201d i el darrer punt \u201cTamb\u00e9 ho fem per un factor econ\u00f2mic, tant per a la ind\u00fastria cultural com per a la pr\u00f2pia societat de La Farga GEM, S.A. en la seva aposta de fer cr\u00e9ixer el Centre d\u2019Activitats i situar-lo com a centre de refer\u00e8ncia d\u2019espais per multidisciplinars\u201d.<\/p>\n<p>El Sal\u00f3 del Cinema i les S\u00e8ries comptar\u00e0 amb la pres\u00e8ncia de prop de 75 expositors entre empreses i associacions relacionades amb el sector: botigues especialitzades, escoles de cinema, distribu\u00efdores, plataformes online de cinema i s\u00e8ries, empreses tecnol\u00f2giques, entitats sense \u00e0nims de lucre, entre d\u2019altres.<\/p>\n<p>Durant els tres dies de sal\u00f3 hi haur\u00e0 nombroses activitats previstes entre confer\u00e8ncies, xerrades, exposicions, projeccions i espais de participaci\u00f3, com la jornada de Taules Rodones protagonitzades per reconeguts actors, guionistes i directors.<\/p>\n","protected":false},"excerpt":{"rendered":"<p>L\u2019impuls del primer Sal\u00f3 del Cinema i les S\u00e8ries ja \u00e9s una realitat, i tot comen\u00e7a a estar a punt perqu\u00e8 aquest divendres La Farga Centre d\u2019Activitats obri les seves portes.<\/p>\n","protected":false},"author":1,"featured_media":2590,"comment_status":"closed","ping_status":"closed","sticky":false,"template":"","format":"standard","meta":{"_monsterinsights_skip_tracking":false,"_monsterinsights_sitenote_active":false,"_monsterinsights_sitenote_note":"","_monsterinsights_sitenote_category":0,"footnotes":""},"categories":[83],"tags":[],"class_list":["post-171","post","type-post","status-publish","format-standard","has-post-thumbnail","hentry","category-noticies"],"yoast_head":"<!-- This site is optimized with the Yoast SEO plugin v27.5 - https:\/\/yoast.com\/product\/yoast-seo-wordpress\/ -->\n<title>El m\u00f3n del cinema i les s\u00e8ries aterra a La Farga de L\u2019Hospitalet - La Farga L&#039;Hospitalet Centre d&#039;Activitats. La Farga GEM, S.A.<\/title>\n<meta name=\"description\" content=\"L\u2019impuls del primer Sal\u00f3 del Cinema i les S\u00e8ries ja \u00e9s una realitat perqu\u00e8 aquest divendres La Farga Centre d\u2019Activitats obri les seves portes.\u00a0\" \/>\n<meta name=\"robots\" content=\"index, follow, max-snippet:-1, max-image-preview:large, max-video-preview:-1\" \/>\n<link rel=\"canonical\" href=\"https:\/\/www.lafargalhospitalet.com\/ca\/self-hosted-video\/\" \/>\n<meta property=\"og:locale\" content=\"ca_ES\" \/>\n<meta property=\"og:type\" content=\"article\" \/>\n<meta property=\"og:title\" content=\"El m\u00f3n del cinema i les s\u00e8ries aterra a La Farga de L\u2019Hospitalet - La Farga L&#039;Hospitalet Centre d&#039;Activitats. La Farga GEM, S.A.\" \/>\n<meta property=\"og:description\" content=\"L\u2019impuls del primer Sal\u00f3 del Cinema i les S\u00e8ries ja \u00e9s una realitat perqu\u00e8 aquest divendres La Farga Centre d\u2019Activitats obri les seves portes.\u00a0\" \/>\n<meta property=\"og:url\" content=\"https:\/\/www.lafargalhospitalet.com\/ca\/self-hosted-video\/\" \/>\n<meta property=\"og:site_name\" content=\"La Farga L&#039;Hospitalet Centre d&#039;Activitats. La Farga GEM, S.A.\" \/>\n<meta property=\"article:publisher\" content=\"https:\/\/www.facebook.com\/fargahospitalet\/\" \/>\n<meta property=\"article:published_time\" content=\"2016-01-26T11:13:59+00:00\" \/>\n<meta property=\"article:modified_time\" content=\"2025-11-03T17:29:36+00:00\" \/>\n<meta property=\"og:image\" content=\"https:\/\/www.lafargalhospitalet.com\/wp-content\/uploads\/2014\/09\/rodapremsa-salocine-farga.jpg\" \/>\n\t<meta property=\"og:image:width\" content=\"730\" \/>\n\t<meta property=\"og:image:height\" content=\"410\" \/>\n\t<meta property=\"og:image:type\" content=\"image\/jpeg\" \/>\n<meta name=\"author\" content=\"La Farga Centre d&#039;Activitats\" \/>\n<meta name=\"twitter:card\" content=\"summary_large_image\" \/>\n<meta name=\"twitter:creator\" content=\"@fargahospitalet\" \/>\n<meta name=\"twitter:site\" content=\"@fargahospitalet\" \/>\n<meta name=\"twitter:label1\" content=\"Escrit per\" \/>\n\t<meta name=\"twitter:data1\" content=\"La Farga Centre d&#039;Activitats\" \/>\n\t<meta name=\"twitter:label2\" content=\"Temps estimat de lectura\" \/>\n\t<meta name=\"twitter:data2\" content=\"2 minuts\" \/>\n<script type=\"application\/ld+json\" class=\"yoast-schema-graph\">{\"@context\":\"https:\\\/\\\/schema.org\",\"@graph\":[{\"@type\":\"Article\",\"@id\":\"https:\\\/\\\/www.lafargalhospitalet.com\\\/ca\\\/self-hosted-video\\\/#article\",\"isPartOf\":{\"@id\":\"https:\\\/\\\/www.lafargalhospitalet.com\\\/ca\\\/self-hosted-video\\\/\"},\"author\":{\"name\":\"La Farga Centre d'Activitats\",\"@id\":\"https:\\\/\\\/www.lafargalhospitalet.com\\\/#\\\/schema\\\/person\\\/6cbac0ef7748506b167ff859e1c7f378\"},\"headline\":\"El m\u00f3n del cinema i les s\u00e8ries aterra a La Farga de L\u2019Hospitalet\",\"datePublished\":\"2016-01-26T11:13:59+00:00\",\"dateModified\":\"2025-11-03T17:29:36+00:00\",\"mainEntityOfPage\":{\"@id\":\"https:\\\/\\\/www.lafargalhospitalet.com\\\/ca\\\/self-hosted-video\\\/\"},\"wordCount\":502,\"publisher\":{\"@id\":\"https:\\\/\\\/www.lafargalhospitalet.com\\\/#organization\"},\"image\":{\"@id\":\"https:\\\/\\\/www.lafargalhospitalet.com\\\/ca\\\/self-hosted-video\\\/#primaryimage\"},\"thumbnailUrl\":\"https:\\\/\\\/www.lafargalhospitalet.com\\\/wp-content\\\/uploads\\\/2014\\\/09\\\/rodapremsa-salocine-farga.jpg\",\"articleSection\":[\"Noticies\"],\"inLanguage\":\"ca\"},{\"@type\":\"WebPage\",\"@id\":\"https:\\\/\\\/www.lafargalhospitalet.com\\\/ca\\\/self-hosted-video\\\/\",\"url\":\"https:\\\/\\\/www.lafargalhospitalet.com\\\/ca\\\/self-hosted-video\\\/\",\"name\":\"El m\u00f3n del cinema i les s\u00e8ries aterra a La Farga de L\u2019Hospitalet - La Farga L&#039;Hospitalet Centre d&#039;Activitats. La Farga GEM, S.A.\",\"isPartOf\":{\"@id\":\"https:\\\/\\\/www.lafargalhospitalet.com\\\/#website\"},\"primaryImageOfPage\":{\"@id\":\"https:\\\/\\\/www.lafargalhospitalet.com\\\/ca\\\/self-hosted-video\\\/#primaryimage\"},\"image\":{\"@id\":\"https:\\\/\\\/www.lafargalhospitalet.com\\\/ca\\\/self-hosted-video\\\/#primaryimage\"},\"thumbnailUrl\":\"https:\\\/\\\/www.lafargalhospitalet.com\\\/wp-content\\\/uploads\\\/2014\\\/09\\\/rodapremsa-salocine-farga.jpg\",\"datePublished\":\"2016-01-26T11:13:59+00:00\",\"dateModified\":\"2025-11-03T17:29:36+00:00\",\"description\":\"L\u2019impuls del primer Sal\u00f3 del Cinema i les S\u00e8ries ja \u00e9s una realitat perqu\u00e8 aquest divendres La Farga Centre d\u2019Activitats obri les seves portes.\u00a0\",\"breadcrumb\":{\"@id\":\"https:\\\/\\\/www.lafargalhospitalet.com\\\/ca\\\/self-hosted-video\\\/#breadcrumb\"},\"inLanguage\":\"ca\",\"potentialAction\":[{\"@type\":\"ReadAction\",\"target\":[\"https:\\\/\\\/www.lafargalhospitalet.com\\\/ca\\\/self-hosted-video\\\/\"]}]},{\"@type\":\"ImageObject\",\"inLanguage\":\"ca\",\"@id\":\"https:\\\/\\\/www.lafargalhospitalet.com\\\/ca\\\/self-hosted-video\\\/#primaryimage\",\"url\":\"https:\\\/\\\/www.lafargalhospitalet.com\\\/wp-content\\\/uploads\\\/2014\\\/09\\\/rodapremsa-salocine-farga.jpg\",\"contentUrl\":\"https:\\\/\\\/www.lafargalhospitalet.com\\\/wp-content\\\/uploads\\\/2014\\\/09\\\/rodapremsa-salocine-farga.jpg\",\"width\":730,\"height\":410},{\"@type\":\"BreadcrumbList\",\"@id\":\"https:\\\/\\\/www.lafargalhospitalet.com\\\/ca\\\/self-hosted-video\\\/#breadcrumb\",\"itemListElement\":[{\"@type\":\"ListItem\",\"position\":1,\"name\":\"Portada\",\"item\":\"https:\\\/\\\/www.lafargalhospitalet.com\\\/\"},{\"@type\":\"ListItem\",\"position\":2,\"name\":\"El m\u00f3n del cinema i les s\u00e8ries aterra a La Farga de L\u2019Hospitalet\"}]},{\"@type\":\"WebSite\",\"@id\":\"https:\\\/\\\/www.lafargalhospitalet.com\\\/#website\",\"url\":\"https:\\\/\\\/www.lafargalhospitalet.com\\\/\",\"name\":\"La Farga L'Hospitalet Centre d'Activitats. La Farga GEM, S.A.\",\"description\":\"La Farga L&#039;Hospitalet Centre d&#039;Activitats. Gestionat per La Farga GEM, S.A. Fires i Congressos. Concerts, exposicions, reunions, filmacions, sopars de gala.\",\"publisher\":{\"@id\":\"https:\\\/\\\/www.lafargalhospitalet.com\\\/#organization\"},\"potentialAction\":[{\"@type\":\"SearchAction\",\"target\":{\"@type\":\"EntryPoint\",\"urlTemplate\":\"https:\\\/\\\/www.lafargalhospitalet.com\\\/?s={search_term_string}\"},\"query-input\":{\"@type\":\"PropertyValueSpecification\",\"valueRequired\":true,\"valueName\":\"search_term_string\"}}],\"inLanguage\":\"ca\"},{\"@type\":\"Organization\",\"@id\":\"https:\\\/\\\/www.lafargalhospitalet.com\\\/#organization\",\"name\":\"La Farga L'Hospitalet Centre d'Activitats. La Farga GEM, S.A.\",\"url\":\"https:\\\/\\\/www.lafargalhospitalet.com\\\/\",\"logo\":{\"@type\":\"ImageObject\",\"inLanguage\":\"ca\",\"@id\":\"https:\\\/\\\/www.lafargalhospitalet.com\\\/#\\\/schema\\\/logo\\\/image\\\/\",\"url\":\"https:\\\/\\\/www.lafargalhospitalet.com\\\/wp-content\\\/uploads\\\/2025\\\/10\\\/logotipo_lafarga_centre_activitats.png\",\"contentUrl\":\"https:\\\/\\\/www.lafargalhospitalet.com\\\/wp-content\\\/uploads\\\/2025\\\/10\\\/logotipo_lafarga_centre_activitats.png\",\"width\":266,\"height\":101,\"caption\":\"La Farga L'Hospitalet Centre d'Activitats. La Farga GEM, S.A.\"},\"image\":{\"@id\":\"https:\\\/\\\/www.lafargalhospitalet.com\\\/#\\\/schema\\\/logo\\\/image\\\/\"},\"sameAs\":[\"https:\\\/\\\/www.facebook.com\\\/fargahospitalet\\\/\",\"https:\\\/\\\/x.com\\\/fargahospitalet\",\"https:\\\/\\\/www.instagram.com\\\/lafargahospitalet\\\/\",\"https:\\\/\\\/www.youtube.com\\\/channel\\\/UCoLt6hen3PqGXgbLMGI3Qdw\",\"https:\\\/\\\/www.flickr.com\\\/photos\\\/lafargagemsa\\\/albums\"]},{\"@type\":\"Person\",\"@id\":\"https:\\\/\\\/www.lafargalhospitalet.com\\\/#\\\/schema\\\/person\\\/6cbac0ef7748506b167ff859e1c7f378\",\"name\":\"La Farga Centre d'Activitats\",\"sameAs\":[\"https:\\\/\\\/www.lafargalhospitalet.com\"],\"url\":\"https:\\\/\\\/www.lafargalhospitalet.com\\\/ca\\\/author\\\/far25gmin\\\/\"}]}<\/script>\n<!-- \/ Yoast SEO plugin. -->","yoast_head_json":{"title":"El m\u00f3n del cinema i les s\u00e8ries aterra a La Farga de L\u2019Hospitalet - La Farga L&#039;Hospitalet Centre d&#039;Activitats. La Farga GEM, S.A.","description":"L\u2019impuls del primer Sal\u00f3 del Cinema i les S\u00e8ries ja \u00e9s una realitat perqu\u00e8 aquest divendres La Farga Centre d\u2019Activitats obri les seves portes.\u00a0","robots":{"index":"index","follow":"follow","max-snippet":"max-snippet:-1","max-image-preview":"max-image-preview:large","max-video-preview":"max-video-preview:-1"},"canonical":"https:\/\/www.lafargalhospitalet.com\/ca\/self-hosted-video\/","og_locale":"ca_ES","og_type":"article","og_title":"El m\u00f3n del cinema i les s\u00e8ries aterra a La Farga de L\u2019Hospitalet - La Farga L&#039;Hospitalet Centre d&#039;Activitats. La Farga GEM, S.A.","og_description":"L\u2019impuls del primer Sal\u00f3 del Cinema i les S\u00e8ries ja \u00e9s una realitat perqu\u00e8 aquest divendres La Farga Centre d\u2019Activitats obri les seves portes.\u00a0","og_url":"https:\/\/www.lafargalhospitalet.com\/ca\/self-hosted-video\/","og_site_name":"La Farga L&#039;Hospitalet Centre d&#039;Activitats. La Farga GEM, S.A.","article_publisher":"https:\/\/www.facebook.com\/fargahospitalet\/","article_published_time":"2016-01-26T11:13:59+00:00","article_modified_time":"2025-11-03T17:29:36+00:00","og_image":[{"width":730,"height":410,"url":"https:\/\/www.lafargalhospitalet.com\/wp-content\/uploads\/2014\/09\/rodapremsa-salocine-farga.jpg","type":"image\/jpeg"}],"author":"La Farga Centre d'Activitats","twitter_card":"summary_large_image","twitter_creator":"@fargahospitalet","twitter_site":"@fargahospitalet","twitter_misc":{"Escrit per":"La Farga Centre d'Activitats","Temps estimat de lectura":"2 minuts"},"schema":{"@context":"https:\/\/schema.org","@graph":[{"@type":"Article","@id":"https:\/\/www.lafargalhospitalet.com\/ca\/self-hosted-video\/#article","isPartOf":{"@id":"https:\/\/www.lafargalhospitalet.com\/ca\/self-hosted-video\/"},"author":{"name":"La Farga Centre d'Activitats","@id":"https:\/\/www.lafargalhospitalet.com\/#\/schema\/person\/6cbac0ef7748506b167ff859e1c7f378"},"headline":"El m\u00f3n del cinema i les s\u00e8ries aterra a La Farga de L\u2019Hospitalet","datePublished":"2016-01-26T11:13:59+00:00","dateModified":"2025-11-03T17:29:36+00:00","mainEntityOfPage":{"@id":"https:\/\/www.lafargalhospitalet.com\/ca\/self-hosted-video\/"},"wordCount":502,"publisher":{"@id":"https:\/\/www.lafargalhospitalet.com\/#organization"},"image":{"@id":"https:\/\/www.lafargalhospitalet.com\/ca\/self-hosted-video\/#primaryimage"},"thumbnailUrl":"https:\/\/www.lafargalhospitalet.com\/wp-content\/uploads\/2014\/09\/rodapremsa-salocine-farga.jpg","articleSection":["Noticies"],"inLanguage":"ca"},{"@type":"WebPage","@id":"https:\/\/www.lafargalhospitalet.com\/ca\/self-hosted-video\/","url":"https:\/\/www.lafargalhospitalet.com\/ca\/self-hosted-video\/","name":"El m\u00f3n del cinema i les s\u00e8ries aterra a La Farga de L\u2019Hospitalet - La Farga L&#039;Hospitalet Centre d&#039;Activitats. La Farga GEM, S.A.","isPartOf":{"@id":"https:\/\/www.lafargalhospitalet.com\/#website"},"primaryImageOfPage":{"@id":"https:\/\/www.lafargalhospitalet.com\/ca\/self-hosted-video\/#primaryimage"},"image":{"@id":"https:\/\/www.lafargalhospitalet.com\/ca\/self-hosted-video\/#primaryimage"},"thumbnailUrl":"https:\/\/www.lafargalhospitalet.com\/wp-content\/uploads\/2014\/09\/rodapremsa-salocine-farga.jpg","datePublished":"2016-01-26T11:13:59+00:00","dateModified":"2025-11-03T17:29:36+00:00","description":"L\u2019impuls del primer Sal\u00f3 del Cinema i les S\u00e8ries ja \u00e9s una realitat perqu\u00e8 aquest divendres La Farga Centre d\u2019Activitats obri les seves portes.\u00a0","breadcrumb":{"@id":"https:\/\/www.lafargalhospitalet.com\/ca\/self-hosted-video\/#breadcrumb"},"inLanguage":"ca","potentialAction":[{"@type":"ReadAction","target":["https:\/\/www.lafargalhospitalet.com\/ca\/self-hosted-video\/"]}]},{"@type":"ImageObject","inLanguage":"ca","@id":"https:\/\/www.lafargalhospitalet.com\/ca\/self-hosted-video\/#primaryimage","url":"https:\/\/www.lafargalhospitalet.com\/wp-content\/uploads\/2014\/09\/rodapremsa-salocine-farga.jpg","contentUrl":"https:\/\/www.lafargalhospitalet.com\/wp-content\/uploads\/2014\/09\/rodapremsa-salocine-farga.jpg","width":730,"height":410},{"@type":"BreadcrumbList","@id":"https:\/\/www.lafargalhospitalet.com\/ca\/self-hosted-video\/#breadcrumb","itemListElement":[{"@type":"ListItem","position":1,"name":"Portada","item":"https:\/\/www.lafargalhospitalet.com\/"},{"@type":"ListItem","position":2,"name":"El m\u00f3n del cinema i les s\u00e8ries aterra a La Farga de L\u2019Hospitalet"}]},{"@type":"WebSite","@id":"https:\/\/www.lafargalhospitalet.com\/#website","url":"https:\/\/www.lafargalhospitalet.com\/","name":"La Farga L'Hospitalet Centre d'Activitats. La Farga GEM, S.A.","description":"La Farga L&#039;Hospitalet Centre d&#039;Activitats. Gestionat per La Farga GEM, S.A. Fires i Congressos. Concerts, exposicions, reunions, filmacions, sopars de gala.","publisher":{"@id":"https:\/\/www.lafargalhospitalet.com\/#organization"},"potentialAction":[{"@type":"SearchAction","target":{"@type":"EntryPoint","urlTemplate":"https:\/\/www.lafargalhospitalet.com\/?s={search_term_string}"},"query-input":{"@type":"PropertyValueSpecification","valueRequired":true,"valueName":"search_term_string"}}],"inLanguage":"ca"},{"@type":"Organization","@id":"https:\/\/www.lafargalhospitalet.com\/#organization","name":"La Farga L'Hospitalet Centre d'Activitats. La Farga GEM, S.A.","url":"https:\/\/www.lafargalhospitalet.com\/","logo":{"@type":"ImageObject","inLanguage":"ca","@id":"https:\/\/www.lafargalhospitalet.com\/#\/schema\/logo\/image\/","url":"https:\/\/www.lafargalhospitalet.com\/wp-content\/uploads\/2025\/10\/logotipo_lafarga_centre_activitats.png","contentUrl":"https:\/\/www.lafargalhospitalet.com\/wp-content\/uploads\/2025\/10\/logotipo_lafarga_centre_activitats.png","width":266,"height":101,"caption":"La Farga L'Hospitalet Centre d'Activitats. La Farga GEM, S.A."},"image":{"@id":"https:\/\/www.lafargalhospitalet.com\/#\/schema\/logo\/image\/"},"sameAs":["https:\/\/www.facebook.com\/fargahospitalet\/","https:\/\/x.com\/fargahospitalet","https:\/\/www.instagram.com\/lafargahospitalet\/","https:\/\/www.youtube.com\/channel\/UCoLt6hen3PqGXgbLMGI3Qdw","https:\/\/www.flickr.com\/photos\/lafargagemsa\/albums"]},{"@type":"Person","@id":"https:\/\/www.lafargalhospitalet.com\/#\/schema\/person\/6cbac0ef7748506b167ff859e1c7f378","name":"La Farga Centre d'Activitats","sameAs":["https:\/\/www.lafargalhospitalet.com"],"url":"https:\/\/www.lafargalhospitalet.com\/ca\/author\/far25gmin\/"}]}},"_links":{"self":[{"href":"https:\/\/www.lafargalhospitalet.com\/ca\/wp-json\/wp\/v2\/posts\/171","targetHints":{"allow":["GET"]}}],"collection":[{"href":"https:\/\/www.lafargalhospitalet.com\/ca\/wp-json\/wp\/v2\/posts"}],"about":[{"href":"https:\/\/www.lafargalhospitalet.com\/ca\/wp-json\/wp\/v2\/types\/post"}],"author":[{"embeddable":true,"href":"https:\/\/www.lafargalhospitalet.com\/ca\/wp-json\/wp\/v2\/users\/1"}],"replies":[{"embeddable":true,"href":"https:\/\/www.lafargalhospitalet.com\/ca\/wp-json\/wp\/v2\/comments?post=171"}],"version-history":[{"count":0,"href":"https:\/\/www.lafargalhospitalet.com\/ca\/wp-json\/wp\/v2\/posts\/171\/revisions"}],"wp:featuredmedia":[{"embeddable":true,"href":"https:\/\/www.lafargalhospitalet.com\/ca\/wp-json\/wp\/v2\/media\/2590"}],"wp:attachment":[{"href":"https:\/\/www.lafargalhospitalet.com\/ca\/wp-json\/wp\/v2\/media?parent=171"}],"wp:term":[{"taxonomy":"category","embeddable":true,"href":"https:\/\/www.lafargalhospitalet.com\/ca\/wp-json\/wp\/v2\/categories?post=171"},{"taxonomy":"post_tag","embeddable":true,"href":"https:\/\/www.lafargalhospitalet.com\/ca\/wp-json\/wp\/v2\/tags?post=171"}],"curies":[{"name":"wp","href":"https:\/\/api.w.org\/{rel}","templated":true}]}}