{"id":2629,"date":"2016-02-16T14:06:14","date_gmt":"2016-02-16T13:06:14","guid":{"rendered":"http:\/\/www.lafargalhospitalet.com\/?p=2629"},"modified":"2025-11-03T18:29:36","modified_gmt":"2025-11-03T17:29:36","slug":"la-farga-el-gran-escenari-del-dia-dandalusia-a-lhospitalet","status":"publish","type":"post","link":"https:\/\/www.lafargalhospitalet.com\/ca\/la-farga-el-gran-escenari-del-dia-dandalusia-a-lhospitalet\/","title":{"rendered":"La Farga, el gran escenari del Dia d&#8217;Andalusia a L&#8217;Hospitalet"},"content":{"rendered":"<p>La Farga Centre d\u2019Activitats torna a ser escenari dels actes principals del Dia d\u2019Andalusia a L\u2019Hospitalet, que enguany arriba a la 29a edici\u00f3.<\/p>\n<p>El cap de setmana del 27 i 28 de febrer l\u2019espai principal del recinte s\u2019omplir\u00e0 del millor de l\u2019art i la cultura andalusa en aquestes tradicionals Jornades Commemoratives, organitzades per la <a href=\"https:\/\/www.facebook.com\/FECEALH-597153763711205\/?fref=ts\" target=\"_blank\">Federaci\u00f3n Coordinadora de Entidades Andaluzas de L\u2019Hospitalet<\/a>, i que enguany s\u00f3n en homenatge a la ciutat de M\u00e0laga.<\/p>\n<p>Aquestes s\u00f3n les activitats que s\u2019han de celebrar La Farga Centre d\u2019Activitats des de dissabte 27 de febrer, a partir de les 17 hores.<\/p>\n<p><strong><em>Dissabte, 27 de febrer<\/em><\/strong><br \/>\n<strong>17h. Actes centrals del Dia d\u2019Andalusia. Festival d\u2019Entitats (1a part)<\/strong><br \/>\nParticipen: Hermandad Nuestra Se\u00f1ora del Roc\u00edo Rocieros de Carmona (cor rociero), Asociaci\u00f3n Cultural Andaluza Hijos de Paradas (cor rociero), Hermandad Nuestra Se\u00f1ora del Roc\u00edo de L\u2019Hospitalet (cor rociero), Asociaci\u00f3n Cultural Andaluza de L\u2019Hospitalet (quadres de ball), Casa de Huelva de L\u2019Hospitalet (quadres de ball), Asociaci\u00f3n Cultural Andaluza Hijos de Paradas (quadres de ball), Hermandad Nuestra Se\u00f1ora del Roc\u00edo Pastorcillo Divino (cor rociero), Real Cofrad\u00eda Virgen de la Cabeza (cor romero), Asociaci\u00f3n Cultural Andaluza Marismas del Guadalquivir (quadres de ball), Asociaci\u00f3n Amigos de Santa Eulalia (quadres de ball) i Tertulia Flamenca de L\u2019Hospitalet (quadres de ball).<\/p>\n<p><strong>22h. Marta Quintero<\/strong><\/p>\n<p><strong><em>Diumenge, 28 de febrer<\/em><\/strong><br \/>\n<strong>9.30h. Tradicional Ofrena Floral a l\u2019olivera<\/strong><br \/>\nA c\u00e0rrec de la Coral de la Asociaci\u00f3n Cultural Andaluza Casa de Baena en Catalunya i amb la participaci\u00f3 de la Colla Jove Castellera de L\u2019Hospitalet i la Escola Municipal de M\u00fasica-Centre de les Arts de L\u2019Hospitalet.<\/p>\n<p><strong>10h. Festival d\u2019Entitats (2a part)<\/strong><br \/>\nActuaci\u00f3 de l\u2019Agrupaci\u00f3n Musical Asociaci\u00f3n Cultural Andaluza Cofrad\u00eda 15+1 de L\u2019Hospitalet.<\/p>\n<p><strong>10.30h. Missa Rociera<\/strong><br \/>\nOficiada pel rector Enric Canet<br \/>\nEls cants lit\u00fargics van a c\u00e0rrec del cor rociero de la Hermandad Nuestra Se\u00f1ora del Roc\u00edo Pastora Almonte\u00f1a.<\/p>\n<p><strong>12.00h. Espai juvenil<\/strong><br \/>\nParticipen: Coro Semilla Rociera de la Pe\u00f1a Flamenca Antonio Mairena, Asociaci\u00f3n Cultural Andaluza Hijos de Paradas (quadres de ball), Hermandad Nuestra Se\u00f1ora del Roc\u00edo Pastora Almonte\u00f1a (quadres de ball), Asociaci\u00f3n Cultural Andaluza de L\u2019Hospitalet (quadres de ball), Centro Cultural Andaluz Blas Infante (quadres de ball) i Tertulia Flamenca de L\u2019Hospitalet (quadres de ball).<\/p>\n<p><strong>13.30h. Degustaci\u00f3 del plat t\u00edpic andal\u00fas<\/strong><br \/>\nOfert per l\u2019Escola d\u2019Hostaleria de l\u2019Ajuntament de L\u2019Hospitalet.<\/p>\n<p><strong>17h. Festival d\u2019Entitats (3a part)<\/strong><br \/>\nParticipen: Asociaci\u00f3n Cultural Andaluza Hijos de Bedmar (cor), Asociaci\u00f3n Cultural Andaluza Casa de Baena en Catalunya (coral), Centro Cultural Andaluz Blas Infante (quadres de ball) i Hermandad Nuestra Se\u00f1ora del Roc\u00edo Pastora Almonte\u00f1a (quadres de ball).<\/p>\n<p><strong>18.30h. Festival de Radiol\u00e9<\/strong><br \/>\nParticipen: Jos\u00e9 Mar\u00eda Ruiz (ganador de La Voz Kids 2015), Andy y Lucas, Parrita, Las Carlotas, Requiebros, Sombra y Luz, Mar\u00eda de la Colina, Manuel Fern\u00e1ndez, Taxi Love, Durano, Calaita i Rub\u00e9n Mart\u00edn.<\/p>\n","protected":false},"excerpt":{"rendered":"<p>La Farga Centre d\u2019Activitats torna a ser escenari dels actes principals del Dia d\u2019Andalusia a L\u2019Hospitalet, que enguany arriba a la 29a edici\u00f3.<\/p>\n","protected":false},"author":1,"featured_media":2630,"comment_status":"closed","ping_status":"closed","sticky":false,"template":"","format":"standard","meta":{"_monsterinsights_skip_tracking":false,"_monsterinsights_sitenote_active":false,"_monsterinsights_sitenote_note":"","_monsterinsights_sitenote_category":0,"footnotes":""},"categories":[83],"tags":[],"class_list":["post-2629","post","type-post","status-publish","format-standard","has-post-thumbnail","hentry","category-noticies"],"yoast_head":"<!-- This site is optimized with the Yoast SEO plugin v27.5 - https:\/\/yoast.com\/product\/yoast-seo-wordpress\/ -->\n<title>La Farga, el gran escenari del Dia d&#039;Andalusia a L&#039;Hospitalet - La Farga L&#039;Hospitalet Centre d&#039;Activitats. La Farga GEM, S.A.<\/title>\n<meta name=\"description\" content=\"La Farga Centre d\u2019Activitats torna a ser escenari dels actes principals del Dia d\u2019Andalusia a L\u2019Hospitalet, que enguany arriba a la 29a edici\u00f3.\u00a0\" \/>\n<meta name=\"robots\" content=\"index, follow, max-snippet:-1, max-image-preview:large, max-video-preview:-1\" \/>\n<link rel=\"canonical\" href=\"https:\/\/www.lafargalhospitalet.com\/ca\/la-farga-el-gran-escenari-del-dia-dandalusia-a-lhospitalet\/\" \/>\n<meta property=\"og:locale\" content=\"ca_ES\" \/>\n<meta property=\"og:type\" content=\"article\" \/>\n<meta property=\"og:title\" content=\"La Farga, el gran escenari del Dia d&#039;Andalusia a L&#039;Hospitalet - La Farga L&#039;Hospitalet Centre d&#039;Activitats. La Farga GEM, S.A.\" \/>\n<meta property=\"og:description\" content=\"La Farga Centre d\u2019Activitats torna a ser escenari dels actes principals del Dia d\u2019Andalusia a L\u2019Hospitalet, que enguany arriba a la 29a edici\u00f3.\u00a0\" \/>\n<meta property=\"og:url\" content=\"https:\/\/www.lafargalhospitalet.com\/ca\/la-farga-el-gran-escenari-del-dia-dandalusia-a-lhospitalet\/\" \/>\n<meta property=\"og:site_name\" content=\"La Farga L&#039;Hospitalet Centre d&#039;Activitats. La Farga GEM, S.A.\" \/>\n<meta property=\"article:publisher\" content=\"https:\/\/www.facebook.com\/fargahospitalet\/\" \/>\n<meta property=\"article:published_time\" content=\"2016-02-16T13:06:14+00:00\" \/>\n<meta property=\"article:modified_time\" content=\"2025-11-03T17:29:36+00:00\" \/>\n<meta property=\"og:image\" content=\"https:\/\/www.lafargalhospitalet.com\/wp-content\/uploads\/2016\/02\/dia-andalusia-farga-cda-1.jpg\" \/>\n\t<meta property=\"og:image:width\" content=\"730\" \/>\n\t<meta property=\"og:image:height\" content=\"410\" \/>\n\t<meta property=\"og:image:type\" content=\"image\/jpeg\" \/>\n<meta name=\"author\" content=\"La Farga Centre d&#039;Activitats\" \/>\n<meta name=\"twitter:card\" content=\"summary_large_image\" \/>\n<meta name=\"twitter:creator\" content=\"@fargahospitalet\" \/>\n<meta name=\"twitter:site\" content=\"@fargahospitalet\" \/>\n<meta name=\"twitter:label1\" content=\"Escrit per\" \/>\n\t<meta name=\"twitter:data1\" content=\"La Farga Centre d&#039;Activitats\" \/>\n\t<meta name=\"twitter:label2\" content=\"Temps estimat de lectura\" \/>\n\t<meta name=\"twitter:data2\" content=\"3 minuts\" \/>\n<script type=\"application\/ld+json\" class=\"yoast-schema-graph\">{\"@context\":\"https:\\\/\\\/schema.org\",\"@graph\":[{\"@type\":\"Article\",\"@id\":\"https:\\\/\\\/www.lafargalhospitalet.com\\\/ca\\\/la-farga-el-gran-escenari-del-dia-dandalusia-a-lhospitalet\\\/#article\",\"isPartOf\":{\"@id\":\"https:\\\/\\\/www.lafargalhospitalet.com\\\/ca\\\/la-farga-el-gran-escenari-del-dia-dandalusia-a-lhospitalet\\\/\"},\"author\":{\"name\":\"La Farga Centre d'Activitats\",\"@id\":\"https:\\\/\\\/www.lafargalhospitalet.com\\\/#\\\/schema\\\/person\\\/6cbac0ef7748506b167ff859e1c7f378\"},\"headline\":\"La Farga, el gran escenari del Dia d&#8217;Andalusia a L&#8217;Hospitalet\",\"datePublished\":\"2016-02-16T13:06:14+00:00\",\"dateModified\":\"2025-11-03T17:29:36+00:00\",\"mainEntityOfPage\":{\"@id\":\"https:\\\/\\\/www.lafargalhospitalet.com\\\/ca\\\/la-farga-el-gran-escenari-del-dia-dandalusia-a-lhospitalet\\\/\"},\"wordCount\":522,\"publisher\":{\"@id\":\"https:\\\/\\\/www.lafargalhospitalet.com\\\/#organization\"},\"image\":{\"@id\":\"https:\\\/\\\/www.lafargalhospitalet.com\\\/ca\\\/la-farga-el-gran-escenari-del-dia-dandalusia-a-lhospitalet\\\/#primaryimage\"},\"thumbnailUrl\":\"https:\\\/\\\/www.lafargalhospitalet.com\\\/wp-content\\\/uploads\\\/2016\\\/02\\\/dia-andalusia-farga-cda-1.jpg\",\"articleSection\":[\"Noticies\"],\"inLanguage\":\"ca\"},{\"@type\":\"WebPage\",\"@id\":\"https:\\\/\\\/www.lafargalhospitalet.com\\\/ca\\\/la-farga-el-gran-escenari-del-dia-dandalusia-a-lhospitalet\\\/\",\"url\":\"https:\\\/\\\/www.lafargalhospitalet.com\\\/ca\\\/la-farga-el-gran-escenari-del-dia-dandalusia-a-lhospitalet\\\/\",\"name\":\"La Farga, el gran escenari del Dia d'Andalusia a L'Hospitalet - La Farga L&#039;Hospitalet Centre d&#039;Activitats. La Farga GEM, S.A.\",\"isPartOf\":{\"@id\":\"https:\\\/\\\/www.lafargalhospitalet.com\\\/#website\"},\"primaryImageOfPage\":{\"@id\":\"https:\\\/\\\/www.lafargalhospitalet.com\\\/ca\\\/la-farga-el-gran-escenari-del-dia-dandalusia-a-lhospitalet\\\/#primaryimage\"},\"image\":{\"@id\":\"https:\\\/\\\/www.lafargalhospitalet.com\\\/ca\\\/la-farga-el-gran-escenari-del-dia-dandalusia-a-lhospitalet\\\/#primaryimage\"},\"thumbnailUrl\":\"https:\\\/\\\/www.lafargalhospitalet.com\\\/wp-content\\\/uploads\\\/2016\\\/02\\\/dia-andalusia-farga-cda-1.jpg\",\"datePublished\":\"2016-02-16T13:06:14+00:00\",\"dateModified\":\"2025-11-03T17:29:36+00:00\",\"description\":\"La Farga Centre d\u2019Activitats torna a ser escenari dels actes principals del Dia d\u2019Andalusia a L\u2019Hospitalet, que enguany arriba a la 29a edici\u00f3.\u00a0\",\"breadcrumb\":{\"@id\":\"https:\\\/\\\/www.lafargalhospitalet.com\\\/ca\\\/la-farga-el-gran-escenari-del-dia-dandalusia-a-lhospitalet\\\/#breadcrumb\"},\"inLanguage\":\"ca\",\"potentialAction\":[{\"@type\":\"ReadAction\",\"target\":[\"https:\\\/\\\/www.lafargalhospitalet.com\\\/ca\\\/la-farga-el-gran-escenari-del-dia-dandalusia-a-lhospitalet\\\/\"]}]},{\"@type\":\"ImageObject\",\"inLanguage\":\"ca\",\"@id\":\"https:\\\/\\\/www.lafargalhospitalet.com\\\/ca\\\/la-farga-el-gran-escenari-del-dia-dandalusia-a-lhospitalet\\\/#primaryimage\",\"url\":\"https:\\\/\\\/www.lafargalhospitalet.com\\\/wp-content\\\/uploads\\\/2016\\\/02\\\/dia-andalusia-farga-cda-1.jpg\",\"contentUrl\":\"https:\\\/\\\/www.lafargalhospitalet.com\\\/wp-content\\\/uploads\\\/2016\\\/02\\\/dia-andalusia-farga-cda-1.jpg\",\"width\":730,\"height\":410},{\"@type\":\"BreadcrumbList\",\"@id\":\"https:\\\/\\\/www.lafargalhospitalet.com\\\/ca\\\/la-farga-el-gran-escenari-del-dia-dandalusia-a-lhospitalet\\\/#breadcrumb\",\"itemListElement\":[{\"@type\":\"ListItem\",\"position\":1,\"name\":\"Portada\",\"item\":\"https:\\\/\\\/www.lafargalhospitalet.com\\\/\"},{\"@type\":\"ListItem\",\"position\":2,\"name\":\"La Farga, el gran escenari del Dia d&#8217;Andalusia a L&#8217;Hospitalet\"}]},{\"@type\":\"WebSite\",\"@id\":\"https:\\\/\\\/www.lafargalhospitalet.com\\\/#website\",\"url\":\"https:\\\/\\\/www.lafargalhospitalet.com\\\/\",\"name\":\"La Farga L'Hospitalet Centre d'Activitats. La Farga GEM, S.A.\",\"description\":\"La Farga L&#039;Hospitalet Centre d&#039;Activitats. Gestionat per La Farga GEM, S.A. Fires i Congressos. Concerts, exposicions, reunions, filmacions, sopars de gala.\",\"publisher\":{\"@id\":\"https:\\\/\\\/www.lafargalhospitalet.com\\\/#organization\"},\"potentialAction\":[{\"@type\":\"SearchAction\",\"target\":{\"@type\":\"EntryPoint\",\"urlTemplate\":\"https:\\\/\\\/www.lafargalhospitalet.com\\\/?s={search_term_string}\"},\"query-input\":{\"@type\":\"PropertyValueSpecification\",\"valueRequired\":true,\"valueName\":\"search_term_string\"}}],\"inLanguage\":\"ca\"},{\"@type\":\"Organization\",\"@id\":\"https:\\\/\\\/www.lafargalhospitalet.com\\\/#organization\",\"name\":\"La Farga L'Hospitalet Centre d'Activitats. La Farga GEM, S.A.\",\"url\":\"https:\\\/\\\/www.lafargalhospitalet.com\\\/\",\"logo\":{\"@type\":\"ImageObject\",\"inLanguage\":\"ca\",\"@id\":\"https:\\\/\\\/www.lafargalhospitalet.com\\\/#\\\/schema\\\/logo\\\/image\\\/\",\"url\":\"https:\\\/\\\/www.lafargalhospitalet.com\\\/wp-content\\\/uploads\\\/2025\\\/10\\\/logotipo_lafarga_centre_activitats.png\",\"contentUrl\":\"https:\\\/\\\/www.lafargalhospitalet.com\\\/wp-content\\\/uploads\\\/2025\\\/10\\\/logotipo_lafarga_centre_activitats.png\",\"width\":266,\"height\":101,\"caption\":\"La Farga L'Hospitalet Centre d'Activitats. La Farga GEM, S.A.\"},\"image\":{\"@id\":\"https:\\\/\\\/www.lafargalhospitalet.com\\\/#\\\/schema\\\/logo\\\/image\\\/\"},\"sameAs\":[\"https:\\\/\\\/www.facebook.com\\\/fargahospitalet\\\/\",\"https:\\\/\\\/x.com\\\/fargahospitalet\",\"https:\\\/\\\/www.instagram.com\\\/lafargahospitalet\\\/\",\"https:\\\/\\\/www.youtube.com\\\/channel\\\/UCoLt6hen3PqGXgbLMGI3Qdw\",\"https:\\\/\\\/www.flickr.com\\\/photos\\\/lafargagemsa\\\/albums\"]},{\"@type\":\"Person\",\"@id\":\"https:\\\/\\\/www.lafargalhospitalet.com\\\/#\\\/schema\\\/person\\\/6cbac0ef7748506b167ff859e1c7f378\",\"name\":\"La Farga Centre d'Activitats\",\"sameAs\":[\"https:\\\/\\\/www.lafargalhospitalet.com\"],\"url\":\"https:\\\/\\\/www.lafargalhospitalet.com\\\/ca\\\/author\\\/far25gmin\\\/\"}]}<\/script>\n<!-- \/ Yoast SEO plugin. -->","yoast_head_json":{"title":"La Farga, el gran escenari del Dia d'Andalusia a L'Hospitalet - La Farga L&#039;Hospitalet Centre d&#039;Activitats. La Farga GEM, S.A.","description":"La Farga Centre d\u2019Activitats torna a ser escenari dels actes principals del Dia d\u2019Andalusia a L\u2019Hospitalet, que enguany arriba a la 29a edici\u00f3.\u00a0","robots":{"index":"index","follow":"follow","max-snippet":"max-snippet:-1","max-image-preview":"max-image-preview:large","max-video-preview":"max-video-preview:-1"},"canonical":"https:\/\/www.lafargalhospitalet.com\/ca\/la-farga-el-gran-escenari-del-dia-dandalusia-a-lhospitalet\/","og_locale":"ca_ES","og_type":"article","og_title":"La Farga, el gran escenari del Dia d'Andalusia a L'Hospitalet - La Farga L&#039;Hospitalet Centre d&#039;Activitats. La Farga GEM, S.A.","og_description":"La Farga Centre d\u2019Activitats torna a ser escenari dels actes principals del Dia d\u2019Andalusia a L\u2019Hospitalet, que enguany arriba a la 29a edici\u00f3.\u00a0","og_url":"https:\/\/www.lafargalhospitalet.com\/ca\/la-farga-el-gran-escenari-del-dia-dandalusia-a-lhospitalet\/","og_site_name":"La Farga L&#039;Hospitalet Centre d&#039;Activitats. La Farga GEM, S.A.","article_publisher":"https:\/\/www.facebook.com\/fargahospitalet\/","article_published_time":"2016-02-16T13:06:14+00:00","article_modified_time":"2025-11-03T17:29:36+00:00","og_image":[{"width":730,"height":410,"url":"https:\/\/www.lafargalhospitalet.com\/wp-content\/uploads\/2016\/02\/dia-andalusia-farga-cda-1.jpg","type":"image\/jpeg"}],"author":"La Farga Centre d'Activitats","twitter_card":"summary_large_image","twitter_creator":"@fargahospitalet","twitter_site":"@fargahospitalet","twitter_misc":{"Escrit per":"La Farga Centre d'Activitats","Temps estimat de lectura":"3 minuts"},"schema":{"@context":"https:\/\/schema.org","@graph":[{"@type":"Article","@id":"https:\/\/www.lafargalhospitalet.com\/ca\/la-farga-el-gran-escenari-del-dia-dandalusia-a-lhospitalet\/#article","isPartOf":{"@id":"https:\/\/www.lafargalhospitalet.com\/ca\/la-farga-el-gran-escenari-del-dia-dandalusia-a-lhospitalet\/"},"author":{"name":"La Farga Centre d'Activitats","@id":"https:\/\/www.lafargalhospitalet.com\/#\/schema\/person\/6cbac0ef7748506b167ff859e1c7f378"},"headline":"La Farga, el gran escenari del Dia d&#8217;Andalusia a L&#8217;Hospitalet","datePublished":"2016-02-16T13:06:14+00:00","dateModified":"2025-11-03T17:29:36+00:00","mainEntityOfPage":{"@id":"https:\/\/www.lafargalhospitalet.com\/ca\/la-farga-el-gran-escenari-del-dia-dandalusia-a-lhospitalet\/"},"wordCount":522,"publisher":{"@id":"https:\/\/www.lafargalhospitalet.com\/#organization"},"image":{"@id":"https:\/\/www.lafargalhospitalet.com\/ca\/la-farga-el-gran-escenari-del-dia-dandalusia-a-lhospitalet\/#primaryimage"},"thumbnailUrl":"https:\/\/www.lafargalhospitalet.com\/wp-content\/uploads\/2016\/02\/dia-andalusia-farga-cda-1.jpg","articleSection":["Noticies"],"inLanguage":"ca"},{"@type":"WebPage","@id":"https:\/\/www.lafargalhospitalet.com\/ca\/la-farga-el-gran-escenari-del-dia-dandalusia-a-lhospitalet\/","url":"https:\/\/www.lafargalhospitalet.com\/ca\/la-farga-el-gran-escenari-del-dia-dandalusia-a-lhospitalet\/","name":"La Farga, el gran escenari del Dia d'Andalusia a L'Hospitalet - La Farga L&#039;Hospitalet Centre d&#039;Activitats. La Farga GEM, S.A.","isPartOf":{"@id":"https:\/\/www.lafargalhospitalet.com\/#website"},"primaryImageOfPage":{"@id":"https:\/\/www.lafargalhospitalet.com\/ca\/la-farga-el-gran-escenari-del-dia-dandalusia-a-lhospitalet\/#primaryimage"},"image":{"@id":"https:\/\/www.lafargalhospitalet.com\/ca\/la-farga-el-gran-escenari-del-dia-dandalusia-a-lhospitalet\/#primaryimage"},"thumbnailUrl":"https:\/\/www.lafargalhospitalet.com\/wp-content\/uploads\/2016\/02\/dia-andalusia-farga-cda-1.jpg","datePublished":"2016-02-16T13:06:14+00:00","dateModified":"2025-11-03T17:29:36+00:00","description":"La Farga Centre d\u2019Activitats torna a ser escenari dels actes principals del Dia d\u2019Andalusia a L\u2019Hospitalet, que enguany arriba a la 29a edici\u00f3.\u00a0","breadcrumb":{"@id":"https:\/\/www.lafargalhospitalet.com\/ca\/la-farga-el-gran-escenari-del-dia-dandalusia-a-lhospitalet\/#breadcrumb"},"inLanguage":"ca","potentialAction":[{"@type":"ReadAction","target":["https:\/\/www.lafargalhospitalet.com\/ca\/la-farga-el-gran-escenari-del-dia-dandalusia-a-lhospitalet\/"]}]},{"@type":"ImageObject","inLanguage":"ca","@id":"https:\/\/www.lafargalhospitalet.com\/ca\/la-farga-el-gran-escenari-del-dia-dandalusia-a-lhospitalet\/#primaryimage","url":"https:\/\/www.lafargalhospitalet.com\/wp-content\/uploads\/2016\/02\/dia-andalusia-farga-cda-1.jpg","contentUrl":"https:\/\/www.lafargalhospitalet.com\/wp-content\/uploads\/2016\/02\/dia-andalusia-farga-cda-1.jpg","width":730,"height":410},{"@type":"BreadcrumbList","@id":"https:\/\/www.lafargalhospitalet.com\/ca\/la-farga-el-gran-escenari-del-dia-dandalusia-a-lhospitalet\/#breadcrumb","itemListElement":[{"@type":"ListItem","position":1,"name":"Portada","item":"https:\/\/www.lafargalhospitalet.com\/"},{"@type":"ListItem","position":2,"name":"La Farga, el gran escenari del Dia d&#8217;Andalusia a L&#8217;Hospitalet"}]},{"@type":"WebSite","@id":"https:\/\/www.lafargalhospitalet.com\/#website","url":"https:\/\/www.lafargalhospitalet.com\/","name":"La Farga L'Hospitalet Centre d'Activitats. La Farga GEM, S.A.","description":"La Farga L&#039;Hospitalet Centre d&#039;Activitats. Gestionat per La Farga GEM, S.A. Fires i Congressos. Concerts, exposicions, reunions, filmacions, sopars de gala.","publisher":{"@id":"https:\/\/www.lafargalhospitalet.com\/#organization"},"potentialAction":[{"@type":"SearchAction","target":{"@type":"EntryPoint","urlTemplate":"https:\/\/www.lafargalhospitalet.com\/?s={search_term_string}"},"query-input":{"@type":"PropertyValueSpecification","valueRequired":true,"valueName":"search_term_string"}}],"inLanguage":"ca"},{"@type":"Organization","@id":"https:\/\/www.lafargalhospitalet.com\/#organization","name":"La Farga L'Hospitalet Centre d'Activitats. La Farga GEM, S.A.","url":"https:\/\/www.lafargalhospitalet.com\/","logo":{"@type":"ImageObject","inLanguage":"ca","@id":"https:\/\/www.lafargalhospitalet.com\/#\/schema\/logo\/image\/","url":"https:\/\/www.lafargalhospitalet.com\/wp-content\/uploads\/2025\/10\/logotipo_lafarga_centre_activitats.png","contentUrl":"https:\/\/www.lafargalhospitalet.com\/wp-content\/uploads\/2025\/10\/logotipo_lafarga_centre_activitats.png","width":266,"height":101,"caption":"La Farga L'Hospitalet Centre d'Activitats. La Farga GEM, S.A."},"image":{"@id":"https:\/\/www.lafargalhospitalet.com\/#\/schema\/logo\/image\/"},"sameAs":["https:\/\/www.facebook.com\/fargahospitalet\/","https:\/\/x.com\/fargahospitalet","https:\/\/www.instagram.com\/lafargahospitalet\/","https:\/\/www.youtube.com\/channel\/UCoLt6hen3PqGXgbLMGI3Qdw","https:\/\/www.flickr.com\/photos\/lafargagemsa\/albums"]},{"@type":"Person","@id":"https:\/\/www.lafargalhospitalet.com\/#\/schema\/person\/6cbac0ef7748506b167ff859e1c7f378","name":"La Farga Centre d'Activitats","sameAs":["https:\/\/www.lafargalhospitalet.com"],"url":"https:\/\/www.lafargalhospitalet.com\/ca\/author\/far25gmin\/"}]}},"_links":{"self":[{"href":"https:\/\/www.lafargalhospitalet.com\/ca\/wp-json\/wp\/v2\/posts\/2629","targetHints":{"allow":["GET"]}}],"collection":[{"href":"https:\/\/www.lafargalhospitalet.com\/ca\/wp-json\/wp\/v2\/posts"}],"about":[{"href":"https:\/\/www.lafargalhospitalet.com\/ca\/wp-json\/wp\/v2\/types\/post"}],"author":[{"embeddable":true,"href":"https:\/\/www.lafargalhospitalet.com\/ca\/wp-json\/wp\/v2\/users\/1"}],"replies":[{"embeddable":true,"href":"https:\/\/www.lafargalhospitalet.com\/ca\/wp-json\/wp\/v2\/comments?post=2629"}],"version-history":[{"count":0,"href":"https:\/\/www.lafargalhospitalet.com\/ca\/wp-json\/wp\/v2\/posts\/2629\/revisions"}],"wp:featuredmedia":[{"embeddable":true,"href":"https:\/\/www.lafargalhospitalet.com\/ca\/wp-json\/wp\/v2\/media\/2630"}],"wp:attachment":[{"href":"https:\/\/www.lafargalhospitalet.com\/ca\/wp-json\/wp\/v2\/media?parent=2629"}],"wp:term":[{"taxonomy":"category","embeddable":true,"href":"https:\/\/www.lafargalhospitalet.com\/ca\/wp-json\/wp\/v2\/categories?post=2629"},{"taxonomy":"post_tag","embeddable":true,"href":"https:\/\/www.lafargalhospitalet.com\/ca\/wp-json\/wp\/v2\/tags?post=2629"}],"curies":[{"name":"wp","href":"https:\/\/api.w.org\/{rel}","templated":true}]}}