{"id":3152,"date":"2016-02-25T11:06:45","date_gmt":"2016-02-25T10:06:45","guid":{"rendered":"http:\/\/www.lafargalhospitalet.com\/?p=3152"},"modified":"2025-11-03T18:29:36","modified_gmt":"2025-11-03T17:29:36","slug":"tres-concerts-luxe-festes-primavera","status":"publish","type":"post","link":"https:\/\/www.lafargalhospitalet.com\/ca\/tres-concerts-luxe-festes-primavera\/","title":{"rendered":"Tres concerts de luxe per Festes de Primavera"},"content":{"rendered":"<p>La Farga de L\u2019Hospitalet tornar\u00e0 a ser l\u2019escenari dels grans concerts de les Festes de Primavera de la ciutat amb la pres\u00e8ncia\u00a0del millor pop i rock fet a Espanya.<\/p>\n<p>Les propostes cobreixen un ampli espectre en aquest terreny amb les actuacions d\u2019<a href=\"http:\/\/www.hombresg.net\/\" target=\"_blank\">Hombres G<\/a>,\u00a0<a href=\"http:\/\/www.loquillo.com\/\" target=\"_blank\">Loquillo<\/a>, <a href=\"http:\/\/www.lossuavesweb.com\/la-musica-termina\/inicio_1.php\" target=\"_blank\">Los Suaves<\/a>, <a href=\"https:\/\/www.facebook.com\/BoniRocanrol\/\" target=\"_blank\">Boni<\/a> de Barricada i l\u2019hospitalenc <a href=\"http:\/\/www.antonioorozco.com\/\" target=\"_blank\">Antonio Orozco<\/a>.<\/p>\n<p><strong>Divendres 22 abril (21.30h)<\/strong><br \/>\n<strong>HOMBRES G \u2013 Grandes \u00e9xitos<\/strong><br \/>\nDavid Summers i els seus celebren 30 anys d\u2019\u00e8xits amb una gira antol\u00f2gica que recupera tots aquests hits inesborrables que els han convertit en aut\u00e8ntics cl\u00e0ssics del pop espanyol. Una cita ineludible amb una de les p\u00e0gines m\u00e9s divertides, cantables i ballables de la nostra hist\u00f2ria musical.<\/p>\n<p><strong>Dissabte 23 abril (20h)<\/strong><br \/>\n<strong>OTRA NOCHE SIN DORMIR PARTE 2: LOQUILLO + LOS SUAVES + BONI (BARRICADA)<\/strong><br \/>\nLa primera part, que va tenir lloc el 2008 amb Rosendo, Barricada i Aurora Beltr\u00e1n, va suposar un \u00e8xit aclaparador. Ara, vuit anys despr\u00e9s, tot apunta que Otra noche sin dormir parte 2 repetir\u00e0 la gran acollida de la seva predecessora. Raons no li falten: Loquillo presentar\u00e0 nou disc a L\u2019Hospitalet, Los Suaves protagonitzaran un dels \u00faltims concerts de la seva anunciada gira de comiat definitiu i Boni, guitarrista i compositor de Barricada, estrenar\u00e0 la seva proposta en solitari. En resum, concert triple amb novetats i grans emocions rockeres per a la nit de dissabte.<\/p>\n<p><strong>Diumenge 24 abril (19h)<\/strong><br \/>\n<strong>ANTONIO OROZCO<\/strong><br \/>\nL\u2019hospitalenc Antonio Orozco necessita poques presentacions i menys a la seva ciutat. Orozco ha demostrat amb talent i tenacitat que es pot arribar molt lluny des d\u2019uns or\u00edgens humils. Grans temes com Devu\u00e9lveme la vida, Qu\u00e9 me queda o Rarezas certifiquen la v\u00e0lua d\u2019un artista \u00fanic, la carrera del qual segueix donant fruits sucosos com el recent Destino (2015).<\/p>\n<p>Les entrades es poden adquirir a partir d\u2019avui on line a trav\u00e9s d\u2019El Peri\u00f3dico: <a href=\"http:\/\/entrades.elperiodico.cat\/\" target=\"_blank\">entrades.elperiodico.cat<\/a><\/p>\n","protected":false},"excerpt":{"rendered":"<p>La Farga de L\u2019Hospitalet tornar\u00e0 a ser l\u2019escenari dels grans concerts de les Festes de Primavera de la ciutat amb la pres\u00e8ncia del millor pop i rock fet a Espanya.<\/p>\n","protected":false},"author":1,"featured_media":3153,"comment_status":"closed","ping_status":"closed","sticky":false,"template":"","format":"standard","meta":{"_monsterinsights_skip_tracking":false,"_monsterinsights_sitenote_active":false,"_monsterinsights_sitenote_note":"","_monsterinsights_sitenote_category":0,"footnotes":""},"categories":[83],"tags":[],"class_list":["post-3152","post","type-post","status-publish","format-standard","has-post-thumbnail","hentry","category-noticies"],"yoast_head":"<!-- This site is optimized with the Yoast SEO plugin v27.5 - https:\/\/yoast.com\/product\/yoast-seo-wordpress\/ -->\n<title>Tres concerts de luxe per Festes de Primavera - La Farga L&#039;Hospitalet Centre d&#039;Activitats. La Farga GEM, S.A.<\/title>\n<meta name=\"robots\" content=\"index, follow, max-snippet:-1, max-image-preview:large, max-video-preview:-1\" \/>\n<link rel=\"canonical\" href=\"https:\/\/www.lafargalhospitalet.com\/ca\/tres-concerts-luxe-festes-primavera\/\" \/>\n<meta property=\"og:locale\" content=\"ca_ES\" \/>\n<meta property=\"og:type\" content=\"article\" \/>\n<meta property=\"og:title\" content=\"Tres concerts de luxe per Festes de Primavera - La Farga L&#039;Hospitalet Centre d&#039;Activitats. La Farga GEM, S.A.\" \/>\n<meta property=\"og:description\" content=\"La Farga de L\u2019Hospitalet tornar\u00e0 a ser l\u2019escenari dels grans concerts de les Festes de Primavera de la ciutat amb la pres\u00e8ncia del millor pop i rock fet a Espanya.\" \/>\n<meta property=\"og:url\" content=\"https:\/\/www.lafargalhospitalet.com\/ca\/tres-concerts-luxe-festes-primavera\/\" \/>\n<meta property=\"og:site_name\" content=\"La Farga L&#039;Hospitalet Centre d&#039;Activitats. La Farga GEM, S.A.\" \/>\n<meta property=\"article:publisher\" content=\"https:\/\/www.facebook.com\/fargahospitalet\/\" \/>\n<meta property=\"article:published_time\" content=\"2016-02-25T10:06:45+00:00\" \/>\n<meta property=\"article:modified_time\" content=\"2025-11-03T17:29:36+00:00\" \/>\n<meta property=\"og:image\" content=\"https:\/\/www.lafargalhospitalet.com\/wp-content\/uploads\/2016\/04\/concerts-festes-farga.jpg\" \/>\n\t<meta property=\"og:image:width\" content=\"730\" \/>\n\t<meta property=\"og:image:height\" content=\"410\" \/>\n\t<meta property=\"og:image:type\" content=\"image\/jpeg\" \/>\n<meta name=\"author\" content=\"La Farga Centre d&#039;Activitats\" \/>\n<meta name=\"twitter:card\" content=\"summary_large_image\" \/>\n<meta name=\"twitter:creator\" content=\"@fargahospitalet\" \/>\n<meta name=\"twitter:site\" content=\"@fargahospitalet\" \/>\n<meta name=\"twitter:label1\" content=\"Escrit per\" \/>\n\t<meta name=\"twitter:data1\" content=\"La Farga Centre d&#039;Activitats\" \/>\n\t<meta name=\"twitter:label2\" content=\"Temps estimat de lectura\" \/>\n\t<meta name=\"twitter:data2\" content=\"2 minuts\" \/>\n<script type=\"application\/ld+json\" class=\"yoast-schema-graph\">{\"@context\":\"https:\\\/\\\/schema.org\",\"@graph\":[{\"@type\":\"Article\",\"@id\":\"https:\\\/\\\/www.lafargalhospitalet.com\\\/ca\\\/tres-concerts-luxe-festes-primavera\\\/#article\",\"isPartOf\":{\"@id\":\"https:\\\/\\\/www.lafargalhospitalet.com\\\/ca\\\/tres-concerts-luxe-festes-primavera\\\/\"},\"author\":{\"name\":\"La Farga Centre d'Activitats\",\"@id\":\"https:\\\/\\\/www.lafargalhospitalet.com\\\/#\\\/schema\\\/person\\\/6cbac0ef7748506b167ff859e1c7f378\"},\"headline\":\"Tres concerts de luxe per Festes de Primavera\",\"datePublished\":\"2016-02-25T10:06:45+00:00\",\"dateModified\":\"2025-11-03T17:29:36+00:00\",\"mainEntityOfPage\":{\"@id\":\"https:\\\/\\\/www.lafargalhospitalet.com\\\/ca\\\/tres-concerts-luxe-festes-primavera\\\/\"},\"wordCount\":326,\"publisher\":{\"@id\":\"https:\\\/\\\/www.lafargalhospitalet.com\\\/#organization\"},\"image\":{\"@id\":\"https:\\\/\\\/www.lafargalhospitalet.com\\\/ca\\\/tres-concerts-luxe-festes-primavera\\\/#primaryimage\"},\"thumbnailUrl\":\"https:\\\/\\\/www.lafargalhospitalet.com\\\/wp-content\\\/uploads\\\/2016\\\/04\\\/concerts-festes-farga.jpg\",\"articleSection\":[\"Noticies\"],\"inLanguage\":\"ca\"},{\"@type\":\"WebPage\",\"@id\":\"https:\\\/\\\/www.lafargalhospitalet.com\\\/ca\\\/tres-concerts-luxe-festes-primavera\\\/\",\"url\":\"https:\\\/\\\/www.lafargalhospitalet.com\\\/ca\\\/tres-concerts-luxe-festes-primavera\\\/\",\"name\":\"Tres concerts de luxe per Festes de Primavera - La Farga L&#039;Hospitalet Centre d&#039;Activitats. La Farga GEM, S.A.\",\"isPartOf\":{\"@id\":\"https:\\\/\\\/www.lafargalhospitalet.com\\\/#website\"},\"primaryImageOfPage\":{\"@id\":\"https:\\\/\\\/www.lafargalhospitalet.com\\\/ca\\\/tres-concerts-luxe-festes-primavera\\\/#primaryimage\"},\"image\":{\"@id\":\"https:\\\/\\\/www.lafargalhospitalet.com\\\/ca\\\/tres-concerts-luxe-festes-primavera\\\/#primaryimage\"},\"thumbnailUrl\":\"https:\\\/\\\/www.lafargalhospitalet.com\\\/wp-content\\\/uploads\\\/2016\\\/04\\\/concerts-festes-farga.jpg\",\"datePublished\":\"2016-02-25T10:06:45+00:00\",\"dateModified\":\"2025-11-03T17:29:36+00:00\",\"breadcrumb\":{\"@id\":\"https:\\\/\\\/www.lafargalhospitalet.com\\\/ca\\\/tres-concerts-luxe-festes-primavera\\\/#breadcrumb\"},\"inLanguage\":\"ca\",\"potentialAction\":[{\"@type\":\"ReadAction\",\"target\":[\"https:\\\/\\\/www.lafargalhospitalet.com\\\/ca\\\/tres-concerts-luxe-festes-primavera\\\/\"]}]},{\"@type\":\"ImageObject\",\"inLanguage\":\"ca\",\"@id\":\"https:\\\/\\\/www.lafargalhospitalet.com\\\/ca\\\/tres-concerts-luxe-festes-primavera\\\/#primaryimage\",\"url\":\"https:\\\/\\\/www.lafargalhospitalet.com\\\/wp-content\\\/uploads\\\/2016\\\/04\\\/concerts-festes-farga.jpg\",\"contentUrl\":\"https:\\\/\\\/www.lafargalhospitalet.com\\\/wp-content\\\/uploads\\\/2016\\\/04\\\/concerts-festes-farga.jpg\",\"width\":730,\"height\":410},{\"@type\":\"BreadcrumbList\",\"@id\":\"https:\\\/\\\/www.lafargalhospitalet.com\\\/ca\\\/tres-concerts-luxe-festes-primavera\\\/#breadcrumb\",\"itemListElement\":[{\"@type\":\"ListItem\",\"position\":1,\"name\":\"Portada\",\"item\":\"https:\\\/\\\/www.lafargalhospitalet.com\\\/\"},{\"@type\":\"ListItem\",\"position\":2,\"name\":\"Tres concerts de luxe per Festes de Primavera\"}]},{\"@type\":\"WebSite\",\"@id\":\"https:\\\/\\\/www.lafargalhospitalet.com\\\/#website\",\"url\":\"https:\\\/\\\/www.lafargalhospitalet.com\\\/\",\"name\":\"La Farga L'Hospitalet Centre d'Activitats. La Farga GEM, S.A.\",\"description\":\"La Farga L&#039;Hospitalet Centre d&#039;Activitats. Gestionat per La Farga GEM, S.A. Fires i Congressos. Concerts, exposicions, reunions, filmacions, sopars de gala.\",\"publisher\":{\"@id\":\"https:\\\/\\\/www.lafargalhospitalet.com\\\/#organization\"},\"potentialAction\":[{\"@type\":\"SearchAction\",\"target\":{\"@type\":\"EntryPoint\",\"urlTemplate\":\"https:\\\/\\\/www.lafargalhospitalet.com\\\/?s={search_term_string}\"},\"query-input\":{\"@type\":\"PropertyValueSpecification\",\"valueRequired\":true,\"valueName\":\"search_term_string\"}}],\"inLanguage\":\"ca\"},{\"@type\":\"Organization\",\"@id\":\"https:\\\/\\\/www.lafargalhospitalet.com\\\/#organization\",\"name\":\"La Farga L'Hospitalet Centre d'Activitats. La Farga GEM, S.A.\",\"url\":\"https:\\\/\\\/www.lafargalhospitalet.com\\\/\",\"logo\":{\"@type\":\"ImageObject\",\"inLanguage\":\"ca\",\"@id\":\"https:\\\/\\\/www.lafargalhospitalet.com\\\/#\\\/schema\\\/logo\\\/image\\\/\",\"url\":\"https:\\\/\\\/www.lafargalhospitalet.com\\\/wp-content\\\/uploads\\\/2025\\\/10\\\/logotipo_lafarga_centre_activitats.png\",\"contentUrl\":\"https:\\\/\\\/www.lafargalhospitalet.com\\\/wp-content\\\/uploads\\\/2025\\\/10\\\/logotipo_lafarga_centre_activitats.png\",\"width\":266,\"height\":101,\"caption\":\"La Farga L'Hospitalet Centre d'Activitats. La Farga GEM, S.A.\"},\"image\":{\"@id\":\"https:\\\/\\\/www.lafargalhospitalet.com\\\/#\\\/schema\\\/logo\\\/image\\\/\"},\"sameAs\":[\"https:\\\/\\\/www.facebook.com\\\/fargahospitalet\\\/\",\"https:\\\/\\\/x.com\\\/fargahospitalet\",\"https:\\\/\\\/www.instagram.com\\\/lafargahospitalet\\\/\",\"https:\\\/\\\/www.youtube.com\\\/channel\\\/UCoLt6hen3PqGXgbLMGI3Qdw\",\"https:\\\/\\\/www.flickr.com\\\/photos\\\/lafargagemsa\\\/albums\"]},{\"@type\":\"Person\",\"@id\":\"https:\\\/\\\/www.lafargalhospitalet.com\\\/#\\\/schema\\\/person\\\/6cbac0ef7748506b167ff859e1c7f378\",\"name\":\"La Farga Centre d'Activitats\",\"sameAs\":[\"https:\\\/\\\/www.lafargalhospitalet.com\"],\"url\":\"https:\\\/\\\/www.lafargalhospitalet.com\\\/ca\\\/author\\\/far25gmin\\\/\"}]}<\/script>\n<!-- \/ Yoast SEO plugin. -->","yoast_head_json":{"title":"Tres concerts de luxe per Festes de Primavera - La Farga L&#039;Hospitalet Centre d&#039;Activitats. La Farga GEM, S.A.","robots":{"index":"index","follow":"follow","max-snippet":"max-snippet:-1","max-image-preview":"max-image-preview:large","max-video-preview":"max-video-preview:-1"},"canonical":"https:\/\/www.lafargalhospitalet.com\/ca\/tres-concerts-luxe-festes-primavera\/","og_locale":"ca_ES","og_type":"article","og_title":"Tres concerts de luxe per Festes de Primavera - La Farga L&#039;Hospitalet Centre d&#039;Activitats. La Farga GEM, S.A.","og_description":"La Farga de L\u2019Hospitalet tornar\u00e0 a ser l\u2019escenari dels grans concerts de les Festes de Primavera de la ciutat amb la pres\u00e8ncia del millor pop i rock fet a Espanya.","og_url":"https:\/\/www.lafargalhospitalet.com\/ca\/tres-concerts-luxe-festes-primavera\/","og_site_name":"La Farga L&#039;Hospitalet Centre d&#039;Activitats. La Farga GEM, S.A.","article_publisher":"https:\/\/www.facebook.com\/fargahospitalet\/","article_published_time":"2016-02-25T10:06:45+00:00","article_modified_time":"2025-11-03T17:29:36+00:00","og_image":[{"width":730,"height":410,"url":"https:\/\/www.lafargalhospitalet.com\/wp-content\/uploads\/2016\/04\/concerts-festes-farga.jpg","type":"image\/jpeg"}],"author":"La Farga Centre d'Activitats","twitter_card":"summary_large_image","twitter_creator":"@fargahospitalet","twitter_site":"@fargahospitalet","twitter_misc":{"Escrit per":"La Farga Centre d'Activitats","Temps estimat de lectura":"2 minuts"},"schema":{"@context":"https:\/\/schema.org","@graph":[{"@type":"Article","@id":"https:\/\/www.lafargalhospitalet.com\/ca\/tres-concerts-luxe-festes-primavera\/#article","isPartOf":{"@id":"https:\/\/www.lafargalhospitalet.com\/ca\/tres-concerts-luxe-festes-primavera\/"},"author":{"name":"La Farga Centre d'Activitats","@id":"https:\/\/www.lafargalhospitalet.com\/#\/schema\/person\/6cbac0ef7748506b167ff859e1c7f378"},"headline":"Tres concerts de luxe per Festes de Primavera","datePublished":"2016-02-25T10:06:45+00:00","dateModified":"2025-11-03T17:29:36+00:00","mainEntityOfPage":{"@id":"https:\/\/www.lafargalhospitalet.com\/ca\/tres-concerts-luxe-festes-primavera\/"},"wordCount":326,"publisher":{"@id":"https:\/\/www.lafargalhospitalet.com\/#organization"},"image":{"@id":"https:\/\/www.lafargalhospitalet.com\/ca\/tres-concerts-luxe-festes-primavera\/#primaryimage"},"thumbnailUrl":"https:\/\/www.lafargalhospitalet.com\/wp-content\/uploads\/2016\/04\/concerts-festes-farga.jpg","articleSection":["Noticies"],"inLanguage":"ca"},{"@type":"WebPage","@id":"https:\/\/www.lafargalhospitalet.com\/ca\/tres-concerts-luxe-festes-primavera\/","url":"https:\/\/www.lafargalhospitalet.com\/ca\/tres-concerts-luxe-festes-primavera\/","name":"Tres concerts de luxe per Festes de Primavera - La Farga L&#039;Hospitalet Centre d&#039;Activitats. La Farga GEM, S.A.","isPartOf":{"@id":"https:\/\/www.lafargalhospitalet.com\/#website"},"primaryImageOfPage":{"@id":"https:\/\/www.lafargalhospitalet.com\/ca\/tres-concerts-luxe-festes-primavera\/#primaryimage"},"image":{"@id":"https:\/\/www.lafargalhospitalet.com\/ca\/tres-concerts-luxe-festes-primavera\/#primaryimage"},"thumbnailUrl":"https:\/\/www.lafargalhospitalet.com\/wp-content\/uploads\/2016\/04\/concerts-festes-farga.jpg","datePublished":"2016-02-25T10:06:45+00:00","dateModified":"2025-11-03T17:29:36+00:00","breadcrumb":{"@id":"https:\/\/www.lafargalhospitalet.com\/ca\/tres-concerts-luxe-festes-primavera\/#breadcrumb"},"inLanguage":"ca","potentialAction":[{"@type":"ReadAction","target":["https:\/\/www.lafargalhospitalet.com\/ca\/tres-concerts-luxe-festes-primavera\/"]}]},{"@type":"ImageObject","inLanguage":"ca","@id":"https:\/\/www.lafargalhospitalet.com\/ca\/tres-concerts-luxe-festes-primavera\/#primaryimage","url":"https:\/\/www.lafargalhospitalet.com\/wp-content\/uploads\/2016\/04\/concerts-festes-farga.jpg","contentUrl":"https:\/\/www.lafargalhospitalet.com\/wp-content\/uploads\/2016\/04\/concerts-festes-farga.jpg","width":730,"height":410},{"@type":"BreadcrumbList","@id":"https:\/\/www.lafargalhospitalet.com\/ca\/tres-concerts-luxe-festes-primavera\/#breadcrumb","itemListElement":[{"@type":"ListItem","position":1,"name":"Portada","item":"https:\/\/www.lafargalhospitalet.com\/"},{"@type":"ListItem","position":2,"name":"Tres concerts de luxe per Festes de Primavera"}]},{"@type":"WebSite","@id":"https:\/\/www.lafargalhospitalet.com\/#website","url":"https:\/\/www.lafargalhospitalet.com\/","name":"La Farga L'Hospitalet Centre d'Activitats. La Farga GEM, S.A.","description":"La Farga L&#039;Hospitalet Centre d&#039;Activitats. Gestionat per La Farga GEM, S.A. Fires i Congressos. Concerts, exposicions, reunions, filmacions, sopars de gala.","publisher":{"@id":"https:\/\/www.lafargalhospitalet.com\/#organization"},"potentialAction":[{"@type":"SearchAction","target":{"@type":"EntryPoint","urlTemplate":"https:\/\/www.lafargalhospitalet.com\/?s={search_term_string}"},"query-input":{"@type":"PropertyValueSpecification","valueRequired":true,"valueName":"search_term_string"}}],"inLanguage":"ca"},{"@type":"Organization","@id":"https:\/\/www.lafargalhospitalet.com\/#organization","name":"La Farga L'Hospitalet Centre d'Activitats. La Farga GEM, S.A.","url":"https:\/\/www.lafargalhospitalet.com\/","logo":{"@type":"ImageObject","inLanguage":"ca","@id":"https:\/\/www.lafargalhospitalet.com\/#\/schema\/logo\/image\/","url":"https:\/\/www.lafargalhospitalet.com\/wp-content\/uploads\/2025\/10\/logotipo_lafarga_centre_activitats.png","contentUrl":"https:\/\/www.lafargalhospitalet.com\/wp-content\/uploads\/2025\/10\/logotipo_lafarga_centre_activitats.png","width":266,"height":101,"caption":"La Farga L'Hospitalet Centre d'Activitats. La Farga GEM, S.A."},"image":{"@id":"https:\/\/www.lafargalhospitalet.com\/#\/schema\/logo\/image\/"},"sameAs":["https:\/\/www.facebook.com\/fargahospitalet\/","https:\/\/x.com\/fargahospitalet","https:\/\/www.instagram.com\/lafargahospitalet\/","https:\/\/www.youtube.com\/channel\/UCoLt6hen3PqGXgbLMGI3Qdw","https:\/\/www.flickr.com\/photos\/lafargagemsa\/albums"]},{"@type":"Person","@id":"https:\/\/www.lafargalhospitalet.com\/#\/schema\/person\/6cbac0ef7748506b167ff859e1c7f378","name":"La Farga Centre d'Activitats","sameAs":["https:\/\/www.lafargalhospitalet.com"],"url":"https:\/\/www.lafargalhospitalet.com\/ca\/author\/far25gmin\/"}]}},"_links":{"self":[{"href":"https:\/\/www.lafargalhospitalet.com\/ca\/wp-json\/wp\/v2\/posts\/3152","targetHints":{"allow":["GET"]}}],"collection":[{"href":"https:\/\/www.lafargalhospitalet.com\/ca\/wp-json\/wp\/v2\/posts"}],"about":[{"href":"https:\/\/www.lafargalhospitalet.com\/ca\/wp-json\/wp\/v2\/types\/post"}],"author":[{"embeddable":true,"href":"https:\/\/www.lafargalhospitalet.com\/ca\/wp-json\/wp\/v2\/users\/1"}],"replies":[{"embeddable":true,"href":"https:\/\/www.lafargalhospitalet.com\/ca\/wp-json\/wp\/v2\/comments?post=3152"}],"version-history":[{"count":0,"href":"https:\/\/www.lafargalhospitalet.com\/ca\/wp-json\/wp\/v2\/posts\/3152\/revisions"}],"wp:featuredmedia":[{"embeddable":true,"href":"https:\/\/www.lafargalhospitalet.com\/ca\/wp-json\/wp\/v2\/media\/3153"}],"wp:attachment":[{"href":"https:\/\/www.lafargalhospitalet.com\/ca\/wp-json\/wp\/v2\/media?parent=3152"}],"wp:term":[{"taxonomy":"category","embeddable":true,"href":"https:\/\/www.lafargalhospitalet.com\/ca\/wp-json\/wp\/v2\/categories?post=3152"},{"taxonomy":"post_tag","embeddable":true,"href":"https:\/\/www.lafargalhospitalet.com\/ca\/wp-json\/wp\/v2\/tags?post=3152"}],"curies":[{"name":"wp","href":"https:\/\/api.w.org\/{rel}","templated":true}]}}