{"id":3326,"date":"2016-04-12T08:22:53","date_gmt":"2016-04-12T07:22:53","guid":{"rendered":"http:\/\/www.lafargalhospitalet.com\/?p=3326"},"modified":"2025-11-03T18:29:25","modified_gmt":"2025-11-03T17:29:25","slug":"concert-de-lorquestra-selvatana-a-la-sala-polivalent","status":"publish","type":"post","link":"https:\/\/www.lafargalhospitalet.com\/ca\/concert-de-lorquestra-selvatana-a-la-sala-polivalent\/","title":{"rendered":"Concert de l&#8217;Orquestra Selvatana, a la Sala Polivalent"},"content":{"rendered":"<p>La Sala Polivalent de La Farga Congress ser\u00e0 l\u2019escenari, aquest diumenge 17 d\u2019abril (18h), del concert de l\u2019<a href=\"http:\/\/www.selvatana.com\/\" target=\"_blank\">Orquestra Selvatana<\/a>, que servir\u00e0 per cloure els actes de commemoraci\u00f3 del 50\u00e8 aniversari del nomenament de L\u2019Hospitalet, Ciutat Pubilla de la Sardana.<\/p>\n<p>Amb aquest concert per a cobla i veus de la Selvatana, la Coordinadora Sardanista de L\u2019Hospitalet, organitzadora dels actes, posa el punt final a aquesta celebraci\u00f3 de noces d\u2019or.<\/p>\n<p>La prestigiosa Orquestra Selvatana, oferir\u00e0 davant unes 500 persones, una gran festa d\u2019audici\u00f3 de sardanes, sardanes cantades i m\u00fasica per a cobla.<\/p>\n<p><a href=\"http:\/\/sardanista.cat\/fed\/programes\/2016-04-17%20-%20Concert%20-%20Hospitalet.pdf\" target=\"_blank\">Programa del concert de l&#8217;Orquestra Selvatana a La Farga<\/a>.<a href=\"http:\/\/www.l-h.cat\/agenda\/detallAgenda.aspx?16Aei37AhqazAQkAgJQhGW1xtXzshqazCvVMSn35LPvnQ83OmewubyRjjqLqazAQKffwBdNqazCXs\" target=\"_blank\"><br \/>\nPrograma d&#8217;actes del 50\u00e8 aniversari de &#8220;L&#8217;Hospitalet, Ciutat Pubilla de la Sardana&#8221;.<\/a><\/p>\n","protected":false},"excerpt":{"rendered":"<p>La Sala Polivalent de La Farga Congress ser\u00e0 l\u2019escenari, aquest diumenge 17 d\u2019abril (18h), del concert de l\u2019Orquestra Selvatana, que servir\u00e0 per cloure els actes de commemoraci\u00f3 del 50\u00e8 aniversari del nomenament de L\u2019Hospitalet, Ciutat Pubilla de la Sardana.<\/p>\n","protected":false},"author":1,"featured_media":3327,"comment_status":"closed","ping_status":"closed","sticky":false,"template":"","format":"standard","meta":{"_monsterinsights_skip_tracking":false,"_monsterinsights_sitenote_active":false,"_monsterinsights_sitenote_note":"","_monsterinsights_sitenote_category":0,"footnotes":""},"categories":[83],"tags":[],"class_list":["post-3326","post","type-post","status-publish","format-standard","has-post-thumbnail","hentry","category-noticies"],"yoast_head":"<!-- This site is optimized with the Yoast SEO plugin v27.5 - https:\/\/yoast.com\/product\/yoast-seo-wordpress\/ -->\n<title>Concert de l&#039;Orquestra Selvatana, a la Sala Polivalent - La Farga L&#039;Hospitalet Centre d&#039;Activitats. La Farga GEM, S.A.<\/title>\n<meta name=\"description\" content=\"La Sala Polivalent de La Farga Congress ser\u00e0 l\u2019escenari, aquest diumenge 17 d\u2019abril (18h), del concert de l\u2019Orquestra Selvatana.\" \/>\n<meta name=\"robots\" content=\"index, follow, max-snippet:-1, max-image-preview:large, max-video-preview:-1\" \/>\n<link rel=\"canonical\" href=\"https:\/\/www.lafargalhospitalet.com\/ca\/concert-de-lorquestra-selvatana-a-la-sala-polivalent\/\" \/>\n<meta property=\"og:locale\" content=\"ca_ES\" \/>\n<meta property=\"og:type\" content=\"article\" \/>\n<meta property=\"og:title\" content=\"Concert de l&#039;Orquestra Selvatana, a la Sala Polivalent - La Farga L&#039;Hospitalet Centre d&#039;Activitats. La Farga GEM, S.A.\" \/>\n<meta property=\"og:description\" content=\"La Sala Polivalent de La Farga Congress ser\u00e0 l\u2019escenari, aquest diumenge 17 d\u2019abril (18h), del concert de l\u2019Orquestra Selvatana.\" \/>\n<meta property=\"og:url\" content=\"https:\/\/www.lafargalhospitalet.com\/ca\/concert-de-lorquestra-selvatana-a-la-sala-polivalent\/\" \/>\n<meta property=\"og:site_name\" content=\"La Farga L&#039;Hospitalet Centre d&#039;Activitats. La Farga GEM, S.A.\" \/>\n<meta property=\"article:publisher\" content=\"https:\/\/www.facebook.com\/fargahospitalet\/\" \/>\n<meta property=\"article:published_time\" content=\"2016-04-12T07:22:53+00:00\" \/>\n<meta property=\"article:modified_time\" content=\"2025-11-03T17:29:25+00:00\" \/>\n<meta property=\"og:image\" content=\"https:\/\/www.lafargalhospitalet.com\/wp-content\/uploads\/2016\/04\/sardana-farga-ciutatpubilla.jpg\" \/>\n\t<meta property=\"og:image:width\" content=\"730\" \/>\n\t<meta property=\"og:image:height\" content=\"410\" \/>\n\t<meta property=\"og:image:type\" content=\"image\/jpeg\" \/>\n<meta name=\"author\" content=\"La Farga Centre d&#039;Activitats\" \/>\n<meta name=\"twitter:card\" content=\"summary_large_image\" \/>\n<meta name=\"twitter:creator\" content=\"@fargahospitalet\" \/>\n<meta name=\"twitter:site\" content=\"@fargahospitalet\" \/>\n<meta name=\"twitter:label1\" content=\"Escrit per\" \/>\n\t<meta name=\"twitter:data1\" content=\"La Farga Centre d&#039;Activitats\" \/>\n\t<meta name=\"twitter:label2\" content=\"Temps estimat de lectura\" \/>\n\t<meta name=\"twitter:data2\" content=\"1 minut\" \/>\n<script type=\"application\/ld+json\" class=\"yoast-schema-graph\">{\"@context\":\"https:\\\/\\\/schema.org\",\"@graph\":[{\"@type\":\"Article\",\"@id\":\"https:\\\/\\\/www.lafargalhospitalet.com\\\/ca\\\/concert-de-lorquestra-selvatana-a-la-sala-polivalent\\\/#article\",\"isPartOf\":{\"@id\":\"https:\\\/\\\/www.lafargalhospitalet.com\\\/ca\\\/concert-de-lorquestra-selvatana-a-la-sala-polivalent\\\/\"},\"author\":{\"name\":\"La Farga Centre d'Activitats\",\"@id\":\"https:\\\/\\\/www.lafargalhospitalet.com\\\/#\\\/schema\\\/person\\\/6cbac0ef7748506b167ff859e1c7f378\"},\"headline\":\"Concert de l&#8217;Orquestra Selvatana, a la Sala Polivalent\",\"datePublished\":\"2016-04-12T07:22:53+00:00\",\"dateModified\":\"2025-11-03T17:29:25+00:00\",\"mainEntityOfPage\":{\"@id\":\"https:\\\/\\\/www.lafargalhospitalet.com\\\/ca\\\/concert-de-lorquestra-selvatana-a-la-sala-polivalent\\\/\"},\"wordCount\":127,\"publisher\":{\"@id\":\"https:\\\/\\\/www.lafargalhospitalet.com\\\/#organization\"},\"image\":{\"@id\":\"https:\\\/\\\/www.lafargalhospitalet.com\\\/ca\\\/concert-de-lorquestra-selvatana-a-la-sala-polivalent\\\/#primaryimage\"},\"thumbnailUrl\":\"https:\\\/\\\/www.lafargalhospitalet.com\\\/wp-content\\\/uploads\\\/2016\\\/04\\\/sardana-farga-ciutatpubilla.jpg\",\"articleSection\":[\"Noticies\"],\"inLanguage\":\"ca\"},{\"@type\":\"WebPage\",\"@id\":\"https:\\\/\\\/www.lafargalhospitalet.com\\\/ca\\\/concert-de-lorquestra-selvatana-a-la-sala-polivalent\\\/\",\"url\":\"https:\\\/\\\/www.lafargalhospitalet.com\\\/ca\\\/concert-de-lorquestra-selvatana-a-la-sala-polivalent\\\/\",\"name\":\"Concert de l'Orquestra Selvatana, a la Sala Polivalent - La Farga L&#039;Hospitalet Centre d&#039;Activitats. La Farga GEM, S.A.\",\"isPartOf\":{\"@id\":\"https:\\\/\\\/www.lafargalhospitalet.com\\\/#website\"},\"primaryImageOfPage\":{\"@id\":\"https:\\\/\\\/www.lafargalhospitalet.com\\\/ca\\\/concert-de-lorquestra-selvatana-a-la-sala-polivalent\\\/#primaryimage\"},\"image\":{\"@id\":\"https:\\\/\\\/www.lafargalhospitalet.com\\\/ca\\\/concert-de-lorquestra-selvatana-a-la-sala-polivalent\\\/#primaryimage\"},\"thumbnailUrl\":\"https:\\\/\\\/www.lafargalhospitalet.com\\\/wp-content\\\/uploads\\\/2016\\\/04\\\/sardana-farga-ciutatpubilla.jpg\",\"datePublished\":\"2016-04-12T07:22:53+00:00\",\"dateModified\":\"2025-11-03T17:29:25+00:00\",\"description\":\"La Sala Polivalent de La Farga Congress ser\u00e0 l\u2019escenari, aquest diumenge 17 d\u2019abril (18h), del concert de l\u2019Orquestra Selvatana.\",\"breadcrumb\":{\"@id\":\"https:\\\/\\\/www.lafargalhospitalet.com\\\/ca\\\/concert-de-lorquestra-selvatana-a-la-sala-polivalent\\\/#breadcrumb\"},\"inLanguage\":\"ca\",\"potentialAction\":[{\"@type\":\"ReadAction\",\"target\":[\"https:\\\/\\\/www.lafargalhospitalet.com\\\/ca\\\/concert-de-lorquestra-selvatana-a-la-sala-polivalent\\\/\"]}]},{\"@type\":\"ImageObject\",\"inLanguage\":\"ca\",\"@id\":\"https:\\\/\\\/www.lafargalhospitalet.com\\\/ca\\\/concert-de-lorquestra-selvatana-a-la-sala-polivalent\\\/#primaryimage\",\"url\":\"https:\\\/\\\/www.lafargalhospitalet.com\\\/wp-content\\\/uploads\\\/2016\\\/04\\\/sardana-farga-ciutatpubilla.jpg\",\"contentUrl\":\"https:\\\/\\\/www.lafargalhospitalet.com\\\/wp-content\\\/uploads\\\/2016\\\/04\\\/sardana-farga-ciutatpubilla.jpg\",\"width\":730,\"height\":410},{\"@type\":\"BreadcrumbList\",\"@id\":\"https:\\\/\\\/www.lafargalhospitalet.com\\\/ca\\\/concert-de-lorquestra-selvatana-a-la-sala-polivalent\\\/#breadcrumb\",\"itemListElement\":[{\"@type\":\"ListItem\",\"position\":1,\"name\":\"Portada\",\"item\":\"https:\\\/\\\/www.lafargalhospitalet.com\\\/\"},{\"@type\":\"ListItem\",\"position\":2,\"name\":\"Concert de l&#8217;Orquestra Selvatana, a la Sala Polivalent\"}]},{\"@type\":\"WebSite\",\"@id\":\"https:\\\/\\\/www.lafargalhospitalet.com\\\/#website\",\"url\":\"https:\\\/\\\/www.lafargalhospitalet.com\\\/\",\"name\":\"La Farga L'Hospitalet Centre d'Activitats. La Farga GEM, S.A.\",\"description\":\"La Farga L&#039;Hospitalet Centre d&#039;Activitats. Gestionat per La Farga GEM, S.A. Fires i Congressos. Concerts, exposicions, reunions, filmacions, sopars de gala.\",\"publisher\":{\"@id\":\"https:\\\/\\\/www.lafargalhospitalet.com\\\/#organization\"},\"potentialAction\":[{\"@type\":\"SearchAction\",\"target\":{\"@type\":\"EntryPoint\",\"urlTemplate\":\"https:\\\/\\\/www.lafargalhospitalet.com\\\/?s={search_term_string}\"},\"query-input\":{\"@type\":\"PropertyValueSpecification\",\"valueRequired\":true,\"valueName\":\"search_term_string\"}}],\"inLanguage\":\"ca\"},{\"@type\":\"Organization\",\"@id\":\"https:\\\/\\\/www.lafargalhospitalet.com\\\/#organization\",\"name\":\"La Farga L'Hospitalet Centre d'Activitats. La Farga GEM, S.A.\",\"url\":\"https:\\\/\\\/www.lafargalhospitalet.com\\\/\",\"logo\":{\"@type\":\"ImageObject\",\"inLanguage\":\"ca\",\"@id\":\"https:\\\/\\\/www.lafargalhospitalet.com\\\/#\\\/schema\\\/logo\\\/image\\\/\",\"url\":\"https:\\\/\\\/www.lafargalhospitalet.com\\\/wp-content\\\/uploads\\\/2025\\\/10\\\/logotipo_lafarga_centre_activitats.png\",\"contentUrl\":\"https:\\\/\\\/www.lafargalhospitalet.com\\\/wp-content\\\/uploads\\\/2025\\\/10\\\/logotipo_lafarga_centre_activitats.png\",\"width\":266,\"height\":101,\"caption\":\"La Farga L'Hospitalet Centre d'Activitats. La Farga GEM, S.A.\"},\"image\":{\"@id\":\"https:\\\/\\\/www.lafargalhospitalet.com\\\/#\\\/schema\\\/logo\\\/image\\\/\"},\"sameAs\":[\"https:\\\/\\\/www.facebook.com\\\/fargahospitalet\\\/\",\"https:\\\/\\\/x.com\\\/fargahospitalet\",\"https:\\\/\\\/www.instagram.com\\\/lafargahospitalet\\\/\",\"https:\\\/\\\/www.youtube.com\\\/channel\\\/UCoLt6hen3PqGXgbLMGI3Qdw\",\"https:\\\/\\\/www.flickr.com\\\/photos\\\/lafargagemsa\\\/albums\"]},{\"@type\":\"Person\",\"@id\":\"https:\\\/\\\/www.lafargalhospitalet.com\\\/#\\\/schema\\\/person\\\/6cbac0ef7748506b167ff859e1c7f378\",\"name\":\"La Farga Centre d'Activitats\",\"sameAs\":[\"https:\\\/\\\/www.lafargalhospitalet.com\"],\"url\":\"https:\\\/\\\/www.lafargalhospitalet.com\\\/ca\\\/author\\\/far25gmin\\\/\"}]}<\/script>\n<!-- \/ Yoast SEO plugin. -->","yoast_head_json":{"title":"Concert de l'Orquestra Selvatana, a la Sala Polivalent - La Farga L&#039;Hospitalet Centre d&#039;Activitats. La Farga GEM, S.A.","description":"La Sala Polivalent de La Farga Congress ser\u00e0 l\u2019escenari, aquest diumenge 17 d\u2019abril (18h), del concert de l\u2019Orquestra Selvatana.","robots":{"index":"index","follow":"follow","max-snippet":"max-snippet:-1","max-image-preview":"max-image-preview:large","max-video-preview":"max-video-preview:-1"},"canonical":"https:\/\/www.lafargalhospitalet.com\/ca\/concert-de-lorquestra-selvatana-a-la-sala-polivalent\/","og_locale":"ca_ES","og_type":"article","og_title":"Concert de l'Orquestra Selvatana, a la Sala Polivalent - La Farga L&#039;Hospitalet Centre d&#039;Activitats. La Farga GEM, S.A.","og_description":"La Sala Polivalent de La Farga Congress ser\u00e0 l\u2019escenari, aquest diumenge 17 d\u2019abril (18h), del concert de l\u2019Orquestra Selvatana.","og_url":"https:\/\/www.lafargalhospitalet.com\/ca\/concert-de-lorquestra-selvatana-a-la-sala-polivalent\/","og_site_name":"La Farga L&#039;Hospitalet Centre d&#039;Activitats. La Farga GEM, S.A.","article_publisher":"https:\/\/www.facebook.com\/fargahospitalet\/","article_published_time":"2016-04-12T07:22:53+00:00","article_modified_time":"2025-11-03T17:29:25+00:00","og_image":[{"width":730,"height":410,"url":"https:\/\/www.lafargalhospitalet.com\/wp-content\/uploads\/2016\/04\/sardana-farga-ciutatpubilla.jpg","type":"image\/jpeg"}],"author":"La Farga Centre d'Activitats","twitter_card":"summary_large_image","twitter_creator":"@fargahospitalet","twitter_site":"@fargahospitalet","twitter_misc":{"Escrit per":"La Farga Centre d'Activitats","Temps estimat de lectura":"1 minut"},"schema":{"@context":"https:\/\/schema.org","@graph":[{"@type":"Article","@id":"https:\/\/www.lafargalhospitalet.com\/ca\/concert-de-lorquestra-selvatana-a-la-sala-polivalent\/#article","isPartOf":{"@id":"https:\/\/www.lafargalhospitalet.com\/ca\/concert-de-lorquestra-selvatana-a-la-sala-polivalent\/"},"author":{"name":"La Farga Centre d'Activitats","@id":"https:\/\/www.lafargalhospitalet.com\/#\/schema\/person\/6cbac0ef7748506b167ff859e1c7f378"},"headline":"Concert de l&#8217;Orquestra Selvatana, a la Sala Polivalent","datePublished":"2016-04-12T07:22:53+00:00","dateModified":"2025-11-03T17:29:25+00:00","mainEntityOfPage":{"@id":"https:\/\/www.lafargalhospitalet.com\/ca\/concert-de-lorquestra-selvatana-a-la-sala-polivalent\/"},"wordCount":127,"publisher":{"@id":"https:\/\/www.lafargalhospitalet.com\/#organization"},"image":{"@id":"https:\/\/www.lafargalhospitalet.com\/ca\/concert-de-lorquestra-selvatana-a-la-sala-polivalent\/#primaryimage"},"thumbnailUrl":"https:\/\/www.lafargalhospitalet.com\/wp-content\/uploads\/2016\/04\/sardana-farga-ciutatpubilla.jpg","articleSection":["Noticies"],"inLanguage":"ca"},{"@type":"WebPage","@id":"https:\/\/www.lafargalhospitalet.com\/ca\/concert-de-lorquestra-selvatana-a-la-sala-polivalent\/","url":"https:\/\/www.lafargalhospitalet.com\/ca\/concert-de-lorquestra-selvatana-a-la-sala-polivalent\/","name":"Concert de l'Orquestra Selvatana, a la Sala Polivalent - La Farga L&#039;Hospitalet Centre d&#039;Activitats. La Farga GEM, S.A.","isPartOf":{"@id":"https:\/\/www.lafargalhospitalet.com\/#website"},"primaryImageOfPage":{"@id":"https:\/\/www.lafargalhospitalet.com\/ca\/concert-de-lorquestra-selvatana-a-la-sala-polivalent\/#primaryimage"},"image":{"@id":"https:\/\/www.lafargalhospitalet.com\/ca\/concert-de-lorquestra-selvatana-a-la-sala-polivalent\/#primaryimage"},"thumbnailUrl":"https:\/\/www.lafargalhospitalet.com\/wp-content\/uploads\/2016\/04\/sardana-farga-ciutatpubilla.jpg","datePublished":"2016-04-12T07:22:53+00:00","dateModified":"2025-11-03T17:29:25+00:00","description":"La Sala Polivalent de La Farga Congress ser\u00e0 l\u2019escenari, aquest diumenge 17 d\u2019abril (18h), del concert de l\u2019Orquestra Selvatana.","breadcrumb":{"@id":"https:\/\/www.lafargalhospitalet.com\/ca\/concert-de-lorquestra-selvatana-a-la-sala-polivalent\/#breadcrumb"},"inLanguage":"ca","potentialAction":[{"@type":"ReadAction","target":["https:\/\/www.lafargalhospitalet.com\/ca\/concert-de-lorquestra-selvatana-a-la-sala-polivalent\/"]}]},{"@type":"ImageObject","inLanguage":"ca","@id":"https:\/\/www.lafargalhospitalet.com\/ca\/concert-de-lorquestra-selvatana-a-la-sala-polivalent\/#primaryimage","url":"https:\/\/www.lafargalhospitalet.com\/wp-content\/uploads\/2016\/04\/sardana-farga-ciutatpubilla.jpg","contentUrl":"https:\/\/www.lafargalhospitalet.com\/wp-content\/uploads\/2016\/04\/sardana-farga-ciutatpubilla.jpg","width":730,"height":410},{"@type":"BreadcrumbList","@id":"https:\/\/www.lafargalhospitalet.com\/ca\/concert-de-lorquestra-selvatana-a-la-sala-polivalent\/#breadcrumb","itemListElement":[{"@type":"ListItem","position":1,"name":"Portada","item":"https:\/\/www.lafargalhospitalet.com\/"},{"@type":"ListItem","position":2,"name":"Concert de l&#8217;Orquestra Selvatana, a la Sala Polivalent"}]},{"@type":"WebSite","@id":"https:\/\/www.lafargalhospitalet.com\/#website","url":"https:\/\/www.lafargalhospitalet.com\/","name":"La Farga L'Hospitalet Centre d'Activitats. La Farga GEM, S.A.","description":"La Farga L&#039;Hospitalet Centre d&#039;Activitats. Gestionat per La Farga GEM, S.A. Fires i Congressos. Concerts, exposicions, reunions, filmacions, sopars de gala.","publisher":{"@id":"https:\/\/www.lafargalhospitalet.com\/#organization"},"potentialAction":[{"@type":"SearchAction","target":{"@type":"EntryPoint","urlTemplate":"https:\/\/www.lafargalhospitalet.com\/?s={search_term_string}"},"query-input":{"@type":"PropertyValueSpecification","valueRequired":true,"valueName":"search_term_string"}}],"inLanguage":"ca"},{"@type":"Organization","@id":"https:\/\/www.lafargalhospitalet.com\/#organization","name":"La Farga L'Hospitalet Centre d'Activitats. La Farga GEM, S.A.","url":"https:\/\/www.lafargalhospitalet.com\/","logo":{"@type":"ImageObject","inLanguage":"ca","@id":"https:\/\/www.lafargalhospitalet.com\/#\/schema\/logo\/image\/","url":"https:\/\/www.lafargalhospitalet.com\/wp-content\/uploads\/2025\/10\/logotipo_lafarga_centre_activitats.png","contentUrl":"https:\/\/www.lafargalhospitalet.com\/wp-content\/uploads\/2025\/10\/logotipo_lafarga_centre_activitats.png","width":266,"height":101,"caption":"La Farga L'Hospitalet Centre d'Activitats. La Farga GEM, S.A."},"image":{"@id":"https:\/\/www.lafargalhospitalet.com\/#\/schema\/logo\/image\/"},"sameAs":["https:\/\/www.facebook.com\/fargahospitalet\/","https:\/\/x.com\/fargahospitalet","https:\/\/www.instagram.com\/lafargahospitalet\/","https:\/\/www.youtube.com\/channel\/UCoLt6hen3PqGXgbLMGI3Qdw","https:\/\/www.flickr.com\/photos\/lafargagemsa\/albums"]},{"@type":"Person","@id":"https:\/\/www.lafargalhospitalet.com\/#\/schema\/person\/6cbac0ef7748506b167ff859e1c7f378","name":"La Farga Centre d'Activitats","sameAs":["https:\/\/www.lafargalhospitalet.com"],"url":"https:\/\/www.lafargalhospitalet.com\/ca\/author\/far25gmin\/"}]}},"_links":{"self":[{"href":"https:\/\/www.lafargalhospitalet.com\/ca\/wp-json\/wp\/v2\/posts\/3326","targetHints":{"allow":["GET"]}}],"collection":[{"href":"https:\/\/www.lafargalhospitalet.com\/ca\/wp-json\/wp\/v2\/posts"}],"about":[{"href":"https:\/\/www.lafargalhospitalet.com\/ca\/wp-json\/wp\/v2\/types\/post"}],"author":[{"embeddable":true,"href":"https:\/\/www.lafargalhospitalet.com\/ca\/wp-json\/wp\/v2\/users\/1"}],"replies":[{"embeddable":true,"href":"https:\/\/www.lafargalhospitalet.com\/ca\/wp-json\/wp\/v2\/comments?post=3326"}],"version-history":[{"count":0,"href":"https:\/\/www.lafargalhospitalet.com\/ca\/wp-json\/wp\/v2\/posts\/3326\/revisions"}],"wp:featuredmedia":[{"embeddable":true,"href":"https:\/\/www.lafargalhospitalet.com\/ca\/wp-json\/wp\/v2\/media\/3327"}],"wp:attachment":[{"href":"https:\/\/www.lafargalhospitalet.com\/ca\/wp-json\/wp\/v2\/media?parent=3326"}],"wp:term":[{"taxonomy":"category","embeddable":true,"href":"https:\/\/www.lafargalhospitalet.com\/ca\/wp-json\/wp\/v2\/categories?post=3326"},{"taxonomy":"post_tag","embeddable":true,"href":"https:\/\/www.lafargalhospitalet.com\/ca\/wp-json\/wp\/v2\/tags?post=3326"}],"curies":[{"name":"wp","href":"https:\/\/api.w.org\/{rel}","templated":true}]}}