{"id":3336,"date":"2016-02-03T09:28:20","date_gmt":"2016-02-03T08:28:20","guid":{"rendered":"http:\/\/www.lafargalhospitalet.com\/?p=3336"},"modified":"2025-11-03T18:29:36","modified_gmt":"2025-11-03T17:29:36","slug":"en-el-punt-de-mira-el-segon-salo-del-cinema-i-les-series","status":"publish","type":"post","link":"https:\/\/www.lafargalhospitalet.com\/ca\/en-el-punt-de-mira-el-segon-salo-del-cinema-i-les-series\/","title":{"rendered":"En el punt de mira el segon Sal\u00f3 del Cinema i les S\u00e8ries"},"content":{"rendered":"<p>Els organitzadors del Sal\u00f3 del Cinema i les S\u00e8ries, <a href=\"http:\/\/cinemaworld.es\/\" target=\"_blank\">Cinemaworld<\/a> i La Farga de L\u2019Hospitalet, ja pensen en l\u2019edici\u00f3 de l\u2019any vinent, despr\u00e9s de la gran resposta per part de tothom, en la primera edici\u00f3 d\u2019aquest certamen celebrada el passat cap de setmana, a la Farga Centre d\u2019Activitats.<\/p>\n<p>L\u2019espectacular xifra de <a href=\"http:\/\/www.lafarga.com\/corporatiu\/el-salon-del-cine-y-las-series-cierra-puertas-con-20-000-visitantes\/\" target=\"_blank\">20.000 visitants<\/a> ha estat celebrada pels organitzadors i en aquest sentit el director del sal\u00f3, \u00c0lex Murrull, ha manifestat \u00a0que el certamen t\u00e9 <em>\u201cmolt potencial\u00a0per seguir creixent i estudiem com millorar-lo de cara a l\u2019any vinent\u201d.<\/em><\/p>\n<p>L\u2019organitzaci\u00f3 vol agra\u00efr especialment la participaci\u00f3 de tots els visitants, expositors, associacions i partners que han estat present en aquesta edici\u00f3 i que l\u2019han fet possible.<\/p>\n<p><a href=\"http:\/\/www.lafarga.com\/corporatiu\/wp-content\/uploads\/2016\/02\/Llista-Expositors.pdf\" target=\"_blank\">Llista d\u2019expositors 1r. Sal\u00f3 del Cinema i les S\u00e8ries<\/a>.<\/p>\n","protected":false},"excerpt":{"rendered":"<p>Els organitzadors del Sal\u00f3 del Cinema i les S\u00e8ries, Cinemaworld i La Farga de L\u2019Hospitalet, ja pensen en l\u2019edici\u00f3 de l\u2019any vinent, despr\u00e9s de la gran resposta per part de tothom, en la primera edici\u00f3 d\u2019aquest certamen celebrada el passat cap de setmana, a la Farga Centre d\u2019Activitats.<\/p>\n","protected":false},"author":1,"featured_media":3337,"comment_status":"closed","ping_status":"closed","sticky":false,"template":"","format":"standard","meta":{"_monsterinsights_skip_tracking":false,"_monsterinsights_sitenote_active":false,"_monsterinsights_sitenote_note":"","_monsterinsights_sitenote_category":0,"footnotes":""},"categories":[83],"tags":[],"class_list":["post-3336","post","type-post","status-publish","format-standard","has-post-thumbnail","hentry","category-noticies"],"yoast_head":"<!-- This site is optimized with the Yoast SEO plugin v27.5 - https:\/\/yoast.com\/product\/yoast-seo-wordpress\/ -->\n<title>En el punt de mira el segon Sal\u00f3 del Cinema i les S\u00e8ries - La Farga L&#039;Hospitalet Centre d&#039;Activitats. La Farga GEM, S.A.<\/title>\n<meta name=\"description\" content=\"Els organitzadors del Sal\u00f3 del Cinema i les S\u00e8ries, Cinemaworld i La Farga de L\u2019Hospitalet ja pensen en l\u2019edici\u00f3 de l\u2019any vinent despr\u00e9s de la gran resposta\" \/>\n<meta name=\"robots\" content=\"index, follow, max-snippet:-1, max-image-preview:large, max-video-preview:-1\" \/>\n<link rel=\"canonical\" href=\"https:\/\/www.lafargalhospitalet.com\/ca\/en-el-punt-de-mira-el-segon-salo-del-cinema-i-les-series\/\" \/>\n<meta property=\"og:locale\" content=\"ca_ES\" \/>\n<meta property=\"og:type\" content=\"article\" \/>\n<meta property=\"og:title\" content=\"En el punt de mira el segon Sal\u00f3 del Cinema i les S\u00e8ries - La Farga L&#039;Hospitalet Centre d&#039;Activitats. La Farga GEM, S.A.\" \/>\n<meta property=\"og:description\" content=\"Els organitzadors del Sal\u00f3 del Cinema i les S\u00e8ries, Cinemaworld i La Farga de L\u2019Hospitalet ja pensen en l\u2019edici\u00f3 de l\u2019any vinent despr\u00e9s de la gran resposta\" \/>\n<meta property=\"og:url\" content=\"https:\/\/www.lafargalhospitalet.com\/ca\/en-el-punt-de-mira-el-segon-salo-del-cinema-i-les-series\/\" \/>\n<meta property=\"og:site_name\" content=\"La Farga L&#039;Hospitalet Centre d&#039;Activitats. La Farga GEM, S.A.\" \/>\n<meta property=\"article:publisher\" content=\"https:\/\/www.facebook.com\/fargahospitalet\/\" \/>\n<meta property=\"article:published_time\" content=\"2016-02-03T08:28:20+00:00\" \/>\n<meta property=\"article:modified_time\" content=\"2025-11-03T17:29:36+00:00\" \/>\n<meta property=\"og:image\" content=\"https:\/\/www.lafargalhospitalet.com\/wp-content\/uploads\/2016\/04\/salo-cine-series-farga.jpg\" \/>\n\t<meta property=\"og:image:width\" content=\"730\" \/>\n\t<meta property=\"og:image:height\" content=\"410\" \/>\n\t<meta property=\"og:image:type\" content=\"image\/jpeg\" \/>\n<meta name=\"author\" content=\"La Farga Centre d&#039;Activitats\" \/>\n<meta name=\"twitter:card\" content=\"summary_large_image\" \/>\n<meta name=\"twitter:creator\" content=\"@fargahospitalet\" \/>\n<meta name=\"twitter:site\" content=\"@fargahospitalet\" \/>\n<meta name=\"twitter:label1\" content=\"Escrit per\" \/>\n\t<meta name=\"twitter:data1\" content=\"La Farga Centre d&#039;Activitats\" \/>\n\t<meta name=\"twitter:label2\" content=\"Temps estimat de lectura\" \/>\n\t<meta name=\"twitter:data2\" content=\"1 minut\" \/>\n<script type=\"application\/ld+json\" class=\"yoast-schema-graph\">{\"@context\":\"https:\\\/\\\/schema.org\",\"@graph\":[{\"@type\":\"Article\",\"@id\":\"https:\\\/\\\/www.lafargalhospitalet.com\\\/ca\\\/en-el-punt-de-mira-el-segon-salo-del-cinema-i-les-series\\\/#article\",\"isPartOf\":{\"@id\":\"https:\\\/\\\/www.lafargalhospitalet.com\\\/ca\\\/en-el-punt-de-mira-el-segon-salo-del-cinema-i-les-series\\\/\"},\"author\":{\"name\":\"La Farga Centre d'Activitats\",\"@id\":\"https:\\\/\\\/www.lafargalhospitalet.com\\\/#\\\/schema\\\/person\\\/6cbac0ef7748506b167ff859e1c7f378\"},\"headline\":\"En el punt de mira el segon Sal\u00f3 del Cinema i les S\u00e8ries\",\"datePublished\":\"2016-02-03T08:28:20+00:00\",\"dateModified\":\"2025-11-03T17:29:36+00:00\",\"mainEntityOfPage\":{\"@id\":\"https:\\\/\\\/www.lafargalhospitalet.com\\\/ca\\\/en-el-punt-de-mira-el-segon-salo-del-cinema-i-les-series\\\/\"},\"wordCount\":150,\"publisher\":{\"@id\":\"https:\\\/\\\/www.lafargalhospitalet.com\\\/#organization\"},\"image\":{\"@id\":\"https:\\\/\\\/www.lafargalhospitalet.com\\\/ca\\\/en-el-punt-de-mira-el-segon-salo-del-cinema-i-les-series\\\/#primaryimage\"},\"thumbnailUrl\":\"https:\\\/\\\/www.lafargalhospitalet.com\\\/wp-content\\\/uploads\\\/2016\\\/04\\\/salo-cine-series-farga.jpg\",\"articleSection\":[\"Noticies\"],\"inLanguage\":\"ca\"},{\"@type\":\"WebPage\",\"@id\":\"https:\\\/\\\/www.lafargalhospitalet.com\\\/ca\\\/en-el-punt-de-mira-el-segon-salo-del-cinema-i-les-series\\\/\",\"url\":\"https:\\\/\\\/www.lafargalhospitalet.com\\\/ca\\\/en-el-punt-de-mira-el-segon-salo-del-cinema-i-les-series\\\/\",\"name\":\"En el punt de mira el segon Sal\u00f3 del Cinema i les S\u00e8ries - La Farga L&#039;Hospitalet Centre d&#039;Activitats. La Farga GEM, S.A.\",\"isPartOf\":{\"@id\":\"https:\\\/\\\/www.lafargalhospitalet.com\\\/#website\"},\"primaryImageOfPage\":{\"@id\":\"https:\\\/\\\/www.lafargalhospitalet.com\\\/ca\\\/en-el-punt-de-mira-el-segon-salo-del-cinema-i-les-series\\\/#primaryimage\"},\"image\":{\"@id\":\"https:\\\/\\\/www.lafargalhospitalet.com\\\/ca\\\/en-el-punt-de-mira-el-segon-salo-del-cinema-i-les-series\\\/#primaryimage\"},\"thumbnailUrl\":\"https:\\\/\\\/www.lafargalhospitalet.com\\\/wp-content\\\/uploads\\\/2016\\\/04\\\/salo-cine-series-farga.jpg\",\"datePublished\":\"2016-02-03T08:28:20+00:00\",\"dateModified\":\"2025-11-03T17:29:36+00:00\",\"description\":\"Els organitzadors del Sal\u00f3 del Cinema i les S\u00e8ries, Cinemaworld i La Farga de L\u2019Hospitalet ja pensen en l\u2019edici\u00f3 de l\u2019any vinent despr\u00e9s de la gran resposta\",\"breadcrumb\":{\"@id\":\"https:\\\/\\\/www.lafargalhospitalet.com\\\/ca\\\/en-el-punt-de-mira-el-segon-salo-del-cinema-i-les-series\\\/#breadcrumb\"},\"inLanguage\":\"ca\",\"potentialAction\":[{\"@type\":\"ReadAction\",\"target\":[\"https:\\\/\\\/www.lafargalhospitalet.com\\\/ca\\\/en-el-punt-de-mira-el-segon-salo-del-cinema-i-les-series\\\/\"]}]},{\"@type\":\"ImageObject\",\"inLanguage\":\"ca\",\"@id\":\"https:\\\/\\\/www.lafargalhospitalet.com\\\/ca\\\/en-el-punt-de-mira-el-segon-salo-del-cinema-i-les-series\\\/#primaryimage\",\"url\":\"https:\\\/\\\/www.lafargalhospitalet.com\\\/wp-content\\\/uploads\\\/2016\\\/04\\\/salo-cine-series-farga.jpg\",\"contentUrl\":\"https:\\\/\\\/www.lafargalhospitalet.com\\\/wp-content\\\/uploads\\\/2016\\\/04\\\/salo-cine-series-farga.jpg\",\"width\":730,\"height\":410},{\"@type\":\"BreadcrumbList\",\"@id\":\"https:\\\/\\\/www.lafargalhospitalet.com\\\/ca\\\/en-el-punt-de-mira-el-segon-salo-del-cinema-i-les-series\\\/#breadcrumb\",\"itemListElement\":[{\"@type\":\"ListItem\",\"position\":1,\"name\":\"Portada\",\"item\":\"https:\\\/\\\/www.lafargalhospitalet.com\\\/\"},{\"@type\":\"ListItem\",\"position\":2,\"name\":\"En el punt de mira el segon Sal\u00f3 del Cinema i les S\u00e8ries\"}]},{\"@type\":\"WebSite\",\"@id\":\"https:\\\/\\\/www.lafargalhospitalet.com\\\/#website\",\"url\":\"https:\\\/\\\/www.lafargalhospitalet.com\\\/\",\"name\":\"La Farga L'Hospitalet Centre d'Activitats. La Farga GEM, S.A.\",\"description\":\"La Farga L&#039;Hospitalet Centre d&#039;Activitats. Gestionat per La Farga GEM, S.A. Fires i Congressos. Concerts, exposicions, reunions, filmacions, sopars de gala.\",\"publisher\":{\"@id\":\"https:\\\/\\\/www.lafargalhospitalet.com\\\/#organization\"},\"potentialAction\":[{\"@type\":\"SearchAction\",\"target\":{\"@type\":\"EntryPoint\",\"urlTemplate\":\"https:\\\/\\\/www.lafargalhospitalet.com\\\/?s={search_term_string}\"},\"query-input\":{\"@type\":\"PropertyValueSpecification\",\"valueRequired\":true,\"valueName\":\"search_term_string\"}}],\"inLanguage\":\"ca\"},{\"@type\":\"Organization\",\"@id\":\"https:\\\/\\\/www.lafargalhospitalet.com\\\/#organization\",\"name\":\"La Farga L'Hospitalet Centre d'Activitats. La Farga GEM, S.A.\",\"url\":\"https:\\\/\\\/www.lafargalhospitalet.com\\\/\",\"logo\":{\"@type\":\"ImageObject\",\"inLanguage\":\"ca\",\"@id\":\"https:\\\/\\\/www.lafargalhospitalet.com\\\/#\\\/schema\\\/logo\\\/image\\\/\",\"url\":\"https:\\\/\\\/www.lafargalhospitalet.com\\\/wp-content\\\/uploads\\\/2025\\\/10\\\/logotipo_lafarga_centre_activitats.png\",\"contentUrl\":\"https:\\\/\\\/www.lafargalhospitalet.com\\\/wp-content\\\/uploads\\\/2025\\\/10\\\/logotipo_lafarga_centre_activitats.png\",\"width\":266,\"height\":101,\"caption\":\"La Farga L'Hospitalet Centre d'Activitats. La Farga GEM, S.A.\"},\"image\":{\"@id\":\"https:\\\/\\\/www.lafargalhospitalet.com\\\/#\\\/schema\\\/logo\\\/image\\\/\"},\"sameAs\":[\"https:\\\/\\\/www.facebook.com\\\/fargahospitalet\\\/\",\"https:\\\/\\\/x.com\\\/fargahospitalet\",\"https:\\\/\\\/www.instagram.com\\\/lafargahospitalet\\\/\",\"https:\\\/\\\/www.youtube.com\\\/channel\\\/UCoLt6hen3PqGXgbLMGI3Qdw\",\"https:\\\/\\\/www.flickr.com\\\/photos\\\/lafargagemsa\\\/albums\"]},{\"@type\":\"Person\",\"@id\":\"https:\\\/\\\/www.lafargalhospitalet.com\\\/#\\\/schema\\\/person\\\/6cbac0ef7748506b167ff859e1c7f378\",\"name\":\"La Farga Centre d'Activitats\",\"sameAs\":[\"https:\\\/\\\/www.lafargalhospitalet.com\"],\"url\":\"https:\\\/\\\/www.lafargalhospitalet.com\\\/ca\\\/author\\\/far25gmin\\\/\"}]}<\/script>\n<!-- \/ Yoast SEO plugin. -->","yoast_head_json":{"title":"En el punt de mira el segon Sal\u00f3 del Cinema i les S\u00e8ries - La Farga L&#039;Hospitalet Centre d&#039;Activitats. La Farga GEM, S.A.","description":"Els organitzadors del Sal\u00f3 del Cinema i les S\u00e8ries, Cinemaworld i La Farga de L\u2019Hospitalet ja pensen en l\u2019edici\u00f3 de l\u2019any vinent despr\u00e9s de la gran resposta","robots":{"index":"index","follow":"follow","max-snippet":"max-snippet:-1","max-image-preview":"max-image-preview:large","max-video-preview":"max-video-preview:-1"},"canonical":"https:\/\/www.lafargalhospitalet.com\/ca\/en-el-punt-de-mira-el-segon-salo-del-cinema-i-les-series\/","og_locale":"ca_ES","og_type":"article","og_title":"En el punt de mira el segon Sal\u00f3 del Cinema i les S\u00e8ries - La Farga L&#039;Hospitalet Centre d&#039;Activitats. La Farga GEM, S.A.","og_description":"Els organitzadors del Sal\u00f3 del Cinema i les S\u00e8ries, Cinemaworld i La Farga de L\u2019Hospitalet ja pensen en l\u2019edici\u00f3 de l\u2019any vinent despr\u00e9s de la gran resposta","og_url":"https:\/\/www.lafargalhospitalet.com\/ca\/en-el-punt-de-mira-el-segon-salo-del-cinema-i-les-series\/","og_site_name":"La Farga L&#039;Hospitalet Centre d&#039;Activitats. La Farga GEM, S.A.","article_publisher":"https:\/\/www.facebook.com\/fargahospitalet\/","article_published_time":"2016-02-03T08:28:20+00:00","article_modified_time":"2025-11-03T17:29:36+00:00","og_image":[{"width":730,"height":410,"url":"https:\/\/www.lafargalhospitalet.com\/wp-content\/uploads\/2016\/04\/salo-cine-series-farga.jpg","type":"image\/jpeg"}],"author":"La Farga Centre d'Activitats","twitter_card":"summary_large_image","twitter_creator":"@fargahospitalet","twitter_site":"@fargahospitalet","twitter_misc":{"Escrit per":"La Farga Centre d'Activitats","Temps estimat de lectura":"1 minut"},"schema":{"@context":"https:\/\/schema.org","@graph":[{"@type":"Article","@id":"https:\/\/www.lafargalhospitalet.com\/ca\/en-el-punt-de-mira-el-segon-salo-del-cinema-i-les-series\/#article","isPartOf":{"@id":"https:\/\/www.lafargalhospitalet.com\/ca\/en-el-punt-de-mira-el-segon-salo-del-cinema-i-les-series\/"},"author":{"name":"La Farga Centre d'Activitats","@id":"https:\/\/www.lafargalhospitalet.com\/#\/schema\/person\/6cbac0ef7748506b167ff859e1c7f378"},"headline":"En el punt de mira el segon Sal\u00f3 del Cinema i les S\u00e8ries","datePublished":"2016-02-03T08:28:20+00:00","dateModified":"2025-11-03T17:29:36+00:00","mainEntityOfPage":{"@id":"https:\/\/www.lafargalhospitalet.com\/ca\/en-el-punt-de-mira-el-segon-salo-del-cinema-i-les-series\/"},"wordCount":150,"publisher":{"@id":"https:\/\/www.lafargalhospitalet.com\/#organization"},"image":{"@id":"https:\/\/www.lafargalhospitalet.com\/ca\/en-el-punt-de-mira-el-segon-salo-del-cinema-i-les-series\/#primaryimage"},"thumbnailUrl":"https:\/\/www.lafargalhospitalet.com\/wp-content\/uploads\/2016\/04\/salo-cine-series-farga.jpg","articleSection":["Noticies"],"inLanguage":"ca"},{"@type":"WebPage","@id":"https:\/\/www.lafargalhospitalet.com\/ca\/en-el-punt-de-mira-el-segon-salo-del-cinema-i-les-series\/","url":"https:\/\/www.lafargalhospitalet.com\/ca\/en-el-punt-de-mira-el-segon-salo-del-cinema-i-les-series\/","name":"En el punt de mira el segon Sal\u00f3 del Cinema i les S\u00e8ries - La Farga L&#039;Hospitalet Centre d&#039;Activitats. La Farga GEM, S.A.","isPartOf":{"@id":"https:\/\/www.lafargalhospitalet.com\/#website"},"primaryImageOfPage":{"@id":"https:\/\/www.lafargalhospitalet.com\/ca\/en-el-punt-de-mira-el-segon-salo-del-cinema-i-les-series\/#primaryimage"},"image":{"@id":"https:\/\/www.lafargalhospitalet.com\/ca\/en-el-punt-de-mira-el-segon-salo-del-cinema-i-les-series\/#primaryimage"},"thumbnailUrl":"https:\/\/www.lafargalhospitalet.com\/wp-content\/uploads\/2016\/04\/salo-cine-series-farga.jpg","datePublished":"2016-02-03T08:28:20+00:00","dateModified":"2025-11-03T17:29:36+00:00","description":"Els organitzadors del Sal\u00f3 del Cinema i les S\u00e8ries, Cinemaworld i La Farga de L\u2019Hospitalet ja pensen en l\u2019edici\u00f3 de l\u2019any vinent despr\u00e9s de la gran resposta","breadcrumb":{"@id":"https:\/\/www.lafargalhospitalet.com\/ca\/en-el-punt-de-mira-el-segon-salo-del-cinema-i-les-series\/#breadcrumb"},"inLanguage":"ca","potentialAction":[{"@type":"ReadAction","target":["https:\/\/www.lafargalhospitalet.com\/ca\/en-el-punt-de-mira-el-segon-salo-del-cinema-i-les-series\/"]}]},{"@type":"ImageObject","inLanguage":"ca","@id":"https:\/\/www.lafargalhospitalet.com\/ca\/en-el-punt-de-mira-el-segon-salo-del-cinema-i-les-series\/#primaryimage","url":"https:\/\/www.lafargalhospitalet.com\/wp-content\/uploads\/2016\/04\/salo-cine-series-farga.jpg","contentUrl":"https:\/\/www.lafargalhospitalet.com\/wp-content\/uploads\/2016\/04\/salo-cine-series-farga.jpg","width":730,"height":410},{"@type":"BreadcrumbList","@id":"https:\/\/www.lafargalhospitalet.com\/ca\/en-el-punt-de-mira-el-segon-salo-del-cinema-i-les-series\/#breadcrumb","itemListElement":[{"@type":"ListItem","position":1,"name":"Portada","item":"https:\/\/www.lafargalhospitalet.com\/"},{"@type":"ListItem","position":2,"name":"En el punt de mira el segon Sal\u00f3 del Cinema i les S\u00e8ries"}]},{"@type":"WebSite","@id":"https:\/\/www.lafargalhospitalet.com\/#website","url":"https:\/\/www.lafargalhospitalet.com\/","name":"La Farga L'Hospitalet Centre d'Activitats. La Farga GEM, S.A.","description":"La Farga L&#039;Hospitalet Centre d&#039;Activitats. Gestionat per La Farga GEM, S.A. Fires i Congressos. Concerts, exposicions, reunions, filmacions, sopars de gala.","publisher":{"@id":"https:\/\/www.lafargalhospitalet.com\/#organization"},"potentialAction":[{"@type":"SearchAction","target":{"@type":"EntryPoint","urlTemplate":"https:\/\/www.lafargalhospitalet.com\/?s={search_term_string}"},"query-input":{"@type":"PropertyValueSpecification","valueRequired":true,"valueName":"search_term_string"}}],"inLanguage":"ca"},{"@type":"Organization","@id":"https:\/\/www.lafargalhospitalet.com\/#organization","name":"La Farga L'Hospitalet Centre d'Activitats. La Farga GEM, S.A.","url":"https:\/\/www.lafargalhospitalet.com\/","logo":{"@type":"ImageObject","inLanguage":"ca","@id":"https:\/\/www.lafargalhospitalet.com\/#\/schema\/logo\/image\/","url":"https:\/\/www.lafargalhospitalet.com\/wp-content\/uploads\/2025\/10\/logotipo_lafarga_centre_activitats.png","contentUrl":"https:\/\/www.lafargalhospitalet.com\/wp-content\/uploads\/2025\/10\/logotipo_lafarga_centre_activitats.png","width":266,"height":101,"caption":"La Farga L'Hospitalet Centre d'Activitats. La Farga GEM, S.A."},"image":{"@id":"https:\/\/www.lafargalhospitalet.com\/#\/schema\/logo\/image\/"},"sameAs":["https:\/\/www.facebook.com\/fargahospitalet\/","https:\/\/x.com\/fargahospitalet","https:\/\/www.instagram.com\/lafargahospitalet\/","https:\/\/www.youtube.com\/channel\/UCoLt6hen3PqGXgbLMGI3Qdw","https:\/\/www.flickr.com\/photos\/lafargagemsa\/albums"]},{"@type":"Person","@id":"https:\/\/www.lafargalhospitalet.com\/#\/schema\/person\/6cbac0ef7748506b167ff859e1c7f378","name":"La Farga Centre d'Activitats","sameAs":["https:\/\/www.lafargalhospitalet.com"],"url":"https:\/\/www.lafargalhospitalet.com\/ca\/author\/far25gmin\/"}]}},"_links":{"self":[{"href":"https:\/\/www.lafargalhospitalet.com\/ca\/wp-json\/wp\/v2\/posts\/3336","targetHints":{"allow":["GET"]}}],"collection":[{"href":"https:\/\/www.lafargalhospitalet.com\/ca\/wp-json\/wp\/v2\/posts"}],"about":[{"href":"https:\/\/www.lafargalhospitalet.com\/ca\/wp-json\/wp\/v2\/types\/post"}],"author":[{"embeddable":true,"href":"https:\/\/www.lafargalhospitalet.com\/ca\/wp-json\/wp\/v2\/users\/1"}],"replies":[{"embeddable":true,"href":"https:\/\/www.lafargalhospitalet.com\/ca\/wp-json\/wp\/v2\/comments?post=3336"}],"version-history":[{"count":0,"href":"https:\/\/www.lafargalhospitalet.com\/ca\/wp-json\/wp\/v2\/posts\/3336\/revisions"}],"wp:featuredmedia":[{"embeddable":true,"href":"https:\/\/www.lafargalhospitalet.com\/ca\/wp-json\/wp\/v2\/media\/3337"}],"wp:attachment":[{"href":"https:\/\/www.lafargalhospitalet.com\/ca\/wp-json\/wp\/v2\/media?parent=3336"}],"wp:term":[{"taxonomy":"category","embeddable":true,"href":"https:\/\/www.lafargalhospitalet.com\/ca\/wp-json\/wp\/v2\/categories?post=3336"},{"taxonomy":"post_tag","embeddable":true,"href":"https:\/\/www.lafargalhospitalet.com\/ca\/wp-json\/wp\/v2\/tags?post=3336"}],"curies":[{"name":"wp","href":"https:\/\/api.w.org\/{rel}","templated":true}]}}