{"id":3676,"date":"2016-01-31T12:36:32","date_gmt":"2016-01-31T11:36:32","guid":{"rendered":"http:\/\/www.lafargalhospitalet.com\/?p=3676"},"modified":"2025-11-03T18:29:36","modified_gmt":"2025-11-03T17:29:36","slug":"20-000-visitants-en-la-primera-edicio-del-salo-del-cinema-i-les-series","status":"publish","type":"post","link":"https:\/\/www.lafargalhospitalet.com\/ca\/20-000-visitants-en-la-primera-edicio-del-salo-del-cinema-i-les-series\/","title":{"rendered":"20.000 visitants en la primera edici\u00f3 del Sal\u00f3 del Cinema i les S\u00e8ries"},"content":{"rendered":"<p>El primer Sal\u00f3 del Cinema i les S\u00e8ries, organitzat per <a href=\"http:\/\/cinemaworld.es\/\" target=\"_blank\">Cinemaworld<\/a> i La Farga de L\u2019Hospitalet ha tancat aquest diumenge amb l\u2019espectacular xifra de gaireb\u00e9 20.000 visitants, des que divendres va obrir les seves portes.<\/p>\n<p>Aquesta xifra ha superat amb escreix les previsions inicials dels organitzadors, que han mostrat la seva total satisfacci\u00f3 per un certamen que ha nascut amb for\u00e7a \u00e8xit d\u2019assist\u00e8ncia, organitzaci\u00f3 i cr\u00edtiques positives.<\/p>\n<p>Durant tot el cap de setmana La Farga Centre d\u2019Activitats ha tingut una molt bona aflu\u00e8ncia de p\u00fablic, sobretot afeccionats al cinema i s\u00e8ries de tots els g\u00e8neres i molt p\u00fablic familiar, que han participat activament de la visita als stands i tamb\u00e9 de les nombroses activitats programades com les xerrades, confer\u00e8ncies i exposicions amb la pres\u00e8ncia de cr\u00edtics com Toni de la Torre i de directors com Jos\u00e9 Corbacho i Juan Cruz, que han estat el padrins del sal\u00f3.<\/p>\n<p>En el cas de les xerrades cada sala on s\u2019ha anat fent ha registrat un ple absolut. Cal destacar tamb\u00e9 l\u2019excel\u00b7lent aflu\u00e8ncia de p\u00fablic, inscrit pr\u00e8viament, en la jornada de Taules Rodones protagonitzades per actors, directors i guionistes de renom.<\/p>\n<p>El nombr\u00f3s p\u00fablic ha gaudit, entre d\u2019altres, de poder asseure\u2019s en el tron de la popular s\u00e8rie Joc de Trons, d\u2019interactuar amb la nena de \u201cEl exorcista\u201d, interpretar la m\u00edtica escena de la pel\u00b7l\u00edcula \u201cResplandor\u201d, del concert de l\u2019Orquestra Simf\u00f2nica del Vall\u00e8s i de la gran desfilada de tots els personatges d\u2019Star Wars que aquest mat\u00ed de diumenge ha fet les del\u00edcies tamb\u00e9 del p\u00fablic infantil present a La Farga. Molt participatiu tamb\u00e9 ha estat el concurs de Cosplay, en la part final del sal\u00f3.<\/p>\n<p>El Sal\u00f3 del Cinema i les S\u00e8ries ha comptat amb 75 expositors entre empreses i associacions relacionades amb el sector: botigues especialitzades, escoles de cinema, distribu\u00efdores, plataformes online de cinema i s\u00e8ries, empreses tecnol\u00f2giques, entitats sense \u00e0nims de lucre, entre d\u2019altres.<\/p>\n<p>L\u2019organitzaci\u00f3 ja pensa en repetir aquest \u00e8xit inicial en l\u2019edici\u00f3 del proper any, i ja estudia com millorar i fer cr\u00e9ixer aquest certamen que en la seva primera edici\u00f3 ha causat molt d\u2019inter\u00e8s del p\u00fablic en general i dels mitjans de comunicaci\u00f3.<\/p>\n","protected":false},"excerpt":{"rendered":"<p>El primer Sal\u00f3 del Cinema i les S\u00e8ries, organitzat per Cinemaworld i La Farga de L\u2019Hospitalet ha tancat aquest diumenge amb l\u2019espectacular xifra de gaireb\u00e9 20.000 visitants, des que divendres va obrir les seves portes.<\/p>\n","protected":false},"author":1,"featured_media":3677,"comment_status":"closed","ping_status":"closed","sticky":false,"template":"","format":"standard","meta":{"_monsterinsights_skip_tracking":false,"_monsterinsights_sitenote_active":false,"_monsterinsights_sitenote_note":"","_monsterinsights_sitenote_category":0,"footnotes":""},"categories":[83],"tags":[],"class_list":["post-3676","post","type-post","status-publish","format-standard","has-post-thumbnail","hentry","category-noticies"],"yoast_head":"<!-- This site is optimized with the Yoast SEO plugin v27.5 - https:\/\/yoast.com\/product\/yoast-seo-wordpress\/ -->\n<title>20.000 visitants en la primera edici\u00f3 del Sal\u00f3 del Cinema i les S\u00e8ries - La Farga L&#039;Hospitalet Centre d&#039;Activitats. La Farga GEM, S.A.<\/title>\n<meta name=\"description\" content=\"El primer Sal\u00f3 del Cinema i les S\u00e8ries, organitzat per Cinemaworld i La Farga de L\u2019Hospitalet ha tancat aquest diumenge amb gaireb\u00e9 20.000 visitants.\" \/>\n<meta name=\"robots\" content=\"index, follow, max-snippet:-1, max-image-preview:large, max-video-preview:-1\" \/>\n<link rel=\"canonical\" href=\"https:\/\/www.lafargalhospitalet.com\/ca\/20-000-visitants-en-la-primera-edicio-del-salo-del-cinema-i-les-series\/\" \/>\n<meta property=\"og:locale\" content=\"ca_ES\" \/>\n<meta property=\"og:type\" content=\"article\" \/>\n<meta property=\"og:title\" content=\"20.000 visitants en la primera edici\u00f3 del Sal\u00f3 del Cinema i les S\u00e8ries - La Farga L&#039;Hospitalet Centre d&#039;Activitats. La Farga GEM, S.A.\" \/>\n<meta property=\"og:description\" content=\"El primer Sal\u00f3 del Cinema i les S\u00e8ries, organitzat per Cinemaworld i La Farga de L\u2019Hospitalet ha tancat aquest diumenge amb gaireb\u00e9 20.000 visitants.\" \/>\n<meta property=\"og:url\" content=\"https:\/\/www.lafargalhospitalet.com\/ca\/20-000-visitants-en-la-primera-edicio-del-salo-del-cinema-i-les-series\/\" \/>\n<meta property=\"og:site_name\" content=\"La Farga L&#039;Hospitalet Centre d&#039;Activitats. La Farga GEM, S.A.\" \/>\n<meta property=\"article:publisher\" content=\"https:\/\/www.facebook.com\/fargahospitalet\/\" \/>\n<meta property=\"article:published_time\" content=\"2016-01-31T11:36:32+00:00\" \/>\n<meta property=\"article:modified_time\" content=\"2025-11-03T17:29:36+00:00\" \/>\n<meta property=\"og:image\" content=\"https:\/\/www.lafargalhospitalet.com\/wp-content\/uploads\/2016\/05\/salon-cine-farga.jpg\" \/>\n\t<meta property=\"og:image:width\" content=\"730\" \/>\n\t<meta property=\"og:image:height\" content=\"410\" \/>\n\t<meta property=\"og:image:type\" content=\"image\/jpeg\" \/>\n<meta name=\"author\" content=\"La Farga Centre d&#039;Activitats\" \/>\n<meta name=\"twitter:card\" content=\"summary_large_image\" \/>\n<meta name=\"twitter:creator\" content=\"@fargahospitalet\" \/>\n<meta name=\"twitter:site\" content=\"@fargahospitalet\" \/>\n<meta name=\"twitter:label1\" content=\"Escrit per\" \/>\n\t<meta name=\"twitter:data1\" content=\"La Farga Centre d&#039;Activitats\" \/>\n\t<meta name=\"twitter:label2\" content=\"Temps estimat de lectura\" \/>\n\t<meta name=\"twitter:data2\" content=\"2 minuts\" \/>\n<script type=\"application\/ld+json\" class=\"yoast-schema-graph\">{\"@context\":\"https:\\\/\\\/schema.org\",\"@graph\":[{\"@type\":\"Article\",\"@id\":\"https:\\\/\\\/www.lafargalhospitalet.com\\\/ca\\\/20-000-visitants-en-la-primera-edicio-del-salo-del-cinema-i-les-series\\\/#article\",\"isPartOf\":{\"@id\":\"https:\\\/\\\/www.lafargalhospitalet.com\\\/ca\\\/20-000-visitants-en-la-primera-edicio-del-salo-del-cinema-i-les-series\\\/\"},\"author\":{\"name\":\"La Farga Centre d'Activitats\",\"@id\":\"https:\\\/\\\/www.lafargalhospitalet.com\\\/#\\\/schema\\\/person\\\/6cbac0ef7748506b167ff859e1c7f378\"},\"headline\":\"20.000 visitants en la primera edici\u00f3 del Sal\u00f3 del Cinema i les S\u00e8ries\",\"datePublished\":\"2016-01-31T11:36:32+00:00\",\"dateModified\":\"2025-11-03T17:29:36+00:00\",\"mainEntityOfPage\":{\"@id\":\"https:\\\/\\\/www.lafargalhospitalet.com\\\/ca\\\/20-000-visitants-en-la-primera-edicio-del-salo-del-cinema-i-les-series\\\/\"},\"wordCount\":414,\"publisher\":{\"@id\":\"https:\\\/\\\/www.lafargalhospitalet.com\\\/#organization\"},\"image\":{\"@id\":\"https:\\\/\\\/www.lafargalhospitalet.com\\\/ca\\\/20-000-visitants-en-la-primera-edicio-del-salo-del-cinema-i-les-series\\\/#primaryimage\"},\"thumbnailUrl\":\"https:\\\/\\\/www.lafargalhospitalet.com\\\/wp-content\\\/uploads\\\/2016\\\/05\\\/salon-cine-farga.jpg\",\"articleSection\":[\"Noticies\"],\"inLanguage\":\"ca\"},{\"@type\":\"WebPage\",\"@id\":\"https:\\\/\\\/www.lafargalhospitalet.com\\\/ca\\\/20-000-visitants-en-la-primera-edicio-del-salo-del-cinema-i-les-series\\\/\",\"url\":\"https:\\\/\\\/www.lafargalhospitalet.com\\\/ca\\\/20-000-visitants-en-la-primera-edicio-del-salo-del-cinema-i-les-series\\\/\",\"name\":\"20.000 visitants en la primera edici\u00f3 del Sal\u00f3 del Cinema i les S\u00e8ries - La Farga L&#039;Hospitalet Centre d&#039;Activitats. La Farga GEM, S.A.\",\"isPartOf\":{\"@id\":\"https:\\\/\\\/www.lafargalhospitalet.com\\\/#website\"},\"primaryImageOfPage\":{\"@id\":\"https:\\\/\\\/www.lafargalhospitalet.com\\\/ca\\\/20-000-visitants-en-la-primera-edicio-del-salo-del-cinema-i-les-series\\\/#primaryimage\"},\"image\":{\"@id\":\"https:\\\/\\\/www.lafargalhospitalet.com\\\/ca\\\/20-000-visitants-en-la-primera-edicio-del-salo-del-cinema-i-les-series\\\/#primaryimage\"},\"thumbnailUrl\":\"https:\\\/\\\/www.lafargalhospitalet.com\\\/wp-content\\\/uploads\\\/2016\\\/05\\\/salon-cine-farga.jpg\",\"datePublished\":\"2016-01-31T11:36:32+00:00\",\"dateModified\":\"2025-11-03T17:29:36+00:00\",\"description\":\"El primer Sal\u00f3 del Cinema i les S\u00e8ries, organitzat per Cinemaworld i La Farga de L\u2019Hospitalet ha tancat aquest diumenge amb gaireb\u00e9 20.000 visitants.\",\"breadcrumb\":{\"@id\":\"https:\\\/\\\/www.lafargalhospitalet.com\\\/ca\\\/20-000-visitants-en-la-primera-edicio-del-salo-del-cinema-i-les-series\\\/#breadcrumb\"},\"inLanguage\":\"ca\",\"potentialAction\":[{\"@type\":\"ReadAction\",\"target\":[\"https:\\\/\\\/www.lafargalhospitalet.com\\\/ca\\\/20-000-visitants-en-la-primera-edicio-del-salo-del-cinema-i-les-series\\\/\"]}]},{\"@type\":\"ImageObject\",\"inLanguage\":\"ca\",\"@id\":\"https:\\\/\\\/www.lafargalhospitalet.com\\\/ca\\\/20-000-visitants-en-la-primera-edicio-del-salo-del-cinema-i-les-series\\\/#primaryimage\",\"url\":\"https:\\\/\\\/www.lafargalhospitalet.com\\\/wp-content\\\/uploads\\\/2016\\\/05\\\/salon-cine-farga.jpg\",\"contentUrl\":\"https:\\\/\\\/www.lafargalhospitalet.com\\\/wp-content\\\/uploads\\\/2016\\\/05\\\/salon-cine-farga.jpg\",\"width\":730,\"height\":410},{\"@type\":\"BreadcrumbList\",\"@id\":\"https:\\\/\\\/www.lafargalhospitalet.com\\\/ca\\\/20-000-visitants-en-la-primera-edicio-del-salo-del-cinema-i-les-series\\\/#breadcrumb\",\"itemListElement\":[{\"@type\":\"ListItem\",\"position\":1,\"name\":\"Portada\",\"item\":\"https:\\\/\\\/www.lafargalhospitalet.com\\\/\"},{\"@type\":\"ListItem\",\"position\":2,\"name\":\"20.000 visitants en la primera edici\u00f3 del Sal\u00f3 del Cinema i les S\u00e8ries\"}]},{\"@type\":\"WebSite\",\"@id\":\"https:\\\/\\\/www.lafargalhospitalet.com\\\/#website\",\"url\":\"https:\\\/\\\/www.lafargalhospitalet.com\\\/\",\"name\":\"La Farga L'Hospitalet Centre d'Activitats. La Farga GEM, S.A.\",\"description\":\"La Farga L&#039;Hospitalet Centre d&#039;Activitats. Gestionat per La Farga GEM, S.A. Fires i Congressos. Concerts, exposicions, reunions, filmacions, sopars de gala.\",\"publisher\":{\"@id\":\"https:\\\/\\\/www.lafargalhospitalet.com\\\/#organization\"},\"potentialAction\":[{\"@type\":\"SearchAction\",\"target\":{\"@type\":\"EntryPoint\",\"urlTemplate\":\"https:\\\/\\\/www.lafargalhospitalet.com\\\/?s={search_term_string}\"},\"query-input\":{\"@type\":\"PropertyValueSpecification\",\"valueRequired\":true,\"valueName\":\"search_term_string\"}}],\"inLanguage\":\"ca\"},{\"@type\":\"Organization\",\"@id\":\"https:\\\/\\\/www.lafargalhospitalet.com\\\/#organization\",\"name\":\"La Farga L'Hospitalet Centre d'Activitats. La Farga GEM, S.A.\",\"url\":\"https:\\\/\\\/www.lafargalhospitalet.com\\\/\",\"logo\":{\"@type\":\"ImageObject\",\"inLanguage\":\"ca\",\"@id\":\"https:\\\/\\\/www.lafargalhospitalet.com\\\/#\\\/schema\\\/logo\\\/image\\\/\",\"url\":\"https:\\\/\\\/www.lafargalhospitalet.com\\\/wp-content\\\/uploads\\\/2025\\\/10\\\/logotipo_lafarga_centre_activitats.png\",\"contentUrl\":\"https:\\\/\\\/www.lafargalhospitalet.com\\\/wp-content\\\/uploads\\\/2025\\\/10\\\/logotipo_lafarga_centre_activitats.png\",\"width\":266,\"height\":101,\"caption\":\"La Farga L'Hospitalet Centre d'Activitats. La Farga GEM, S.A.\"},\"image\":{\"@id\":\"https:\\\/\\\/www.lafargalhospitalet.com\\\/#\\\/schema\\\/logo\\\/image\\\/\"},\"sameAs\":[\"https:\\\/\\\/www.facebook.com\\\/fargahospitalet\\\/\",\"https:\\\/\\\/x.com\\\/fargahospitalet\",\"https:\\\/\\\/www.instagram.com\\\/lafargahospitalet\\\/\",\"https:\\\/\\\/www.youtube.com\\\/channel\\\/UCoLt6hen3PqGXgbLMGI3Qdw\",\"https:\\\/\\\/www.flickr.com\\\/photos\\\/lafargagemsa\\\/albums\"]},{\"@type\":\"Person\",\"@id\":\"https:\\\/\\\/www.lafargalhospitalet.com\\\/#\\\/schema\\\/person\\\/6cbac0ef7748506b167ff859e1c7f378\",\"name\":\"La Farga Centre d'Activitats\",\"sameAs\":[\"https:\\\/\\\/www.lafargalhospitalet.com\"],\"url\":\"https:\\\/\\\/www.lafargalhospitalet.com\\\/ca\\\/author\\\/far25gmin\\\/\"}]}<\/script>\n<!-- \/ Yoast SEO plugin. -->","yoast_head_json":{"title":"20.000 visitants en la primera edici\u00f3 del Sal\u00f3 del Cinema i les S\u00e8ries - La Farga L&#039;Hospitalet Centre d&#039;Activitats. La Farga GEM, S.A.","description":"El primer Sal\u00f3 del Cinema i les S\u00e8ries, organitzat per Cinemaworld i La Farga de L\u2019Hospitalet ha tancat aquest diumenge amb gaireb\u00e9 20.000 visitants.","robots":{"index":"index","follow":"follow","max-snippet":"max-snippet:-1","max-image-preview":"max-image-preview:large","max-video-preview":"max-video-preview:-1"},"canonical":"https:\/\/www.lafargalhospitalet.com\/ca\/20-000-visitants-en-la-primera-edicio-del-salo-del-cinema-i-les-series\/","og_locale":"ca_ES","og_type":"article","og_title":"20.000 visitants en la primera edici\u00f3 del Sal\u00f3 del Cinema i les S\u00e8ries - La Farga L&#039;Hospitalet Centre d&#039;Activitats. La Farga GEM, S.A.","og_description":"El primer Sal\u00f3 del Cinema i les S\u00e8ries, organitzat per Cinemaworld i La Farga de L\u2019Hospitalet ha tancat aquest diumenge amb gaireb\u00e9 20.000 visitants.","og_url":"https:\/\/www.lafargalhospitalet.com\/ca\/20-000-visitants-en-la-primera-edicio-del-salo-del-cinema-i-les-series\/","og_site_name":"La Farga L&#039;Hospitalet Centre d&#039;Activitats. La Farga GEM, S.A.","article_publisher":"https:\/\/www.facebook.com\/fargahospitalet\/","article_published_time":"2016-01-31T11:36:32+00:00","article_modified_time":"2025-11-03T17:29:36+00:00","og_image":[{"width":730,"height":410,"url":"https:\/\/www.lafargalhospitalet.com\/wp-content\/uploads\/2016\/05\/salon-cine-farga.jpg","type":"image\/jpeg"}],"author":"La Farga Centre d'Activitats","twitter_card":"summary_large_image","twitter_creator":"@fargahospitalet","twitter_site":"@fargahospitalet","twitter_misc":{"Escrit per":"La Farga Centre d'Activitats","Temps estimat de lectura":"2 minuts"},"schema":{"@context":"https:\/\/schema.org","@graph":[{"@type":"Article","@id":"https:\/\/www.lafargalhospitalet.com\/ca\/20-000-visitants-en-la-primera-edicio-del-salo-del-cinema-i-les-series\/#article","isPartOf":{"@id":"https:\/\/www.lafargalhospitalet.com\/ca\/20-000-visitants-en-la-primera-edicio-del-salo-del-cinema-i-les-series\/"},"author":{"name":"La Farga Centre d'Activitats","@id":"https:\/\/www.lafargalhospitalet.com\/#\/schema\/person\/6cbac0ef7748506b167ff859e1c7f378"},"headline":"20.000 visitants en la primera edici\u00f3 del Sal\u00f3 del Cinema i les S\u00e8ries","datePublished":"2016-01-31T11:36:32+00:00","dateModified":"2025-11-03T17:29:36+00:00","mainEntityOfPage":{"@id":"https:\/\/www.lafargalhospitalet.com\/ca\/20-000-visitants-en-la-primera-edicio-del-salo-del-cinema-i-les-series\/"},"wordCount":414,"publisher":{"@id":"https:\/\/www.lafargalhospitalet.com\/#organization"},"image":{"@id":"https:\/\/www.lafargalhospitalet.com\/ca\/20-000-visitants-en-la-primera-edicio-del-salo-del-cinema-i-les-series\/#primaryimage"},"thumbnailUrl":"https:\/\/www.lafargalhospitalet.com\/wp-content\/uploads\/2016\/05\/salon-cine-farga.jpg","articleSection":["Noticies"],"inLanguage":"ca"},{"@type":"WebPage","@id":"https:\/\/www.lafargalhospitalet.com\/ca\/20-000-visitants-en-la-primera-edicio-del-salo-del-cinema-i-les-series\/","url":"https:\/\/www.lafargalhospitalet.com\/ca\/20-000-visitants-en-la-primera-edicio-del-salo-del-cinema-i-les-series\/","name":"20.000 visitants en la primera edici\u00f3 del Sal\u00f3 del Cinema i les S\u00e8ries - La Farga L&#039;Hospitalet Centre d&#039;Activitats. La Farga GEM, S.A.","isPartOf":{"@id":"https:\/\/www.lafargalhospitalet.com\/#website"},"primaryImageOfPage":{"@id":"https:\/\/www.lafargalhospitalet.com\/ca\/20-000-visitants-en-la-primera-edicio-del-salo-del-cinema-i-les-series\/#primaryimage"},"image":{"@id":"https:\/\/www.lafargalhospitalet.com\/ca\/20-000-visitants-en-la-primera-edicio-del-salo-del-cinema-i-les-series\/#primaryimage"},"thumbnailUrl":"https:\/\/www.lafargalhospitalet.com\/wp-content\/uploads\/2016\/05\/salon-cine-farga.jpg","datePublished":"2016-01-31T11:36:32+00:00","dateModified":"2025-11-03T17:29:36+00:00","description":"El primer Sal\u00f3 del Cinema i les S\u00e8ries, organitzat per Cinemaworld i La Farga de L\u2019Hospitalet ha tancat aquest diumenge amb gaireb\u00e9 20.000 visitants.","breadcrumb":{"@id":"https:\/\/www.lafargalhospitalet.com\/ca\/20-000-visitants-en-la-primera-edicio-del-salo-del-cinema-i-les-series\/#breadcrumb"},"inLanguage":"ca","potentialAction":[{"@type":"ReadAction","target":["https:\/\/www.lafargalhospitalet.com\/ca\/20-000-visitants-en-la-primera-edicio-del-salo-del-cinema-i-les-series\/"]}]},{"@type":"ImageObject","inLanguage":"ca","@id":"https:\/\/www.lafargalhospitalet.com\/ca\/20-000-visitants-en-la-primera-edicio-del-salo-del-cinema-i-les-series\/#primaryimage","url":"https:\/\/www.lafargalhospitalet.com\/wp-content\/uploads\/2016\/05\/salon-cine-farga.jpg","contentUrl":"https:\/\/www.lafargalhospitalet.com\/wp-content\/uploads\/2016\/05\/salon-cine-farga.jpg","width":730,"height":410},{"@type":"BreadcrumbList","@id":"https:\/\/www.lafargalhospitalet.com\/ca\/20-000-visitants-en-la-primera-edicio-del-salo-del-cinema-i-les-series\/#breadcrumb","itemListElement":[{"@type":"ListItem","position":1,"name":"Portada","item":"https:\/\/www.lafargalhospitalet.com\/"},{"@type":"ListItem","position":2,"name":"20.000 visitants en la primera edici\u00f3 del Sal\u00f3 del Cinema i les S\u00e8ries"}]},{"@type":"WebSite","@id":"https:\/\/www.lafargalhospitalet.com\/#website","url":"https:\/\/www.lafargalhospitalet.com\/","name":"La Farga L'Hospitalet Centre d'Activitats. La Farga GEM, S.A.","description":"La Farga L&#039;Hospitalet Centre d&#039;Activitats. Gestionat per La Farga GEM, S.A. Fires i Congressos. Concerts, exposicions, reunions, filmacions, sopars de gala.","publisher":{"@id":"https:\/\/www.lafargalhospitalet.com\/#organization"},"potentialAction":[{"@type":"SearchAction","target":{"@type":"EntryPoint","urlTemplate":"https:\/\/www.lafargalhospitalet.com\/?s={search_term_string}"},"query-input":{"@type":"PropertyValueSpecification","valueRequired":true,"valueName":"search_term_string"}}],"inLanguage":"ca"},{"@type":"Organization","@id":"https:\/\/www.lafargalhospitalet.com\/#organization","name":"La Farga L'Hospitalet Centre d'Activitats. La Farga GEM, S.A.","url":"https:\/\/www.lafargalhospitalet.com\/","logo":{"@type":"ImageObject","inLanguage":"ca","@id":"https:\/\/www.lafargalhospitalet.com\/#\/schema\/logo\/image\/","url":"https:\/\/www.lafargalhospitalet.com\/wp-content\/uploads\/2025\/10\/logotipo_lafarga_centre_activitats.png","contentUrl":"https:\/\/www.lafargalhospitalet.com\/wp-content\/uploads\/2025\/10\/logotipo_lafarga_centre_activitats.png","width":266,"height":101,"caption":"La Farga L'Hospitalet Centre d'Activitats. La Farga GEM, S.A."},"image":{"@id":"https:\/\/www.lafargalhospitalet.com\/#\/schema\/logo\/image\/"},"sameAs":["https:\/\/www.facebook.com\/fargahospitalet\/","https:\/\/x.com\/fargahospitalet","https:\/\/www.instagram.com\/lafargahospitalet\/","https:\/\/www.youtube.com\/channel\/UCoLt6hen3PqGXgbLMGI3Qdw","https:\/\/www.flickr.com\/photos\/lafargagemsa\/albums"]},{"@type":"Person","@id":"https:\/\/www.lafargalhospitalet.com\/#\/schema\/person\/6cbac0ef7748506b167ff859e1c7f378","name":"La Farga Centre d'Activitats","sameAs":["https:\/\/www.lafargalhospitalet.com"],"url":"https:\/\/www.lafargalhospitalet.com\/ca\/author\/far25gmin\/"}]}},"_links":{"self":[{"href":"https:\/\/www.lafargalhospitalet.com\/ca\/wp-json\/wp\/v2\/posts\/3676","targetHints":{"allow":["GET"]}}],"collection":[{"href":"https:\/\/www.lafargalhospitalet.com\/ca\/wp-json\/wp\/v2\/posts"}],"about":[{"href":"https:\/\/www.lafargalhospitalet.com\/ca\/wp-json\/wp\/v2\/types\/post"}],"author":[{"embeddable":true,"href":"https:\/\/www.lafargalhospitalet.com\/ca\/wp-json\/wp\/v2\/users\/1"}],"replies":[{"embeddable":true,"href":"https:\/\/www.lafargalhospitalet.com\/ca\/wp-json\/wp\/v2\/comments?post=3676"}],"version-history":[{"count":0,"href":"https:\/\/www.lafargalhospitalet.com\/ca\/wp-json\/wp\/v2\/posts\/3676\/revisions"}],"wp:featuredmedia":[{"embeddable":true,"href":"https:\/\/www.lafargalhospitalet.com\/ca\/wp-json\/wp\/v2\/media\/3677"}],"wp:attachment":[{"href":"https:\/\/www.lafargalhospitalet.com\/ca\/wp-json\/wp\/v2\/media?parent=3676"}],"wp:term":[{"taxonomy":"category","embeddable":true,"href":"https:\/\/www.lafargalhospitalet.com\/ca\/wp-json\/wp\/v2\/categories?post=3676"},{"taxonomy":"post_tag","embeddable":true,"href":"https:\/\/www.lafargalhospitalet.com\/ca\/wp-json\/wp\/v2\/tags?post=3676"}],"curies":[{"name":"wp","href":"https:\/\/api.w.org\/{rel}","templated":true}]}}