{"id":3742,"date":"2016-05-12T16:06:45","date_gmt":"2016-05-12T15:06:45","guid":{"rendered":"http:\/\/www.lafargalhospitalet.com\/?p=3742"},"modified":"2025-11-03T18:29:25","modified_gmt":"2025-11-03T17:29:25","slug":"nuria-marin-desitjo-que-innova-tingui-la-mateixa-projeccio-que-altres-salons-que-han-triat-la-farga","status":"publish","type":"post","link":"https:\/\/www.lafargalhospitalet.com\/ca\/nuria-marin-desitjo-que-innova-tingui-la-mateixa-projeccio-que-altres-salons-que-han-triat-la-farga\/","title":{"rendered":"N\u00faria Mar\u00edn: &#8216;Desitjo que Innova tingui la mateixa projecci\u00f3 d&#8217;altres salons que han triat La Farga&#8217;"},"content":{"rendered":"<p>L\u2019alcaldessa de L\u2019Hospitalet, N\u00faria Mar\u00edn, ha visitat avui <a href=\"http:\/\/www.innova-barcelona.com\/ca\/\" target=\"_blank\">Innova, Fira Internacional d\u2019Innovaci\u00f3, Investigaci\u00f3 i Noves Tecnologies<\/a>, que se celebra a La Farga de L\u2019Hospitalet fins dissabte, 14 de maig.<\/p>\n<p>Durant la visita, ha estat acompanyada per Florent Godin, president de Conceptum, empresa organitzadora del Sal\u00f3, i per Esther Real, vicerectora de la Universitat Polit\u00e8cnica de Catalunya.<\/p>\n<p>Aquesta \u00e9s la primera vegada que La Farga Centre d\u2019Activitats acull aquest sal\u00f3, que s\u2019havia celebrat a Brussel\u00b7les en les 64 edicions anteriors, un fet que l\u2019alcaldessa ha valorat de manera molt positiva.<em> \u201cEstic contenta que Innova aterri a L\u2019Hospitalet, una ciutat que aposta per la innovaci\u00f3, pel talent i per la nova economia. Desitjo que sigui tot un \u00e8xit i que tingui la mateixa projecci\u00f3 que han tingut altres salons que han triat aquest espai de La Farga\u201d<\/em>.<\/p>\n<p>La mostra est\u00e0 organitzada per Conceptum Spain i La Farga de L\u2019Hospitalet, i disposa de 4.000 metres quadrats per a 300 projectes d\u2019innovaci\u00f3 de diferents pa\u00efsos, que reuneix empreses vinculades a la innovaci\u00f3 i la recerca, emprenedors, joves inventors i institucions actives en I+D, amb l\u2019objectiu que sigui una trobada que obri oportunitats per a tothom.<\/p>\n<p>Els sectors presents s\u00f3n el d\u2019inform\u00e0tica i telecomunicacions; enginyeria, consultoria i assessoria; industrial i metal\u00b7l\u00fargia; medicina i salut; energia i medi ambient; agroalimentaci\u00f3 i biotecnologia, i aeron\u00e0utica i automoci\u00f3.<\/p>\n<p>El sal\u00f3 Innova compta, a m\u00e9s, amb un ampli programa d\u2019activitats paral\u00b7leles: pon\u00e8ncies, confer\u00e8ncies i una sessi\u00f3 de networking organitzada avui, dijous, amb 100 empreses, per generar xarxes de cooperaci\u00f3 i negoci divulgant les l\u00ednies d\u2019investigaci\u00f3, tecnologies i coneixement.<\/p>\n<p>Entre les activitats previstes destaca la confer\u00e8ncia que oferir\u00e0 divendres el professor <a href=\"https:\/\/www.lafargalhospitalet.com\/gay-de-liebana-present-al-salo-innova-de-la-farga\/\" target=\"_blank\">Jos\u00e9 Mar\u00eda Gay de Li\u00e9bana sobre &#8220;La innovaci\u00f3 com a font d\u2019oportunitats&#8221;<\/a>, la presentaci\u00f3 del jove emprenedor Pablo Pantaleoni (Medtep), amb la pon\u00e8ncia \u201cDigital Health\u201d, o la vinculada a la rob\u00f2tica a c\u00e0rrec de Carles Soler, de Casiopea Robotics.<\/p>\n<p>En el marc d\u2019aquest sal\u00f3 tamb\u00e9 hi haur\u00e0 l\u2019acte de lliurament dels premis Eureka, que es far\u00e0 divendres, 13 de maig, al Palauet de Can Buxeres. Eureka \u00e9s el certamen internacional de reconeixement als millors projectes presentats al sal\u00f3 Innova. Un jurat professional format per nombrosos empresaris i cient\u00edfics de diversos \u00e0mbits i sectors \u00e9s l\u2019encarregat de valorar els projectes i atorgar els guardons.<\/p>\n<p><strong>Not\u00edcies i enlla\u00e7os relacionats<\/strong><\/p>\n<ul>\n<li><a href=\"http:\/\/www.lafarga.com\/corporatiu\/la-farga-de-lhospitalet-obre-les-portes-al-salo-innova\/\" target=\"_blank\">La Farga de L\u2019Hospitalet obre les portes al Sal\u00f3 Innova<\/a><\/li>\n<li><a href=\"http:\/\/www.innova-barcelona.com\/ca\/innova-live\/\" target=\"_blank\">Programa de pon\u00e8ncies Innova Live<\/a><\/li>\n<li><a href=\"http:\/\/www.innova-barcelona.com\/ca\/innova-speech\/\" target=\"_blank\">Programa de pon\u00e8ncies Innova Speech<\/a><\/li>\n<li><a href=\"http:\/\/www.innova-barcelona.com\/wp-content\/uploads\/2016\/05\/Innovaciones.pdf\" target=\"_blank\">Premis Eureka. Llistat d\u2019innovacions<\/a><\/li>\n<li><a href=\"http:\/\/www.innova-barcelona.com\/ca\/jurat\/\" target=\"_blank\">Premis Eureka. Jurat<\/a><\/li>\n<\/ul>\n","protected":false},"excerpt":{"rendered":"<p>L\u2019alcaldessa de L\u2019Hospitalet, N\u00faria Mar\u00edn, ha visitat avui iNNOVA, Fira Internacional d\u2019Innovaci\u00f3, Investigaci\u00f3 i Noves Tecnologies, que se celebra a La Farga de L\u2019Hospitalet fins dissabte, 14 de maig.<\/p>\n","protected":false},"author":1,"featured_media":3743,"comment_status":"closed","ping_status":"closed","sticky":false,"template":"","format":"standard","meta":{"_monsterinsights_skip_tracking":false,"_monsterinsights_sitenote_active":false,"_monsterinsights_sitenote_note":"","_monsterinsights_sitenote_category":0,"footnotes":""},"categories":[83],"tags":[],"class_list":["post-3742","post","type-post","status-publish","format-standard","has-post-thumbnail","hentry","category-noticies"],"yoast_head":"<!-- This site is optimized with the Yoast SEO plugin v27.5 - https:\/\/yoast.com\/product\/yoast-seo-wordpress\/ -->\n<title>N\u00faria Mar\u00edn: &#039;Desitjo que Innova tingui la mateixa projecci\u00f3 d&#039;altres salons que han triat La Farga&#039; - La Farga L&#039;Hospitalet Centre d&#039;Activitats. La Farga GEM, S.A.<\/title>\n<meta name=\"description\" content=\"L\u2019alcaldessa de L\u2019H, N\u00faria Mar\u00edn, ha visitat avui Innova, Fira Internacional d\u2019Innovaci\u00f3, Investigaci\u00f3 i Noves Tecnologies, que se celebra a La Farga.\" \/>\n<meta name=\"robots\" content=\"index, follow, max-snippet:-1, max-image-preview:large, max-video-preview:-1\" \/>\n<link rel=\"canonical\" href=\"https:\/\/www.lafargalhospitalet.com\/ca\/nuria-marin-desitjo-que-innova-tingui-la-mateixa-projeccio-que-altres-salons-que-han-triat-la-farga\/\" \/>\n<meta property=\"og:locale\" content=\"ca_ES\" \/>\n<meta property=\"og:type\" content=\"article\" \/>\n<meta property=\"og:title\" content=\"N\u00faria Mar\u00edn: &#039;Desitjo que Innova tingui la mateixa projecci\u00f3 d&#039;altres salons que han triat La Farga&#039; - La Farga L&#039;Hospitalet Centre d&#039;Activitats. La Farga GEM, S.A.\" \/>\n<meta property=\"og:description\" content=\"L\u2019alcaldessa de L\u2019H, N\u00faria Mar\u00edn, ha visitat avui Innova, Fira Internacional d\u2019Innovaci\u00f3, Investigaci\u00f3 i Noves Tecnologies, que se celebra a La Farga.\" \/>\n<meta property=\"og:url\" content=\"https:\/\/www.lafargalhospitalet.com\/ca\/nuria-marin-desitjo-que-innova-tingui-la-mateixa-projeccio-que-altres-salons-que-han-triat-la-farga\/\" \/>\n<meta property=\"og:site_name\" content=\"La Farga L&#039;Hospitalet Centre d&#039;Activitats. La Farga GEM, S.A.\" \/>\n<meta property=\"article:publisher\" content=\"https:\/\/www.facebook.com\/fargahospitalet\/\" \/>\n<meta property=\"article:published_time\" content=\"2016-05-12T15:06:45+00:00\" \/>\n<meta property=\"article:modified_time\" content=\"2025-11-03T17:29:25+00:00\" \/>\n<meta property=\"og:image\" content=\"https:\/\/www.lafargalhospitalet.com\/wp-content\/uploads\/2016\/05\/Innova-Farga-Nuria-Marin.jpg\" \/>\n\t<meta property=\"og:image:width\" content=\"730\" \/>\n\t<meta property=\"og:image:height\" content=\"410\" \/>\n\t<meta property=\"og:image:type\" content=\"image\/jpeg\" \/>\n<meta name=\"author\" content=\"La Farga Centre d&#039;Activitats\" \/>\n<meta name=\"twitter:card\" content=\"summary_large_image\" \/>\n<meta name=\"twitter:creator\" content=\"@fargahospitalet\" \/>\n<meta name=\"twitter:site\" content=\"@fargahospitalet\" \/>\n<meta name=\"twitter:label1\" content=\"Escrit per\" \/>\n\t<meta name=\"twitter:data1\" content=\"La Farga Centre d&#039;Activitats\" \/>\n\t<meta name=\"twitter:label2\" content=\"Temps estimat de lectura\" \/>\n\t<meta name=\"twitter:data2\" content=\"2 minuts\" \/>\n<script type=\"application\/ld+json\" class=\"yoast-schema-graph\">{\"@context\":\"https:\\\/\\\/schema.org\",\"@graph\":[{\"@type\":\"Article\",\"@id\":\"https:\\\/\\\/www.lafargalhospitalet.com\\\/ca\\\/nuria-marin-desitjo-que-innova-tingui-la-mateixa-projeccio-que-altres-salons-que-han-triat-la-farga\\\/#article\",\"isPartOf\":{\"@id\":\"https:\\\/\\\/www.lafargalhospitalet.com\\\/ca\\\/nuria-marin-desitjo-que-innova-tingui-la-mateixa-projeccio-que-altres-salons-que-han-triat-la-farga\\\/\"},\"author\":{\"name\":\"La Farga Centre d'Activitats\",\"@id\":\"https:\\\/\\\/www.lafargalhospitalet.com\\\/#\\\/schema\\\/person\\\/6cbac0ef7748506b167ff859e1c7f378\"},\"headline\":\"N\u00faria Mar\u00edn: &#8216;Desitjo que Innova tingui la mateixa projecci\u00f3 d&#8217;altres salons que han triat La Farga&#8217;\",\"datePublished\":\"2016-05-12T15:06:45+00:00\",\"dateModified\":\"2025-11-03T17:29:25+00:00\",\"mainEntityOfPage\":{\"@id\":\"https:\\\/\\\/www.lafargalhospitalet.com\\\/ca\\\/nuria-marin-desitjo-que-innova-tingui-la-mateixa-projeccio-que-altres-salons-que-han-triat-la-farga\\\/\"},\"wordCount\":465,\"publisher\":{\"@id\":\"https:\\\/\\\/www.lafargalhospitalet.com\\\/#organization\"},\"image\":{\"@id\":\"https:\\\/\\\/www.lafargalhospitalet.com\\\/ca\\\/nuria-marin-desitjo-que-innova-tingui-la-mateixa-projeccio-que-altres-salons-que-han-triat-la-farga\\\/#primaryimage\"},\"thumbnailUrl\":\"https:\\\/\\\/www.lafargalhospitalet.com\\\/wp-content\\\/uploads\\\/2016\\\/05\\\/Innova-Farga-Nuria-Marin.jpg\",\"articleSection\":[\"Noticies\"],\"inLanguage\":\"ca\"},{\"@type\":\"WebPage\",\"@id\":\"https:\\\/\\\/www.lafargalhospitalet.com\\\/ca\\\/nuria-marin-desitjo-que-innova-tingui-la-mateixa-projeccio-que-altres-salons-que-han-triat-la-farga\\\/\",\"url\":\"https:\\\/\\\/www.lafargalhospitalet.com\\\/ca\\\/nuria-marin-desitjo-que-innova-tingui-la-mateixa-projeccio-que-altres-salons-que-han-triat-la-farga\\\/\",\"name\":\"N\u00faria Mar\u00edn: 'Desitjo que Innova tingui la mateixa projecci\u00f3 d'altres salons que han triat La Farga' - La Farga L&#039;Hospitalet Centre d&#039;Activitats. La Farga GEM, S.A.\",\"isPartOf\":{\"@id\":\"https:\\\/\\\/www.lafargalhospitalet.com\\\/#website\"},\"primaryImageOfPage\":{\"@id\":\"https:\\\/\\\/www.lafargalhospitalet.com\\\/ca\\\/nuria-marin-desitjo-que-innova-tingui-la-mateixa-projeccio-que-altres-salons-que-han-triat-la-farga\\\/#primaryimage\"},\"image\":{\"@id\":\"https:\\\/\\\/www.lafargalhospitalet.com\\\/ca\\\/nuria-marin-desitjo-que-innova-tingui-la-mateixa-projeccio-que-altres-salons-que-han-triat-la-farga\\\/#primaryimage\"},\"thumbnailUrl\":\"https:\\\/\\\/www.lafargalhospitalet.com\\\/wp-content\\\/uploads\\\/2016\\\/05\\\/Innova-Farga-Nuria-Marin.jpg\",\"datePublished\":\"2016-05-12T15:06:45+00:00\",\"dateModified\":\"2025-11-03T17:29:25+00:00\",\"description\":\"L\u2019alcaldessa de L\u2019H, N\u00faria Mar\u00edn, ha visitat avui Innova, Fira Internacional d\u2019Innovaci\u00f3, Investigaci\u00f3 i Noves Tecnologies, que se celebra a La Farga.\",\"breadcrumb\":{\"@id\":\"https:\\\/\\\/www.lafargalhospitalet.com\\\/ca\\\/nuria-marin-desitjo-que-innova-tingui-la-mateixa-projeccio-que-altres-salons-que-han-triat-la-farga\\\/#breadcrumb\"},\"inLanguage\":\"ca\",\"potentialAction\":[{\"@type\":\"ReadAction\",\"target\":[\"https:\\\/\\\/www.lafargalhospitalet.com\\\/ca\\\/nuria-marin-desitjo-que-innova-tingui-la-mateixa-projeccio-que-altres-salons-que-han-triat-la-farga\\\/\"]}]},{\"@type\":\"ImageObject\",\"inLanguage\":\"ca\",\"@id\":\"https:\\\/\\\/www.lafargalhospitalet.com\\\/ca\\\/nuria-marin-desitjo-que-innova-tingui-la-mateixa-projeccio-que-altres-salons-que-han-triat-la-farga\\\/#primaryimage\",\"url\":\"https:\\\/\\\/www.lafargalhospitalet.com\\\/wp-content\\\/uploads\\\/2016\\\/05\\\/Innova-Farga-Nuria-Marin.jpg\",\"contentUrl\":\"https:\\\/\\\/www.lafargalhospitalet.com\\\/wp-content\\\/uploads\\\/2016\\\/05\\\/Innova-Farga-Nuria-Marin.jpg\",\"width\":730,\"height\":410},{\"@type\":\"BreadcrumbList\",\"@id\":\"https:\\\/\\\/www.lafargalhospitalet.com\\\/ca\\\/nuria-marin-desitjo-que-innova-tingui-la-mateixa-projeccio-que-altres-salons-que-han-triat-la-farga\\\/#breadcrumb\",\"itemListElement\":[{\"@type\":\"ListItem\",\"position\":1,\"name\":\"Portada\",\"item\":\"https:\\\/\\\/www.lafargalhospitalet.com\\\/\"},{\"@type\":\"ListItem\",\"position\":2,\"name\":\"N\u00faria Mar\u00edn: &#8216;Desitjo que Innova tingui la mateixa projecci\u00f3 d&#8217;altres salons que han triat La Farga&#8217;\"}]},{\"@type\":\"WebSite\",\"@id\":\"https:\\\/\\\/www.lafargalhospitalet.com\\\/#website\",\"url\":\"https:\\\/\\\/www.lafargalhospitalet.com\\\/\",\"name\":\"La Farga L'Hospitalet Centre d'Activitats. La Farga GEM, S.A.\",\"description\":\"La Farga L&#039;Hospitalet Centre d&#039;Activitats. Gestionat per La Farga GEM, S.A. Fires i Congressos. Concerts, exposicions, reunions, filmacions, sopars de gala.\",\"publisher\":{\"@id\":\"https:\\\/\\\/www.lafargalhospitalet.com\\\/#organization\"},\"potentialAction\":[{\"@type\":\"SearchAction\",\"target\":{\"@type\":\"EntryPoint\",\"urlTemplate\":\"https:\\\/\\\/www.lafargalhospitalet.com\\\/?s={search_term_string}\"},\"query-input\":{\"@type\":\"PropertyValueSpecification\",\"valueRequired\":true,\"valueName\":\"search_term_string\"}}],\"inLanguage\":\"ca\"},{\"@type\":\"Organization\",\"@id\":\"https:\\\/\\\/www.lafargalhospitalet.com\\\/#organization\",\"name\":\"La Farga L'Hospitalet Centre d'Activitats. La Farga GEM, S.A.\",\"url\":\"https:\\\/\\\/www.lafargalhospitalet.com\\\/\",\"logo\":{\"@type\":\"ImageObject\",\"inLanguage\":\"ca\",\"@id\":\"https:\\\/\\\/www.lafargalhospitalet.com\\\/#\\\/schema\\\/logo\\\/image\\\/\",\"url\":\"https:\\\/\\\/www.lafargalhospitalet.com\\\/wp-content\\\/uploads\\\/2025\\\/10\\\/logotipo_lafarga_centre_activitats.png\",\"contentUrl\":\"https:\\\/\\\/www.lafargalhospitalet.com\\\/wp-content\\\/uploads\\\/2025\\\/10\\\/logotipo_lafarga_centre_activitats.png\",\"width\":266,\"height\":101,\"caption\":\"La Farga L'Hospitalet Centre d'Activitats. La Farga GEM, S.A.\"},\"image\":{\"@id\":\"https:\\\/\\\/www.lafargalhospitalet.com\\\/#\\\/schema\\\/logo\\\/image\\\/\"},\"sameAs\":[\"https:\\\/\\\/www.facebook.com\\\/fargahospitalet\\\/\",\"https:\\\/\\\/x.com\\\/fargahospitalet\",\"https:\\\/\\\/www.instagram.com\\\/lafargahospitalet\\\/\",\"https:\\\/\\\/www.youtube.com\\\/channel\\\/UCoLt6hen3PqGXgbLMGI3Qdw\",\"https:\\\/\\\/www.flickr.com\\\/photos\\\/lafargagemsa\\\/albums\"]},{\"@type\":\"Person\",\"@id\":\"https:\\\/\\\/www.lafargalhospitalet.com\\\/#\\\/schema\\\/person\\\/6cbac0ef7748506b167ff859e1c7f378\",\"name\":\"La Farga Centre d'Activitats\",\"sameAs\":[\"https:\\\/\\\/www.lafargalhospitalet.com\"],\"url\":\"https:\\\/\\\/www.lafargalhospitalet.com\\\/ca\\\/author\\\/far25gmin\\\/\"}]}<\/script>\n<!-- \/ Yoast SEO plugin. -->","yoast_head_json":{"title":"N\u00faria Mar\u00edn: 'Desitjo que Innova tingui la mateixa projecci\u00f3 d'altres salons que han triat La Farga' - La Farga L&#039;Hospitalet Centre d&#039;Activitats. La Farga GEM, S.A.","description":"L\u2019alcaldessa de L\u2019H, N\u00faria Mar\u00edn, ha visitat avui Innova, Fira Internacional d\u2019Innovaci\u00f3, Investigaci\u00f3 i Noves Tecnologies, que se celebra a La Farga.","robots":{"index":"index","follow":"follow","max-snippet":"max-snippet:-1","max-image-preview":"max-image-preview:large","max-video-preview":"max-video-preview:-1"},"canonical":"https:\/\/www.lafargalhospitalet.com\/ca\/nuria-marin-desitjo-que-innova-tingui-la-mateixa-projeccio-que-altres-salons-que-han-triat-la-farga\/","og_locale":"ca_ES","og_type":"article","og_title":"N\u00faria Mar\u00edn: 'Desitjo que Innova tingui la mateixa projecci\u00f3 d'altres salons que han triat La Farga' - La Farga L&#039;Hospitalet Centre d&#039;Activitats. La Farga GEM, S.A.","og_description":"L\u2019alcaldessa de L\u2019H, N\u00faria Mar\u00edn, ha visitat avui Innova, Fira Internacional d\u2019Innovaci\u00f3, Investigaci\u00f3 i Noves Tecnologies, que se celebra a La Farga.","og_url":"https:\/\/www.lafargalhospitalet.com\/ca\/nuria-marin-desitjo-que-innova-tingui-la-mateixa-projeccio-que-altres-salons-que-han-triat-la-farga\/","og_site_name":"La Farga L&#039;Hospitalet Centre d&#039;Activitats. La Farga GEM, S.A.","article_publisher":"https:\/\/www.facebook.com\/fargahospitalet\/","article_published_time":"2016-05-12T15:06:45+00:00","article_modified_time":"2025-11-03T17:29:25+00:00","og_image":[{"width":730,"height":410,"url":"https:\/\/www.lafargalhospitalet.com\/wp-content\/uploads\/2016\/05\/Innova-Farga-Nuria-Marin.jpg","type":"image\/jpeg"}],"author":"La Farga Centre d'Activitats","twitter_card":"summary_large_image","twitter_creator":"@fargahospitalet","twitter_site":"@fargahospitalet","twitter_misc":{"Escrit per":"La Farga Centre d'Activitats","Temps estimat de lectura":"2 minuts"},"schema":{"@context":"https:\/\/schema.org","@graph":[{"@type":"Article","@id":"https:\/\/www.lafargalhospitalet.com\/ca\/nuria-marin-desitjo-que-innova-tingui-la-mateixa-projeccio-que-altres-salons-que-han-triat-la-farga\/#article","isPartOf":{"@id":"https:\/\/www.lafargalhospitalet.com\/ca\/nuria-marin-desitjo-que-innova-tingui-la-mateixa-projeccio-que-altres-salons-que-han-triat-la-farga\/"},"author":{"name":"La Farga Centre d'Activitats","@id":"https:\/\/www.lafargalhospitalet.com\/#\/schema\/person\/6cbac0ef7748506b167ff859e1c7f378"},"headline":"N\u00faria Mar\u00edn: &#8216;Desitjo que Innova tingui la mateixa projecci\u00f3 d&#8217;altres salons que han triat La Farga&#8217;","datePublished":"2016-05-12T15:06:45+00:00","dateModified":"2025-11-03T17:29:25+00:00","mainEntityOfPage":{"@id":"https:\/\/www.lafargalhospitalet.com\/ca\/nuria-marin-desitjo-que-innova-tingui-la-mateixa-projeccio-que-altres-salons-que-han-triat-la-farga\/"},"wordCount":465,"publisher":{"@id":"https:\/\/www.lafargalhospitalet.com\/#organization"},"image":{"@id":"https:\/\/www.lafargalhospitalet.com\/ca\/nuria-marin-desitjo-que-innova-tingui-la-mateixa-projeccio-que-altres-salons-que-han-triat-la-farga\/#primaryimage"},"thumbnailUrl":"https:\/\/www.lafargalhospitalet.com\/wp-content\/uploads\/2016\/05\/Innova-Farga-Nuria-Marin.jpg","articleSection":["Noticies"],"inLanguage":"ca"},{"@type":"WebPage","@id":"https:\/\/www.lafargalhospitalet.com\/ca\/nuria-marin-desitjo-que-innova-tingui-la-mateixa-projeccio-que-altres-salons-que-han-triat-la-farga\/","url":"https:\/\/www.lafargalhospitalet.com\/ca\/nuria-marin-desitjo-que-innova-tingui-la-mateixa-projeccio-que-altres-salons-que-han-triat-la-farga\/","name":"N\u00faria Mar\u00edn: 'Desitjo que Innova tingui la mateixa projecci\u00f3 d'altres salons que han triat La Farga' - La Farga L&#039;Hospitalet Centre d&#039;Activitats. La Farga GEM, S.A.","isPartOf":{"@id":"https:\/\/www.lafargalhospitalet.com\/#website"},"primaryImageOfPage":{"@id":"https:\/\/www.lafargalhospitalet.com\/ca\/nuria-marin-desitjo-que-innova-tingui-la-mateixa-projeccio-que-altres-salons-que-han-triat-la-farga\/#primaryimage"},"image":{"@id":"https:\/\/www.lafargalhospitalet.com\/ca\/nuria-marin-desitjo-que-innova-tingui-la-mateixa-projeccio-que-altres-salons-que-han-triat-la-farga\/#primaryimage"},"thumbnailUrl":"https:\/\/www.lafargalhospitalet.com\/wp-content\/uploads\/2016\/05\/Innova-Farga-Nuria-Marin.jpg","datePublished":"2016-05-12T15:06:45+00:00","dateModified":"2025-11-03T17:29:25+00:00","description":"L\u2019alcaldessa de L\u2019H, N\u00faria Mar\u00edn, ha visitat avui Innova, Fira Internacional d\u2019Innovaci\u00f3, Investigaci\u00f3 i Noves Tecnologies, que se celebra a La Farga.","breadcrumb":{"@id":"https:\/\/www.lafargalhospitalet.com\/ca\/nuria-marin-desitjo-que-innova-tingui-la-mateixa-projeccio-que-altres-salons-que-han-triat-la-farga\/#breadcrumb"},"inLanguage":"ca","potentialAction":[{"@type":"ReadAction","target":["https:\/\/www.lafargalhospitalet.com\/ca\/nuria-marin-desitjo-que-innova-tingui-la-mateixa-projeccio-que-altres-salons-que-han-triat-la-farga\/"]}]},{"@type":"ImageObject","inLanguage":"ca","@id":"https:\/\/www.lafargalhospitalet.com\/ca\/nuria-marin-desitjo-que-innova-tingui-la-mateixa-projeccio-que-altres-salons-que-han-triat-la-farga\/#primaryimage","url":"https:\/\/www.lafargalhospitalet.com\/wp-content\/uploads\/2016\/05\/Innova-Farga-Nuria-Marin.jpg","contentUrl":"https:\/\/www.lafargalhospitalet.com\/wp-content\/uploads\/2016\/05\/Innova-Farga-Nuria-Marin.jpg","width":730,"height":410},{"@type":"BreadcrumbList","@id":"https:\/\/www.lafargalhospitalet.com\/ca\/nuria-marin-desitjo-que-innova-tingui-la-mateixa-projeccio-que-altres-salons-que-han-triat-la-farga\/#breadcrumb","itemListElement":[{"@type":"ListItem","position":1,"name":"Portada","item":"https:\/\/www.lafargalhospitalet.com\/"},{"@type":"ListItem","position":2,"name":"N\u00faria Mar\u00edn: &#8216;Desitjo que Innova tingui la mateixa projecci\u00f3 d&#8217;altres salons que han triat La Farga&#8217;"}]},{"@type":"WebSite","@id":"https:\/\/www.lafargalhospitalet.com\/#website","url":"https:\/\/www.lafargalhospitalet.com\/","name":"La Farga L'Hospitalet Centre d'Activitats. La Farga GEM, S.A.","description":"La Farga L&#039;Hospitalet Centre d&#039;Activitats. Gestionat per La Farga GEM, S.A. Fires i Congressos. Concerts, exposicions, reunions, filmacions, sopars de gala.","publisher":{"@id":"https:\/\/www.lafargalhospitalet.com\/#organization"},"potentialAction":[{"@type":"SearchAction","target":{"@type":"EntryPoint","urlTemplate":"https:\/\/www.lafargalhospitalet.com\/?s={search_term_string}"},"query-input":{"@type":"PropertyValueSpecification","valueRequired":true,"valueName":"search_term_string"}}],"inLanguage":"ca"},{"@type":"Organization","@id":"https:\/\/www.lafargalhospitalet.com\/#organization","name":"La Farga L'Hospitalet Centre d'Activitats. La Farga GEM, S.A.","url":"https:\/\/www.lafargalhospitalet.com\/","logo":{"@type":"ImageObject","inLanguage":"ca","@id":"https:\/\/www.lafargalhospitalet.com\/#\/schema\/logo\/image\/","url":"https:\/\/www.lafargalhospitalet.com\/wp-content\/uploads\/2025\/10\/logotipo_lafarga_centre_activitats.png","contentUrl":"https:\/\/www.lafargalhospitalet.com\/wp-content\/uploads\/2025\/10\/logotipo_lafarga_centre_activitats.png","width":266,"height":101,"caption":"La Farga L'Hospitalet Centre d'Activitats. La Farga GEM, S.A."},"image":{"@id":"https:\/\/www.lafargalhospitalet.com\/#\/schema\/logo\/image\/"},"sameAs":["https:\/\/www.facebook.com\/fargahospitalet\/","https:\/\/x.com\/fargahospitalet","https:\/\/www.instagram.com\/lafargahospitalet\/","https:\/\/www.youtube.com\/channel\/UCoLt6hen3PqGXgbLMGI3Qdw","https:\/\/www.flickr.com\/photos\/lafargagemsa\/albums"]},{"@type":"Person","@id":"https:\/\/www.lafargalhospitalet.com\/#\/schema\/person\/6cbac0ef7748506b167ff859e1c7f378","name":"La Farga Centre d'Activitats","sameAs":["https:\/\/www.lafargalhospitalet.com"],"url":"https:\/\/www.lafargalhospitalet.com\/ca\/author\/far25gmin\/"}]}},"_links":{"self":[{"href":"https:\/\/www.lafargalhospitalet.com\/ca\/wp-json\/wp\/v2\/posts\/3742","targetHints":{"allow":["GET"]}}],"collection":[{"href":"https:\/\/www.lafargalhospitalet.com\/ca\/wp-json\/wp\/v2\/posts"}],"about":[{"href":"https:\/\/www.lafargalhospitalet.com\/ca\/wp-json\/wp\/v2\/types\/post"}],"author":[{"embeddable":true,"href":"https:\/\/www.lafargalhospitalet.com\/ca\/wp-json\/wp\/v2\/users\/1"}],"replies":[{"embeddable":true,"href":"https:\/\/www.lafargalhospitalet.com\/ca\/wp-json\/wp\/v2\/comments?post=3742"}],"version-history":[{"count":0,"href":"https:\/\/www.lafargalhospitalet.com\/ca\/wp-json\/wp\/v2\/posts\/3742\/revisions"}],"wp:featuredmedia":[{"embeddable":true,"href":"https:\/\/www.lafargalhospitalet.com\/ca\/wp-json\/wp\/v2\/media\/3743"}],"wp:attachment":[{"href":"https:\/\/www.lafargalhospitalet.com\/ca\/wp-json\/wp\/v2\/media?parent=3742"}],"wp:term":[{"taxonomy":"category","embeddable":true,"href":"https:\/\/www.lafargalhospitalet.com\/ca\/wp-json\/wp\/v2\/categories?post=3742"},{"taxonomy":"post_tag","embeddable":true,"href":"https:\/\/www.lafargalhospitalet.com\/ca\/wp-json\/wp\/v2\/tags?post=3742"}],"curies":[{"name":"wp","href":"https:\/\/api.w.org\/{rel}","templated":true}]}}