{"id":3783,"date":"2016-05-18T09:37:41","date_gmt":"2016-05-18T08:37:41","guid":{"rendered":"http:\/\/www.lafargalhospitalet.com\/?p=3783"},"modified":"2025-11-03T18:29:25","modified_gmt":"2025-11-03T17:29:25","slug":"innova-el-viver-del-coneixement-projectes-idees-i-talent","status":"publish","type":"post","link":"https:\/\/www.lafargalhospitalet.com\/ca\/innova-el-viver-del-coneixement-projectes-idees-i-talent\/","title":{"rendered":"Innova, el viver del coneixement, projectes, idees i talent"},"content":{"rendered":"<h5>\u00c8xit del Sal\u00f3 Innova 2016<\/h5>\n<p>Durant tres dies <a href=\"http:\/\/www.innova-barcelona.com\/ca\/\" target=\"_blank\">Innova, Sal\u00f3 de la Innovaci\u00f3, Investigaci\u00f3 i Noves Tecnologies<\/a>, celebrat a La Farga Centre d\u2019Activitats, ha estat el punt de trobada d\u2019atenci\u00f3 de diferents sectors que van des de la comunitat cient\u00edfica, el m\u00f3n universitari, empresarial i d\u2019inversi\u00f3 assolint una interrelaci\u00f3 que ha propiciat for\u00e7a sin\u00e8rgies positives.<\/p>\n<p>Innova, organitzada per Conceptum i La Farga de L\u2019Hospitalet, ha estat el centre de les propostes, nous projectes i brillants idees que en alguns casos necessiten el suport necessari per endegar plans d\u2019innovaci\u00f3 tecnol\u00f2gica, d\u2019investigaci\u00f3 m\u00e8dica entre d\u2019altres. Ha estat en aquest sentit que el <a href=\"http:\/\/www.keiretsuforum.es\/\" target=\"_blank\">Keiretsu F\u00f2rum<\/a> ha fet, a La Farga, de fil transmissor entre tots els agents participants a Innova.<\/p>\n<p>Aix\u00ed han estat presents entitats i organitzacions tant prestigioses en l\u2019\u00e0mbit empresarial com AEBALL (Associaci\u00f3 Empresarial de L\u2019Hospitalet i Baix Llobregat, Cambra de Comer\u00e7 de Barcelona, Associaci\u00f3 Empresarial de Pedrosa i Pimec (Micro, Petita i Mitjana Empresa de Catalunya); i d\u2019altres \u00e0mbits com el Club de Inventores, la Xarxa de Parcs Cient\u00edfics i Tecnol\u00f2gics de Catalunya i APTE (Asociaci\u00f3n de Parques Cient\u00edficos y Tecnol\u00f3gicos de Espa\u00f1a).<\/p>\n<p>En aquest certamen, que per primer cop s\u2019ha celebrat a Catalunya, s\u2019han donat a con\u00e8ixer projectes innovadors i de futur en mat\u00e8ries tan diferents com la investigaci\u00f3 cient\u00edfica, el medi ambient, el lleure, les tasques de la llar o la neteja urbana.<\/p>\n<p>En l\u2019\u00e0mbit cient\u00edfic i de coneixement han apostat per Innova, amb la seva pres\u00e8ncia, des de la Universitat Polit\u00e8cnica de Catalunya, passant per l\u2019IDIBELL (Institut d\u2019Investigaci\u00f3 Biom\u00e8dica de Bellvitge) o el Parc Cient\u00edfic de la Universitat de Barcelona.<\/p>\n<p>A Innova, hem vist des d\u2019un maniqu\u00ed que et permet ballar quan no tens parella, projecte arribat des de Fran\u00e7a per Baldoradance, uns ganivets tecnol\u00f2gics capa\u00e7os d\u2019arribar fins a 200 graus per tallar fins i tot pl\u00e0stic, o el <a href=\"http:\/\/www.sistemaeolicomorcillo.com\/index.php\/noticias\/noticias-sobre-el-proyecto\" target=\"_blank\">Sistema E\u00f2lic Morcillo<\/a>, de Cieza, projecte d\u2019autogeneradors que permeten aprofitar tamb\u00e9 els vents suaus per generar energia.<\/p>\n<p>En la innovaci\u00f3 en medicina i salut dos dels projectes que han captat m\u00e9s l\u2019atenci\u00f3, guardonats tamb\u00e9 als premis Eureka, han estat per una banda <strong>MimetikOss de David Pastorino<\/strong>. Aquest projecte \u00e9s un empelt ossi biomim\u00e8tic. La seva capacitat \u00fanica de comunicar amb el cos hum\u00e0 permet arribar a una completa i m\u00e9s r\u00e0pida regeneraci\u00f3 \u00f2ssia, en comparaci\u00f3 amb les solucions actuals. La seva similitud a l&#8217;os hum\u00e0 natural, gr\u00e0cies a la seva micro i nano topografia li permet ser reconegut com os propi per les c\u00e8l\u00b7lules \u00f2ssies i remodelat com a tal. I per l\u2019altra, el projecte nascut a l\u2019IDIBELL fet per <a href=\"http:\/\/xenopat.com\/ca\/\" target=\"_blank\">Xenopat<\/a>: <strong>Orthoxenograft<\/strong>. Els orthoxenografts s\u00f3n models murins en els quals s&#8217;implanta un fragment de tumor hum\u00e0 en el mateix \u00f2rgan d&#8217;origen. Aquests xenografts ortot\u00f2pics derivats de pacient mimetitzen perfectament la gen\u00e8tica, histologia i resposta a f\u00e0rmacs dels tumors humans. Aix\u00ed, els orthoxenografts s\u00f3n eines clau per al desenvolupament de nous f\u00e0rmacs oncol\u00f2gics. A m\u00e9s, els orthoxenografts, s\u00f3n tamb\u00e9 l&#8217;eina m\u00e9s innovadora per guiar amb evid\u00e8ncies cient\u00edfiques els tractaments personalitzats de c\u00e0ncer en temps real. Xenopat compta amb una col\u00b7lecci\u00f3 de centenars de orthoxenograft, incloent models de pulm\u00f3, mama, ovari, endometri, melanoma, c\u00f2lon, sarcoma i tumors pedi\u00e0trics.<\/p>\n<p>Els organitzadors d\u2019Innova ja pensen en celebrar una nova edici\u00f3 del sal\u00f3 aprofitant la bona impressi\u00f3 que ha deixat la viscuda enguany a La Farga de L\u2019Hospitalet.<\/p>\n<p><a href=\"http:\/\/www.innova-barcelona.com\/invention-2016\/\" target=\"_blank\">Premis Eureka. Llistat d&#8217;innovacions<br \/>\n<\/a>Not\u00edcia relacionada: <a href=\"http:\/\/www.idibell.cat\/modul\/noticies\/ca\/888\/xenopat-rep-el-premi-eureka-del-salo-innova-barcelona\" target=\"_blank\">Xenopat recibe el premio Eureka del Sal\u00f3n INNOVA Barcelona<\/a><a href=\"http:\/\/www.innova-barcelona.com\/invention-2016\/\" target=\"_blank\"><br \/>\n<\/a><\/p>\n<p>La fotografia correspon a: <a href=\"http:\/\/www.cucaval.es\/\" target=\"_blank\">Cucaval, membrana per a desaig\u00fces de Manuel Barrera<\/a>.<\/p>\n","protected":false},"excerpt":{"rendered":"<p>Durant tres dies Innova, Sal\u00f3 de la Innovaci\u00f3, Investigaci\u00f3 i Noves Tecnologies, celebrat a La Farga Centre d\u2019Activitats, ha estat el punt de trobada d\u2019atenci\u00f3 de diferents sectors que van des de la comunitat cient\u00edfica, el m\u00f3n universitari, empresarial i d\u2019inversi\u00f3 assolint una interrelaci\u00f3 que ha propiciat for\u00e7a sin\u00e8rgies positives.<\/p>\n","protected":false},"author":1,"featured_media":3784,"comment_status":"closed","ping_status":"closed","sticky":false,"template":"","format":"standard","meta":{"_monsterinsights_skip_tracking":false,"_monsterinsights_sitenote_active":false,"_monsterinsights_sitenote_note":"","_monsterinsights_sitenote_category":0,"footnotes":""},"categories":[83],"tags":[],"class_list":["post-3783","post","type-post","status-publish","format-standard","has-post-thumbnail","hentry","category-noticies"],"yoast_head":"<!-- This site is optimized with the Yoast SEO plugin v27.5 - https:\/\/yoast.com\/product\/yoast-seo-wordpress\/ -->\n<title>Innova, el viver del coneixement, projectes, idees i talent - La Farga L&#039;Hospitalet Centre d&#039;Activitats. La Farga GEM, S.A.<\/title>\n<meta name=\"description\" content=\"Innova, Sal\u00f3 de la Innovaci\u00f3, Investigaci\u00f3 i Noves Tecnologies, punt de trobada d\u2019atenci\u00f3 de la comunitat cient\u00edfica, el m\u00f3n universitari, empresarial.\" \/>\n<meta name=\"robots\" content=\"index, follow, max-snippet:-1, max-image-preview:large, max-video-preview:-1\" \/>\n<link rel=\"canonical\" href=\"https:\/\/www.lafargalhospitalet.com\/ca\/innova-el-viver-del-coneixement-projectes-idees-i-talent\/\" \/>\n<meta property=\"og:locale\" content=\"ca_ES\" \/>\n<meta property=\"og:type\" content=\"article\" \/>\n<meta property=\"og:title\" content=\"Innova, el viver del coneixement, projectes, idees i talent - La Farga L&#039;Hospitalet Centre d&#039;Activitats. La Farga GEM, S.A.\" \/>\n<meta property=\"og:description\" content=\"Innova, Sal\u00f3 de la Innovaci\u00f3, Investigaci\u00f3 i Noves Tecnologies, punt de trobada d\u2019atenci\u00f3 de la comunitat cient\u00edfica, el m\u00f3n universitari, empresarial.\" \/>\n<meta property=\"og:url\" content=\"https:\/\/www.lafargalhospitalet.com\/ca\/innova-el-viver-del-coneixement-projectes-idees-i-talent\/\" \/>\n<meta property=\"og:site_name\" content=\"La Farga L&#039;Hospitalet Centre d&#039;Activitats. La Farga GEM, S.A.\" \/>\n<meta property=\"article:publisher\" content=\"https:\/\/www.facebook.com\/fargahospitalet\/\" \/>\n<meta property=\"article:published_time\" content=\"2016-05-18T08:37:41+00:00\" \/>\n<meta property=\"article:modified_time\" content=\"2025-11-03T17:29:25+00:00\" \/>\n<meta property=\"og:image\" content=\"https:\/\/www.lafargalhospitalet.com\/wp-content\/uploads\/2016\/05\/Innova-Farga-desaigue.jpg\" \/>\n\t<meta property=\"og:image:width\" content=\"730\" \/>\n\t<meta property=\"og:image:height\" content=\"410\" \/>\n\t<meta property=\"og:image:type\" content=\"image\/jpeg\" \/>\n<meta name=\"author\" content=\"La Farga Centre d&#039;Activitats\" \/>\n<meta name=\"twitter:card\" content=\"summary_large_image\" \/>\n<meta name=\"twitter:creator\" content=\"@fargahospitalet\" \/>\n<meta name=\"twitter:site\" content=\"@fargahospitalet\" \/>\n<meta name=\"twitter:label1\" content=\"Escrit per\" \/>\n\t<meta name=\"twitter:data1\" content=\"La Farga Centre d&#039;Activitats\" \/>\n\t<meta name=\"twitter:label2\" content=\"Temps estimat de lectura\" \/>\n\t<meta name=\"twitter:data2\" content=\"3 minuts\" \/>\n<script type=\"application\/ld+json\" class=\"yoast-schema-graph\">{\"@context\":\"https:\\\/\\\/schema.org\",\"@graph\":[{\"@type\":\"Article\",\"@id\":\"https:\\\/\\\/www.lafargalhospitalet.com\\\/ca\\\/innova-el-viver-del-coneixement-projectes-idees-i-talent\\\/#article\",\"isPartOf\":{\"@id\":\"https:\\\/\\\/www.lafargalhospitalet.com\\\/ca\\\/innova-el-viver-del-coneixement-projectes-idees-i-talent\\\/\"},\"author\":{\"name\":\"La Farga Centre d'Activitats\",\"@id\":\"https:\\\/\\\/www.lafargalhospitalet.com\\\/#\\\/schema\\\/person\\\/6cbac0ef7748506b167ff859e1c7f378\"},\"headline\":\"Innova, el viver del coneixement, projectes, idees i talent\",\"datePublished\":\"2016-05-18T08:37:41+00:00\",\"dateModified\":\"2025-11-03T17:29:25+00:00\",\"mainEntityOfPage\":{\"@id\":\"https:\\\/\\\/www.lafargalhospitalet.com\\\/ca\\\/innova-el-viver-del-coneixement-projectes-idees-i-talent\\\/\"},\"wordCount\":659,\"publisher\":{\"@id\":\"https:\\\/\\\/www.lafargalhospitalet.com\\\/#organization\"},\"image\":{\"@id\":\"https:\\\/\\\/www.lafargalhospitalet.com\\\/ca\\\/innova-el-viver-del-coneixement-projectes-idees-i-talent\\\/#primaryimage\"},\"thumbnailUrl\":\"https:\\\/\\\/www.lafargalhospitalet.com\\\/wp-content\\\/uploads\\\/2016\\\/05\\\/Innova-Farga-desaigue.jpg\",\"articleSection\":[\"Noticies\"],\"inLanguage\":\"ca\"},{\"@type\":\"WebPage\",\"@id\":\"https:\\\/\\\/www.lafargalhospitalet.com\\\/ca\\\/innova-el-viver-del-coneixement-projectes-idees-i-talent\\\/\",\"url\":\"https:\\\/\\\/www.lafargalhospitalet.com\\\/ca\\\/innova-el-viver-del-coneixement-projectes-idees-i-talent\\\/\",\"name\":\"Innova, el viver del coneixement, projectes, idees i talent - La Farga L&#039;Hospitalet Centre d&#039;Activitats. La Farga GEM, S.A.\",\"isPartOf\":{\"@id\":\"https:\\\/\\\/www.lafargalhospitalet.com\\\/#website\"},\"primaryImageOfPage\":{\"@id\":\"https:\\\/\\\/www.lafargalhospitalet.com\\\/ca\\\/innova-el-viver-del-coneixement-projectes-idees-i-talent\\\/#primaryimage\"},\"image\":{\"@id\":\"https:\\\/\\\/www.lafargalhospitalet.com\\\/ca\\\/innova-el-viver-del-coneixement-projectes-idees-i-talent\\\/#primaryimage\"},\"thumbnailUrl\":\"https:\\\/\\\/www.lafargalhospitalet.com\\\/wp-content\\\/uploads\\\/2016\\\/05\\\/Innova-Farga-desaigue.jpg\",\"datePublished\":\"2016-05-18T08:37:41+00:00\",\"dateModified\":\"2025-11-03T17:29:25+00:00\",\"description\":\"Innova, Sal\u00f3 de la Innovaci\u00f3, Investigaci\u00f3 i Noves Tecnologies, punt de trobada d\u2019atenci\u00f3 de la comunitat cient\u00edfica, el m\u00f3n universitari, empresarial.\",\"breadcrumb\":{\"@id\":\"https:\\\/\\\/www.lafargalhospitalet.com\\\/ca\\\/innova-el-viver-del-coneixement-projectes-idees-i-talent\\\/#breadcrumb\"},\"inLanguage\":\"ca\",\"potentialAction\":[{\"@type\":\"ReadAction\",\"target\":[\"https:\\\/\\\/www.lafargalhospitalet.com\\\/ca\\\/innova-el-viver-del-coneixement-projectes-idees-i-talent\\\/\"]}]},{\"@type\":\"ImageObject\",\"inLanguage\":\"ca\",\"@id\":\"https:\\\/\\\/www.lafargalhospitalet.com\\\/ca\\\/innova-el-viver-del-coneixement-projectes-idees-i-talent\\\/#primaryimage\",\"url\":\"https:\\\/\\\/www.lafargalhospitalet.com\\\/wp-content\\\/uploads\\\/2016\\\/05\\\/Innova-Farga-desaigue.jpg\",\"contentUrl\":\"https:\\\/\\\/www.lafargalhospitalet.com\\\/wp-content\\\/uploads\\\/2016\\\/05\\\/Innova-Farga-desaigue.jpg\",\"width\":730,\"height\":410},{\"@type\":\"BreadcrumbList\",\"@id\":\"https:\\\/\\\/www.lafargalhospitalet.com\\\/ca\\\/innova-el-viver-del-coneixement-projectes-idees-i-talent\\\/#breadcrumb\",\"itemListElement\":[{\"@type\":\"ListItem\",\"position\":1,\"name\":\"Portada\",\"item\":\"https:\\\/\\\/www.lafargalhospitalet.com\\\/\"},{\"@type\":\"ListItem\",\"position\":2,\"name\":\"Innova, el viver del coneixement, projectes, idees i talent\"}]},{\"@type\":\"WebSite\",\"@id\":\"https:\\\/\\\/www.lafargalhospitalet.com\\\/#website\",\"url\":\"https:\\\/\\\/www.lafargalhospitalet.com\\\/\",\"name\":\"La Farga L'Hospitalet Centre d'Activitats. La Farga GEM, S.A.\",\"description\":\"La Farga L&#039;Hospitalet Centre d&#039;Activitats. Gestionat per La Farga GEM, S.A. Fires i Congressos. Concerts, exposicions, reunions, filmacions, sopars de gala.\",\"publisher\":{\"@id\":\"https:\\\/\\\/www.lafargalhospitalet.com\\\/#organization\"},\"potentialAction\":[{\"@type\":\"SearchAction\",\"target\":{\"@type\":\"EntryPoint\",\"urlTemplate\":\"https:\\\/\\\/www.lafargalhospitalet.com\\\/?s={search_term_string}\"},\"query-input\":{\"@type\":\"PropertyValueSpecification\",\"valueRequired\":true,\"valueName\":\"search_term_string\"}}],\"inLanguage\":\"ca\"},{\"@type\":\"Organization\",\"@id\":\"https:\\\/\\\/www.lafargalhospitalet.com\\\/#organization\",\"name\":\"La Farga L'Hospitalet Centre d'Activitats. La Farga GEM, S.A.\",\"url\":\"https:\\\/\\\/www.lafargalhospitalet.com\\\/\",\"logo\":{\"@type\":\"ImageObject\",\"inLanguage\":\"ca\",\"@id\":\"https:\\\/\\\/www.lafargalhospitalet.com\\\/#\\\/schema\\\/logo\\\/image\\\/\",\"url\":\"https:\\\/\\\/www.lafargalhospitalet.com\\\/wp-content\\\/uploads\\\/2025\\\/10\\\/logotipo_lafarga_centre_activitats.png\",\"contentUrl\":\"https:\\\/\\\/www.lafargalhospitalet.com\\\/wp-content\\\/uploads\\\/2025\\\/10\\\/logotipo_lafarga_centre_activitats.png\",\"width\":266,\"height\":101,\"caption\":\"La Farga L'Hospitalet Centre d'Activitats. La Farga GEM, S.A.\"},\"image\":{\"@id\":\"https:\\\/\\\/www.lafargalhospitalet.com\\\/#\\\/schema\\\/logo\\\/image\\\/\"},\"sameAs\":[\"https:\\\/\\\/www.facebook.com\\\/fargahospitalet\\\/\",\"https:\\\/\\\/x.com\\\/fargahospitalet\",\"https:\\\/\\\/www.instagram.com\\\/lafargahospitalet\\\/\",\"https:\\\/\\\/www.youtube.com\\\/channel\\\/UCoLt6hen3PqGXgbLMGI3Qdw\",\"https:\\\/\\\/www.flickr.com\\\/photos\\\/lafargagemsa\\\/albums\"]},{\"@type\":\"Person\",\"@id\":\"https:\\\/\\\/www.lafargalhospitalet.com\\\/#\\\/schema\\\/person\\\/6cbac0ef7748506b167ff859e1c7f378\",\"name\":\"La Farga Centre d'Activitats\",\"sameAs\":[\"https:\\\/\\\/www.lafargalhospitalet.com\"],\"url\":\"https:\\\/\\\/www.lafargalhospitalet.com\\\/ca\\\/author\\\/far25gmin\\\/\"}]}<\/script>\n<!-- \/ Yoast SEO plugin. -->","yoast_head_json":{"title":"Innova, el viver del coneixement, projectes, idees i talent - La Farga L&#039;Hospitalet Centre d&#039;Activitats. La Farga GEM, S.A.","description":"Innova, Sal\u00f3 de la Innovaci\u00f3, Investigaci\u00f3 i Noves Tecnologies, punt de trobada d\u2019atenci\u00f3 de la comunitat cient\u00edfica, el m\u00f3n universitari, empresarial.","robots":{"index":"index","follow":"follow","max-snippet":"max-snippet:-1","max-image-preview":"max-image-preview:large","max-video-preview":"max-video-preview:-1"},"canonical":"https:\/\/www.lafargalhospitalet.com\/ca\/innova-el-viver-del-coneixement-projectes-idees-i-talent\/","og_locale":"ca_ES","og_type":"article","og_title":"Innova, el viver del coneixement, projectes, idees i talent - La Farga L&#039;Hospitalet Centre d&#039;Activitats. La Farga GEM, S.A.","og_description":"Innova, Sal\u00f3 de la Innovaci\u00f3, Investigaci\u00f3 i Noves Tecnologies, punt de trobada d\u2019atenci\u00f3 de la comunitat cient\u00edfica, el m\u00f3n universitari, empresarial.","og_url":"https:\/\/www.lafargalhospitalet.com\/ca\/innova-el-viver-del-coneixement-projectes-idees-i-talent\/","og_site_name":"La Farga L&#039;Hospitalet Centre d&#039;Activitats. La Farga GEM, S.A.","article_publisher":"https:\/\/www.facebook.com\/fargahospitalet\/","article_published_time":"2016-05-18T08:37:41+00:00","article_modified_time":"2025-11-03T17:29:25+00:00","og_image":[{"width":730,"height":410,"url":"https:\/\/www.lafargalhospitalet.com\/wp-content\/uploads\/2016\/05\/Innova-Farga-desaigue.jpg","type":"image\/jpeg"}],"author":"La Farga Centre d'Activitats","twitter_card":"summary_large_image","twitter_creator":"@fargahospitalet","twitter_site":"@fargahospitalet","twitter_misc":{"Escrit per":"La Farga Centre d'Activitats","Temps estimat de lectura":"3 minuts"},"schema":{"@context":"https:\/\/schema.org","@graph":[{"@type":"Article","@id":"https:\/\/www.lafargalhospitalet.com\/ca\/innova-el-viver-del-coneixement-projectes-idees-i-talent\/#article","isPartOf":{"@id":"https:\/\/www.lafargalhospitalet.com\/ca\/innova-el-viver-del-coneixement-projectes-idees-i-talent\/"},"author":{"name":"La Farga Centre d'Activitats","@id":"https:\/\/www.lafargalhospitalet.com\/#\/schema\/person\/6cbac0ef7748506b167ff859e1c7f378"},"headline":"Innova, el viver del coneixement, projectes, idees i talent","datePublished":"2016-05-18T08:37:41+00:00","dateModified":"2025-11-03T17:29:25+00:00","mainEntityOfPage":{"@id":"https:\/\/www.lafargalhospitalet.com\/ca\/innova-el-viver-del-coneixement-projectes-idees-i-talent\/"},"wordCount":659,"publisher":{"@id":"https:\/\/www.lafargalhospitalet.com\/#organization"},"image":{"@id":"https:\/\/www.lafargalhospitalet.com\/ca\/innova-el-viver-del-coneixement-projectes-idees-i-talent\/#primaryimage"},"thumbnailUrl":"https:\/\/www.lafargalhospitalet.com\/wp-content\/uploads\/2016\/05\/Innova-Farga-desaigue.jpg","articleSection":["Noticies"],"inLanguage":"ca"},{"@type":"WebPage","@id":"https:\/\/www.lafargalhospitalet.com\/ca\/innova-el-viver-del-coneixement-projectes-idees-i-talent\/","url":"https:\/\/www.lafargalhospitalet.com\/ca\/innova-el-viver-del-coneixement-projectes-idees-i-talent\/","name":"Innova, el viver del coneixement, projectes, idees i talent - La Farga L&#039;Hospitalet Centre d&#039;Activitats. La Farga GEM, S.A.","isPartOf":{"@id":"https:\/\/www.lafargalhospitalet.com\/#website"},"primaryImageOfPage":{"@id":"https:\/\/www.lafargalhospitalet.com\/ca\/innova-el-viver-del-coneixement-projectes-idees-i-talent\/#primaryimage"},"image":{"@id":"https:\/\/www.lafargalhospitalet.com\/ca\/innova-el-viver-del-coneixement-projectes-idees-i-talent\/#primaryimage"},"thumbnailUrl":"https:\/\/www.lafargalhospitalet.com\/wp-content\/uploads\/2016\/05\/Innova-Farga-desaigue.jpg","datePublished":"2016-05-18T08:37:41+00:00","dateModified":"2025-11-03T17:29:25+00:00","description":"Innova, Sal\u00f3 de la Innovaci\u00f3, Investigaci\u00f3 i Noves Tecnologies, punt de trobada d\u2019atenci\u00f3 de la comunitat cient\u00edfica, el m\u00f3n universitari, empresarial.","breadcrumb":{"@id":"https:\/\/www.lafargalhospitalet.com\/ca\/innova-el-viver-del-coneixement-projectes-idees-i-talent\/#breadcrumb"},"inLanguage":"ca","potentialAction":[{"@type":"ReadAction","target":["https:\/\/www.lafargalhospitalet.com\/ca\/innova-el-viver-del-coneixement-projectes-idees-i-talent\/"]}]},{"@type":"ImageObject","inLanguage":"ca","@id":"https:\/\/www.lafargalhospitalet.com\/ca\/innova-el-viver-del-coneixement-projectes-idees-i-talent\/#primaryimage","url":"https:\/\/www.lafargalhospitalet.com\/wp-content\/uploads\/2016\/05\/Innova-Farga-desaigue.jpg","contentUrl":"https:\/\/www.lafargalhospitalet.com\/wp-content\/uploads\/2016\/05\/Innova-Farga-desaigue.jpg","width":730,"height":410},{"@type":"BreadcrumbList","@id":"https:\/\/www.lafargalhospitalet.com\/ca\/innova-el-viver-del-coneixement-projectes-idees-i-talent\/#breadcrumb","itemListElement":[{"@type":"ListItem","position":1,"name":"Portada","item":"https:\/\/www.lafargalhospitalet.com\/"},{"@type":"ListItem","position":2,"name":"Innova, el viver del coneixement, projectes, idees i talent"}]},{"@type":"WebSite","@id":"https:\/\/www.lafargalhospitalet.com\/#website","url":"https:\/\/www.lafargalhospitalet.com\/","name":"La Farga L'Hospitalet Centre d'Activitats. La Farga GEM, S.A.","description":"La Farga L&#039;Hospitalet Centre d&#039;Activitats. Gestionat per La Farga GEM, S.A. Fires i Congressos. Concerts, exposicions, reunions, filmacions, sopars de gala.","publisher":{"@id":"https:\/\/www.lafargalhospitalet.com\/#organization"},"potentialAction":[{"@type":"SearchAction","target":{"@type":"EntryPoint","urlTemplate":"https:\/\/www.lafargalhospitalet.com\/?s={search_term_string}"},"query-input":{"@type":"PropertyValueSpecification","valueRequired":true,"valueName":"search_term_string"}}],"inLanguage":"ca"},{"@type":"Organization","@id":"https:\/\/www.lafargalhospitalet.com\/#organization","name":"La Farga L'Hospitalet Centre d'Activitats. La Farga GEM, S.A.","url":"https:\/\/www.lafargalhospitalet.com\/","logo":{"@type":"ImageObject","inLanguage":"ca","@id":"https:\/\/www.lafargalhospitalet.com\/#\/schema\/logo\/image\/","url":"https:\/\/www.lafargalhospitalet.com\/wp-content\/uploads\/2025\/10\/logotipo_lafarga_centre_activitats.png","contentUrl":"https:\/\/www.lafargalhospitalet.com\/wp-content\/uploads\/2025\/10\/logotipo_lafarga_centre_activitats.png","width":266,"height":101,"caption":"La Farga L'Hospitalet Centre d'Activitats. La Farga GEM, S.A."},"image":{"@id":"https:\/\/www.lafargalhospitalet.com\/#\/schema\/logo\/image\/"},"sameAs":["https:\/\/www.facebook.com\/fargahospitalet\/","https:\/\/x.com\/fargahospitalet","https:\/\/www.instagram.com\/lafargahospitalet\/","https:\/\/www.youtube.com\/channel\/UCoLt6hen3PqGXgbLMGI3Qdw","https:\/\/www.flickr.com\/photos\/lafargagemsa\/albums"]},{"@type":"Person","@id":"https:\/\/www.lafargalhospitalet.com\/#\/schema\/person\/6cbac0ef7748506b167ff859e1c7f378","name":"La Farga Centre d'Activitats","sameAs":["https:\/\/www.lafargalhospitalet.com"],"url":"https:\/\/www.lafargalhospitalet.com\/ca\/author\/far25gmin\/"}]}},"_links":{"self":[{"href":"https:\/\/www.lafargalhospitalet.com\/ca\/wp-json\/wp\/v2\/posts\/3783","targetHints":{"allow":["GET"]}}],"collection":[{"href":"https:\/\/www.lafargalhospitalet.com\/ca\/wp-json\/wp\/v2\/posts"}],"about":[{"href":"https:\/\/www.lafargalhospitalet.com\/ca\/wp-json\/wp\/v2\/types\/post"}],"author":[{"embeddable":true,"href":"https:\/\/www.lafargalhospitalet.com\/ca\/wp-json\/wp\/v2\/users\/1"}],"replies":[{"embeddable":true,"href":"https:\/\/www.lafargalhospitalet.com\/ca\/wp-json\/wp\/v2\/comments?post=3783"}],"version-history":[{"count":0,"href":"https:\/\/www.lafargalhospitalet.com\/ca\/wp-json\/wp\/v2\/posts\/3783\/revisions"}],"wp:featuredmedia":[{"embeddable":true,"href":"https:\/\/www.lafargalhospitalet.com\/ca\/wp-json\/wp\/v2\/media\/3784"}],"wp:attachment":[{"href":"https:\/\/www.lafargalhospitalet.com\/ca\/wp-json\/wp\/v2\/media?parent=3783"}],"wp:term":[{"taxonomy":"category","embeddable":true,"href":"https:\/\/www.lafargalhospitalet.com\/ca\/wp-json\/wp\/v2\/categories?post=3783"},{"taxonomy":"post_tag","embeddable":true,"href":"https:\/\/www.lafargalhospitalet.com\/ca\/wp-json\/wp\/v2\/tags?post=3783"}],"curies":[{"name":"wp","href":"https:\/\/api.w.org\/{rel}","templated":true}]}}