{"id":3805,"date":"2016-05-18T15:26:36","date_gmt":"2016-05-18T14:26:36","guid":{"rendered":"http:\/\/www.lafargalhospitalet.com\/?p=3805"},"modified":"2025-11-03T18:29:25","modified_gmt":"2025-11-03T17:29:25","slug":"a-punt-el-congres-de-la-societat-catalana-de-cirurgia-ortopedica-i-traumatologia","status":"publish","type":"post","link":"https:\/\/www.lafargalhospitalet.com\/ca\/a-punt-el-congres-de-la-societat-catalana-de-cirurgia-ortopedica-i-traumatologia\/","title":{"rendered":"A punt el Congr\u00e9s de la Societat Catalana de Cirurgia Ortop\u00e8dica i Traumatologia"},"content":{"rendered":"<p>La Farga de L\u2019Hospitalet acull a partir de dem\u00e0 el <a href=\"http:\/\/congres-sccot.com\/\" target=\"_blank\">XXIX Congr\u00e9s de la Societat Catalana de Cirurgia Ortop\u00e8dica i Traumatologia i la Xa Reuni\u00f3 Catalana d\u2019Infermeria Traumatol\u00f2gica<\/a>.<\/p>\n<p>Aquestes jornades que es duran a terme entre aquest dijous 19 de maig i divendres 20 se celebren en diferents espais a La Farga Congress, com l\u2019Auditori, el Hall Bar i la Sala Polivalent. A m\u00e9s, per aquesta ocasi\u00f3 tamb\u00e9 hi haur\u00e0 activitat a la planta baixa de La Farga Centre d\u2019Activitats amb diferents estands.<\/p>\n<p>En aquest congr\u00e9s de la Societat Catalana de Cirurgia Ortop\u00e8dica i Traumatologia, que no \u00e9s el primer cop que se celebra a La Farga, tamb\u00e9 es faran diferents taules rodones on es tractaran temes com el \u201cFast Track en pr\u00f2tesi de genoll i pr\u00f2tesi d\u2019anca\u201d, a c\u00e0rrec de Pere Mir (Hospital de Berga) i Pere Torner (Hospital Universitari Parc Taul\u00ed de Sabadell), i \u201cFractures proximals d\u2019h\u00famer a la gent gran. Qu\u00e8 hem apr\u00e8s aquests \u00faltims anys?\u201d, a c\u00e0rrec de Joaquim Rodr\u00edguez Miralles (Consorci Hospitalari de Vic).<\/p>\n<p>Pel que fa a les confer\u00e8ncies, n\u2019hi haur\u00e0 dues, la primera a c\u00e0rrec del professor F.J. Gil de la Universitat Polit\u00e8cnica de Catalunya sota el t\u00edtol \u201cEls 10 fracassos m\u00e9s grans dels materials en pr\u00f2tesis articulars\u201d (dijous 17:30h.) i la segona, per part del professor Manuel Garc\u00eda Alonso, president de la Comisi\u00f3n Nacional de Docencia, que explicar\u00e0 en quina situaci\u00f3 es troba el \u201cDecret de Troncalitat\u201d (divendres 12:50h.).<\/p>\n<p>Durant aquest congr\u00e9s, a banda de les aportacions dels treballs cient\u00edfics presentats, hi haur\u00e0 l\u2019ocasi\u00f3 de con\u00e8ixer els resultats dels 10 anys de vida del Registre d\u2019Artropl\u00e0sties de Catalunya (RACat), on es demostra que la superviv\u00e8ncia dels implants col\u00b7locats a Catalunya \u00e9s equiparable a la de registres m\u00e9s consolidats.<\/p>\n<p>Tamb\u00e9 es far\u00e0 la presentaci\u00f3 del nou Diccionari Enciclop\u00e8dic M\u00e8dic i es lliuraran els Premis XXIX Congr\u00e9s a la Millor Comunicaci\u00f3 Lliure, al Millor Cartell Cient\u00edfic i al Millor Cas Cl\u00ednic. Paral\u00b7lelament a aquest congr\u00e9s, on tamb\u00e9 trobarem la pres\u00e8ncia de la Societat Valenciana de Cirurgia i Traumatologia, es far\u00e0 la X Reuni\u00f3 Catalana d\u2019Infermeria de Traumatol\u00f2gica.<\/p>\n<p>El XXIX Congr\u00e9s de la Societat Catalana de Cirurgia Ortop\u00e8dica i Traumatologia obrir\u00e0 les seves portes a les 14 hores, tot i que la inauguraci\u00f3 oficial ser\u00e0 a les 17 hores.<\/p>\n<p><a href=\"http:\/\/congres-sccot.com\/wp-content\/uploads\/2016\/05\/programa_SCCOT2016.pdf\" target=\"_blank\">Programa cient\u00edfic Congr\u00e9s SCCOT<\/a><\/p>\n","protected":false},"excerpt":{"rendered":"<p>La Farga de L\u2019Hospitalet acull a partir d&#8217;aquest dijous el XXIX Congr\u00e9s de la Societat Catalana de Cirurgia Ortop\u00e8dica i Traumatologia i la Xa Reuni\u00f3 Catalana d\u2019Infermeria Traumatol\u00f2gica.<\/p>\n","protected":false},"author":1,"featured_media":3806,"comment_status":"closed","ping_status":"closed","sticky":false,"template":"","format":"standard","meta":{"_monsterinsights_skip_tracking":false,"_monsterinsights_sitenote_active":false,"_monsterinsights_sitenote_note":"","_monsterinsights_sitenote_category":0,"footnotes":""},"categories":[83],"tags":[],"class_list":["post-3805","post","type-post","status-publish","format-standard","has-post-thumbnail","hentry","category-noticies"],"yoast_head":"<!-- This site is optimized with the Yoast SEO plugin v27.5 - https:\/\/yoast.com\/product\/yoast-seo-wordpress\/ -->\n<title>A punt el Congr\u00e9s de la Societat Catalana de Cirurgia Ortop\u00e8dica i Traumatologia - La Farga L&#039;Hospitalet Centre d&#039;Activitats. La Farga GEM, S.A.<\/title>\n<meta name=\"description\" content=\"La Farga de L\u2019Hospitalet acull a partir d&#039;aquest dijous el XXIX Congr\u00e9s de la Societat Catalana de Cirurgia Ortop\u00e8dica.\" \/>\n<meta name=\"robots\" content=\"index, follow, max-snippet:-1, max-image-preview:large, max-video-preview:-1\" \/>\n<link rel=\"canonical\" href=\"https:\/\/www.lafargalhospitalet.com\/ca\/a-punt-el-congres-de-la-societat-catalana-de-cirurgia-ortopedica-i-traumatologia\/\" \/>\n<meta property=\"og:locale\" content=\"ca_ES\" \/>\n<meta property=\"og:type\" content=\"article\" \/>\n<meta property=\"og:title\" content=\"A punt el Congr\u00e9s de la Societat Catalana de Cirurgia Ortop\u00e8dica i Traumatologia - La Farga L&#039;Hospitalet Centre d&#039;Activitats. La Farga GEM, S.A.\" \/>\n<meta property=\"og:description\" content=\"La Farga de L\u2019Hospitalet acull a partir d&#039;aquest dijous el XXIX Congr\u00e9s de la Societat Catalana de Cirurgia Ortop\u00e8dica.\" \/>\n<meta property=\"og:url\" content=\"https:\/\/www.lafargalhospitalet.com\/ca\/a-punt-el-congres-de-la-societat-catalana-de-cirurgia-ortopedica-i-traumatologia\/\" \/>\n<meta property=\"og:site_name\" content=\"La Farga L&#039;Hospitalet Centre d&#039;Activitats. La Farga GEM, S.A.\" \/>\n<meta property=\"article:publisher\" content=\"https:\/\/www.facebook.com\/fargahospitalet\/\" \/>\n<meta property=\"article:published_time\" content=\"2016-05-18T14:26:36+00:00\" \/>\n<meta property=\"article:modified_time\" content=\"2025-11-03T17:29:25+00:00\" \/>\n<meta property=\"og:image\" content=\"https:\/\/www.lafargalhospitalet.com\/wp-content\/uploads\/2016\/05\/congres-sccot-farga.jpg\" \/>\n\t<meta property=\"og:image:width\" content=\"730\" \/>\n\t<meta property=\"og:image:height\" content=\"410\" \/>\n\t<meta property=\"og:image:type\" content=\"image\/jpeg\" \/>\n<meta name=\"author\" content=\"La Farga Centre d&#039;Activitats\" \/>\n<meta name=\"twitter:card\" content=\"summary_large_image\" \/>\n<meta name=\"twitter:creator\" content=\"@fargahospitalet\" \/>\n<meta name=\"twitter:site\" content=\"@fargahospitalet\" \/>\n<meta name=\"twitter:label1\" content=\"Escrit per\" \/>\n\t<meta name=\"twitter:data1\" content=\"La Farga Centre d&#039;Activitats\" \/>\n\t<meta name=\"twitter:label2\" content=\"Temps estimat de lectura\" \/>\n\t<meta name=\"twitter:data2\" content=\"2 minuts\" \/>\n<script type=\"application\/ld+json\" class=\"yoast-schema-graph\">{\"@context\":\"https:\\\/\\\/schema.org\",\"@graph\":[{\"@type\":\"Article\",\"@id\":\"https:\\\/\\\/www.lafargalhospitalet.com\\\/ca\\\/a-punt-el-congres-de-la-societat-catalana-de-cirurgia-ortopedica-i-traumatologia\\\/#article\",\"isPartOf\":{\"@id\":\"https:\\\/\\\/www.lafargalhospitalet.com\\\/ca\\\/a-punt-el-congres-de-la-societat-catalana-de-cirurgia-ortopedica-i-traumatologia\\\/\"},\"author\":{\"name\":\"La Farga Centre d'Activitats\",\"@id\":\"https:\\\/\\\/www.lafargalhospitalet.com\\\/#\\\/schema\\\/person\\\/6cbac0ef7748506b167ff859e1c7f378\"},\"headline\":\"A punt el Congr\u00e9s de la Societat Catalana de Cirurgia Ortop\u00e8dica i Traumatologia\",\"datePublished\":\"2016-05-18T14:26:36+00:00\",\"dateModified\":\"2025-11-03T17:29:25+00:00\",\"mainEntityOfPage\":{\"@id\":\"https:\\\/\\\/www.lafargalhospitalet.com\\\/ca\\\/a-punt-el-congres-de-la-societat-catalana-de-cirurgia-ortopedica-i-traumatologia\\\/\"},\"wordCount\":439,\"publisher\":{\"@id\":\"https:\\\/\\\/www.lafargalhospitalet.com\\\/#organization\"},\"image\":{\"@id\":\"https:\\\/\\\/www.lafargalhospitalet.com\\\/ca\\\/a-punt-el-congres-de-la-societat-catalana-de-cirurgia-ortopedica-i-traumatologia\\\/#primaryimage\"},\"thumbnailUrl\":\"https:\\\/\\\/www.lafargalhospitalet.com\\\/wp-content\\\/uploads\\\/2016\\\/05\\\/congres-sccot-farga.jpg\",\"articleSection\":[\"Noticies\"],\"inLanguage\":\"ca\"},{\"@type\":\"WebPage\",\"@id\":\"https:\\\/\\\/www.lafargalhospitalet.com\\\/ca\\\/a-punt-el-congres-de-la-societat-catalana-de-cirurgia-ortopedica-i-traumatologia\\\/\",\"url\":\"https:\\\/\\\/www.lafargalhospitalet.com\\\/ca\\\/a-punt-el-congres-de-la-societat-catalana-de-cirurgia-ortopedica-i-traumatologia\\\/\",\"name\":\"A punt el Congr\u00e9s de la Societat Catalana de Cirurgia Ortop\u00e8dica i Traumatologia - La Farga L&#039;Hospitalet Centre d&#039;Activitats. La Farga GEM, S.A.\",\"isPartOf\":{\"@id\":\"https:\\\/\\\/www.lafargalhospitalet.com\\\/#website\"},\"primaryImageOfPage\":{\"@id\":\"https:\\\/\\\/www.lafargalhospitalet.com\\\/ca\\\/a-punt-el-congres-de-la-societat-catalana-de-cirurgia-ortopedica-i-traumatologia\\\/#primaryimage\"},\"image\":{\"@id\":\"https:\\\/\\\/www.lafargalhospitalet.com\\\/ca\\\/a-punt-el-congres-de-la-societat-catalana-de-cirurgia-ortopedica-i-traumatologia\\\/#primaryimage\"},\"thumbnailUrl\":\"https:\\\/\\\/www.lafargalhospitalet.com\\\/wp-content\\\/uploads\\\/2016\\\/05\\\/congres-sccot-farga.jpg\",\"datePublished\":\"2016-05-18T14:26:36+00:00\",\"dateModified\":\"2025-11-03T17:29:25+00:00\",\"description\":\"La Farga de L\u2019Hospitalet acull a partir d'aquest dijous el XXIX Congr\u00e9s de la Societat Catalana de Cirurgia Ortop\u00e8dica.\",\"breadcrumb\":{\"@id\":\"https:\\\/\\\/www.lafargalhospitalet.com\\\/ca\\\/a-punt-el-congres-de-la-societat-catalana-de-cirurgia-ortopedica-i-traumatologia\\\/#breadcrumb\"},\"inLanguage\":\"ca\",\"potentialAction\":[{\"@type\":\"ReadAction\",\"target\":[\"https:\\\/\\\/www.lafargalhospitalet.com\\\/ca\\\/a-punt-el-congres-de-la-societat-catalana-de-cirurgia-ortopedica-i-traumatologia\\\/\"]}]},{\"@type\":\"ImageObject\",\"inLanguage\":\"ca\",\"@id\":\"https:\\\/\\\/www.lafargalhospitalet.com\\\/ca\\\/a-punt-el-congres-de-la-societat-catalana-de-cirurgia-ortopedica-i-traumatologia\\\/#primaryimage\",\"url\":\"https:\\\/\\\/www.lafargalhospitalet.com\\\/wp-content\\\/uploads\\\/2016\\\/05\\\/congres-sccot-farga.jpg\",\"contentUrl\":\"https:\\\/\\\/www.lafargalhospitalet.com\\\/wp-content\\\/uploads\\\/2016\\\/05\\\/congres-sccot-farga.jpg\",\"width\":730,\"height\":410},{\"@type\":\"BreadcrumbList\",\"@id\":\"https:\\\/\\\/www.lafargalhospitalet.com\\\/ca\\\/a-punt-el-congres-de-la-societat-catalana-de-cirurgia-ortopedica-i-traumatologia\\\/#breadcrumb\",\"itemListElement\":[{\"@type\":\"ListItem\",\"position\":1,\"name\":\"Portada\",\"item\":\"https:\\\/\\\/www.lafargalhospitalet.com\\\/\"},{\"@type\":\"ListItem\",\"position\":2,\"name\":\"A punt el Congr\u00e9s de la Societat Catalana de Cirurgia Ortop\u00e8dica i Traumatologia\"}]},{\"@type\":\"WebSite\",\"@id\":\"https:\\\/\\\/www.lafargalhospitalet.com\\\/#website\",\"url\":\"https:\\\/\\\/www.lafargalhospitalet.com\\\/\",\"name\":\"La Farga L'Hospitalet Centre d'Activitats. La Farga GEM, S.A.\",\"description\":\"La Farga L&#039;Hospitalet Centre d&#039;Activitats. Gestionat per La Farga GEM, S.A. Fires i Congressos. Concerts, exposicions, reunions, filmacions, sopars de gala.\",\"publisher\":{\"@id\":\"https:\\\/\\\/www.lafargalhospitalet.com\\\/#organization\"},\"potentialAction\":[{\"@type\":\"SearchAction\",\"target\":{\"@type\":\"EntryPoint\",\"urlTemplate\":\"https:\\\/\\\/www.lafargalhospitalet.com\\\/?s={search_term_string}\"},\"query-input\":{\"@type\":\"PropertyValueSpecification\",\"valueRequired\":true,\"valueName\":\"search_term_string\"}}],\"inLanguage\":\"ca\"},{\"@type\":\"Organization\",\"@id\":\"https:\\\/\\\/www.lafargalhospitalet.com\\\/#organization\",\"name\":\"La Farga L'Hospitalet Centre d'Activitats. La Farga GEM, S.A.\",\"url\":\"https:\\\/\\\/www.lafargalhospitalet.com\\\/\",\"logo\":{\"@type\":\"ImageObject\",\"inLanguage\":\"ca\",\"@id\":\"https:\\\/\\\/www.lafargalhospitalet.com\\\/#\\\/schema\\\/logo\\\/image\\\/\",\"url\":\"https:\\\/\\\/www.lafargalhospitalet.com\\\/wp-content\\\/uploads\\\/2025\\\/10\\\/logotipo_lafarga_centre_activitats.png\",\"contentUrl\":\"https:\\\/\\\/www.lafargalhospitalet.com\\\/wp-content\\\/uploads\\\/2025\\\/10\\\/logotipo_lafarga_centre_activitats.png\",\"width\":266,\"height\":101,\"caption\":\"La Farga L'Hospitalet Centre d'Activitats. La Farga GEM, S.A.\"},\"image\":{\"@id\":\"https:\\\/\\\/www.lafargalhospitalet.com\\\/#\\\/schema\\\/logo\\\/image\\\/\"},\"sameAs\":[\"https:\\\/\\\/www.facebook.com\\\/fargahospitalet\\\/\",\"https:\\\/\\\/x.com\\\/fargahospitalet\",\"https:\\\/\\\/www.instagram.com\\\/lafargahospitalet\\\/\",\"https:\\\/\\\/www.youtube.com\\\/channel\\\/UCoLt6hen3PqGXgbLMGI3Qdw\",\"https:\\\/\\\/www.flickr.com\\\/photos\\\/lafargagemsa\\\/albums\"]},{\"@type\":\"Person\",\"@id\":\"https:\\\/\\\/www.lafargalhospitalet.com\\\/#\\\/schema\\\/person\\\/6cbac0ef7748506b167ff859e1c7f378\",\"name\":\"La Farga Centre d'Activitats\",\"sameAs\":[\"https:\\\/\\\/www.lafargalhospitalet.com\"],\"url\":\"https:\\\/\\\/www.lafargalhospitalet.com\\\/ca\\\/author\\\/far25gmin\\\/\"}]}<\/script>\n<!-- \/ Yoast SEO plugin. -->","yoast_head_json":{"title":"A punt el Congr\u00e9s de la Societat Catalana de Cirurgia Ortop\u00e8dica i Traumatologia - La Farga L&#039;Hospitalet Centre d&#039;Activitats. La Farga GEM, S.A.","description":"La Farga de L\u2019Hospitalet acull a partir d'aquest dijous el XXIX Congr\u00e9s de la Societat Catalana de Cirurgia Ortop\u00e8dica.","robots":{"index":"index","follow":"follow","max-snippet":"max-snippet:-1","max-image-preview":"max-image-preview:large","max-video-preview":"max-video-preview:-1"},"canonical":"https:\/\/www.lafargalhospitalet.com\/ca\/a-punt-el-congres-de-la-societat-catalana-de-cirurgia-ortopedica-i-traumatologia\/","og_locale":"ca_ES","og_type":"article","og_title":"A punt el Congr\u00e9s de la Societat Catalana de Cirurgia Ortop\u00e8dica i Traumatologia - La Farga L&#039;Hospitalet Centre d&#039;Activitats. La Farga GEM, S.A.","og_description":"La Farga de L\u2019Hospitalet acull a partir d'aquest dijous el XXIX Congr\u00e9s de la Societat Catalana de Cirurgia Ortop\u00e8dica.","og_url":"https:\/\/www.lafargalhospitalet.com\/ca\/a-punt-el-congres-de-la-societat-catalana-de-cirurgia-ortopedica-i-traumatologia\/","og_site_name":"La Farga L&#039;Hospitalet Centre d&#039;Activitats. La Farga GEM, S.A.","article_publisher":"https:\/\/www.facebook.com\/fargahospitalet\/","article_published_time":"2016-05-18T14:26:36+00:00","article_modified_time":"2025-11-03T17:29:25+00:00","og_image":[{"width":730,"height":410,"url":"https:\/\/www.lafargalhospitalet.com\/wp-content\/uploads\/2016\/05\/congres-sccot-farga.jpg","type":"image\/jpeg"}],"author":"La Farga Centre d'Activitats","twitter_card":"summary_large_image","twitter_creator":"@fargahospitalet","twitter_site":"@fargahospitalet","twitter_misc":{"Escrit per":"La Farga Centre d'Activitats","Temps estimat de lectura":"2 minuts"},"schema":{"@context":"https:\/\/schema.org","@graph":[{"@type":"Article","@id":"https:\/\/www.lafargalhospitalet.com\/ca\/a-punt-el-congres-de-la-societat-catalana-de-cirurgia-ortopedica-i-traumatologia\/#article","isPartOf":{"@id":"https:\/\/www.lafargalhospitalet.com\/ca\/a-punt-el-congres-de-la-societat-catalana-de-cirurgia-ortopedica-i-traumatologia\/"},"author":{"name":"La Farga Centre d'Activitats","@id":"https:\/\/www.lafargalhospitalet.com\/#\/schema\/person\/6cbac0ef7748506b167ff859e1c7f378"},"headline":"A punt el Congr\u00e9s de la Societat Catalana de Cirurgia Ortop\u00e8dica i Traumatologia","datePublished":"2016-05-18T14:26:36+00:00","dateModified":"2025-11-03T17:29:25+00:00","mainEntityOfPage":{"@id":"https:\/\/www.lafargalhospitalet.com\/ca\/a-punt-el-congres-de-la-societat-catalana-de-cirurgia-ortopedica-i-traumatologia\/"},"wordCount":439,"publisher":{"@id":"https:\/\/www.lafargalhospitalet.com\/#organization"},"image":{"@id":"https:\/\/www.lafargalhospitalet.com\/ca\/a-punt-el-congres-de-la-societat-catalana-de-cirurgia-ortopedica-i-traumatologia\/#primaryimage"},"thumbnailUrl":"https:\/\/www.lafargalhospitalet.com\/wp-content\/uploads\/2016\/05\/congres-sccot-farga.jpg","articleSection":["Noticies"],"inLanguage":"ca"},{"@type":"WebPage","@id":"https:\/\/www.lafargalhospitalet.com\/ca\/a-punt-el-congres-de-la-societat-catalana-de-cirurgia-ortopedica-i-traumatologia\/","url":"https:\/\/www.lafargalhospitalet.com\/ca\/a-punt-el-congres-de-la-societat-catalana-de-cirurgia-ortopedica-i-traumatologia\/","name":"A punt el Congr\u00e9s de la Societat Catalana de Cirurgia Ortop\u00e8dica i Traumatologia - La Farga L&#039;Hospitalet Centre d&#039;Activitats. La Farga GEM, S.A.","isPartOf":{"@id":"https:\/\/www.lafargalhospitalet.com\/#website"},"primaryImageOfPage":{"@id":"https:\/\/www.lafargalhospitalet.com\/ca\/a-punt-el-congres-de-la-societat-catalana-de-cirurgia-ortopedica-i-traumatologia\/#primaryimage"},"image":{"@id":"https:\/\/www.lafargalhospitalet.com\/ca\/a-punt-el-congres-de-la-societat-catalana-de-cirurgia-ortopedica-i-traumatologia\/#primaryimage"},"thumbnailUrl":"https:\/\/www.lafargalhospitalet.com\/wp-content\/uploads\/2016\/05\/congres-sccot-farga.jpg","datePublished":"2016-05-18T14:26:36+00:00","dateModified":"2025-11-03T17:29:25+00:00","description":"La Farga de L\u2019Hospitalet acull a partir d'aquest dijous el XXIX Congr\u00e9s de la Societat Catalana de Cirurgia Ortop\u00e8dica.","breadcrumb":{"@id":"https:\/\/www.lafargalhospitalet.com\/ca\/a-punt-el-congres-de-la-societat-catalana-de-cirurgia-ortopedica-i-traumatologia\/#breadcrumb"},"inLanguage":"ca","potentialAction":[{"@type":"ReadAction","target":["https:\/\/www.lafargalhospitalet.com\/ca\/a-punt-el-congres-de-la-societat-catalana-de-cirurgia-ortopedica-i-traumatologia\/"]}]},{"@type":"ImageObject","inLanguage":"ca","@id":"https:\/\/www.lafargalhospitalet.com\/ca\/a-punt-el-congres-de-la-societat-catalana-de-cirurgia-ortopedica-i-traumatologia\/#primaryimage","url":"https:\/\/www.lafargalhospitalet.com\/wp-content\/uploads\/2016\/05\/congres-sccot-farga.jpg","contentUrl":"https:\/\/www.lafargalhospitalet.com\/wp-content\/uploads\/2016\/05\/congres-sccot-farga.jpg","width":730,"height":410},{"@type":"BreadcrumbList","@id":"https:\/\/www.lafargalhospitalet.com\/ca\/a-punt-el-congres-de-la-societat-catalana-de-cirurgia-ortopedica-i-traumatologia\/#breadcrumb","itemListElement":[{"@type":"ListItem","position":1,"name":"Portada","item":"https:\/\/www.lafargalhospitalet.com\/"},{"@type":"ListItem","position":2,"name":"A punt el Congr\u00e9s de la Societat Catalana de Cirurgia Ortop\u00e8dica i Traumatologia"}]},{"@type":"WebSite","@id":"https:\/\/www.lafargalhospitalet.com\/#website","url":"https:\/\/www.lafargalhospitalet.com\/","name":"La Farga L'Hospitalet Centre d'Activitats. La Farga GEM, S.A.","description":"La Farga L&#039;Hospitalet Centre d&#039;Activitats. Gestionat per La Farga GEM, S.A. Fires i Congressos. Concerts, exposicions, reunions, filmacions, sopars de gala.","publisher":{"@id":"https:\/\/www.lafargalhospitalet.com\/#organization"},"potentialAction":[{"@type":"SearchAction","target":{"@type":"EntryPoint","urlTemplate":"https:\/\/www.lafargalhospitalet.com\/?s={search_term_string}"},"query-input":{"@type":"PropertyValueSpecification","valueRequired":true,"valueName":"search_term_string"}}],"inLanguage":"ca"},{"@type":"Organization","@id":"https:\/\/www.lafargalhospitalet.com\/#organization","name":"La Farga L'Hospitalet Centre d'Activitats. La Farga GEM, S.A.","url":"https:\/\/www.lafargalhospitalet.com\/","logo":{"@type":"ImageObject","inLanguage":"ca","@id":"https:\/\/www.lafargalhospitalet.com\/#\/schema\/logo\/image\/","url":"https:\/\/www.lafargalhospitalet.com\/wp-content\/uploads\/2025\/10\/logotipo_lafarga_centre_activitats.png","contentUrl":"https:\/\/www.lafargalhospitalet.com\/wp-content\/uploads\/2025\/10\/logotipo_lafarga_centre_activitats.png","width":266,"height":101,"caption":"La Farga L'Hospitalet Centre d'Activitats. La Farga GEM, S.A."},"image":{"@id":"https:\/\/www.lafargalhospitalet.com\/#\/schema\/logo\/image\/"},"sameAs":["https:\/\/www.facebook.com\/fargahospitalet\/","https:\/\/x.com\/fargahospitalet","https:\/\/www.instagram.com\/lafargahospitalet\/","https:\/\/www.youtube.com\/channel\/UCoLt6hen3PqGXgbLMGI3Qdw","https:\/\/www.flickr.com\/photos\/lafargagemsa\/albums"]},{"@type":"Person","@id":"https:\/\/www.lafargalhospitalet.com\/#\/schema\/person\/6cbac0ef7748506b167ff859e1c7f378","name":"La Farga Centre d'Activitats","sameAs":["https:\/\/www.lafargalhospitalet.com"],"url":"https:\/\/www.lafargalhospitalet.com\/ca\/author\/far25gmin\/"}]}},"_links":{"self":[{"href":"https:\/\/www.lafargalhospitalet.com\/ca\/wp-json\/wp\/v2\/posts\/3805","targetHints":{"allow":["GET"]}}],"collection":[{"href":"https:\/\/www.lafargalhospitalet.com\/ca\/wp-json\/wp\/v2\/posts"}],"about":[{"href":"https:\/\/www.lafargalhospitalet.com\/ca\/wp-json\/wp\/v2\/types\/post"}],"author":[{"embeddable":true,"href":"https:\/\/www.lafargalhospitalet.com\/ca\/wp-json\/wp\/v2\/users\/1"}],"replies":[{"embeddable":true,"href":"https:\/\/www.lafargalhospitalet.com\/ca\/wp-json\/wp\/v2\/comments?post=3805"}],"version-history":[{"count":0,"href":"https:\/\/www.lafargalhospitalet.com\/ca\/wp-json\/wp\/v2\/posts\/3805\/revisions"}],"wp:featuredmedia":[{"embeddable":true,"href":"https:\/\/www.lafargalhospitalet.com\/ca\/wp-json\/wp\/v2\/media\/3806"}],"wp:attachment":[{"href":"https:\/\/www.lafargalhospitalet.com\/ca\/wp-json\/wp\/v2\/media?parent=3805"}],"wp:term":[{"taxonomy":"category","embeddable":true,"href":"https:\/\/www.lafargalhospitalet.com\/ca\/wp-json\/wp\/v2\/categories?post=3805"},{"taxonomy":"post_tag","embeddable":true,"href":"https:\/\/www.lafargalhospitalet.com\/ca\/wp-json\/wp\/v2\/tags?post=3805"}],"curies":[{"name":"wp","href":"https:\/\/api.w.org\/{rel}","templated":true}]}}