{"id":3874,"date":"2016-06-01T09:25:38","date_gmt":"2016-06-01T08:25:38","guid":{"rendered":"http:\/\/www.lafargalhospitalet.com\/?p=3874"},"modified":"2025-11-03T18:29:15","modified_gmt":"2025-11-03T17:29:15","slug":"temps-dexamens-a-la-farga-centre-dactivitats","status":"publish","type":"post","link":"https:\/\/www.lafargalhospitalet.com\/ca\/temps-dexamens-a-la-farga-centre-dactivitats\/","title":{"rendered":"Temps d&#8217;ex\u00e0mens a La Farga Centre d&#8217;Activitats"},"content":{"rendered":"<p>La Farga Centre d\u2019Activitats acull durant els propers dies diferents proves que convoca el Departament de Territori i Sostenibilitat de la Generalitat de Catalunya.<\/p>\n<p>Entre dijous i divendres\u00a0els ex\u00e0mens seran per a aquelles persones que volen obtenir o renovar el certificat de capacitaci\u00f3 professional de Consellers de seguretat de transport de mercaderies perilloses per carretera.\u00a0Les empreses que transporten mercaderies perilloses per carretera o ferrocarril o que siguin responsables de la c\u00e0rrega o desc\u00e0rrega vinculades a aquest transport, hauran de tenir designaci\u00f3, des d\u2019abans de gener del 2000, almenys d\u2019un conseller de seguretat per prevenir els riscos a les persones, als b\u00e9ns o al medi ambient inherents a aquestes activitats.\u00a0Per ser conseller de seguretat s\u2019ha de superar unes proves que es duen a terme en una o dues convocat\u00f2ries l\u2019any.<\/p>\n<p>D&#8217;altra banda durant tot dissabte\u00a0les proves seran per a la obtenci\u00f3 del Certificat d\u2019Aptitud Professional (CAP) per a l\u2019exercici de l\u2019activitat de conductor\/a professional de determinats vehicles destinats al transport de mercaderies.<\/p>\n<p>L&#8217;espai principal de La Farga Centre d&#8217;Activitats ja est\u00e0 preparat per rebre les m\u00e9s\u00a0de 1.300 persones inscrites per aquestes convocat\u00f2ries.<\/p>\n<p>Per a m\u00e9s informaci\u00f3: <a href=\"http:\/\/web.gencat.cat\/ca\/tramits\/tramits-temes\/?tema=75d3aa00-a82c-11e3-a972-000c29052e2c\" target=\"_blank\">Departament de Territori i Sostenibilitat. Generalitat de Catalunya<\/a>.<\/p>\n","protected":false},"excerpt":{"rendered":"<p>La Farga Centre d\u2019Activitats acull durant els propers dies diferents proves que convoca el Departament de Territori i Sostenibilitat de la Generalitat de Catalunya.<\/p>\n","protected":false},"author":1,"featured_media":3875,"comment_status":"closed","ping_status":"closed","sticky":false,"template":"","format":"standard","meta":{"_monsterinsights_skip_tracking":false,"_monsterinsights_sitenote_active":false,"_monsterinsights_sitenote_note":"","_monsterinsights_sitenote_category":0,"footnotes":""},"categories":[83],"tags":[],"class_list":["post-3874","post","type-post","status-publish","format-standard","has-post-thumbnail","hentry","category-noticies"],"yoast_head":"<!-- This site is optimized with the Yoast SEO plugin v27.5 - https:\/\/yoast.com\/product\/yoast-seo-wordpress\/ -->\n<title>Temps d&#039;ex\u00e0mens a La Farga Centre d&#039;Activitats - La Farga L&#039;Hospitalet Centre d&#039;Activitats. La Farga GEM, S.A.<\/title>\n<meta name=\"description\" content=\"La Farga Centre d\u2019Activitats acull durant els propers dies diferents proves que convoca el Departament de Territori i Sostenibilitat de la Generalitat.\" \/>\n<meta name=\"robots\" content=\"index, follow, max-snippet:-1, max-image-preview:large, max-video-preview:-1\" \/>\n<link rel=\"canonical\" href=\"https:\/\/www.lafargalhospitalet.com\/ca\/temps-dexamens-a-la-farga-centre-dactivitats\/\" \/>\n<meta property=\"og:locale\" content=\"ca_ES\" \/>\n<meta property=\"og:type\" content=\"article\" \/>\n<meta property=\"og:title\" content=\"Temps d&#039;ex\u00e0mens a La Farga Centre d&#039;Activitats - La Farga L&#039;Hospitalet Centre d&#039;Activitats. La Farga GEM, S.A.\" \/>\n<meta property=\"og:description\" content=\"La Farga Centre d\u2019Activitats acull durant els propers dies diferents proves que convoca el Departament de Territori i Sostenibilitat de la Generalitat.\" \/>\n<meta property=\"og:url\" content=\"https:\/\/www.lafargalhospitalet.com\/ca\/temps-dexamens-a-la-farga-centre-dactivitats\/\" \/>\n<meta property=\"og:site_name\" content=\"La Farga L&#039;Hospitalet Centre d&#039;Activitats. La Farga GEM, S.A.\" \/>\n<meta property=\"article:publisher\" content=\"https:\/\/www.facebook.com\/fargahospitalet\/\" \/>\n<meta property=\"article:published_time\" content=\"2016-06-01T08:25:38+00:00\" \/>\n<meta property=\"article:modified_time\" content=\"2025-11-03T17:29:15+00:00\" \/>\n<meta property=\"og:image\" content=\"https:\/\/www.lafargalhospitalet.com\/wp-content\/uploads\/2016\/06\/examens-farga-hospitalet-LH.jpg\" \/>\n\t<meta property=\"og:image:width\" content=\"730\" \/>\n\t<meta property=\"og:image:height\" content=\"410\" \/>\n\t<meta property=\"og:image:type\" content=\"image\/jpeg\" \/>\n<meta name=\"author\" content=\"La Farga Centre d&#039;Activitats\" \/>\n<meta name=\"twitter:card\" content=\"summary_large_image\" \/>\n<meta name=\"twitter:creator\" content=\"@fargahospitalet\" \/>\n<meta name=\"twitter:site\" content=\"@fargahospitalet\" \/>\n<meta name=\"twitter:label1\" content=\"Escrit per\" \/>\n\t<meta name=\"twitter:data1\" content=\"La Farga Centre d&#039;Activitats\" \/>\n\t<meta name=\"twitter:label2\" content=\"Temps estimat de lectura\" \/>\n\t<meta name=\"twitter:data2\" content=\"1 minut\" \/>\n<script type=\"application\/ld+json\" class=\"yoast-schema-graph\">{\"@context\":\"https:\\\/\\\/schema.org\",\"@graph\":[{\"@type\":\"Article\",\"@id\":\"https:\\\/\\\/www.lafargalhospitalet.com\\\/ca\\\/temps-dexamens-a-la-farga-centre-dactivitats\\\/#article\",\"isPartOf\":{\"@id\":\"https:\\\/\\\/www.lafargalhospitalet.com\\\/ca\\\/temps-dexamens-a-la-farga-centre-dactivitats\\\/\"},\"author\":{\"name\":\"La Farga Centre d'Activitats\",\"@id\":\"https:\\\/\\\/www.lafargalhospitalet.com\\\/#\\\/schema\\\/person\\\/6cbac0ef7748506b167ff859e1c7f378\"},\"headline\":\"Temps d&#8217;ex\u00e0mens a La Farga Centre d&#8217;Activitats\",\"datePublished\":\"2016-06-01T08:25:38+00:00\",\"dateModified\":\"2025-11-03T17:29:15+00:00\",\"mainEntityOfPage\":{\"@id\":\"https:\\\/\\\/www.lafargalhospitalet.com\\\/ca\\\/temps-dexamens-a-la-farga-centre-dactivitats\\\/\"},\"wordCount\":226,\"publisher\":{\"@id\":\"https:\\\/\\\/www.lafargalhospitalet.com\\\/#organization\"},\"image\":{\"@id\":\"https:\\\/\\\/www.lafargalhospitalet.com\\\/ca\\\/temps-dexamens-a-la-farga-centre-dactivitats\\\/#primaryimage\"},\"thumbnailUrl\":\"https:\\\/\\\/www.lafargalhospitalet.com\\\/wp-content\\\/uploads\\\/2016\\\/06\\\/examens-farga-hospitalet-LH.jpg\",\"articleSection\":[\"Noticies\"],\"inLanguage\":\"ca\"},{\"@type\":\"WebPage\",\"@id\":\"https:\\\/\\\/www.lafargalhospitalet.com\\\/ca\\\/temps-dexamens-a-la-farga-centre-dactivitats\\\/\",\"url\":\"https:\\\/\\\/www.lafargalhospitalet.com\\\/ca\\\/temps-dexamens-a-la-farga-centre-dactivitats\\\/\",\"name\":\"Temps d'ex\u00e0mens a La Farga Centre d'Activitats - La Farga L&#039;Hospitalet Centre d&#039;Activitats. La Farga GEM, S.A.\",\"isPartOf\":{\"@id\":\"https:\\\/\\\/www.lafargalhospitalet.com\\\/#website\"},\"primaryImageOfPage\":{\"@id\":\"https:\\\/\\\/www.lafargalhospitalet.com\\\/ca\\\/temps-dexamens-a-la-farga-centre-dactivitats\\\/#primaryimage\"},\"image\":{\"@id\":\"https:\\\/\\\/www.lafargalhospitalet.com\\\/ca\\\/temps-dexamens-a-la-farga-centre-dactivitats\\\/#primaryimage\"},\"thumbnailUrl\":\"https:\\\/\\\/www.lafargalhospitalet.com\\\/wp-content\\\/uploads\\\/2016\\\/06\\\/examens-farga-hospitalet-LH.jpg\",\"datePublished\":\"2016-06-01T08:25:38+00:00\",\"dateModified\":\"2025-11-03T17:29:15+00:00\",\"description\":\"La Farga Centre d\u2019Activitats acull durant els propers dies diferents proves que convoca el Departament de Territori i Sostenibilitat de la Generalitat.\",\"breadcrumb\":{\"@id\":\"https:\\\/\\\/www.lafargalhospitalet.com\\\/ca\\\/temps-dexamens-a-la-farga-centre-dactivitats\\\/#breadcrumb\"},\"inLanguage\":\"ca\",\"potentialAction\":[{\"@type\":\"ReadAction\",\"target\":[\"https:\\\/\\\/www.lafargalhospitalet.com\\\/ca\\\/temps-dexamens-a-la-farga-centre-dactivitats\\\/\"]}]},{\"@type\":\"ImageObject\",\"inLanguage\":\"ca\",\"@id\":\"https:\\\/\\\/www.lafargalhospitalet.com\\\/ca\\\/temps-dexamens-a-la-farga-centre-dactivitats\\\/#primaryimage\",\"url\":\"https:\\\/\\\/www.lafargalhospitalet.com\\\/wp-content\\\/uploads\\\/2016\\\/06\\\/examens-farga-hospitalet-LH.jpg\",\"contentUrl\":\"https:\\\/\\\/www.lafargalhospitalet.com\\\/wp-content\\\/uploads\\\/2016\\\/06\\\/examens-farga-hospitalet-LH.jpg\",\"width\":730,\"height\":410,\"caption\":\"Certificado Proves Pruebas Ex\u00e0mens\"},{\"@type\":\"BreadcrumbList\",\"@id\":\"https:\\\/\\\/www.lafargalhospitalet.com\\\/ca\\\/temps-dexamens-a-la-farga-centre-dactivitats\\\/#breadcrumb\",\"itemListElement\":[{\"@type\":\"ListItem\",\"position\":1,\"name\":\"Portada\",\"item\":\"https:\\\/\\\/www.lafargalhospitalet.com\\\/\"},{\"@type\":\"ListItem\",\"position\":2,\"name\":\"Temps d&#8217;ex\u00e0mens a La Farga Centre d&#8217;Activitats\"}]},{\"@type\":\"WebSite\",\"@id\":\"https:\\\/\\\/www.lafargalhospitalet.com\\\/#website\",\"url\":\"https:\\\/\\\/www.lafargalhospitalet.com\\\/\",\"name\":\"La Farga L'Hospitalet Centre d'Activitats. La Farga GEM, S.A.\",\"description\":\"La Farga L&#039;Hospitalet Centre d&#039;Activitats. Gestionat per La Farga GEM, S.A. Fires i Congressos. Concerts, exposicions, reunions, filmacions, sopars de gala.\",\"publisher\":{\"@id\":\"https:\\\/\\\/www.lafargalhospitalet.com\\\/#organization\"},\"potentialAction\":[{\"@type\":\"SearchAction\",\"target\":{\"@type\":\"EntryPoint\",\"urlTemplate\":\"https:\\\/\\\/www.lafargalhospitalet.com\\\/?s={search_term_string}\"},\"query-input\":{\"@type\":\"PropertyValueSpecification\",\"valueRequired\":true,\"valueName\":\"search_term_string\"}}],\"inLanguage\":\"ca\"},{\"@type\":\"Organization\",\"@id\":\"https:\\\/\\\/www.lafargalhospitalet.com\\\/#organization\",\"name\":\"La Farga L'Hospitalet Centre d'Activitats. La Farga GEM, S.A.\",\"url\":\"https:\\\/\\\/www.lafargalhospitalet.com\\\/\",\"logo\":{\"@type\":\"ImageObject\",\"inLanguage\":\"ca\",\"@id\":\"https:\\\/\\\/www.lafargalhospitalet.com\\\/#\\\/schema\\\/logo\\\/image\\\/\",\"url\":\"https:\\\/\\\/www.lafargalhospitalet.com\\\/wp-content\\\/uploads\\\/2025\\\/10\\\/logotipo_lafarga_centre_activitats.png\",\"contentUrl\":\"https:\\\/\\\/www.lafargalhospitalet.com\\\/wp-content\\\/uploads\\\/2025\\\/10\\\/logotipo_lafarga_centre_activitats.png\",\"width\":266,\"height\":101,\"caption\":\"La Farga L'Hospitalet Centre d'Activitats. La Farga GEM, S.A.\"},\"image\":{\"@id\":\"https:\\\/\\\/www.lafargalhospitalet.com\\\/#\\\/schema\\\/logo\\\/image\\\/\"},\"sameAs\":[\"https:\\\/\\\/www.facebook.com\\\/fargahospitalet\\\/\",\"https:\\\/\\\/x.com\\\/fargahospitalet\",\"https:\\\/\\\/www.instagram.com\\\/lafargahospitalet\\\/\",\"https:\\\/\\\/www.youtube.com\\\/channel\\\/UCoLt6hen3PqGXgbLMGI3Qdw\",\"https:\\\/\\\/www.flickr.com\\\/photos\\\/lafargagemsa\\\/albums\"]},{\"@type\":\"Person\",\"@id\":\"https:\\\/\\\/www.lafargalhospitalet.com\\\/#\\\/schema\\\/person\\\/6cbac0ef7748506b167ff859e1c7f378\",\"name\":\"La Farga Centre d'Activitats\",\"sameAs\":[\"https:\\\/\\\/www.lafargalhospitalet.com\"],\"url\":\"https:\\\/\\\/www.lafargalhospitalet.com\\\/ca\\\/author\\\/far25gmin\\\/\"}]}<\/script>\n<!-- \/ Yoast SEO plugin. -->","yoast_head_json":{"title":"Temps d'ex\u00e0mens a La Farga Centre d'Activitats - La Farga L&#039;Hospitalet Centre d&#039;Activitats. La Farga GEM, S.A.","description":"La Farga Centre d\u2019Activitats acull durant els propers dies diferents proves que convoca el Departament de Territori i Sostenibilitat de la Generalitat.","robots":{"index":"index","follow":"follow","max-snippet":"max-snippet:-1","max-image-preview":"max-image-preview:large","max-video-preview":"max-video-preview:-1"},"canonical":"https:\/\/www.lafargalhospitalet.com\/ca\/temps-dexamens-a-la-farga-centre-dactivitats\/","og_locale":"ca_ES","og_type":"article","og_title":"Temps d'ex\u00e0mens a La Farga Centre d'Activitats - La Farga L&#039;Hospitalet Centre d&#039;Activitats. La Farga GEM, S.A.","og_description":"La Farga Centre d\u2019Activitats acull durant els propers dies diferents proves que convoca el Departament de Territori i Sostenibilitat de la Generalitat.","og_url":"https:\/\/www.lafargalhospitalet.com\/ca\/temps-dexamens-a-la-farga-centre-dactivitats\/","og_site_name":"La Farga L&#039;Hospitalet Centre d&#039;Activitats. La Farga GEM, S.A.","article_publisher":"https:\/\/www.facebook.com\/fargahospitalet\/","article_published_time":"2016-06-01T08:25:38+00:00","article_modified_time":"2025-11-03T17:29:15+00:00","og_image":[{"width":730,"height":410,"url":"https:\/\/www.lafargalhospitalet.com\/wp-content\/uploads\/2016\/06\/examens-farga-hospitalet-LH.jpg","type":"image\/jpeg"}],"author":"La Farga Centre d'Activitats","twitter_card":"summary_large_image","twitter_creator":"@fargahospitalet","twitter_site":"@fargahospitalet","twitter_misc":{"Escrit per":"La Farga Centre d'Activitats","Temps estimat de lectura":"1 minut"},"schema":{"@context":"https:\/\/schema.org","@graph":[{"@type":"Article","@id":"https:\/\/www.lafargalhospitalet.com\/ca\/temps-dexamens-a-la-farga-centre-dactivitats\/#article","isPartOf":{"@id":"https:\/\/www.lafargalhospitalet.com\/ca\/temps-dexamens-a-la-farga-centre-dactivitats\/"},"author":{"name":"La Farga Centre d'Activitats","@id":"https:\/\/www.lafargalhospitalet.com\/#\/schema\/person\/6cbac0ef7748506b167ff859e1c7f378"},"headline":"Temps d&#8217;ex\u00e0mens a La Farga Centre d&#8217;Activitats","datePublished":"2016-06-01T08:25:38+00:00","dateModified":"2025-11-03T17:29:15+00:00","mainEntityOfPage":{"@id":"https:\/\/www.lafargalhospitalet.com\/ca\/temps-dexamens-a-la-farga-centre-dactivitats\/"},"wordCount":226,"publisher":{"@id":"https:\/\/www.lafargalhospitalet.com\/#organization"},"image":{"@id":"https:\/\/www.lafargalhospitalet.com\/ca\/temps-dexamens-a-la-farga-centre-dactivitats\/#primaryimage"},"thumbnailUrl":"https:\/\/www.lafargalhospitalet.com\/wp-content\/uploads\/2016\/06\/examens-farga-hospitalet-LH.jpg","articleSection":["Noticies"],"inLanguage":"ca"},{"@type":"WebPage","@id":"https:\/\/www.lafargalhospitalet.com\/ca\/temps-dexamens-a-la-farga-centre-dactivitats\/","url":"https:\/\/www.lafargalhospitalet.com\/ca\/temps-dexamens-a-la-farga-centre-dactivitats\/","name":"Temps d'ex\u00e0mens a La Farga Centre d'Activitats - La Farga L&#039;Hospitalet Centre d&#039;Activitats. La Farga GEM, S.A.","isPartOf":{"@id":"https:\/\/www.lafargalhospitalet.com\/#website"},"primaryImageOfPage":{"@id":"https:\/\/www.lafargalhospitalet.com\/ca\/temps-dexamens-a-la-farga-centre-dactivitats\/#primaryimage"},"image":{"@id":"https:\/\/www.lafargalhospitalet.com\/ca\/temps-dexamens-a-la-farga-centre-dactivitats\/#primaryimage"},"thumbnailUrl":"https:\/\/www.lafargalhospitalet.com\/wp-content\/uploads\/2016\/06\/examens-farga-hospitalet-LH.jpg","datePublished":"2016-06-01T08:25:38+00:00","dateModified":"2025-11-03T17:29:15+00:00","description":"La Farga Centre d\u2019Activitats acull durant els propers dies diferents proves que convoca el Departament de Territori i Sostenibilitat de la Generalitat.","breadcrumb":{"@id":"https:\/\/www.lafargalhospitalet.com\/ca\/temps-dexamens-a-la-farga-centre-dactivitats\/#breadcrumb"},"inLanguage":"ca","potentialAction":[{"@type":"ReadAction","target":["https:\/\/www.lafargalhospitalet.com\/ca\/temps-dexamens-a-la-farga-centre-dactivitats\/"]}]},{"@type":"ImageObject","inLanguage":"ca","@id":"https:\/\/www.lafargalhospitalet.com\/ca\/temps-dexamens-a-la-farga-centre-dactivitats\/#primaryimage","url":"https:\/\/www.lafargalhospitalet.com\/wp-content\/uploads\/2016\/06\/examens-farga-hospitalet-LH.jpg","contentUrl":"https:\/\/www.lafargalhospitalet.com\/wp-content\/uploads\/2016\/06\/examens-farga-hospitalet-LH.jpg","width":730,"height":410,"caption":"Certificado Proves Pruebas Ex\u00e0mens"},{"@type":"BreadcrumbList","@id":"https:\/\/www.lafargalhospitalet.com\/ca\/temps-dexamens-a-la-farga-centre-dactivitats\/#breadcrumb","itemListElement":[{"@type":"ListItem","position":1,"name":"Portada","item":"https:\/\/www.lafargalhospitalet.com\/"},{"@type":"ListItem","position":2,"name":"Temps d&#8217;ex\u00e0mens a La Farga Centre d&#8217;Activitats"}]},{"@type":"WebSite","@id":"https:\/\/www.lafargalhospitalet.com\/#website","url":"https:\/\/www.lafargalhospitalet.com\/","name":"La Farga L'Hospitalet Centre d'Activitats. La Farga GEM, S.A.","description":"La Farga L&#039;Hospitalet Centre d&#039;Activitats. Gestionat per La Farga GEM, S.A. Fires i Congressos. Concerts, exposicions, reunions, filmacions, sopars de gala.","publisher":{"@id":"https:\/\/www.lafargalhospitalet.com\/#organization"},"potentialAction":[{"@type":"SearchAction","target":{"@type":"EntryPoint","urlTemplate":"https:\/\/www.lafargalhospitalet.com\/?s={search_term_string}"},"query-input":{"@type":"PropertyValueSpecification","valueRequired":true,"valueName":"search_term_string"}}],"inLanguage":"ca"},{"@type":"Organization","@id":"https:\/\/www.lafargalhospitalet.com\/#organization","name":"La Farga L'Hospitalet Centre d'Activitats. La Farga GEM, S.A.","url":"https:\/\/www.lafargalhospitalet.com\/","logo":{"@type":"ImageObject","inLanguage":"ca","@id":"https:\/\/www.lafargalhospitalet.com\/#\/schema\/logo\/image\/","url":"https:\/\/www.lafargalhospitalet.com\/wp-content\/uploads\/2025\/10\/logotipo_lafarga_centre_activitats.png","contentUrl":"https:\/\/www.lafargalhospitalet.com\/wp-content\/uploads\/2025\/10\/logotipo_lafarga_centre_activitats.png","width":266,"height":101,"caption":"La Farga L'Hospitalet Centre d'Activitats. La Farga GEM, S.A."},"image":{"@id":"https:\/\/www.lafargalhospitalet.com\/#\/schema\/logo\/image\/"},"sameAs":["https:\/\/www.facebook.com\/fargahospitalet\/","https:\/\/x.com\/fargahospitalet","https:\/\/www.instagram.com\/lafargahospitalet\/","https:\/\/www.youtube.com\/channel\/UCoLt6hen3PqGXgbLMGI3Qdw","https:\/\/www.flickr.com\/photos\/lafargagemsa\/albums"]},{"@type":"Person","@id":"https:\/\/www.lafargalhospitalet.com\/#\/schema\/person\/6cbac0ef7748506b167ff859e1c7f378","name":"La Farga Centre d'Activitats","sameAs":["https:\/\/www.lafargalhospitalet.com"],"url":"https:\/\/www.lafargalhospitalet.com\/ca\/author\/far25gmin\/"}]}},"_links":{"self":[{"href":"https:\/\/www.lafargalhospitalet.com\/ca\/wp-json\/wp\/v2\/posts\/3874","targetHints":{"allow":["GET"]}}],"collection":[{"href":"https:\/\/www.lafargalhospitalet.com\/ca\/wp-json\/wp\/v2\/posts"}],"about":[{"href":"https:\/\/www.lafargalhospitalet.com\/ca\/wp-json\/wp\/v2\/types\/post"}],"author":[{"embeddable":true,"href":"https:\/\/www.lafargalhospitalet.com\/ca\/wp-json\/wp\/v2\/users\/1"}],"replies":[{"embeddable":true,"href":"https:\/\/www.lafargalhospitalet.com\/ca\/wp-json\/wp\/v2\/comments?post=3874"}],"version-history":[{"count":0,"href":"https:\/\/www.lafargalhospitalet.com\/ca\/wp-json\/wp\/v2\/posts\/3874\/revisions"}],"wp:featuredmedia":[{"embeddable":true,"href":"https:\/\/www.lafargalhospitalet.com\/ca\/wp-json\/wp\/v2\/media\/3875"}],"wp:attachment":[{"href":"https:\/\/www.lafargalhospitalet.com\/ca\/wp-json\/wp\/v2\/media?parent=3874"}],"wp:term":[{"taxonomy":"category","embeddable":true,"href":"https:\/\/www.lafargalhospitalet.com\/ca\/wp-json\/wp\/v2\/categories?post=3874"},{"taxonomy":"post_tag","embeddable":true,"href":"https:\/\/www.lafargalhospitalet.com\/ca\/wp-json\/wp\/v2\/tags?post=3874"}],"curies":[{"name":"wp","href":"https:\/\/api.w.org\/{rel}","templated":true}]}}