{"id":3883,"date":"2016-06-09T22:14:11","date_gmt":"2016-06-09T21:14:11","guid":{"rendered":"http:\/\/www.lafargalhospitalet.com\/?p=3883"},"modified":"2025-11-03T18:29:15","modified_gmt":"2025-11-03T17:29:15","slug":"retromoto-barcelona-el-nou-salo-de-la-moto-depoca-i-accessoris-de-la-farga","status":"publish","type":"post","link":"https:\/\/www.lafargalhospitalet.com\/ca\/retromoto-barcelona-el-nou-salo-de-la-moto-depoca-i-accessoris-de-la-farga\/","title":{"rendered":"RetroMoto Barcelona, el nou Sal\u00f3 de la Moto d\u2019\u00c8poca i Accessoris de La Farga"},"content":{"rendered":"<h5>Del 9 a l&#8217;11 de setembre<\/h5>\n<p>Clubs, aficionats, professionals del sector i propietaris de motos cl\u00e0ssiques de tot el nord-est peninsular tindran una cita ineludible a La Farga Centre d\u2019Activitats, en celebrar-se <a href=\"http:\/\/www.eventosmotor.com\/2016\/retro-moto-barcelona.html\" target=\"_blank\">RetroMoto Barcelona, I Sal\u00f3 de la Moto d&#8217;\u00c8poca i Accessoris<\/a>, que acollir\u00e0 al voltant d&#8217;un centenar d&#8217;expositors.<\/p>\n<p>Els representants de les empreses organitzadores: Jos\u00e9 Enrique Elvira, director general d&#8217;Eventos del Motor i Jos\u00e9 Mar\u00eda Garcia Mompel, president La Farga Gesti\u00f3 d&#8217;Equipaments Municipals (fotografia) han signat el contracte de col\u00b7laboraci\u00f3 pel qual el recinte acollir\u00e0 aquesta fira de motos cl\u00e0ssiques.<\/p>\n<p>Aquest certamen ocupar\u00e0 10.000 m2 i suposar\u00e0 una exposici\u00f3 monogr\u00e0fica sobre motos d&#8217;\u00e8poca, amb espais cedits gratu\u00eftament als clubs interessats, que podran fer part\u00edcip al p\u00fablic visitant de les seves activitats.<\/p>\n<p>L&#8217;exposici\u00f3 comptar\u00e0 a m\u00e9s amb una \u00e0rea especial i gratu\u00efta per a exposici\u00f3 i venda de motos particulars, anomenada Cover Corral i patrocinada per l&#8217;asseguradora catalana ClassicCover. En aquesta zona, les places s\u00f3n limitades, es permetr\u00e0 als propietaris que participin amb la seva moto disposar d&#8217;un passi permanent per accedir durant els 3 dies de fira, aix\u00ed com d&#8217;una altra s\u00e8rie de serveis per facilitar la venda dels seus vehicles, com els cartells anunciadors per posar les caracter\u00edstiques o el preu.<\/p>\n<p>A m\u00e9s, el certamen comptar\u00e0 amb l&#8217;al\u00b7licient d&#8217;estacionament gratu\u00eft reservat a motos cl\u00e0ssiques, que quedaran en exposici\u00f3 cada jornada, de manera que puguin ser contemplades per tot el p\u00fablic assistent i sigui una \u00e0rea expositiva m\u00e9s. Els assistents en aquestes motos tindran a m\u00e9s un descompte del 50% en el preu de l&#8217;entrada.<\/p>\n<p>RetroMoto Barcelona es preveu aix\u00ed com una gran festa del m\u00f3n de la moto antiga i cita obligada per als aficionats, clubs, col\u00b7leccionistes, professionals i p\u00fablic en general que vulguin gaudir de les motocicletes cl\u00e0ssiques i d&#8217;\u00e8poca.<\/p>\n<p>El certamen s&#8217;estructurar\u00e0 en dues grans l\u00ednies ben diferenciades:<\/p>\n<p><strong>Zona Comercial<\/strong>, on l\u2019objectiu ser\u00e0 afavorir l&#8217;intercanvi entre l&#8217;oferta i la demanda<\/p>\n<ul>\n<li>Exposici\u00f3 i venda de motocicletes (professionals)<\/li>\n<li>Motomobilia (mercat de peces, accessoris, recanvis, llibres, documentaci\u00f3, etc.)<\/li>\n<li>Zona de particulars (\u00e0rea de venda de motos cl\u00e0ssiques)<\/li>\n<\/ul>\n<p><strong>Zona Expositiva<\/strong>, on es buscar\u00e0 que l&#8217;aficionat gaudeixi de la fira<\/p>\n<ul>\n<li>Exposicions monogr\u00e0fiques<\/li>\n<li>Estands de clubs<\/li>\n<li>Activitats paral\u00b7leles (concentracions, sortejos, etc.)<\/li>\n<li>Aparcament de motos cl\u00e0ssiques<\/li>\n<\/ul>\n<p>La fira compta amb la garantia organitzativa d&#8217;Eventos del Motor, empresa l\u00edder en la posada en marxa de salons de vehicle d&#8217;\u00e8poca a la Pen\u00ednsula Ib\u00e8rica i amb l\u2019experi\u00e8ncia de La Farga de L\u2019Hospitalet, que aposta un cop m\u00e9s per la col\u00b7laboraci\u00f3 publicoprivada en l\u2019organitzaci\u00f3 d\u2019esdeveniments d\u2019\u00e8xit.<\/p>\n<p>Eventos del Motor tamb\u00e9 celebra cada any l\u2019AutoCl\u00e1ssico de Porto (la major fira d&#8217;autom\u00f2bil cl\u00e0ssic de la Pen\u00ednsula Ib\u00e8rica), Retro Cl\u00e0ssica de Bilbao, o les Retro Auto&amp;Moto de M\u00e0laga, Gal\u00edcia i Val\u00e8ncia, que juntament amb aquesta de Barcelona formen una important oferta en el sector.<\/p>\n<p>D\u2019aquesta manera La Farga de L\u2019Hospitalet obrir\u00e0 el seu calendari de tardor amb un sal\u00f3 que pot aplegar milers de visitants com els recents <a href=\"https:\/\/www.lafargalhospitalet.com\/en-el-punt-de-mira-el-segon-salo-del-cinema-i-les-series\/\" target=\"_blank\">Sal\u00f3 del Cinema i les S\u00e8ries<\/a>, <a href=\"https:\/\/www.lafargalhospitalet.com\/innova-el-viver-del-coneixement-projectes-idees-i-talent\/\" target=\"_blank\">Innova<\/a>, <a href=\"https:\/\/www.lafargalhospitalet.com\/20-000-visitants-japan-weekend-farga\/\" target=\"_blank\">Japan Weekend<\/a> o la <a href=\"https:\/\/www.lafargalhospitalet.com\/la-pista-de-gel-repetira-a-la-farga\/\" target=\"_blank\">Pista del Gel<\/a>.<\/p>\n<p>M\u00e9s informaci\u00f3 sobre RetroMoto Barcelona: <a href=\"http:\/\/www.eventosmotor.com\/2016\/retro-moto-barcelona.html\" target=\"_blank\">www.eventosmotor.com<\/a><\/p>\n<p><a href=\"https:\/\/www.lafargalhospitalet.com\/wp-content\/uploads\/2016\/06\/cartelRetroMoto.jpg\"><img fetchpriority=\"high\" decoding=\"async\" class=\" wp-image-3885 aligncenter\" src=\"https:\/\/www.lafargalhospitalet.com\/wp-content\/uploads\/2016\/06\/cartelRetroMoto-214x300.jpg\" alt=\"cartelRetroMoto\" width=\"244\" height=\"342\" \/><\/a><\/p>\n","protected":false},"excerpt":{"rendered":"<p>Eventos del Motor i La Farga de L&#8217;Hospitalet organitzen aquest sal\u00f3 del 9 a l&#8217;11 de setembre, ocupant 10.000 metres quadrats.<\/p>\n","protected":false},"author":1,"featured_media":3884,"comment_status":"closed","ping_status":"closed","sticky":false,"template":"","format":"standard","meta":{"_monsterinsights_skip_tracking":false,"_monsterinsights_sitenote_active":false,"_monsterinsights_sitenote_note":"","_monsterinsights_sitenote_category":0,"footnotes":""},"categories":[83],"tags":[],"class_list":["post-3883","post","type-post","status-publish","format-standard","has-post-thumbnail","hentry","category-noticies"],"yoast_head":"<!-- This site is optimized with the Yoast SEO plugin v27.5 - https:\/\/yoast.com\/product\/yoast-seo-wordpress\/ -->\n<title>RetroMoto Barcelona, el nou Sal\u00f3 de la Moto d\u2019\u00c8poca i Accessoris de La Farga - La Farga L&#039;Hospitalet Centre d&#039;Activitats. La Farga GEM, S.A.<\/title>\n<meta name=\"description\" content=\"Eventos del Motor i La Farga de L&#039;Hospitalet organitzen RetroMoto Barcelona, sal\u00f3 del 9 a l&#039;11 de setembre, ocupant 10.000 metres quadrats.\" \/>\n<meta name=\"robots\" content=\"index, follow, max-snippet:-1, max-image-preview:large, max-video-preview:-1\" \/>\n<link rel=\"canonical\" href=\"https:\/\/www.lafargalhospitalet.com\/ca\/retromoto-barcelona-el-nou-salo-de-la-moto-depoca-i-accessoris-de-la-farga\/\" \/>\n<meta property=\"og:locale\" content=\"ca_ES\" \/>\n<meta property=\"og:type\" content=\"article\" \/>\n<meta property=\"og:title\" content=\"RetroMoto Barcelona, el nou Sal\u00f3 de la Moto d\u2019\u00c8poca i Accessoris de La Farga - La Farga L&#039;Hospitalet Centre d&#039;Activitats. La Farga GEM, S.A.\" \/>\n<meta property=\"og:description\" content=\"Eventos del Motor i La Farga de L&#039;Hospitalet organitzen RetroMoto Barcelona, sal\u00f3 del 9 a l&#039;11 de setembre, ocupant 10.000 metres quadrats.\" \/>\n<meta property=\"og:url\" content=\"https:\/\/www.lafargalhospitalet.com\/ca\/retromoto-barcelona-el-nou-salo-de-la-moto-depoca-i-accessoris-de-la-farga\/\" \/>\n<meta property=\"og:site_name\" content=\"La Farga L&#039;Hospitalet Centre d&#039;Activitats. La Farga GEM, S.A.\" \/>\n<meta property=\"article:publisher\" content=\"https:\/\/www.facebook.com\/fargahospitalet\/\" \/>\n<meta property=\"article:published_time\" content=\"2016-06-09T21:14:11+00:00\" \/>\n<meta property=\"article:modified_time\" content=\"2025-11-03T17:29:15+00:00\" \/>\n<meta property=\"og:image\" content=\"https:\/\/www.lafargalhospitalet.com\/wp-content\/uploads\/2016\/06\/Salon_Moto_Farga.jpg\" \/>\n\t<meta property=\"og:image:width\" content=\"730\" \/>\n\t<meta property=\"og:image:height\" content=\"410\" \/>\n\t<meta property=\"og:image:type\" content=\"image\/jpeg\" \/>\n<meta name=\"author\" content=\"La Farga Centre d&#039;Activitats\" \/>\n<meta name=\"twitter:card\" content=\"summary_large_image\" \/>\n<meta name=\"twitter:creator\" content=\"@fargahospitalet\" \/>\n<meta name=\"twitter:site\" content=\"@fargahospitalet\" \/>\n<meta name=\"twitter:label1\" content=\"Escrit per\" \/>\n\t<meta name=\"twitter:data1\" content=\"La Farga Centre d&#039;Activitats\" \/>\n\t<meta name=\"twitter:label2\" content=\"Temps estimat de lectura\" \/>\n\t<meta name=\"twitter:data2\" content=\"3 minuts\" \/>\n<script type=\"application\/ld+json\" class=\"yoast-schema-graph\">{\"@context\":\"https:\\\/\\\/schema.org\",\"@graph\":[{\"@type\":\"Article\",\"@id\":\"https:\\\/\\\/www.lafargalhospitalet.com\\\/ca\\\/retromoto-barcelona-el-nou-salo-de-la-moto-depoca-i-accessoris-de-la-farga\\\/#article\",\"isPartOf\":{\"@id\":\"https:\\\/\\\/www.lafargalhospitalet.com\\\/ca\\\/retromoto-barcelona-el-nou-salo-de-la-moto-depoca-i-accessoris-de-la-farga\\\/\"},\"author\":{\"name\":\"La Farga Centre d'Activitats\",\"@id\":\"https:\\\/\\\/www.lafargalhospitalet.com\\\/#\\\/schema\\\/person\\\/6cbac0ef7748506b167ff859e1c7f378\"},\"headline\":\"RetroMoto Barcelona, el nou Sal\u00f3 de la Moto d\u2019\u00c8poca i Accessoris de La Farga\",\"datePublished\":\"2016-06-09T21:14:11+00:00\",\"dateModified\":\"2025-11-03T17:29:15+00:00\",\"mainEntityOfPage\":{\"@id\":\"https:\\\/\\\/www.lafargalhospitalet.com\\\/ca\\\/retromoto-barcelona-el-nou-salo-de-la-moto-depoca-i-accessoris-de-la-farga\\\/\"},\"wordCount\":591,\"publisher\":{\"@id\":\"https:\\\/\\\/www.lafargalhospitalet.com\\\/#organization\"},\"image\":{\"@id\":\"https:\\\/\\\/www.lafargalhospitalet.com\\\/ca\\\/retromoto-barcelona-el-nou-salo-de-la-moto-depoca-i-accessoris-de-la-farga\\\/#primaryimage\"},\"thumbnailUrl\":\"https:\\\/\\\/www.lafargalhospitalet.com\\\/wp-content\\\/uploads\\\/2016\\\/06\\\/Salon_Moto_Farga.jpg\",\"articleSection\":[\"Noticies\"],\"inLanguage\":\"ca\"},{\"@type\":\"WebPage\",\"@id\":\"https:\\\/\\\/www.lafargalhospitalet.com\\\/ca\\\/retromoto-barcelona-el-nou-salo-de-la-moto-depoca-i-accessoris-de-la-farga\\\/\",\"url\":\"https:\\\/\\\/www.lafargalhospitalet.com\\\/ca\\\/retromoto-barcelona-el-nou-salo-de-la-moto-depoca-i-accessoris-de-la-farga\\\/\",\"name\":\"RetroMoto Barcelona, el nou Sal\u00f3 de la Moto d\u2019\u00c8poca i Accessoris de La Farga - La Farga L&#039;Hospitalet Centre d&#039;Activitats. La Farga GEM, S.A.\",\"isPartOf\":{\"@id\":\"https:\\\/\\\/www.lafargalhospitalet.com\\\/#website\"},\"primaryImageOfPage\":{\"@id\":\"https:\\\/\\\/www.lafargalhospitalet.com\\\/ca\\\/retromoto-barcelona-el-nou-salo-de-la-moto-depoca-i-accessoris-de-la-farga\\\/#primaryimage\"},\"image\":{\"@id\":\"https:\\\/\\\/www.lafargalhospitalet.com\\\/ca\\\/retromoto-barcelona-el-nou-salo-de-la-moto-depoca-i-accessoris-de-la-farga\\\/#primaryimage\"},\"thumbnailUrl\":\"https:\\\/\\\/www.lafargalhospitalet.com\\\/wp-content\\\/uploads\\\/2016\\\/06\\\/Salon_Moto_Farga.jpg\",\"datePublished\":\"2016-06-09T21:14:11+00:00\",\"dateModified\":\"2025-11-03T17:29:15+00:00\",\"description\":\"Eventos del Motor i La Farga de L'Hospitalet organitzen RetroMoto Barcelona, sal\u00f3 del 9 a l'11 de setembre, ocupant 10.000 metres quadrats.\",\"breadcrumb\":{\"@id\":\"https:\\\/\\\/www.lafargalhospitalet.com\\\/ca\\\/retromoto-barcelona-el-nou-salo-de-la-moto-depoca-i-accessoris-de-la-farga\\\/#breadcrumb\"},\"inLanguage\":\"ca\",\"potentialAction\":[{\"@type\":\"ReadAction\",\"target\":[\"https:\\\/\\\/www.lafargalhospitalet.com\\\/ca\\\/retromoto-barcelona-el-nou-salo-de-la-moto-depoca-i-accessoris-de-la-farga\\\/\"]}]},{\"@type\":\"ImageObject\",\"inLanguage\":\"ca\",\"@id\":\"https:\\\/\\\/www.lafargalhospitalet.com\\\/ca\\\/retromoto-barcelona-el-nou-salo-de-la-moto-depoca-i-accessoris-de-la-farga\\\/#primaryimage\",\"url\":\"https:\\\/\\\/www.lafargalhospitalet.com\\\/wp-content\\\/uploads\\\/2016\\\/06\\\/Salon_Moto_Farga.jpg\",\"contentUrl\":\"https:\\\/\\\/www.lafargalhospitalet.com\\\/wp-content\\\/uploads\\\/2016\\\/06\\\/Salon_Moto_Farga.jpg\",\"width\":730,\"height\":410,\"caption\":\"Jos\u00e9 Enrique Elvira (Eventos del Motor) i Jos\u00e9 M. Garc\u00eda Mompel (La Farga)\"},{\"@type\":\"BreadcrumbList\",\"@id\":\"https:\\\/\\\/www.lafargalhospitalet.com\\\/ca\\\/retromoto-barcelona-el-nou-salo-de-la-moto-depoca-i-accessoris-de-la-farga\\\/#breadcrumb\",\"itemListElement\":[{\"@type\":\"ListItem\",\"position\":1,\"name\":\"Portada\",\"item\":\"https:\\\/\\\/www.lafargalhospitalet.com\\\/\"},{\"@type\":\"ListItem\",\"position\":2,\"name\":\"RetroMoto Barcelona, el nou Sal\u00f3 de la Moto d\u2019\u00c8poca i Accessoris de La Farga\"}]},{\"@type\":\"WebSite\",\"@id\":\"https:\\\/\\\/www.lafargalhospitalet.com\\\/#website\",\"url\":\"https:\\\/\\\/www.lafargalhospitalet.com\\\/\",\"name\":\"La Farga L'Hospitalet Centre d'Activitats. La Farga GEM, S.A.\",\"description\":\"La Farga L&#039;Hospitalet Centre d&#039;Activitats. Gestionat per La Farga GEM, S.A. Fires i Congressos. Concerts, exposicions, reunions, filmacions, sopars de gala.\",\"publisher\":{\"@id\":\"https:\\\/\\\/www.lafargalhospitalet.com\\\/#organization\"},\"potentialAction\":[{\"@type\":\"SearchAction\",\"target\":{\"@type\":\"EntryPoint\",\"urlTemplate\":\"https:\\\/\\\/www.lafargalhospitalet.com\\\/?s={search_term_string}\"},\"query-input\":{\"@type\":\"PropertyValueSpecification\",\"valueRequired\":true,\"valueName\":\"search_term_string\"}}],\"inLanguage\":\"ca\"},{\"@type\":\"Organization\",\"@id\":\"https:\\\/\\\/www.lafargalhospitalet.com\\\/#organization\",\"name\":\"La Farga L'Hospitalet Centre d'Activitats. La Farga GEM, S.A.\",\"url\":\"https:\\\/\\\/www.lafargalhospitalet.com\\\/\",\"logo\":{\"@type\":\"ImageObject\",\"inLanguage\":\"ca\",\"@id\":\"https:\\\/\\\/www.lafargalhospitalet.com\\\/#\\\/schema\\\/logo\\\/image\\\/\",\"url\":\"https:\\\/\\\/www.lafargalhospitalet.com\\\/wp-content\\\/uploads\\\/2025\\\/10\\\/logotipo_lafarga_centre_activitats.png\",\"contentUrl\":\"https:\\\/\\\/www.lafargalhospitalet.com\\\/wp-content\\\/uploads\\\/2025\\\/10\\\/logotipo_lafarga_centre_activitats.png\",\"width\":266,\"height\":101,\"caption\":\"La Farga L'Hospitalet Centre d'Activitats. La Farga GEM, S.A.\"},\"image\":{\"@id\":\"https:\\\/\\\/www.lafargalhospitalet.com\\\/#\\\/schema\\\/logo\\\/image\\\/\"},\"sameAs\":[\"https:\\\/\\\/www.facebook.com\\\/fargahospitalet\\\/\",\"https:\\\/\\\/x.com\\\/fargahospitalet\",\"https:\\\/\\\/www.instagram.com\\\/lafargahospitalet\\\/\",\"https:\\\/\\\/www.youtube.com\\\/channel\\\/UCoLt6hen3PqGXgbLMGI3Qdw\",\"https:\\\/\\\/www.flickr.com\\\/photos\\\/lafargagemsa\\\/albums\"]},{\"@type\":\"Person\",\"@id\":\"https:\\\/\\\/www.lafargalhospitalet.com\\\/#\\\/schema\\\/person\\\/6cbac0ef7748506b167ff859e1c7f378\",\"name\":\"La Farga Centre d'Activitats\",\"sameAs\":[\"https:\\\/\\\/www.lafargalhospitalet.com\"],\"url\":\"https:\\\/\\\/www.lafargalhospitalet.com\\\/ca\\\/author\\\/far25gmin\\\/\"}]}<\/script>\n<!-- \/ Yoast SEO plugin. -->","yoast_head_json":{"title":"RetroMoto Barcelona, el nou Sal\u00f3 de la Moto d\u2019\u00c8poca i Accessoris de La Farga - La Farga L&#039;Hospitalet Centre d&#039;Activitats. La Farga GEM, S.A.","description":"Eventos del Motor i La Farga de L'Hospitalet organitzen RetroMoto Barcelona, sal\u00f3 del 9 a l'11 de setembre, ocupant 10.000 metres quadrats.","robots":{"index":"index","follow":"follow","max-snippet":"max-snippet:-1","max-image-preview":"max-image-preview:large","max-video-preview":"max-video-preview:-1"},"canonical":"https:\/\/www.lafargalhospitalet.com\/ca\/retromoto-barcelona-el-nou-salo-de-la-moto-depoca-i-accessoris-de-la-farga\/","og_locale":"ca_ES","og_type":"article","og_title":"RetroMoto Barcelona, el nou Sal\u00f3 de la Moto d\u2019\u00c8poca i Accessoris de La Farga - La Farga L&#039;Hospitalet Centre d&#039;Activitats. La Farga GEM, S.A.","og_description":"Eventos del Motor i La Farga de L'Hospitalet organitzen RetroMoto Barcelona, sal\u00f3 del 9 a l'11 de setembre, ocupant 10.000 metres quadrats.","og_url":"https:\/\/www.lafargalhospitalet.com\/ca\/retromoto-barcelona-el-nou-salo-de-la-moto-depoca-i-accessoris-de-la-farga\/","og_site_name":"La Farga L&#039;Hospitalet Centre d&#039;Activitats. La Farga GEM, S.A.","article_publisher":"https:\/\/www.facebook.com\/fargahospitalet\/","article_published_time":"2016-06-09T21:14:11+00:00","article_modified_time":"2025-11-03T17:29:15+00:00","og_image":[{"width":730,"height":410,"url":"https:\/\/www.lafargalhospitalet.com\/wp-content\/uploads\/2016\/06\/Salon_Moto_Farga.jpg","type":"image\/jpeg"}],"author":"La Farga Centre d'Activitats","twitter_card":"summary_large_image","twitter_creator":"@fargahospitalet","twitter_site":"@fargahospitalet","twitter_misc":{"Escrit per":"La Farga Centre d'Activitats","Temps estimat de lectura":"3 minuts"},"schema":{"@context":"https:\/\/schema.org","@graph":[{"@type":"Article","@id":"https:\/\/www.lafargalhospitalet.com\/ca\/retromoto-barcelona-el-nou-salo-de-la-moto-depoca-i-accessoris-de-la-farga\/#article","isPartOf":{"@id":"https:\/\/www.lafargalhospitalet.com\/ca\/retromoto-barcelona-el-nou-salo-de-la-moto-depoca-i-accessoris-de-la-farga\/"},"author":{"name":"La Farga Centre d'Activitats","@id":"https:\/\/www.lafargalhospitalet.com\/#\/schema\/person\/6cbac0ef7748506b167ff859e1c7f378"},"headline":"RetroMoto Barcelona, el nou Sal\u00f3 de la Moto d\u2019\u00c8poca i Accessoris de La Farga","datePublished":"2016-06-09T21:14:11+00:00","dateModified":"2025-11-03T17:29:15+00:00","mainEntityOfPage":{"@id":"https:\/\/www.lafargalhospitalet.com\/ca\/retromoto-barcelona-el-nou-salo-de-la-moto-depoca-i-accessoris-de-la-farga\/"},"wordCount":591,"publisher":{"@id":"https:\/\/www.lafargalhospitalet.com\/#organization"},"image":{"@id":"https:\/\/www.lafargalhospitalet.com\/ca\/retromoto-barcelona-el-nou-salo-de-la-moto-depoca-i-accessoris-de-la-farga\/#primaryimage"},"thumbnailUrl":"https:\/\/www.lafargalhospitalet.com\/wp-content\/uploads\/2016\/06\/Salon_Moto_Farga.jpg","articleSection":["Noticies"],"inLanguage":"ca"},{"@type":"WebPage","@id":"https:\/\/www.lafargalhospitalet.com\/ca\/retromoto-barcelona-el-nou-salo-de-la-moto-depoca-i-accessoris-de-la-farga\/","url":"https:\/\/www.lafargalhospitalet.com\/ca\/retromoto-barcelona-el-nou-salo-de-la-moto-depoca-i-accessoris-de-la-farga\/","name":"RetroMoto Barcelona, el nou Sal\u00f3 de la Moto d\u2019\u00c8poca i Accessoris de La Farga - La Farga L&#039;Hospitalet Centre d&#039;Activitats. La Farga GEM, S.A.","isPartOf":{"@id":"https:\/\/www.lafargalhospitalet.com\/#website"},"primaryImageOfPage":{"@id":"https:\/\/www.lafargalhospitalet.com\/ca\/retromoto-barcelona-el-nou-salo-de-la-moto-depoca-i-accessoris-de-la-farga\/#primaryimage"},"image":{"@id":"https:\/\/www.lafargalhospitalet.com\/ca\/retromoto-barcelona-el-nou-salo-de-la-moto-depoca-i-accessoris-de-la-farga\/#primaryimage"},"thumbnailUrl":"https:\/\/www.lafargalhospitalet.com\/wp-content\/uploads\/2016\/06\/Salon_Moto_Farga.jpg","datePublished":"2016-06-09T21:14:11+00:00","dateModified":"2025-11-03T17:29:15+00:00","description":"Eventos del Motor i La Farga de L'Hospitalet organitzen RetroMoto Barcelona, sal\u00f3 del 9 a l'11 de setembre, ocupant 10.000 metres quadrats.","breadcrumb":{"@id":"https:\/\/www.lafargalhospitalet.com\/ca\/retromoto-barcelona-el-nou-salo-de-la-moto-depoca-i-accessoris-de-la-farga\/#breadcrumb"},"inLanguage":"ca","potentialAction":[{"@type":"ReadAction","target":["https:\/\/www.lafargalhospitalet.com\/ca\/retromoto-barcelona-el-nou-salo-de-la-moto-depoca-i-accessoris-de-la-farga\/"]}]},{"@type":"ImageObject","inLanguage":"ca","@id":"https:\/\/www.lafargalhospitalet.com\/ca\/retromoto-barcelona-el-nou-salo-de-la-moto-depoca-i-accessoris-de-la-farga\/#primaryimage","url":"https:\/\/www.lafargalhospitalet.com\/wp-content\/uploads\/2016\/06\/Salon_Moto_Farga.jpg","contentUrl":"https:\/\/www.lafargalhospitalet.com\/wp-content\/uploads\/2016\/06\/Salon_Moto_Farga.jpg","width":730,"height":410,"caption":"Jos\u00e9 Enrique Elvira (Eventos del Motor) i Jos\u00e9 M. Garc\u00eda Mompel (La Farga)"},{"@type":"BreadcrumbList","@id":"https:\/\/www.lafargalhospitalet.com\/ca\/retromoto-barcelona-el-nou-salo-de-la-moto-depoca-i-accessoris-de-la-farga\/#breadcrumb","itemListElement":[{"@type":"ListItem","position":1,"name":"Portada","item":"https:\/\/www.lafargalhospitalet.com\/"},{"@type":"ListItem","position":2,"name":"RetroMoto Barcelona, el nou Sal\u00f3 de la Moto d\u2019\u00c8poca i Accessoris de La Farga"}]},{"@type":"WebSite","@id":"https:\/\/www.lafargalhospitalet.com\/#website","url":"https:\/\/www.lafargalhospitalet.com\/","name":"La Farga L'Hospitalet Centre d'Activitats. La Farga GEM, S.A.","description":"La Farga L&#039;Hospitalet Centre d&#039;Activitats. Gestionat per La Farga GEM, S.A. Fires i Congressos. Concerts, exposicions, reunions, filmacions, sopars de gala.","publisher":{"@id":"https:\/\/www.lafargalhospitalet.com\/#organization"},"potentialAction":[{"@type":"SearchAction","target":{"@type":"EntryPoint","urlTemplate":"https:\/\/www.lafargalhospitalet.com\/?s={search_term_string}"},"query-input":{"@type":"PropertyValueSpecification","valueRequired":true,"valueName":"search_term_string"}}],"inLanguage":"ca"},{"@type":"Organization","@id":"https:\/\/www.lafargalhospitalet.com\/#organization","name":"La Farga L'Hospitalet Centre d'Activitats. La Farga GEM, S.A.","url":"https:\/\/www.lafargalhospitalet.com\/","logo":{"@type":"ImageObject","inLanguage":"ca","@id":"https:\/\/www.lafargalhospitalet.com\/#\/schema\/logo\/image\/","url":"https:\/\/www.lafargalhospitalet.com\/wp-content\/uploads\/2025\/10\/logotipo_lafarga_centre_activitats.png","contentUrl":"https:\/\/www.lafargalhospitalet.com\/wp-content\/uploads\/2025\/10\/logotipo_lafarga_centre_activitats.png","width":266,"height":101,"caption":"La Farga L'Hospitalet Centre d'Activitats. La Farga GEM, S.A."},"image":{"@id":"https:\/\/www.lafargalhospitalet.com\/#\/schema\/logo\/image\/"},"sameAs":["https:\/\/www.facebook.com\/fargahospitalet\/","https:\/\/x.com\/fargahospitalet","https:\/\/www.instagram.com\/lafargahospitalet\/","https:\/\/www.youtube.com\/channel\/UCoLt6hen3PqGXgbLMGI3Qdw","https:\/\/www.flickr.com\/photos\/lafargagemsa\/albums"]},{"@type":"Person","@id":"https:\/\/www.lafargalhospitalet.com\/#\/schema\/person\/6cbac0ef7748506b167ff859e1c7f378","name":"La Farga Centre d'Activitats","sameAs":["https:\/\/www.lafargalhospitalet.com"],"url":"https:\/\/www.lafargalhospitalet.com\/ca\/author\/far25gmin\/"}]}},"_links":{"self":[{"href":"https:\/\/www.lafargalhospitalet.com\/ca\/wp-json\/wp\/v2\/posts\/3883","targetHints":{"allow":["GET"]}}],"collection":[{"href":"https:\/\/www.lafargalhospitalet.com\/ca\/wp-json\/wp\/v2\/posts"}],"about":[{"href":"https:\/\/www.lafargalhospitalet.com\/ca\/wp-json\/wp\/v2\/types\/post"}],"author":[{"embeddable":true,"href":"https:\/\/www.lafargalhospitalet.com\/ca\/wp-json\/wp\/v2\/users\/1"}],"replies":[{"embeddable":true,"href":"https:\/\/www.lafargalhospitalet.com\/ca\/wp-json\/wp\/v2\/comments?post=3883"}],"version-history":[{"count":0,"href":"https:\/\/www.lafargalhospitalet.com\/ca\/wp-json\/wp\/v2\/posts\/3883\/revisions"}],"wp:featuredmedia":[{"embeddable":true,"href":"https:\/\/www.lafargalhospitalet.com\/ca\/wp-json\/wp\/v2\/media\/3884"}],"wp:attachment":[{"href":"https:\/\/www.lafargalhospitalet.com\/ca\/wp-json\/wp\/v2\/media?parent=3883"}],"wp:term":[{"taxonomy":"category","embeddable":true,"href":"https:\/\/www.lafargalhospitalet.com\/ca\/wp-json\/wp\/v2\/categories?post=3883"},{"taxonomy":"post_tag","embeddable":true,"href":"https:\/\/www.lafargalhospitalet.com\/ca\/wp-json\/wp\/v2\/tags?post=3883"}],"curies":[{"name":"wp","href":"https:\/\/api.w.org\/{rel}","templated":true}]}}