{"id":4043,"date":"2016-07-07T08:14:06","date_gmt":"2016-07-07T07:14:06","guid":{"rendered":"http:\/\/www.lafargalhospitalet.com\/?p=4043"},"modified":"2025-11-03T18:29:15","modified_gmt":"2025-11-03T17:29:15","slug":"retromoto-barcelona-homenatjara-pere-pi","status":"publish","type":"post","link":"https:\/\/www.lafargalhospitalet.com\/ca\/retromoto-barcelona-homenatjara-pere-pi\/","title":{"rendered":"RetroMoto Barcelona homenatjar\u00e0 Pere Pi"},"content":{"rendered":"<h5>Del 9 a l\u201911 de setembre, RetroMoto a La Farga de L\u2019Hospitalet<\/h5>\n<ul>\n<li>\u00danic Campi\u00f3 d&#8217;Espanya en tres disciplines diferents: Motocr\u00f2s, Velocitat i Trial<\/li>\n<li>Descompte del 50% i aparcament a l&#8217;interior per a qui acudeixi a RetroMoto amb una cl\u00e0ssica<\/li>\n<li>Venda gratu\u00efta de motocicletes antigues entre particulars en un espai espec\u00edfic: Cover Corral<\/li>\n<li>Espai gratu\u00eft perqu\u00e8 qualsevol club de motociclisme cl\u00e0ssic pugui exhibir-se<\/li>\n<\/ul>\n<p>El primer sal\u00f3 monogr\u00e0fic dedicat en exclusiva a la moto d&#8217;\u00e8poca, RetroMoto Barcelona, certamen que tindr\u00e0 lloc a <a href=\"https:\/\/www.lafargalhospitalet.com\/retromoto-barcelona-el-nou-salo-de-la-moto-depoca-i-accessoris-de-la-farga\/\" target=\"_blank\">La Farga Centre d&#8217;Activitats entre els dies 9 i 11 de setembre<\/a>, retr\u00e0 un merescut homenatge a Pere Pi, un els grans noms del motociclisme catal\u00e0 i espanyol i \u00fanic pilot de motos que ha assolit el t\u00edtol de Campi\u00f3 d&#8217;Espanya en tres disciplines diferents: Motocr\u00f2s, Trial i Velocitat.<\/p>\n<p>A l&#8217;estand que es muntar\u00e0 per a aquest homenatge a RetroMoto Barcelona es podr\u00e0 contemplar alguna de les motocicletes amb qu\u00e8 Pere Pi va c\u00f3rrer en el seu moment, aix\u00ed com diferents records d&#8217;aquella \u00e8poca, com trofeus, fotografies i diferent documentaci\u00f3 relacionada amb el pilot catal\u00e0. Pere Pi no nom\u00e9s va ser un gran corredor en el seu temps, sin\u00f3 que a m\u00e9s va aportar diferents aven\u00e7os tecnol\u00f2gics al m\u00f3n de les dues rodes, principalment en el camp del motocr\u00f2s i el trial. Del seu enginy\u00f3s cap han sortit molts &#8220;invents&#8221; que encara a dia d&#8217;avui s&#8217;utilitzen en les motos actuals, alguns dels quals tamb\u00e9 es podran contemplar a l&#8217;estand.<\/p>\n<p>Amb 8 t\u00edtols de Campi\u00f3 d&#8217;Espanya en el seu palmar\u00e8s (1 de velocitat, 6 de motocr\u00f2s i 1 de trial), Pere Pi Parera \u00e9s un dels pilots m\u00e9s llorejats del nostre pa\u00eds i responsable de multitud de facetes en el m\u00f3n de la moto i tamb\u00e9 del ciclisme <em>off road<\/em>. Va ser pilot provador i directiu de Montesa, en la f\u00e0brica on va treballar gaireb\u00e9 25 anys i en la qual va desenvolupar diversos models de motocr\u00f2s, enduro i trial. A finals dels 70 va fundar la marca Monty, fabricant de bicicletes de bicitrial, especialitat que tamb\u00e9 va impulsar. Pere Pi \u00e9s pare del diverses vegades Campi\u00f3 del M\u00f3n de Biketrial, Ot Pi, qui precisament ha agafat les regnes de l&#8217;activitat empresarial que va fundar el seu pare.<\/p>\n<p><strong>Per fi l&#8217;esperat punt de trobada dels aficionats<\/strong><\/p>\n<p>RetroMoto Barcelona, I Sal\u00f3 dedicat a la Moto d&#8217;\u00c8poca i els seus Accessoris, obrir\u00e0 les portes el proper 9 de setembre. En ser un certamen pioner que acaparar\u00e0 l&#8217;atenci\u00f3 de clubs, aficionats i professionals del sector, el sal\u00f3 vol facilitar la visita del major nombre de persones possible, de manera que els clubs interessats disposaran d&#8217;espai per a exhibir-se gratu\u00eftament i qualsevol aficionat que acudeixi amb moto d&#8217;\u00e8poca de m\u00e9s de 25 anys podr\u00e0 aparcar sense cost dins de la instal\u00b7laci\u00f3 i, a m\u00e9s rebre un descompte del 50% en la seva entrada.<\/p>\n<p>Tamb\u00e9 es disposar\u00e0 d&#8217;una zona especial per a propietaris particulars, donant l&#8217;oportunitat a qualsevol persona de disposar de la seva pr\u00f2pia \u00e0rea, amb places limitades, de venda gratu\u00efta de motocicletes antigues (Cover Corral) i disposar tamb\u00e9 d&#8217;un 50% de descompte en el preu de l&#8217;entrada. La zona comercial la formen un centenar d&#8217;expositors, juntament amb el mercat de peces, recanvis, accessoris, llibres, documentaci\u00f3 i tota mena d&#8217;elements que complementen el m\u00f3n de la moto cl\u00e0ssica.<\/p>\n<p>RetroMoto Barcelona estar\u00e0 obert tres dies, del 9 a l&#8217;11 de setembre, amb una previsi\u00f3 de m\u00e9s de cent expositors que ocuparan els 10.000 m2 coberts del recinte firal de La Farga de L&#8217;Hospitalet. L&#8217;horari en el qual el sal\u00f3 estar\u00e0 obert ser\u00e0 el divendres 9, de 16.00 a 21.00 hores; el dissabte 10, ininterrompudament de les 10.00 fins a les 20.00 hores, sent la jornada que concentrar\u00e0 el m\u00e0xim nombre d&#8217;activitats paral\u00b7leles; i el diumenge 11 el certamen obrir\u00e0 a les 10.00 per tancar portes a les 14.00 hores.<\/p>\n<p><strong>Amb la garantia d&#8217;Eventos del Motor<\/strong><\/p>\n<p>RetroMoto, I Sal\u00f3 de la Moto d&#8217;\u00c8poca i Accessoris, est\u00e0 organitzat per Eventos del Motor, en alian\u00e7a amb La Farga Gesti\u00f3 d&#8217;Equipaments Municipals, gestora de la instal\u00b7laci\u00f3 que allotja la iniciativa. Esdeveniments del Motor \u00e9s una empresa l\u00edder en la posada en marxa i gesti\u00f3 de salons de vehicles d&#8217;\u00e8poca a la pen\u00ednsula Ib\u00e8rica. De la seva m\u00e0 se celebren anualment AutoCl\u00e1ssico de Porto (la major fira d&#8217;autom\u00f2bil cl\u00e0ssic de la pen\u00ednsula), Retro Cl\u00e0ssica de Bilbao, o les Retro Auto&amp;Moto de M\u00e0laga, Gal\u00edcia i Val\u00e8ncia, que juntament amb RetroMoto de Barcelona formen la m\u00e9s important oferta en el sector.<\/p>\n<p>M\u00e9s informaci\u00f3 sobre RetroMoto Barcelona en <a href=\"http:\/\/www.eventosmotor.com\" target=\"_blank\">www.eventosmotor.com<\/a><\/p>\n","protected":false},"excerpt":{"rendered":"<p>El primer sal\u00f3 monogr\u00e0fic dedicat en exclusiva a la moto d&#8217;\u00e8poca, RetroMoto Barcelona, certamen que tindr\u00e0 lloc a La Farga de L&#8217;Hospitalet entre els dies 9 i 11 de setembre, retr\u00e0 un merescut homenatge a Pere Pi.<\/p>\n","protected":false},"author":1,"featured_media":4044,"comment_status":"closed","ping_status":"closed","sticky":false,"template":"","format":"standard","meta":{"_monsterinsights_skip_tracking":false,"_monsterinsights_sitenote_active":false,"_monsterinsights_sitenote_note":"","_monsterinsights_sitenote_category":0,"footnotes":""},"categories":[83],"tags":[],"class_list":["post-4043","post","type-post","status-publish","format-standard","has-post-thumbnail","hentry","category-noticies"],"yoast_head":"<!-- This site is optimized with the Yoast SEO plugin v27.5 - https:\/\/yoast.com\/product\/yoast-seo-wordpress\/ -->\n<title>RetroMoto Barcelona homenatjar\u00e0 Pere Pi - La Farga L&#039;Hospitalet Centre d&#039;Activitats. La Farga GEM, S.A.<\/title>\n<meta name=\"description\" content=\"El sal\u00f3 monogr\u00e0fic dedicat a la moto d&#039;\u00e8poca, RetroMoto Barcelona, del 9 a l&#039;11 de setembre, retr\u00e0 un merescut homenatge a Pere Pi.\" \/>\n<meta name=\"robots\" content=\"index, follow, max-snippet:-1, max-image-preview:large, max-video-preview:-1\" \/>\n<link rel=\"canonical\" href=\"https:\/\/www.lafargalhospitalet.com\/ca\/retromoto-barcelona-homenatjara-pere-pi\/\" \/>\n<meta property=\"og:locale\" content=\"ca_ES\" \/>\n<meta property=\"og:type\" content=\"article\" \/>\n<meta property=\"og:title\" content=\"RetroMoto Barcelona homenatjar\u00e0 Pere Pi - La Farga L&#039;Hospitalet Centre d&#039;Activitats. La Farga GEM, S.A.\" \/>\n<meta property=\"og:description\" content=\"El sal\u00f3 monogr\u00e0fic dedicat a la moto d&#039;\u00e8poca, RetroMoto Barcelona, del 9 a l&#039;11 de setembre, retr\u00e0 un merescut homenatge a Pere Pi.\" \/>\n<meta property=\"og:url\" content=\"https:\/\/www.lafargalhospitalet.com\/ca\/retromoto-barcelona-homenatjara-pere-pi\/\" \/>\n<meta property=\"og:site_name\" content=\"La Farga L&#039;Hospitalet Centre d&#039;Activitats. La Farga GEM, S.A.\" \/>\n<meta property=\"article:publisher\" content=\"https:\/\/www.facebook.com\/fargahospitalet\/\" \/>\n<meta property=\"article:published_time\" content=\"2016-07-07T07:14:06+00:00\" \/>\n<meta property=\"article:modified_time\" content=\"2025-11-03T17:29:15+00:00\" \/>\n<meta property=\"og:image\" content=\"https:\/\/www.lafargalhospitalet.com\/wp-content\/uploads\/2016\/07\/PerePi-Farga-RetroMoto.jpg\" \/>\n\t<meta property=\"og:image:width\" content=\"730\" \/>\n\t<meta property=\"og:image:height\" content=\"410\" \/>\n\t<meta property=\"og:image:type\" content=\"image\/jpeg\" \/>\n<meta name=\"author\" content=\"La Farga Centre d&#039;Activitats\" \/>\n<meta name=\"twitter:card\" content=\"summary_large_image\" \/>\n<meta name=\"twitter:creator\" content=\"@fargahospitalet\" \/>\n<meta name=\"twitter:site\" content=\"@fargahospitalet\" \/>\n<meta name=\"twitter:label1\" content=\"Escrit per\" \/>\n\t<meta name=\"twitter:data1\" content=\"La Farga Centre d&#039;Activitats\" \/>\n\t<meta name=\"twitter:label2\" content=\"Temps estimat de lectura\" \/>\n\t<meta name=\"twitter:data2\" content=\"4 minuts\" \/>\n<script type=\"application\/ld+json\" class=\"yoast-schema-graph\">{\"@context\":\"https:\\\/\\\/schema.org\",\"@graph\":[{\"@type\":\"Article\",\"@id\":\"https:\\\/\\\/www.lafargalhospitalet.com\\\/ca\\\/retromoto-barcelona-homenatjara-pere-pi\\\/#article\",\"isPartOf\":{\"@id\":\"https:\\\/\\\/www.lafargalhospitalet.com\\\/ca\\\/retromoto-barcelona-homenatjara-pere-pi\\\/\"},\"author\":{\"name\":\"La Farga Centre d'Activitats\",\"@id\":\"https:\\\/\\\/www.lafargalhospitalet.com\\\/#\\\/schema\\\/person\\\/6cbac0ef7748506b167ff859e1c7f378\"},\"headline\":\"RetroMoto Barcelona homenatjar\u00e0 Pere Pi\",\"datePublished\":\"2016-07-07T07:14:06+00:00\",\"dateModified\":\"2025-11-03T17:29:15+00:00\",\"mainEntityOfPage\":{\"@id\":\"https:\\\/\\\/www.lafargalhospitalet.com\\\/ca\\\/retromoto-barcelona-homenatjara-pere-pi\\\/\"},\"wordCount\":813,\"publisher\":{\"@id\":\"https:\\\/\\\/www.lafargalhospitalet.com\\\/#organization\"},\"image\":{\"@id\":\"https:\\\/\\\/www.lafargalhospitalet.com\\\/ca\\\/retromoto-barcelona-homenatjara-pere-pi\\\/#primaryimage\"},\"thumbnailUrl\":\"https:\\\/\\\/www.lafargalhospitalet.com\\\/wp-content\\\/uploads\\\/2016\\\/07\\\/PerePi-Farga-RetroMoto.jpg\",\"articleSection\":[\"Noticies\"],\"inLanguage\":\"ca\"},{\"@type\":\"WebPage\",\"@id\":\"https:\\\/\\\/www.lafargalhospitalet.com\\\/ca\\\/retromoto-barcelona-homenatjara-pere-pi\\\/\",\"url\":\"https:\\\/\\\/www.lafargalhospitalet.com\\\/ca\\\/retromoto-barcelona-homenatjara-pere-pi\\\/\",\"name\":\"RetroMoto Barcelona homenatjar\u00e0 Pere Pi - La Farga L&#039;Hospitalet Centre d&#039;Activitats. La Farga GEM, S.A.\",\"isPartOf\":{\"@id\":\"https:\\\/\\\/www.lafargalhospitalet.com\\\/#website\"},\"primaryImageOfPage\":{\"@id\":\"https:\\\/\\\/www.lafargalhospitalet.com\\\/ca\\\/retromoto-barcelona-homenatjara-pere-pi\\\/#primaryimage\"},\"image\":{\"@id\":\"https:\\\/\\\/www.lafargalhospitalet.com\\\/ca\\\/retromoto-barcelona-homenatjara-pere-pi\\\/#primaryimage\"},\"thumbnailUrl\":\"https:\\\/\\\/www.lafargalhospitalet.com\\\/wp-content\\\/uploads\\\/2016\\\/07\\\/PerePi-Farga-RetroMoto.jpg\",\"datePublished\":\"2016-07-07T07:14:06+00:00\",\"dateModified\":\"2025-11-03T17:29:15+00:00\",\"description\":\"El sal\u00f3 monogr\u00e0fic dedicat a la moto d'\u00e8poca, RetroMoto Barcelona, del 9 a l'11 de setembre, retr\u00e0 un merescut homenatge a Pere Pi.\",\"breadcrumb\":{\"@id\":\"https:\\\/\\\/www.lafargalhospitalet.com\\\/ca\\\/retromoto-barcelona-homenatjara-pere-pi\\\/#breadcrumb\"},\"inLanguage\":\"ca\",\"potentialAction\":[{\"@type\":\"ReadAction\",\"target\":[\"https:\\\/\\\/www.lafargalhospitalet.com\\\/ca\\\/retromoto-barcelona-homenatjara-pere-pi\\\/\"]}]},{\"@type\":\"ImageObject\",\"inLanguage\":\"ca\",\"@id\":\"https:\\\/\\\/www.lafargalhospitalet.com\\\/ca\\\/retromoto-barcelona-homenatjara-pere-pi\\\/#primaryimage\",\"url\":\"https:\\\/\\\/www.lafargalhospitalet.com\\\/wp-content\\\/uploads\\\/2016\\\/07\\\/PerePi-Farga-RetroMoto.jpg\",\"contentUrl\":\"https:\\\/\\\/www.lafargalhospitalet.com\\\/wp-content\\\/uploads\\\/2016\\\/07\\\/PerePi-Farga-RetroMoto.jpg\",\"width\":730,\"height\":410,\"caption\":\"Pepe Pi homenatjat a RetroMoto\"},{\"@type\":\"BreadcrumbList\",\"@id\":\"https:\\\/\\\/www.lafargalhospitalet.com\\\/ca\\\/retromoto-barcelona-homenatjara-pere-pi\\\/#breadcrumb\",\"itemListElement\":[{\"@type\":\"ListItem\",\"position\":1,\"name\":\"Portada\",\"item\":\"https:\\\/\\\/www.lafargalhospitalet.com\\\/\"},{\"@type\":\"ListItem\",\"position\":2,\"name\":\"RetroMoto Barcelona homenatjar\u00e0 Pere Pi\"}]},{\"@type\":\"WebSite\",\"@id\":\"https:\\\/\\\/www.lafargalhospitalet.com\\\/#website\",\"url\":\"https:\\\/\\\/www.lafargalhospitalet.com\\\/\",\"name\":\"La Farga L'Hospitalet Centre d'Activitats. La Farga GEM, S.A.\",\"description\":\"La Farga L&#039;Hospitalet Centre d&#039;Activitats. Gestionat per La Farga GEM, S.A. Fires i Congressos. Concerts, exposicions, reunions, filmacions, sopars de gala.\",\"publisher\":{\"@id\":\"https:\\\/\\\/www.lafargalhospitalet.com\\\/#organization\"},\"potentialAction\":[{\"@type\":\"SearchAction\",\"target\":{\"@type\":\"EntryPoint\",\"urlTemplate\":\"https:\\\/\\\/www.lafargalhospitalet.com\\\/?s={search_term_string}\"},\"query-input\":{\"@type\":\"PropertyValueSpecification\",\"valueRequired\":true,\"valueName\":\"search_term_string\"}}],\"inLanguage\":\"ca\"},{\"@type\":\"Organization\",\"@id\":\"https:\\\/\\\/www.lafargalhospitalet.com\\\/#organization\",\"name\":\"La Farga L'Hospitalet Centre d'Activitats. La Farga GEM, S.A.\",\"url\":\"https:\\\/\\\/www.lafargalhospitalet.com\\\/\",\"logo\":{\"@type\":\"ImageObject\",\"inLanguage\":\"ca\",\"@id\":\"https:\\\/\\\/www.lafargalhospitalet.com\\\/#\\\/schema\\\/logo\\\/image\\\/\",\"url\":\"https:\\\/\\\/www.lafargalhospitalet.com\\\/wp-content\\\/uploads\\\/2025\\\/10\\\/logotipo_lafarga_centre_activitats.png\",\"contentUrl\":\"https:\\\/\\\/www.lafargalhospitalet.com\\\/wp-content\\\/uploads\\\/2025\\\/10\\\/logotipo_lafarga_centre_activitats.png\",\"width\":266,\"height\":101,\"caption\":\"La Farga L'Hospitalet Centre d'Activitats. La Farga GEM, S.A.\"},\"image\":{\"@id\":\"https:\\\/\\\/www.lafargalhospitalet.com\\\/#\\\/schema\\\/logo\\\/image\\\/\"},\"sameAs\":[\"https:\\\/\\\/www.facebook.com\\\/fargahospitalet\\\/\",\"https:\\\/\\\/x.com\\\/fargahospitalet\",\"https:\\\/\\\/www.instagram.com\\\/lafargahospitalet\\\/\",\"https:\\\/\\\/www.youtube.com\\\/channel\\\/UCoLt6hen3PqGXgbLMGI3Qdw\",\"https:\\\/\\\/www.flickr.com\\\/photos\\\/lafargagemsa\\\/albums\"]},{\"@type\":\"Person\",\"@id\":\"https:\\\/\\\/www.lafargalhospitalet.com\\\/#\\\/schema\\\/person\\\/6cbac0ef7748506b167ff859e1c7f378\",\"name\":\"La Farga Centre d'Activitats\",\"sameAs\":[\"https:\\\/\\\/www.lafargalhospitalet.com\"],\"url\":\"https:\\\/\\\/www.lafargalhospitalet.com\\\/ca\\\/author\\\/far25gmin\\\/\"}]}<\/script>\n<!-- \/ Yoast SEO plugin. -->","yoast_head_json":{"title":"RetroMoto Barcelona homenatjar\u00e0 Pere Pi - La Farga L&#039;Hospitalet Centre d&#039;Activitats. La Farga GEM, S.A.","description":"El sal\u00f3 monogr\u00e0fic dedicat a la moto d'\u00e8poca, RetroMoto Barcelona, del 9 a l'11 de setembre, retr\u00e0 un merescut homenatge a Pere Pi.","robots":{"index":"index","follow":"follow","max-snippet":"max-snippet:-1","max-image-preview":"max-image-preview:large","max-video-preview":"max-video-preview:-1"},"canonical":"https:\/\/www.lafargalhospitalet.com\/ca\/retromoto-barcelona-homenatjara-pere-pi\/","og_locale":"ca_ES","og_type":"article","og_title":"RetroMoto Barcelona homenatjar\u00e0 Pere Pi - La Farga L&#039;Hospitalet Centre d&#039;Activitats. La Farga GEM, S.A.","og_description":"El sal\u00f3 monogr\u00e0fic dedicat a la moto d'\u00e8poca, RetroMoto Barcelona, del 9 a l'11 de setembre, retr\u00e0 un merescut homenatge a Pere Pi.","og_url":"https:\/\/www.lafargalhospitalet.com\/ca\/retromoto-barcelona-homenatjara-pere-pi\/","og_site_name":"La Farga L&#039;Hospitalet Centre d&#039;Activitats. La Farga GEM, S.A.","article_publisher":"https:\/\/www.facebook.com\/fargahospitalet\/","article_published_time":"2016-07-07T07:14:06+00:00","article_modified_time":"2025-11-03T17:29:15+00:00","og_image":[{"width":730,"height":410,"url":"https:\/\/www.lafargalhospitalet.com\/wp-content\/uploads\/2016\/07\/PerePi-Farga-RetroMoto.jpg","type":"image\/jpeg"}],"author":"La Farga Centre d'Activitats","twitter_card":"summary_large_image","twitter_creator":"@fargahospitalet","twitter_site":"@fargahospitalet","twitter_misc":{"Escrit per":"La Farga Centre d'Activitats","Temps estimat de lectura":"4 minuts"},"schema":{"@context":"https:\/\/schema.org","@graph":[{"@type":"Article","@id":"https:\/\/www.lafargalhospitalet.com\/ca\/retromoto-barcelona-homenatjara-pere-pi\/#article","isPartOf":{"@id":"https:\/\/www.lafargalhospitalet.com\/ca\/retromoto-barcelona-homenatjara-pere-pi\/"},"author":{"name":"La Farga Centre d'Activitats","@id":"https:\/\/www.lafargalhospitalet.com\/#\/schema\/person\/6cbac0ef7748506b167ff859e1c7f378"},"headline":"RetroMoto Barcelona homenatjar\u00e0 Pere Pi","datePublished":"2016-07-07T07:14:06+00:00","dateModified":"2025-11-03T17:29:15+00:00","mainEntityOfPage":{"@id":"https:\/\/www.lafargalhospitalet.com\/ca\/retromoto-barcelona-homenatjara-pere-pi\/"},"wordCount":813,"publisher":{"@id":"https:\/\/www.lafargalhospitalet.com\/#organization"},"image":{"@id":"https:\/\/www.lafargalhospitalet.com\/ca\/retromoto-barcelona-homenatjara-pere-pi\/#primaryimage"},"thumbnailUrl":"https:\/\/www.lafargalhospitalet.com\/wp-content\/uploads\/2016\/07\/PerePi-Farga-RetroMoto.jpg","articleSection":["Noticies"],"inLanguage":"ca"},{"@type":"WebPage","@id":"https:\/\/www.lafargalhospitalet.com\/ca\/retromoto-barcelona-homenatjara-pere-pi\/","url":"https:\/\/www.lafargalhospitalet.com\/ca\/retromoto-barcelona-homenatjara-pere-pi\/","name":"RetroMoto Barcelona homenatjar\u00e0 Pere Pi - La Farga L&#039;Hospitalet Centre d&#039;Activitats. La Farga GEM, S.A.","isPartOf":{"@id":"https:\/\/www.lafargalhospitalet.com\/#website"},"primaryImageOfPage":{"@id":"https:\/\/www.lafargalhospitalet.com\/ca\/retromoto-barcelona-homenatjara-pere-pi\/#primaryimage"},"image":{"@id":"https:\/\/www.lafargalhospitalet.com\/ca\/retromoto-barcelona-homenatjara-pere-pi\/#primaryimage"},"thumbnailUrl":"https:\/\/www.lafargalhospitalet.com\/wp-content\/uploads\/2016\/07\/PerePi-Farga-RetroMoto.jpg","datePublished":"2016-07-07T07:14:06+00:00","dateModified":"2025-11-03T17:29:15+00:00","description":"El sal\u00f3 monogr\u00e0fic dedicat a la moto d'\u00e8poca, RetroMoto Barcelona, del 9 a l'11 de setembre, retr\u00e0 un merescut homenatge a Pere Pi.","breadcrumb":{"@id":"https:\/\/www.lafargalhospitalet.com\/ca\/retromoto-barcelona-homenatjara-pere-pi\/#breadcrumb"},"inLanguage":"ca","potentialAction":[{"@type":"ReadAction","target":["https:\/\/www.lafargalhospitalet.com\/ca\/retromoto-barcelona-homenatjara-pere-pi\/"]}]},{"@type":"ImageObject","inLanguage":"ca","@id":"https:\/\/www.lafargalhospitalet.com\/ca\/retromoto-barcelona-homenatjara-pere-pi\/#primaryimage","url":"https:\/\/www.lafargalhospitalet.com\/wp-content\/uploads\/2016\/07\/PerePi-Farga-RetroMoto.jpg","contentUrl":"https:\/\/www.lafargalhospitalet.com\/wp-content\/uploads\/2016\/07\/PerePi-Farga-RetroMoto.jpg","width":730,"height":410,"caption":"Pepe Pi homenatjat a RetroMoto"},{"@type":"BreadcrumbList","@id":"https:\/\/www.lafargalhospitalet.com\/ca\/retromoto-barcelona-homenatjara-pere-pi\/#breadcrumb","itemListElement":[{"@type":"ListItem","position":1,"name":"Portada","item":"https:\/\/www.lafargalhospitalet.com\/"},{"@type":"ListItem","position":2,"name":"RetroMoto Barcelona homenatjar\u00e0 Pere Pi"}]},{"@type":"WebSite","@id":"https:\/\/www.lafargalhospitalet.com\/#website","url":"https:\/\/www.lafargalhospitalet.com\/","name":"La Farga L'Hospitalet Centre d'Activitats. La Farga GEM, S.A.","description":"La Farga L&#039;Hospitalet Centre d&#039;Activitats. Gestionat per La Farga GEM, S.A. Fires i Congressos. Concerts, exposicions, reunions, filmacions, sopars de gala.","publisher":{"@id":"https:\/\/www.lafargalhospitalet.com\/#organization"},"potentialAction":[{"@type":"SearchAction","target":{"@type":"EntryPoint","urlTemplate":"https:\/\/www.lafargalhospitalet.com\/?s={search_term_string}"},"query-input":{"@type":"PropertyValueSpecification","valueRequired":true,"valueName":"search_term_string"}}],"inLanguage":"ca"},{"@type":"Organization","@id":"https:\/\/www.lafargalhospitalet.com\/#organization","name":"La Farga L'Hospitalet Centre d'Activitats. La Farga GEM, S.A.","url":"https:\/\/www.lafargalhospitalet.com\/","logo":{"@type":"ImageObject","inLanguage":"ca","@id":"https:\/\/www.lafargalhospitalet.com\/#\/schema\/logo\/image\/","url":"https:\/\/www.lafargalhospitalet.com\/wp-content\/uploads\/2025\/10\/logotipo_lafarga_centre_activitats.png","contentUrl":"https:\/\/www.lafargalhospitalet.com\/wp-content\/uploads\/2025\/10\/logotipo_lafarga_centre_activitats.png","width":266,"height":101,"caption":"La Farga L'Hospitalet Centre d'Activitats. La Farga GEM, S.A."},"image":{"@id":"https:\/\/www.lafargalhospitalet.com\/#\/schema\/logo\/image\/"},"sameAs":["https:\/\/www.facebook.com\/fargahospitalet\/","https:\/\/x.com\/fargahospitalet","https:\/\/www.instagram.com\/lafargahospitalet\/","https:\/\/www.youtube.com\/channel\/UCoLt6hen3PqGXgbLMGI3Qdw","https:\/\/www.flickr.com\/photos\/lafargagemsa\/albums"]},{"@type":"Person","@id":"https:\/\/www.lafargalhospitalet.com\/#\/schema\/person\/6cbac0ef7748506b167ff859e1c7f378","name":"La Farga Centre d'Activitats","sameAs":["https:\/\/www.lafargalhospitalet.com"],"url":"https:\/\/www.lafargalhospitalet.com\/ca\/author\/far25gmin\/"}]}},"_links":{"self":[{"href":"https:\/\/www.lafargalhospitalet.com\/ca\/wp-json\/wp\/v2\/posts\/4043","targetHints":{"allow":["GET"]}}],"collection":[{"href":"https:\/\/www.lafargalhospitalet.com\/ca\/wp-json\/wp\/v2\/posts"}],"about":[{"href":"https:\/\/www.lafargalhospitalet.com\/ca\/wp-json\/wp\/v2\/types\/post"}],"author":[{"embeddable":true,"href":"https:\/\/www.lafargalhospitalet.com\/ca\/wp-json\/wp\/v2\/users\/1"}],"replies":[{"embeddable":true,"href":"https:\/\/www.lafargalhospitalet.com\/ca\/wp-json\/wp\/v2\/comments?post=4043"}],"version-history":[{"count":0,"href":"https:\/\/www.lafargalhospitalet.com\/ca\/wp-json\/wp\/v2\/posts\/4043\/revisions"}],"wp:featuredmedia":[{"embeddable":true,"href":"https:\/\/www.lafargalhospitalet.com\/ca\/wp-json\/wp\/v2\/media\/4044"}],"wp:attachment":[{"href":"https:\/\/www.lafargalhospitalet.com\/ca\/wp-json\/wp\/v2\/media?parent=4043"}],"wp:term":[{"taxonomy":"category","embeddable":true,"href":"https:\/\/www.lafargalhospitalet.com\/ca\/wp-json\/wp\/v2\/categories?post=4043"},{"taxonomy":"post_tag","embeddable":true,"href":"https:\/\/www.lafargalhospitalet.com\/ca\/wp-json\/wp\/v2\/tags?post=4043"}],"curies":[{"name":"wp","href":"https:\/\/api.w.org\/{rel}","templated":true}]}}