{"id":4089,"date":"2016-07-20T09:38:22","date_gmt":"2016-07-20T08:38:22","guid":{"rendered":"http:\/\/www.lafargalhospitalet.com\/?p=4089"},"modified":"2025-11-03T18:29:15","modified_gmt":"2025-11-03T17:29:15","slug":"retrospectiva-montesa-cota-retromoto-barcelona","status":"publish","type":"post","link":"https:\/\/www.lafargalhospitalet.com\/ca\/retrospectiva-montesa-cota-retromoto-barcelona\/","title":{"rendered":"Retrospectiva \u2018Montesa Cota\u2019, a RetroMoto Barcelona"},"content":{"rendered":"<h5>Del 9 a l&#8217;11 de setembre a La Farga de L\u2019Hospitalet<\/h5>\n<p>Tota una icona del m\u00f3n del trial, la m\u00edtica Montesa Cota, tindr\u00e0 un lloc destacat a RetroMoto Barcelona, Sal\u00f3 de la Moto d&#8217;\u00c8poca i Accessoris, que se celebrar\u00e0 del 9 a l&#8217;11 de setembre a La Farga Centre d&#8217;Activitats.<\/p>\n<p>Al llarg de la seva hist\u00f2ria, la Cota ha estat no nom\u00e9s un model concret de motocicleta sin\u00f3 una completa gamma que ha acompanyat a diverses generacions, abastant durant anys, un extens ventall de cilindrades, tamanys i acabats per cobrir la demanda d&#8217;un\u00a0p\u00fablic molt divers i exigent. Gr\u00e0cies a la col\u00b7laboraci\u00f3 del Moto Club Impala, i en un estand pensat per donar a con\u00e8ixer aquesta mostra retrospectiva, el p\u00fablic assistent a RetroMoto podr\u00e0 veure l&#8217;evoluci\u00f3 d&#8217;aquesta famosa trialera que s&#8217;ha fabricat ininterrompudament des de 1968 (primer sota la denominaci\u00f3 de Montesa Cota i en una segona etapa com a Montesa Honda), a trav\u00e9s d&#8217;una vintena d&#8217;unitats representatives, moltes d&#8217;elles utilitzades per grans pilots catalans i espanyols per arribar al m\u00e9s alt del trial internacional.<\/p>\n<p>Des dels models en els que es va inspirar abans de tenir la denominaci\u00f3 oficial Cota, com la Impala Trial (prototip de 1966) o la Montesa Trial 250, moto amb la que Pere Pi va aconseguir el Campionat d&#8217;Espanya de 1968, la saga ha comptat amb models victoriosos. Va arrencar amb la Cota 247 i va continuar amb models de baixa cilindrada fins a la 306 i 349, passant per la 173, la 247 Ulf Karlson o la 348 Malcolm Rathmell, per citar nom\u00e9s algunes versions. Totes elles es podran contemplar en un espai \u00fanic que, per primera vegada, es podran veure juntes per retre homenatge a aquesta gran aportaci\u00f3 que la ind\u00fastria nacional ha fet al motociclisme mundial.<\/p>\n<h5>Anticipar-se \u00e9s estalviar, amb Ticketea\u2026<\/h5>\n<p>Els aficionats que desitgin assistir a aquesta gran trobada de la moto cl\u00e0ssica que \u00e9s RetroMoto (9 a l&#8217;11 de setembre) poden anticipar-se en la compra de l\u2019entrada beneficiant-se de grans promocions a trav\u00e9s del portal Ticketea (<a href=\"https:\/\/www.ticketea.com\/search\/?term=retromoto\" target=\"_blank\">https:\/\/www.ticketea.com\/search\/?term=retromoto<\/a>), que permet a 100 usuaris adquirir el seu tiquet a meitat de preu (4 euros en comptes dels 8 que val l&#8217;entrada general), fins a esgotar exist\u00e8ncies.<\/p>\n<p>Tota persona que assisteixi a RetroMoto al manillar d&#8217;una moto cl\u00e0ssica tamb\u00e9 pagar\u00e0 4 euros, podent aparcar a l&#8217;interior de les instal\u00b7lacions de La Farga de L\u2019Hospitalet i formar part, d&#8217;aquesta manera, d&#8217;una improvisada exposici\u00f3 de motos de particulars.<\/p>\n<h5>\u2026o per ser club o inscriure&#8217;s en el Cover Corral<\/h5>\n<p>RetroMoto, el primer Sal\u00f3 de la Moto Cl\u00e0ssica, ser\u00e0 durant els seus tres dies de durada un pol d&#8217;atracci\u00f3 per a aficionats i professionals del sector i un focus d&#8217;activitat continuada, tant de compra-venda com d&#8217;exposici\u00f3 i tamb\u00e9 d&#8217;activitats. Durant el certamen <a href=\"https:\/\/www.lafargalhospitalet.com\/retromoto-barcelona-homenatjara-pere-pi\/\" target=\"_blank\">es retr\u00e0 un merescut homenatge a Pere Pi<\/a>, un dels grans noms del motociclisme nacional i \u00fanic pilot de motos que ha aconseguit el t\u00edtol de Campi\u00f3 d&#8217;Espanya en les tres especialitats: Motocr\u00f2s, Trial i Velocitat.<\/p>\n<p>Tamb\u00e9 destacaran els espais reservats a particulars, com el Cover Corral, per a la venda gratu\u00efta de motos entre aquests i la inscripci\u00f3 del qual permetr\u00e0 beneficiar-se tamb\u00e9 d&#8217;un 50% en la compra de l&#8217;entrada. Els clubs tindran avantatges, amb un espai d&#8217;exhibici\u00f3, sense c\u00e0rrec, perqu\u00e8 realitzin tot tipus de promocions.<\/p>\n<p><a href=\"https:\/\/www.lafargalhospitalet.com\/retromoto-barcelona-el-nou-salo-de-la-moto-depoca-i-accessoris-de-la-farga\/\" target=\"_blank\">RetroMoto Barcelona est\u00e0 organitzat per Eventos del Motor, en col\u00b7laboraci\u00f3 amb La Farga de L\u2019Hospitalet<\/a>, empresa que gestiona el recinte firal amb 10.000m2 coberts, a disposici\u00f3 d&#8217;aquest certamen. L&#8217;horari en qu\u00e8 el sal\u00f3 estar\u00e0 obert ser\u00e0 el divendres 9, de 16.00 a 21.00 hores; el dissabte 10, ininterrompudament de les 10.00 fins a les 20.00 hores, sent la jornada que concentrar\u00e0 el m\u00e0xim nombre d&#8217;activitats paral\u00b7leles; i el diumenge 11 el certamen obrir\u00e0 a les 10.00 per tancar portes a les 14.00 hores.<\/p>\n","protected":false},"excerpt":{"rendered":"<p>Tota una icona del m\u00f3n del trial, la m\u00edtica Montesa Cota, tindr\u00e0 un lloc destacat a RetroMoto Barcelona, Sal\u00f3 de la Moto d&#8217;\u00c8poca i Accessoris.<\/p>\n","protected":false},"author":1,"featured_media":4090,"comment_status":"closed","ping_status":"closed","sticky":false,"template":"","format":"standard","meta":{"_monsterinsights_skip_tracking":false,"_monsterinsights_sitenote_active":false,"_monsterinsights_sitenote_note":"","_monsterinsights_sitenote_category":0,"footnotes":""},"categories":[83],"tags":[],"class_list":["post-4089","post","type-post","status-publish","format-standard","has-post-thumbnail","hentry","category-noticies"],"yoast_head":"<!-- This site is optimized with the Yoast SEO plugin v27.5 - https:\/\/yoast.com\/product\/yoast-seo-wordpress\/ -->\n<title>Retrospectiva \u2018Montesa Cota\u2019, a RetroMoto Barcelona - La Farga L&#039;Hospitalet Centre d&#039;Activitats. La Farga GEM, S.A.<\/title>\n<meta name=\"description\" content=\"Retrospectiva \u2018Montesa Cota\u2019, tindr\u00e0 un lloc destacat a RetroMoto Barcelona, Sal\u00f3 de la Moto d&#039;\u00c8poca i Accessoris que se celebrar\u00e0 a La Farga.\" \/>\n<meta name=\"robots\" content=\"index, follow, max-snippet:-1, max-image-preview:large, max-video-preview:-1\" \/>\n<link rel=\"canonical\" href=\"https:\/\/www.lafargalhospitalet.com\/ca\/retrospectiva-montesa-cota-retromoto-barcelona\/\" \/>\n<meta property=\"og:locale\" content=\"ca_ES\" \/>\n<meta property=\"og:type\" content=\"article\" \/>\n<meta property=\"og:title\" content=\"Retrospectiva \u2018Montesa Cota\u2019, a RetroMoto Barcelona - La Farga L&#039;Hospitalet Centre d&#039;Activitats. La Farga GEM, S.A.\" \/>\n<meta property=\"og:description\" content=\"Retrospectiva \u2018Montesa Cota\u2019, tindr\u00e0 un lloc destacat a RetroMoto Barcelona, Sal\u00f3 de la Moto d&#039;\u00c8poca i Accessoris que se celebrar\u00e0 a La Farga.\" \/>\n<meta property=\"og:url\" content=\"https:\/\/www.lafargalhospitalet.com\/ca\/retrospectiva-montesa-cota-retromoto-barcelona\/\" \/>\n<meta property=\"og:site_name\" content=\"La Farga L&#039;Hospitalet Centre d&#039;Activitats. La Farga GEM, S.A.\" \/>\n<meta property=\"article:publisher\" content=\"https:\/\/www.facebook.com\/fargahospitalet\/\" \/>\n<meta property=\"article:published_time\" content=\"2016-07-20T08:38:22+00:00\" \/>\n<meta property=\"article:modified_time\" content=\"2025-11-03T17:29:15+00:00\" \/>\n<meta property=\"og:image\" content=\"https:\/\/www.lafargalhospitalet.com\/wp-content\/uploads\/2016\/07\/Montesa_Cota_Farga.jpg\" \/>\n\t<meta property=\"og:image:width\" content=\"730\" \/>\n\t<meta property=\"og:image:height\" content=\"410\" \/>\n\t<meta property=\"og:image:type\" content=\"image\/jpeg\" \/>\n<meta name=\"author\" content=\"La Farga Centre d&#039;Activitats\" \/>\n<meta name=\"twitter:card\" content=\"summary_large_image\" \/>\n<meta name=\"twitter:creator\" content=\"@fargahospitalet\" \/>\n<meta name=\"twitter:site\" content=\"@fargahospitalet\" \/>\n<meta name=\"twitter:label1\" content=\"Escrit per\" \/>\n\t<meta name=\"twitter:data1\" content=\"La Farga Centre d&#039;Activitats\" \/>\n\t<meta name=\"twitter:label2\" content=\"Temps estimat de lectura\" \/>\n\t<meta name=\"twitter:data2\" content=\"3 minuts\" \/>\n<script type=\"application\/ld+json\" class=\"yoast-schema-graph\">{\"@context\":\"https:\\\/\\\/schema.org\",\"@graph\":[{\"@type\":\"Article\",\"@id\":\"https:\\\/\\\/www.lafargalhospitalet.com\\\/ca\\\/retrospectiva-montesa-cota-retromoto-barcelona\\\/#article\",\"isPartOf\":{\"@id\":\"https:\\\/\\\/www.lafargalhospitalet.com\\\/ca\\\/retrospectiva-montesa-cota-retromoto-barcelona\\\/\"},\"author\":{\"name\":\"La Farga Centre d'Activitats\",\"@id\":\"https:\\\/\\\/www.lafargalhospitalet.com\\\/#\\\/schema\\\/person\\\/6cbac0ef7748506b167ff859e1c7f378\"},\"headline\":\"Retrospectiva \u2018Montesa Cota\u2019, a RetroMoto Barcelona\",\"datePublished\":\"2016-07-20T08:38:22+00:00\",\"dateModified\":\"2025-11-03T17:29:15+00:00\",\"mainEntityOfPage\":{\"@id\":\"https:\\\/\\\/www.lafargalhospitalet.com\\\/ca\\\/retrospectiva-montesa-cota-retromoto-barcelona\\\/\"},\"wordCount\":667,\"publisher\":{\"@id\":\"https:\\\/\\\/www.lafargalhospitalet.com\\\/#organization\"},\"image\":{\"@id\":\"https:\\\/\\\/www.lafargalhospitalet.com\\\/ca\\\/retrospectiva-montesa-cota-retromoto-barcelona\\\/#primaryimage\"},\"thumbnailUrl\":\"https:\\\/\\\/www.lafargalhospitalet.com\\\/wp-content\\\/uploads\\\/2016\\\/07\\\/Montesa_Cota_Farga.jpg\",\"articleSection\":[\"Noticies\"],\"inLanguage\":\"ca\"},{\"@type\":\"WebPage\",\"@id\":\"https:\\\/\\\/www.lafargalhospitalet.com\\\/ca\\\/retrospectiva-montesa-cota-retromoto-barcelona\\\/\",\"url\":\"https:\\\/\\\/www.lafargalhospitalet.com\\\/ca\\\/retrospectiva-montesa-cota-retromoto-barcelona\\\/\",\"name\":\"Retrospectiva \u2018Montesa Cota\u2019, a RetroMoto Barcelona - La Farga L&#039;Hospitalet Centre d&#039;Activitats. La Farga GEM, S.A.\",\"isPartOf\":{\"@id\":\"https:\\\/\\\/www.lafargalhospitalet.com\\\/#website\"},\"primaryImageOfPage\":{\"@id\":\"https:\\\/\\\/www.lafargalhospitalet.com\\\/ca\\\/retrospectiva-montesa-cota-retromoto-barcelona\\\/#primaryimage\"},\"image\":{\"@id\":\"https:\\\/\\\/www.lafargalhospitalet.com\\\/ca\\\/retrospectiva-montesa-cota-retromoto-barcelona\\\/#primaryimage\"},\"thumbnailUrl\":\"https:\\\/\\\/www.lafargalhospitalet.com\\\/wp-content\\\/uploads\\\/2016\\\/07\\\/Montesa_Cota_Farga.jpg\",\"datePublished\":\"2016-07-20T08:38:22+00:00\",\"dateModified\":\"2025-11-03T17:29:15+00:00\",\"description\":\"Retrospectiva \u2018Montesa Cota\u2019, tindr\u00e0 un lloc destacat a RetroMoto Barcelona, Sal\u00f3 de la Moto d'\u00c8poca i Accessoris que se celebrar\u00e0 a La Farga.\",\"breadcrumb\":{\"@id\":\"https:\\\/\\\/www.lafargalhospitalet.com\\\/ca\\\/retrospectiva-montesa-cota-retromoto-barcelona\\\/#breadcrumb\"},\"inLanguage\":\"ca\",\"potentialAction\":[{\"@type\":\"ReadAction\",\"target\":[\"https:\\\/\\\/www.lafargalhospitalet.com\\\/ca\\\/retrospectiva-montesa-cota-retromoto-barcelona\\\/\"]}]},{\"@type\":\"ImageObject\",\"inLanguage\":\"ca\",\"@id\":\"https:\\\/\\\/www.lafargalhospitalet.com\\\/ca\\\/retrospectiva-montesa-cota-retromoto-barcelona\\\/#primaryimage\",\"url\":\"https:\\\/\\\/www.lafargalhospitalet.com\\\/wp-content\\\/uploads\\\/2016\\\/07\\\/Montesa_Cota_Farga.jpg\",\"contentUrl\":\"https:\\\/\\\/www.lafargalhospitalet.com\\\/wp-content\\\/uploads\\\/2016\\\/07\\\/Montesa_Cota_Farga.jpg\",\"width\":730,\"height\":410,\"caption\":\"Retrospectiva Montesa Farga\"},{\"@type\":\"BreadcrumbList\",\"@id\":\"https:\\\/\\\/www.lafargalhospitalet.com\\\/ca\\\/retrospectiva-montesa-cota-retromoto-barcelona\\\/#breadcrumb\",\"itemListElement\":[{\"@type\":\"ListItem\",\"position\":1,\"name\":\"Portada\",\"item\":\"https:\\\/\\\/www.lafargalhospitalet.com\\\/\"},{\"@type\":\"ListItem\",\"position\":2,\"name\":\"Retrospectiva \u2018Montesa Cota\u2019, a RetroMoto Barcelona\"}]},{\"@type\":\"WebSite\",\"@id\":\"https:\\\/\\\/www.lafargalhospitalet.com\\\/#website\",\"url\":\"https:\\\/\\\/www.lafargalhospitalet.com\\\/\",\"name\":\"La Farga L'Hospitalet Centre d'Activitats. La Farga GEM, S.A.\",\"description\":\"La Farga L&#039;Hospitalet Centre d&#039;Activitats. Gestionat per La Farga GEM, S.A. Fires i Congressos. Concerts, exposicions, reunions, filmacions, sopars de gala.\",\"publisher\":{\"@id\":\"https:\\\/\\\/www.lafargalhospitalet.com\\\/#organization\"},\"potentialAction\":[{\"@type\":\"SearchAction\",\"target\":{\"@type\":\"EntryPoint\",\"urlTemplate\":\"https:\\\/\\\/www.lafargalhospitalet.com\\\/?s={search_term_string}\"},\"query-input\":{\"@type\":\"PropertyValueSpecification\",\"valueRequired\":true,\"valueName\":\"search_term_string\"}}],\"inLanguage\":\"ca\"},{\"@type\":\"Organization\",\"@id\":\"https:\\\/\\\/www.lafargalhospitalet.com\\\/#organization\",\"name\":\"La Farga L'Hospitalet Centre d'Activitats. La Farga GEM, S.A.\",\"url\":\"https:\\\/\\\/www.lafargalhospitalet.com\\\/\",\"logo\":{\"@type\":\"ImageObject\",\"inLanguage\":\"ca\",\"@id\":\"https:\\\/\\\/www.lafargalhospitalet.com\\\/#\\\/schema\\\/logo\\\/image\\\/\",\"url\":\"https:\\\/\\\/www.lafargalhospitalet.com\\\/wp-content\\\/uploads\\\/2025\\\/10\\\/logotipo_lafarga_centre_activitats.png\",\"contentUrl\":\"https:\\\/\\\/www.lafargalhospitalet.com\\\/wp-content\\\/uploads\\\/2025\\\/10\\\/logotipo_lafarga_centre_activitats.png\",\"width\":266,\"height\":101,\"caption\":\"La Farga L'Hospitalet Centre d'Activitats. La Farga GEM, S.A.\"},\"image\":{\"@id\":\"https:\\\/\\\/www.lafargalhospitalet.com\\\/#\\\/schema\\\/logo\\\/image\\\/\"},\"sameAs\":[\"https:\\\/\\\/www.facebook.com\\\/fargahospitalet\\\/\",\"https:\\\/\\\/x.com\\\/fargahospitalet\",\"https:\\\/\\\/www.instagram.com\\\/lafargahospitalet\\\/\",\"https:\\\/\\\/www.youtube.com\\\/channel\\\/UCoLt6hen3PqGXgbLMGI3Qdw\",\"https:\\\/\\\/www.flickr.com\\\/photos\\\/lafargagemsa\\\/albums\"]},{\"@type\":\"Person\",\"@id\":\"https:\\\/\\\/www.lafargalhospitalet.com\\\/#\\\/schema\\\/person\\\/6cbac0ef7748506b167ff859e1c7f378\",\"name\":\"La Farga Centre d'Activitats\",\"sameAs\":[\"https:\\\/\\\/www.lafargalhospitalet.com\"],\"url\":\"https:\\\/\\\/www.lafargalhospitalet.com\\\/ca\\\/author\\\/far25gmin\\\/\"}]}<\/script>\n<!-- \/ Yoast SEO plugin. -->","yoast_head_json":{"title":"Retrospectiva \u2018Montesa Cota\u2019, a RetroMoto Barcelona - La Farga L&#039;Hospitalet Centre d&#039;Activitats. La Farga GEM, S.A.","description":"Retrospectiva \u2018Montesa Cota\u2019, tindr\u00e0 un lloc destacat a RetroMoto Barcelona, Sal\u00f3 de la Moto d'\u00c8poca i Accessoris que se celebrar\u00e0 a La Farga.","robots":{"index":"index","follow":"follow","max-snippet":"max-snippet:-1","max-image-preview":"max-image-preview:large","max-video-preview":"max-video-preview:-1"},"canonical":"https:\/\/www.lafargalhospitalet.com\/ca\/retrospectiva-montesa-cota-retromoto-barcelona\/","og_locale":"ca_ES","og_type":"article","og_title":"Retrospectiva \u2018Montesa Cota\u2019, a RetroMoto Barcelona - La Farga L&#039;Hospitalet Centre d&#039;Activitats. La Farga GEM, S.A.","og_description":"Retrospectiva \u2018Montesa Cota\u2019, tindr\u00e0 un lloc destacat a RetroMoto Barcelona, Sal\u00f3 de la Moto d'\u00c8poca i Accessoris que se celebrar\u00e0 a La Farga.","og_url":"https:\/\/www.lafargalhospitalet.com\/ca\/retrospectiva-montesa-cota-retromoto-barcelona\/","og_site_name":"La Farga L&#039;Hospitalet Centre d&#039;Activitats. La Farga GEM, S.A.","article_publisher":"https:\/\/www.facebook.com\/fargahospitalet\/","article_published_time":"2016-07-20T08:38:22+00:00","article_modified_time":"2025-11-03T17:29:15+00:00","og_image":[{"width":730,"height":410,"url":"https:\/\/www.lafargalhospitalet.com\/wp-content\/uploads\/2016\/07\/Montesa_Cota_Farga.jpg","type":"image\/jpeg"}],"author":"La Farga Centre d'Activitats","twitter_card":"summary_large_image","twitter_creator":"@fargahospitalet","twitter_site":"@fargahospitalet","twitter_misc":{"Escrit per":"La Farga Centre d'Activitats","Temps estimat de lectura":"3 minuts"},"schema":{"@context":"https:\/\/schema.org","@graph":[{"@type":"Article","@id":"https:\/\/www.lafargalhospitalet.com\/ca\/retrospectiva-montesa-cota-retromoto-barcelona\/#article","isPartOf":{"@id":"https:\/\/www.lafargalhospitalet.com\/ca\/retrospectiva-montesa-cota-retromoto-barcelona\/"},"author":{"name":"La Farga Centre d'Activitats","@id":"https:\/\/www.lafargalhospitalet.com\/#\/schema\/person\/6cbac0ef7748506b167ff859e1c7f378"},"headline":"Retrospectiva \u2018Montesa Cota\u2019, a RetroMoto Barcelona","datePublished":"2016-07-20T08:38:22+00:00","dateModified":"2025-11-03T17:29:15+00:00","mainEntityOfPage":{"@id":"https:\/\/www.lafargalhospitalet.com\/ca\/retrospectiva-montesa-cota-retromoto-barcelona\/"},"wordCount":667,"publisher":{"@id":"https:\/\/www.lafargalhospitalet.com\/#organization"},"image":{"@id":"https:\/\/www.lafargalhospitalet.com\/ca\/retrospectiva-montesa-cota-retromoto-barcelona\/#primaryimage"},"thumbnailUrl":"https:\/\/www.lafargalhospitalet.com\/wp-content\/uploads\/2016\/07\/Montesa_Cota_Farga.jpg","articleSection":["Noticies"],"inLanguage":"ca"},{"@type":"WebPage","@id":"https:\/\/www.lafargalhospitalet.com\/ca\/retrospectiva-montesa-cota-retromoto-barcelona\/","url":"https:\/\/www.lafargalhospitalet.com\/ca\/retrospectiva-montesa-cota-retromoto-barcelona\/","name":"Retrospectiva \u2018Montesa Cota\u2019, a RetroMoto Barcelona - La Farga L&#039;Hospitalet Centre d&#039;Activitats. La Farga GEM, S.A.","isPartOf":{"@id":"https:\/\/www.lafargalhospitalet.com\/#website"},"primaryImageOfPage":{"@id":"https:\/\/www.lafargalhospitalet.com\/ca\/retrospectiva-montesa-cota-retromoto-barcelona\/#primaryimage"},"image":{"@id":"https:\/\/www.lafargalhospitalet.com\/ca\/retrospectiva-montesa-cota-retromoto-barcelona\/#primaryimage"},"thumbnailUrl":"https:\/\/www.lafargalhospitalet.com\/wp-content\/uploads\/2016\/07\/Montesa_Cota_Farga.jpg","datePublished":"2016-07-20T08:38:22+00:00","dateModified":"2025-11-03T17:29:15+00:00","description":"Retrospectiva \u2018Montesa Cota\u2019, tindr\u00e0 un lloc destacat a RetroMoto Barcelona, Sal\u00f3 de la Moto d'\u00c8poca i Accessoris que se celebrar\u00e0 a La Farga.","breadcrumb":{"@id":"https:\/\/www.lafargalhospitalet.com\/ca\/retrospectiva-montesa-cota-retromoto-barcelona\/#breadcrumb"},"inLanguage":"ca","potentialAction":[{"@type":"ReadAction","target":["https:\/\/www.lafargalhospitalet.com\/ca\/retrospectiva-montesa-cota-retromoto-barcelona\/"]}]},{"@type":"ImageObject","inLanguage":"ca","@id":"https:\/\/www.lafargalhospitalet.com\/ca\/retrospectiva-montesa-cota-retromoto-barcelona\/#primaryimage","url":"https:\/\/www.lafargalhospitalet.com\/wp-content\/uploads\/2016\/07\/Montesa_Cota_Farga.jpg","contentUrl":"https:\/\/www.lafargalhospitalet.com\/wp-content\/uploads\/2016\/07\/Montesa_Cota_Farga.jpg","width":730,"height":410,"caption":"Retrospectiva Montesa Farga"},{"@type":"BreadcrumbList","@id":"https:\/\/www.lafargalhospitalet.com\/ca\/retrospectiva-montesa-cota-retromoto-barcelona\/#breadcrumb","itemListElement":[{"@type":"ListItem","position":1,"name":"Portada","item":"https:\/\/www.lafargalhospitalet.com\/"},{"@type":"ListItem","position":2,"name":"Retrospectiva \u2018Montesa Cota\u2019, a RetroMoto Barcelona"}]},{"@type":"WebSite","@id":"https:\/\/www.lafargalhospitalet.com\/#website","url":"https:\/\/www.lafargalhospitalet.com\/","name":"La Farga L'Hospitalet Centre d'Activitats. La Farga GEM, S.A.","description":"La Farga L&#039;Hospitalet Centre d&#039;Activitats. Gestionat per La Farga GEM, S.A. Fires i Congressos. Concerts, exposicions, reunions, filmacions, sopars de gala.","publisher":{"@id":"https:\/\/www.lafargalhospitalet.com\/#organization"},"potentialAction":[{"@type":"SearchAction","target":{"@type":"EntryPoint","urlTemplate":"https:\/\/www.lafargalhospitalet.com\/?s={search_term_string}"},"query-input":{"@type":"PropertyValueSpecification","valueRequired":true,"valueName":"search_term_string"}}],"inLanguage":"ca"},{"@type":"Organization","@id":"https:\/\/www.lafargalhospitalet.com\/#organization","name":"La Farga L'Hospitalet Centre d'Activitats. La Farga GEM, S.A.","url":"https:\/\/www.lafargalhospitalet.com\/","logo":{"@type":"ImageObject","inLanguage":"ca","@id":"https:\/\/www.lafargalhospitalet.com\/#\/schema\/logo\/image\/","url":"https:\/\/www.lafargalhospitalet.com\/wp-content\/uploads\/2025\/10\/logotipo_lafarga_centre_activitats.png","contentUrl":"https:\/\/www.lafargalhospitalet.com\/wp-content\/uploads\/2025\/10\/logotipo_lafarga_centre_activitats.png","width":266,"height":101,"caption":"La Farga L'Hospitalet Centre d'Activitats. La Farga GEM, S.A."},"image":{"@id":"https:\/\/www.lafargalhospitalet.com\/#\/schema\/logo\/image\/"},"sameAs":["https:\/\/www.facebook.com\/fargahospitalet\/","https:\/\/x.com\/fargahospitalet","https:\/\/www.instagram.com\/lafargahospitalet\/","https:\/\/www.youtube.com\/channel\/UCoLt6hen3PqGXgbLMGI3Qdw","https:\/\/www.flickr.com\/photos\/lafargagemsa\/albums"]},{"@type":"Person","@id":"https:\/\/www.lafargalhospitalet.com\/#\/schema\/person\/6cbac0ef7748506b167ff859e1c7f378","name":"La Farga Centre d'Activitats","sameAs":["https:\/\/www.lafargalhospitalet.com"],"url":"https:\/\/www.lafargalhospitalet.com\/ca\/author\/far25gmin\/"}]}},"_links":{"self":[{"href":"https:\/\/www.lafargalhospitalet.com\/ca\/wp-json\/wp\/v2\/posts\/4089","targetHints":{"allow":["GET"]}}],"collection":[{"href":"https:\/\/www.lafargalhospitalet.com\/ca\/wp-json\/wp\/v2\/posts"}],"about":[{"href":"https:\/\/www.lafargalhospitalet.com\/ca\/wp-json\/wp\/v2\/types\/post"}],"author":[{"embeddable":true,"href":"https:\/\/www.lafargalhospitalet.com\/ca\/wp-json\/wp\/v2\/users\/1"}],"replies":[{"embeddable":true,"href":"https:\/\/www.lafargalhospitalet.com\/ca\/wp-json\/wp\/v2\/comments?post=4089"}],"version-history":[{"count":0,"href":"https:\/\/www.lafargalhospitalet.com\/ca\/wp-json\/wp\/v2\/posts\/4089\/revisions"}],"wp:featuredmedia":[{"embeddable":true,"href":"https:\/\/www.lafargalhospitalet.com\/ca\/wp-json\/wp\/v2\/media\/4090"}],"wp:attachment":[{"href":"https:\/\/www.lafargalhospitalet.com\/ca\/wp-json\/wp\/v2\/media?parent=4089"}],"wp:term":[{"taxonomy":"category","embeddable":true,"href":"https:\/\/www.lafargalhospitalet.com\/ca\/wp-json\/wp\/v2\/categories?post=4089"},{"taxonomy":"post_tag","embeddable":true,"href":"https:\/\/www.lafargalhospitalet.com\/ca\/wp-json\/wp\/v2\/tags?post=4089"}],"curies":[{"name":"wp","href":"https:\/\/api.w.org\/{rel}","templated":true}]}}