{"id":4231,"date":"2016-07-27T09:14:35","date_gmt":"2016-07-27T08:14:35","guid":{"rendered":"http:\/\/www.lafargalhospitalet.com\/?p=4231"},"modified":"2025-11-03T18:29:15","modified_gmt":"2025-11-03T17:29:15","slug":"retromoto-barcelona-exhibira-motos-campiones-velocitat","status":"publish","type":"post","link":"https:\/\/www.lafargalhospitalet.com\/ca\/retromoto-barcelona-exhibira-motos-campiones-velocitat\/","title":{"rendered":"RetroMoto Barcelona exhibir\u00e0 motos campiones de velocitat"},"content":{"rendered":"<h5>Una Kawasaki KR 250 que va pilotar Eddie Lawson, entre les destacades<\/h5>\n<p>Dos importants col\u00b7leccionistes han cedit una dotzena de motocicletes cl\u00e0ssiques\u00a0triomfadores en diverses proves de velocitat que estaran a l&#8217;exposici\u00f3 de <a href=\"https:\/\/www.lafargalhospitalet.com\/retromoto-barcelona-el-nou-salo-de-la-moto-depoca-i-accessoris-de-la-farga\/\" target=\"_blank\">RetroMoto\u00a0Barcelona, Sal\u00f3 de la Moto d&#8217;\u00c8poca i Accessoris<\/a>, que se celebrar\u00e0 del 9 a l&#8217;11 de\u00a0setembre al recinte firal La Farga de L\u2019Hospitalet.<\/p>\n<p>Un dels espais emblem\u00e0tics del sal\u00f3 RetroMoto Barcelona ser\u00e0 un estand dedicat a l&#8217;alta\u00a0competici\u00f3 vintage, amb l&#8217;exhibici\u00f3 de diversos models de motocicletes campiones en\u00a0proves de velocitat a Europa i Estats Units, o del Mundial de Motociclisme.<\/p>\n<p>Dos col\u00b7leccionistes han contribu\u00eft a conformar aquest espai amb motos que l&#8217;aficionat no\u00a0pot contemplar habitualment. En el mateix es comptar\u00e0 amb valuosos exemplars com la\u00a0Kawasaki KR 250 amb la que Eddie Lawson va guanyar el Campionat AMA 250 el 1981 i\u00a0que el va catapultar a l&#8217;equip oficial Yamaha per competir en el mundial de 500cc. En\u00a0aquesta cilindrada i amb aquesta marca va aconseguir 3 t\u00edtols mundials, a m\u00e9s d&#8217;un\u00a0quart t\u00edtol amb Honda.<\/p>\n<p>Altres models destacats seran l\u2019Ossa Copa 250 F\u00f3rmula 3, triomfadora de les\u00a0Motociclismo Series en els 80, una moto que va pilotar Juan L\u00f3pez Mella i Carlos Mu\u00f1oz;\u00a0la Bultaco Tralla TS, que va revolucionar el motociclisme nacional; la Bultaco Metralla\u00a0Mk2 Kit Am\u00e8rica, guanyadora del Tourist Trophy de l\u2019Illa de Man el 1967; o la supercampiona\u00a0Morbidelli 125, amb 4 t\u00edtols mundials.<\/p>\n<p>L\u2019estand acollir\u00e0 tamb\u00e9 unitats de Montesa Impala 250 Blitz, Ducati 900 SS, Villa 125 GP,\u00a0Aspes 125, entre altres motos brillants cada una en la seva \u00e8poca i estil.<\/p>\n<h5>Harley-Davidson confirma la seva pres\u00e8ncia a RetroMoto Barcelona<\/h5>\n<p>La marca americana Harley-Davidson ha confirmat la seva pres\u00e8ncia a RetroMoto\u00a0Barcelona, a trav\u00e9s del seu concessionari oficial Espacio Harley-Davidson Bcn. En el seu\u00a0estand es podran contemplar diferents models de la marca, tant cl\u00e0ssics com actuals,\u00a0entre els quals sobresortiran dos magn\u00edfics exemplars de WLA dels anys 1935 i 1942.<\/p>\n<p>A m\u00e9s, Espacio HD Barcelona, aprofitant la celebraci\u00f3 de RetroMoto Barcelona i la seva\u00a0pres\u00e8ncia en aquest sal\u00f3, prepara per a aquest cap de setmana una concentraci\u00f3 de\u00a0Harley que tindr\u00e0 el seu punt neur\u00e0lgic de reuni\u00f3 en el propi recinte La Farga de\u00a0L\u2019Hospitalet, on se celebrar\u00e0 el certamen.<\/p>\n<h5>Anticipar-se \u00e9s estalviar<\/h5>\n<p>Els aficionats que desitgin assistir a aquesta gran trobada de la moto cl\u00e0ssica que \u00e9s\u00a0RetroMoto Barcelona (9 a l&#8217;11 de setembre) poden anticipar-se en la compra de la seva\u00a0entrada beneficiant-se de grans promocions a trav\u00e9s del portal Ticketea\u00a0(<a href=\"https:\/\/www.ticketea.com\/search\/?term=retromoto\" target=\"_blank\">https:\/\/www.ticketea.com\/search\/?term=retromoto<\/a>), que permet a 100 usuaris adquirir\u00a0el seu tiquet a meitat de preu (4 euros enlloc dels 8 que val l&#8217;entrada general), fins a\u00a0esgotar exist\u00e8ncies.<\/p>\n<p>Tota persona que assisteixi a RetroMoto al manillar d&#8217;una moto cl\u00e0ssica tamb\u00e9 pagar\u00e0 4\u00a0euros, i podr\u00e0 aparcar a l&#8217;interior de les instal\u00b7lacions de La Farga de L\u2019Hospitalet i formar\u00a0part, d&#8217;aquesta manera, d&#8217;una improvisada exposici\u00f3 de motos de particulars.<\/p>\n<p>RetroMoto ser\u00e0 durant els seus tres dies de durada un pol d&#8217;atracci\u00f3 per a aficionats i\u00a0professionals del sector i un focus d&#8217;activitat continuada, tant de compra-venda com\u00a0d&#8217;exposici\u00f3 i tamb\u00e9 d&#8217;activitats. Durant el certamen <a href=\"https:\/\/www.lafargalhospitalet.com\/retromoto-barcelona-homenatjara-pere-pi\/\" target=\"_blank\">es rendir\u00e0 un merescut homenatge a\u00a0Pere Pi<\/a>, un dels grans noms del motociclisme nacional; hi haur\u00e0 una exposici\u00f3 de\u00a0Montesa Cota; tamb\u00e9 destacaran els espais reservats a particulars, com el Cover Corral,\u00a0per a la venda gratu\u00efta de motos entre aquests, la inscripci\u00f3 del qual permetr\u00e0\u00a0beneficiar-se tamb\u00e9 d&#8217;un 50% en la compra de l&#8217;entrada. Els clubs tindran avantatges,\u00a0amb un espai d&#8217;exhibici\u00f3, sense c\u00e0rrec, perqu\u00e8 realitzin tot tipus de promocions.<\/p>\n<p>RetroMoto Barcelona est\u00e0 organitzat per Eventos del Motor, en col\u00b7laboraci\u00f3 amb La\u00a0Farga de L\u2019Hospitalet, recinte firal del qual ocupar\u00e0 els 10.000 m2 coberts. L\u2019horari en\u00a0qu\u00e8 el sal\u00f3 estar\u00e0 obert ser\u00e0 el divendres 9, de 16.00 a 21.00 hores; el dissabte 10,\u00a0ininterrompudament de les 10.00 fins a les 20.00 hores, sent la jornada que concentrar\u00e0\u00a0el m\u00e0xim nombre d&#8217;activitats paral\u00b7leles; i el diumenge 11 el certamen obrir\u00e0 a les 10.00\u00a0per tancar portes a les 14.00 hores.<\/p>\n<p>M\u00e9s informaci\u00f3 sobre RetroMoto Barcelona a <a href=\"http:\/\/www.eventosmotor.com\" target=\"_blank\">www.eventosmotor.com<\/a><\/p>\n<p>Not\u00edcia relacionada:\u00a0<a href=\"https:\/\/www.lafargalhospitalet.com\/retrospectiva-montesa-cota-retromoto-barcelona\/\" target=\"_blank\">Retrospectiva \u2018Montesa Cota\u2019, a RetroMoto Barcelona<\/a><\/p>\n","protected":false},"excerpt":{"rendered":"<p>Dos importants col\u00b7leccionistes han cedit una dotzena de motocicletes cl\u00e0ssiques triomfadores en diverses proves de velocitat que estaran a l&#8217;exposici\u00f3 de RetroMoto Barcelona.<\/p>\n","protected":false},"author":1,"featured_media":4232,"comment_status":"closed","ping_status":"closed","sticky":false,"template":"","format":"standard","meta":{"_monsterinsights_skip_tracking":false,"_monsterinsights_sitenote_active":false,"_monsterinsights_sitenote_note":"","_monsterinsights_sitenote_category":0,"footnotes":""},"categories":[83],"tags":[],"class_list":["post-4231","post","type-post","status-publish","format-standard","has-post-thumbnail","hentry","category-noticies"],"yoast_head":"<!-- This site is optimized with the Yoast SEO plugin v27.5 - https:\/\/yoast.com\/product\/yoast-seo-wordpress\/ -->\n<title>RetroMoto Barcelona exhibir\u00e0 motos campiones de velocitat - La Farga L&#039;Hospitalet Centre d&#039;Activitats. La Farga GEM, S.A.<\/title>\n<meta name=\"description\" content=\"Dos importants col\u00b7leccionistes han cedit una dotzena de motocicletes cl\u00e0ssiques triomfadores que estaran a l&#039;exposici\u00f3 de RetroMoto Barcelona.\" \/>\n<meta name=\"robots\" content=\"index, follow, max-snippet:-1, max-image-preview:large, max-video-preview:-1\" \/>\n<link rel=\"canonical\" href=\"https:\/\/www.lafargalhospitalet.com\/ca\/retromoto-barcelona-exhibira-motos-campiones-velocitat\/\" \/>\n<meta property=\"og:locale\" content=\"ca_ES\" \/>\n<meta property=\"og:type\" content=\"article\" \/>\n<meta property=\"og:title\" content=\"RetroMoto Barcelona exhibir\u00e0 motos campiones de velocitat - La Farga L&#039;Hospitalet Centre d&#039;Activitats. La Farga GEM, S.A.\" \/>\n<meta property=\"og:description\" content=\"Dos importants col\u00b7leccionistes han cedit una dotzena de motocicletes cl\u00e0ssiques triomfadores que estaran a l&#039;exposici\u00f3 de RetroMoto Barcelona.\" \/>\n<meta property=\"og:url\" content=\"https:\/\/www.lafargalhospitalet.com\/ca\/retromoto-barcelona-exhibira-motos-campiones-velocitat\/\" \/>\n<meta property=\"og:site_name\" content=\"La Farga L&#039;Hospitalet Centre d&#039;Activitats. La Farga GEM, S.A.\" \/>\n<meta property=\"article:publisher\" content=\"https:\/\/www.facebook.com\/fargahospitalet\/\" \/>\n<meta property=\"article:published_time\" content=\"2016-07-27T08:14:35+00:00\" \/>\n<meta property=\"article:modified_time\" content=\"2025-11-03T17:29:15+00:00\" \/>\n<meta property=\"og:image\" content=\"https:\/\/www.lafargalhospitalet.com\/wp-content\/uploads\/2016\/07\/RetroMoto-Farga.jpg\" \/>\n\t<meta property=\"og:image:width\" content=\"730\" \/>\n\t<meta property=\"og:image:height\" content=\"410\" \/>\n\t<meta property=\"og:image:type\" content=\"image\/jpeg\" \/>\n<meta name=\"author\" content=\"La Farga Centre d&#039;Activitats\" \/>\n<meta name=\"twitter:card\" content=\"summary_large_image\" \/>\n<meta name=\"twitter:creator\" content=\"@fargahospitalet\" \/>\n<meta name=\"twitter:site\" content=\"@fargahospitalet\" \/>\n<meta name=\"twitter:label1\" content=\"Escrit per\" \/>\n\t<meta name=\"twitter:data1\" content=\"La Farga Centre d&#039;Activitats\" \/>\n\t<meta name=\"twitter:label2\" content=\"Temps estimat de lectura\" \/>\n\t<meta name=\"twitter:data2\" content=\"4 minuts\" \/>\n<script type=\"application\/ld+json\" class=\"yoast-schema-graph\">{\"@context\":\"https:\\\/\\\/schema.org\",\"@graph\":[{\"@type\":\"Article\",\"@id\":\"https:\\\/\\\/www.lafargalhospitalet.com\\\/ca\\\/retromoto-barcelona-exhibira-motos-campiones-velocitat\\\/#article\",\"isPartOf\":{\"@id\":\"https:\\\/\\\/www.lafargalhospitalet.com\\\/ca\\\/retromoto-barcelona-exhibira-motos-campiones-velocitat\\\/\"},\"author\":{\"name\":\"La Farga Centre d'Activitats\",\"@id\":\"https:\\\/\\\/www.lafargalhospitalet.com\\\/#\\\/schema\\\/person\\\/6cbac0ef7748506b167ff859e1c7f378\"},\"headline\":\"RetroMoto Barcelona exhibir\u00e0 motos campiones de velocitat\",\"datePublished\":\"2016-07-27T08:14:35+00:00\",\"dateModified\":\"2025-11-03T17:29:15+00:00\",\"mainEntityOfPage\":{\"@id\":\"https:\\\/\\\/www.lafargalhospitalet.com\\\/ca\\\/retromoto-barcelona-exhibira-motos-campiones-velocitat\\\/\"},\"wordCount\":727,\"publisher\":{\"@id\":\"https:\\\/\\\/www.lafargalhospitalet.com\\\/#organization\"},\"image\":{\"@id\":\"https:\\\/\\\/www.lafargalhospitalet.com\\\/ca\\\/retromoto-barcelona-exhibira-motos-campiones-velocitat\\\/#primaryimage\"},\"thumbnailUrl\":\"https:\\\/\\\/www.lafargalhospitalet.com\\\/wp-content\\\/uploads\\\/2016\\\/07\\\/RetroMoto-Farga.jpg\",\"articleSection\":[\"Noticies\"],\"inLanguage\":\"ca\"},{\"@type\":\"WebPage\",\"@id\":\"https:\\\/\\\/www.lafargalhospitalet.com\\\/ca\\\/retromoto-barcelona-exhibira-motos-campiones-velocitat\\\/\",\"url\":\"https:\\\/\\\/www.lafargalhospitalet.com\\\/ca\\\/retromoto-barcelona-exhibira-motos-campiones-velocitat\\\/\",\"name\":\"RetroMoto Barcelona exhibir\u00e0 motos campiones de velocitat - La Farga L&#039;Hospitalet Centre d&#039;Activitats. La Farga GEM, S.A.\",\"isPartOf\":{\"@id\":\"https:\\\/\\\/www.lafargalhospitalet.com\\\/#website\"},\"primaryImageOfPage\":{\"@id\":\"https:\\\/\\\/www.lafargalhospitalet.com\\\/ca\\\/retromoto-barcelona-exhibira-motos-campiones-velocitat\\\/#primaryimage\"},\"image\":{\"@id\":\"https:\\\/\\\/www.lafargalhospitalet.com\\\/ca\\\/retromoto-barcelona-exhibira-motos-campiones-velocitat\\\/#primaryimage\"},\"thumbnailUrl\":\"https:\\\/\\\/www.lafargalhospitalet.com\\\/wp-content\\\/uploads\\\/2016\\\/07\\\/RetroMoto-Farga.jpg\",\"datePublished\":\"2016-07-27T08:14:35+00:00\",\"dateModified\":\"2025-11-03T17:29:15+00:00\",\"description\":\"Dos importants col\u00b7leccionistes han cedit una dotzena de motocicletes cl\u00e0ssiques triomfadores que estaran a l'exposici\u00f3 de RetroMoto Barcelona.\",\"breadcrumb\":{\"@id\":\"https:\\\/\\\/www.lafargalhospitalet.com\\\/ca\\\/retromoto-barcelona-exhibira-motos-campiones-velocitat\\\/#breadcrumb\"},\"inLanguage\":\"ca\",\"potentialAction\":[{\"@type\":\"ReadAction\",\"target\":[\"https:\\\/\\\/www.lafargalhospitalet.com\\\/ca\\\/retromoto-barcelona-exhibira-motos-campiones-velocitat\\\/\"]}]},{\"@type\":\"ImageObject\",\"inLanguage\":\"ca\",\"@id\":\"https:\\\/\\\/www.lafargalhospitalet.com\\\/ca\\\/retromoto-barcelona-exhibira-motos-campiones-velocitat\\\/#primaryimage\",\"url\":\"https:\\\/\\\/www.lafargalhospitalet.com\\\/wp-content\\\/uploads\\\/2016\\\/07\\\/RetroMoto-Farga.jpg\",\"contentUrl\":\"https:\\\/\\\/www.lafargalhospitalet.com\\\/wp-content\\\/uploads\\\/2016\\\/07\\\/RetroMoto-Farga.jpg\",\"width\":730,\"height\":410,\"caption\":\"RetroMoto Motocicletes La Farga\"},{\"@type\":\"BreadcrumbList\",\"@id\":\"https:\\\/\\\/www.lafargalhospitalet.com\\\/ca\\\/retromoto-barcelona-exhibira-motos-campiones-velocitat\\\/#breadcrumb\",\"itemListElement\":[{\"@type\":\"ListItem\",\"position\":1,\"name\":\"Portada\",\"item\":\"https:\\\/\\\/www.lafargalhospitalet.com\\\/\"},{\"@type\":\"ListItem\",\"position\":2,\"name\":\"RetroMoto Barcelona exhibir\u00e0 motos campiones de velocitat\"}]},{\"@type\":\"WebSite\",\"@id\":\"https:\\\/\\\/www.lafargalhospitalet.com\\\/#website\",\"url\":\"https:\\\/\\\/www.lafargalhospitalet.com\\\/\",\"name\":\"La Farga L'Hospitalet Centre d'Activitats. La Farga GEM, S.A.\",\"description\":\"La Farga L&#039;Hospitalet Centre d&#039;Activitats. Gestionat per La Farga GEM, S.A. Fires i Congressos. Concerts, exposicions, reunions, filmacions, sopars de gala.\",\"publisher\":{\"@id\":\"https:\\\/\\\/www.lafargalhospitalet.com\\\/#organization\"},\"potentialAction\":[{\"@type\":\"SearchAction\",\"target\":{\"@type\":\"EntryPoint\",\"urlTemplate\":\"https:\\\/\\\/www.lafargalhospitalet.com\\\/?s={search_term_string}\"},\"query-input\":{\"@type\":\"PropertyValueSpecification\",\"valueRequired\":true,\"valueName\":\"search_term_string\"}}],\"inLanguage\":\"ca\"},{\"@type\":\"Organization\",\"@id\":\"https:\\\/\\\/www.lafargalhospitalet.com\\\/#organization\",\"name\":\"La Farga L'Hospitalet Centre d'Activitats. La Farga GEM, S.A.\",\"url\":\"https:\\\/\\\/www.lafargalhospitalet.com\\\/\",\"logo\":{\"@type\":\"ImageObject\",\"inLanguage\":\"ca\",\"@id\":\"https:\\\/\\\/www.lafargalhospitalet.com\\\/#\\\/schema\\\/logo\\\/image\\\/\",\"url\":\"https:\\\/\\\/www.lafargalhospitalet.com\\\/wp-content\\\/uploads\\\/2025\\\/10\\\/logotipo_lafarga_centre_activitats.png\",\"contentUrl\":\"https:\\\/\\\/www.lafargalhospitalet.com\\\/wp-content\\\/uploads\\\/2025\\\/10\\\/logotipo_lafarga_centre_activitats.png\",\"width\":266,\"height\":101,\"caption\":\"La Farga L'Hospitalet Centre d'Activitats. La Farga GEM, S.A.\"},\"image\":{\"@id\":\"https:\\\/\\\/www.lafargalhospitalet.com\\\/#\\\/schema\\\/logo\\\/image\\\/\"},\"sameAs\":[\"https:\\\/\\\/www.facebook.com\\\/fargahospitalet\\\/\",\"https:\\\/\\\/x.com\\\/fargahospitalet\",\"https:\\\/\\\/www.instagram.com\\\/lafargahospitalet\\\/\",\"https:\\\/\\\/www.youtube.com\\\/channel\\\/UCoLt6hen3PqGXgbLMGI3Qdw\",\"https:\\\/\\\/www.flickr.com\\\/photos\\\/lafargagemsa\\\/albums\"]},{\"@type\":\"Person\",\"@id\":\"https:\\\/\\\/www.lafargalhospitalet.com\\\/#\\\/schema\\\/person\\\/6cbac0ef7748506b167ff859e1c7f378\",\"name\":\"La Farga Centre d'Activitats\",\"sameAs\":[\"https:\\\/\\\/www.lafargalhospitalet.com\"],\"url\":\"https:\\\/\\\/www.lafargalhospitalet.com\\\/ca\\\/author\\\/far25gmin\\\/\"}]}<\/script>\n<!-- \/ Yoast SEO plugin. -->","yoast_head_json":{"title":"RetroMoto Barcelona exhibir\u00e0 motos campiones de velocitat - La Farga L&#039;Hospitalet Centre d&#039;Activitats. La Farga GEM, S.A.","description":"Dos importants col\u00b7leccionistes han cedit una dotzena de motocicletes cl\u00e0ssiques triomfadores que estaran a l'exposici\u00f3 de RetroMoto Barcelona.","robots":{"index":"index","follow":"follow","max-snippet":"max-snippet:-1","max-image-preview":"max-image-preview:large","max-video-preview":"max-video-preview:-1"},"canonical":"https:\/\/www.lafargalhospitalet.com\/ca\/retromoto-barcelona-exhibira-motos-campiones-velocitat\/","og_locale":"ca_ES","og_type":"article","og_title":"RetroMoto Barcelona exhibir\u00e0 motos campiones de velocitat - La Farga L&#039;Hospitalet Centre d&#039;Activitats. La Farga GEM, S.A.","og_description":"Dos importants col\u00b7leccionistes han cedit una dotzena de motocicletes cl\u00e0ssiques triomfadores que estaran a l'exposici\u00f3 de RetroMoto Barcelona.","og_url":"https:\/\/www.lafargalhospitalet.com\/ca\/retromoto-barcelona-exhibira-motos-campiones-velocitat\/","og_site_name":"La Farga L&#039;Hospitalet Centre d&#039;Activitats. La Farga GEM, S.A.","article_publisher":"https:\/\/www.facebook.com\/fargahospitalet\/","article_published_time":"2016-07-27T08:14:35+00:00","article_modified_time":"2025-11-03T17:29:15+00:00","og_image":[{"width":730,"height":410,"url":"https:\/\/www.lafargalhospitalet.com\/wp-content\/uploads\/2016\/07\/RetroMoto-Farga.jpg","type":"image\/jpeg"}],"author":"La Farga Centre d'Activitats","twitter_card":"summary_large_image","twitter_creator":"@fargahospitalet","twitter_site":"@fargahospitalet","twitter_misc":{"Escrit per":"La Farga Centre d'Activitats","Temps estimat de lectura":"4 minuts"},"schema":{"@context":"https:\/\/schema.org","@graph":[{"@type":"Article","@id":"https:\/\/www.lafargalhospitalet.com\/ca\/retromoto-barcelona-exhibira-motos-campiones-velocitat\/#article","isPartOf":{"@id":"https:\/\/www.lafargalhospitalet.com\/ca\/retromoto-barcelona-exhibira-motos-campiones-velocitat\/"},"author":{"name":"La Farga Centre d'Activitats","@id":"https:\/\/www.lafargalhospitalet.com\/#\/schema\/person\/6cbac0ef7748506b167ff859e1c7f378"},"headline":"RetroMoto Barcelona exhibir\u00e0 motos campiones de velocitat","datePublished":"2016-07-27T08:14:35+00:00","dateModified":"2025-11-03T17:29:15+00:00","mainEntityOfPage":{"@id":"https:\/\/www.lafargalhospitalet.com\/ca\/retromoto-barcelona-exhibira-motos-campiones-velocitat\/"},"wordCount":727,"publisher":{"@id":"https:\/\/www.lafargalhospitalet.com\/#organization"},"image":{"@id":"https:\/\/www.lafargalhospitalet.com\/ca\/retromoto-barcelona-exhibira-motos-campiones-velocitat\/#primaryimage"},"thumbnailUrl":"https:\/\/www.lafargalhospitalet.com\/wp-content\/uploads\/2016\/07\/RetroMoto-Farga.jpg","articleSection":["Noticies"],"inLanguage":"ca"},{"@type":"WebPage","@id":"https:\/\/www.lafargalhospitalet.com\/ca\/retromoto-barcelona-exhibira-motos-campiones-velocitat\/","url":"https:\/\/www.lafargalhospitalet.com\/ca\/retromoto-barcelona-exhibira-motos-campiones-velocitat\/","name":"RetroMoto Barcelona exhibir\u00e0 motos campiones de velocitat - La Farga L&#039;Hospitalet Centre d&#039;Activitats. La Farga GEM, S.A.","isPartOf":{"@id":"https:\/\/www.lafargalhospitalet.com\/#website"},"primaryImageOfPage":{"@id":"https:\/\/www.lafargalhospitalet.com\/ca\/retromoto-barcelona-exhibira-motos-campiones-velocitat\/#primaryimage"},"image":{"@id":"https:\/\/www.lafargalhospitalet.com\/ca\/retromoto-barcelona-exhibira-motos-campiones-velocitat\/#primaryimage"},"thumbnailUrl":"https:\/\/www.lafargalhospitalet.com\/wp-content\/uploads\/2016\/07\/RetroMoto-Farga.jpg","datePublished":"2016-07-27T08:14:35+00:00","dateModified":"2025-11-03T17:29:15+00:00","description":"Dos importants col\u00b7leccionistes han cedit una dotzena de motocicletes cl\u00e0ssiques triomfadores que estaran a l'exposici\u00f3 de RetroMoto Barcelona.","breadcrumb":{"@id":"https:\/\/www.lafargalhospitalet.com\/ca\/retromoto-barcelona-exhibira-motos-campiones-velocitat\/#breadcrumb"},"inLanguage":"ca","potentialAction":[{"@type":"ReadAction","target":["https:\/\/www.lafargalhospitalet.com\/ca\/retromoto-barcelona-exhibira-motos-campiones-velocitat\/"]}]},{"@type":"ImageObject","inLanguage":"ca","@id":"https:\/\/www.lafargalhospitalet.com\/ca\/retromoto-barcelona-exhibira-motos-campiones-velocitat\/#primaryimage","url":"https:\/\/www.lafargalhospitalet.com\/wp-content\/uploads\/2016\/07\/RetroMoto-Farga.jpg","contentUrl":"https:\/\/www.lafargalhospitalet.com\/wp-content\/uploads\/2016\/07\/RetroMoto-Farga.jpg","width":730,"height":410,"caption":"RetroMoto Motocicletes La Farga"},{"@type":"BreadcrumbList","@id":"https:\/\/www.lafargalhospitalet.com\/ca\/retromoto-barcelona-exhibira-motos-campiones-velocitat\/#breadcrumb","itemListElement":[{"@type":"ListItem","position":1,"name":"Portada","item":"https:\/\/www.lafargalhospitalet.com\/"},{"@type":"ListItem","position":2,"name":"RetroMoto Barcelona exhibir\u00e0 motos campiones de velocitat"}]},{"@type":"WebSite","@id":"https:\/\/www.lafargalhospitalet.com\/#website","url":"https:\/\/www.lafargalhospitalet.com\/","name":"La Farga L'Hospitalet Centre d'Activitats. La Farga GEM, S.A.","description":"La Farga L&#039;Hospitalet Centre d&#039;Activitats. Gestionat per La Farga GEM, S.A. Fires i Congressos. Concerts, exposicions, reunions, filmacions, sopars de gala.","publisher":{"@id":"https:\/\/www.lafargalhospitalet.com\/#organization"},"potentialAction":[{"@type":"SearchAction","target":{"@type":"EntryPoint","urlTemplate":"https:\/\/www.lafargalhospitalet.com\/?s={search_term_string}"},"query-input":{"@type":"PropertyValueSpecification","valueRequired":true,"valueName":"search_term_string"}}],"inLanguage":"ca"},{"@type":"Organization","@id":"https:\/\/www.lafargalhospitalet.com\/#organization","name":"La Farga L'Hospitalet Centre d'Activitats. La Farga GEM, S.A.","url":"https:\/\/www.lafargalhospitalet.com\/","logo":{"@type":"ImageObject","inLanguage":"ca","@id":"https:\/\/www.lafargalhospitalet.com\/#\/schema\/logo\/image\/","url":"https:\/\/www.lafargalhospitalet.com\/wp-content\/uploads\/2025\/10\/logotipo_lafarga_centre_activitats.png","contentUrl":"https:\/\/www.lafargalhospitalet.com\/wp-content\/uploads\/2025\/10\/logotipo_lafarga_centre_activitats.png","width":266,"height":101,"caption":"La Farga L'Hospitalet Centre d'Activitats. La Farga GEM, S.A."},"image":{"@id":"https:\/\/www.lafargalhospitalet.com\/#\/schema\/logo\/image\/"},"sameAs":["https:\/\/www.facebook.com\/fargahospitalet\/","https:\/\/x.com\/fargahospitalet","https:\/\/www.instagram.com\/lafargahospitalet\/","https:\/\/www.youtube.com\/channel\/UCoLt6hen3PqGXgbLMGI3Qdw","https:\/\/www.flickr.com\/photos\/lafargagemsa\/albums"]},{"@type":"Person","@id":"https:\/\/www.lafargalhospitalet.com\/#\/schema\/person\/6cbac0ef7748506b167ff859e1c7f378","name":"La Farga Centre d'Activitats","sameAs":["https:\/\/www.lafargalhospitalet.com"],"url":"https:\/\/www.lafargalhospitalet.com\/ca\/author\/far25gmin\/"}]}},"_links":{"self":[{"href":"https:\/\/www.lafargalhospitalet.com\/ca\/wp-json\/wp\/v2\/posts\/4231","targetHints":{"allow":["GET"]}}],"collection":[{"href":"https:\/\/www.lafargalhospitalet.com\/ca\/wp-json\/wp\/v2\/posts"}],"about":[{"href":"https:\/\/www.lafargalhospitalet.com\/ca\/wp-json\/wp\/v2\/types\/post"}],"author":[{"embeddable":true,"href":"https:\/\/www.lafargalhospitalet.com\/ca\/wp-json\/wp\/v2\/users\/1"}],"replies":[{"embeddable":true,"href":"https:\/\/www.lafargalhospitalet.com\/ca\/wp-json\/wp\/v2\/comments?post=4231"}],"version-history":[{"count":0,"href":"https:\/\/www.lafargalhospitalet.com\/ca\/wp-json\/wp\/v2\/posts\/4231\/revisions"}],"wp:featuredmedia":[{"embeddable":true,"href":"https:\/\/www.lafargalhospitalet.com\/ca\/wp-json\/wp\/v2\/media\/4232"}],"wp:attachment":[{"href":"https:\/\/www.lafargalhospitalet.com\/ca\/wp-json\/wp\/v2\/media?parent=4231"}],"wp:term":[{"taxonomy":"category","embeddable":true,"href":"https:\/\/www.lafargalhospitalet.com\/ca\/wp-json\/wp\/v2\/categories?post=4231"},{"taxonomy":"post_tag","embeddable":true,"href":"https:\/\/www.lafargalhospitalet.com\/ca\/wp-json\/wp\/v2\/tags?post=4231"}],"curies":[{"name":"wp","href":"https:\/\/api.w.org\/{rel}","templated":true}]}}