{"id":4270,"date":"2016-07-29T12:27:38","date_gmt":"2016-07-29T11:27:38","guid":{"rendered":"http:\/\/www.lafargalhospitalet.com\/?p=4270"},"modified":"2025-11-03T18:29:15","modified_gmt":"2025-11-03T17:29:15","slug":"represa-amb-forca-farga-centre-activitats","status":"publish","type":"post","link":"https:\/\/www.lafargalhospitalet.com\/ca\/represa-amb-forca-farga-centre-activitats\/","title":{"rendered":"Represa amb for\u00e7a, a La Farga Centre d&#8217;Activitats"},"content":{"rendered":"<h5>La Farga de L\u2019Hospitalet ja t\u00e9 preparada la represa de les seves activitats a partir de setembre<\/h5>\n<p>Novament, salons, fires, concerts, cursos i esdeveniments multitudinaris ompliran els diferents espais del Centre d\u2019Activitats.<\/p>\n<p><strong><a href=\"https:\/\/www.lafargalhospitalet.com\/retromoto-barcelona-el-nou-salo-de-la-moto-depoca-i-accessoris-de-la-farga\/\" target=\"_blank\">RetroMoto Barcelona, el primer sal\u00f3 de la Moto d\u2019\u00c8poca i Accessoris<\/a><\/strong> arribar\u00e0 a les nostres instal\u00b7lacions del 9 a l\u201911 de setembre. Aquest certamen est\u00e0 organitzat per Eventos del Motor i La Farga de L\u2019Hospitalet i podrem veure tot all\u00f2 relacionat amb el sector de la moto cl\u00e0ssica des d\u2019una retrospectiva de Montesa passant per l\u2019exposici\u00f3 de motocicletes campiones del M\u00f3n, a m\u00e9s d\u2019un munt d\u2019activitats paral\u00b7leles.<\/p>\n<p>El 13 de setembre de 2016 FYVAR (Associaci\u00f3 Internacional de Fabricants i Venedors d\u2019Articles de Regal Publicitari i Promocional) celebrar\u00e0 a La Farga una convenci\u00f3 que comptar\u00e0 amb la pres\u00e8ncia d\u2019uns 500 professionals dels sector. Els expositors que participen s\u00f3n fabricants i majoristes afiliats a FYVAR.<\/p>\n<p>El mateix 13 de setembre l\u2019<strong><a href=\"https:\/\/www.lafargalhospitalet.com\/escola-oficial-inline-repetira-farga-curs-2016-17\/\" target=\"_blank\">Escola Oficial de Patinatge Inline comen\u00e7a un nou curs<\/a><\/strong>, on novament faran classes de patinatge tots els dimarts i dimecres feiners.<\/p>\n<p>A finals de setembre, el dia 30, arriba a La Farga Centre d\u2019Activitats l\u2019esdeveniment m\u00e9s multitudinari de la segona part de l\u2019any. El concert solidari <strong><a href=\"https:\/\/www.lafargalhospitalet.com\/lo-mejor-de-aqui-y-de-alli-el-30-de-setembre-a-la-farga\/\" target=\"_blank\">\u2018Lo Mejor de Aqu\u00ed y de All\u00ed\u2019<\/a><\/strong> organitzat per la Cadena Dial ens portar\u00e0 una trentena d\u2019artistes internacionals entre els que destaquen Antonio Orozco, Carlos Baute, Carlos Rivera entre molts m\u00e9s.<\/p>\n<h5>A l&#8217;octubre, Expoterraria i al novembre, Creativa<\/h5>\n<p>El mes d\u2019octubre ser\u00e0 el torn per a Expoterraria Barcelona (dissabte 15 d\u2019octubre) que per segon any consecutiu mostrar\u00e0 a La Farga el millor del m\u00f3n dels r\u00e8ptils, amfibis, peixos, invertebrats i petits mam\u00edfers.<\/p>\n<p><strong><a href=\"http:\/\/barcelona.creativa.eu\/\" target=\"_blank\">Creativa, el sal\u00f3 de les belles arts, labors i manualitats<\/a><\/strong> ser\u00e0 l\u2019esdeveniment m\u00e9s destacat del mes. Creativa, des del seus inicis a La Farga, s\u2019ha convertit a Catalunya en el certamen m\u00e9s important del sector d\u2019oci creatiu.<\/p>\n<p>La Farga Centre d\u2019Activitats durant el darrer trimestre, i a l\u2019espera de poder confirmar les activitats al voltant de Nadal, tamb\u00e9 acollir\u00e0 les diferents proves que organitza el Departament de Territori i Sostenibilitat de Generalitat de Catalunya adre\u00e7ades al sector del transport i diferents convocat\u00f2ries d\u2019ex\u00e0mens de selecci\u00f3 de personal per a l\u2019Ajuntament de L\u2019Hospitalet.<\/p>\n<h5>El Sal\u00f3 del Cinema i les S\u00e8ries, a finals de gener<\/h5>\n<p>Per \u00faltim cal destacar que tant <strong><a href=\"http:\/\/cinemaworld.es\/\" target=\"_blank\">Cinemaworld<\/a><\/strong> com La Farga de L\u2019Hospitalet segueixen preparant la segona edici\u00f3 del Sal\u00f3 del Cinema i les S\u00e8ries que se celebrar\u00e0 el 27, 28 i 29 de gener de 2017.<\/p>\n","protected":false},"excerpt":{"rendered":"<p>La Farga de L\u2019Hospitalet ja t\u00e9 preparada la represa de les seves activitats a partir de setembre. Novament, salons, fires, concerts, cursos i esdeveniments multitudinaris ompliran els diferents espais del Centre d\u2019Activitats.<\/p>\n","protected":false},"author":1,"featured_media":4271,"comment_status":"closed","ping_status":"closed","sticky":false,"template":"","format":"standard","meta":{"_monsterinsights_skip_tracking":false,"_monsterinsights_sitenote_active":false,"_monsterinsights_sitenote_note":"","_monsterinsights_sitenote_category":0,"footnotes":""},"categories":[83],"tags":[],"class_list":["post-4270","post","type-post","status-publish","format-standard","has-post-thumbnail","hentry","category-noticies"],"yoast_head":"<!-- This site is optimized with the Yoast SEO plugin v27.5 - https:\/\/yoast.com\/product\/yoast-seo-wordpress\/ -->\n<title>Represa amb for\u00e7a, a La Farga Centre d&#039;Activitats - L&#039;Hospitalet<\/title>\n<meta name=\"description\" content=\"La Farga ja t\u00e9 preparada la represa a partir de setembre. Salons, fires, concerts, cursos i esdeveniments multitudinaris ompliran el Centre d\u2019Activitats.\" \/>\n<meta name=\"robots\" content=\"index, follow, max-snippet:-1, max-image-preview:large, max-video-preview:-1\" \/>\n<link rel=\"canonical\" href=\"https:\/\/www.lafargalhospitalet.com\/ca\/represa-amb-forca-farga-centre-activitats\/\" \/>\n<meta property=\"og:locale\" content=\"ca_ES\" \/>\n<meta property=\"og:type\" content=\"article\" \/>\n<meta property=\"og:title\" content=\"Represa amb for\u00e7a, a La Farga Centre d&#039;Activitats - L&#039;Hospitalet\" \/>\n<meta property=\"og:description\" content=\"La Farga ja t\u00e9 preparada la represa a partir de setembre. Salons, fires, concerts, cursos i esdeveniments multitudinaris ompliran el Centre d\u2019Activitats.\" \/>\n<meta property=\"og:url\" content=\"https:\/\/www.lafargalhospitalet.com\/ca\/represa-amb-forca-farga-centre-activitats\/\" \/>\n<meta property=\"og:site_name\" content=\"La Farga L&#039;Hospitalet Centre d&#039;Activitats. La Farga GEM, S.A.\" \/>\n<meta property=\"article:publisher\" content=\"https:\/\/www.facebook.com\/fargahospitalet\/\" \/>\n<meta property=\"article:published_time\" content=\"2016-07-29T11:27:38+00:00\" \/>\n<meta property=\"article:modified_time\" content=\"2025-11-03T17:29:15+00:00\" \/>\n<meta property=\"og:image\" content=\"https:\/\/www.lafargalhospitalet.com\/wp-content\/uploads\/2016\/07\/Agenda-La-Farga.jpg\" \/>\n\t<meta property=\"og:image:width\" content=\"730\" \/>\n\t<meta property=\"og:image:height\" content=\"410\" \/>\n\t<meta property=\"og:image:type\" content=\"image\/jpeg\" \/>\n<meta name=\"author\" content=\"La Farga Centre d&#039;Activitats\" \/>\n<meta name=\"twitter:card\" content=\"summary_large_image\" \/>\n<meta name=\"twitter:creator\" content=\"@fargahospitalet\" \/>\n<meta name=\"twitter:site\" content=\"@fargahospitalet\" \/>\n<meta name=\"twitter:label1\" content=\"Escrit per\" \/>\n\t<meta name=\"twitter:data1\" content=\"La Farga Centre d&#039;Activitats\" \/>\n\t<meta name=\"twitter:label2\" content=\"Temps estimat de lectura\" \/>\n\t<meta name=\"twitter:data2\" content=\"2 minuts\" \/>\n<script type=\"application\/ld+json\" class=\"yoast-schema-graph\">{\"@context\":\"https:\\\/\\\/schema.org\",\"@graph\":[{\"@type\":\"Article\",\"@id\":\"https:\\\/\\\/www.lafargalhospitalet.com\\\/ca\\\/represa-amb-forca-farga-centre-activitats\\\/#article\",\"isPartOf\":{\"@id\":\"https:\\\/\\\/www.lafargalhospitalet.com\\\/ca\\\/represa-amb-forca-farga-centre-activitats\\\/\"},\"author\":{\"name\":\"La Farga Centre d'Activitats\",\"@id\":\"https:\\\/\\\/www.lafargalhospitalet.com\\\/#\\\/schema\\\/person\\\/6cbac0ef7748506b167ff859e1c7f378\"},\"headline\":\"Represa amb for\u00e7a, a La Farga Centre d&#8217;Activitats\",\"datePublished\":\"2016-07-29T11:27:38+00:00\",\"dateModified\":\"2025-11-03T17:29:15+00:00\",\"mainEntityOfPage\":{\"@id\":\"https:\\\/\\\/www.lafargalhospitalet.com\\\/ca\\\/represa-amb-forca-farga-centre-activitats\\\/\"},\"wordCount\":453,\"publisher\":{\"@id\":\"https:\\\/\\\/www.lafargalhospitalet.com\\\/#organization\"},\"image\":{\"@id\":\"https:\\\/\\\/www.lafargalhospitalet.com\\\/ca\\\/represa-amb-forca-farga-centre-activitats\\\/#primaryimage\"},\"thumbnailUrl\":\"https:\\\/\\\/www.lafargalhospitalet.com\\\/wp-content\\\/uploads\\\/2016\\\/07\\\/Agenda-La-Farga.jpg\",\"articleSection\":[\"Noticies\"],\"inLanguage\":\"ca\"},{\"@type\":\"WebPage\",\"@id\":\"https:\\\/\\\/www.lafargalhospitalet.com\\\/ca\\\/represa-amb-forca-farga-centre-activitats\\\/\",\"url\":\"https:\\\/\\\/www.lafargalhospitalet.com\\\/ca\\\/represa-amb-forca-farga-centre-activitats\\\/\",\"name\":\"Represa amb for\u00e7a, a La Farga Centre d'Activitats - L'Hospitalet\",\"isPartOf\":{\"@id\":\"https:\\\/\\\/www.lafargalhospitalet.com\\\/#website\"},\"primaryImageOfPage\":{\"@id\":\"https:\\\/\\\/www.lafargalhospitalet.com\\\/ca\\\/represa-amb-forca-farga-centre-activitats\\\/#primaryimage\"},\"image\":{\"@id\":\"https:\\\/\\\/www.lafargalhospitalet.com\\\/ca\\\/represa-amb-forca-farga-centre-activitats\\\/#primaryimage\"},\"thumbnailUrl\":\"https:\\\/\\\/www.lafargalhospitalet.com\\\/wp-content\\\/uploads\\\/2016\\\/07\\\/Agenda-La-Farga.jpg\",\"datePublished\":\"2016-07-29T11:27:38+00:00\",\"dateModified\":\"2025-11-03T17:29:15+00:00\",\"description\":\"La Farga ja t\u00e9 preparada la represa a partir de setembre. Salons, fires, concerts, cursos i esdeveniments multitudinaris ompliran el Centre d\u2019Activitats.\",\"breadcrumb\":{\"@id\":\"https:\\\/\\\/www.lafargalhospitalet.com\\\/ca\\\/represa-amb-forca-farga-centre-activitats\\\/#breadcrumb\"},\"inLanguage\":\"ca\",\"potentialAction\":[{\"@type\":\"ReadAction\",\"target\":[\"https:\\\/\\\/www.lafargalhospitalet.com\\\/ca\\\/represa-amb-forca-farga-centre-activitats\\\/\"]}]},{\"@type\":\"ImageObject\",\"inLanguage\":\"ca\",\"@id\":\"https:\\\/\\\/www.lafargalhospitalet.com\\\/ca\\\/represa-amb-forca-farga-centre-activitats\\\/#primaryimage\",\"url\":\"https:\\\/\\\/www.lafargalhospitalet.com\\\/wp-content\\\/uploads\\\/2016\\\/07\\\/Agenda-La-Farga.jpg\",\"contentUrl\":\"https:\\\/\\\/www.lafargalhospitalet.com\\\/wp-content\\\/uploads\\\/2016\\\/07\\\/Agenda-La-Farga.jpg\",\"width\":730,\"height\":410,\"caption\":\"Represa Agenda La Farga\"},{\"@type\":\"BreadcrumbList\",\"@id\":\"https:\\\/\\\/www.lafargalhospitalet.com\\\/ca\\\/represa-amb-forca-farga-centre-activitats\\\/#breadcrumb\",\"itemListElement\":[{\"@type\":\"ListItem\",\"position\":1,\"name\":\"Portada\",\"item\":\"https:\\\/\\\/www.lafargalhospitalet.com\\\/\"},{\"@type\":\"ListItem\",\"position\":2,\"name\":\"Represa amb for\u00e7a, a La Farga Centre d&#8217;Activitats\"}]},{\"@type\":\"WebSite\",\"@id\":\"https:\\\/\\\/www.lafargalhospitalet.com\\\/#website\",\"url\":\"https:\\\/\\\/www.lafargalhospitalet.com\\\/\",\"name\":\"La Farga L'Hospitalet Centre d'Activitats. La Farga GEM, S.A.\",\"description\":\"La Farga L&#039;Hospitalet Centre d&#039;Activitats. Gestionat per La Farga GEM, S.A. Fires i Congressos. Concerts, exposicions, reunions, filmacions, sopars de gala.\",\"publisher\":{\"@id\":\"https:\\\/\\\/www.lafargalhospitalet.com\\\/#organization\"},\"potentialAction\":[{\"@type\":\"SearchAction\",\"target\":{\"@type\":\"EntryPoint\",\"urlTemplate\":\"https:\\\/\\\/www.lafargalhospitalet.com\\\/?s={search_term_string}\"},\"query-input\":{\"@type\":\"PropertyValueSpecification\",\"valueRequired\":true,\"valueName\":\"search_term_string\"}}],\"inLanguage\":\"ca\"},{\"@type\":\"Organization\",\"@id\":\"https:\\\/\\\/www.lafargalhospitalet.com\\\/#organization\",\"name\":\"La Farga L'Hospitalet Centre d'Activitats. La Farga GEM, S.A.\",\"url\":\"https:\\\/\\\/www.lafargalhospitalet.com\\\/\",\"logo\":{\"@type\":\"ImageObject\",\"inLanguage\":\"ca\",\"@id\":\"https:\\\/\\\/www.lafargalhospitalet.com\\\/#\\\/schema\\\/logo\\\/image\\\/\",\"url\":\"https:\\\/\\\/www.lafargalhospitalet.com\\\/wp-content\\\/uploads\\\/2025\\\/10\\\/logotipo_lafarga_centre_activitats.png\",\"contentUrl\":\"https:\\\/\\\/www.lafargalhospitalet.com\\\/wp-content\\\/uploads\\\/2025\\\/10\\\/logotipo_lafarga_centre_activitats.png\",\"width\":266,\"height\":101,\"caption\":\"La Farga L'Hospitalet Centre d'Activitats. La Farga GEM, S.A.\"},\"image\":{\"@id\":\"https:\\\/\\\/www.lafargalhospitalet.com\\\/#\\\/schema\\\/logo\\\/image\\\/\"},\"sameAs\":[\"https:\\\/\\\/www.facebook.com\\\/fargahospitalet\\\/\",\"https:\\\/\\\/x.com\\\/fargahospitalet\",\"https:\\\/\\\/www.instagram.com\\\/lafargahospitalet\\\/\",\"https:\\\/\\\/www.youtube.com\\\/channel\\\/UCoLt6hen3PqGXgbLMGI3Qdw\",\"https:\\\/\\\/www.flickr.com\\\/photos\\\/lafargagemsa\\\/albums\"]},{\"@type\":\"Person\",\"@id\":\"https:\\\/\\\/www.lafargalhospitalet.com\\\/#\\\/schema\\\/person\\\/6cbac0ef7748506b167ff859e1c7f378\",\"name\":\"La Farga Centre d'Activitats\",\"sameAs\":[\"https:\\\/\\\/www.lafargalhospitalet.com\"],\"url\":\"https:\\\/\\\/www.lafargalhospitalet.com\\\/ca\\\/author\\\/far25gmin\\\/\"}]}<\/script>\n<!-- \/ Yoast SEO plugin. -->","yoast_head_json":{"title":"Represa amb for\u00e7a, a La Farga Centre d'Activitats - L'Hospitalet","description":"La Farga ja t\u00e9 preparada la represa a partir de setembre. Salons, fires, concerts, cursos i esdeveniments multitudinaris ompliran el Centre d\u2019Activitats.","robots":{"index":"index","follow":"follow","max-snippet":"max-snippet:-1","max-image-preview":"max-image-preview:large","max-video-preview":"max-video-preview:-1"},"canonical":"https:\/\/www.lafargalhospitalet.com\/ca\/represa-amb-forca-farga-centre-activitats\/","og_locale":"ca_ES","og_type":"article","og_title":"Represa amb for\u00e7a, a La Farga Centre d'Activitats - L'Hospitalet","og_description":"La Farga ja t\u00e9 preparada la represa a partir de setembre. Salons, fires, concerts, cursos i esdeveniments multitudinaris ompliran el Centre d\u2019Activitats.","og_url":"https:\/\/www.lafargalhospitalet.com\/ca\/represa-amb-forca-farga-centre-activitats\/","og_site_name":"La Farga L&#039;Hospitalet Centre d&#039;Activitats. La Farga GEM, S.A.","article_publisher":"https:\/\/www.facebook.com\/fargahospitalet\/","article_published_time":"2016-07-29T11:27:38+00:00","article_modified_time":"2025-11-03T17:29:15+00:00","og_image":[{"width":730,"height":410,"url":"https:\/\/www.lafargalhospitalet.com\/wp-content\/uploads\/2016\/07\/Agenda-La-Farga.jpg","type":"image\/jpeg"}],"author":"La Farga Centre d'Activitats","twitter_card":"summary_large_image","twitter_creator":"@fargahospitalet","twitter_site":"@fargahospitalet","twitter_misc":{"Escrit per":"La Farga Centre d'Activitats","Temps estimat de lectura":"2 minuts"},"schema":{"@context":"https:\/\/schema.org","@graph":[{"@type":"Article","@id":"https:\/\/www.lafargalhospitalet.com\/ca\/represa-amb-forca-farga-centre-activitats\/#article","isPartOf":{"@id":"https:\/\/www.lafargalhospitalet.com\/ca\/represa-amb-forca-farga-centre-activitats\/"},"author":{"name":"La Farga Centre d'Activitats","@id":"https:\/\/www.lafargalhospitalet.com\/#\/schema\/person\/6cbac0ef7748506b167ff859e1c7f378"},"headline":"Represa amb for\u00e7a, a La Farga Centre d&#8217;Activitats","datePublished":"2016-07-29T11:27:38+00:00","dateModified":"2025-11-03T17:29:15+00:00","mainEntityOfPage":{"@id":"https:\/\/www.lafargalhospitalet.com\/ca\/represa-amb-forca-farga-centre-activitats\/"},"wordCount":453,"publisher":{"@id":"https:\/\/www.lafargalhospitalet.com\/#organization"},"image":{"@id":"https:\/\/www.lafargalhospitalet.com\/ca\/represa-amb-forca-farga-centre-activitats\/#primaryimage"},"thumbnailUrl":"https:\/\/www.lafargalhospitalet.com\/wp-content\/uploads\/2016\/07\/Agenda-La-Farga.jpg","articleSection":["Noticies"],"inLanguage":"ca"},{"@type":"WebPage","@id":"https:\/\/www.lafargalhospitalet.com\/ca\/represa-amb-forca-farga-centre-activitats\/","url":"https:\/\/www.lafargalhospitalet.com\/ca\/represa-amb-forca-farga-centre-activitats\/","name":"Represa amb for\u00e7a, a La Farga Centre d'Activitats - L'Hospitalet","isPartOf":{"@id":"https:\/\/www.lafargalhospitalet.com\/#website"},"primaryImageOfPage":{"@id":"https:\/\/www.lafargalhospitalet.com\/ca\/represa-amb-forca-farga-centre-activitats\/#primaryimage"},"image":{"@id":"https:\/\/www.lafargalhospitalet.com\/ca\/represa-amb-forca-farga-centre-activitats\/#primaryimage"},"thumbnailUrl":"https:\/\/www.lafargalhospitalet.com\/wp-content\/uploads\/2016\/07\/Agenda-La-Farga.jpg","datePublished":"2016-07-29T11:27:38+00:00","dateModified":"2025-11-03T17:29:15+00:00","description":"La Farga ja t\u00e9 preparada la represa a partir de setembre. Salons, fires, concerts, cursos i esdeveniments multitudinaris ompliran el Centre d\u2019Activitats.","breadcrumb":{"@id":"https:\/\/www.lafargalhospitalet.com\/ca\/represa-amb-forca-farga-centre-activitats\/#breadcrumb"},"inLanguage":"ca","potentialAction":[{"@type":"ReadAction","target":["https:\/\/www.lafargalhospitalet.com\/ca\/represa-amb-forca-farga-centre-activitats\/"]}]},{"@type":"ImageObject","inLanguage":"ca","@id":"https:\/\/www.lafargalhospitalet.com\/ca\/represa-amb-forca-farga-centre-activitats\/#primaryimage","url":"https:\/\/www.lafargalhospitalet.com\/wp-content\/uploads\/2016\/07\/Agenda-La-Farga.jpg","contentUrl":"https:\/\/www.lafargalhospitalet.com\/wp-content\/uploads\/2016\/07\/Agenda-La-Farga.jpg","width":730,"height":410,"caption":"Represa Agenda La Farga"},{"@type":"BreadcrumbList","@id":"https:\/\/www.lafargalhospitalet.com\/ca\/represa-amb-forca-farga-centre-activitats\/#breadcrumb","itemListElement":[{"@type":"ListItem","position":1,"name":"Portada","item":"https:\/\/www.lafargalhospitalet.com\/"},{"@type":"ListItem","position":2,"name":"Represa amb for\u00e7a, a La Farga Centre d&#8217;Activitats"}]},{"@type":"WebSite","@id":"https:\/\/www.lafargalhospitalet.com\/#website","url":"https:\/\/www.lafargalhospitalet.com\/","name":"La Farga L'Hospitalet Centre d'Activitats. La Farga GEM, S.A.","description":"La Farga L&#039;Hospitalet Centre d&#039;Activitats. Gestionat per La Farga GEM, S.A. Fires i Congressos. Concerts, exposicions, reunions, filmacions, sopars de gala.","publisher":{"@id":"https:\/\/www.lafargalhospitalet.com\/#organization"},"potentialAction":[{"@type":"SearchAction","target":{"@type":"EntryPoint","urlTemplate":"https:\/\/www.lafargalhospitalet.com\/?s={search_term_string}"},"query-input":{"@type":"PropertyValueSpecification","valueRequired":true,"valueName":"search_term_string"}}],"inLanguage":"ca"},{"@type":"Organization","@id":"https:\/\/www.lafargalhospitalet.com\/#organization","name":"La Farga L'Hospitalet Centre d'Activitats. La Farga GEM, S.A.","url":"https:\/\/www.lafargalhospitalet.com\/","logo":{"@type":"ImageObject","inLanguage":"ca","@id":"https:\/\/www.lafargalhospitalet.com\/#\/schema\/logo\/image\/","url":"https:\/\/www.lafargalhospitalet.com\/wp-content\/uploads\/2025\/10\/logotipo_lafarga_centre_activitats.png","contentUrl":"https:\/\/www.lafargalhospitalet.com\/wp-content\/uploads\/2025\/10\/logotipo_lafarga_centre_activitats.png","width":266,"height":101,"caption":"La Farga L'Hospitalet Centre d'Activitats. La Farga GEM, S.A."},"image":{"@id":"https:\/\/www.lafargalhospitalet.com\/#\/schema\/logo\/image\/"},"sameAs":["https:\/\/www.facebook.com\/fargahospitalet\/","https:\/\/x.com\/fargahospitalet","https:\/\/www.instagram.com\/lafargahospitalet\/","https:\/\/www.youtube.com\/channel\/UCoLt6hen3PqGXgbLMGI3Qdw","https:\/\/www.flickr.com\/photos\/lafargagemsa\/albums"]},{"@type":"Person","@id":"https:\/\/www.lafargalhospitalet.com\/#\/schema\/person\/6cbac0ef7748506b167ff859e1c7f378","name":"La Farga Centre d'Activitats","sameAs":["https:\/\/www.lafargalhospitalet.com"],"url":"https:\/\/www.lafargalhospitalet.com\/ca\/author\/far25gmin\/"}]}},"_links":{"self":[{"href":"https:\/\/www.lafargalhospitalet.com\/ca\/wp-json\/wp\/v2\/posts\/4270","targetHints":{"allow":["GET"]}}],"collection":[{"href":"https:\/\/www.lafargalhospitalet.com\/ca\/wp-json\/wp\/v2\/posts"}],"about":[{"href":"https:\/\/www.lafargalhospitalet.com\/ca\/wp-json\/wp\/v2\/types\/post"}],"author":[{"embeddable":true,"href":"https:\/\/www.lafargalhospitalet.com\/ca\/wp-json\/wp\/v2\/users\/1"}],"replies":[{"embeddable":true,"href":"https:\/\/www.lafargalhospitalet.com\/ca\/wp-json\/wp\/v2\/comments?post=4270"}],"version-history":[{"count":0,"href":"https:\/\/www.lafargalhospitalet.com\/ca\/wp-json\/wp\/v2\/posts\/4270\/revisions"}],"wp:featuredmedia":[{"embeddable":true,"href":"https:\/\/www.lafargalhospitalet.com\/ca\/wp-json\/wp\/v2\/media\/4271"}],"wp:attachment":[{"href":"https:\/\/www.lafargalhospitalet.com\/ca\/wp-json\/wp\/v2\/media?parent=4270"}],"wp:term":[{"taxonomy":"category","embeddable":true,"href":"https:\/\/www.lafargalhospitalet.com\/ca\/wp-json\/wp\/v2\/categories?post=4270"},{"taxonomy":"post_tag","embeddable":true,"href":"https:\/\/www.lafargalhospitalet.com\/ca\/wp-json\/wp\/v2\/tags?post=4270"}],"curies":[{"name":"wp","href":"https:\/\/api.w.org\/{rel}","templated":true}]}}