{"id":4285,"date":"2016-09-06T15:32:50","date_gmt":"2016-09-06T14:32:50","guid":{"rendered":"http:\/\/www.lafargalhospitalet.com\/?p=4285"},"modified":"2025-11-03T18:29:14","modified_gmt":"2025-11-03T17:29:14","slug":"mon-moto-classica-cita-farga","status":"publish","type":"post","link":"https:\/\/www.lafargalhospitalet.com\/ca\/mon-moto-classica-cita-farga\/","title":{"rendered":"El m\u00f3n de la moto cl\u00e0ssica t\u00e9 una cita a La Farga"},"content":{"rendered":"<h5>Retromoto Barcelona exposar\u00e0 aquest cap de setmana motos cl\u00e0ssiques exclusives i zona comercial amb moltes activitats<\/h5>\n<ul>\n<li>Destaquen l\u2019estand del mNACTEC, amb peces \u00faniques, on hi ser\u00e0 la primera moto fabricada a Espanya, l&#8217;espai del Museu Isern de la Moto, amb una SRS, marca de la qual va derivar Derbi, l\u2019estand retrospectiva de la Montesa Cota o l&#8217;espai amb motos campiones de velocitat, entre elles una d\u2019Eddie Lawson.<\/li>\n<li>Aquesta fira ocupar\u00e0 10.000 metres quadrats a La Farga, amb exposici\u00f3 i venda de motos d&#8217;empreses i tamb\u00e9 particulars, a l&#8217;espai de Cover Corral, aix\u00ed com zona comercial de peces, recanvis, accessoris i regals. Tamb\u00e9 hi ha aparcament gratu\u00eft cobert amb descompte en l&#8217;entrada per als que assisteixin amb moto cl\u00e0ssica.<\/li>\n<li>Nombroses activitats, com l&#8217;homenatge a l&#8217;ex-pilot Pere Pi i Parera, divendres despr\u00e9s de la inauguraci\u00f3 oficial, el sopar de l&#8217;entitat AMACS el mateix divendres o, ja dissabte, les concentracions de Harley Davidson i d\u2019Impala, al costat dels dos concerts de The Walking Stick Man, marcaran l&#8217;agenda di\u00e0ria.<\/li>\n<\/ul>\n<p>Clubs, aficionats, professionals del sector i propietaris de motos cl\u00e0ssiques tenen una cita ineludible aquest cap de setmana a La Farga Centre d&#8217;Activitats a RetroMoto Barcelona, I Sal\u00f3 de la Moto d&#8217;\u00c8poca i Accessoris, que allotjar\u00e0 al voltant d&#8217;un centenar d&#8217;expositors.<br \/>\nAquest certamen ocupar\u00e0 10.000 m2 i es posiciona com una gran festa del m\u00f3n de la moto antiga, oberta al p\u00fablic en general que vulgui gaudir de les motocicletes cl\u00e0ssiques i d&#8217;\u00e8poca, al preu general de 8 euros per a un dia, amb menors de 10 anys gratis.\u00a0La fira s&#8217;obrir\u00e0 al p\u00fablic aquest divendres, dia 9, de 16,00 a 21,00 hores, mentre que la inauguraci\u00f3 oficial tindr\u00e0 lloc a les 17,00 hores. Dissabte l\u2019horari ser\u00e0 de 10,00 a 20,00 hores i diumenge de 10,00 a 14,00 hores.<\/p>\n<p>RetroMoto Barcelona, I Sal\u00f3 de la Moto d&#8217;\u00c8poca i Accessoris ha estat presentada aquest dimarts pel seu director, <strong>Jos\u00e9 Enrique Elvira<\/strong>, i pel president de La Farga GEMSA, <strong>Jos\u00e9 Mar\u00eda Garc\u00eda Mompel<\/strong>, com una fira que oferir\u00e0 espectacle perqu\u00e8 lluir\u00e0 exclusives motos cl\u00e0ssiques i m\u00faltiples activitats per als aficionats i p\u00fablic en general, per\u00f2 tamb\u00e9 com un espai comercial, que brindar\u00e0 l&#8217;oportunitat de comprar una moto cl\u00e0ssica a professionals o particulars, o peces, recanvis, roba, records i molts altres productes en un mercat especialitzat.<\/p>\n<p>Aquest certamen, que comen\u00e7a divendres dura tot el cap de setmana, ocupar\u00e0 10.000 m2 amb m\u00e9s de 100 marques a La Farga Centre d&#8217;Activitats, i es posiciona com una gran festa del m\u00f3n de la moto antiga, al preu general de 8 euros per un dia, amb menors de 10 anys gratu\u00efts.<br \/>\n<strong>Elvira<\/strong> ha fet una crida a clubs, aficionats, professionals del sector i propietaris de motos cl\u00e0ssiques <em>&#8220;a acudir una cita ineludible aquest cap de setmana, i alhora ha defensat aquest sal\u00f3 monogr\u00e0fic com un espai d&#8217;oci del que pot gaudir tota la fam\u00edlia, recordant viv\u00e8ncies pr\u00f2pies o ensenyant als fills com eren les motos del passat&#8221;<\/em>. En aquest sentit, ha indicat que l&#8217;organitzaci\u00f3 esperava una xifra d&#8217;uns 13.000 assistents durant aquest primer certamen.<br \/>\n<strong>Garc\u00eda Mompel<\/strong> ha destacat per la seva part que <em>&#8220;aquesta fira confirma la gran cultura de la moto que hi ha a Catalunya&#8221;, <\/em>subratllant que<em> &#8220;aquest model de col\u00b7laboraci\u00f3 publicoprivada suma al desenvolupament econ\u00f2mic del nostre territori&#8221;<\/em>.<\/p>\n<p>Despr\u00e9s de la inauguraci\u00f3 es far\u00e0 un <strong><a href=\"https:\/\/www.lafargalhospitalet.com\/retromoto-barcelona-homenatjara-pere-pi\/\" target=\"_blank\">merescut homenatge, amb lliurament d&#8217;una placa, a Pere Pi i Parera<\/a><\/strong>, un dels grans noms del motociclisme catal\u00e0 i espanyol i \u00fanic pilot de motos que ha aconseguit el t\u00edtol de Campi\u00f3 d&#8217;Espanya en tres disciplines diferents: Motocr\u00f2s, Trial i Velocitat.<\/p>\n<p>A l\u2019estand que es muntar\u00e0 per a aquest homenatge a RetroMoto Barcelona es podran contemplar algunes de les motocicletes amb les quals Pere Pi va c\u00f3rrer al seu moment, aix\u00ed com diferents records d&#8217;aquella \u00e8poca, com a trofeus, fotografies i diferent documentaci\u00f3 relacionada amb el pilot catal\u00e0.<\/p>\n<p>Pere Pi no nom\u00e9s va ser un gran corredor en el seu temps, sin\u00f3 que a m\u00e9s va aportar diferents aven\u00e7os tecnol\u00f2gics al m\u00f3n de les dues rodes, principalment en el camp del motocr\u00f2s i el trial. Del seu enginy\u00f3s cap han sortit molts &#8220;invents&#8221; que a dia d&#8217;avui s&#8217;utilitzen en les motos actuals, alguns dels quals tamb\u00e9 es podran contemplar a l\u2019estand.<\/p>\n<p>Amb 8 t\u00edtols de Campi\u00f3 d&#8217;Espanya en el palmar\u00e8s (1 de velocitat, 6 de motocr\u00f2s i 1 de trial), Pere Pi Parera \u00e9s un dels pilots m\u00e9s llorejats del nostre pa\u00eds i responsable de multitud de facetes al m\u00f3n de la moto i tamb\u00e9 del ciclisme \u201cOff road\u201d. Va ser pilot emprovador i directiu de Montesa, en la f\u00e0brica on va treballar gaireb\u00e9 25 anys i en la qual va desenvolupar diversos models de motocr\u00f2s, enduro i trial. A la fi dels 70 va fundar la marca Monty, fabricant de bicicletes de Trials\u00edn, especialitat que tamb\u00e9 va impulsar. Pere Pi \u00e9s pare del diverses vegades Campi\u00f3 del M\u00f3n de Biketrial, Ot Pi, qui precisament ha agafat les regnes de l&#8217;activitat empresarial que va fundar el seu pare.<\/p>\n<h5><strong>Estands especials<\/strong><\/h5>\n<p>L&#8217;exposici\u00f3 comptar\u00e0 amb algunes \u00e0rees d&#8217;enorme inter\u00e8s per als afeccionats.\u00a0L\u2019estand del Museu de la Ci\u00e8ncia i de la T\u00e8cnica de Catalunya (mNACTEC) exhibir\u00e0 alguna \u201cpeces\u201d exquisides de la seva exposici\u00f3 Viva Montesa, aix\u00ed com alguna altra unitat especial de les moltes que atresora. A la seva zona es podran admirar, entre d\u2019altres, la motocicleta Villalb\u00ed, la primera constru\u00efda en l&#8217;estat espanyol en 1904, obra de Miquel Villalb\u00ed i de la qual nom\u00e9s es van fabricar 5 unitats; la Cota 349 \u201coriginal\u201d amb la qual el pilot suec Ulf Karlson es va proclamar Campi\u00f3 del M\u00f3n de Trial l&#8217;any 1980, la Montesa Sprint de l&#8217;any 56, dissenyada per Paco Bult\u00f3 per competir en carreres internacionals com el TT Isla de Man, o la Montesa A45 Femenina de l&#8217;any 1945, adaptada per facilitar la conducci\u00f3 amb faldilles amb el seu quadre en forma de V (i que no nom\u00e9s va causar furor entra les dones sin\u00f3 tamb\u00e9 entre els capellans a causa de la sotana).<\/p>\n<p>Un altre d&#8217;aquests espais ser\u00e0 el reservat pel Museu Isern de la Moto, la missi\u00f3 principal de la qual \u00e9s preservar la mem\u00f2ria hist\u00f2rica de les marques Ducson i Derbi de Mollet del Vall\u00e8s, que aportar\u00e0 sis motos totes d&#8217;origen catal\u00e0. En concret, portar\u00e0 una SRS de 1949 (primera marca de Bicicletes Rabasa, empresa embri\u00f3 de Derbi), i la segona moto que va fabricar Derbi ja amb el seu nom, un model de 98 c. c. de 1953. Tamb\u00e9 portar\u00e0 un velomotor Ducson Setter de 49 c. c., de 1955, i un Ducson Repris de 49 c. c. de l&#8217;any 1960, que era el m\u00e9s r\u00e0pid i potent de l&#8217;\u00e8poca. Finalment, un velomotor Rieju de 1950 i un Rieju Sport 125 de l&#8217;any 1958 completaran aquesta zona. Al capdavant d&#8217;aquest estand es trobar\u00e0 Jose Isern, un pioner en la modalitat de la moto de muntanya i organitzador de diferents proves.<\/p>\n<p>Tamb\u00e9 ser\u00e0 referent l\u2019estand <strong><a href=\"https:\/\/www.lafargalhospitalet.com\/retrospectiva-montesa-cota-retromoto-barcelona\/\" target=\"_blank\">retrospectiva de la m\u00edtica Montesa Cota<\/a><\/strong>, una icona del m\u00f3n del trial, amb una mostra d&#8217;una vintena de motos representatives d&#8217;aquest model, moltes d&#8217;elles utilitzades per grans pilots catalans i espanyols per arribar al m\u00e9s alt del trial internacional.<\/p>\n<p>Gr\u00e0cies a la col\u00b7laboraci\u00f3 del Moto Club Impala, el p\u00fablic assistent a RetroMoto podr\u00e0 veure l&#8217;evoluci\u00f3 d&#8217;aquesta famosa trialera que s&#8217;ha fabricat ininterrompudament des de 1968 (primer sota la denominaci\u00f3 de Montesa Cota i en una segona etapa com Montesa Honda).<\/p>\n<p>Des dels models en els quals es va inspirar abans de tenir la denominaci\u00f3 oficial Cota, com l\u2019Impala Trial (prototip de 1966) o la Montesa Trial 250, moto amb la qual Pere Pi va aconseguir el Campionat d&#8217;Espanya de 1968, la saga ha comptat amb models victoriosos. Va arrencar amb la Cota 247 i va continuar amb models de baixa cilindrada fins a la 306 i 349, passant per la 173, la 247 Ulf Karlson o la 348 Malcolm Rathmell, per citar nom\u00e9s algunes versions.<\/p>\n<p>Un altre dels espais emblem\u00e0tics del Sal\u00f3 RetroMoto Barcelona ser\u00e0 un estand dedicat a l&#8217;alta competici\u00f3 vintage, amb l&#8217;<strong><a href=\"https:\/\/www.lafargalhospitalet.com\/retromoto-barcelona-exhibira-motos-campiones-velocitat\/\" target=\"_blank\">exhibici\u00f3 de diversos models de motocicletes campiones<\/a><\/strong> de diverses proves de velocitat d&#8217;Europa i Estats Units, o del Mundial de Motociclisme.<\/p>\n<p>Dos col\u00b7leccionistes han contribu\u00eft a conformar aquest espai amb motos que l&#8217;afeccionat no pot contemplar habitualment. En el mateix es comptar\u00e0 amb valuosos exemplars com la Kawasaki KR 250 amb la qual Eddie Lawson va guanyar el Campionat AMA l\u2019any 1981 i que ho va catapultar a Yamaha per lluitar pel Mundial de 500 cc a partir de llavors, aconseguint 3 t\u00edtols mundials i un altre amb Honda.<\/p>\n<p>Altres models destacats seran l\u2019Ossa Copa F3, triomfadora del Motociclisme S\u00e8ries en els 80, que van pilotar Juan L\u00f3pez Mella o Carlos Mu\u00f1oz; la Bultaco Tralla TS, que va revolucionar el motociclisme nacional, la Bultaco Metralla MK2 Kit Am\u00e8rica, guanyadora de l&#8217;Isla de Man en 1967, o la s\u00fapercampiona Morbidelli 125, amb 8 t\u00edtols mundials.<\/p>\n<p>L\u2019estand acollir\u00e0 tamb\u00e9 unitats de Montesa Impala Blitz, Ducati 900 SS, Vila 125 GP, Aspes 125, entre altres motos brillants cadascuna en la seva \u00e8poca i estil.<br \/>\nDestaca igualment, l\u2019estand de Harley Davidson, amb exhibici\u00f3 de diversos models cl\u00e0ssics i actuals, amb tres magn\u00edfics exemplars de WLA (fabricats per a l&#8217;Armada d&#8217;EUA) entre els anys 1935 i 1942. Una altra gran moto ser\u00e0 la Harley Davidson Rock FM, que se sorteja en aquesta emissora, que \u00e9s una Sportster Nighster 1200 customitzada i amb premi al seu disseny.<\/p>\n<h5><strong>Espai comercial per a afeccionats i col\u00b7leccionistes<\/strong><\/h5>\n<p>En general, els afeccionats que busquin una moto podran consultar en els estands de l&#8217;exposici\u00f3, on podran trobar de tot tipus de models a la venda, des de \u201cVespas\u201d de les primeres generacions, fins a diversos exemplars de Harley, passant per alguna Ossa Motoball 250 DR, Montesa Cappra 250 GP 53M, Bultaco Astre, BMW RS, etc, i molts altres models, ja siguin urbans, de muntanya, de competici\u00f3 o fins i tot motos sense restaurar, per als que busquen satisfaccions especials en anar habilitant-se la motocicleta un mateix.<\/p>\n<p>Precisament, en el certamen destaca l&#8217;\u00e0rea de Motomobilia o espai comercial on nombrosos expositors acudeixen amb peces, recanvis, accessoris, pneum\u00e0tics o eines per a motos, principalment, i on el p\u00fablic pot buscar aquelles peces que els falten o que se&#8217;ls han espatllat per a la seva substituci\u00f3.<\/p>\n<p>Igualment, hi ha llocs de venda de documentaci\u00f3, manuals t\u00e8cnics de motos, manuals mec\u00e0nics, cat\u00e0legs i revistes hist\u00f2riques, matr\u00edcules, roba vintage, miniatures i altres reproduccions col\u00b7leccionables i tot un m\u00f3n d&#8217;ofertes diverses que s&#8217;ofereix al visitant estructurat com un mercat ambulant.<\/p>\n<p>L&#8217;exposici\u00f3 comptar\u00e0 a m\u00e9s amb un \u00e0rea especial i gratu\u00efta per a exposici\u00f3 i venda de motos particulars, denominada Cover Corral i patrocinada per l&#8217;asseguradora catalana ClassicCover. En aquesta zona es concedeix als propietaris que participen amb la seva moto un passi permanent per accedir durant els 3 dies de fira, aix\u00ed com d&#8217;una altra s\u00e8rie de serveis per facilitar la venda. La possibilitat de reservar espai i portar una moto es mantindr\u00e0 fins al mateix divendres.<\/p>\n<h5><strong>Estacionament i activitats de clubs<\/strong><\/h5>\n<p>Diferents clubs de motos cl\u00e0ssiques de Catalunya estaran presents en el Sal\u00f3, amb estands on s\u2019informar\u00e0 de les activitats que realitzen, per la qual cosa s&#8217;espera una notable aflu\u00e8ncia de visitants en motos.<\/p>\n<p>El certamen comptar\u00e0 amb l&#8217;al\u00b7licient d&#8217;un aparcament gratu\u00eft i vigilat reservat per als que acudeixin amb qualsevol moto cl\u00e0ssica, que quedaran en exposici\u00f3 cada jornada, de manera que puguin ser contemplades per tot el p\u00fablic.<br \/>\nEls assistents en aquestes motos cl\u00e0ssiques tindran acc\u00e9s a aquest aparcament i un descompte del 50% en el preu de l&#8217;entrada, sortint aix\u00ed per 4 euros per persona.<\/p>\n<p>Entre les activitats dels clubs figuren el sopar del 35\u00e8 aniversari de la AMACS (Associaci\u00f3 d&#8217;Amics de les Motos Antigues, Cl\u00e0ssiques i Sport), que tindr\u00e0 lloc el divendres a la nit en el recinte de La Farga despr\u00e9s de visitar la fira, o les concentracions concertades, estant previstes una de Harley Davidson, amb pres\u00e8ncia d&#8217;unes 20 motos, i una altra d\u2019Impala, ambdues dissabte dia 10 a partir de les 10,00 hores, que donaran vistositat a l&#8217;aparcament. Els assistents a les mateixes tindran un preu especial d&#8217;acc\u00e9s de 4 euros per persona.<\/p>\n<p>Aix\u00ed mateix, en aquesta jornada els afeccionats podran contemplar dos concerts de blues el\u00e8ctric, a c\u00e0rrec de The Walking Stick Man, un a les 12,00 hores i un altre a les 17,00 hores. Envoltat de motos cl\u00e0ssiques, actuar\u00e0 amb un equip vintage original de l&#8217;\u00e8poca, que ens embolcallar\u00e0 amb el genu\u00ed so de les v\u00e0lvules tal com sonaven en els cinquanta.<\/p>\n<h5>El certamen s&#8217;estructurar\u00e0 doncs amb dues grans l\u00ednies ben diferenciades<\/h5>\n<p><strong>Zona Comercial<\/strong>, en la qual la m\u00e0xima ser\u00e0 afavorir l&#8217;intercanvi entre l&#8217;oferta i la demanda<br \/>\n\u2022 Exposici\u00f3 i venda de motocicletes (professionals)<br \/>\n\u2022 Motomobilia (mercat de peces, accessoris, recanvis, llibres, documentaci\u00f3, etc.)<br \/>\n\u2022 Zona de particulars (\u00e0rea de venda de motos cl\u00e0ssiques) en el Cover Corral<\/p>\n<p><strong>Zona Expositiva<\/strong>, on el que es busca \u00e9s que l&#8217;aficionat gaudeixi de la fira<br \/>\n\u2022 Exposicions monogr\u00e0fiques<br \/>\n\u2022 Estands de clubs<br \/>\n\u2022 Activitats paral\u00b7leles (concentracions, sorteigs, etc.)<br \/>\n\u2022 Estacionament de motos cl\u00e0ssiques<\/p>\n<p>La fira compta amb la garantia organitzativa d&#8217;<strong><a href=\"http:\/\/www.eventosmotor.com\/\" target=\"_blank\">Eventos del Motor<\/a><\/strong>, empresa capdavantera en de salons de vehicle d&#8217;\u00e8poca en la pen\u00ednsula ib\u00e8rica. De la seva m\u00e0 s&#8217;inauguren cada any l\u2019AutoCl\u00e1ssico de Porto (la major fira d&#8217;autom\u00f2bil cl\u00e0ssic de la pen\u00ednsula ib\u00e8rica), la Retro Cl\u00e0ssica de Bilbao, o les Retro Auto&amp;Moto de M\u00e0laga, Gal\u00edcia i Val\u00e8ncia, que juntament amb aquesta de Barcelona formen una important oferta en el sector. Aix\u00ed mateix, l&#8217;any 2017 s&#8217;encarregar\u00e0 de l\u2019Epocauto de Reus.<\/p>\n","protected":false},"excerpt":{"rendered":"<p>Clubs, aficionats, professionals del sector i propietaris de motos cl\u00e0ssiques tenen una cita ineludible aquest cap de setmana a La Farga Centre d&#8217;Activitats, a RetroMoto Barcelona, I Sal\u00f3 de la Moto d&#8217;\u00c8poca i Accessoris.<\/p>\n","protected":false},"author":1,"featured_media":4286,"comment_status":"closed","ping_status":"closed","sticky":false,"template":"","format":"standard","meta":{"_monsterinsights_skip_tracking":false,"_monsterinsights_sitenote_active":false,"_monsterinsights_sitenote_note":"","_monsterinsights_sitenote_category":0,"footnotes":""},"categories":[83],"tags":[],"class_list":["post-4285","post","type-post","status-publish","format-standard","has-post-thumbnail","hentry","category-noticies"],"yoast_head":"<!-- This site is optimized with the Yoast SEO plugin v27.5 - https:\/\/yoast.com\/product\/yoast-seo-wordpress\/ -->\n<title>El m\u00f3n de la moto cl\u00e0ssica t\u00e9 una cita a La Farga - La Farga L&#039;Hospitalet Centre d&#039;Activitats. La Farga GEM, S.A.<\/title>\n<meta name=\"description\" content=\"Clubs, aficionats, professionals del sector i propietaris de motos cl\u00e0ssiques tenen una cita a La Farga Centre d&#039;Activitats, a RetroMoto Barcelona.\" \/>\n<meta name=\"robots\" content=\"index, follow, max-snippet:-1, max-image-preview:large, max-video-preview:-1\" \/>\n<link rel=\"canonical\" href=\"https:\/\/www.lafargalhospitalet.com\/ca\/mon-moto-classica-cita-farga\/\" \/>\n<meta property=\"og:locale\" content=\"ca_ES\" \/>\n<meta property=\"og:type\" content=\"article\" \/>\n<meta property=\"og:title\" content=\"El m\u00f3n de la moto cl\u00e0ssica t\u00e9 una cita a La Farga - La Farga L&#039;Hospitalet Centre d&#039;Activitats. La Farga GEM, S.A.\" \/>\n<meta property=\"og:description\" content=\"Clubs, aficionats, professionals del sector i propietaris de motos cl\u00e0ssiques tenen una cita a La Farga Centre d&#039;Activitats, a RetroMoto Barcelona.\" \/>\n<meta property=\"og:url\" content=\"https:\/\/www.lafargalhospitalet.com\/ca\/mon-moto-classica-cita-farga\/\" \/>\n<meta property=\"og:site_name\" content=\"La Farga L&#039;Hospitalet Centre d&#039;Activitats. La Farga GEM, S.A.\" \/>\n<meta property=\"article:publisher\" content=\"https:\/\/www.facebook.com\/fargahospitalet\/\" \/>\n<meta property=\"article:published_time\" content=\"2016-09-06T14:32:50+00:00\" \/>\n<meta property=\"article:modified_time\" content=\"2025-11-03T17:29:14+00:00\" \/>\n<meta property=\"og:image\" content=\"https:\/\/www.lafargalhospitalet.com\/wp-content\/uploads\/2016\/09\/RetroMoto-LaFarga.jpg\" \/>\n\t<meta property=\"og:image:width\" content=\"730\" \/>\n\t<meta property=\"og:image:height\" content=\"410\" \/>\n\t<meta property=\"og:image:type\" content=\"image\/jpeg\" \/>\n<meta name=\"author\" content=\"La Farga Centre d&#039;Activitats\" \/>\n<meta name=\"twitter:card\" content=\"summary_large_image\" \/>\n<meta name=\"twitter:creator\" content=\"@fargahospitalet\" \/>\n<meta name=\"twitter:site\" content=\"@fargahospitalet\" \/>\n<meta name=\"twitter:label1\" content=\"Escrit per\" \/>\n\t<meta name=\"twitter:data1\" content=\"La Farga Centre d&#039;Activitats\" \/>\n\t<meta name=\"twitter:label2\" content=\"Temps estimat de lectura\" \/>\n\t<meta name=\"twitter:data2\" content=\"12 minuts\" \/>\n<script type=\"application\/ld+json\" class=\"yoast-schema-graph\">{\"@context\":\"https:\\\/\\\/schema.org\",\"@graph\":[{\"@type\":\"Article\",\"@id\":\"https:\\\/\\\/www.lafargalhospitalet.com\\\/ca\\\/mon-moto-classica-cita-farga\\\/#article\",\"isPartOf\":{\"@id\":\"https:\\\/\\\/www.lafargalhospitalet.com\\\/ca\\\/mon-moto-classica-cita-farga\\\/\"},\"author\":{\"name\":\"La Farga Centre d'Activitats\",\"@id\":\"https:\\\/\\\/www.lafargalhospitalet.com\\\/#\\\/schema\\\/person\\\/6cbac0ef7748506b167ff859e1c7f378\"},\"headline\":\"El m\u00f3n de la moto cl\u00e0ssica t\u00e9 una cita a La Farga\",\"datePublished\":\"2016-09-06T14:32:50+00:00\",\"dateModified\":\"2025-11-03T17:29:14+00:00\",\"mainEntityOfPage\":{\"@id\":\"https:\\\/\\\/www.lafargalhospitalet.com\\\/ca\\\/mon-moto-classica-cita-farga\\\/\"},\"wordCount\":2395,\"publisher\":{\"@id\":\"https:\\\/\\\/www.lafargalhospitalet.com\\\/#organization\"},\"image\":{\"@id\":\"https:\\\/\\\/www.lafargalhospitalet.com\\\/ca\\\/mon-moto-classica-cita-farga\\\/#primaryimage\"},\"thumbnailUrl\":\"https:\\\/\\\/www.lafargalhospitalet.com\\\/wp-content\\\/uploads\\\/2016\\\/09\\\/RetroMoto-LaFarga.jpg\",\"articleSection\":[\"Noticies\"],\"inLanguage\":\"ca\"},{\"@type\":\"WebPage\",\"@id\":\"https:\\\/\\\/www.lafargalhospitalet.com\\\/ca\\\/mon-moto-classica-cita-farga\\\/\",\"url\":\"https:\\\/\\\/www.lafargalhospitalet.com\\\/ca\\\/mon-moto-classica-cita-farga\\\/\",\"name\":\"El m\u00f3n de la moto cl\u00e0ssica t\u00e9 una cita a La Farga - La Farga L&#039;Hospitalet Centre d&#039;Activitats. La Farga GEM, S.A.\",\"isPartOf\":{\"@id\":\"https:\\\/\\\/www.lafargalhospitalet.com\\\/#website\"},\"primaryImageOfPage\":{\"@id\":\"https:\\\/\\\/www.lafargalhospitalet.com\\\/ca\\\/mon-moto-classica-cita-farga\\\/#primaryimage\"},\"image\":{\"@id\":\"https:\\\/\\\/www.lafargalhospitalet.com\\\/ca\\\/mon-moto-classica-cita-farga\\\/#primaryimage\"},\"thumbnailUrl\":\"https:\\\/\\\/www.lafargalhospitalet.com\\\/wp-content\\\/uploads\\\/2016\\\/09\\\/RetroMoto-LaFarga.jpg\",\"datePublished\":\"2016-09-06T14:32:50+00:00\",\"dateModified\":\"2025-11-03T17:29:14+00:00\",\"description\":\"Clubs, aficionats, professionals del sector i propietaris de motos cl\u00e0ssiques tenen una cita a La Farga Centre d'Activitats, a RetroMoto Barcelona.\",\"breadcrumb\":{\"@id\":\"https:\\\/\\\/www.lafargalhospitalet.com\\\/ca\\\/mon-moto-classica-cita-farga\\\/#breadcrumb\"},\"inLanguage\":\"ca\",\"potentialAction\":[{\"@type\":\"ReadAction\",\"target\":[\"https:\\\/\\\/www.lafargalhospitalet.com\\\/ca\\\/mon-moto-classica-cita-farga\\\/\"]}]},{\"@type\":\"ImageObject\",\"inLanguage\":\"ca\",\"@id\":\"https:\\\/\\\/www.lafargalhospitalet.com\\\/ca\\\/mon-moto-classica-cita-farga\\\/#primaryimage\",\"url\":\"https:\\\/\\\/www.lafargalhospitalet.com\\\/wp-content\\\/uploads\\\/2016\\\/09\\\/RetroMoto-LaFarga.jpg\",\"contentUrl\":\"https:\\\/\\\/www.lafargalhospitalet.com\\\/wp-content\\\/uploads\\\/2016\\\/09\\\/RetroMoto-LaFarga.jpg\",\"width\":730,\"height\":410,\"caption\":\"RetroMoto La Farga\"},{\"@type\":\"BreadcrumbList\",\"@id\":\"https:\\\/\\\/www.lafargalhospitalet.com\\\/ca\\\/mon-moto-classica-cita-farga\\\/#breadcrumb\",\"itemListElement\":[{\"@type\":\"ListItem\",\"position\":1,\"name\":\"Portada\",\"item\":\"https:\\\/\\\/www.lafargalhospitalet.com\\\/\"},{\"@type\":\"ListItem\",\"position\":2,\"name\":\"El m\u00f3n de la moto cl\u00e0ssica t\u00e9 una cita a La Farga\"}]},{\"@type\":\"WebSite\",\"@id\":\"https:\\\/\\\/www.lafargalhospitalet.com\\\/#website\",\"url\":\"https:\\\/\\\/www.lafargalhospitalet.com\\\/\",\"name\":\"La Farga L'Hospitalet Centre d'Activitats. La Farga GEM, S.A.\",\"description\":\"La Farga L&#039;Hospitalet Centre d&#039;Activitats. Gestionat per La Farga GEM, S.A. Fires i Congressos. Concerts, exposicions, reunions, filmacions, sopars de gala.\",\"publisher\":{\"@id\":\"https:\\\/\\\/www.lafargalhospitalet.com\\\/#organization\"},\"potentialAction\":[{\"@type\":\"SearchAction\",\"target\":{\"@type\":\"EntryPoint\",\"urlTemplate\":\"https:\\\/\\\/www.lafargalhospitalet.com\\\/?s={search_term_string}\"},\"query-input\":{\"@type\":\"PropertyValueSpecification\",\"valueRequired\":true,\"valueName\":\"search_term_string\"}}],\"inLanguage\":\"ca\"},{\"@type\":\"Organization\",\"@id\":\"https:\\\/\\\/www.lafargalhospitalet.com\\\/#organization\",\"name\":\"La Farga L'Hospitalet Centre d'Activitats. La Farga GEM, S.A.\",\"url\":\"https:\\\/\\\/www.lafargalhospitalet.com\\\/\",\"logo\":{\"@type\":\"ImageObject\",\"inLanguage\":\"ca\",\"@id\":\"https:\\\/\\\/www.lafargalhospitalet.com\\\/#\\\/schema\\\/logo\\\/image\\\/\",\"url\":\"https:\\\/\\\/www.lafargalhospitalet.com\\\/wp-content\\\/uploads\\\/2025\\\/10\\\/logotipo_lafarga_centre_activitats.png\",\"contentUrl\":\"https:\\\/\\\/www.lafargalhospitalet.com\\\/wp-content\\\/uploads\\\/2025\\\/10\\\/logotipo_lafarga_centre_activitats.png\",\"width\":266,\"height\":101,\"caption\":\"La Farga L'Hospitalet Centre d'Activitats. La Farga GEM, S.A.\"},\"image\":{\"@id\":\"https:\\\/\\\/www.lafargalhospitalet.com\\\/#\\\/schema\\\/logo\\\/image\\\/\"},\"sameAs\":[\"https:\\\/\\\/www.facebook.com\\\/fargahospitalet\\\/\",\"https:\\\/\\\/x.com\\\/fargahospitalet\",\"https:\\\/\\\/www.instagram.com\\\/lafargahospitalet\\\/\",\"https:\\\/\\\/www.youtube.com\\\/channel\\\/UCoLt6hen3PqGXgbLMGI3Qdw\",\"https:\\\/\\\/www.flickr.com\\\/photos\\\/lafargagemsa\\\/albums\"]},{\"@type\":\"Person\",\"@id\":\"https:\\\/\\\/www.lafargalhospitalet.com\\\/#\\\/schema\\\/person\\\/6cbac0ef7748506b167ff859e1c7f378\",\"name\":\"La Farga Centre d'Activitats\",\"sameAs\":[\"https:\\\/\\\/www.lafargalhospitalet.com\"],\"url\":\"https:\\\/\\\/www.lafargalhospitalet.com\\\/ca\\\/author\\\/far25gmin\\\/\"}]}<\/script>\n<!-- \/ Yoast SEO plugin. -->","yoast_head_json":{"title":"El m\u00f3n de la moto cl\u00e0ssica t\u00e9 una cita a La Farga - La Farga L&#039;Hospitalet Centre d&#039;Activitats. La Farga GEM, S.A.","description":"Clubs, aficionats, professionals del sector i propietaris de motos cl\u00e0ssiques tenen una cita a La Farga Centre d'Activitats, a RetroMoto Barcelona.","robots":{"index":"index","follow":"follow","max-snippet":"max-snippet:-1","max-image-preview":"max-image-preview:large","max-video-preview":"max-video-preview:-1"},"canonical":"https:\/\/www.lafargalhospitalet.com\/ca\/mon-moto-classica-cita-farga\/","og_locale":"ca_ES","og_type":"article","og_title":"El m\u00f3n de la moto cl\u00e0ssica t\u00e9 una cita a La Farga - La Farga L&#039;Hospitalet Centre d&#039;Activitats. La Farga GEM, S.A.","og_description":"Clubs, aficionats, professionals del sector i propietaris de motos cl\u00e0ssiques tenen una cita a La Farga Centre d'Activitats, a RetroMoto Barcelona.","og_url":"https:\/\/www.lafargalhospitalet.com\/ca\/mon-moto-classica-cita-farga\/","og_site_name":"La Farga L&#039;Hospitalet Centre d&#039;Activitats. La Farga GEM, S.A.","article_publisher":"https:\/\/www.facebook.com\/fargahospitalet\/","article_published_time":"2016-09-06T14:32:50+00:00","article_modified_time":"2025-11-03T17:29:14+00:00","og_image":[{"width":730,"height":410,"url":"https:\/\/www.lafargalhospitalet.com\/wp-content\/uploads\/2016\/09\/RetroMoto-LaFarga.jpg","type":"image\/jpeg"}],"author":"La Farga Centre d'Activitats","twitter_card":"summary_large_image","twitter_creator":"@fargahospitalet","twitter_site":"@fargahospitalet","twitter_misc":{"Escrit per":"La Farga Centre d'Activitats","Temps estimat de lectura":"12 minuts"},"schema":{"@context":"https:\/\/schema.org","@graph":[{"@type":"Article","@id":"https:\/\/www.lafargalhospitalet.com\/ca\/mon-moto-classica-cita-farga\/#article","isPartOf":{"@id":"https:\/\/www.lafargalhospitalet.com\/ca\/mon-moto-classica-cita-farga\/"},"author":{"name":"La Farga Centre d'Activitats","@id":"https:\/\/www.lafargalhospitalet.com\/#\/schema\/person\/6cbac0ef7748506b167ff859e1c7f378"},"headline":"El m\u00f3n de la moto cl\u00e0ssica t\u00e9 una cita a La Farga","datePublished":"2016-09-06T14:32:50+00:00","dateModified":"2025-11-03T17:29:14+00:00","mainEntityOfPage":{"@id":"https:\/\/www.lafargalhospitalet.com\/ca\/mon-moto-classica-cita-farga\/"},"wordCount":2395,"publisher":{"@id":"https:\/\/www.lafargalhospitalet.com\/#organization"},"image":{"@id":"https:\/\/www.lafargalhospitalet.com\/ca\/mon-moto-classica-cita-farga\/#primaryimage"},"thumbnailUrl":"https:\/\/www.lafargalhospitalet.com\/wp-content\/uploads\/2016\/09\/RetroMoto-LaFarga.jpg","articleSection":["Noticies"],"inLanguage":"ca"},{"@type":"WebPage","@id":"https:\/\/www.lafargalhospitalet.com\/ca\/mon-moto-classica-cita-farga\/","url":"https:\/\/www.lafargalhospitalet.com\/ca\/mon-moto-classica-cita-farga\/","name":"El m\u00f3n de la moto cl\u00e0ssica t\u00e9 una cita a La Farga - La Farga L&#039;Hospitalet Centre d&#039;Activitats. La Farga GEM, S.A.","isPartOf":{"@id":"https:\/\/www.lafargalhospitalet.com\/#website"},"primaryImageOfPage":{"@id":"https:\/\/www.lafargalhospitalet.com\/ca\/mon-moto-classica-cita-farga\/#primaryimage"},"image":{"@id":"https:\/\/www.lafargalhospitalet.com\/ca\/mon-moto-classica-cita-farga\/#primaryimage"},"thumbnailUrl":"https:\/\/www.lafargalhospitalet.com\/wp-content\/uploads\/2016\/09\/RetroMoto-LaFarga.jpg","datePublished":"2016-09-06T14:32:50+00:00","dateModified":"2025-11-03T17:29:14+00:00","description":"Clubs, aficionats, professionals del sector i propietaris de motos cl\u00e0ssiques tenen una cita a La Farga Centre d'Activitats, a RetroMoto Barcelona.","breadcrumb":{"@id":"https:\/\/www.lafargalhospitalet.com\/ca\/mon-moto-classica-cita-farga\/#breadcrumb"},"inLanguage":"ca","potentialAction":[{"@type":"ReadAction","target":["https:\/\/www.lafargalhospitalet.com\/ca\/mon-moto-classica-cita-farga\/"]}]},{"@type":"ImageObject","inLanguage":"ca","@id":"https:\/\/www.lafargalhospitalet.com\/ca\/mon-moto-classica-cita-farga\/#primaryimage","url":"https:\/\/www.lafargalhospitalet.com\/wp-content\/uploads\/2016\/09\/RetroMoto-LaFarga.jpg","contentUrl":"https:\/\/www.lafargalhospitalet.com\/wp-content\/uploads\/2016\/09\/RetroMoto-LaFarga.jpg","width":730,"height":410,"caption":"RetroMoto La Farga"},{"@type":"BreadcrumbList","@id":"https:\/\/www.lafargalhospitalet.com\/ca\/mon-moto-classica-cita-farga\/#breadcrumb","itemListElement":[{"@type":"ListItem","position":1,"name":"Portada","item":"https:\/\/www.lafargalhospitalet.com\/"},{"@type":"ListItem","position":2,"name":"El m\u00f3n de la moto cl\u00e0ssica t\u00e9 una cita a La Farga"}]},{"@type":"WebSite","@id":"https:\/\/www.lafargalhospitalet.com\/#website","url":"https:\/\/www.lafargalhospitalet.com\/","name":"La Farga L'Hospitalet Centre d'Activitats. La Farga GEM, S.A.","description":"La Farga L&#039;Hospitalet Centre d&#039;Activitats. Gestionat per La Farga GEM, S.A. Fires i Congressos. Concerts, exposicions, reunions, filmacions, sopars de gala.","publisher":{"@id":"https:\/\/www.lafargalhospitalet.com\/#organization"},"potentialAction":[{"@type":"SearchAction","target":{"@type":"EntryPoint","urlTemplate":"https:\/\/www.lafargalhospitalet.com\/?s={search_term_string}"},"query-input":{"@type":"PropertyValueSpecification","valueRequired":true,"valueName":"search_term_string"}}],"inLanguage":"ca"},{"@type":"Organization","@id":"https:\/\/www.lafargalhospitalet.com\/#organization","name":"La Farga L'Hospitalet Centre d'Activitats. La Farga GEM, S.A.","url":"https:\/\/www.lafargalhospitalet.com\/","logo":{"@type":"ImageObject","inLanguage":"ca","@id":"https:\/\/www.lafargalhospitalet.com\/#\/schema\/logo\/image\/","url":"https:\/\/www.lafargalhospitalet.com\/wp-content\/uploads\/2025\/10\/logotipo_lafarga_centre_activitats.png","contentUrl":"https:\/\/www.lafargalhospitalet.com\/wp-content\/uploads\/2025\/10\/logotipo_lafarga_centre_activitats.png","width":266,"height":101,"caption":"La Farga L'Hospitalet Centre d'Activitats. La Farga GEM, S.A."},"image":{"@id":"https:\/\/www.lafargalhospitalet.com\/#\/schema\/logo\/image\/"},"sameAs":["https:\/\/www.facebook.com\/fargahospitalet\/","https:\/\/x.com\/fargahospitalet","https:\/\/www.instagram.com\/lafargahospitalet\/","https:\/\/www.youtube.com\/channel\/UCoLt6hen3PqGXgbLMGI3Qdw","https:\/\/www.flickr.com\/photos\/lafargagemsa\/albums"]},{"@type":"Person","@id":"https:\/\/www.lafargalhospitalet.com\/#\/schema\/person\/6cbac0ef7748506b167ff859e1c7f378","name":"La Farga Centre d'Activitats","sameAs":["https:\/\/www.lafargalhospitalet.com"],"url":"https:\/\/www.lafargalhospitalet.com\/ca\/author\/far25gmin\/"}]}},"_links":{"self":[{"href":"https:\/\/www.lafargalhospitalet.com\/ca\/wp-json\/wp\/v2\/posts\/4285","targetHints":{"allow":["GET"]}}],"collection":[{"href":"https:\/\/www.lafargalhospitalet.com\/ca\/wp-json\/wp\/v2\/posts"}],"about":[{"href":"https:\/\/www.lafargalhospitalet.com\/ca\/wp-json\/wp\/v2\/types\/post"}],"author":[{"embeddable":true,"href":"https:\/\/www.lafargalhospitalet.com\/ca\/wp-json\/wp\/v2\/users\/1"}],"replies":[{"embeddable":true,"href":"https:\/\/www.lafargalhospitalet.com\/ca\/wp-json\/wp\/v2\/comments?post=4285"}],"version-history":[{"count":0,"href":"https:\/\/www.lafargalhospitalet.com\/ca\/wp-json\/wp\/v2\/posts\/4285\/revisions"}],"wp:featuredmedia":[{"embeddable":true,"href":"https:\/\/www.lafargalhospitalet.com\/ca\/wp-json\/wp\/v2\/media\/4286"}],"wp:attachment":[{"href":"https:\/\/www.lafargalhospitalet.com\/ca\/wp-json\/wp\/v2\/media?parent=4285"}],"wp:term":[{"taxonomy":"category","embeddable":true,"href":"https:\/\/www.lafargalhospitalet.com\/ca\/wp-json\/wp\/v2\/categories?post=4285"},{"taxonomy":"post_tag","embeddable":true,"href":"https:\/\/www.lafargalhospitalet.com\/ca\/wp-json\/wp\/v2\/tags?post=4285"}],"curies":[{"name":"wp","href":"https:\/\/api.w.org\/{rel}","templated":true}]}}