{"id":4296,"date":"2016-09-10T12:30:17","date_gmt":"2016-09-10T11:30:17","guid":{"rendered":"http:\/\/www.lafargalhospitalet.com\/?p=4296"},"modified":"2025-11-03T18:29:14","modified_gmt":"2025-11-03T17:29:14","slug":"pere-pi-rep-homenatge-la-farga","status":"publish","type":"post","link":"https:\/\/www.lafargalhospitalet.com\/ca\/pere-pi-rep-homenatge-la-farga\/","title":{"rendered":"Pere Pi rep un c\u00e0lid homenatge a La Farga"},"content":{"rendered":"<h5>Obre les portes RetroMoto, fins diumenge a La Farga<\/h5>\n<p>El <strong><a href=\"https:\/\/www.lafargalhospitalet.com\/mon-moto-classica-cita-farga\/\" target=\"_blank\">Sal\u00f3 RetroMoto Barcelona<\/a><\/strong> ha obert les seves portes a La Farga Centre d&#8217;Activitats i ho ha fet tamb\u00e9 amb l&#8217;homenatge a l&#8217;ex-pilot catal\u00e0 Pere Pi i Parera, \u00fanic campi\u00f3 d&#8217;Espanya en tres disciplines diferents, Velocitat, Trial i Motocr\u00f2s.<\/p>\n<p>El director de l&#8217;esdeveniment i d&#8217;<strong><a href=\"http:\/\/www.eventosmotor.com\/\" target=\"_blank\">Eventos del Motor<\/a><\/strong>, <strong>Jos\u00e9 Enrique Elvira<\/strong>, ha destacat en la inauguraci\u00f3 que <em>&#8220;la import\u00e0ncia que viu avui el m\u00f3n de la motocicleta cl\u00e0ssica, ja que aquest certamen monogr\u00e0fic \u00e9s pioner a Espanya&#8221;<\/em>, explicant que sempre s&#8217;han organitzat fires de cotxes i motos.<\/p>\n<p>Elvira ha afegit que RetroMoto Barcelona exhibeix motos m\u00edtiques i exclusives, <em>&#8220;que mai es podran contemplar aix\u00ed reunides, en una mostra d&#8217;aquest calibre&#8221;<\/em>, si b\u00e9 tamb\u00e9 ha recordat que a m\u00e9s <em>&#8220;\u00e9s un espai comercial, on comprar una moto cl\u00e0ssica o peces, recanvis o records&#8221;<\/em>.<\/p>\n<p>Ha presidit l&#8217;acte d&#8217;inauguraci\u00f3 el president de La Farga, GEMSA, <strong>Jos\u00e9 Mar\u00eda Garc\u00eda Mompel<\/strong>, que ha ressaltat <em>&#8220;la tradici\u00f3 existent a L&#8217;Hospitalet amb la motocicleta&#8221;<\/em> i s&#8217;ha mostrat conven\u00e7ut <em>&#8220;de la continu\u00eftat d&#8217;aquest tipus de fires i activitats, aix\u00ed com l&#8217;activitat econ\u00f2mica que es genera al voltant de les mateixes&#8221;.<\/em><\/p>\n<p>Al final, el Secretari General de l&#8217;Esport de la Generalitat, <strong>Gerard Figueras<\/strong>, ha lliurat una placa d&#8217;homenatge a l&#8217;ex-pilot Pere Pi, destacant abans que <em>&#8220;ja els primers abanderats catalans de les carreres comptaven amb una ind\u00fastria que identificava aquesta terra com un lloc especial per a les motos&#8221;<\/em>.<\/p>\n<p><strong>Pere Pi<\/strong> ha viscut un emotiu moment en el seu estand, un espai que allotja les seves motos, fotografies de diferents proves en qu\u00e8 va participar i records personals diversos, aix\u00ed com trofeus. Ha intervingut per recordar alguns dels seus triomfs i s&#8217;ha mostrat <em>&#8220;molt agra\u00eft a l&#8217;organitzador per l&#8217;homenatge, aix\u00ed com a les autoritats presents&#8221;<\/em>.<\/p>\n<h5>Arrenca l&#8217;activitat comercial<\/h5>\n<p>Amb entrades a 8 euros, que es queden en 4 euros si s&#8217;entra amb una moto cl\u00e0ssica, els aficionats han entrat des de primera hora a contemplar l&#8217;\u00e0mplia oferta lligada al motociclisme cl\u00e0ssic en aquest certamen, amb una s\u00e8rie d&#8217;estands amb peces exclusives en exposici\u00f3, com la primera moto fabricada a Espanya, a l&#8217;estand del mNACTEC; o el SRS, marca de la qual va derivar Derbi, a l&#8217;espai del Museu Isern de la Moto.<\/p>\n<p>Tamb\u00e9 t\u00e9 gran tirada l&#8217;espai amb la retrospectiva de Montesa Cota; aix\u00ed com la presentaci\u00f3 del prototip d&#8217;Impala 3, una exclusiva de la fira, o l&#8217;espai amb motos campiones de velocitat, entre elles una d&#8217;Eddie Lawson.<\/p>\n<p>L&#8217;animaci\u00f3 ha arribat tamb\u00e9 a la zona de mercat ja que nombrosos propietaris de motos antigues aprofiten per buscar peces o records entre els abundants expositors, sense oblidar que hi ha nombrosos models de motos cl\u00e0ssiques a la venda, com diverses Vespes, alguna Harley Davidson o altres com Ossa Motoball 250 DR, Montesa Cappra 250 GP 53m, Bultaco Astro, o BMW RS, entre d&#8217;altres coneguts models.<\/p>\n<h5>Dissabte, concentracions de Harley Davidson i d&#8217;Impala<\/h5>\n<p>El certamen compta amb l&#8217;al\u00b7licient d&#8217;un aparcament gratu\u00eft i vigilat, reservat als que van amb motos cl\u00e0ssiques, que queden en exposici\u00f3 cada jornada, de manera que puguin ser contemplades per tot el p\u00fablic, com ja ha passat aquesta tarda de divendres.<\/p>\n<p>Dissabte ser\u00e0 una jornada de gran activitat amb les concentracions concertades de Harley Davidson i d&#8217;Impala, ja que l&#8217;estacionament ser\u00e0 una gran zona d&#8217;admiraci\u00f3, al quedar exposades per als amants d&#8217;aquests models i el p\u00fablic en general.<\/p>\n<p>Aix\u00ed mateix, en aquesta jornada els aficionats podran contemplar dos concerts de blues el\u00e8ctric, a c\u00e0rrec de The Walking Stick Man, un a les 12,00 hores i un altre a les 17,00 hores. Envoltat de motos cl\u00e0ssiques, actuar\u00e0 amb un equip vintage original de l&#8217;\u00e8poca, que embolcallar\u00e0 la fira amb el genu\u00ed so de les v\u00e0lvules tal com sonaven en els cinquanta.<\/p>\n","protected":false},"excerpt":{"rendered":"<p>El Sal\u00f3 RetroMoto Barcelona ha obert les seves portes a La Farga Centre d&#8217;Activitats i ho ha fet tamb\u00e9 amb l&#8217;homenatge a l&#8217;ex-pilot catal\u00e0 Pere Pi i Parera.<\/p>\n","protected":false},"author":1,"featured_media":4297,"comment_status":"closed","ping_status":"closed","sticky":false,"template":"","format":"standard","meta":{"_monsterinsights_skip_tracking":false,"_monsterinsights_sitenote_active":false,"_monsterinsights_sitenote_note":"","_monsterinsights_sitenote_category":0,"footnotes":""},"categories":[83],"tags":[],"class_list":["post-4296","post","type-post","status-publish","format-standard","has-post-thumbnail","hentry","category-noticies"],"yoast_head":"<!-- This site is optimized with the Yoast SEO plugin v27.5 - https:\/\/yoast.com\/product\/yoast-seo-wordpress\/ -->\n<title>Pere Pi rep un c\u00e0lid homenatge a La Farga - La Farga L&#039;Hospitalet Centre d&#039;Activitats. La Farga GEM, S.A.<\/title>\n<meta name=\"description\" content=\"El Sal\u00f3 RetroMoto Barcelona ha obert les seves portes a La Farga Centre d&#039;Activitats i ho ha fet tamb\u00e9 amb l&#039;homenatge a l&#039;ex-pilot catal\u00e0 Pere Pi i Parera.\" \/>\n<meta name=\"robots\" content=\"index, follow, max-snippet:-1, max-image-preview:large, max-video-preview:-1\" \/>\n<link rel=\"canonical\" href=\"https:\/\/www.lafargalhospitalet.com\/ca\/pere-pi-rep-homenatge-la-farga\/\" \/>\n<meta property=\"og:locale\" content=\"ca_ES\" \/>\n<meta property=\"og:type\" content=\"article\" \/>\n<meta property=\"og:title\" content=\"Pere Pi rep un c\u00e0lid homenatge a La Farga - La Farga L&#039;Hospitalet Centre d&#039;Activitats. La Farga GEM, S.A.\" \/>\n<meta property=\"og:description\" content=\"El Sal\u00f3 RetroMoto Barcelona ha obert les seves portes a La Farga Centre d&#039;Activitats i ho ha fet tamb\u00e9 amb l&#039;homenatge a l&#039;ex-pilot catal\u00e0 Pere Pi i Parera.\" \/>\n<meta property=\"og:url\" content=\"https:\/\/www.lafargalhospitalet.com\/ca\/pere-pi-rep-homenatge-la-farga\/\" \/>\n<meta property=\"og:site_name\" content=\"La Farga L&#039;Hospitalet Centre d&#039;Activitats. La Farga GEM, S.A.\" \/>\n<meta property=\"article:publisher\" content=\"https:\/\/www.facebook.com\/fargahospitalet\/\" \/>\n<meta property=\"article:published_time\" content=\"2016-09-10T11:30:17+00:00\" \/>\n<meta property=\"article:modified_time\" content=\"2025-11-03T17:29:14+00:00\" \/>\n<meta property=\"og:image\" content=\"https:\/\/www.lafargalhospitalet.com\/wp-content\/uploads\/2016\/09\/Pere-Pi-La-Farga.jpg\" \/>\n\t<meta property=\"og:image:width\" content=\"730\" \/>\n\t<meta property=\"og:image:height\" content=\"410\" \/>\n\t<meta property=\"og:image:type\" content=\"image\/jpeg\" \/>\n<meta name=\"author\" content=\"La Farga Centre d&#039;Activitats\" \/>\n<meta name=\"twitter:card\" content=\"summary_large_image\" \/>\n<meta name=\"twitter:creator\" content=\"@fargahospitalet\" \/>\n<meta name=\"twitter:site\" content=\"@fargahospitalet\" \/>\n<meta name=\"twitter:label1\" content=\"Escrit per\" \/>\n\t<meta name=\"twitter:data1\" content=\"La Farga Centre d&#039;Activitats\" \/>\n\t<meta name=\"twitter:label2\" content=\"Temps estimat de lectura\" \/>\n\t<meta name=\"twitter:data2\" content=\"3 minuts\" \/>\n<script type=\"application\/ld+json\" class=\"yoast-schema-graph\">{\"@context\":\"https:\\\/\\\/schema.org\",\"@graph\":[{\"@type\":\"Article\",\"@id\":\"https:\\\/\\\/www.lafargalhospitalet.com\\\/ca\\\/pere-pi-rep-homenatge-la-farga\\\/#article\",\"isPartOf\":{\"@id\":\"https:\\\/\\\/www.lafargalhospitalet.com\\\/ca\\\/pere-pi-rep-homenatge-la-farga\\\/\"},\"author\":{\"name\":\"La Farga Centre d'Activitats\",\"@id\":\"https:\\\/\\\/www.lafargalhospitalet.com\\\/#\\\/schema\\\/person\\\/6cbac0ef7748506b167ff859e1c7f378\"},\"headline\":\"Pere Pi rep un c\u00e0lid homenatge a La Farga\",\"datePublished\":\"2016-09-10T11:30:17+00:00\",\"dateModified\":\"2025-11-03T17:29:14+00:00\",\"mainEntityOfPage\":{\"@id\":\"https:\\\/\\\/www.lafargalhospitalet.com\\\/ca\\\/pere-pi-rep-homenatge-la-farga\\\/\"},\"wordCount\":691,\"publisher\":{\"@id\":\"https:\\\/\\\/www.lafargalhospitalet.com\\\/#organization\"},\"image\":{\"@id\":\"https:\\\/\\\/www.lafargalhospitalet.com\\\/ca\\\/pere-pi-rep-homenatge-la-farga\\\/#primaryimage\"},\"thumbnailUrl\":\"https:\\\/\\\/www.lafargalhospitalet.com\\\/wp-content\\\/uploads\\\/2016\\\/09\\\/Pere-Pi-La-Farga.jpg\",\"articleSection\":[\"Noticies\"],\"inLanguage\":\"ca\"},{\"@type\":\"WebPage\",\"@id\":\"https:\\\/\\\/www.lafargalhospitalet.com\\\/ca\\\/pere-pi-rep-homenatge-la-farga\\\/\",\"url\":\"https:\\\/\\\/www.lafargalhospitalet.com\\\/ca\\\/pere-pi-rep-homenatge-la-farga\\\/\",\"name\":\"Pere Pi rep un c\u00e0lid homenatge a La Farga - La Farga L&#039;Hospitalet Centre d&#039;Activitats. La Farga GEM, S.A.\",\"isPartOf\":{\"@id\":\"https:\\\/\\\/www.lafargalhospitalet.com\\\/#website\"},\"primaryImageOfPage\":{\"@id\":\"https:\\\/\\\/www.lafargalhospitalet.com\\\/ca\\\/pere-pi-rep-homenatge-la-farga\\\/#primaryimage\"},\"image\":{\"@id\":\"https:\\\/\\\/www.lafargalhospitalet.com\\\/ca\\\/pere-pi-rep-homenatge-la-farga\\\/#primaryimage\"},\"thumbnailUrl\":\"https:\\\/\\\/www.lafargalhospitalet.com\\\/wp-content\\\/uploads\\\/2016\\\/09\\\/Pere-Pi-La-Farga.jpg\",\"datePublished\":\"2016-09-10T11:30:17+00:00\",\"dateModified\":\"2025-11-03T17:29:14+00:00\",\"description\":\"El Sal\u00f3 RetroMoto Barcelona ha obert les seves portes a La Farga Centre d'Activitats i ho ha fet tamb\u00e9 amb l'homenatge a l'ex-pilot catal\u00e0 Pere Pi i Parera.\",\"breadcrumb\":{\"@id\":\"https:\\\/\\\/www.lafargalhospitalet.com\\\/ca\\\/pere-pi-rep-homenatge-la-farga\\\/#breadcrumb\"},\"inLanguage\":\"ca\",\"potentialAction\":[{\"@type\":\"ReadAction\",\"target\":[\"https:\\\/\\\/www.lafargalhospitalet.com\\\/ca\\\/pere-pi-rep-homenatge-la-farga\\\/\"]}]},{\"@type\":\"ImageObject\",\"inLanguage\":\"ca\",\"@id\":\"https:\\\/\\\/www.lafargalhospitalet.com\\\/ca\\\/pere-pi-rep-homenatge-la-farga\\\/#primaryimage\",\"url\":\"https:\\\/\\\/www.lafargalhospitalet.com\\\/wp-content\\\/uploads\\\/2016\\\/09\\\/Pere-Pi-La-Farga.jpg\",\"contentUrl\":\"https:\\\/\\\/www.lafargalhospitalet.com\\\/wp-content\\\/uploads\\\/2016\\\/09\\\/Pere-Pi-La-Farga.jpg\",\"width\":730,\"height\":410,\"caption\":\"Pere Pi-La-Farga\"},{\"@type\":\"BreadcrumbList\",\"@id\":\"https:\\\/\\\/www.lafargalhospitalet.com\\\/ca\\\/pere-pi-rep-homenatge-la-farga\\\/#breadcrumb\",\"itemListElement\":[{\"@type\":\"ListItem\",\"position\":1,\"name\":\"Portada\",\"item\":\"https:\\\/\\\/www.lafargalhospitalet.com\\\/\"},{\"@type\":\"ListItem\",\"position\":2,\"name\":\"Pere Pi rep un c\u00e0lid homenatge a La Farga\"}]},{\"@type\":\"WebSite\",\"@id\":\"https:\\\/\\\/www.lafargalhospitalet.com\\\/#website\",\"url\":\"https:\\\/\\\/www.lafargalhospitalet.com\\\/\",\"name\":\"La Farga L'Hospitalet Centre d'Activitats. La Farga GEM, S.A.\",\"description\":\"La Farga L&#039;Hospitalet Centre d&#039;Activitats. Gestionat per La Farga GEM, S.A. Fires i Congressos. Concerts, exposicions, reunions, filmacions, sopars de gala.\",\"publisher\":{\"@id\":\"https:\\\/\\\/www.lafargalhospitalet.com\\\/#organization\"},\"potentialAction\":[{\"@type\":\"SearchAction\",\"target\":{\"@type\":\"EntryPoint\",\"urlTemplate\":\"https:\\\/\\\/www.lafargalhospitalet.com\\\/?s={search_term_string}\"},\"query-input\":{\"@type\":\"PropertyValueSpecification\",\"valueRequired\":true,\"valueName\":\"search_term_string\"}}],\"inLanguage\":\"ca\"},{\"@type\":\"Organization\",\"@id\":\"https:\\\/\\\/www.lafargalhospitalet.com\\\/#organization\",\"name\":\"La Farga L'Hospitalet Centre d'Activitats. La Farga GEM, S.A.\",\"url\":\"https:\\\/\\\/www.lafargalhospitalet.com\\\/\",\"logo\":{\"@type\":\"ImageObject\",\"inLanguage\":\"ca\",\"@id\":\"https:\\\/\\\/www.lafargalhospitalet.com\\\/#\\\/schema\\\/logo\\\/image\\\/\",\"url\":\"https:\\\/\\\/www.lafargalhospitalet.com\\\/wp-content\\\/uploads\\\/2025\\\/10\\\/logotipo_lafarga_centre_activitats.png\",\"contentUrl\":\"https:\\\/\\\/www.lafargalhospitalet.com\\\/wp-content\\\/uploads\\\/2025\\\/10\\\/logotipo_lafarga_centre_activitats.png\",\"width\":266,\"height\":101,\"caption\":\"La Farga L'Hospitalet Centre d'Activitats. La Farga GEM, S.A.\"},\"image\":{\"@id\":\"https:\\\/\\\/www.lafargalhospitalet.com\\\/#\\\/schema\\\/logo\\\/image\\\/\"},\"sameAs\":[\"https:\\\/\\\/www.facebook.com\\\/fargahospitalet\\\/\",\"https:\\\/\\\/x.com\\\/fargahospitalet\",\"https:\\\/\\\/www.instagram.com\\\/lafargahospitalet\\\/\",\"https:\\\/\\\/www.youtube.com\\\/channel\\\/UCoLt6hen3PqGXgbLMGI3Qdw\",\"https:\\\/\\\/www.flickr.com\\\/photos\\\/lafargagemsa\\\/albums\"]},{\"@type\":\"Person\",\"@id\":\"https:\\\/\\\/www.lafargalhospitalet.com\\\/#\\\/schema\\\/person\\\/6cbac0ef7748506b167ff859e1c7f378\",\"name\":\"La Farga Centre d'Activitats\",\"sameAs\":[\"https:\\\/\\\/www.lafargalhospitalet.com\"],\"url\":\"https:\\\/\\\/www.lafargalhospitalet.com\\\/ca\\\/author\\\/far25gmin\\\/\"}]}<\/script>\n<!-- \/ Yoast SEO plugin. -->","yoast_head_json":{"title":"Pere Pi rep un c\u00e0lid homenatge a La Farga - La Farga L&#039;Hospitalet Centre d&#039;Activitats. La Farga GEM, S.A.","description":"El Sal\u00f3 RetroMoto Barcelona ha obert les seves portes a La Farga Centre d'Activitats i ho ha fet tamb\u00e9 amb l'homenatge a l'ex-pilot catal\u00e0 Pere Pi i Parera.","robots":{"index":"index","follow":"follow","max-snippet":"max-snippet:-1","max-image-preview":"max-image-preview:large","max-video-preview":"max-video-preview:-1"},"canonical":"https:\/\/www.lafargalhospitalet.com\/ca\/pere-pi-rep-homenatge-la-farga\/","og_locale":"ca_ES","og_type":"article","og_title":"Pere Pi rep un c\u00e0lid homenatge a La Farga - La Farga L&#039;Hospitalet Centre d&#039;Activitats. La Farga GEM, S.A.","og_description":"El Sal\u00f3 RetroMoto Barcelona ha obert les seves portes a La Farga Centre d'Activitats i ho ha fet tamb\u00e9 amb l'homenatge a l'ex-pilot catal\u00e0 Pere Pi i Parera.","og_url":"https:\/\/www.lafargalhospitalet.com\/ca\/pere-pi-rep-homenatge-la-farga\/","og_site_name":"La Farga L&#039;Hospitalet Centre d&#039;Activitats. La Farga GEM, S.A.","article_publisher":"https:\/\/www.facebook.com\/fargahospitalet\/","article_published_time":"2016-09-10T11:30:17+00:00","article_modified_time":"2025-11-03T17:29:14+00:00","og_image":[{"width":730,"height":410,"url":"https:\/\/www.lafargalhospitalet.com\/wp-content\/uploads\/2016\/09\/Pere-Pi-La-Farga.jpg","type":"image\/jpeg"}],"author":"La Farga Centre d'Activitats","twitter_card":"summary_large_image","twitter_creator":"@fargahospitalet","twitter_site":"@fargahospitalet","twitter_misc":{"Escrit per":"La Farga Centre d'Activitats","Temps estimat de lectura":"3 minuts"},"schema":{"@context":"https:\/\/schema.org","@graph":[{"@type":"Article","@id":"https:\/\/www.lafargalhospitalet.com\/ca\/pere-pi-rep-homenatge-la-farga\/#article","isPartOf":{"@id":"https:\/\/www.lafargalhospitalet.com\/ca\/pere-pi-rep-homenatge-la-farga\/"},"author":{"name":"La Farga Centre d'Activitats","@id":"https:\/\/www.lafargalhospitalet.com\/#\/schema\/person\/6cbac0ef7748506b167ff859e1c7f378"},"headline":"Pere Pi rep un c\u00e0lid homenatge a La Farga","datePublished":"2016-09-10T11:30:17+00:00","dateModified":"2025-11-03T17:29:14+00:00","mainEntityOfPage":{"@id":"https:\/\/www.lafargalhospitalet.com\/ca\/pere-pi-rep-homenatge-la-farga\/"},"wordCount":691,"publisher":{"@id":"https:\/\/www.lafargalhospitalet.com\/#organization"},"image":{"@id":"https:\/\/www.lafargalhospitalet.com\/ca\/pere-pi-rep-homenatge-la-farga\/#primaryimage"},"thumbnailUrl":"https:\/\/www.lafargalhospitalet.com\/wp-content\/uploads\/2016\/09\/Pere-Pi-La-Farga.jpg","articleSection":["Noticies"],"inLanguage":"ca"},{"@type":"WebPage","@id":"https:\/\/www.lafargalhospitalet.com\/ca\/pere-pi-rep-homenatge-la-farga\/","url":"https:\/\/www.lafargalhospitalet.com\/ca\/pere-pi-rep-homenatge-la-farga\/","name":"Pere Pi rep un c\u00e0lid homenatge a La Farga - La Farga L&#039;Hospitalet Centre d&#039;Activitats. La Farga GEM, S.A.","isPartOf":{"@id":"https:\/\/www.lafargalhospitalet.com\/#website"},"primaryImageOfPage":{"@id":"https:\/\/www.lafargalhospitalet.com\/ca\/pere-pi-rep-homenatge-la-farga\/#primaryimage"},"image":{"@id":"https:\/\/www.lafargalhospitalet.com\/ca\/pere-pi-rep-homenatge-la-farga\/#primaryimage"},"thumbnailUrl":"https:\/\/www.lafargalhospitalet.com\/wp-content\/uploads\/2016\/09\/Pere-Pi-La-Farga.jpg","datePublished":"2016-09-10T11:30:17+00:00","dateModified":"2025-11-03T17:29:14+00:00","description":"El Sal\u00f3 RetroMoto Barcelona ha obert les seves portes a La Farga Centre d'Activitats i ho ha fet tamb\u00e9 amb l'homenatge a l'ex-pilot catal\u00e0 Pere Pi i Parera.","breadcrumb":{"@id":"https:\/\/www.lafargalhospitalet.com\/ca\/pere-pi-rep-homenatge-la-farga\/#breadcrumb"},"inLanguage":"ca","potentialAction":[{"@type":"ReadAction","target":["https:\/\/www.lafargalhospitalet.com\/ca\/pere-pi-rep-homenatge-la-farga\/"]}]},{"@type":"ImageObject","inLanguage":"ca","@id":"https:\/\/www.lafargalhospitalet.com\/ca\/pere-pi-rep-homenatge-la-farga\/#primaryimage","url":"https:\/\/www.lafargalhospitalet.com\/wp-content\/uploads\/2016\/09\/Pere-Pi-La-Farga.jpg","contentUrl":"https:\/\/www.lafargalhospitalet.com\/wp-content\/uploads\/2016\/09\/Pere-Pi-La-Farga.jpg","width":730,"height":410,"caption":"Pere Pi-La-Farga"},{"@type":"BreadcrumbList","@id":"https:\/\/www.lafargalhospitalet.com\/ca\/pere-pi-rep-homenatge-la-farga\/#breadcrumb","itemListElement":[{"@type":"ListItem","position":1,"name":"Portada","item":"https:\/\/www.lafargalhospitalet.com\/"},{"@type":"ListItem","position":2,"name":"Pere Pi rep un c\u00e0lid homenatge a La Farga"}]},{"@type":"WebSite","@id":"https:\/\/www.lafargalhospitalet.com\/#website","url":"https:\/\/www.lafargalhospitalet.com\/","name":"La Farga L'Hospitalet Centre d'Activitats. La Farga GEM, S.A.","description":"La Farga L&#039;Hospitalet Centre d&#039;Activitats. Gestionat per La Farga GEM, S.A. Fires i Congressos. Concerts, exposicions, reunions, filmacions, sopars de gala.","publisher":{"@id":"https:\/\/www.lafargalhospitalet.com\/#organization"},"potentialAction":[{"@type":"SearchAction","target":{"@type":"EntryPoint","urlTemplate":"https:\/\/www.lafargalhospitalet.com\/?s={search_term_string}"},"query-input":{"@type":"PropertyValueSpecification","valueRequired":true,"valueName":"search_term_string"}}],"inLanguage":"ca"},{"@type":"Organization","@id":"https:\/\/www.lafargalhospitalet.com\/#organization","name":"La Farga L'Hospitalet Centre d'Activitats. La Farga GEM, S.A.","url":"https:\/\/www.lafargalhospitalet.com\/","logo":{"@type":"ImageObject","inLanguage":"ca","@id":"https:\/\/www.lafargalhospitalet.com\/#\/schema\/logo\/image\/","url":"https:\/\/www.lafargalhospitalet.com\/wp-content\/uploads\/2025\/10\/logotipo_lafarga_centre_activitats.png","contentUrl":"https:\/\/www.lafargalhospitalet.com\/wp-content\/uploads\/2025\/10\/logotipo_lafarga_centre_activitats.png","width":266,"height":101,"caption":"La Farga L'Hospitalet Centre d'Activitats. La Farga GEM, S.A."},"image":{"@id":"https:\/\/www.lafargalhospitalet.com\/#\/schema\/logo\/image\/"},"sameAs":["https:\/\/www.facebook.com\/fargahospitalet\/","https:\/\/x.com\/fargahospitalet","https:\/\/www.instagram.com\/lafargahospitalet\/","https:\/\/www.youtube.com\/channel\/UCoLt6hen3PqGXgbLMGI3Qdw","https:\/\/www.flickr.com\/photos\/lafargagemsa\/albums"]},{"@type":"Person","@id":"https:\/\/www.lafargalhospitalet.com\/#\/schema\/person\/6cbac0ef7748506b167ff859e1c7f378","name":"La Farga Centre d'Activitats","sameAs":["https:\/\/www.lafargalhospitalet.com"],"url":"https:\/\/www.lafargalhospitalet.com\/ca\/author\/far25gmin\/"}]}},"_links":{"self":[{"href":"https:\/\/www.lafargalhospitalet.com\/ca\/wp-json\/wp\/v2\/posts\/4296","targetHints":{"allow":["GET"]}}],"collection":[{"href":"https:\/\/www.lafargalhospitalet.com\/ca\/wp-json\/wp\/v2\/posts"}],"about":[{"href":"https:\/\/www.lafargalhospitalet.com\/ca\/wp-json\/wp\/v2\/types\/post"}],"author":[{"embeddable":true,"href":"https:\/\/www.lafargalhospitalet.com\/ca\/wp-json\/wp\/v2\/users\/1"}],"replies":[{"embeddable":true,"href":"https:\/\/www.lafargalhospitalet.com\/ca\/wp-json\/wp\/v2\/comments?post=4296"}],"version-history":[{"count":0,"href":"https:\/\/www.lafargalhospitalet.com\/ca\/wp-json\/wp\/v2\/posts\/4296\/revisions"}],"wp:featuredmedia":[{"embeddable":true,"href":"https:\/\/www.lafargalhospitalet.com\/ca\/wp-json\/wp\/v2\/media\/4297"}],"wp:attachment":[{"href":"https:\/\/www.lafargalhospitalet.com\/ca\/wp-json\/wp\/v2\/media?parent=4296"}],"wp:term":[{"taxonomy":"category","embeddable":true,"href":"https:\/\/www.lafargalhospitalet.com\/ca\/wp-json\/wp\/v2\/categories?post=4296"},{"taxonomy":"post_tag","embeddable":true,"href":"https:\/\/www.lafargalhospitalet.com\/ca\/wp-json\/wp\/v2\/tags?post=4296"}],"curies":[{"name":"wp","href":"https:\/\/api.w.org\/{rel}","templated":true}]}}