{"id":4306,"date":"2016-09-12T15:39:42","date_gmt":"2016-09-12T14:39:42","guid":{"rendered":"http:\/\/www.lafargalhospitalet.com\/?p=4306"},"modified":"2025-11-03T18:29:14","modified_gmt":"2025-11-03T17:29:14","slug":"notable-afluencia-public-retromoto","status":"publish","type":"post","link":"https:\/\/www.lafargalhospitalet.com\/ca\/notable-afluencia-public-retromoto\/","title":{"rendered":"Notable aflu\u00e8ncia de p\u00fablic en el primer RetroMoto"},"content":{"rendered":"<h5>M\u00e9s de 12.000 visitants a La Farga<\/h5>\n<p>El Sal\u00f3 RetroMoto Barcelona, que es va clausurar diumenge a La Farga Centre d&#8217;Activitats, ha complert els objectius previs fixats per a la primera edici\u00f3, segons ha valorat l&#8217;organitzaci\u00f3 del mateix, per la qual cosa s&#8217;ha determinat iniciar els preparatius d&#8217;un nou certamen per a 2017.<\/p>\n<p>RetroMoto Barcelona ha rebut m\u00e9s de 12.000 persones en els tres dies que el certamen ha estat obert, complint aix\u00ed les expectatives d&#8217;aflu\u00e8ncia de p\u00fablic, <em>&#8220;encara que m\u00e9s que la quantitat de visitants, m&#8217;agradaria destacar la qualitat dels mateixos, ja que ha estat p\u00fablic afeccionat a les motos cl\u00e0ssiques, amb molts assistents que han decidit realitzar compres entre l&#8217;\u00e0mplia oferta existent de peces, recanvis, roba, records i, per descomptat, motos&#8221;<\/em>, assenyala el director de l&#8217;esdeveniment, <strong>Jos\u00e9 Enrique Elvira<\/strong>.<\/p>\n<p>En aquest sentit, ha exposat que <em>&#8220;el repte era important donat que en la hist\u00f2ria d&#8217;aquest tipus de fires en aquest pa\u00eds ning\u00fa s&#8217;havia llan\u00e7at a realitzar un certamen monogr\u00e0fic de motos cl\u00e0ssiques, ja que l&#8217;habitual \u00e9s fer-ho de cotxes i motos, per la qual cosa estem molt satisfets&#8221;<\/em>.<\/p>\n<p>Elvira afegeix que aquest certamen <em>&#8220;nom\u00e9s es podia celebrar a Barcelona, on la comunitat catalana no nom\u00e9s \u00e9s pionera en molts aspectes lligats al motociclisme, sin\u00f3 que sempre ha tingut una ind\u00fastria que ha embolcallat al sector, i segueix sent un puntal tant en all\u00f2 esportiu, com pel que fa a l\u2019afici\u00f3&#8221;<\/em>.<\/p>\n<h5>Una edici\u00f3 molt completa<\/h5>\n<p>Aquesta edici\u00f3 inaugural del Sal\u00f3 RetroMoto ha estat molt diversa quant a continguts, la qual cosa ha repartit l&#8217;atenci\u00f3 del p\u00fablic assistent entre diversos estands. Entre els m\u00e9s visitats cal destacar els que han reservat tant el Museu de la Ci\u00e8ncia i de la T\u00e8cnica de Catalunya (mNACTEC), amb peces exquisides com la motocicleta Villalb\u00ed, la primera constru\u00efda en l&#8217;Estat espanyol el 1904; o la Montesa A45 Femenina de l&#8217;any 1945, adaptada per facilitar la conducci\u00f3 amb faldilles; com del Museu Isern de la Moto, amb una SRS de 1949 (primera marca de Bicicletes Rabasa, empresa embri\u00f3 de Derbi), i la segona moto que va fabricar Derbi ja amb el seu nom, un model de 98 c.c. de 1953.<\/p>\n<p>L\u2019estand retrospectiu de la m\u00edtica Montesa Cota, que no ha deixat de ser una icona del m\u00f3n del trial, aix\u00ed com la pres\u00e8ncia del prototip de Montesa Impala 3, ha cridat tamb\u00e9 molt l&#8217;atenci\u00f3 dels afeccionats, especialment dels propietaris de les 40 motos Impala que es van concentrar el dissabte.<\/p>\n<p>Esment apart \u00e9s el que es va viure al voltant de Harley Davidson, amb un estand brillant del seu concessionari oficial a Barcelona, amb pres\u00e8ncia de diverses motos dels anys 40, aix\u00ed com la concentraci\u00f3 del dissabte que va reunir a mig centenar de &#8216;Harleys&#8217;, que van quedar en exhibici\u00f3 perqu\u00e8 el p\u00fablic les gaud\u00eds igualment.<\/p>\n<h5>Gran homenatge a Pere Pi<\/h5>\n<p><strong><a href=\"https:\/\/www.lafargalhospitalet.com\/pere-pi-rep-homenatge-la-farga\/\" target=\"_blank\">El gran moment emotiu viscut pel campi\u00f3 Pere Pi<\/a><\/strong>, la seva fam\u00edlia i convidats, en l&#8217;homenatge celebrat divendres, aix\u00ed com l\u2019estand dedicat a la seva traject\u00f2ria esportiva, amb les seves motos i trofeus, ha estat un altre dels \u00e8xits d&#8217;aquesta fira.<\/p>\n<p>El resum global \u00e9s la celebraci\u00f3 d\u2019una mostra pionera a l&#8217;Estat espanyol, amb bon suport del p\u00fablic general i dels afeccionats, que ha perm\u00e8s que l&#8217;organitzaci\u00f3 continu\u00ef amb aquest sal\u00f3 monogr\u00e0fic dedicat a les motos cl\u00e0ssiques, preparant ja la segona edici\u00f3 de cara a 2017.<\/p>\n<p><a data-flickr-embed=\"true\" href=\"https:\/\/www.flickr.com\/photos\/lafargagemsa\/albums\/72157673830227460\" title=\"RetroMoto Barcelona 2016\"><img fetchpriority=\"high\" decoding=\"async\" src=\"https:\/\/c1.staticflickr.com\/9\/8419\/29601917584_15e9fc988a_z.jpg\" width=\"640\" height=\"427\" alt=\"RetroMoto Barcelona 2016\"><\/a><script async src=\"\/\/embedr.flickr.com\/assets\/client-code.js\" charset=\"utf-8\"><\/script><\/p>\n","protected":false},"excerpt":{"rendered":"<p>M\u00e9s de 12.000 persones han gaudit d&#8217;aquesta mostra monogr\u00e0fica de motos cl\u00e0ssiques a La Farga Centre d&#8217;Activitats, la qual cosa avala la celebraci\u00f3 d&#8217;una nova edici\u00f3 de RetroMoto el 2017.<\/p>\n","protected":false},"author":1,"featured_media":4307,"comment_status":"closed","ping_status":"closed","sticky":false,"template":"","format":"standard","meta":{"_monsterinsights_skip_tracking":false,"_monsterinsights_sitenote_active":false,"_monsterinsights_sitenote_note":"","_monsterinsights_sitenote_category":0,"footnotes":""},"categories":[83],"tags":[],"class_list":["post-4306","post","type-post","status-publish","format-standard","has-post-thumbnail","hentry","category-noticies"],"yoast_head":"<!-- This site is optimized with the Yoast SEO plugin v27.5 - https:\/\/yoast.com\/product\/yoast-seo-wordpress\/ -->\n<title>Notable aflu\u00e8ncia de p\u00fablic en el primer RetroMoto - La Farga L&#039;Hospitalet Centre d&#039;Activitats. La Farga GEM, S.A.<\/title>\n<meta name=\"description\" content=\"M\u00e9s de 12.000 persones han gaudit d&#039;aquesta mostra monogr\u00e0fica a La Farga, la qual cosa avala la celebraci\u00f3 d&#039;una nova edici\u00f3 de RetroMoto el 2017.\" \/>\n<meta name=\"robots\" content=\"index, follow, max-snippet:-1, max-image-preview:large, max-video-preview:-1\" \/>\n<link rel=\"canonical\" href=\"https:\/\/www.lafargalhospitalet.com\/ca\/notable-afluencia-public-retromoto\/\" \/>\n<meta property=\"og:locale\" content=\"ca_ES\" \/>\n<meta property=\"og:type\" content=\"article\" \/>\n<meta property=\"og:title\" content=\"Notable aflu\u00e8ncia de p\u00fablic en el primer RetroMoto - La Farga L&#039;Hospitalet Centre d&#039;Activitats. La Farga GEM, S.A.\" \/>\n<meta property=\"og:description\" content=\"M\u00e9s de 12.000 persones han gaudit d&#039;aquesta mostra monogr\u00e0fica a La Farga, la qual cosa avala la celebraci\u00f3 d&#039;una nova edici\u00f3 de RetroMoto el 2017.\" \/>\n<meta property=\"og:url\" content=\"https:\/\/www.lafargalhospitalet.com\/ca\/notable-afluencia-public-retromoto\/\" \/>\n<meta property=\"og:site_name\" content=\"La Farga L&#039;Hospitalet Centre d&#039;Activitats. La Farga GEM, S.A.\" \/>\n<meta property=\"article:publisher\" content=\"https:\/\/www.facebook.com\/fargahospitalet\/\" \/>\n<meta property=\"article:published_time\" content=\"2016-09-12T14:39:42+00:00\" \/>\n<meta property=\"article:modified_time\" content=\"2025-11-03T17:29:14+00:00\" \/>\n<meta property=\"og:image\" content=\"https:\/\/www.lafargalhospitalet.com\/wp-content\/uploads\/2016\/09\/RetroMoto-Final-Farga.jpg\" \/>\n\t<meta property=\"og:image:width\" content=\"730\" \/>\n\t<meta property=\"og:image:height\" content=\"410\" \/>\n\t<meta property=\"og:image:type\" content=\"image\/jpeg\" \/>\n<meta name=\"author\" content=\"La Farga Centre d&#039;Activitats\" \/>\n<meta name=\"twitter:card\" content=\"summary_large_image\" \/>\n<meta name=\"twitter:creator\" content=\"@fargahospitalet\" \/>\n<meta name=\"twitter:site\" content=\"@fargahospitalet\" \/>\n<meta name=\"twitter:label1\" content=\"Escrit per\" \/>\n\t<meta name=\"twitter:data1\" content=\"La Farga Centre d&#039;Activitats\" \/>\n\t<meta name=\"twitter:label2\" content=\"Temps estimat de lectura\" \/>\n\t<meta name=\"twitter:data2\" content=\"3 minuts\" \/>\n<script type=\"application\/ld+json\" class=\"yoast-schema-graph\">{\"@context\":\"https:\\\/\\\/schema.org\",\"@graph\":[{\"@type\":\"Article\",\"@id\":\"https:\\\/\\\/www.lafargalhospitalet.com\\\/ca\\\/notable-afluencia-public-retromoto\\\/#article\",\"isPartOf\":{\"@id\":\"https:\\\/\\\/www.lafargalhospitalet.com\\\/ca\\\/notable-afluencia-public-retromoto\\\/\"},\"author\":{\"name\":\"La Farga Centre d'Activitats\",\"@id\":\"https:\\\/\\\/www.lafargalhospitalet.com\\\/#\\\/schema\\\/person\\\/6cbac0ef7748506b167ff859e1c7f378\"},\"headline\":\"Notable aflu\u00e8ncia de p\u00fablic en el primer RetroMoto\",\"datePublished\":\"2016-09-12T14:39:42+00:00\",\"dateModified\":\"2025-11-03T17:29:14+00:00\",\"mainEntityOfPage\":{\"@id\":\"https:\\\/\\\/www.lafargalhospitalet.com\\\/ca\\\/notable-afluencia-public-retromoto\\\/\"},\"wordCount\":606,\"publisher\":{\"@id\":\"https:\\\/\\\/www.lafargalhospitalet.com\\\/#organization\"},\"image\":{\"@id\":\"https:\\\/\\\/www.lafargalhospitalet.com\\\/ca\\\/notable-afluencia-public-retromoto\\\/#primaryimage\"},\"thumbnailUrl\":\"https:\\\/\\\/www.lafargalhospitalet.com\\\/wp-content\\\/uploads\\\/2016\\\/09\\\/RetroMoto-Final-Farga.jpg\",\"articleSection\":[\"Noticies\"],\"inLanguage\":\"ca\"},{\"@type\":\"WebPage\",\"@id\":\"https:\\\/\\\/www.lafargalhospitalet.com\\\/ca\\\/notable-afluencia-public-retromoto\\\/\",\"url\":\"https:\\\/\\\/www.lafargalhospitalet.com\\\/ca\\\/notable-afluencia-public-retromoto\\\/\",\"name\":\"Notable aflu\u00e8ncia de p\u00fablic en el primer RetroMoto - La Farga L&#039;Hospitalet Centre d&#039;Activitats. La Farga GEM, S.A.\",\"isPartOf\":{\"@id\":\"https:\\\/\\\/www.lafargalhospitalet.com\\\/#website\"},\"primaryImageOfPage\":{\"@id\":\"https:\\\/\\\/www.lafargalhospitalet.com\\\/ca\\\/notable-afluencia-public-retromoto\\\/#primaryimage\"},\"image\":{\"@id\":\"https:\\\/\\\/www.lafargalhospitalet.com\\\/ca\\\/notable-afluencia-public-retromoto\\\/#primaryimage\"},\"thumbnailUrl\":\"https:\\\/\\\/www.lafargalhospitalet.com\\\/wp-content\\\/uploads\\\/2016\\\/09\\\/RetroMoto-Final-Farga.jpg\",\"datePublished\":\"2016-09-12T14:39:42+00:00\",\"dateModified\":\"2025-11-03T17:29:14+00:00\",\"description\":\"M\u00e9s de 12.000 persones han gaudit d'aquesta mostra monogr\u00e0fica a La Farga, la qual cosa avala la celebraci\u00f3 d'una nova edici\u00f3 de RetroMoto el 2017.\",\"breadcrumb\":{\"@id\":\"https:\\\/\\\/www.lafargalhospitalet.com\\\/ca\\\/notable-afluencia-public-retromoto\\\/#breadcrumb\"},\"inLanguage\":\"ca\",\"potentialAction\":[{\"@type\":\"ReadAction\",\"target\":[\"https:\\\/\\\/www.lafargalhospitalet.com\\\/ca\\\/notable-afluencia-public-retromoto\\\/\"]}]},{\"@type\":\"ImageObject\",\"inLanguage\":\"ca\",\"@id\":\"https:\\\/\\\/www.lafargalhospitalet.com\\\/ca\\\/notable-afluencia-public-retromoto\\\/#primaryimage\",\"url\":\"https:\\\/\\\/www.lafargalhospitalet.com\\\/wp-content\\\/uploads\\\/2016\\\/09\\\/RetroMoto-Final-Farga.jpg\",\"contentUrl\":\"https:\\\/\\\/www.lafargalhospitalet.com\\\/wp-content\\\/uploads\\\/2016\\\/09\\\/RetroMoto-Final-Farga.jpg\",\"width\":730,\"height\":410,\"caption\":\"RetroMoto Farga\"},{\"@type\":\"BreadcrumbList\",\"@id\":\"https:\\\/\\\/www.lafargalhospitalet.com\\\/ca\\\/notable-afluencia-public-retromoto\\\/#breadcrumb\",\"itemListElement\":[{\"@type\":\"ListItem\",\"position\":1,\"name\":\"Portada\",\"item\":\"https:\\\/\\\/www.lafargalhospitalet.com\\\/\"},{\"@type\":\"ListItem\",\"position\":2,\"name\":\"Notable aflu\u00e8ncia de p\u00fablic en el primer RetroMoto\"}]},{\"@type\":\"WebSite\",\"@id\":\"https:\\\/\\\/www.lafargalhospitalet.com\\\/#website\",\"url\":\"https:\\\/\\\/www.lafargalhospitalet.com\\\/\",\"name\":\"La Farga L'Hospitalet Centre d'Activitats. La Farga GEM, S.A.\",\"description\":\"La Farga L&#039;Hospitalet Centre d&#039;Activitats. Gestionat per La Farga GEM, S.A. Fires i Congressos. Concerts, exposicions, reunions, filmacions, sopars de gala.\",\"publisher\":{\"@id\":\"https:\\\/\\\/www.lafargalhospitalet.com\\\/#organization\"},\"potentialAction\":[{\"@type\":\"SearchAction\",\"target\":{\"@type\":\"EntryPoint\",\"urlTemplate\":\"https:\\\/\\\/www.lafargalhospitalet.com\\\/?s={search_term_string}\"},\"query-input\":{\"@type\":\"PropertyValueSpecification\",\"valueRequired\":true,\"valueName\":\"search_term_string\"}}],\"inLanguage\":\"ca\"},{\"@type\":\"Organization\",\"@id\":\"https:\\\/\\\/www.lafargalhospitalet.com\\\/#organization\",\"name\":\"La Farga L'Hospitalet Centre d'Activitats. La Farga GEM, S.A.\",\"url\":\"https:\\\/\\\/www.lafargalhospitalet.com\\\/\",\"logo\":{\"@type\":\"ImageObject\",\"inLanguage\":\"ca\",\"@id\":\"https:\\\/\\\/www.lafargalhospitalet.com\\\/#\\\/schema\\\/logo\\\/image\\\/\",\"url\":\"https:\\\/\\\/www.lafargalhospitalet.com\\\/wp-content\\\/uploads\\\/2025\\\/10\\\/logotipo_lafarga_centre_activitats.png\",\"contentUrl\":\"https:\\\/\\\/www.lafargalhospitalet.com\\\/wp-content\\\/uploads\\\/2025\\\/10\\\/logotipo_lafarga_centre_activitats.png\",\"width\":266,\"height\":101,\"caption\":\"La Farga L'Hospitalet Centre d'Activitats. La Farga GEM, S.A.\"},\"image\":{\"@id\":\"https:\\\/\\\/www.lafargalhospitalet.com\\\/#\\\/schema\\\/logo\\\/image\\\/\"},\"sameAs\":[\"https:\\\/\\\/www.facebook.com\\\/fargahospitalet\\\/\",\"https:\\\/\\\/x.com\\\/fargahospitalet\",\"https:\\\/\\\/www.instagram.com\\\/lafargahospitalet\\\/\",\"https:\\\/\\\/www.youtube.com\\\/channel\\\/UCoLt6hen3PqGXgbLMGI3Qdw\",\"https:\\\/\\\/www.flickr.com\\\/photos\\\/lafargagemsa\\\/albums\"]},{\"@type\":\"Person\",\"@id\":\"https:\\\/\\\/www.lafargalhospitalet.com\\\/#\\\/schema\\\/person\\\/6cbac0ef7748506b167ff859e1c7f378\",\"name\":\"La Farga Centre d'Activitats\",\"sameAs\":[\"https:\\\/\\\/www.lafargalhospitalet.com\"],\"url\":\"https:\\\/\\\/www.lafargalhospitalet.com\\\/ca\\\/author\\\/far25gmin\\\/\"}]}<\/script>\n<!-- \/ Yoast SEO plugin. -->","yoast_head_json":{"title":"Notable aflu\u00e8ncia de p\u00fablic en el primer RetroMoto - La Farga L&#039;Hospitalet Centre d&#039;Activitats. La Farga GEM, S.A.","description":"M\u00e9s de 12.000 persones han gaudit d'aquesta mostra monogr\u00e0fica a La Farga, la qual cosa avala la celebraci\u00f3 d'una nova edici\u00f3 de RetroMoto el 2017.","robots":{"index":"index","follow":"follow","max-snippet":"max-snippet:-1","max-image-preview":"max-image-preview:large","max-video-preview":"max-video-preview:-1"},"canonical":"https:\/\/www.lafargalhospitalet.com\/ca\/notable-afluencia-public-retromoto\/","og_locale":"ca_ES","og_type":"article","og_title":"Notable aflu\u00e8ncia de p\u00fablic en el primer RetroMoto - La Farga L&#039;Hospitalet Centre d&#039;Activitats. La Farga GEM, S.A.","og_description":"M\u00e9s de 12.000 persones han gaudit d'aquesta mostra monogr\u00e0fica a La Farga, la qual cosa avala la celebraci\u00f3 d'una nova edici\u00f3 de RetroMoto el 2017.","og_url":"https:\/\/www.lafargalhospitalet.com\/ca\/notable-afluencia-public-retromoto\/","og_site_name":"La Farga L&#039;Hospitalet Centre d&#039;Activitats. La Farga GEM, S.A.","article_publisher":"https:\/\/www.facebook.com\/fargahospitalet\/","article_published_time":"2016-09-12T14:39:42+00:00","article_modified_time":"2025-11-03T17:29:14+00:00","og_image":[{"width":730,"height":410,"url":"https:\/\/www.lafargalhospitalet.com\/wp-content\/uploads\/2016\/09\/RetroMoto-Final-Farga.jpg","type":"image\/jpeg"}],"author":"La Farga Centre d'Activitats","twitter_card":"summary_large_image","twitter_creator":"@fargahospitalet","twitter_site":"@fargahospitalet","twitter_misc":{"Escrit per":"La Farga Centre d'Activitats","Temps estimat de lectura":"3 minuts"},"schema":{"@context":"https:\/\/schema.org","@graph":[{"@type":"Article","@id":"https:\/\/www.lafargalhospitalet.com\/ca\/notable-afluencia-public-retromoto\/#article","isPartOf":{"@id":"https:\/\/www.lafargalhospitalet.com\/ca\/notable-afluencia-public-retromoto\/"},"author":{"name":"La Farga Centre d'Activitats","@id":"https:\/\/www.lafargalhospitalet.com\/#\/schema\/person\/6cbac0ef7748506b167ff859e1c7f378"},"headline":"Notable aflu\u00e8ncia de p\u00fablic en el primer RetroMoto","datePublished":"2016-09-12T14:39:42+00:00","dateModified":"2025-11-03T17:29:14+00:00","mainEntityOfPage":{"@id":"https:\/\/www.lafargalhospitalet.com\/ca\/notable-afluencia-public-retromoto\/"},"wordCount":606,"publisher":{"@id":"https:\/\/www.lafargalhospitalet.com\/#organization"},"image":{"@id":"https:\/\/www.lafargalhospitalet.com\/ca\/notable-afluencia-public-retromoto\/#primaryimage"},"thumbnailUrl":"https:\/\/www.lafargalhospitalet.com\/wp-content\/uploads\/2016\/09\/RetroMoto-Final-Farga.jpg","articleSection":["Noticies"],"inLanguage":"ca"},{"@type":"WebPage","@id":"https:\/\/www.lafargalhospitalet.com\/ca\/notable-afluencia-public-retromoto\/","url":"https:\/\/www.lafargalhospitalet.com\/ca\/notable-afluencia-public-retromoto\/","name":"Notable aflu\u00e8ncia de p\u00fablic en el primer RetroMoto - La Farga L&#039;Hospitalet Centre d&#039;Activitats. La Farga GEM, S.A.","isPartOf":{"@id":"https:\/\/www.lafargalhospitalet.com\/#website"},"primaryImageOfPage":{"@id":"https:\/\/www.lafargalhospitalet.com\/ca\/notable-afluencia-public-retromoto\/#primaryimage"},"image":{"@id":"https:\/\/www.lafargalhospitalet.com\/ca\/notable-afluencia-public-retromoto\/#primaryimage"},"thumbnailUrl":"https:\/\/www.lafargalhospitalet.com\/wp-content\/uploads\/2016\/09\/RetroMoto-Final-Farga.jpg","datePublished":"2016-09-12T14:39:42+00:00","dateModified":"2025-11-03T17:29:14+00:00","description":"M\u00e9s de 12.000 persones han gaudit d'aquesta mostra monogr\u00e0fica a La Farga, la qual cosa avala la celebraci\u00f3 d'una nova edici\u00f3 de RetroMoto el 2017.","breadcrumb":{"@id":"https:\/\/www.lafargalhospitalet.com\/ca\/notable-afluencia-public-retromoto\/#breadcrumb"},"inLanguage":"ca","potentialAction":[{"@type":"ReadAction","target":["https:\/\/www.lafargalhospitalet.com\/ca\/notable-afluencia-public-retromoto\/"]}]},{"@type":"ImageObject","inLanguage":"ca","@id":"https:\/\/www.lafargalhospitalet.com\/ca\/notable-afluencia-public-retromoto\/#primaryimage","url":"https:\/\/www.lafargalhospitalet.com\/wp-content\/uploads\/2016\/09\/RetroMoto-Final-Farga.jpg","contentUrl":"https:\/\/www.lafargalhospitalet.com\/wp-content\/uploads\/2016\/09\/RetroMoto-Final-Farga.jpg","width":730,"height":410,"caption":"RetroMoto Farga"},{"@type":"BreadcrumbList","@id":"https:\/\/www.lafargalhospitalet.com\/ca\/notable-afluencia-public-retromoto\/#breadcrumb","itemListElement":[{"@type":"ListItem","position":1,"name":"Portada","item":"https:\/\/www.lafargalhospitalet.com\/"},{"@type":"ListItem","position":2,"name":"Notable aflu\u00e8ncia de p\u00fablic en el primer RetroMoto"}]},{"@type":"WebSite","@id":"https:\/\/www.lafargalhospitalet.com\/#website","url":"https:\/\/www.lafargalhospitalet.com\/","name":"La Farga L'Hospitalet Centre d'Activitats. La Farga GEM, S.A.","description":"La Farga L&#039;Hospitalet Centre d&#039;Activitats. Gestionat per La Farga GEM, S.A. Fires i Congressos. Concerts, exposicions, reunions, filmacions, sopars de gala.","publisher":{"@id":"https:\/\/www.lafargalhospitalet.com\/#organization"},"potentialAction":[{"@type":"SearchAction","target":{"@type":"EntryPoint","urlTemplate":"https:\/\/www.lafargalhospitalet.com\/?s={search_term_string}"},"query-input":{"@type":"PropertyValueSpecification","valueRequired":true,"valueName":"search_term_string"}}],"inLanguage":"ca"},{"@type":"Organization","@id":"https:\/\/www.lafargalhospitalet.com\/#organization","name":"La Farga L'Hospitalet Centre d'Activitats. La Farga GEM, S.A.","url":"https:\/\/www.lafargalhospitalet.com\/","logo":{"@type":"ImageObject","inLanguage":"ca","@id":"https:\/\/www.lafargalhospitalet.com\/#\/schema\/logo\/image\/","url":"https:\/\/www.lafargalhospitalet.com\/wp-content\/uploads\/2025\/10\/logotipo_lafarga_centre_activitats.png","contentUrl":"https:\/\/www.lafargalhospitalet.com\/wp-content\/uploads\/2025\/10\/logotipo_lafarga_centre_activitats.png","width":266,"height":101,"caption":"La Farga L'Hospitalet Centre d'Activitats. La Farga GEM, S.A."},"image":{"@id":"https:\/\/www.lafargalhospitalet.com\/#\/schema\/logo\/image\/"},"sameAs":["https:\/\/www.facebook.com\/fargahospitalet\/","https:\/\/x.com\/fargahospitalet","https:\/\/www.instagram.com\/lafargahospitalet\/","https:\/\/www.youtube.com\/channel\/UCoLt6hen3PqGXgbLMGI3Qdw","https:\/\/www.flickr.com\/photos\/lafargagemsa\/albums"]},{"@type":"Person","@id":"https:\/\/www.lafargalhospitalet.com\/#\/schema\/person\/6cbac0ef7748506b167ff859e1c7f378","name":"La Farga Centre d'Activitats","sameAs":["https:\/\/www.lafargalhospitalet.com"],"url":"https:\/\/www.lafargalhospitalet.com\/ca\/author\/far25gmin\/"}]}},"_links":{"self":[{"href":"https:\/\/www.lafargalhospitalet.com\/ca\/wp-json\/wp\/v2\/posts\/4306","targetHints":{"allow":["GET"]}}],"collection":[{"href":"https:\/\/www.lafargalhospitalet.com\/ca\/wp-json\/wp\/v2\/posts"}],"about":[{"href":"https:\/\/www.lafargalhospitalet.com\/ca\/wp-json\/wp\/v2\/types\/post"}],"author":[{"embeddable":true,"href":"https:\/\/www.lafargalhospitalet.com\/ca\/wp-json\/wp\/v2\/users\/1"}],"replies":[{"embeddable":true,"href":"https:\/\/www.lafargalhospitalet.com\/ca\/wp-json\/wp\/v2\/comments?post=4306"}],"version-history":[{"count":0,"href":"https:\/\/www.lafargalhospitalet.com\/ca\/wp-json\/wp\/v2\/posts\/4306\/revisions"}],"wp:featuredmedia":[{"embeddable":true,"href":"https:\/\/www.lafargalhospitalet.com\/ca\/wp-json\/wp\/v2\/media\/4307"}],"wp:attachment":[{"href":"https:\/\/www.lafargalhospitalet.com\/ca\/wp-json\/wp\/v2\/media?parent=4306"}],"wp:term":[{"taxonomy":"category","embeddable":true,"href":"https:\/\/www.lafargalhospitalet.com\/ca\/wp-json\/wp\/v2\/categories?post=4306"},{"taxonomy":"post_tag","embeddable":true,"href":"https:\/\/www.lafargalhospitalet.com\/ca\/wp-json\/wp\/v2\/tags?post=4306"}],"curies":[{"name":"wp","href":"https:\/\/api.w.org\/{rel}","templated":true}]}}