{"id":4504,"date":"2016-11-07T13:02:11","date_gmt":"2016-11-07T12:02:11","guid":{"rendered":"http:\/\/www.lafargalhospitalet.com\/?p=4504"},"modified":"2025-11-03T18:29:04","modified_gmt":"2025-11-03T17:29:04","slug":"nou-exit-public-creativa-23-500-assistents","status":"publish","type":"post","link":"https:\/\/www.lafargalhospitalet.com\/ca\/nou-exit-public-creativa-23-500-assistents\/","title":{"rendered":"Nou \u00e8xit de p\u00fablic a Creativa, amb 23.500 assistents"},"content":{"rendered":"<h5>Sal\u00f3 refer\u00e8ncia europea de l&#8221;Oci Creatiu&#8217;<\/h5>\n<p>El <strong><a href=\"http:\/\/barcelona.creativa.eu\/\" target=\"_blank\" rel=\"noopener\">Sal\u00f3 Creativa<\/a><\/strong> celebrat un cop m\u00e9s a La Farga Centre d&#8217;Activitats s&#8217;ha tancat amb la visita de 23.500 persones, confirmant el creixent inter\u00e8s personal i professional que desperten les activitats vinculades amb l&#8217;art de la creaci\u00f3 manual.<\/p>\n<p>A L&#8217;Hospitalet s&#8217;ha exhibit una completa i variada oferta d&#8217;alta qualitat, que reafirma Creativa com el Sal\u00f3 de refer\u00e8ncia europea en el sector de l&#8221;Oci Creatiu&#8217;.<\/p>\n<p>Amb\u00a010.000 m2 d&#8217;ocupaci\u00f3, 130 expositors van presentar una ampl\u00edssima diversitat de nous productes i les noves tend\u00e8ncies en materials i estris per manualitats. 27 d&#8217;aquets nous expositors participaven per primera vegada a Creativa.<\/p>\n<p>Els 600 tallers d&#8217;iniciaci\u00f3 o avan\u00e7ats de diferents t\u00e8cniques i amb tradicionals i nous materials impartits per artistes professionals han registrat una plena ocupaci\u00f3. En l&#8217;\u00e0rea de CreativAcademy aquest any s&#8217;han potenciat els tallers impartits per bloggers conegudes en el sector com s\u00f3n: Brico i Deco, Alqu\u00edmia Deco, X\u00e8nia Craft i My scrap Lab.<\/p>\n<h5>Brillen la M\u00e0sterclass, exposicions i desfilades<\/h5>\n<p>La m\u00e0sterclass de diumenge de Raquel Adsuar va ser un dels punts de m\u00e9s inter\u00e8s, a m\u00e9s de la primera edici\u00f3 del &#8220;Creativa Fashion Design&#8221; on els alumnes de l&#8217;Escola Atelier Disseny i Moda Gemma de Barcelona, van exposar els seus dissenys m\u00e9s creatius i originals durant els 4 dies de la fira. Diumenge l&#8217;organitzaci\u00f3 va comunicar que la guanyadora del xec de 500\u20ac era el vestit &#8220;Michele&#8221; dissenyat per l&#8217;alumna Michaela Dascal.<\/p>\n<p>Les exposicions tamb\u00e9 han destacat enguany com les d&#8217;artistes de renom internacionals i nacionals: Creativemamy, Jejoma, Patch Fil D&#8217;Or, Carrot Cake, Dayka Trade, Manualitats Urrea, Filohmena i Decoman.<\/p>\n<p>Les desfilades de dissabte van ser el 8\u00e8 Fashion Boulevard del Club de l&#8217;agulla, on es va poder gaudir dels nombrosos dissenys per a nens i adults creats per les alumnes i professores d&#8217;aquesta botiga referent de l&#8217;oci creatiu a Barcelona. A banda, per a aquesta edici\u00f3 es va augmentar la quantitat de demostracions gratu\u00eftes realitzades a la fira de la m\u00e0 de professionals i experts que van oferir diferents explicacions de com utilitzar productes, com fer diferents t\u00e8cniques i molt m\u00e9s.<\/p>\n<p>La principal conclusi\u00f3 del certamen, per part de Conceptum, empresa organitzadora, \u00e9s l&#8217;excel\u00b7lent salut de la qual gaudeix el sector comercial de les manualitats tenint en compte la gran acollida dispensada a la mostra pel p\u00fablic i els alts nivells de visita registrats en els estands.<\/p>\n<p>El visitant ha tingut l&#8217;oportunitat d&#8217;accedir a una completa exposici\u00f3 de botigues de material, bloggers, dissenyadors i creadors de refer\u00e8ncia en el m\u00f3n de les manualitats; associacions professionals i totes les marques que actualment proveeixen de material l&#8217;aficionat\/a a les manualitats, vivint aix\u00ed una experi\u00e8ncia Creativa.<\/p>\n","protected":false},"excerpt":{"rendered":"<p>El Sal\u00f3 Creativa celebrat un cop m\u00e9s a La Farga Centre d&#8217;Activitats s&#8217;ha tancat amb la visita de 23.500 persones, confirmant el creixent inter\u00e8s personal i professional.<\/p>\n","protected":false},"author":1,"featured_media":4505,"comment_status":"closed","ping_status":"closed","sticky":false,"template":"","format":"standard","meta":{"_monsterinsights_skip_tracking":false,"_monsterinsights_sitenote_active":false,"_monsterinsights_sitenote_note":"","_monsterinsights_sitenote_category":0,"footnotes":""},"categories":[83],"tags":[],"class_list":["post-4504","post","type-post","status-publish","format-standard","has-post-thumbnail","hentry","category-noticies"],"yoast_head":"<!-- This site is optimized with the Yoast SEO plugin v27.5 - https:\/\/yoast.com\/product\/yoast-seo-wordpress\/ -->\n<title>Nou \u00e8xit de p\u00fablic a Creativa, amb 23.500 assistents - La Farga L&#039;Hospitalet Centre d&#039;Activitats. La Farga GEM, S.A.<\/title>\n<meta name=\"description\" content=\"El Sal\u00f3 Creativa celebrat un cop m\u00e9s a La Farga Centre d&#039;Activitats s&#039;ha tancat amb la visita de 23.500 persones que han passat pel recinte de L&#039;Hospitalet.\" \/>\n<meta name=\"robots\" content=\"index, follow, max-snippet:-1, max-image-preview:large, max-video-preview:-1\" \/>\n<link rel=\"canonical\" href=\"https:\/\/www.lafargalhospitalet.com\/ca\/nou-exit-public-creativa-23-500-assistents\/\" \/>\n<meta property=\"og:locale\" content=\"ca_ES\" \/>\n<meta property=\"og:type\" content=\"article\" \/>\n<meta property=\"og:title\" content=\"Nou \u00e8xit de p\u00fablic a Creativa, amb 23.500 assistents - La Farga L&#039;Hospitalet Centre d&#039;Activitats. La Farga GEM, S.A.\" \/>\n<meta property=\"og:description\" content=\"El Sal\u00f3 Creativa celebrat un cop m\u00e9s a La Farga Centre d&#039;Activitats s&#039;ha tancat amb la visita de 23.500 persones que han passat pel recinte de L&#039;Hospitalet.\" \/>\n<meta property=\"og:url\" content=\"https:\/\/www.lafargalhospitalet.com\/ca\/nou-exit-public-creativa-23-500-assistents\/\" \/>\n<meta property=\"og:site_name\" content=\"La Farga L&#039;Hospitalet Centre d&#039;Activitats. La Farga GEM, S.A.\" \/>\n<meta property=\"article:publisher\" content=\"https:\/\/www.facebook.com\/fargahospitalet\/\" \/>\n<meta property=\"article:published_time\" content=\"2016-11-07T12:02:11+00:00\" \/>\n<meta property=\"article:modified_time\" content=\"2025-11-03T17:29:04+00:00\" \/>\n<meta property=\"og:image\" content=\"https:\/\/www.lafargalhospitalet.com\/wp-content\/uploads\/2016\/11\/Creativa-16-Farga.jpg\" \/>\n\t<meta property=\"og:image:width\" content=\"730\" \/>\n\t<meta property=\"og:image:height\" content=\"410\" \/>\n\t<meta property=\"og:image:type\" content=\"image\/jpeg\" \/>\n<meta name=\"author\" content=\"La Farga Centre d&#039;Activitats\" \/>\n<meta name=\"twitter:card\" content=\"summary_large_image\" \/>\n<meta name=\"twitter:creator\" content=\"@fargahospitalet\" \/>\n<meta name=\"twitter:site\" content=\"@fargahospitalet\" \/>\n<meta name=\"twitter:label1\" content=\"Escrit per\" \/>\n\t<meta name=\"twitter:data1\" content=\"La Farga Centre d&#039;Activitats\" \/>\n\t<meta name=\"twitter:label2\" content=\"Temps estimat de lectura\" \/>\n\t<meta name=\"twitter:data2\" content=\"2 minuts\" \/>\n<script type=\"application\/ld+json\" class=\"yoast-schema-graph\">{\"@context\":\"https:\\\/\\\/schema.org\",\"@graph\":[{\"@type\":\"Article\",\"@id\":\"https:\\\/\\\/www.lafargalhospitalet.com\\\/ca\\\/nou-exit-public-creativa-23-500-assistents\\\/#article\",\"isPartOf\":{\"@id\":\"https:\\\/\\\/www.lafargalhospitalet.com\\\/ca\\\/nou-exit-public-creativa-23-500-assistents\\\/\"},\"author\":{\"name\":\"La Farga Centre d'Activitats\",\"@id\":\"https:\\\/\\\/www.lafargalhospitalet.com\\\/#\\\/schema\\\/person\\\/6cbac0ef7748506b167ff859e1c7f378\"},\"headline\":\"Nou \u00e8xit de p\u00fablic a Creativa, amb 23.500 assistents\",\"datePublished\":\"2016-11-07T12:02:11+00:00\",\"dateModified\":\"2025-11-03T17:29:04+00:00\",\"mainEntityOfPage\":{\"@id\":\"https:\\\/\\\/www.lafargalhospitalet.com\\\/ca\\\/nou-exit-public-creativa-23-500-assistents\\\/\"},\"wordCount\":491,\"publisher\":{\"@id\":\"https:\\\/\\\/www.lafargalhospitalet.com\\\/#organization\"},\"image\":{\"@id\":\"https:\\\/\\\/www.lafargalhospitalet.com\\\/ca\\\/nou-exit-public-creativa-23-500-assistents\\\/#primaryimage\"},\"thumbnailUrl\":\"https:\\\/\\\/www.lafargalhospitalet.com\\\/wp-content\\\/uploads\\\/2016\\\/11\\\/Creativa-16-Farga.jpg\",\"articleSection\":[\"Noticies\"],\"inLanguage\":\"ca\"},{\"@type\":\"WebPage\",\"@id\":\"https:\\\/\\\/www.lafargalhospitalet.com\\\/ca\\\/nou-exit-public-creativa-23-500-assistents\\\/\",\"url\":\"https:\\\/\\\/www.lafargalhospitalet.com\\\/ca\\\/nou-exit-public-creativa-23-500-assistents\\\/\",\"name\":\"Nou \u00e8xit de p\u00fablic a Creativa, amb 23.500 assistents - La Farga L&#039;Hospitalet Centre d&#039;Activitats. La Farga GEM, S.A.\",\"isPartOf\":{\"@id\":\"https:\\\/\\\/www.lafargalhospitalet.com\\\/#website\"},\"primaryImageOfPage\":{\"@id\":\"https:\\\/\\\/www.lafargalhospitalet.com\\\/ca\\\/nou-exit-public-creativa-23-500-assistents\\\/#primaryimage\"},\"image\":{\"@id\":\"https:\\\/\\\/www.lafargalhospitalet.com\\\/ca\\\/nou-exit-public-creativa-23-500-assistents\\\/#primaryimage\"},\"thumbnailUrl\":\"https:\\\/\\\/www.lafargalhospitalet.com\\\/wp-content\\\/uploads\\\/2016\\\/11\\\/Creativa-16-Farga.jpg\",\"datePublished\":\"2016-11-07T12:02:11+00:00\",\"dateModified\":\"2025-11-03T17:29:04+00:00\",\"description\":\"El Sal\u00f3 Creativa celebrat un cop m\u00e9s a La Farga Centre d'Activitats s'ha tancat amb la visita de 23.500 persones que han passat pel recinte de L'Hospitalet.\",\"breadcrumb\":{\"@id\":\"https:\\\/\\\/www.lafargalhospitalet.com\\\/ca\\\/nou-exit-public-creativa-23-500-assistents\\\/#breadcrumb\"},\"inLanguage\":\"ca\",\"potentialAction\":[{\"@type\":\"ReadAction\",\"target\":[\"https:\\\/\\\/www.lafargalhospitalet.com\\\/ca\\\/nou-exit-public-creativa-23-500-assistents\\\/\"]}]},{\"@type\":\"ImageObject\",\"inLanguage\":\"ca\",\"@id\":\"https:\\\/\\\/www.lafargalhospitalet.com\\\/ca\\\/nou-exit-public-creativa-23-500-assistents\\\/#primaryimage\",\"url\":\"https:\\\/\\\/www.lafargalhospitalet.com\\\/wp-content\\\/uploads\\\/2016\\\/11\\\/Creativa-16-Farga.jpg\",\"contentUrl\":\"https:\\\/\\\/www.lafargalhospitalet.com\\\/wp-content\\\/uploads\\\/2016\\\/11\\\/Creativa-16-Farga.jpg\",\"width\":730,\"height\":410,\"caption\":\"Creativa 23.500\"},{\"@type\":\"BreadcrumbList\",\"@id\":\"https:\\\/\\\/www.lafargalhospitalet.com\\\/ca\\\/nou-exit-public-creativa-23-500-assistents\\\/#breadcrumb\",\"itemListElement\":[{\"@type\":\"ListItem\",\"position\":1,\"name\":\"Portada\",\"item\":\"https:\\\/\\\/www.lafargalhospitalet.com\\\/\"},{\"@type\":\"ListItem\",\"position\":2,\"name\":\"Nou \u00e8xit de p\u00fablic a Creativa, amb 23.500 assistents\"}]},{\"@type\":\"WebSite\",\"@id\":\"https:\\\/\\\/www.lafargalhospitalet.com\\\/#website\",\"url\":\"https:\\\/\\\/www.lafargalhospitalet.com\\\/\",\"name\":\"La Farga L'Hospitalet Centre d'Activitats. La Farga GEM, S.A.\",\"description\":\"La Farga L&#039;Hospitalet Centre d&#039;Activitats. Gestionat per La Farga GEM, S.A. Fires i Congressos. Concerts, exposicions, reunions, filmacions, sopars de gala.\",\"publisher\":{\"@id\":\"https:\\\/\\\/www.lafargalhospitalet.com\\\/#organization\"},\"potentialAction\":[{\"@type\":\"SearchAction\",\"target\":{\"@type\":\"EntryPoint\",\"urlTemplate\":\"https:\\\/\\\/www.lafargalhospitalet.com\\\/?s={search_term_string}\"},\"query-input\":{\"@type\":\"PropertyValueSpecification\",\"valueRequired\":true,\"valueName\":\"search_term_string\"}}],\"inLanguage\":\"ca\"},{\"@type\":\"Organization\",\"@id\":\"https:\\\/\\\/www.lafargalhospitalet.com\\\/#organization\",\"name\":\"La Farga L'Hospitalet Centre d'Activitats. La Farga GEM, S.A.\",\"url\":\"https:\\\/\\\/www.lafargalhospitalet.com\\\/\",\"logo\":{\"@type\":\"ImageObject\",\"inLanguage\":\"ca\",\"@id\":\"https:\\\/\\\/www.lafargalhospitalet.com\\\/#\\\/schema\\\/logo\\\/image\\\/\",\"url\":\"https:\\\/\\\/www.lafargalhospitalet.com\\\/wp-content\\\/uploads\\\/2025\\\/10\\\/logotipo_lafarga_centre_activitats.png\",\"contentUrl\":\"https:\\\/\\\/www.lafargalhospitalet.com\\\/wp-content\\\/uploads\\\/2025\\\/10\\\/logotipo_lafarga_centre_activitats.png\",\"width\":266,\"height\":101,\"caption\":\"La Farga L'Hospitalet Centre d'Activitats. La Farga GEM, S.A.\"},\"image\":{\"@id\":\"https:\\\/\\\/www.lafargalhospitalet.com\\\/#\\\/schema\\\/logo\\\/image\\\/\"},\"sameAs\":[\"https:\\\/\\\/www.facebook.com\\\/fargahospitalet\\\/\",\"https:\\\/\\\/x.com\\\/fargahospitalet\",\"https:\\\/\\\/www.instagram.com\\\/lafargahospitalet\\\/\",\"https:\\\/\\\/www.youtube.com\\\/channel\\\/UCoLt6hen3PqGXgbLMGI3Qdw\",\"https:\\\/\\\/www.flickr.com\\\/photos\\\/lafargagemsa\\\/albums\"]},{\"@type\":\"Person\",\"@id\":\"https:\\\/\\\/www.lafargalhospitalet.com\\\/#\\\/schema\\\/person\\\/6cbac0ef7748506b167ff859e1c7f378\",\"name\":\"La Farga Centre d'Activitats\",\"sameAs\":[\"https:\\\/\\\/www.lafargalhospitalet.com\"],\"url\":\"https:\\\/\\\/www.lafargalhospitalet.com\\\/ca\\\/author\\\/far25gmin\\\/\"}]}<\/script>\n<!-- \/ Yoast SEO plugin. -->","yoast_head_json":{"title":"Nou \u00e8xit de p\u00fablic a Creativa, amb 23.500 assistents - La Farga L&#039;Hospitalet Centre d&#039;Activitats. La Farga GEM, S.A.","description":"El Sal\u00f3 Creativa celebrat un cop m\u00e9s a La Farga Centre d'Activitats s'ha tancat amb la visita de 23.500 persones que han passat pel recinte de L'Hospitalet.","robots":{"index":"index","follow":"follow","max-snippet":"max-snippet:-1","max-image-preview":"max-image-preview:large","max-video-preview":"max-video-preview:-1"},"canonical":"https:\/\/www.lafargalhospitalet.com\/ca\/nou-exit-public-creativa-23-500-assistents\/","og_locale":"ca_ES","og_type":"article","og_title":"Nou \u00e8xit de p\u00fablic a Creativa, amb 23.500 assistents - La Farga L&#039;Hospitalet Centre d&#039;Activitats. La Farga GEM, S.A.","og_description":"El Sal\u00f3 Creativa celebrat un cop m\u00e9s a La Farga Centre d'Activitats s'ha tancat amb la visita de 23.500 persones que han passat pel recinte de L'Hospitalet.","og_url":"https:\/\/www.lafargalhospitalet.com\/ca\/nou-exit-public-creativa-23-500-assistents\/","og_site_name":"La Farga L&#039;Hospitalet Centre d&#039;Activitats. La Farga GEM, S.A.","article_publisher":"https:\/\/www.facebook.com\/fargahospitalet\/","article_published_time":"2016-11-07T12:02:11+00:00","article_modified_time":"2025-11-03T17:29:04+00:00","og_image":[{"width":730,"height":410,"url":"https:\/\/www.lafargalhospitalet.com\/wp-content\/uploads\/2016\/11\/Creativa-16-Farga.jpg","type":"image\/jpeg"}],"author":"La Farga Centre d'Activitats","twitter_card":"summary_large_image","twitter_creator":"@fargahospitalet","twitter_site":"@fargahospitalet","twitter_misc":{"Escrit per":"La Farga Centre d'Activitats","Temps estimat de lectura":"2 minuts"},"schema":{"@context":"https:\/\/schema.org","@graph":[{"@type":"Article","@id":"https:\/\/www.lafargalhospitalet.com\/ca\/nou-exit-public-creativa-23-500-assistents\/#article","isPartOf":{"@id":"https:\/\/www.lafargalhospitalet.com\/ca\/nou-exit-public-creativa-23-500-assistents\/"},"author":{"name":"La Farga Centre d'Activitats","@id":"https:\/\/www.lafargalhospitalet.com\/#\/schema\/person\/6cbac0ef7748506b167ff859e1c7f378"},"headline":"Nou \u00e8xit de p\u00fablic a Creativa, amb 23.500 assistents","datePublished":"2016-11-07T12:02:11+00:00","dateModified":"2025-11-03T17:29:04+00:00","mainEntityOfPage":{"@id":"https:\/\/www.lafargalhospitalet.com\/ca\/nou-exit-public-creativa-23-500-assistents\/"},"wordCount":491,"publisher":{"@id":"https:\/\/www.lafargalhospitalet.com\/#organization"},"image":{"@id":"https:\/\/www.lafargalhospitalet.com\/ca\/nou-exit-public-creativa-23-500-assistents\/#primaryimage"},"thumbnailUrl":"https:\/\/www.lafargalhospitalet.com\/wp-content\/uploads\/2016\/11\/Creativa-16-Farga.jpg","articleSection":["Noticies"],"inLanguage":"ca"},{"@type":"WebPage","@id":"https:\/\/www.lafargalhospitalet.com\/ca\/nou-exit-public-creativa-23-500-assistents\/","url":"https:\/\/www.lafargalhospitalet.com\/ca\/nou-exit-public-creativa-23-500-assistents\/","name":"Nou \u00e8xit de p\u00fablic a Creativa, amb 23.500 assistents - La Farga L&#039;Hospitalet Centre d&#039;Activitats. La Farga GEM, S.A.","isPartOf":{"@id":"https:\/\/www.lafargalhospitalet.com\/#website"},"primaryImageOfPage":{"@id":"https:\/\/www.lafargalhospitalet.com\/ca\/nou-exit-public-creativa-23-500-assistents\/#primaryimage"},"image":{"@id":"https:\/\/www.lafargalhospitalet.com\/ca\/nou-exit-public-creativa-23-500-assistents\/#primaryimage"},"thumbnailUrl":"https:\/\/www.lafargalhospitalet.com\/wp-content\/uploads\/2016\/11\/Creativa-16-Farga.jpg","datePublished":"2016-11-07T12:02:11+00:00","dateModified":"2025-11-03T17:29:04+00:00","description":"El Sal\u00f3 Creativa celebrat un cop m\u00e9s a La Farga Centre d'Activitats s'ha tancat amb la visita de 23.500 persones que han passat pel recinte de L'Hospitalet.","breadcrumb":{"@id":"https:\/\/www.lafargalhospitalet.com\/ca\/nou-exit-public-creativa-23-500-assistents\/#breadcrumb"},"inLanguage":"ca","potentialAction":[{"@type":"ReadAction","target":["https:\/\/www.lafargalhospitalet.com\/ca\/nou-exit-public-creativa-23-500-assistents\/"]}]},{"@type":"ImageObject","inLanguage":"ca","@id":"https:\/\/www.lafargalhospitalet.com\/ca\/nou-exit-public-creativa-23-500-assistents\/#primaryimage","url":"https:\/\/www.lafargalhospitalet.com\/wp-content\/uploads\/2016\/11\/Creativa-16-Farga.jpg","contentUrl":"https:\/\/www.lafargalhospitalet.com\/wp-content\/uploads\/2016\/11\/Creativa-16-Farga.jpg","width":730,"height":410,"caption":"Creativa 23.500"},{"@type":"BreadcrumbList","@id":"https:\/\/www.lafargalhospitalet.com\/ca\/nou-exit-public-creativa-23-500-assistents\/#breadcrumb","itemListElement":[{"@type":"ListItem","position":1,"name":"Portada","item":"https:\/\/www.lafargalhospitalet.com\/"},{"@type":"ListItem","position":2,"name":"Nou \u00e8xit de p\u00fablic a Creativa, amb 23.500 assistents"}]},{"@type":"WebSite","@id":"https:\/\/www.lafargalhospitalet.com\/#website","url":"https:\/\/www.lafargalhospitalet.com\/","name":"La Farga L'Hospitalet Centre d'Activitats. La Farga GEM, S.A.","description":"La Farga L&#039;Hospitalet Centre d&#039;Activitats. Gestionat per La Farga GEM, S.A. Fires i Congressos. Concerts, exposicions, reunions, filmacions, sopars de gala.","publisher":{"@id":"https:\/\/www.lafargalhospitalet.com\/#organization"},"potentialAction":[{"@type":"SearchAction","target":{"@type":"EntryPoint","urlTemplate":"https:\/\/www.lafargalhospitalet.com\/?s={search_term_string}"},"query-input":{"@type":"PropertyValueSpecification","valueRequired":true,"valueName":"search_term_string"}}],"inLanguage":"ca"},{"@type":"Organization","@id":"https:\/\/www.lafargalhospitalet.com\/#organization","name":"La Farga L'Hospitalet Centre d'Activitats. La Farga GEM, S.A.","url":"https:\/\/www.lafargalhospitalet.com\/","logo":{"@type":"ImageObject","inLanguage":"ca","@id":"https:\/\/www.lafargalhospitalet.com\/#\/schema\/logo\/image\/","url":"https:\/\/www.lafargalhospitalet.com\/wp-content\/uploads\/2025\/10\/logotipo_lafarga_centre_activitats.png","contentUrl":"https:\/\/www.lafargalhospitalet.com\/wp-content\/uploads\/2025\/10\/logotipo_lafarga_centre_activitats.png","width":266,"height":101,"caption":"La Farga L'Hospitalet Centre d'Activitats. La Farga GEM, S.A."},"image":{"@id":"https:\/\/www.lafargalhospitalet.com\/#\/schema\/logo\/image\/"},"sameAs":["https:\/\/www.facebook.com\/fargahospitalet\/","https:\/\/x.com\/fargahospitalet","https:\/\/www.instagram.com\/lafargahospitalet\/","https:\/\/www.youtube.com\/channel\/UCoLt6hen3PqGXgbLMGI3Qdw","https:\/\/www.flickr.com\/photos\/lafargagemsa\/albums"]},{"@type":"Person","@id":"https:\/\/www.lafargalhospitalet.com\/#\/schema\/person\/6cbac0ef7748506b167ff859e1c7f378","name":"La Farga Centre d'Activitats","sameAs":["https:\/\/www.lafargalhospitalet.com"],"url":"https:\/\/www.lafargalhospitalet.com\/ca\/author\/far25gmin\/"}]}},"_links":{"self":[{"href":"https:\/\/www.lafargalhospitalet.com\/ca\/wp-json\/wp\/v2\/posts\/4504","targetHints":{"allow":["GET"]}}],"collection":[{"href":"https:\/\/www.lafargalhospitalet.com\/ca\/wp-json\/wp\/v2\/posts"}],"about":[{"href":"https:\/\/www.lafargalhospitalet.com\/ca\/wp-json\/wp\/v2\/types\/post"}],"author":[{"embeddable":true,"href":"https:\/\/www.lafargalhospitalet.com\/ca\/wp-json\/wp\/v2\/users\/1"}],"replies":[{"embeddable":true,"href":"https:\/\/www.lafargalhospitalet.com\/ca\/wp-json\/wp\/v2\/comments?post=4504"}],"version-history":[{"count":0,"href":"https:\/\/www.lafargalhospitalet.com\/ca\/wp-json\/wp\/v2\/posts\/4504\/revisions"}],"wp:featuredmedia":[{"embeddable":true,"href":"https:\/\/www.lafargalhospitalet.com\/ca\/wp-json\/wp\/v2\/media\/4505"}],"wp:attachment":[{"href":"https:\/\/www.lafargalhospitalet.com\/ca\/wp-json\/wp\/v2\/media?parent=4504"}],"wp:term":[{"taxonomy":"category","embeddable":true,"href":"https:\/\/www.lafargalhospitalet.com\/ca\/wp-json\/wp\/v2\/categories?post=4504"},{"taxonomy":"post_tag","embeddable":true,"href":"https:\/\/www.lafargalhospitalet.com\/ca\/wp-json\/wp\/v2\/tags?post=4504"}],"curies":[{"name":"wp","href":"https:\/\/api.w.org\/{rel}","templated":true}]}}