{"id":4518,"date":"2016-11-18T13:17:16","date_gmt":"2016-11-18T12:17:16","guid":{"rendered":"http:\/\/www.lafargalhospitalet.com\/?p=4518"},"modified":"2025-11-03T18:29:04","modified_gmt":"2025-11-03T17:29:04","slug":"farga-acollira-kaliu-park-espai-ludic-nadal","status":"publish","type":"post","link":"https:\/\/www.lafargalhospitalet.com\/ca\/farga-acollira-kaliu-park-espai-ludic-nadal\/","title":{"rendered":"La Farga acollir\u00e0 el Kaliu Park, Espai L\u00fadic de Nadal"},"content":{"rendered":"<h5>El nou espai d\u2019oci familiar, amb diferents atraccions per a tots els p\u00fablics, s\u2019instal\u00b7la a La Farga del 2 de desembre al 8 de gener<\/h5>\n<p>La Farga de L\u2019Hospitalet i <strong><a href=\"http:\/\/www.ap-productions.org\/ca\/welcome\" target=\"_blank\">AP Productions<\/a><\/strong>, amb la col\u00b7laboraci\u00f3 de l\u2019<strong><a href=\"http:\/\/www.l-h.cat\/\" target=\"_blank\">Ajuntament de L\u2019Hospitalet<\/a><\/strong>, impulsen el nou Kaliu Park, Espai L\u00fadic de Nadal de L\u2019Hospitalet, tot un seguit d\u2019activitats l\u00fadiques, infantils i esportives amb els 8.500 m2 de tot el recinte hospitalenc ocupats d\u2019oci, diversi\u00f3 i entreteniment per a tots els p\u00fablics.<\/p>\n<p>Kaliu Park ens proposa un indret on el joc ens permetr\u00e0 crear un espai de relaci\u00f3 entre mares\/pares, filles i fills, \u00fanic i extraordinari en qu\u00e8 es potencia la comunicaci\u00f3, s\u2019enforteixen els lla\u00e7os de relaci\u00f3 i es descobreixen sentiments i emocions. L\u2019espai estar\u00e0 ambientat amb m\u00fasica i efectes de llum per tal de crear sensacions i experi\u00e8ncies en el decurs de l\u2019estada.<\/p>\n<p>A Kaliu Park trobarem des d\u2019un roc\u00f2drom inflable, karts ecol\u00f2gics, taller de maquillatge, taller de rob\u00f2tica, un arbre m\u00e0gic que parla i explica contes, un pou dels bons desitjos en un suggeridor Bosc encantat, el M\u00f3n de joc, entre moltes altres activitats, per convertir La Farga en un espai amb car\u00e0cter i din\u00e0miques pr\u00f2pies durant el per\u00edode nadalenc.<\/p>\n<h5>La Pista de Gel, la m\u00e9s gran superf\u00edcie d\u2019arreu d\u2019Europa, amb un espectacular Tobogan de Gel complementen l\u2019oferta d\u2019activitats l\u00fadiques previstes<\/h5>\n<p>La <strong><a href=\"https:\/\/www.lafargalhospitalet.com\/224-000-visitants-passen-per-la-pista-de-gel-de-la-farga\/\" target=\"_blank\">Pista de Gel<\/a><\/strong> ser\u00e0 una de les grans atraccions del Kaliu Park. Aquesta instal\u00b7laci\u00f3 \u00e9s una de les m\u00e9s emblem\u00e0tiques pistes de patinatge sobre gel urbanes d\u2019Europa, consolidada i celebrada instal\u00b7laci\u00f3 d\u2019oci familiar, que dinamitza el Nadal a la ciutat. Amb la pista de patinatge sobre gel de 1.600 m2 (amb 300m2 de pista infantil amb monitors especialitzats) tampoc no hi faltaran espectacles o fascinants exhibicions de patinatge art\u00edstic.<\/p>\n<p>L\u2019espai, que tamb\u00e9 acull l\u2019espectacular tobogan de gel per adults, joves i infants arriba enguany als 50 metres de longitud i 16 d\u2019amplada.<\/p>\n<p>D\u2019altra banda al Kaliu Park, els nens i les nenes podran veure en persona el Pare Noel del 2 a al 24 de desembre, i el patge reial de Ses Majestats els Reis Mags d\u2019Orient, que des del diumenge dia 25 recollir\u00e0 les cartes.<\/p>\n<p>L\u2019horari previst de funcionament de la instal\u00b7laci\u00f3 ser\u00e0 de les 11 a les 21 hores els dies feiners i fins a les 22 hores les nits de divendres, dissabtes i vig\u00edlia d\u2019una jornada festiva.<\/p>\n<p>El Kaliu Park \u00e9s un espai obert i d\u2019acc\u00e9s lliure a tots les activitats, excepte per a la Pista de Gel. Segons la modalitat i el temps que s\u2019esculli, s\u2019estableixen tarifes des dels 5 fins als 12 euros per accedir a la pista de patinatge (inclou el lloguer de patins i casc) i\/o el tobogan de gel. Els tiquets es podran adquirir tamb\u00e9 a <strong><a href=\"http:\/\/www.bargelona.cat\" target=\"_blank\">www.bargelona.cat<\/a><\/strong>.<\/p>\n<p>Durant la jornada inaugural del divendres 2 de desembre (de 16 a 22 hores) s\u2019estableix un preu molt especial de 3 euros per mitja hora de patinatge o tres baixades pel tobogan de gel.<\/p>\n<p>Les comunicacions amb el recinte firal de La Farga de L\u2019Hospitalet s\u00f3n excel\u00b7lents amb estacions properes de metro de la l\u00ednia 1 de Rambla Just Oliveras o de l\u2019Avinguda del Carrilet; l\u2019estaci\u00f3 de Renfe de L\u2019Hospitalet; la de L\u2019Hospitalet &#8211; avinguda del Carrilet dels FGC, o els autobusos des de Barcelona de la l\u00ednia L12 (Pla\u00e7a de Maria Cristina) o la L52 des de la pla\u00e7a d\u2019Espanya.<\/p>\n","protected":false},"excerpt":{"rendered":"<p>La Pista de Gel, la m\u00e9s gran superf\u00edcie d\u2019arreu d\u2019Europa, amb un espectacular Tobogan de Gel complementen l\u2019oferta d\u2019activitats l\u00fadiques previstes.<\/p>\n","protected":false},"author":1,"featured_media":4519,"comment_status":"closed","ping_status":"closed","sticky":false,"template":"","format":"standard","meta":{"_monsterinsights_skip_tracking":false,"_monsterinsights_sitenote_active":false,"_monsterinsights_sitenote_note":"","_monsterinsights_sitenote_category":0,"footnotes":""},"categories":[83],"tags":[],"class_list":["post-4518","post","type-post","status-publish","format-standard","has-post-thumbnail","hentry","category-noticies"],"yoast_head":"<!-- This site is optimized with the Yoast SEO plugin v27.5 - https:\/\/yoast.com\/product\/yoast-seo-wordpress\/ -->\n<title>La Farga acollir\u00e0 el Kaliu Park, Espai L\u00fadic de Nadal - La Farga L&#039;Hospitalet Centre d&#039;Activitats. La Farga GEM, S.A.<\/title>\n<meta name=\"description\" content=\"La Farga de L\u2019Hospitalet i AP Productions, amb la col\u00b7laboraci\u00f3 de l\u2019Ajuntament impulsen el nou Kaliu Park, Espai L\u00fadic de Nadal de L\u2019Hospitalet.\" \/>\n<meta name=\"robots\" content=\"index, follow, max-snippet:-1, max-image-preview:large, max-video-preview:-1\" \/>\n<link rel=\"canonical\" href=\"https:\/\/www.lafargalhospitalet.com\/ca\/farga-acollira-kaliu-park-espai-ludic-nadal\/\" \/>\n<meta property=\"og:locale\" content=\"ca_ES\" \/>\n<meta property=\"og:type\" content=\"article\" \/>\n<meta property=\"og:title\" content=\"La Farga acollir\u00e0 el Kaliu Park, Espai L\u00fadic de Nadal - La Farga L&#039;Hospitalet Centre d&#039;Activitats. La Farga GEM, S.A.\" \/>\n<meta property=\"og:description\" content=\"La Farga de L\u2019Hospitalet i AP Productions, amb la col\u00b7laboraci\u00f3 de l\u2019Ajuntament impulsen el nou Kaliu Park, Espai L\u00fadic de Nadal de L\u2019Hospitalet.\" \/>\n<meta property=\"og:url\" content=\"https:\/\/www.lafargalhospitalet.com\/ca\/farga-acollira-kaliu-park-espai-ludic-nadal\/\" \/>\n<meta property=\"og:site_name\" content=\"La Farga L&#039;Hospitalet Centre d&#039;Activitats. La Farga GEM, S.A.\" \/>\n<meta property=\"article:publisher\" content=\"https:\/\/www.facebook.com\/fargahospitalet\/\" \/>\n<meta property=\"article:published_time\" content=\"2016-11-18T12:17:16+00:00\" \/>\n<meta property=\"article:modified_time\" content=\"2025-11-03T17:29:04+00:00\" \/>\n<meta property=\"og:image\" content=\"https:\/\/www.lafargalhospitalet.com\/wp-content\/uploads\/2016\/11\/Kaliu-Park-Farga.jpg\" \/>\n\t<meta property=\"og:image:width\" content=\"730\" \/>\n\t<meta property=\"og:image:height\" content=\"410\" \/>\n\t<meta property=\"og:image:type\" content=\"image\/jpeg\" \/>\n<meta name=\"author\" content=\"La Farga Centre d&#039;Activitats\" \/>\n<meta name=\"twitter:card\" content=\"summary_large_image\" \/>\n<meta name=\"twitter:creator\" content=\"@fargahospitalet\" \/>\n<meta name=\"twitter:site\" content=\"@fargahospitalet\" \/>\n<meta name=\"twitter:label1\" content=\"Escrit per\" \/>\n\t<meta name=\"twitter:data1\" content=\"La Farga Centre d&#039;Activitats\" \/>\n\t<meta name=\"twitter:label2\" content=\"Temps estimat de lectura\" \/>\n\t<meta name=\"twitter:data2\" content=\"3 minuts\" \/>\n<script type=\"application\/ld+json\" class=\"yoast-schema-graph\">{\"@context\":\"https:\\\/\\\/schema.org\",\"@graph\":[{\"@type\":\"Article\",\"@id\":\"https:\\\/\\\/www.lafargalhospitalet.com\\\/ca\\\/farga-acollira-kaliu-park-espai-ludic-nadal\\\/#article\",\"isPartOf\":{\"@id\":\"https:\\\/\\\/www.lafargalhospitalet.com\\\/ca\\\/farga-acollira-kaliu-park-espai-ludic-nadal\\\/\"},\"author\":{\"name\":\"La Farga Centre d'Activitats\",\"@id\":\"https:\\\/\\\/www.lafargalhospitalet.com\\\/#\\\/schema\\\/person\\\/6cbac0ef7748506b167ff859e1c7f378\"},\"headline\":\"La Farga acollir\u00e0 el Kaliu Park, Espai L\u00fadic de Nadal\",\"datePublished\":\"2016-11-18T12:17:16+00:00\",\"dateModified\":\"2025-11-03T17:29:04+00:00\",\"mainEntityOfPage\":{\"@id\":\"https:\\\/\\\/www.lafargalhospitalet.com\\\/ca\\\/farga-acollira-kaliu-park-espai-ludic-nadal\\\/\"},\"wordCount\":621,\"publisher\":{\"@id\":\"https:\\\/\\\/www.lafargalhospitalet.com\\\/#organization\"},\"image\":{\"@id\":\"https:\\\/\\\/www.lafargalhospitalet.com\\\/ca\\\/farga-acollira-kaliu-park-espai-ludic-nadal\\\/#primaryimage\"},\"thumbnailUrl\":\"https:\\\/\\\/www.lafargalhospitalet.com\\\/wp-content\\\/uploads\\\/2016\\\/11\\\/Kaliu-Park-Farga.jpg\",\"articleSection\":[\"Noticies\"],\"inLanguage\":\"ca\"},{\"@type\":\"WebPage\",\"@id\":\"https:\\\/\\\/www.lafargalhospitalet.com\\\/ca\\\/farga-acollira-kaliu-park-espai-ludic-nadal\\\/\",\"url\":\"https:\\\/\\\/www.lafargalhospitalet.com\\\/ca\\\/farga-acollira-kaliu-park-espai-ludic-nadal\\\/\",\"name\":\"La Farga acollir\u00e0 el Kaliu Park, Espai L\u00fadic de Nadal - La Farga L&#039;Hospitalet Centre d&#039;Activitats. La Farga GEM, S.A.\",\"isPartOf\":{\"@id\":\"https:\\\/\\\/www.lafargalhospitalet.com\\\/#website\"},\"primaryImageOfPage\":{\"@id\":\"https:\\\/\\\/www.lafargalhospitalet.com\\\/ca\\\/farga-acollira-kaliu-park-espai-ludic-nadal\\\/#primaryimage\"},\"image\":{\"@id\":\"https:\\\/\\\/www.lafargalhospitalet.com\\\/ca\\\/farga-acollira-kaliu-park-espai-ludic-nadal\\\/#primaryimage\"},\"thumbnailUrl\":\"https:\\\/\\\/www.lafargalhospitalet.com\\\/wp-content\\\/uploads\\\/2016\\\/11\\\/Kaliu-Park-Farga.jpg\",\"datePublished\":\"2016-11-18T12:17:16+00:00\",\"dateModified\":\"2025-11-03T17:29:04+00:00\",\"description\":\"La Farga de L\u2019Hospitalet i AP Productions, amb la col\u00b7laboraci\u00f3 de l\u2019Ajuntament impulsen el nou Kaliu Park, Espai L\u00fadic de Nadal de L\u2019Hospitalet.\",\"breadcrumb\":{\"@id\":\"https:\\\/\\\/www.lafargalhospitalet.com\\\/ca\\\/farga-acollira-kaliu-park-espai-ludic-nadal\\\/#breadcrumb\"},\"inLanguage\":\"ca\",\"potentialAction\":[{\"@type\":\"ReadAction\",\"target\":[\"https:\\\/\\\/www.lafargalhospitalet.com\\\/ca\\\/farga-acollira-kaliu-park-espai-ludic-nadal\\\/\"]}]},{\"@type\":\"ImageObject\",\"inLanguage\":\"ca\",\"@id\":\"https:\\\/\\\/www.lafargalhospitalet.com\\\/ca\\\/farga-acollira-kaliu-park-espai-ludic-nadal\\\/#primaryimage\",\"url\":\"https:\\\/\\\/www.lafargalhospitalet.com\\\/wp-content\\\/uploads\\\/2016\\\/11\\\/Kaliu-Park-Farga.jpg\",\"contentUrl\":\"https:\\\/\\\/www.lafargalhospitalet.com\\\/wp-content\\\/uploads\\\/2016\\\/11\\\/Kaliu-Park-Farga.jpg\",\"width\":730,\"height\":410,\"caption\":\"Kaliu Park Farga\"},{\"@type\":\"BreadcrumbList\",\"@id\":\"https:\\\/\\\/www.lafargalhospitalet.com\\\/ca\\\/farga-acollira-kaliu-park-espai-ludic-nadal\\\/#breadcrumb\",\"itemListElement\":[{\"@type\":\"ListItem\",\"position\":1,\"name\":\"Portada\",\"item\":\"https:\\\/\\\/www.lafargalhospitalet.com\\\/\"},{\"@type\":\"ListItem\",\"position\":2,\"name\":\"La Farga acollir\u00e0 el Kaliu Park, Espai L\u00fadic de Nadal\"}]},{\"@type\":\"WebSite\",\"@id\":\"https:\\\/\\\/www.lafargalhospitalet.com\\\/#website\",\"url\":\"https:\\\/\\\/www.lafargalhospitalet.com\\\/\",\"name\":\"La Farga L'Hospitalet Centre d'Activitats. La Farga GEM, S.A.\",\"description\":\"La Farga L&#039;Hospitalet Centre d&#039;Activitats. Gestionat per La Farga GEM, S.A. Fires i Congressos. Concerts, exposicions, reunions, filmacions, sopars de gala.\",\"publisher\":{\"@id\":\"https:\\\/\\\/www.lafargalhospitalet.com\\\/#organization\"},\"potentialAction\":[{\"@type\":\"SearchAction\",\"target\":{\"@type\":\"EntryPoint\",\"urlTemplate\":\"https:\\\/\\\/www.lafargalhospitalet.com\\\/?s={search_term_string}\"},\"query-input\":{\"@type\":\"PropertyValueSpecification\",\"valueRequired\":true,\"valueName\":\"search_term_string\"}}],\"inLanguage\":\"ca\"},{\"@type\":\"Organization\",\"@id\":\"https:\\\/\\\/www.lafargalhospitalet.com\\\/#organization\",\"name\":\"La Farga L'Hospitalet Centre d'Activitats. La Farga GEM, S.A.\",\"url\":\"https:\\\/\\\/www.lafargalhospitalet.com\\\/\",\"logo\":{\"@type\":\"ImageObject\",\"inLanguage\":\"ca\",\"@id\":\"https:\\\/\\\/www.lafargalhospitalet.com\\\/#\\\/schema\\\/logo\\\/image\\\/\",\"url\":\"https:\\\/\\\/www.lafargalhospitalet.com\\\/wp-content\\\/uploads\\\/2025\\\/10\\\/logotipo_lafarga_centre_activitats.png\",\"contentUrl\":\"https:\\\/\\\/www.lafargalhospitalet.com\\\/wp-content\\\/uploads\\\/2025\\\/10\\\/logotipo_lafarga_centre_activitats.png\",\"width\":266,\"height\":101,\"caption\":\"La Farga L'Hospitalet Centre d'Activitats. La Farga GEM, S.A.\"},\"image\":{\"@id\":\"https:\\\/\\\/www.lafargalhospitalet.com\\\/#\\\/schema\\\/logo\\\/image\\\/\"},\"sameAs\":[\"https:\\\/\\\/www.facebook.com\\\/fargahospitalet\\\/\",\"https:\\\/\\\/x.com\\\/fargahospitalet\",\"https:\\\/\\\/www.instagram.com\\\/lafargahospitalet\\\/\",\"https:\\\/\\\/www.youtube.com\\\/channel\\\/UCoLt6hen3PqGXgbLMGI3Qdw\",\"https:\\\/\\\/www.flickr.com\\\/photos\\\/lafargagemsa\\\/albums\"]},{\"@type\":\"Person\",\"@id\":\"https:\\\/\\\/www.lafargalhospitalet.com\\\/#\\\/schema\\\/person\\\/6cbac0ef7748506b167ff859e1c7f378\",\"name\":\"La Farga Centre d'Activitats\",\"sameAs\":[\"https:\\\/\\\/www.lafargalhospitalet.com\"],\"url\":\"https:\\\/\\\/www.lafargalhospitalet.com\\\/ca\\\/author\\\/far25gmin\\\/\"}]}<\/script>\n<!-- \/ Yoast SEO plugin. -->","yoast_head_json":{"title":"La Farga acollir\u00e0 el Kaliu Park, Espai L\u00fadic de Nadal - La Farga L&#039;Hospitalet Centre d&#039;Activitats. La Farga GEM, S.A.","description":"La Farga de L\u2019Hospitalet i AP Productions, amb la col\u00b7laboraci\u00f3 de l\u2019Ajuntament impulsen el nou Kaliu Park, Espai L\u00fadic de Nadal de L\u2019Hospitalet.","robots":{"index":"index","follow":"follow","max-snippet":"max-snippet:-1","max-image-preview":"max-image-preview:large","max-video-preview":"max-video-preview:-1"},"canonical":"https:\/\/www.lafargalhospitalet.com\/ca\/farga-acollira-kaliu-park-espai-ludic-nadal\/","og_locale":"ca_ES","og_type":"article","og_title":"La Farga acollir\u00e0 el Kaliu Park, Espai L\u00fadic de Nadal - La Farga L&#039;Hospitalet Centre d&#039;Activitats. La Farga GEM, S.A.","og_description":"La Farga de L\u2019Hospitalet i AP Productions, amb la col\u00b7laboraci\u00f3 de l\u2019Ajuntament impulsen el nou Kaliu Park, Espai L\u00fadic de Nadal de L\u2019Hospitalet.","og_url":"https:\/\/www.lafargalhospitalet.com\/ca\/farga-acollira-kaliu-park-espai-ludic-nadal\/","og_site_name":"La Farga L&#039;Hospitalet Centre d&#039;Activitats. La Farga GEM, S.A.","article_publisher":"https:\/\/www.facebook.com\/fargahospitalet\/","article_published_time":"2016-11-18T12:17:16+00:00","article_modified_time":"2025-11-03T17:29:04+00:00","og_image":[{"width":730,"height":410,"url":"https:\/\/www.lafargalhospitalet.com\/wp-content\/uploads\/2016\/11\/Kaliu-Park-Farga.jpg","type":"image\/jpeg"}],"author":"La Farga Centre d'Activitats","twitter_card":"summary_large_image","twitter_creator":"@fargahospitalet","twitter_site":"@fargahospitalet","twitter_misc":{"Escrit per":"La Farga Centre d'Activitats","Temps estimat de lectura":"3 minuts"},"schema":{"@context":"https:\/\/schema.org","@graph":[{"@type":"Article","@id":"https:\/\/www.lafargalhospitalet.com\/ca\/farga-acollira-kaliu-park-espai-ludic-nadal\/#article","isPartOf":{"@id":"https:\/\/www.lafargalhospitalet.com\/ca\/farga-acollira-kaliu-park-espai-ludic-nadal\/"},"author":{"name":"La Farga Centre d'Activitats","@id":"https:\/\/www.lafargalhospitalet.com\/#\/schema\/person\/6cbac0ef7748506b167ff859e1c7f378"},"headline":"La Farga acollir\u00e0 el Kaliu Park, Espai L\u00fadic de Nadal","datePublished":"2016-11-18T12:17:16+00:00","dateModified":"2025-11-03T17:29:04+00:00","mainEntityOfPage":{"@id":"https:\/\/www.lafargalhospitalet.com\/ca\/farga-acollira-kaliu-park-espai-ludic-nadal\/"},"wordCount":621,"publisher":{"@id":"https:\/\/www.lafargalhospitalet.com\/#organization"},"image":{"@id":"https:\/\/www.lafargalhospitalet.com\/ca\/farga-acollira-kaliu-park-espai-ludic-nadal\/#primaryimage"},"thumbnailUrl":"https:\/\/www.lafargalhospitalet.com\/wp-content\/uploads\/2016\/11\/Kaliu-Park-Farga.jpg","articleSection":["Noticies"],"inLanguage":"ca"},{"@type":"WebPage","@id":"https:\/\/www.lafargalhospitalet.com\/ca\/farga-acollira-kaliu-park-espai-ludic-nadal\/","url":"https:\/\/www.lafargalhospitalet.com\/ca\/farga-acollira-kaliu-park-espai-ludic-nadal\/","name":"La Farga acollir\u00e0 el Kaliu Park, Espai L\u00fadic de Nadal - La Farga L&#039;Hospitalet Centre d&#039;Activitats. La Farga GEM, S.A.","isPartOf":{"@id":"https:\/\/www.lafargalhospitalet.com\/#website"},"primaryImageOfPage":{"@id":"https:\/\/www.lafargalhospitalet.com\/ca\/farga-acollira-kaliu-park-espai-ludic-nadal\/#primaryimage"},"image":{"@id":"https:\/\/www.lafargalhospitalet.com\/ca\/farga-acollira-kaliu-park-espai-ludic-nadal\/#primaryimage"},"thumbnailUrl":"https:\/\/www.lafargalhospitalet.com\/wp-content\/uploads\/2016\/11\/Kaliu-Park-Farga.jpg","datePublished":"2016-11-18T12:17:16+00:00","dateModified":"2025-11-03T17:29:04+00:00","description":"La Farga de L\u2019Hospitalet i AP Productions, amb la col\u00b7laboraci\u00f3 de l\u2019Ajuntament impulsen el nou Kaliu Park, Espai L\u00fadic de Nadal de L\u2019Hospitalet.","breadcrumb":{"@id":"https:\/\/www.lafargalhospitalet.com\/ca\/farga-acollira-kaliu-park-espai-ludic-nadal\/#breadcrumb"},"inLanguage":"ca","potentialAction":[{"@type":"ReadAction","target":["https:\/\/www.lafargalhospitalet.com\/ca\/farga-acollira-kaliu-park-espai-ludic-nadal\/"]}]},{"@type":"ImageObject","inLanguage":"ca","@id":"https:\/\/www.lafargalhospitalet.com\/ca\/farga-acollira-kaliu-park-espai-ludic-nadal\/#primaryimage","url":"https:\/\/www.lafargalhospitalet.com\/wp-content\/uploads\/2016\/11\/Kaliu-Park-Farga.jpg","contentUrl":"https:\/\/www.lafargalhospitalet.com\/wp-content\/uploads\/2016\/11\/Kaliu-Park-Farga.jpg","width":730,"height":410,"caption":"Kaliu Park Farga"},{"@type":"BreadcrumbList","@id":"https:\/\/www.lafargalhospitalet.com\/ca\/farga-acollira-kaliu-park-espai-ludic-nadal\/#breadcrumb","itemListElement":[{"@type":"ListItem","position":1,"name":"Portada","item":"https:\/\/www.lafargalhospitalet.com\/"},{"@type":"ListItem","position":2,"name":"La Farga acollir\u00e0 el Kaliu Park, Espai L\u00fadic de Nadal"}]},{"@type":"WebSite","@id":"https:\/\/www.lafargalhospitalet.com\/#website","url":"https:\/\/www.lafargalhospitalet.com\/","name":"La Farga L'Hospitalet Centre d'Activitats. La Farga GEM, S.A.","description":"La Farga L&#039;Hospitalet Centre d&#039;Activitats. Gestionat per La Farga GEM, S.A. Fires i Congressos. Concerts, exposicions, reunions, filmacions, sopars de gala.","publisher":{"@id":"https:\/\/www.lafargalhospitalet.com\/#organization"},"potentialAction":[{"@type":"SearchAction","target":{"@type":"EntryPoint","urlTemplate":"https:\/\/www.lafargalhospitalet.com\/?s={search_term_string}"},"query-input":{"@type":"PropertyValueSpecification","valueRequired":true,"valueName":"search_term_string"}}],"inLanguage":"ca"},{"@type":"Organization","@id":"https:\/\/www.lafargalhospitalet.com\/#organization","name":"La Farga L'Hospitalet Centre d'Activitats. La Farga GEM, S.A.","url":"https:\/\/www.lafargalhospitalet.com\/","logo":{"@type":"ImageObject","inLanguage":"ca","@id":"https:\/\/www.lafargalhospitalet.com\/#\/schema\/logo\/image\/","url":"https:\/\/www.lafargalhospitalet.com\/wp-content\/uploads\/2025\/10\/logotipo_lafarga_centre_activitats.png","contentUrl":"https:\/\/www.lafargalhospitalet.com\/wp-content\/uploads\/2025\/10\/logotipo_lafarga_centre_activitats.png","width":266,"height":101,"caption":"La Farga L'Hospitalet Centre d'Activitats. La Farga GEM, S.A."},"image":{"@id":"https:\/\/www.lafargalhospitalet.com\/#\/schema\/logo\/image\/"},"sameAs":["https:\/\/www.facebook.com\/fargahospitalet\/","https:\/\/x.com\/fargahospitalet","https:\/\/www.instagram.com\/lafargahospitalet\/","https:\/\/www.youtube.com\/channel\/UCoLt6hen3PqGXgbLMGI3Qdw","https:\/\/www.flickr.com\/photos\/lafargagemsa\/albums"]},{"@type":"Person","@id":"https:\/\/www.lafargalhospitalet.com\/#\/schema\/person\/6cbac0ef7748506b167ff859e1c7f378","name":"La Farga Centre d'Activitats","sameAs":["https:\/\/www.lafargalhospitalet.com"],"url":"https:\/\/www.lafargalhospitalet.com\/ca\/author\/far25gmin\/"}]}},"_links":{"self":[{"href":"https:\/\/www.lafargalhospitalet.com\/ca\/wp-json\/wp\/v2\/posts\/4518","targetHints":{"allow":["GET"]}}],"collection":[{"href":"https:\/\/www.lafargalhospitalet.com\/ca\/wp-json\/wp\/v2\/posts"}],"about":[{"href":"https:\/\/www.lafargalhospitalet.com\/ca\/wp-json\/wp\/v2\/types\/post"}],"author":[{"embeddable":true,"href":"https:\/\/www.lafargalhospitalet.com\/ca\/wp-json\/wp\/v2\/users\/1"}],"replies":[{"embeddable":true,"href":"https:\/\/www.lafargalhospitalet.com\/ca\/wp-json\/wp\/v2\/comments?post=4518"}],"version-history":[{"count":0,"href":"https:\/\/www.lafargalhospitalet.com\/ca\/wp-json\/wp\/v2\/posts\/4518\/revisions"}],"wp:featuredmedia":[{"embeddable":true,"href":"https:\/\/www.lafargalhospitalet.com\/ca\/wp-json\/wp\/v2\/media\/4519"}],"wp:attachment":[{"href":"https:\/\/www.lafargalhospitalet.com\/ca\/wp-json\/wp\/v2\/media?parent=4518"}],"wp:term":[{"taxonomy":"category","embeddable":true,"href":"https:\/\/www.lafargalhospitalet.com\/ca\/wp-json\/wp\/v2\/categories?post=4518"},{"taxonomy":"post_tag","embeddable":true,"href":"https:\/\/www.lafargalhospitalet.com\/ca\/wp-json\/wp\/v2\/tags?post=4518"}],"curies":[{"name":"wp","href":"https:\/\/api.w.org\/{rel}","templated":true}]}}