{"id":4544,"date":"2016-12-13T17:06:12","date_gmt":"2016-12-13T16:06:12","guid":{"rendered":"http:\/\/www.lafargalhospitalet.com\/?p=4544"},"modified":"2025-11-03T18:29:03","modified_gmt":"2025-11-03T17:29:03","slug":"61000-visitants-primers-dies-kaliu-park","status":"publish","type":"post","link":"https:\/\/www.lafargalhospitalet.com\/ca\/61000-visitants-primers-dies-kaliu-park\/","title":{"rendered":"61.000 visitants en els primers dies del Kaliu Park"},"content":{"rendered":"<h5>Fins el 8 de gener, diversi\u00f3 a La Farga<\/h5>\n<p>La Farga Centre d\u2019Activitats ja ha rebut 61.000 visitants en els primers deu dies d\u2019obertura del Kaliu Park, Espai L\u00fadic de Nadal de L\u2019Hospitalet.<\/p>\n<p>La pista de patinatge sobre gel, el Tobogan Gegant i el Bosc Encantat s\u00f3n les principals atraccions per al p\u00fablic que cada dia passa pel recinte hospitalenc.<\/p>\n<p>Els organitzadors del Kaliu Park, l\u2019empresa AP-Productions i La Farga de L\u2019Hospitalet esperen superar la xifra dels 224.000 assistents de l\u2019any passat. De fet Antonio Peral, director d\u2019AP-Productions, ha manifestat que \u201cesperem poder arribar als 300.000\u201d.<\/p>\n<p>Per la seva banda, N\u00faria Mar\u00edn, alcaldessa de L\u2019Hospitalet va donar el tret de sortida al Kaliu Park destacant l\u2019ampliaci\u00f3 de l\u2019oferta l\u00fadica, tot manifestant que \u201cpretenem que La Farga es converteixi en un punt de refer\u00e8ncia per a tots els nens i nenes de L\u2019Hospitalet i de l\u2019entorn metropolit\u00e0\u201d.<\/p>\n<p>A banda de la pista de patinatge sobre gel i el Tobogan Gegant, el Kaliu Park \u00e9s un espai ambientat amb motius nadalencs on hi podem trobar des un roc\u00f2drom inflable, un taller de maquillatge, un taller de rob\u00f2tica a c\u00e0rrec de l\u2019empresa hospitalenca Nub\u00f3tica, un arbre m\u00e0gic que parla i conta contes i un pou dels bons desitjos en el marc d\u2019un bosc encantat, entre d&#8217;altres activitats.<\/p>\n<p>M\u00e9s informaci\u00f3: <strong><a href=\"https:\/\/www.lafargalhospitalet.com\/kaliu-park-obre-portes\/\" target=\"_blank\">Kaliu Park obre portes<\/a><\/strong><\/p>\n","protected":false},"excerpt":{"rendered":"<p>N\u00faria Mar\u00edn, alcaldessa de L\u2019Hospitalet: \u201cpretenem que La Farga es converteixi en un punt de refer\u00e8ncia per a tots rels nens i nenes de L\u2019Hospitalet i de l\u2019entorn metropolit\u00e0\u201d.<\/p>\n","protected":false},"author":1,"featured_media":4545,"comment_status":"closed","ping_status":"closed","sticky":false,"template":"","format":"standard","meta":{"_monsterinsights_skip_tracking":false,"_monsterinsights_sitenote_active":false,"_monsterinsights_sitenote_note":"","_monsterinsights_sitenote_category":0,"footnotes":""},"categories":[83],"tags":[],"class_list":["post-4544","post","type-post","status-publish","format-standard","has-post-thumbnail","hentry","category-noticies"],"yoast_head":"<!-- This site is optimized with the Yoast SEO plugin v27.5 - https:\/\/yoast.com\/product\/yoast-seo-wordpress\/ -->\n<title>61.000 visitants en els primers dies del Kaliu Park - La Farga L&#039;Hospitalet Centre d&#039;Activitats. La Farga GEM, S.A.<\/title>\n<meta name=\"description\" content=\"La Farga Centre d\u2019Activitats ja ha rebut 61.000 visitants en els primers deu dies d\u2019obertura del Kaliu Park, Espai L\u00fadic de Nadal de L\u2019Hospitalet.\" \/>\n<meta name=\"robots\" content=\"index, follow, max-snippet:-1, max-image-preview:large, max-video-preview:-1\" \/>\n<link rel=\"canonical\" href=\"https:\/\/www.lafargalhospitalet.com\/ca\/61000-visitants-primers-dies-kaliu-park\/\" \/>\n<meta property=\"og:locale\" content=\"ca_ES\" \/>\n<meta property=\"og:type\" content=\"article\" \/>\n<meta property=\"og:title\" content=\"61.000 visitants en els primers dies del Kaliu Park - La Farga L&#039;Hospitalet Centre d&#039;Activitats. La Farga GEM, S.A.\" \/>\n<meta property=\"og:description\" content=\"La Farga Centre d\u2019Activitats ja ha rebut 61.000 visitants en els primers deu dies d\u2019obertura del Kaliu Park, Espai L\u00fadic de Nadal de L\u2019Hospitalet.\" \/>\n<meta property=\"og:url\" content=\"https:\/\/www.lafargalhospitalet.com\/ca\/61000-visitants-primers-dies-kaliu-park\/\" \/>\n<meta property=\"og:site_name\" content=\"La Farga L&#039;Hospitalet Centre d&#039;Activitats. La Farga GEM, S.A.\" \/>\n<meta property=\"article:publisher\" content=\"https:\/\/www.facebook.com\/fargahospitalet\/\" \/>\n<meta property=\"article:published_time\" content=\"2016-12-13T16:06:12+00:00\" \/>\n<meta property=\"article:modified_time\" content=\"2025-11-03T17:29:03+00:00\" \/>\n<meta property=\"og:image\" content=\"https:\/\/www.lafargalhospitalet.com\/wp-content\/uploads\/2016\/12\/KaliuPark-13-12.jpg\" \/>\n\t<meta property=\"og:image:width\" content=\"730\" \/>\n\t<meta property=\"og:image:height\" content=\"410\" \/>\n\t<meta property=\"og:image:type\" content=\"image\/jpeg\" \/>\n<meta name=\"author\" content=\"La Farga Centre d&#039;Activitats\" \/>\n<meta name=\"twitter:card\" content=\"summary_large_image\" \/>\n<meta name=\"twitter:creator\" content=\"@fargahospitalet\" \/>\n<meta name=\"twitter:site\" content=\"@fargahospitalet\" \/>\n<meta name=\"twitter:label1\" content=\"Escrit per\" \/>\n\t<meta name=\"twitter:data1\" content=\"La Farga Centre d&#039;Activitats\" \/>\n\t<meta name=\"twitter:label2\" content=\"Temps estimat de lectura\" \/>\n\t<meta name=\"twitter:data2\" content=\"1 minut\" \/>\n<script type=\"application\/ld+json\" class=\"yoast-schema-graph\">{\"@context\":\"https:\\\/\\\/schema.org\",\"@graph\":[{\"@type\":\"Article\",\"@id\":\"https:\\\/\\\/www.lafargalhospitalet.com\\\/ca\\\/61000-visitants-primers-dies-kaliu-park\\\/#article\",\"isPartOf\":{\"@id\":\"https:\\\/\\\/www.lafargalhospitalet.com\\\/ca\\\/61000-visitants-primers-dies-kaliu-park\\\/\"},\"author\":{\"name\":\"La Farga Centre d'Activitats\",\"@id\":\"https:\\\/\\\/www.lafargalhospitalet.com\\\/#\\\/schema\\\/person\\\/6cbac0ef7748506b167ff859e1c7f378\"},\"headline\":\"61.000 visitants en els primers dies del Kaliu Park\",\"datePublished\":\"2016-12-13T16:06:12+00:00\",\"dateModified\":\"2025-11-03T17:29:03+00:00\",\"mainEntityOfPage\":{\"@id\":\"https:\\\/\\\/www.lafargalhospitalet.com\\\/ca\\\/61000-visitants-primers-dies-kaliu-park\\\/\"},\"wordCount\":252,\"publisher\":{\"@id\":\"https:\\\/\\\/www.lafargalhospitalet.com\\\/#organization\"},\"image\":{\"@id\":\"https:\\\/\\\/www.lafargalhospitalet.com\\\/ca\\\/61000-visitants-primers-dies-kaliu-park\\\/#primaryimage\"},\"thumbnailUrl\":\"https:\\\/\\\/www.lafargalhospitalet.com\\\/wp-content\\\/uploads\\\/2016\\\/12\\\/KaliuPark-13-12.jpg\",\"articleSection\":[\"Noticies\"],\"inLanguage\":\"ca\"},{\"@type\":\"WebPage\",\"@id\":\"https:\\\/\\\/www.lafargalhospitalet.com\\\/ca\\\/61000-visitants-primers-dies-kaliu-park\\\/\",\"url\":\"https:\\\/\\\/www.lafargalhospitalet.com\\\/ca\\\/61000-visitants-primers-dies-kaliu-park\\\/\",\"name\":\"61.000 visitants en els primers dies del Kaliu Park - La Farga L&#039;Hospitalet Centre d&#039;Activitats. La Farga GEM, S.A.\",\"isPartOf\":{\"@id\":\"https:\\\/\\\/www.lafargalhospitalet.com\\\/#website\"},\"primaryImageOfPage\":{\"@id\":\"https:\\\/\\\/www.lafargalhospitalet.com\\\/ca\\\/61000-visitants-primers-dies-kaliu-park\\\/#primaryimage\"},\"image\":{\"@id\":\"https:\\\/\\\/www.lafargalhospitalet.com\\\/ca\\\/61000-visitants-primers-dies-kaliu-park\\\/#primaryimage\"},\"thumbnailUrl\":\"https:\\\/\\\/www.lafargalhospitalet.com\\\/wp-content\\\/uploads\\\/2016\\\/12\\\/KaliuPark-13-12.jpg\",\"datePublished\":\"2016-12-13T16:06:12+00:00\",\"dateModified\":\"2025-11-03T17:29:03+00:00\",\"description\":\"La Farga Centre d\u2019Activitats ja ha rebut 61.000 visitants en els primers deu dies d\u2019obertura del Kaliu Park, Espai L\u00fadic de Nadal de L\u2019Hospitalet.\",\"breadcrumb\":{\"@id\":\"https:\\\/\\\/www.lafargalhospitalet.com\\\/ca\\\/61000-visitants-primers-dies-kaliu-park\\\/#breadcrumb\"},\"inLanguage\":\"ca\",\"potentialAction\":[{\"@type\":\"ReadAction\",\"target\":[\"https:\\\/\\\/www.lafargalhospitalet.com\\\/ca\\\/61000-visitants-primers-dies-kaliu-park\\\/\"]}]},{\"@type\":\"ImageObject\",\"inLanguage\":\"ca\",\"@id\":\"https:\\\/\\\/www.lafargalhospitalet.com\\\/ca\\\/61000-visitants-primers-dies-kaliu-park\\\/#primaryimage\",\"url\":\"https:\\\/\\\/www.lafargalhospitalet.com\\\/wp-content\\\/uploads\\\/2016\\\/12\\\/KaliuPark-13-12.jpg\",\"contentUrl\":\"https:\\\/\\\/www.lafargalhospitalet.com\\\/wp-content\\\/uploads\\\/2016\\\/12\\\/KaliuPark-13-12.jpg\",\"width\":730,\"height\":410,\"caption\":\"61.000 visitants Kaliu Park\"},{\"@type\":\"BreadcrumbList\",\"@id\":\"https:\\\/\\\/www.lafargalhospitalet.com\\\/ca\\\/61000-visitants-primers-dies-kaliu-park\\\/#breadcrumb\",\"itemListElement\":[{\"@type\":\"ListItem\",\"position\":1,\"name\":\"Portada\",\"item\":\"https:\\\/\\\/www.lafargalhospitalet.com\\\/\"},{\"@type\":\"ListItem\",\"position\":2,\"name\":\"61.000 visitants en els primers dies del Kaliu Park\"}]},{\"@type\":\"WebSite\",\"@id\":\"https:\\\/\\\/www.lafargalhospitalet.com\\\/#website\",\"url\":\"https:\\\/\\\/www.lafargalhospitalet.com\\\/\",\"name\":\"La Farga L'Hospitalet Centre d'Activitats. La Farga GEM, S.A.\",\"description\":\"La Farga L&#039;Hospitalet Centre d&#039;Activitats. Gestionat per La Farga GEM, S.A. Fires i Congressos. Concerts, exposicions, reunions, filmacions, sopars de gala.\",\"publisher\":{\"@id\":\"https:\\\/\\\/www.lafargalhospitalet.com\\\/#organization\"},\"potentialAction\":[{\"@type\":\"SearchAction\",\"target\":{\"@type\":\"EntryPoint\",\"urlTemplate\":\"https:\\\/\\\/www.lafargalhospitalet.com\\\/?s={search_term_string}\"},\"query-input\":{\"@type\":\"PropertyValueSpecification\",\"valueRequired\":true,\"valueName\":\"search_term_string\"}}],\"inLanguage\":\"ca\"},{\"@type\":\"Organization\",\"@id\":\"https:\\\/\\\/www.lafargalhospitalet.com\\\/#organization\",\"name\":\"La Farga L'Hospitalet Centre d'Activitats. La Farga GEM, S.A.\",\"url\":\"https:\\\/\\\/www.lafargalhospitalet.com\\\/\",\"logo\":{\"@type\":\"ImageObject\",\"inLanguage\":\"ca\",\"@id\":\"https:\\\/\\\/www.lafargalhospitalet.com\\\/#\\\/schema\\\/logo\\\/image\\\/\",\"url\":\"https:\\\/\\\/www.lafargalhospitalet.com\\\/wp-content\\\/uploads\\\/2025\\\/10\\\/logotipo_lafarga_centre_activitats.png\",\"contentUrl\":\"https:\\\/\\\/www.lafargalhospitalet.com\\\/wp-content\\\/uploads\\\/2025\\\/10\\\/logotipo_lafarga_centre_activitats.png\",\"width\":266,\"height\":101,\"caption\":\"La Farga L'Hospitalet Centre d'Activitats. La Farga GEM, S.A.\"},\"image\":{\"@id\":\"https:\\\/\\\/www.lafargalhospitalet.com\\\/#\\\/schema\\\/logo\\\/image\\\/\"},\"sameAs\":[\"https:\\\/\\\/www.facebook.com\\\/fargahospitalet\\\/\",\"https:\\\/\\\/x.com\\\/fargahospitalet\",\"https:\\\/\\\/www.instagram.com\\\/lafargahospitalet\\\/\",\"https:\\\/\\\/www.youtube.com\\\/channel\\\/UCoLt6hen3PqGXgbLMGI3Qdw\",\"https:\\\/\\\/www.flickr.com\\\/photos\\\/lafargagemsa\\\/albums\"]},{\"@type\":\"Person\",\"@id\":\"https:\\\/\\\/www.lafargalhospitalet.com\\\/#\\\/schema\\\/person\\\/6cbac0ef7748506b167ff859e1c7f378\",\"name\":\"La Farga Centre d'Activitats\",\"sameAs\":[\"https:\\\/\\\/www.lafargalhospitalet.com\"],\"url\":\"https:\\\/\\\/www.lafargalhospitalet.com\\\/ca\\\/author\\\/far25gmin\\\/\"}]}<\/script>\n<!-- \/ Yoast SEO plugin. -->","yoast_head_json":{"title":"61.000 visitants en els primers dies del Kaliu Park - La Farga L&#039;Hospitalet Centre d&#039;Activitats. La Farga GEM, S.A.","description":"La Farga Centre d\u2019Activitats ja ha rebut 61.000 visitants en els primers deu dies d\u2019obertura del Kaliu Park, Espai L\u00fadic de Nadal de L\u2019Hospitalet.","robots":{"index":"index","follow":"follow","max-snippet":"max-snippet:-1","max-image-preview":"max-image-preview:large","max-video-preview":"max-video-preview:-1"},"canonical":"https:\/\/www.lafargalhospitalet.com\/ca\/61000-visitants-primers-dies-kaliu-park\/","og_locale":"ca_ES","og_type":"article","og_title":"61.000 visitants en els primers dies del Kaliu Park - La Farga L&#039;Hospitalet Centre d&#039;Activitats. La Farga GEM, S.A.","og_description":"La Farga Centre d\u2019Activitats ja ha rebut 61.000 visitants en els primers deu dies d\u2019obertura del Kaliu Park, Espai L\u00fadic de Nadal de L\u2019Hospitalet.","og_url":"https:\/\/www.lafargalhospitalet.com\/ca\/61000-visitants-primers-dies-kaliu-park\/","og_site_name":"La Farga L&#039;Hospitalet Centre d&#039;Activitats. La Farga GEM, S.A.","article_publisher":"https:\/\/www.facebook.com\/fargahospitalet\/","article_published_time":"2016-12-13T16:06:12+00:00","article_modified_time":"2025-11-03T17:29:03+00:00","og_image":[{"width":730,"height":410,"url":"https:\/\/www.lafargalhospitalet.com\/wp-content\/uploads\/2016\/12\/KaliuPark-13-12.jpg","type":"image\/jpeg"}],"author":"La Farga Centre d'Activitats","twitter_card":"summary_large_image","twitter_creator":"@fargahospitalet","twitter_site":"@fargahospitalet","twitter_misc":{"Escrit per":"La Farga Centre d'Activitats","Temps estimat de lectura":"1 minut"},"schema":{"@context":"https:\/\/schema.org","@graph":[{"@type":"Article","@id":"https:\/\/www.lafargalhospitalet.com\/ca\/61000-visitants-primers-dies-kaliu-park\/#article","isPartOf":{"@id":"https:\/\/www.lafargalhospitalet.com\/ca\/61000-visitants-primers-dies-kaliu-park\/"},"author":{"name":"La Farga Centre d'Activitats","@id":"https:\/\/www.lafargalhospitalet.com\/#\/schema\/person\/6cbac0ef7748506b167ff859e1c7f378"},"headline":"61.000 visitants en els primers dies del Kaliu Park","datePublished":"2016-12-13T16:06:12+00:00","dateModified":"2025-11-03T17:29:03+00:00","mainEntityOfPage":{"@id":"https:\/\/www.lafargalhospitalet.com\/ca\/61000-visitants-primers-dies-kaliu-park\/"},"wordCount":252,"publisher":{"@id":"https:\/\/www.lafargalhospitalet.com\/#organization"},"image":{"@id":"https:\/\/www.lafargalhospitalet.com\/ca\/61000-visitants-primers-dies-kaliu-park\/#primaryimage"},"thumbnailUrl":"https:\/\/www.lafargalhospitalet.com\/wp-content\/uploads\/2016\/12\/KaliuPark-13-12.jpg","articleSection":["Noticies"],"inLanguage":"ca"},{"@type":"WebPage","@id":"https:\/\/www.lafargalhospitalet.com\/ca\/61000-visitants-primers-dies-kaliu-park\/","url":"https:\/\/www.lafargalhospitalet.com\/ca\/61000-visitants-primers-dies-kaliu-park\/","name":"61.000 visitants en els primers dies del Kaliu Park - La Farga L&#039;Hospitalet Centre d&#039;Activitats. La Farga GEM, S.A.","isPartOf":{"@id":"https:\/\/www.lafargalhospitalet.com\/#website"},"primaryImageOfPage":{"@id":"https:\/\/www.lafargalhospitalet.com\/ca\/61000-visitants-primers-dies-kaliu-park\/#primaryimage"},"image":{"@id":"https:\/\/www.lafargalhospitalet.com\/ca\/61000-visitants-primers-dies-kaliu-park\/#primaryimage"},"thumbnailUrl":"https:\/\/www.lafargalhospitalet.com\/wp-content\/uploads\/2016\/12\/KaliuPark-13-12.jpg","datePublished":"2016-12-13T16:06:12+00:00","dateModified":"2025-11-03T17:29:03+00:00","description":"La Farga Centre d\u2019Activitats ja ha rebut 61.000 visitants en els primers deu dies d\u2019obertura del Kaliu Park, Espai L\u00fadic de Nadal de L\u2019Hospitalet.","breadcrumb":{"@id":"https:\/\/www.lafargalhospitalet.com\/ca\/61000-visitants-primers-dies-kaliu-park\/#breadcrumb"},"inLanguage":"ca","potentialAction":[{"@type":"ReadAction","target":["https:\/\/www.lafargalhospitalet.com\/ca\/61000-visitants-primers-dies-kaliu-park\/"]}]},{"@type":"ImageObject","inLanguage":"ca","@id":"https:\/\/www.lafargalhospitalet.com\/ca\/61000-visitants-primers-dies-kaliu-park\/#primaryimage","url":"https:\/\/www.lafargalhospitalet.com\/wp-content\/uploads\/2016\/12\/KaliuPark-13-12.jpg","contentUrl":"https:\/\/www.lafargalhospitalet.com\/wp-content\/uploads\/2016\/12\/KaliuPark-13-12.jpg","width":730,"height":410,"caption":"61.000 visitants Kaliu Park"},{"@type":"BreadcrumbList","@id":"https:\/\/www.lafargalhospitalet.com\/ca\/61000-visitants-primers-dies-kaliu-park\/#breadcrumb","itemListElement":[{"@type":"ListItem","position":1,"name":"Portada","item":"https:\/\/www.lafargalhospitalet.com\/"},{"@type":"ListItem","position":2,"name":"61.000 visitants en els primers dies del Kaliu Park"}]},{"@type":"WebSite","@id":"https:\/\/www.lafargalhospitalet.com\/#website","url":"https:\/\/www.lafargalhospitalet.com\/","name":"La Farga L'Hospitalet Centre d'Activitats. La Farga GEM, S.A.","description":"La Farga L&#039;Hospitalet Centre d&#039;Activitats. Gestionat per La Farga GEM, S.A. Fires i Congressos. Concerts, exposicions, reunions, filmacions, sopars de gala.","publisher":{"@id":"https:\/\/www.lafargalhospitalet.com\/#organization"},"potentialAction":[{"@type":"SearchAction","target":{"@type":"EntryPoint","urlTemplate":"https:\/\/www.lafargalhospitalet.com\/?s={search_term_string}"},"query-input":{"@type":"PropertyValueSpecification","valueRequired":true,"valueName":"search_term_string"}}],"inLanguage":"ca"},{"@type":"Organization","@id":"https:\/\/www.lafargalhospitalet.com\/#organization","name":"La Farga L'Hospitalet Centre d'Activitats. La Farga GEM, S.A.","url":"https:\/\/www.lafargalhospitalet.com\/","logo":{"@type":"ImageObject","inLanguage":"ca","@id":"https:\/\/www.lafargalhospitalet.com\/#\/schema\/logo\/image\/","url":"https:\/\/www.lafargalhospitalet.com\/wp-content\/uploads\/2025\/10\/logotipo_lafarga_centre_activitats.png","contentUrl":"https:\/\/www.lafargalhospitalet.com\/wp-content\/uploads\/2025\/10\/logotipo_lafarga_centre_activitats.png","width":266,"height":101,"caption":"La Farga L'Hospitalet Centre d'Activitats. La Farga GEM, S.A."},"image":{"@id":"https:\/\/www.lafargalhospitalet.com\/#\/schema\/logo\/image\/"},"sameAs":["https:\/\/www.facebook.com\/fargahospitalet\/","https:\/\/x.com\/fargahospitalet","https:\/\/www.instagram.com\/lafargahospitalet\/","https:\/\/www.youtube.com\/channel\/UCoLt6hen3PqGXgbLMGI3Qdw","https:\/\/www.flickr.com\/photos\/lafargagemsa\/albums"]},{"@type":"Person","@id":"https:\/\/www.lafargalhospitalet.com\/#\/schema\/person\/6cbac0ef7748506b167ff859e1c7f378","name":"La Farga Centre d'Activitats","sameAs":["https:\/\/www.lafargalhospitalet.com"],"url":"https:\/\/www.lafargalhospitalet.com\/ca\/author\/far25gmin\/"}]}},"_links":{"self":[{"href":"https:\/\/www.lafargalhospitalet.com\/ca\/wp-json\/wp\/v2\/posts\/4544","targetHints":{"allow":["GET"]}}],"collection":[{"href":"https:\/\/www.lafargalhospitalet.com\/ca\/wp-json\/wp\/v2\/posts"}],"about":[{"href":"https:\/\/www.lafargalhospitalet.com\/ca\/wp-json\/wp\/v2\/types\/post"}],"author":[{"embeddable":true,"href":"https:\/\/www.lafargalhospitalet.com\/ca\/wp-json\/wp\/v2\/users\/1"}],"replies":[{"embeddable":true,"href":"https:\/\/www.lafargalhospitalet.com\/ca\/wp-json\/wp\/v2\/comments?post=4544"}],"version-history":[{"count":0,"href":"https:\/\/www.lafargalhospitalet.com\/ca\/wp-json\/wp\/v2\/posts\/4544\/revisions"}],"wp:featuredmedia":[{"embeddable":true,"href":"https:\/\/www.lafargalhospitalet.com\/ca\/wp-json\/wp\/v2\/media\/4545"}],"wp:attachment":[{"href":"https:\/\/www.lafargalhospitalet.com\/ca\/wp-json\/wp\/v2\/media?parent=4544"}],"wp:term":[{"taxonomy":"category","embeddable":true,"href":"https:\/\/www.lafargalhospitalet.com\/ca\/wp-json\/wp\/v2\/categories?post=4544"},{"taxonomy":"post_tag","embeddable":true,"href":"https:\/\/www.lafargalhospitalet.com\/ca\/wp-json\/wp\/v2\/tags?post=4544"}],"curies":[{"name":"wp","href":"https:\/\/api.w.org\/{rel}","templated":true}]}}