{"id":4552,"date":"2016-12-20T18:02:37","date_gmt":"2016-12-20T17:02:37","guid":{"rendered":"http:\/\/www.lafargalhospitalet.com\/?p=4552"},"modified":"2025-11-03T18:29:03","modified_gmt":"2025-11-03T17:29:03","slug":"recta-final-salo-cinema-series","status":"publish","type":"post","link":"https:\/\/www.lafargalhospitalet.com\/ca\/recta-final-salo-cinema-series\/","title":{"rendered":"Recta final per a l&#8217;arribada del II Sal\u00f3 del Cinema i les S\u00e8ries"},"content":{"rendered":"<h5>Els dies 27, 28 i 29 de gener<\/h5>\n<p>L\u2019organitzaci\u00f3 del Sal\u00f3 del Cinema i les S\u00e8ries 2017 ja prepara la segona edici\u00f3 d\u2019aquest esdeveniment impulsat per <strong><a href=\"http:\/\/www.salondelcine.com\/\" target=\"_blank\">Cinemaworld<\/a><\/strong> i La Farga de L\u2019Hospitalet.<\/p>\n<p>Despr\u00e9s de l\u2019\u00e8xit assolit en el naixement del sal\u00f3, amb <strong><a href=\"https:\/\/www.lafargalhospitalet.com\/20-000-visitants-en-la-primera-edicio-del-salo-del-cinema-i-les-series\/\" target=\"_blank\">20.000 assistents que van visitar La Farga<\/a><\/strong>, els seus responsables ja tenen molt encarrilada una segona edici\u00f3 amb m\u00e9s for\u00e7a i novetats importants que captaran de ben segur l\u2019atenci\u00f3 del p\u00fablic, empreses del sector, guionistes, actors i expositors relacionats amb el set\u00e8 art. Els robots al cinema i les s\u00e8ries ser\u00e0 l\u2019eix principal del certamen.<\/p>\n<p>De moment ja s\u00f3n 114 els expositors que seran a La Farga des de canals de televisi\u00f3 com COSMO, AXN, Calle 13 o TNT, que faran projeccions en prim\u00edcia de les seves darreres novetats, a m\u00e9s de tenir espais interactius de les s\u00e8ries de renom. Tamb\u00e9 hi exposaran des d\u2019empreses de marxandatge, productores, plataformes online, llibreries, festivals de cinema, escoles de cinema, marques fotografia i v\u00eddeo amb les darreres novetats, entre d\u2019altres.<\/p>\n<p>Com en la primera edici\u00f3 un dels components destacats del sal\u00f3 seran les diferents xerrades, col\u00b7loquis i taules rodones sobre cinema amb personalitats com: Javier Olivares, creador del Ministerio del Tiempo, Kike Ma\u00edllo, director d&#8217;\u201dEva i Toro\u201d, el director de cinema Juan Cruz i l&#8217;actor Roberto \u00c1lamo, guanyador d&#8217;un Goya, i Mateo Gil, director de \u201cProyecto L\u00e1zaro\u201d, tamb\u00e9 guardonat diferents cops amb un Goya. Unes 35 xerrades de tem\u00e0tiques sobre gui\u00f3, bandes sonores, robots i cinema, assassins en s\u00e8rie en el cinema i les s\u00e8ries, efectes especials, entre d\u2019altres.<\/p>\n<h5>Novament, taules rodones per obrir el sal\u00f3<\/h5>\n<p>Pel que fa a les taules rodones, activitat gratu\u00efta que obre el sal\u00f3, enguany seran amb directors, productors i una tem\u00e0tica d\u2019efectes especials. Entre els convidats hi haur\u00e0 els directors Jos\u00e9 Luis Montesinos, Mar Coll, Marc Crehuet i Bel\u00e9n Mac\u00edas i les empreses DDT Efectes Especials, premiada pel \u201cLaberinto del Fauno\u201d, In Extremis, guardonada amb un Goya, A Contraluz Films o l\u2019Acad\u00e8mia del Cinema Catal\u00e0 i la Academia del Cine y las Ciencias Cinematogr\u00e1ficas.<\/p>\n<p>El Sal\u00f3 del Cinema i les S\u00e8ries tornar\u00e0 a tenir un important espai expositiu amb 5 mostres principals:<\/p>\n<ul>\n<li><strong>Exposici\u00f3 Star Wars<\/strong>: Ampliada respecte la passada edici\u00f3, estaran les cinc associacions principals sobre aquesta tem\u00e0tica amb nous continguts.<\/li>\n<li><strong>Exposici\u00f3 Filmoteca<\/strong>: Amb una mostra fotogr\u00e0fica de personalitats de cinema d&#8217;\u00d2scar Fern\u00e1ndez.<\/li>\n<li><strong>Exposici\u00f3 Robots<\/strong>: Diferents robots del cinema i les s\u00e8ries com Terminator, Star Wars, Johnny 5, Maria de Metropolis, Mazinger Z, entre d&#8217;altres.<\/li>\n<li><strong>Exposici\u00f3 Cotxes<\/strong>: Cotxes com el Gran Torino d&#8217;Starsky Hutch, un Dodge Monaco de Blues Brothers, Delorean i un parell d\u2019Aston Martin que apareixen en les m\u00edtiques pel\u00b7l\u00edcules de James Bond com \u201cAlta tensi\u00f3n\u201d i \u201cQuantum of Solace\u201d<\/li>\n<li><strong>Exposici\u00f3 Joc de trons<\/strong>: El municipi d&#8217;Osuna, lloc on es va rodar la s\u00e8rie, porta diferents materials i una activitat de realitat augmentada.<\/li>\n<\/ul>\n<h5>Activitats noves<\/h5>\n<p>En el marc de les activitats trobarem un espectacle d&#8217;improvisaci\u00f3 d\u2019actors a c\u00e0rrec d&#8217;Improshow i tamb\u00e9 una Slam d&#8217;escriptura en viu on els participants escriuran petits relats mitjan\u00e7ant la improvisaci\u00f3, i on el p\u00fablic assistent hi podr\u00e0 participar, gr\u00e0cies a Escritura en Vivo. Tamb\u00e9 hi haur\u00e0 un taller de caracteritzaci\u00f3 i efectes especials i una networking amb una trobada entre cineastes.<\/p>\n<p>En l\u2019apartat solidari, Verkami en viu consta de 16 projectes que busquen finan\u00e7ament mitjan\u00e7ant crowdfunding amb 1\u20ac per entrada cedit per als diferents projectes.<\/p>\n<p>Tot aix\u00f2 i m\u00e9s ho trobarem en la segona edici\u00f3 del Sal\u00f3 del Cinema i les S\u00e8ries, que tornar\u00e0 a ocupar els m\u00e9s de 10.000m2 de La Farga de L\u2019Hospitalet el darrer cap de setmana de gener.<\/p>\n","protected":false},"excerpt":{"rendered":"<p>L\u2019organitzaci\u00f3 del Sal\u00f3 del Cinema i les S\u00e8ries 2017 ja prepara la segona edici\u00f3 d\u2019aquest esdeveniment impulsat per Cinemaworld i La Farga de L\u2019Hospitalet.<\/p>\n","protected":false},"author":1,"featured_media":4553,"comment_status":"closed","ping_status":"closed","sticky":false,"template":"","format":"standard","meta":{"_monsterinsights_skip_tracking":false,"_monsterinsights_sitenote_active":false,"_monsterinsights_sitenote_note":"","_monsterinsights_sitenote_category":0,"footnotes":""},"categories":[83],"tags":[],"class_list":["post-4552","post","type-post","status-publish","format-standard","has-post-thumbnail","hentry","category-noticies"],"yoast_head":"<!-- This site is optimized with the Yoast SEO plugin v27.5 - https:\/\/yoast.com\/product\/yoast-seo-wordpress\/ -->\n<title>Recta final per a l&#039;arribada del II Sal\u00f3 del Cinema i les S\u00e8ries - La Farga L&#039;Hospitalet Centre d&#039;Activitats. La Farga GEM, S.A.<\/title>\n<meta name=\"description\" content=\"L\u2019organitzaci\u00f3 del Sal\u00f3 del Cinema i les S\u00e8ries 2017 ja prepara la segona edici\u00f3 d\u2019aquest esdeveniment impulsat per Cinemaworld i La Farga de L\u2019Hospitalet.\" \/>\n<meta name=\"robots\" content=\"index, follow, max-snippet:-1, max-image-preview:large, max-video-preview:-1\" \/>\n<link rel=\"canonical\" href=\"https:\/\/www.lafargalhospitalet.com\/ca\/recta-final-salo-cinema-series\/\" \/>\n<meta property=\"og:locale\" content=\"ca_ES\" \/>\n<meta property=\"og:type\" content=\"article\" \/>\n<meta property=\"og:title\" content=\"Recta final per a l&#039;arribada del II Sal\u00f3 del Cinema i les S\u00e8ries - La Farga L&#039;Hospitalet Centre d&#039;Activitats. La Farga GEM, S.A.\" \/>\n<meta property=\"og:description\" content=\"L\u2019organitzaci\u00f3 del Sal\u00f3 del Cinema i les S\u00e8ries 2017 ja prepara la segona edici\u00f3 d\u2019aquest esdeveniment impulsat per Cinemaworld i La Farga de L\u2019Hospitalet.\" \/>\n<meta property=\"og:url\" content=\"https:\/\/www.lafargalhospitalet.com\/ca\/recta-final-salo-cinema-series\/\" \/>\n<meta property=\"og:site_name\" content=\"La Farga L&#039;Hospitalet Centre d&#039;Activitats. La Farga GEM, S.A.\" \/>\n<meta property=\"article:publisher\" content=\"https:\/\/www.facebook.com\/fargahospitalet\/\" \/>\n<meta property=\"article:published_time\" content=\"2016-12-20T17:02:37+00:00\" \/>\n<meta property=\"article:modified_time\" content=\"2025-11-03T17:29:03+00:00\" \/>\n<meta property=\"og:image\" content=\"https:\/\/www.lafargalhospitalet.com\/wp-content\/uploads\/2016\/12\/SaloCinema-14-12.jpg\" \/>\n\t<meta property=\"og:image:width\" content=\"730\" \/>\n\t<meta property=\"og:image:height\" content=\"410\" \/>\n\t<meta property=\"og:image:type\" content=\"image\/jpeg\" \/>\n<meta name=\"author\" content=\"La Farga Centre d&#039;Activitats\" \/>\n<meta name=\"twitter:card\" content=\"summary_large_image\" \/>\n<meta name=\"twitter:creator\" content=\"@fargahospitalet\" \/>\n<meta name=\"twitter:site\" content=\"@fargahospitalet\" \/>\n<meta name=\"twitter:label1\" content=\"Escrit per\" \/>\n\t<meta name=\"twitter:data1\" content=\"La Farga Centre d&#039;Activitats\" \/>\n\t<meta name=\"twitter:label2\" content=\"Temps estimat de lectura\" \/>\n\t<meta name=\"twitter:data2\" content=\"3 minuts\" \/>\n<script type=\"application\/ld+json\" class=\"yoast-schema-graph\">{\"@context\":\"https:\\\/\\\/schema.org\",\"@graph\":[{\"@type\":\"Article\",\"@id\":\"https:\\\/\\\/www.lafargalhospitalet.com\\\/ca\\\/recta-final-salo-cinema-series\\\/#article\",\"isPartOf\":{\"@id\":\"https:\\\/\\\/www.lafargalhospitalet.com\\\/ca\\\/recta-final-salo-cinema-series\\\/\"},\"author\":{\"name\":\"La Farga Centre d'Activitats\",\"@id\":\"https:\\\/\\\/www.lafargalhospitalet.com\\\/#\\\/schema\\\/person\\\/6cbac0ef7748506b167ff859e1c7f378\"},\"headline\":\"Recta final per a l&#8217;arribada del II Sal\u00f3 del Cinema i les S\u00e8ries\",\"datePublished\":\"2016-12-20T17:02:37+00:00\",\"dateModified\":\"2025-11-03T17:29:03+00:00\",\"mainEntityOfPage\":{\"@id\":\"https:\\\/\\\/www.lafargalhospitalet.com\\\/ca\\\/recta-final-salo-cinema-series\\\/\"},\"wordCount\":664,\"publisher\":{\"@id\":\"https:\\\/\\\/www.lafargalhospitalet.com\\\/#organization\"},\"image\":{\"@id\":\"https:\\\/\\\/www.lafargalhospitalet.com\\\/ca\\\/recta-final-salo-cinema-series\\\/#primaryimage\"},\"thumbnailUrl\":\"https:\\\/\\\/www.lafargalhospitalet.com\\\/wp-content\\\/uploads\\\/2016\\\/12\\\/SaloCinema-14-12.jpg\",\"articleSection\":[\"Noticies\"],\"inLanguage\":\"ca\"},{\"@type\":\"WebPage\",\"@id\":\"https:\\\/\\\/www.lafargalhospitalet.com\\\/ca\\\/recta-final-salo-cinema-series\\\/\",\"url\":\"https:\\\/\\\/www.lafargalhospitalet.com\\\/ca\\\/recta-final-salo-cinema-series\\\/\",\"name\":\"Recta final per a l'arribada del II Sal\u00f3 del Cinema i les S\u00e8ries - La Farga L&#039;Hospitalet Centre d&#039;Activitats. La Farga GEM, S.A.\",\"isPartOf\":{\"@id\":\"https:\\\/\\\/www.lafargalhospitalet.com\\\/#website\"},\"primaryImageOfPage\":{\"@id\":\"https:\\\/\\\/www.lafargalhospitalet.com\\\/ca\\\/recta-final-salo-cinema-series\\\/#primaryimage\"},\"image\":{\"@id\":\"https:\\\/\\\/www.lafargalhospitalet.com\\\/ca\\\/recta-final-salo-cinema-series\\\/#primaryimage\"},\"thumbnailUrl\":\"https:\\\/\\\/www.lafargalhospitalet.com\\\/wp-content\\\/uploads\\\/2016\\\/12\\\/SaloCinema-14-12.jpg\",\"datePublished\":\"2016-12-20T17:02:37+00:00\",\"dateModified\":\"2025-11-03T17:29:03+00:00\",\"description\":\"L\u2019organitzaci\u00f3 del Sal\u00f3 del Cinema i les S\u00e8ries 2017 ja prepara la segona edici\u00f3 d\u2019aquest esdeveniment impulsat per Cinemaworld i La Farga de L\u2019Hospitalet.\",\"breadcrumb\":{\"@id\":\"https:\\\/\\\/www.lafargalhospitalet.com\\\/ca\\\/recta-final-salo-cinema-series\\\/#breadcrumb\"},\"inLanguage\":\"ca\",\"potentialAction\":[{\"@type\":\"ReadAction\",\"target\":[\"https:\\\/\\\/www.lafargalhospitalet.com\\\/ca\\\/recta-final-salo-cinema-series\\\/\"]}]},{\"@type\":\"ImageObject\",\"inLanguage\":\"ca\",\"@id\":\"https:\\\/\\\/www.lafargalhospitalet.com\\\/ca\\\/recta-final-salo-cinema-series\\\/#primaryimage\",\"url\":\"https:\\\/\\\/www.lafargalhospitalet.com\\\/wp-content\\\/uploads\\\/2016\\\/12\\\/SaloCinema-14-12.jpg\",\"contentUrl\":\"https:\\\/\\\/www.lafargalhospitalet.com\\\/wp-content\\\/uploads\\\/2016\\\/12\\\/SaloCinema-14-12.jpg\",\"width\":730,\"height\":410,\"caption\":\"Sal\u00f3 del Cinema S\u00e8ries\"},{\"@type\":\"BreadcrumbList\",\"@id\":\"https:\\\/\\\/www.lafargalhospitalet.com\\\/ca\\\/recta-final-salo-cinema-series\\\/#breadcrumb\",\"itemListElement\":[{\"@type\":\"ListItem\",\"position\":1,\"name\":\"Portada\",\"item\":\"https:\\\/\\\/www.lafargalhospitalet.com\\\/\"},{\"@type\":\"ListItem\",\"position\":2,\"name\":\"Recta final per a l&#8217;arribada del II Sal\u00f3 del Cinema i les S\u00e8ries\"}]},{\"@type\":\"WebSite\",\"@id\":\"https:\\\/\\\/www.lafargalhospitalet.com\\\/#website\",\"url\":\"https:\\\/\\\/www.lafargalhospitalet.com\\\/\",\"name\":\"La Farga L'Hospitalet Centre d'Activitats. La Farga GEM, S.A.\",\"description\":\"La Farga L&#039;Hospitalet Centre d&#039;Activitats. Gestionat per La Farga GEM, S.A. Fires i Congressos. Concerts, exposicions, reunions, filmacions, sopars de gala.\",\"publisher\":{\"@id\":\"https:\\\/\\\/www.lafargalhospitalet.com\\\/#organization\"},\"potentialAction\":[{\"@type\":\"SearchAction\",\"target\":{\"@type\":\"EntryPoint\",\"urlTemplate\":\"https:\\\/\\\/www.lafargalhospitalet.com\\\/?s={search_term_string}\"},\"query-input\":{\"@type\":\"PropertyValueSpecification\",\"valueRequired\":true,\"valueName\":\"search_term_string\"}}],\"inLanguage\":\"ca\"},{\"@type\":\"Organization\",\"@id\":\"https:\\\/\\\/www.lafargalhospitalet.com\\\/#organization\",\"name\":\"La Farga L'Hospitalet Centre d'Activitats. La Farga GEM, S.A.\",\"url\":\"https:\\\/\\\/www.lafargalhospitalet.com\\\/\",\"logo\":{\"@type\":\"ImageObject\",\"inLanguage\":\"ca\",\"@id\":\"https:\\\/\\\/www.lafargalhospitalet.com\\\/#\\\/schema\\\/logo\\\/image\\\/\",\"url\":\"https:\\\/\\\/www.lafargalhospitalet.com\\\/wp-content\\\/uploads\\\/2025\\\/10\\\/logotipo_lafarga_centre_activitats.png\",\"contentUrl\":\"https:\\\/\\\/www.lafargalhospitalet.com\\\/wp-content\\\/uploads\\\/2025\\\/10\\\/logotipo_lafarga_centre_activitats.png\",\"width\":266,\"height\":101,\"caption\":\"La Farga L'Hospitalet Centre d'Activitats. La Farga GEM, S.A.\"},\"image\":{\"@id\":\"https:\\\/\\\/www.lafargalhospitalet.com\\\/#\\\/schema\\\/logo\\\/image\\\/\"},\"sameAs\":[\"https:\\\/\\\/www.facebook.com\\\/fargahospitalet\\\/\",\"https:\\\/\\\/x.com\\\/fargahospitalet\",\"https:\\\/\\\/www.instagram.com\\\/lafargahospitalet\\\/\",\"https:\\\/\\\/www.youtube.com\\\/channel\\\/UCoLt6hen3PqGXgbLMGI3Qdw\",\"https:\\\/\\\/www.flickr.com\\\/photos\\\/lafargagemsa\\\/albums\"]},{\"@type\":\"Person\",\"@id\":\"https:\\\/\\\/www.lafargalhospitalet.com\\\/#\\\/schema\\\/person\\\/6cbac0ef7748506b167ff859e1c7f378\",\"name\":\"La Farga Centre d'Activitats\",\"sameAs\":[\"https:\\\/\\\/www.lafargalhospitalet.com\"],\"url\":\"https:\\\/\\\/www.lafargalhospitalet.com\\\/ca\\\/author\\\/far25gmin\\\/\"}]}<\/script>\n<!-- \/ Yoast SEO plugin. -->","yoast_head_json":{"title":"Recta final per a l'arribada del II Sal\u00f3 del Cinema i les S\u00e8ries - La Farga L&#039;Hospitalet Centre d&#039;Activitats. La Farga GEM, S.A.","description":"L\u2019organitzaci\u00f3 del Sal\u00f3 del Cinema i les S\u00e8ries 2017 ja prepara la segona edici\u00f3 d\u2019aquest esdeveniment impulsat per Cinemaworld i La Farga de L\u2019Hospitalet.","robots":{"index":"index","follow":"follow","max-snippet":"max-snippet:-1","max-image-preview":"max-image-preview:large","max-video-preview":"max-video-preview:-1"},"canonical":"https:\/\/www.lafargalhospitalet.com\/ca\/recta-final-salo-cinema-series\/","og_locale":"ca_ES","og_type":"article","og_title":"Recta final per a l'arribada del II Sal\u00f3 del Cinema i les S\u00e8ries - La Farga L&#039;Hospitalet Centre d&#039;Activitats. La Farga GEM, S.A.","og_description":"L\u2019organitzaci\u00f3 del Sal\u00f3 del Cinema i les S\u00e8ries 2017 ja prepara la segona edici\u00f3 d\u2019aquest esdeveniment impulsat per Cinemaworld i La Farga de L\u2019Hospitalet.","og_url":"https:\/\/www.lafargalhospitalet.com\/ca\/recta-final-salo-cinema-series\/","og_site_name":"La Farga L&#039;Hospitalet Centre d&#039;Activitats. La Farga GEM, S.A.","article_publisher":"https:\/\/www.facebook.com\/fargahospitalet\/","article_published_time":"2016-12-20T17:02:37+00:00","article_modified_time":"2025-11-03T17:29:03+00:00","og_image":[{"width":730,"height":410,"url":"https:\/\/www.lafargalhospitalet.com\/wp-content\/uploads\/2016\/12\/SaloCinema-14-12.jpg","type":"image\/jpeg"}],"author":"La Farga Centre d'Activitats","twitter_card":"summary_large_image","twitter_creator":"@fargahospitalet","twitter_site":"@fargahospitalet","twitter_misc":{"Escrit per":"La Farga Centre d'Activitats","Temps estimat de lectura":"3 minuts"},"schema":{"@context":"https:\/\/schema.org","@graph":[{"@type":"Article","@id":"https:\/\/www.lafargalhospitalet.com\/ca\/recta-final-salo-cinema-series\/#article","isPartOf":{"@id":"https:\/\/www.lafargalhospitalet.com\/ca\/recta-final-salo-cinema-series\/"},"author":{"name":"La Farga Centre d'Activitats","@id":"https:\/\/www.lafargalhospitalet.com\/#\/schema\/person\/6cbac0ef7748506b167ff859e1c7f378"},"headline":"Recta final per a l&#8217;arribada del II Sal\u00f3 del Cinema i les S\u00e8ries","datePublished":"2016-12-20T17:02:37+00:00","dateModified":"2025-11-03T17:29:03+00:00","mainEntityOfPage":{"@id":"https:\/\/www.lafargalhospitalet.com\/ca\/recta-final-salo-cinema-series\/"},"wordCount":664,"publisher":{"@id":"https:\/\/www.lafargalhospitalet.com\/#organization"},"image":{"@id":"https:\/\/www.lafargalhospitalet.com\/ca\/recta-final-salo-cinema-series\/#primaryimage"},"thumbnailUrl":"https:\/\/www.lafargalhospitalet.com\/wp-content\/uploads\/2016\/12\/SaloCinema-14-12.jpg","articleSection":["Noticies"],"inLanguage":"ca"},{"@type":"WebPage","@id":"https:\/\/www.lafargalhospitalet.com\/ca\/recta-final-salo-cinema-series\/","url":"https:\/\/www.lafargalhospitalet.com\/ca\/recta-final-salo-cinema-series\/","name":"Recta final per a l'arribada del II Sal\u00f3 del Cinema i les S\u00e8ries - La Farga L&#039;Hospitalet Centre d&#039;Activitats. La Farga GEM, S.A.","isPartOf":{"@id":"https:\/\/www.lafargalhospitalet.com\/#website"},"primaryImageOfPage":{"@id":"https:\/\/www.lafargalhospitalet.com\/ca\/recta-final-salo-cinema-series\/#primaryimage"},"image":{"@id":"https:\/\/www.lafargalhospitalet.com\/ca\/recta-final-salo-cinema-series\/#primaryimage"},"thumbnailUrl":"https:\/\/www.lafargalhospitalet.com\/wp-content\/uploads\/2016\/12\/SaloCinema-14-12.jpg","datePublished":"2016-12-20T17:02:37+00:00","dateModified":"2025-11-03T17:29:03+00:00","description":"L\u2019organitzaci\u00f3 del Sal\u00f3 del Cinema i les S\u00e8ries 2017 ja prepara la segona edici\u00f3 d\u2019aquest esdeveniment impulsat per Cinemaworld i La Farga de L\u2019Hospitalet.","breadcrumb":{"@id":"https:\/\/www.lafargalhospitalet.com\/ca\/recta-final-salo-cinema-series\/#breadcrumb"},"inLanguage":"ca","potentialAction":[{"@type":"ReadAction","target":["https:\/\/www.lafargalhospitalet.com\/ca\/recta-final-salo-cinema-series\/"]}]},{"@type":"ImageObject","inLanguage":"ca","@id":"https:\/\/www.lafargalhospitalet.com\/ca\/recta-final-salo-cinema-series\/#primaryimage","url":"https:\/\/www.lafargalhospitalet.com\/wp-content\/uploads\/2016\/12\/SaloCinema-14-12.jpg","contentUrl":"https:\/\/www.lafargalhospitalet.com\/wp-content\/uploads\/2016\/12\/SaloCinema-14-12.jpg","width":730,"height":410,"caption":"Sal\u00f3 del Cinema S\u00e8ries"},{"@type":"BreadcrumbList","@id":"https:\/\/www.lafargalhospitalet.com\/ca\/recta-final-salo-cinema-series\/#breadcrumb","itemListElement":[{"@type":"ListItem","position":1,"name":"Portada","item":"https:\/\/www.lafargalhospitalet.com\/"},{"@type":"ListItem","position":2,"name":"Recta final per a l&#8217;arribada del II Sal\u00f3 del Cinema i les S\u00e8ries"}]},{"@type":"WebSite","@id":"https:\/\/www.lafargalhospitalet.com\/#website","url":"https:\/\/www.lafargalhospitalet.com\/","name":"La Farga L'Hospitalet Centre d'Activitats. La Farga GEM, S.A.","description":"La Farga L&#039;Hospitalet Centre d&#039;Activitats. Gestionat per La Farga GEM, S.A. Fires i Congressos. Concerts, exposicions, reunions, filmacions, sopars de gala.","publisher":{"@id":"https:\/\/www.lafargalhospitalet.com\/#organization"},"potentialAction":[{"@type":"SearchAction","target":{"@type":"EntryPoint","urlTemplate":"https:\/\/www.lafargalhospitalet.com\/?s={search_term_string}"},"query-input":{"@type":"PropertyValueSpecification","valueRequired":true,"valueName":"search_term_string"}}],"inLanguage":"ca"},{"@type":"Organization","@id":"https:\/\/www.lafargalhospitalet.com\/#organization","name":"La Farga L'Hospitalet Centre d'Activitats. La Farga GEM, S.A.","url":"https:\/\/www.lafargalhospitalet.com\/","logo":{"@type":"ImageObject","inLanguage":"ca","@id":"https:\/\/www.lafargalhospitalet.com\/#\/schema\/logo\/image\/","url":"https:\/\/www.lafargalhospitalet.com\/wp-content\/uploads\/2025\/10\/logotipo_lafarga_centre_activitats.png","contentUrl":"https:\/\/www.lafargalhospitalet.com\/wp-content\/uploads\/2025\/10\/logotipo_lafarga_centre_activitats.png","width":266,"height":101,"caption":"La Farga L'Hospitalet Centre d'Activitats. La Farga GEM, S.A."},"image":{"@id":"https:\/\/www.lafargalhospitalet.com\/#\/schema\/logo\/image\/"},"sameAs":["https:\/\/www.facebook.com\/fargahospitalet\/","https:\/\/x.com\/fargahospitalet","https:\/\/www.instagram.com\/lafargahospitalet\/","https:\/\/www.youtube.com\/channel\/UCoLt6hen3PqGXgbLMGI3Qdw","https:\/\/www.flickr.com\/photos\/lafargagemsa\/albums"]},{"@type":"Person","@id":"https:\/\/www.lafargalhospitalet.com\/#\/schema\/person\/6cbac0ef7748506b167ff859e1c7f378","name":"La Farga Centre d'Activitats","sameAs":["https:\/\/www.lafargalhospitalet.com"],"url":"https:\/\/www.lafargalhospitalet.com\/ca\/author\/far25gmin\/"}]}},"_links":{"self":[{"href":"https:\/\/www.lafargalhospitalet.com\/ca\/wp-json\/wp\/v2\/posts\/4552","targetHints":{"allow":["GET"]}}],"collection":[{"href":"https:\/\/www.lafargalhospitalet.com\/ca\/wp-json\/wp\/v2\/posts"}],"about":[{"href":"https:\/\/www.lafargalhospitalet.com\/ca\/wp-json\/wp\/v2\/types\/post"}],"author":[{"embeddable":true,"href":"https:\/\/www.lafargalhospitalet.com\/ca\/wp-json\/wp\/v2\/users\/1"}],"replies":[{"embeddable":true,"href":"https:\/\/www.lafargalhospitalet.com\/ca\/wp-json\/wp\/v2\/comments?post=4552"}],"version-history":[{"count":0,"href":"https:\/\/www.lafargalhospitalet.com\/ca\/wp-json\/wp\/v2\/posts\/4552\/revisions"}],"wp:featuredmedia":[{"embeddable":true,"href":"https:\/\/www.lafargalhospitalet.com\/ca\/wp-json\/wp\/v2\/media\/4553"}],"wp:attachment":[{"href":"https:\/\/www.lafargalhospitalet.com\/ca\/wp-json\/wp\/v2\/media?parent=4552"}],"wp:term":[{"taxonomy":"category","embeddable":true,"href":"https:\/\/www.lafargalhospitalet.com\/ca\/wp-json\/wp\/v2\/categories?post=4552"},{"taxonomy":"post_tag","embeddable":true,"href":"https:\/\/www.lafargalhospitalet.com\/ca\/wp-json\/wp\/v2\/tags?post=4552"}],"curies":[{"name":"wp","href":"https:\/\/api.w.org\/{rel}","templated":true}]}}