{"id":4561,"date":"2016-12-16T13:45:06","date_gmt":"2016-12-16T12:45:06","guid":{"rendered":"http:\/\/www.lafargalhospitalet.com\/?p=4561"},"modified":"2025-11-03T18:29:03","modified_gmt":"2025-11-03T17:29:03","slug":"intensa-activitat-mediatica-al-kaliu-park","status":"publish","type":"post","link":"https:\/\/www.lafargalhospitalet.com\/ca\/intensa-activitat-mediatica-al-kaliu-park\/","title":{"rendered":"Intensa activitat medi\u00e0tica al Kaliu Park de La Farga"},"content":{"rendered":"<h5>L&#8217;Hospitalet i La Farga, d&#8217;inter\u00e8s medi\u00e0tic<\/h5>\n<p>Intensa activitat medi\u00e0tica aquests dies al Kaliu Park, Espai L\u00fadic de Nadal de L\u2019Hospitalet amb la pres\u00e8ncia de nombrosos mitjans de comunicaci\u00f3, interessats en aquesta instal\u00b7laci\u00f3 nadalenca de La Farga de L\u2019Hospitalet.<\/p>\n<p>Durant els primers quinze dies de funcionament ja han passat per La Farga els principals programes de les televisions catalans i informatius de televisions estatals.<\/p>\n<p>Us oferim un recull del treball realitzat pels diferents mitjans audiovisuals.<\/p>\n<p><strong>El programa InfoK del Club S\u00faper3 de Televisi\u00f3 de Catalunya ha tancat l&#8217;any al Kaliu Park (22-12-16) (a partir del minut 16:10)<\/strong><br \/>\n<iframe src=\"http:\/\/www.ccma.cat\/video\/embed\/super3\/5639262\/\" width=\"500px\" height=\"281px\" frameborder=\"0\" scrolling=\"no\" allowfullscreen=\"allowfullscreen\"><\/iframe><\/p>\n<p><strong>El programa P\u00e1gina 2 de La 2 de TVE ha fet un especial de literatura infantil i juvenil des de La Farga (20-12-16) (A partir del minut 23:25)<\/strong><\/p>\n<div style=\"width: 100%; padding-top: 64%; position: relative; border-bottom: 1px solid #aaa; display: inline-block; background: rgba(255,255,255,0.9);\">\n<p><iframe style=\"width: 100%; height: 90%; position: absolute; left: 0; top: 0; overflow: hidden;\" src=\"http:\/\/www.rtve.es\/drmn\/embed\/video\/3838073\" name=\"Especial Literatura infantil y juvenil\" width=\"300\" height=\"150\" frameborder=\"0\" scrolling=\"no\"><\/iframe><\/p>\n<div style=\"position: absolute; bottom: 0; left: 0; font-family: arial,helvetica,sans-serif; font-size: 12px; line-height: 1.833; display: inline-block; padding: 5px 0 5px 10px;\"><span style=\"float: left; margin-right: 10px;\"><img decoding=\"async\" style=\"height: 20px; width: auto; background: transparent; padding: 0; margin: 0;\" src=\"http:\/\/img.irtve.es\/css\/rtve.commons\/rtve.header.footer\/i\/logoRTVEes.png\" \/><\/span> <a style=\"color: #333; font-weight: bold;\" title=\"Especial Literatura infantil y juvenil\" href=\"http:\/\/www.rtve.es\/alacarta\/videos\/pagina-dos\/pagina-dos-especial-literatura-infantil-juvenil\/3838073\/\"><strong>Especial Literatura infantil y juvenil<\/strong><\/a><\/div>\n<\/div>\n<p><strong>El programa Barcelonautes de 25Tv tamb\u00e9 ha estat present al Kaliu Park (19-12-16)<\/strong><br \/>\n<iframe src=\"https:\/\/www.youtube.com\/embed\/wqnAphd0zj4?list=PLiappQpwxyCqwxs7k3f-HWgZB9OI-vR-p\" width=\"560\" height=\"315\" frameborder=\"0\" allowfullscreen=\"allowfullscreen\"><\/iframe><\/p>\n<p><strong>Connexi\u00f3 en directe d&#8217;Els Matins de TV3 (9-12-16). (A partir del minut 3:30:44)<\/strong><br \/>\n<iframe src=\"http:\/\/www.ccma.cat\/video\/embed\/5636594\" width=\"500px\" height=\"281px\" frameborder=\"0\" scrolling=\"no\" allowfullscreen=\"allowfullscreen\"><\/iframe><\/p>\n<p><strong>Connexi\u00f3 en directe a 8 al dia Cap de Setmana de 8tv (4-12-16)<\/strong><br \/>\n<iframe src=\"http:\/\/players.brightcove.net\/1589608506001\/78ec8cae-ae89-481a-8e95-b434e884e65c_default\/index.html?videoId=5235414243001&amp;\" width=\"500\" height=\"281\" frameborder=\"0\" allowfullscreen=\"allowfullscreen\"><\/iframe><\/p>\n<p><strong>L&#8217;Informatiu Cap de Setmana de TVE (2-12-16) (A partir del minut 22:10)<\/strong><\/p>\n<div style=\"width: 100%; padding-top: 64%; position: relative; border-bottom: 1px solid #aaa; display: inline-block; background: rgba(255,255,255,0.9);\">\n<p><iframe style=\"width: 100%; height: 90%; position: absolute; left: 0; top: 0; overflow: hidden;\" src=\"http:\/\/www.rtve.es\/drmn\/embed\/video\/3819496\" name=\"L'informatiu del cap de setmana - Dissabte - 03\/12\/2016\" width=\"500\" height=\"281\" frameborder=\"0\" scrolling=\"no\"><\/iframe><\/p>\n<div style=\"position: absolute; bottom: 0; left: 0; font-family: arial,helvetica,sans-serif; font-size: 12px; line-height: 1.833; display: inline-block; padding: 5px 0 5px 10px;\"><span style=\"float: left; margin-right: 10px;\"><img decoding=\"async\" style=\"height: 20px; width: auto; background: transparent; padding: 0; margin: 0;\" src=\"http:\/\/img.irtve.es\/css\/rtve.commons\/rtve.header.footer\/i\/logoRTVEes.png\" \/><\/span> <a style=\"color: #333; font-weight: bold;\" title=\"L'informatiu del cap de setmana - Dissabte - 03\/12\/2016\" href=\"http:\/\/www.rtve.es\/alacarta\/videos\/linformatiu\/linformatiu-del-cap-setmana-dissabte-03-12-2016\/3819496\/\"><strong>L&#8217;informatiu del cap de setmana &#8211; Dissabte &#8211; 03\/12\/2016<\/strong><\/a><\/div>\n<\/div>\n<p>&nbsp;<\/p>\n<p><strong>L&#8217;Informatiu de TV L&#8217;Hospitalet (2-12-16)<\/strong><br \/>\n<object data=\"http:\/\/releases.flowplayer.org\/swf\/flowplayer-3.2.16.swf\" type=\"application\/x-shockwave-flash\" width=\"490\" height=\"275\"><param name=\"movie\" value=\"http:\/\/releases.flowplayer.org\/swf\/flowplayer-3.2.16.swf\" \/><param name=\"allowfullscreen\" value=\"true\" \/><param name=\"allowscriptaccess\" value=\"always\" \/><param name=\"flashvars\" value=\"config={&quot;clip&quot;:{&quot;url&quot;:&quot;http%3A%2F%2Flhdigital.cat%2Fvideos_2016%2Fnoticies%2FPISTA_DE_GEL.mp4%3Ft%3D1481891710666&quot;},&quot;playlist&quot;:[{&quot;url&quot;:&quot;http%3A%2F%2Flhdigital.cat%2Fvideos_2016%2Fnoticies%2FPISTA_DE_GEL.mp4%3Ft%3D1481891710666&quot;}]}\" \/><\/object><\/p>\n","protected":false},"excerpt":{"rendered":"<p>Els Matins de TV3, 8 al dia de 8tv, P\u00e1gina 2 de TVE, l&#8217;InfoK o TV L&#8217;Hospitalet s\u00f3n alguns dels mitjans televisius que passen aquests dies pel Kaliu Park de La Farga.<\/p>\n","protected":false},"author":1,"featured_media":4562,"comment_status":"closed","ping_status":"closed","sticky":false,"template":"","format":"standard","meta":{"_monsterinsights_skip_tracking":false,"_monsterinsights_sitenote_active":false,"_monsterinsights_sitenote_note":"","_monsterinsights_sitenote_category":0,"footnotes":""},"categories":[83],"tags":[],"class_list":["post-4561","post","type-post","status-publish","format-standard","has-post-thumbnail","hentry","category-noticies"],"yoast_head":"<!-- This site is optimized with the Yoast SEO plugin v27.5 - https:\/\/yoast.com\/product\/yoast-seo-wordpress\/ -->\n<title>Intensa activitat medi\u00e0tica al Kaliu Park de La Farga - La Farga L&#039;Hospitalet Centre d&#039;Activitats. La Farga GEM, S.A.<\/title>\n<meta name=\"description\" content=\"Els Matins de TV3, 8 al dia, P\u00e1gina 2 de TVE, l&#039;InfoK o TV L&#039;Hospitalet s\u00f3n alguns dels que passen pel Kaliu Park, focus d&#039;intensa activitat medi\u00e0tica.\" \/>\n<meta name=\"robots\" content=\"index, follow, max-snippet:-1, max-image-preview:large, max-video-preview:-1\" \/>\n<link rel=\"canonical\" href=\"https:\/\/www.lafargalhospitalet.com\/ca\/intensa-activitat-mediatica-al-kaliu-park\/\" \/>\n<meta property=\"og:locale\" content=\"ca_ES\" \/>\n<meta property=\"og:type\" content=\"article\" \/>\n<meta property=\"og:title\" content=\"Intensa activitat medi\u00e0tica al Kaliu Park de La Farga - La Farga L&#039;Hospitalet Centre d&#039;Activitats. La Farga GEM, S.A.\" \/>\n<meta property=\"og:description\" content=\"Els Matins de TV3, 8 al dia, P\u00e1gina 2 de TVE, l&#039;InfoK o TV L&#039;Hospitalet s\u00f3n alguns dels que passen pel Kaliu Park, focus d&#039;intensa activitat medi\u00e0tica.\" \/>\n<meta property=\"og:url\" content=\"https:\/\/www.lafargalhospitalet.com\/ca\/intensa-activitat-mediatica-al-kaliu-park\/\" \/>\n<meta property=\"og:site_name\" content=\"La Farga L&#039;Hospitalet Centre d&#039;Activitats. La Farga GEM, S.A.\" \/>\n<meta property=\"article:publisher\" content=\"https:\/\/www.facebook.com\/fargahospitalet\/\" \/>\n<meta property=\"article:published_time\" content=\"2016-12-16T12:45:06+00:00\" \/>\n<meta property=\"article:modified_time\" content=\"2025-11-03T17:29:03+00:00\" \/>\n<meta property=\"og:image\" content=\"https:\/\/www.lafargalhospitalet.com\/wp-content\/uploads\/2016\/12\/KaliuPark-Televisions.jpg\" \/>\n\t<meta property=\"og:image:width\" content=\"730\" \/>\n\t<meta property=\"og:image:height\" content=\"410\" \/>\n\t<meta property=\"og:image:type\" content=\"image\/jpeg\" \/>\n<meta name=\"author\" content=\"La Farga Centre d&#039;Activitats\" \/>\n<meta name=\"twitter:card\" content=\"summary_large_image\" \/>\n<meta name=\"twitter:creator\" content=\"@fargahospitalet\" \/>\n<meta name=\"twitter:site\" content=\"@fargahospitalet\" \/>\n<meta name=\"twitter:label1\" content=\"Escrit per\" \/>\n\t<meta name=\"twitter:data1\" content=\"La Farga Centre d&#039;Activitats\" \/>\n\t<meta name=\"twitter:label2\" content=\"Temps estimat de lectura\" \/>\n\t<meta name=\"twitter:data2\" content=\"1 minut\" \/>\n<script type=\"application\/ld+json\" class=\"yoast-schema-graph\">{\"@context\":\"https:\\\/\\\/schema.org\",\"@graph\":[{\"@type\":\"Article\",\"@id\":\"https:\\\/\\\/www.lafargalhospitalet.com\\\/ca\\\/intensa-activitat-mediatica-al-kaliu-park\\\/#article\",\"isPartOf\":{\"@id\":\"https:\\\/\\\/www.lafargalhospitalet.com\\\/ca\\\/intensa-activitat-mediatica-al-kaliu-park\\\/\"},\"author\":{\"name\":\"La Farga Centre d'Activitats\",\"@id\":\"https:\\\/\\\/www.lafargalhospitalet.com\\\/#\\\/schema\\\/person\\\/6cbac0ef7748506b167ff859e1c7f378\"},\"headline\":\"Intensa activitat medi\u00e0tica al Kaliu Park de La Farga\",\"datePublished\":\"2016-12-16T12:45:06+00:00\",\"dateModified\":\"2025-11-03T17:29:03+00:00\",\"mainEntityOfPage\":{\"@id\":\"https:\\\/\\\/www.lafargalhospitalet.com\\\/ca\\\/intensa-activitat-mediatica-al-kaliu-park\\\/\"},\"wordCount\":222,\"publisher\":{\"@id\":\"https:\\\/\\\/www.lafargalhospitalet.com\\\/#organization\"},\"image\":{\"@id\":\"https:\\\/\\\/www.lafargalhospitalet.com\\\/ca\\\/intensa-activitat-mediatica-al-kaliu-park\\\/#primaryimage\"},\"thumbnailUrl\":\"https:\\\/\\\/www.lafargalhospitalet.com\\\/wp-content\\\/uploads\\\/2016\\\/12\\\/KaliuPark-Televisions.jpg\",\"articleSection\":[\"Noticies\"],\"inLanguage\":\"ca\"},{\"@type\":\"WebPage\",\"@id\":\"https:\\\/\\\/www.lafargalhospitalet.com\\\/ca\\\/intensa-activitat-mediatica-al-kaliu-park\\\/\",\"url\":\"https:\\\/\\\/www.lafargalhospitalet.com\\\/ca\\\/intensa-activitat-mediatica-al-kaliu-park\\\/\",\"name\":\"Intensa activitat medi\u00e0tica al Kaliu Park de La Farga - La Farga L&#039;Hospitalet Centre d&#039;Activitats. La Farga GEM, S.A.\",\"isPartOf\":{\"@id\":\"https:\\\/\\\/www.lafargalhospitalet.com\\\/#website\"},\"primaryImageOfPage\":{\"@id\":\"https:\\\/\\\/www.lafargalhospitalet.com\\\/ca\\\/intensa-activitat-mediatica-al-kaliu-park\\\/#primaryimage\"},\"image\":{\"@id\":\"https:\\\/\\\/www.lafargalhospitalet.com\\\/ca\\\/intensa-activitat-mediatica-al-kaliu-park\\\/#primaryimage\"},\"thumbnailUrl\":\"https:\\\/\\\/www.lafargalhospitalet.com\\\/wp-content\\\/uploads\\\/2016\\\/12\\\/KaliuPark-Televisions.jpg\",\"datePublished\":\"2016-12-16T12:45:06+00:00\",\"dateModified\":\"2025-11-03T17:29:03+00:00\",\"description\":\"Els Matins de TV3, 8 al dia, P\u00e1gina 2 de TVE, l'InfoK o TV L'Hospitalet s\u00f3n alguns dels que passen pel Kaliu Park, focus d'intensa activitat medi\u00e0tica.\",\"breadcrumb\":{\"@id\":\"https:\\\/\\\/www.lafargalhospitalet.com\\\/ca\\\/intensa-activitat-mediatica-al-kaliu-park\\\/#breadcrumb\"},\"inLanguage\":\"ca\",\"potentialAction\":[{\"@type\":\"ReadAction\",\"target\":[\"https:\\\/\\\/www.lafargalhospitalet.com\\\/ca\\\/intensa-activitat-mediatica-al-kaliu-park\\\/\"]}]},{\"@type\":\"ImageObject\",\"inLanguage\":\"ca\",\"@id\":\"https:\\\/\\\/www.lafargalhospitalet.com\\\/ca\\\/intensa-activitat-mediatica-al-kaliu-park\\\/#primaryimage\",\"url\":\"https:\\\/\\\/www.lafargalhospitalet.com\\\/wp-content\\\/uploads\\\/2016\\\/12\\\/KaliuPark-Televisions.jpg\",\"contentUrl\":\"https:\\\/\\\/www.lafargalhospitalet.com\\\/wp-content\\\/uploads\\\/2016\\\/12\\\/KaliuPark-Televisions.jpg\",\"width\":730,\"height\":410,\"caption\":\"Kaliu Park Televisions Medi\u00e0tica\"},{\"@type\":\"BreadcrumbList\",\"@id\":\"https:\\\/\\\/www.lafargalhospitalet.com\\\/ca\\\/intensa-activitat-mediatica-al-kaliu-park\\\/#breadcrumb\",\"itemListElement\":[{\"@type\":\"ListItem\",\"position\":1,\"name\":\"Portada\",\"item\":\"https:\\\/\\\/www.lafargalhospitalet.com\\\/\"},{\"@type\":\"ListItem\",\"position\":2,\"name\":\"Intensa activitat medi\u00e0tica al Kaliu Park de La Farga\"}]},{\"@type\":\"WebSite\",\"@id\":\"https:\\\/\\\/www.lafargalhospitalet.com\\\/#website\",\"url\":\"https:\\\/\\\/www.lafargalhospitalet.com\\\/\",\"name\":\"La Farga L'Hospitalet Centre d'Activitats. La Farga GEM, S.A.\",\"description\":\"La Farga L&#039;Hospitalet Centre d&#039;Activitats. Gestionat per La Farga GEM, S.A. Fires i Congressos. Concerts, exposicions, reunions, filmacions, sopars de gala.\",\"publisher\":{\"@id\":\"https:\\\/\\\/www.lafargalhospitalet.com\\\/#organization\"},\"potentialAction\":[{\"@type\":\"SearchAction\",\"target\":{\"@type\":\"EntryPoint\",\"urlTemplate\":\"https:\\\/\\\/www.lafargalhospitalet.com\\\/?s={search_term_string}\"},\"query-input\":{\"@type\":\"PropertyValueSpecification\",\"valueRequired\":true,\"valueName\":\"search_term_string\"}}],\"inLanguage\":\"ca\"},{\"@type\":\"Organization\",\"@id\":\"https:\\\/\\\/www.lafargalhospitalet.com\\\/#organization\",\"name\":\"La Farga L'Hospitalet Centre d'Activitats. La Farga GEM, S.A.\",\"url\":\"https:\\\/\\\/www.lafargalhospitalet.com\\\/\",\"logo\":{\"@type\":\"ImageObject\",\"inLanguage\":\"ca\",\"@id\":\"https:\\\/\\\/www.lafargalhospitalet.com\\\/#\\\/schema\\\/logo\\\/image\\\/\",\"url\":\"https:\\\/\\\/www.lafargalhospitalet.com\\\/wp-content\\\/uploads\\\/2025\\\/10\\\/logotipo_lafarga_centre_activitats.png\",\"contentUrl\":\"https:\\\/\\\/www.lafargalhospitalet.com\\\/wp-content\\\/uploads\\\/2025\\\/10\\\/logotipo_lafarga_centre_activitats.png\",\"width\":266,\"height\":101,\"caption\":\"La Farga L'Hospitalet Centre d'Activitats. La Farga GEM, S.A.\"},\"image\":{\"@id\":\"https:\\\/\\\/www.lafargalhospitalet.com\\\/#\\\/schema\\\/logo\\\/image\\\/\"},\"sameAs\":[\"https:\\\/\\\/www.facebook.com\\\/fargahospitalet\\\/\",\"https:\\\/\\\/x.com\\\/fargahospitalet\",\"https:\\\/\\\/www.instagram.com\\\/lafargahospitalet\\\/\",\"https:\\\/\\\/www.youtube.com\\\/channel\\\/UCoLt6hen3PqGXgbLMGI3Qdw\",\"https:\\\/\\\/www.flickr.com\\\/photos\\\/lafargagemsa\\\/albums\"]},{\"@type\":\"Person\",\"@id\":\"https:\\\/\\\/www.lafargalhospitalet.com\\\/#\\\/schema\\\/person\\\/6cbac0ef7748506b167ff859e1c7f378\",\"name\":\"La Farga Centre d'Activitats\",\"sameAs\":[\"https:\\\/\\\/www.lafargalhospitalet.com\"],\"url\":\"https:\\\/\\\/www.lafargalhospitalet.com\\\/ca\\\/author\\\/far25gmin\\\/\"}]}<\/script>\n<!-- \/ Yoast SEO plugin. -->","yoast_head_json":{"title":"Intensa activitat medi\u00e0tica al Kaliu Park de La Farga - La Farga L&#039;Hospitalet Centre d&#039;Activitats. La Farga GEM, S.A.","description":"Els Matins de TV3, 8 al dia, P\u00e1gina 2 de TVE, l'InfoK o TV L'Hospitalet s\u00f3n alguns dels que passen pel Kaliu Park, focus d'intensa activitat medi\u00e0tica.","robots":{"index":"index","follow":"follow","max-snippet":"max-snippet:-1","max-image-preview":"max-image-preview:large","max-video-preview":"max-video-preview:-1"},"canonical":"https:\/\/www.lafargalhospitalet.com\/ca\/intensa-activitat-mediatica-al-kaliu-park\/","og_locale":"ca_ES","og_type":"article","og_title":"Intensa activitat medi\u00e0tica al Kaliu Park de La Farga - La Farga L&#039;Hospitalet Centre d&#039;Activitats. La Farga GEM, S.A.","og_description":"Els Matins de TV3, 8 al dia, P\u00e1gina 2 de TVE, l'InfoK o TV L'Hospitalet s\u00f3n alguns dels que passen pel Kaliu Park, focus d'intensa activitat medi\u00e0tica.","og_url":"https:\/\/www.lafargalhospitalet.com\/ca\/intensa-activitat-mediatica-al-kaliu-park\/","og_site_name":"La Farga L&#039;Hospitalet Centre d&#039;Activitats. La Farga GEM, S.A.","article_publisher":"https:\/\/www.facebook.com\/fargahospitalet\/","article_published_time":"2016-12-16T12:45:06+00:00","article_modified_time":"2025-11-03T17:29:03+00:00","og_image":[{"width":730,"height":410,"url":"https:\/\/www.lafargalhospitalet.com\/wp-content\/uploads\/2016\/12\/KaliuPark-Televisions.jpg","type":"image\/jpeg"}],"author":"La Farga Centre d'Activitats","twitter_card":"summary_large_image","twitter_creator":"@fargahospitalet","twitter_site":"@fargahospitalet","twitter_misc":{"Escrit per":"La Farga Centre d'Activitats","Temps estimat de lectura":"1 minut"},"schema":{"@context":"https:\/\/schema.org","@graph":[{"@type":"Article","@id":"https:\/\/www.lafargalhospitalet.com\/ca\/intensa-activitat-mediatica-al-kaliu-park\/#article","isPartOf":{"@id":"https:\/\/www.lafargalhospitalet.com\/ca\/intensa-activitat-mediatica-al-kaliu-park\/"},"author":{"name":"La Farga Centre d'Activitats","@id":"https:\/\/www.lafargalhospitalet.com\/#\/schema\/person\/6cbac0ef7748506b167ff859e1c7f378"},"headline":"Intensa activitat medi\u00e0tica al Kaliu Park de La Farga","datePublished":"2016-12-16T12:45:06+00:00","dateModified":"2025-11-03T17:29:03+00:00","mainEntityOfPage":{"@id":"https:\/\/www.lafargalhospitalet.com\/ca\/intensa-activitat-mediatica-al-kaliu-park\/"},"wordCount":222,"publisher":{"@id":"https:\/\/www.lafargalhospitalet.com\/#organization"},"image":{"@id":"https:\/\/www.lafargalhospitalet.com\/ca\/intensa-activitat-mediatica-al-kaliu-park\/#primaryimage"},"thumbnailUrl":"https:\/\/www.lafargalhospitalet.com\/wp-content\/uploads\/2016\/12\/KaliuPark-Televisions.jpg","articleSection":["Noticies"],"inLanguage":"ca"},{"@type":"WebPage","@id":"https:\/\/www.lafargalhospitalet.com\/ca\/intensa-activitat-mediatica-al-kaliu-park\/","url":"https:\/\/www.lafargalhospitalet.com\/ca\/intensa-activitat-mediatica-al-kaliu-park\/","name":"Intensa activitat medi\u00e0tica al Kaliu Park de La Farga - La Farga L&#039;Hospitalet Centre d&#039;Activitats. La Farga GEM, S.A.","isPartOf":{"@id":"https:\/\/www.lafargalhospitalet.com\/#website"},"primaryImageOfPage":{"@id":"https:\/\/www.lafargalhospitalet.com\/ca\/intensa-activitat-mediatica-al-kaliu-park\/#primaryimage"},"image":{"@id":"https:\/\/www.lafargalhospitalet.com\/ca\/intensa-activitat-mediatica-al-kaliu-park\/#primaryimage"},"thumbnailUrl":"https:\/\/www.lafargalhospitalet.com\/wp-content\/uploads\/2016\/12\/KaliuPark-Televisions.jpg","datePublished":"2016-12-16T12:45:06+00:00","dateModified":"2025-11-03T17:29:03+00:00","description":"Els Matins de TV3, 8 al dia, P\u00e1gina 2 de TVE, l'InfoK o TV L'Hospitalet s\u00f3n alguns dels que passen pel Kaliu Park, focus d'intensa activitat medi\u00e0tica.","breadcrumb":{"@id":"https:\/\/www.lafargalhospitalet.com\/ca\/intensa-activitat-mediatica-al-kaliu-park\/#breadcrumb"},"inLanguage":"ca","potentialAction":[{"@type":"ReadAction","target":["https:\/\/www.lafargalhospitalet.com\/ca\/intensa-activitat-mediatica-al-kaliu-park\/"]}]},{"@type":"ImageObject","inLanguage":"ca","@id":"https:\/\/www.lafargalhospitalet.com\/ca\/intensa-activitat-mediatica-al-kaliu-park\/#primaryimage","url":"https:\/\/www.lafargalhospitalet.com\/wp-content\/uploads\/2016\/12\/KaliuPark-Televisions.jpg","contentUrl":"https:\/\/www.lafargalhospitalet.com\/wp-content\/uploads\/2016\/12\/KaliuPark-Televisions.jpg","width":730,"height":410,"caption":"Kaliu Park Televisions Medi\u00e0tica"},{"@type":"BreadcrumbList","@id":"https:\/\/www.lafargalhospitalet.com\/ca\/intensa-activitat-mediatica-al-kaliu-park\/#breadcrumb","itemListElement":[{"@type":"ListItem","position":1,"name":"Portada","item":"https:\/\/www.lafargalhospitalet.com\/"},{"@type":"ListItem","position":2,"name":"Intensa activitat medi\u00e0tica al Kaliu Park de La Farga"}]},{"@type":"WebSite","@id":"https:\/\/www.lafargalhospitalet.com\/#website","url":"https:\/\/www.lafargalhospitalet.com\/","name":"La Farga L'Hospitalet Centre d'Activitats. La Farga GEM, S.A.","description":"La Farga L&#039;Hospitalet Centre d&#039;Activitats. Gestionat per La Farga GEM, S.A. Fires i Congressos. Concerts, exposicions, reunions, filmacions, sopars de gala.","publisher":{"@id":"https:\/\/www.lafargalhospitalet.com\/#organization"},"potentialAction":[{"@type":"SearchAction","target":{"@type":"EntryPoint","urlTemplate":"https:\/\/www.lafargalhospitalet.com\/?s={search_term_string}"},"query-input":{"@type":"PropertyValueSpecification","valueRequired":true,"valueName":"search_term_string"}}],"inLanguage":"ca"},{"@type":"Organization","@id":"https:\/\/www.lafargalhospitalet.com\/#organization","name":"La Farga L'Hospitalet Centre d'Activitats. La Farga GEM, S.A.","url":"https:\/\/www.lafargalhospitalet.com\/","logo":{"@type":"ImageObject","inLanguage":"ca","@id":"https:\/\/www.lafargalhospitalet.com\/#\/schema\/logo\/image\/","url":"https:\/\/www.lafargalhospitalet.com\/wp-content\/uploads\/2025\/10\/logotipo_lafarga_centre_activitats.png","contentUrl":"https:\/\/www.lafargalhospitalet.com\/wp-content\/uploads\/2025\/10\/logotipo_lafarga_centre_activitats.png","width":266,"height":101,"caption":"La Farga L'Hospitalet Centre d'Activitats. La Farga GEM, S.A."},"image":{"@id":"https:\/\/www.lafargalhospitalet.com\/#\/schema\/logo\/image\/"},"sameAs":["https:\/\/www.facebook.com\/fargahospitalet\/","https:\/\/x.com\/fargahospitalet","https:\/\/www.instagram.com\/lafargahospitalet\/","https:\/\/www.youtube.com\/channel\/UCoLt6hen3PqGXgbLMGI3Qdw","https:\/\/www.flickr.com\/photos\/lafargagemsa\/albums"]},{"@type":"Person","@id":"https:\/\/www.lafargalhospitalet.com\/#\/schema\/person\/6cbac0ef7748506b167ff859e1c7f378","name":"La Farga Centre d'Activitats","sameAs":["https:\/\/www.lafargalhospitalet.com"],"url":"https:\/\/www.lafargalhospitalet.com\/ca\/author\/far25gmin\/"}]}},"_links":{"self":[{"href":"https:\/\/www.lafargalhospitalet.com\/ca\/wp-json\/wp\/v2\/posts\/4561","targetHints":{"allow":["GET"]}}],"collection":[{"href":"https:\/\/www.lafargalhospitalet.com\/ca\/wp-json\/wp\/v2\/posts"}],"about":[{"href":"https:\/\/www.lafargalhospitalet.com\/ca\/wp-json\/wp\/v2\/types\/post"}],"author":[{"embeddable":true,"href":"https:\/\/www.lafargalhospitalet.com\/ca\/wp-json\/wp\/v2\/users\/1"}],"replies":[{"embeddable":true,"href":"https:\/\/www.lafargalhospitalet.com\/ca\/wp-json\/wp\/v2\/comments?post=4561"}],"version-history":[{"count":0,"href":"https:\/\/www.lafargalhospitalet.com\/ca\/wp-json\/wp\/v2\/posts\/4561\/revisions"}],"wp:featuredmedia":[{"embeddable":true,"href":"https:\/\/www.lafargalhospitalet.com\/ca\/wp-json\/wp\/v2\/media\/4562"}],"wp:attachment":[{"href":"https:\/\/www.lafargalhospitalet.com\/ca\/wp-json\/wp\/v2\/media?parent=4561"}],"wp:term":[{"taxonomy":"category","embeddable":true,"href":"https:\/\/www.lafargalhospitalet.com\/ca\/wp-json\/wp\/v2\/categories?post=4561"},{"taxonomy":"post_tag","embeddable":true,"href":"https:\/\/www.lafargalhospitalet.com\/ca\/wp-json\/wp\/v2\/tags?post=4561"}],"curies":[{"name":"wp","href":"https:\/\/api.w.org\/{rel}","templated":true}]}}