{"id":4581,"date":"2016-12-20T08:31:59","date_gmt":"2016-12-20T07:31:59","guid":{"rendered":"http:\/\/www.lafargalhospitalet.com\/?p=4581"},"modified":"2025-11-03T18:29:03","modified_gmt":"2025-11-03T17:29:03","slug":"kaliu-park-incrementa-22-assistencia-public","status":"publish","type":"post","link":"https:\/\/www.lafargalhospitalet.com\/ca\/kaliu-park-incrementa-22-assistencia-public\/","title":{"rendered":"El Kaliu Park incrementa un 22% l&#8217;assist\u00e8ncia de p\u00fablic"},"content":{"rendered":"<h5>El parc l\u00fadic de Nadal de L&#8217;Hospitalet ja ha rebut rep 81.100 visitants<\/h5>\n<p>El Kaliu Park, l&#8217;atracci\u00f3 nadalenca de L&#8217;Hospitalet, i que inclou la pista de patinatge sobre gel i el m\u00edtic Tobogan gegant, entre d&#8217;altres atraccions, incrementa assist\u00e8ncia i ja ha rebut un total de 81.100 visitants des que va obrir, el passat 2 de desembre.<\/p>\n<p>Aquesta xifra representa un 22% m\u00e9s de visites respecte les mateixes dates de l&#8217;any passat.<\/p>\n<p>A banda de la pista de patinatge sobre gel i el Tobogan Gegant, el Kaliu Park \u00e9s un espai ambientat amb motius nadalencs on hi podem trobar des un roc\u00f2drom inflable, un taller de maquillatge, karts ecol\u00f2gics, un taller de rob\u00f2tica a c\u00e0rrec de l\u2019empresa hospitalenca Nub\u00f3tica, un arbre m\u00e0gic que parla i conta contes i un pou dels bons desitjos en el marc d\u2019un bosc encantat, entre d\u2019altres activitats.<\/p>\n<p>El Kaliu Park estar\u00e0 obert fins els 8 de gener, tots els dies d&#8217;11 del mat\u00ed a 21 hores, i fins les 22 hores divendres, dissabte i vig\u00edles de festiu. <strong><a href=\"https:\/\/www.lafargalhospitalet.com\/agenda-cat\/\" target=\"_blank\">(Horaris especials el 25 i 31 de desembre i 1 de gener)<\/a>.<\/strong><\/p>\n","protected":false},"excerpt":{"rendered":"<p>El Kaliu Park, l&#8217;atracci\u00f3 nadalenca de L&#8217;Hospitalet, i que inclou la pista de patinatge sobre gel i el m\u00edtic Tobogan gegant, entre d&#8217;altres atraccions, ja ha rebut un total de 81.100 visitants.<\/p>\n","protected":false},"author":1,"featured_media":4582,"comment_status":"closed","ping_status":"closed","sticky":false,"template":"","format":"standard","meta":{"_monsterinsights_skip_tracking":false,"_monsterinsights_sitenote_active":false,"_monsterinsights_sitenote_note":"","_monsterinsights_sitenote_category":0,"footnotes":""},"categories":[83],"tags":[],"class_list":["post-4581","post","type-post","status-publish","format-standard","has-post-thumbnail","hentry","category-noticies"],"yoast_head":"<!-- This site is optimized with the Yoast SEO plugin v27.5 - https:\/\/yoast.com\/product\/yoast-seo-wordpress\/ -->\n<title>El Kaliu Park incrementa un 22% l&#039;assist\u00e8ncia de p\u00fablic - La Farga L&#039;Hospitalet Centre d&#039;Activitats. La Farga GEM, S.A.<\/title>\n<meta name=\"description\" content=\"El Kaliu Park, l&#039;atracci\u00f3 nadalenca de L&#039;Hospitalet, incrementa la seva assist\u00e8ncia i ja ha rebut un total de 81.100 visitants.\" \/>\n<meta name=\"robots\" content=\"index, follow, max-snippet:-1, max-image-preview:large, max-video-preview:-1\" \/>\n<link rel=\"canonical\" href=\"https:\/\/www.lafargalhospitalet.com\/ca\/kaliu-park-incrementa-22-assistencia-public\/\" \/>\n<meta property=\"og:locale\" content=\"ca_ES\" \/>\n<meta property=\"og:type\" content=\"article\" \/>\n<meta property=\"og:title\" content=\"El Kaliu Park incrementa un 22% l&#039;assist\u00e8ncia de p\u00fablic - La Farga L&#039;Hospitalet Centre d&#039;Activitats. La Farga GEM, S.A.\" \/>\n<meta property=\"og:description\" content=\"El Kaliu Park, l&#039;atracci\u00f3 nadalenca de L&#039;Hospitalet, incrementa la seva assist\u00e8ncia i ja ha rebut un total de 81.100 visitants.\" \/>\n<meta property=\"og:url\" content=\"https:\/\/www.lafargalhospitalet.com\/ca\/kaliu-park-incrementa-22-assistencia-public\/\" \/>\n<meta property=\"og:site_name\" content=\"La Farga L&#039;Hospitalet Centre d&#039;Activitats. La Farga GEM, S.A.\" \/>\n<meta property=\"article:publisher\" content=\"https:\/\/www.facebook.com\/fargahospitalet\/\" \/>\n<meta property=\"article:published_time\" content=\"2016-12-20T07:31:59+00:00\" \/>\n<meta property=\"article:modified_time\" content=\"2025-11-03T17:29:03+00:00\" \/>\n<meta property=\"og:image\" content=\"https:\/\/www.lafargalhospitalet.com\/wp-content\/uploads\/2016\/12\/KaliuPark-81000.jpg\" \/>\n\t<meta property=\"og:image:width\" content=\"730\" \/>\n\t<meta property=\"og:image:height\" content=\"410\" \/>\n\t<meta property=\"og:image:type\" content=\"image\/jpeg\" \/>\n<meta name=\"author\" content=\"La Farga Centre d&#039;Activitats\" \/>\n<meta name=\"twitter:card\" content=\"summary_large_image\" \/>\n<meta name=\"twitter:creator\" content=\"@fargahospitalet\" \/>\n<meta name=\"twitter:site\" content=\"@fargahospitalet\" \/>\n<meta name=\"twitter:label1\" content=\"Escrit per\" \/>\n\t<meta name=\"twitter:data1\" content=\"La Farga Centre d&#039;Activitats\" \/>\n\t<meta name=\"twitter:label2\" content=\"Temps estimat de lectura\" \/>\n\t<meta name=\"twitter:data2\" content=\"1 minut\" \/>\n<script type=\"application\/ld+json\" class=\"yoast-schema-graph\">{\"@context\":\"https:\\\/\\\/schema.org\",\"@graph\":[{\"@type\":\"Article\",\"@id\":\"https:\\\/\\\/www.lafargalhospitalet.com\\\/ca\\\/kaliu-park-incrementa-22-assistencia-public\\\/#article\",\"isPartOf\":{\"@id\":\"https:\\\/\\\/www.lafargalhospitalet.com\\\/ca\\\/kaliu-park-incrementa-22-assistencia-public\\\/\"},\"author\":{\"name\":\"La Farga Centre d'Activitats\",\"@id\":\"https:\\\/\\\/www.lafargalhospitalet.com\\\/#\\\/schema\\\/person\\\/6cbac0ef7748506b167ff859e1c7f378\"},\"headline\":\"El Kaliu Park incrementa un 22% l&#8217;assist\u00e8ncia de p\u00fablic\",\"datePublished\":\"2016-12-20T07:31:59+00:00\",\"dateModified\":\"2025-11-03T17:29:03+00:00\",\"mainEntityOfPage\":{\"@id\":\"https:\\\/\\\/www.lafargalhospitalet.com\\\/ca\\\/kaliu-park-incrementa-22-assistencia-public\\\/\"},\"wordCount\":204,\"publisher\":{\"@id\":\"https:\\\/\\\/www.lafargalhospitalet.com\\\/#organization\"},\"image\":{\"@id\":\"https:\\\/\\\/www.lafargalhospitalet.com\\\/ca\\\/kaliu-park-incrementa-22-assistencia-public\\\/#primaryimage\"},\"thumbnailUrl\":\"https:\\\/\\\/www.lafargalhospitalet.com\\\/wp-content\\\/uploads\\\/2016\\\/12\\\/KaliuPark-81000.jpg\",\"articleSection\":[\"Noticies\"],\"inLanguage\":\"ca\"},{\"@type\":\"WebPage\",\"@id\":\"https:\\\/\\\/www.lafargalhospitalet.com\\\/ca\\\/kaliu-park-incrementa-22-assistencia-public\\\/\",\"url\":\"https:\\\/\\\/www.lafargalhospitalet.com\\\/ca\\\/kaliu-park-incrementa-22-assistencia-public\\\/\",\"name\":\"El Kaliu Park incrementa un 22% l'assist\u00e8ncia de p\u00fablic - La Farga L&#039;Hospitalet Centre d&#039;Activitats. La Farga GEM, S.A.\",\"isPartOf\":{\"@id\":\"https:\\\/\\\/www.lafargalhospitalet.com\\\/#website\"},\"primaryImageOfPage\":{\"@id\":\"https:\\\/\\\/www.lafargalhospitalet.com\\\/ca\\\/kaliu-park-incrementa-22-assistencia-public\\\/#primaryimage\"},\"image\":{\"@id\":\"https:\\\/\\\/www.lafargalhospitalet.com\\\/ca\\\/kaliu-park-incrementa-22-assistencia-public\\\/#primaryimage\"},\"thumbnailUrl\":\"https:\\\/\\\/www.lafargalhospitalet.com\\\/wp-content\\\/uploads\\\/2016\\\/12\\\/KaliuPark-81000.jpg\",\"datePublished\":\"2016-12-20T07:31:59+00:00\",\"dateModified\":\"2025-11-03T17:29:03+00:00\",\"description\":\"El Kaliu Park, l'atracci\u00f3 nadalenca de L'Hospitalet, incrementa la seva assist\u00e8ncia i ja ha rebut un total de 81.100 visitants.\",\"breadcrumb\":{\"@id\":\"https:\\\/\\\/www.lafargalhospitalet.com\\\/ca\\\/kaliu-park-incrementa-22-assistencia-public\\\/#breadcrumb\"},\"inLanguage\":\"ca\",\"potentialAction\":[{\"@type\":\"ReadAction\",\"target\":[\"https:\\\/\\\/www.lafargalhospitalet.com\\\/ca\\\/kaliu-park-incrementa-22-assistencia-public\\\/\"]}]},{\"@type\":\"ImageObject\",\"inLanguage\":\"ca\",\"@id\":\"https:\\\/\\\/www.lafargalhospitalet.com\\\/ca\\\/kaliu-park-incrementa-22-assistencia-public\\\/#primaryimage\",\"url\":\"https:\\\/\\\/www.lafargalhospitalet.com\\\/wp-content\\\/uploads\\\/2016\\\/12\\\/KaliuPark-81000.jpg\",\"contentUrl\":\"https:\\\/\\\/www.lafargalhospitalet.com\\\/wp-content\\\/uploads\\\/2016\\\/12\\\/KaliuPark-81000.jpg\",\"width\":730,\"height\":410,\"caption\":\"Torna el Kaliu\"},{\"@type\":\"BreadcrumbList\",\"@id\":\"https:\\\/\\\/www.lafargalhospitalet.com\\\/ca\\\/kaliu-park-incrementa-22-assistencia-public\\\/#breadcrumb\",\"itemListElement\":[{\"@type\":\"ListItem\",\"position\":1,\"name\":\"Portada\",\"item\":\"https:\\\/\\\/www.lafargalhospitalet.com\\\/\"},{\"@type\":\"ListItem\",\"position\":2,\"name\":\"El Kaliu Park incrementa un 22% l&#8217;assist\u00e8ncia de p\u00fablic\"}]},{\"@type\":\"WebSite\",\"@id\":\"https:\\\/\\\/www.lafargalhospitalet.com\\\/#website\",\"url\":\"https:\\\/\\\/www.lafargalhospitalet.com\\\/\",\"name\":\"La Farga L'Hospitalet Centre d'Activitats. La Farga GEM, S.A.\",\"description\":\"La Farga L&#039;Hospitalet Centre d&#039;Activitats. Gestionat per La Farga GEM, S.A. Fires i Congressos. Concerts, exposicions, reunions, filmacions, sopars de gala.\",\"publisher\":{\"@id\":\"https:\\\/\\\/www.lafargalhospitalet.com\\\/#organization\"},\"potentialAction\":[{\"@type\":\"SearchAction\",\"target\":{\"@type\":\"EntryPoint\",\"urlTemplate\":\"https:\\\/\\\/www.lafargalhospitalet.com\\\/?s={search_term_string}\"},\"query-input\":{\"@type\":\"PropertyValueSpecification\",\"valueRequired\":true,\"valueName\":\"search_term_string\"}}],\"inLanguage\":\"ca\"},{\"@type\":\"Organization\",\"@id\":\"https:\\\/\\\/www.lafargalhospitalet.com\\\/#organization\",\"name\":\"La Farga L'Hospitalet Centre d'Activitats. La Farga GEM, S.A.\",\"url\":\"https:\\\/\\\/www.lafargalhospitalet.com\\\/\",\"logo\":{\"@type\":\"ImageObject\",\"inLanguage\":\"ca\",\"@id\":\"https:\\\/\\\/www.lafargalhospitalet.com\\\/#\\\/schema\\\/logo\\\/image\\\/\",\"url\":\"https:\\\/\\\/www.lafargalhospitalet.com\\\/wp-content\\\/uploads\\\/2025\\\/10\\\/logotipo_lafarga_centre_activitats.png\",\"contentUrl\":\"https:\\\/\\\/www.lafargalhospitalet.com\\\/wp-content\\\/uploads\\\/2025\\\/10\\\/logotipo_lafarga_centre_activitats.png\",\"width\":266,\"height\":101,\"caption\":\"La Farga L'Hospitalet Centre d'Activitats. La Farga GEM, S.A.\"},\"image\":{\"@id\":\"https:\\\/\\\/www.lafargalhospitalet.com\\\/#\\\/schema\\\/logo\\\/image\\\/\"},\"sameAs\":[\"https:\\\/\\\/www.facebook.com\\\/fargahospitalet\\\/\",\"https:\\\/\\\/x.com\\\/fargahospitalet\",\"https:\\\/\\\/www.instagram.com\\\/lafargahospitalet\\\/\",\"https:\\\/\\\/www.youtube.com\\\/channel\\\/UCoLt6hen3PqGXgbLMGI3Qdw\",\"https:\\\/\\\/www.flickr.com\\\/photos\\\/lafargagemsa\\\/albums\"]},{\"@type\":\"Person\",\"@id\":\"https:\\\/\\\/www.lafargalhospitalet.com\\\/#\\\/schema\\\/person\\\/6cbac0ef7748506b167ff859e1c7f378\",\"name\":\"La Farga Centre d'Activitats\",\"sameAs\":[\"https:\\\/\\\/www.lafargalhospitalet.com\"],\"url\":\"https:\\\/\\\/www.lafargalhospitalet.com\\\/ca\\\/author\\\/far25gmin\\\/\"}]}<\/script>\n<!-- \/ Yoast SEO plugin. -->","yoast_head_json":{"title":"El Kaliu Park incrementa un 22% l'assist\u00e8ncia de p\u00fablic - La Farga L&#039;Hospitalet Centre d&#039;Activitats. La Farga GEM, S.A.","description":"El Kaliu Park, l'atracci\u00f3 nadalenca de L'Hospitalet, incrementa la seva assist\u00e8ncia i ja ha rebut un total de 81.100 visitants.","robots":{"index":"index","follow":"follow","max-snippet":"max-snippet:-1","max-image-preview":"max-image-preview:large","max-video-preview":"max-video-preview:-1"},"canonical":"https:\/\/www.lafargalhospitalet.com\/ca\/kaliu-park-incrementa-22-assistencia-public\/","og_locale":"ca_ES","og_type":"article","og_title":"El Kaliu Park incrementa un 22% l'assist\u00e8ncia de p\u00fablic - La Farga L&#039;Hospitalet Centre d&#039;Activitats. La Farga GEM, S.A.","og_description":"El Kaliu Park, l'atracci\u00f3 nadalenca de L'Hospitalet, incrementa la seva assist\u00e8ncia i ja ha rebut un total de 81.100 visitants.","og_url":"https:\/\/www.lafargalhospitalet.com\/ca\/kaliu-park-incrementa-22-assistencia-public\/","og_site_name":"La Farga L&#039;Hospitalet Centre d&#039;Activitats. La Farga GEM, S.A.","article_publisher":"https:\/\/www.facebook.com\/fargahospitalet\/","article_published_time":"2016-12-20T07:31:59+00:00","article_modified_time":"2025-11-03T17:29:03+00:00","og_image":[{"width":730,"height":410,"url":"https:\/\/www.lafargalhospitalet.com\/wp-content\/uploads\/2016\/12\/KaliuPark-81000.jpg","type":"image\/jpeg"}],"author":"La Farga Centre d'Activitats","twitter_card":"summary_large_image","twitter_creator":"@fargahospitalet","twitter_site":"@fargahospitalet","twitter_misc":{"Escrit per":"La Farga Centre d'Activitats","Temps estimat de lectura":"1 minut"},"schema":{"@context":"https:\/\/schema.org","@graph":[{"@type":"Article","@id":"https:\/\/www.lafargalhospitalet.com\/ca\/kaliu-park-incrementa-22-assistencia-public\/#article","isPartOf":{"@id":"https:\/\/www.lafargalhospitalet.com\/ca\/kaliu-park-incrementa-22-assistencia-public\/"},"author":{"name":"La Farga Centre d'Activitats","@id":"https:\/\/www.lafargalhospitalet.com\/#\/schema\/person\/6cbac0ef7748506b167ff859e1c7f378"},"headline":"El Kaliu Park incrementa un 22% l&#8217;assist\u00e8ncia de p\u00fablic","datePublished":"2016-12-20T07:31:59+00:00","dateModified":"2025-11-03T17:29:03+00:00","mainEntityOfPage":{"@id":"https:\/\/www.lafargalhospitalet.com\/ca\/kaliu-park-incrementa-22-assistencia-public\/"},"wordCount":204,"publisher":{"@id":"https:\/\/www.lafargalhospitalet.com\/#organization"},"image":{"@id":"https:\/\/www.lafargalhospitalet.com\/ca\/kaliu-park-incrementa-22-assistencia-public\/#primaryimage"},"thumbnailUrl":"https:\/\/www.lafargalhospitalet.com\/wp-content\/uploads\/2016\/12\/KaliuPark-81000.jpg","articleSection":["Noticies"],"inLanguage":"ca"},{"@type":"WebPage","@id":"https:\/\/www.lafargalhospitalet.com\/ca\/kaliu-park-incrementa-22-assistencia-public\/","url":"https:\/\/www.lafargalhospitalet.com\/ca\/kaliu-park-incrementa-22-assistencia-public\/","name":"El Kaliu Park incrementa un 22% l'assist\u00e8ncia de p\u00fablic - La Farga L&#039;Hospitalet Centre d&#039;Activitats. La Farga GEM, S.A.","isPartOf":{"@id":"https:\/\/www.lafargalhospitalet.com\/#website"},"primaryImageOfPage":{"@id":"https:\/\/www.lafargalhospitalet.com\/ca\/kaliu-park-incrementa-22-assistencia-public\/#primaryimage"},"image":{"@id":"https:\/\/www.lafargalhospitalet.com\/ca\/kaliu-park-incrementa-22-assistencia-public\/#primaryimage"},"thumbnailUrl":"https:\/\/www.lafargalhospitalet.com\/wp-content\/uploads\/2016\/12\/KaliuPark-81000.jpg","datePublished":"2016-12-20T07:31:59+00:00","dateModified":"2025-11-03T17:29:03+00:00","description":"El Kaliu Park, l'atracci\u00f3 nadalenca de L'Hospitalet, incrementa la seva assist\u00e8ncia i ja ha rebut un total de 81.100 visitants.","breadcrumb":{"@id":"https:\/\/www.lafargalhospitalet.com\/ca\/kaliu-park-incrementa-22-assistencia-public\/#breadcrumb"},"inLanguage":"ca","potentialAction":[{"@type":"ReadAction","target":["https:\/\/www.lafargalhospitalet.com\/ca\/kaliu-park-incrementa-22-assistencia-public\/"]}]},{"@type":"ImageObject","inLanguage":"ca","@id":"https:\/\/www.lafargalhospitalet.com\/ca\/kaliu-park-incrementa-22-assistencia-public\/#primaryimage","url":"https:\/\/www.lafargalhospitalet.com\/wp-content\/uploads\/2016\/12\/KaliuPark-81000.jpg","contentUrl":"https:\/\/www.lafargalhospitalet.com\/wp-content\/uploads\/2016\/12\/KaliuPark-81000.jpg","width":730,"height":410,"caption":"Torna el Kaliu"},{"@type":"BreadcrumbList","@id":"https:\/\/www.lafargalhospitalet.com\/ca\/kaliu-park-incrementa-22-assistencia-public\/#breadcrumb","itemListElement":[{"@type":"ListItem","position":1,"name":"Portada","item":"https:\/\/www.lafargalhospitalet.com\/"},{"@type":"ListItem","position":2,"name":"El Kaliu Park incrementa un 22% l&#8217;assist\u00e8ncia de p\u00fablic"}]},{"@type":"WebSite","@id":"https:\/\/www.lafargalhospitalet.com\/#website","url":"https:\/\/www.lafargalhospitalet.com\/","name":"La Farga L'Hospitalet Centre d'Activitats. La Farga GEM, S.A.","description":"La Farga L&#039;Hospitalet Centre d&#039;Activitats. Gestionat per La Farga GEM, S.A. Fires i Congressos. Concerts, exposicions, reunions, filmacions, sopars de gala.","publisher":{"@id":"https:\/\/www.lafargalhospitalet.com\/#organization"},"potentialAction":[{"@type":"SearchAction","target":{"@type":"EntryPoint","urlTemplate":"https:\/\/www.lafargalhospitalet.com\/?s={search_term_string}"},"query-input":{"@type":"PropertyValueSpecification","valueRequired":true,"valueName":"search_term_string"}}],"inLanguage":"ca"},{"@type":"Organization","@id":"https:\/\/www.lafargalhospitalet.com\/#organization","name":"La Farga L'Hospitalet Centre d'Activitats. La Farga GEM, S.A.","url":"https:\/\/www.lafargalhospitalet.com\/","logo":{"@type":"ImageObject","inLanguage":"ca","@id":"https:\/\/www.lafargalhospitalet.com\/#\/schema\/logo\/image\/","url":"https:\/\/www.lafargalhospitalet.com\/wp-content\/uploads\/2025\/10\/logotipo_lafarga_centre_activitats.png","contentUrl":"https:\/\/www.lafargalhospitalet.com\/wp-content\/uploads\/2025\/10\/logotipo_lafarga_centre_activitats.png","width":266,"height":101,"caption":"La Farga L'Hospitalet Centre d'Activitats. La Farga GEM, S.A."},"image":{"@id":"https:\/\/www.lafargalhospitalet.com\/#\/schema\/logo\/image\/"},"sameAs":["https:\/\/www.facebook.com\/fargahospitalet\/","https:\/\/x.com\/fargahospitalet","https:\/\/www.instagram.com\/lafargahospitalet\/","https:\/\/www.youtube.com\/channel\/UCoLt6hen3PqGXgbLMGI3Qdw","https:\/\/www.flickr.com\/photos\/lafargagemsa\/albums"]},{"@type":"Person","@id":"https:\/\/www.lafargalhospitalet.com\/#\/schema\/person\/6cbac0ef7748506b167ff859e1c7f378","name":"La Farga Centre d'Activitats","sameAs":["https:\/\/www.lafargalhospitalet.com"],"url":"https:\/\/www.lafargalhospitalet.com\/ca\/author\/far25gmin\/"}]}},"_links":{"self":[{"href":"https:\/\/www.lafargalhospitalet.com\/ca\/wp-json\/wp\/v2\/posts\/4581","targetHints":{"allow":["GET"]}}],"collection":[{"href":"https:\/\/www.lafargalhospitalet.com\/ca\/wp-json\/wp\/v2\/posts"}],"about":[{"href":"https:\/\/www.lafargalhospitalet.com\/ca\/wp-json\/wp\/v2\/types\/post"}],"author":[{"embeddable":true,"href":"https:\/\/www.lafargalhospitalet.com\/ca\/wp-json\/wp\/v2\/users\/1"}],"replies":[{"embeddable":true,"href":"https:\/\/www.lafargalhospitalet.com\/ca\/wp-json\/wp\/v2\/comments?post=4581"}],"version-history":[{"count":0,"href":"https:\/\/www.lafargalhospitalet.com\/ca\/wp-json\/wp\/v2\/posts\/4581\/revisions"}],"wp:featuredmedia":[{"embeddable":true,"href":"https:\/\/www.lafargalhospitalet.com\/ca\/wp-json\/wp\/v2\/media\/4582"}],"wp:attachment":[{"href":"https:\/\/www.lafargalhospitalet.com\/ca\/wp-json\/wp\/v2\/media?parent=4581"}],"wp:term":[{"taxonomy":"category","embeddable":true,"href":"https:\/\/www.lafargalhospitalet.com\/ca\/wp-json\/wp\/v2\/categories?post=4581"},{"taxonomy":"post_tag","embeddable":true,"href":"https:\/\/www.lafargalhospitalet.com\/ca\/wp-json\/wp\/v2\/tags?post=4581"}],"curies":[{"name":"wp","href":"https:\/\/api.w.org\/{rel}","templated":true}]}}