{"id":4653,"date":"2017-01-29T20:09:54","date_gmt":"2017-01-29T19:09:54","guid":{"rendered":"http:\/\/www.lafargalhospitalet.com\/?p=4653"},"modified":"2025-11-03T18:29:03","modified_gmt":"2025-11-03T17:29:03","slug":"exit-salo-cinema-series-amb-26500-visitants","status":"publish","type":"post","link":"https:\/\/www.lafargalhospitalet.com\/ca\/exit-salo-cinema-series-amb-26500-visitants\/","title":{"rendered":"\u00c8xit del Sal\u00f3 del Cinema i les S\u00e8ries amb 26.500 visitants"},"content":{"rendered":"<h5>Satisfacci\u00f3 entre el p\u00fablic assistent<\/h5>\n<p>La segona edici\u00f3 del <strong><a href=\"http:\/\/www.salondelcine.com\" target=\"_blank\">Sal\u00f3 del Cinema i les S\u00e8ries<\/a><\/strong> 2017 ha tancat aquest diumenge amb un notable increment de visitants situant-se en 26.500 assistents, un 30% m\u00e9s que l\u2019edici\u00f3 anterior.<\/p>\n<p>Els organitzadors del sal\u00f3, Cinemaworld i La Farga de L\u2019Hospitalet, s\u2019han mostrat molt satisfets de com ha anat l\u2019edici\u00f3 d\u2019enguany, amb una millor acceptaci\u00f3 per part del p\u00fablic visitant, tant de l\u2019afeccionat al cinema i les s\u00e8ries, de totes les edats, com del p\u00fablic professional d\u2019aquest sector. En aquest sentit el director del sal\u00f3, \u00c0lex Murrull creu que <em>&#8220;s&#8217;han complert les expectatives posades&#8221;<\/em>, afegint que <em>&#8220;tenim un gran marge de millora amb el sector professional, com ara el de tecnologia i fotografia&#8221;<\/em>. Per la seva part la directora de La Farga Centre d&#8217;Activitats, Elisabeth Burnett, ha assenyalat com a <em>&#8220;positiu l&#8217;increment qualitatiu del sal\u00f3, tant dels expositors com de les activitats realitzades&#8221;<\/em>.<\/p>\n<h5>Auditori i sales de xerrades, plenes<\/h5>\n<p>A banda de l\u2019increment de qualitat dels expositors amb un total de 115, tamb\u00e9 han tingut una excel\u00b7lent acollida les xerrades amb la pres\u00e8ncia de Javier Olivares, creador del \u2018Ministerio del Tiempo\u2019, Kike Ma\u00edllo, director d&#8217;\u201dEva i Toro\u201d, el director de cinema Juan Cruz, l&#8217;actor Roberto \u00c1lamo, guanyador d&#8217;un Goya, i Mateo Gil, director de \u201cProyecto L\u00e1zaro\u201d, tamb\u00e9 guardonat diferents cops amb un Goya. Totes les sales on s\u2019ha celebrat s\u2019han omplert per escoltar aquests protagonistes del moment.<\/p>\n<p>For\u00e7a seguiment tamb\u00e9 de la jornada de Taules Rodones, divendres al mat\u00ed, dedicades aquest any a directors\/es, productors\/es i efectes especials amb la col\u00b7laboraci\u00f3 de l\u2019Associaci\u00f3 d&#8217;Actors i Directors Professionals de Catalunya.<\/p>\n<p>Els estands de canals de televisi\u00f3 com COSMO o AXN han registrat for\u00e7a participaci\u00f3 aix\u00ed com les diferents exposicions, com per exemple la de SyFy amb materials originals i r\u00e8pliques de pel\u00b7l\u00edcules com Robocop, Blade Runner, V de Vendetta, Regreso al futuro, Freddy Krueger, 300, entre d\u2019altres i l\u2019exposici\u00f3 de Cotxes amb el Gran Torino d&#8217;Starsky Hutch, un Dodge Monaco de Blues Brothers, Delorean i un parell d\u2019Aston Martin que apareixen en les m\u00edtiques pel\u00b7l\u00edcules de James Bond com \u201cAlta tensi\u00f3n\u201d i \u201cQuantum of Solace\u201d.<\/p>\n<p>Des de l\u2019organitzaci\u00f3 ja s\u2019est\u00e0 pensant en una tercera edici\u00f3, amb l\u2019afany de millorar aquest certamen que ja s\u2019ha fet un lloc en el panorama de salons i fires del sector del cinema, les s\u00e8ries i produccions audiovisuals.<\/p>\n","protected":false},"excerpt":{"rendered":"<p>La segona edici\u00f3 del Sal\u00f3 del Cinema i les S\u00e8ries 2017 ha tancat aquest diumenge amb un notable increment de visitants situant-se en 26.500 assistents, un 30% m\u00e9s que l\u2019edici\u00f3 anterior.<\/p>\n","protected":false},"author":1,"featured_media":4654,"comment_status":"closed","ping_status":"closed","sticky":false,"template":"","format":"standard","meta":{"_monsterinsights_skip_tracking":false,"_monsterinsights_sitenote_active":false,"_monsterinsights_sitenote_note":"","_monsterinsights_sitenote_category":0,"footnotes":""},"categories":[83],"tags":[],"class_list":["post-4653","post","type-post","status-publish","format-standard","has-post-thumbnail","hentry","category-noticies"],"yoast_head":"<!-- This site is optimized with the Yoast SEO plugin v27.5 - https:\/\/yoast.com\/product\/yoast-seo-wordpress\/ -->\n<title>\u00c8xit del Sal\u00f3 del Cinema i les S\u00e8ries amb 26.500 visitants - La Farga L&#039;Hospitalet Centre d&#039;Activitats. La Farga GEM, S.A.<\/title>\n<meta name=\"description\" content=\"La segona edici\u00f3 del Sal\u00f3 del Cinema i les S\u00e8ries 2017 ha tancat aquest diumenge amb un notable increment de visitants situant-se en 26.500 assistents.\" \/>\n<meta name=\"robots\" content=\"index, follow, max-snippet:-1, max-image-preview:large, max-video-preview:-1\" \/>\n<link rel=\"canonical\" href=\"https:\/\/www.lafargalhospitalet.com\/ca\/exit-salo-cinema-series-amb-26500-visitants\/\" \/>\n<meta property=\"og:locale\" content=\"ca_ES\" \/>\n<meta property=\"og:type\" content=\"article\" \/>\n<meta property=\"og:title\" content=\"\u00c8xit del Sal\u00f3 del Cinema i les S\u00e8ries amb 26.500 visitants - La Farga L&#039;Hospitalet Centre d&#039;Activitats. La Farga GEM, S.A.\" \/>\n<meta property=\"og:description\" content=\"La segona edici\u00f3 del Sal\u00f3 del Cinema i les S\u00e8ries 2017 ha tancat aquest diumenge amb un notable increment de visitants situant-se en 26.500 assistents.\" \/>\n<meta property=\"og:url\" content=\"https:\/\/www.lafargalhospitalet.com\/ca\/exit-salo-cinema-series-amb-26500-visitants\/\" \/>\n<meta property=\"og:site_name\" content=\"La Farga L&#039;Hospitalet Centre d&#039;Activitats. La Farga GEM, S.A.\" \/>\n<meta property=\"article:publisher\" content=\"https:\/\/www.facebook.com\/fargahospitalet\/\" \/>\n<meta property=\"article:published_time\" content=\"2017-01-29T19:09:54+00:00\" \/>\n<meta property=\"article:modified_time\" content=\"2025-11-03T17:29:03+00:00\" \/>\n<meta property=\"og:image\" content=\"https:\/\/www.lafargalhospitalet.com\/wp-content\/uploads\/2017\/01\/Salo-Cinema-Farga-17.jpg\" \/>\n\t<meta property=\"og:image:width\" content=\"730\" \/>\n\t<meta property=\"og:image:height\" content=\"410\" \/>\n\t<meta property=\"og:image:type\" content=\"image\/jpeg\" \/>\n<meta name=\"author\" content=\"La Farga Centre d&#039;Activitats\" \/>\n<meta name=\"twitter:card\" content=\"summary_large_image\" \/>\n<meta name=\"twitter:creator\" content=\"@fargahospitalet\" \/>\n<meta name=\"twitter:site\" content=\"@fargahospitalet\" \/>\n<meta name=\"twitter:label1\" content=\"Escrit per\" \/>\n\t<meta name=\"twitter:data1\" content=\"La Farga Centre d&#039;Activitats\" \/>\n\t<meta name=\"twitter:label2\" content=\"Temps estimat de lectura\" \/>\n\t<meta name=\"twitter:data2\" content=\"2 minuts\" \/>\n<script type=\"application\/ld+json\" class=\"yoast-schema-graph\">{\"@context\":\"https:\\\/\\\/schema.org\",\"@graph\":[{\"@type\":\"Article\",\"@id\":\"https:\\\/\\\/www.lafargalhospitalet.com\\\/ca\\\/exit-salo-cinema-series-amb-26500-visitants\\\/#article\",\"isPartOf\":{\"@id\":\"https:\\\/\\\/www.lafargalhospitalet.com\\\/ca\\\/exit-salo-cinema-series-amb-26500-visitants\\\/\"},\"author\":{\"name\":\"La Farga Centre d'Activitats\",\"@id\":\"https:\\\/\\\/www.lafargalhospitalet.com\\\/#\\\/schema\\\/person\\\/6cbac0ef7748506b167ff859e1c7f378\"},\"headline\":\"\u00c8xit del Sal\u00f3 del Cinema i les S\u00e8ries amb 26.500 visitants\",\"datePublished\":\"2017-01-29T19:09:54+00:00\",\"dateModified\":\"2025-11-03T17:29:03+00:00\",\"mainEntityOfPage\":{\"@id\":\"https:\\\/\\\/www.lafargalhospitalet.com\\\/ca\\\/exit-salo-cinema-series-amb-26500-visitants\\\/\"},\"wordCount\":442,\"publisher\":{\"@id\":\"https:\\\/\\\/www.lafargalhospitalet.com\\\/#organization\"},\"image\":{\"@id\":\"https:\\\/\\\/www.lafargalhospitalet.com\\\/ca\\\/exit-salo-cinema-series-amb-26500-visitants\\\/#primaryimage\"},\"thumbnailUrl\":\"https:\\\/\\\/www.lafargalhospitalet.com\\\/wp-content\\\/uploads\\\/2017\\\/01\\\/Salo-Cinema-Farga-17.jpg\",\"articleSection\":[\"Noticies\"],\"inLanguage\":\"ca\"},{\"@type\":\"WebPage\",\"@id\":\"https:\\\/\\\/www.lafargalhospitalet.com\\\/ca\\\/exit-salo-cinema-series-amb-26500-visitants\\\/\",\"url\":\"https:\\\/\\\/www.lafargalhospitalet.com\\\/ca\\\/exit-salo-cinema-series-amb-26500-visitants\\\/\",\"name\":\"\u00c8xit del Sal\u00f3 del Cinema i les S\u00e8ries amb 26.500 visitants - La Farga L&#039;Hospitalet Centre d&#039;Activitats. La Farga GEM, S.A.\",\"isPartOf\":{\"@id\":\"https:\\\/\\\/www.lafargalhospitalet.com\\\/#website\"},\"primaryImageOfPage\":{\"@id\":\"https:\\\/\\\/www.lafargalhospitalet.com\\\/ca\\\/exit-salo-cinema-series-amb-26500-visitants\\\/#primaryimage\"},\"image\":{\"@id\":\"https:\\\/\\\/www.lafargalhospitalet.com\\\/ca\\\/exit-salo-cinema-series-amb-26500-visitants\\\/#primaryimage\"},\"thumbnailUrl\":\"https:\\\/\\\/www.lafargalhospitalet.com\\\/wp-content\\\/uploads\\\/2017\\\/01\\\/Salo-Cinema-Farga-17.jpg\",\"datePublished\":\"2017-01-29T19:09:54+00:00\",\"dateModified\":\"2025-11-03T17:29:03+00:00\",\"description\":\"La segona edici\u00f3 del Sal\u00f3 del Cinema i les S\u00e8ries 2017 ha tancat aquest diumenge amb un notable increment de visitants situant-se en 26.500 assistents.\",\"breadcrumb\":{\"@id\":\"https:\\\/\\\/www.lafargalhospitalet.com\\\/ca\\\/exit-salo-cinema-series-amb-26500-visitants\\\/#breadcrumb\"},\"inLanguage\":\"ca\",\"potentialAction\":[{\"@type\":\"ReadAction\",\"target\":[\"https:\\\/\\\/www.lafargalhospitalet.com\\\/ca\\\/exit-salo-cinema-series-amb-26500-visitants\\\/\"]}]},{\"@type\":\"ImageObject\",\"inLanguage\":\"ca\",\"@id\":\"https:\\\/\\\/www.lafargalhospitalet.com\\\/ca\\\/exit-salo-cinema-series-amb-26500-visitants\\\/#primaryimage\",\"url\":\"https:\\\/\\\/www.lafargalhospitalet.com\\\/wp-content\\\/uploads\\\/2017\\\/01\\\/Salo-Cinema-Farga-17.jpg\",\"contentUrl\":\"https:\\\/\\\/www.lafargalhospitalet.com\\\/wp-content\\\/uploads\\\/2017\\\/01\\\/Salo-Cinema-Farga-17.jpg\",\"width\":730,\"height\":410,\"caption\":\"Sal\u00f3 Cinema S\u00e8ries Farga\"},{\"@type\":\"BreadcrumbList\",\"@id\":\"https:\\\/\\\/www.lafargalhospitalet.com\\\/ca\\\/exit-salo-cinema-series-amb-26500-visitants\\\/#breadcrumb\",\"itemListElement\":[{\"@type\":\"ListItem\",\"position\":1,\"name\":\"Portada\",\"item\":\"https:\\\/\\\/www.lafargalhospitalet.com\\\/\"},{\"@type\":\"ListItem\",\"position\":2,\"name\":\"\u00c8xit del Sal\u00f3 del Cinema i les S\u00e8ries amb 26.500 visitants\"}]},{\"@type\":\"WebSite\",\"@id\":\"https:\\\/\\\/www.lafargalhospitalet.com\\\/#website\",\"url\":\"https:\\\/\\\/www.lafargalhospitalet.com\\\/\",\"name\":\"La Farga L'Hospitalet Centre d'Activitats. La Farga GEM, S.A.\",\"description\":\"La Farga L&#039;Hospitalet Centre d&#039;Activitats. Gestionat per La Farga GEM, S.A. Fires i Congressos. Concerts, exposicions, reunions, filmacions, sopars de gala.\",\"publisher\":{\"@id\":\"https:\\\/\\\/www.lafargalhospitalet.com\\\/#organization\"},\"potentialAction\":[{\"@type\":\"SearchAction\",\"target\":{\"@type\":\"EntryPoint\",\"urlTemplate\":\"https:\\\/\\\/www.lafargalhospitalet.com\\\/?s={search_term_string}\"},\"query-input\":{\"@type\":\"PropertyValueSpecification\",\"valueRequired\":true,\"valueName\":\"search_term_string\"}}],\"inLanguage\":\"ca\"},{\"@type\":\"Organization\",\"@id\":\"https:\\\/\\\/www.lafargalhospitalet.com\\\/#organization\",\"name\":\"La Farga L'Hospitalet Centre d'Activitats. La Farga GEM, S.A.\",\"url\":\"https:\\\/\\\/www.lafargalhospitalet.com\\\/\",\"logo\":{\"@type\":\"ImageObject\",\"inLanguage\":\"ca\",\"@id\":\"https:\\\/\\\/www.lafargalhospitalet.com\\\/#\\\/schema\\\/logo\\\/image\\\/\",\"url\":\"https:\\\/\\\/www.lafargalhospitalet.com\\\/wp-content\\\/uploads\\\/2025\\\/10\\\/logotipo_lafarga_centre_activitats.png\",\"contentUrl\":\"https:\\\/\\\/www.lafargalhospitalet.com\\\/wp-content\\\/uploads\\\/2025\\\/10\\\/logotipo_lafarga_centre_activitats.png\",\"width\":266,\"height\":101,\"caption\":\"La Farga L'Hospitalet Centre d'Activitats. La Farga GEM, S.A.\"},\"image\":{\"@id\":\"https:\\\/\\\/www.lafargalhospitalet.com\\\/#\\\/schema\\\/logo\\\/image\\\/\"},\"sameAs\":[\"https:\\\/\\\/www.facebook.com\\\/fargahospitalet\\\/\",\"https:\\\/\\\/x.com\\\/fargahospitalet\",\"https:\\\/\\\/www.instagram.com\\\/lafargahospitalet\\\/\",\"https:\\\/\\\/www.youtube.com\\\/channel\\\/UCoLt6hen3PqGXgbLMGI3Qdw\",\"https:\\\/\\\/www.flickr.com\\\/photos\\\/lafargagemsa\\\/albums\"]},{\"@type\":\"Person\",\"@id\":\"https:\\\/\\\/www.lafargalhospitalet.com\\\/#\\\/schema\\\/person\\\/6cbac0ef7748506b167ff859e1c7f378\",\"name\":\"La Farga Centre d'Activitats\",\"sameAs\":[\"https:\\\/\\\/www.lafargalhospitalet.com\"],\"url\":\"https:\\\/\\\/www.lafargalhospitalet.com\\\/ca\\\/author\\\/far25gmin\\\/\"}]}<\/script>\n<!-- \/ Yoast SEO plugin. -->","yoast_head_json":{"title":"\u00c8xit del Sal\u00f3 del Cinema i les S\u00e8ries amb 26.500 visitants - La Farga L&#039;Hospitalet Centre d&#039;Activitats. La Farga GEM, S.A.","description":"La segona edici\u00f3 del Sal\u00f3 del Cinema i les S\u00e8ries 2017 ha tancat aquest diumenge amb un notable increment de visitants situant-se en 26.500 assistents.","robots":{"index":"index","follow":"follow","max-snippet":"max-snippet:-1","max-image-preview":"max-image-preview:large","max-video-preview":"max-video-preview:-1"},"canonical":"https:\/\/www.lafargalhospitalet.com\/ca\/exit-salo-cinema-series-amb-26500-visitants\/","og_locale":"ca_ES","og_type":"article","og_title":"\u00c8xit del Sal\u00f3 del Cinema i les S\u00e8ries amb 26.500 visitants - La Farga L&#039;Hospitalet Centre d&#039;Activitats. La Farga GEM, S.A.","og_description":"La segona edici\u00f3 del Sal\u00f3 del Cinema i les S\u00e8ries 2017 ha tancat aquest diumenge amb un notable increment de visitants situant-se en 26.500 assistents.","og_url":"https:\/\/www.lafargalhospitalet.com\/ca\/exit-salo-cinema-series-amb-26500-visitants\/","og_site_name":"La Farga L&#039;Hospitalet Centre d&#039;Activitats. La Farga GEM, S.A.","article_publisher":"https:\/\/www.facebook.com\/fargahospitalet\/","article_published_time":"2017-01-29T19:09:54+00:00","article_modified_time":"2025-11-03T17:29:03+00:00","og_image":[{"width":730,"height":410,"url":"https:\/\/www.lafargalhospitalet.com\/wp-content\/uploads\/2017\/01\/Salo-Cinema-Farga-17.jpg","type":"image\/jpeg"}],"author":"La Farga Centre d'Activitats","twitter_card":"summary_large_image","twitter_creator":"@fargahospitalet","twitter_site":"@fargahospitalet","twitter_misc":{"Escrit per":"La Farga Centre d'Activitats","Temps estimat de lectura":"2 minuts"},"schema":{"@context":"https:\/\/schema.org","@graph":[{"@type":"Article","@id":"https:\/\/www.lafargalhospitalet.com\/ca\/exit-salo-cinema-series-amb-26500-visitants\/#article","isPartOf":{"@id":"https:\/\/www.lafargalhospitalet.com\/ca\/exit-salo-cinema-series-amb-26500-visitants\/"},"author":{"name":"La Farga Centre d'Activitats","@id":"https:\/\/www.lafargalhospitalet.com\/#\/schema\/person\/6cbac0ef7748506b167ff859e1c7f378"},"headline":"\u00c8xit del Sal\u00f3 del Cinema i les S\u00e8ries amb 26.500 visitants","datePublished":"2017-01-29T19:09:54+00:00","dateModified":"2025-11-03T17:29:03+00:00","mainEntityOfPage":{"@id":"https:\/\/www.lafargalhospitalet.com\/ca\/exit-salo-cinema-series-amb-26500-visitants\/"},"wordCount":442,"publisher":{"@id":"https:\/\/www.lafargalhospitalet.com\/#organization"},"image":{"@id":"https:\/\/www.lafargalhospitalet.com\/ca\/exit-salo-cinema-series-amb-26500-visitants\/#primaryimage"},"thumbnailUrl":"https:\/\/www.lafargalhospitalet.com\/wp-content\/uploads\/2017\/01\/Salo-Cinema-Farga-17.jpg","articleSection":["Noticies"],"inLanguage":"ca"},{"@type":"WebPage","@id":"https:\/\/www.lafargalhospitalet.com\/ca\/exit-salo-cinema-series-amb-26500-visitants\/","url":"https:\/\/www.lafargalhospitalet.com\/ca\/exit-salo-cinema-series-amb-26500-visitants\/","name":"\u00c8xit del Sal\u00f3 del Cinema i les S\u00e8ries amb 26.500 visitants - La Farga L&#039;Hospitalet Centre d&#039;Activitats. La Farga GEM, S.A.","isPartOf":{"@id":"https:\/\/www.lafargalhospitalet.com\/#website"},"primaryImageOfPage":{"@id":"https:\/\/www.lafargalhospitalet.com\/ca\/exit-salo-cinema-series-amb-26500-visitants\/#primaryimage"},"image":{"@id":"https:\/\/www.lafargalhospitalet.com\/ca\/exit-salo-cinema-series-amb-26500-visitants\/#primaryimage"},"thumbnailUrl":"https:\/\/www.lafargalhospitalet.com\/wp-content\/uploads\/2017\/01\/Salo-Cinema-Farga-17.jpg","datePublished":"2017-01-29T19:09:54+00:00","dateModified":"2025-11-03T17:29:03+00:00","description":"La segona edici\u00f3 del Sal\u00f3 del Cinema i les S\u00e8ries 2017 ha tancat aquest diumenge amb un notable increment de visitants situant-se en 26.500 assistents.","breadcrumb":{"@id":"https:\/\/www.lafargalhospitalet.com\/ca\/exit-salo-cinema-series-amb-26500-visitants\/#breadcrumb"},"inLanguage":"ca","potentialAction":[{"@type":"ReadAction","target":["https:\/\/www.lafargalhospitalet.com\/ca\/exit-salo-cinema-series-amb-26500-visitants\/"]}]},{"@type":"ImageObject","inLanguage":"ca","@id":"https:\/\/www.lafargalhospitalet.com\/ca\/exit-salo-cinema-series-amb-26500-visitants\/#primaryimage","url":"https:\/\/www.lafargalhospitalet.com\/wp-content\/uploads\/2017\/01\/Salo-Cinema-Farga-17.jpg","contentUrl":"https:\/\/www.lafargalhospitalet.com\/wp-content\/uploads\/2017\/01\/Salo-Cinema-Farga-17.jpg","width":730,"height":410,"caption":"Sal\u00f3 Cinema S\u00e8ries Farga"},{"@type":"BreadcrumbList","@id":"https:\/\/www.lafargalhospitalet.com\/ca\/exit-salo-cinema-series-amb-26500-visitants\/#breadcrumb","itemListElement":[{"@type":"ListItem","position":1,"name":"Portada","item":"https:\/\/www.lafargalhospitalet.com\/"},{"@type":"ListItem","position":2,"name":"\u00c8xit del Sal\u00f3 del Cinema i les S\u00e8ries amb 26.500 visitants"}]},{"@type":"WebSite","@id":"https:\/\/www.lafargalhospitalet.com\/#website","url":"https:\/\/www.lafargalhospitalet.com\/","name":"La Farga L'Hospitalet Centre d'Activitats. La Farga GEM, S.A.","description":"La Farga L&#039;Hospitalet Centre d&#039;Activitats. Gestionat per La Farga GEM, S.A. Fires i Congressos. Concerts, exposicions, reunions, filmacions, sopars de gala.","publisher":{"@id":"https:\/\/www.lafargalhospitalet.com\/#organization"},"potentialAction":[{"@type":"SearchAction","target":{"@type":"EntryPoint","urlTemplate":"https:\/\/www.lafargalhospitalet.com\/?s={search_term_string}"},"query-input":{"@type":"PropertyValueSpecification","valueRequired":true,"valueName":"search_term_string"}}],"inLanguage":"ca"},{"@type":"Organization","@id":"https:\/\/www.lafargalhospitalet.com\/#organization","name":"La Farga L'Hospitalet Centre d'Activitats. La Farga GEM, S.A.","url":"https:\/\/www.lafargalhospitalet.com\/","logo":{"@type":"ImageObject","inLanguage":"ca","@id":"https:\/\/www.lafargalhospitalet.com\/#\/schema\/logo\/image\/","url":"https:\/\/www.lafargalhospitalet.com\/wp-content\/uploads\/2025\/10\/logotipo_lafarga_centre_activitats.png","contentUrl":"https:\/\/www.lafargalhospitalet.com\/wp-content\/uploads\/2025\/10\/logotipo_lafarga_centre_activitats.png","width":266,"height":101,"caption":"La Farga L'Hospitalet Centre d'Activitats. La Farga GEM, S.A."},"image":{"@id":"https:\/\/www.lafargalhospitalet.com\/#\/schema\/logo\/image\/"},"sameAs":["https:\/\/www.facebook.com\/fargahospitalet\/","https:\/\/x.com\/fargahospitalet","https:\/\/www.instagram.com\/lafargahospitalet\/","https:\/\/www.youtube.com\/channel\/UCoLt6hen3PqGXgbLMGI3Qdw","https:\/\/www.flickr.com\/photos\/lafargagemsa\/albums"]},{"@type":"Person","@id":"https:\/\/www.lafargalhospitalet.com\/#\/schema\/person\/6cbac0ef7748506b167ff859e1c7f378","name":"La Farga Centre d'Activitats","sameAs":["https:\/\/www.lafargalhospitalet.com"],"url":"https:\/\/www.lafargalhospitalet.com\/ca\/author\/far25gmin\/"}]}},"_links":{"self":[{"href":"https:\/\/www.lafargalhospitalet.com\/ca\/wp-json\/wp\/v2\/posts\/4653","targetHints":{"allow":["GET"]}}],"collection":[{"href":"https:\/\/www.lafargalhospitalet.com\/ca\/wp-json\/wp\/v2\/posts"}],"about":[{"href":"https:\/\/www.lafargalhospitalet.com\/ca\/wp-json\/wp\/v2\/types\/post"}],"author":[{"embeddable":true,"href":"https:\/\/www.lafargalhospitalet.com\/ca\/wp-json\/wp\/v2\/users\/1"}],"replies":[{"embeddable":true,"href":"https:\/\/www.lafargalhospitalet.com\/ca\/wp-json\/wp\/v2\/comments?post=4653"}],"version-history":[{"count":0,"href":"https:\/\/www.lafargalhospitalet.com\/ca\/wp-json\/wp\/v2\/posts\/4653\/revisions"}],"wp:featuredmedia":[{"embeddable":true,"href":"https:\/\/www.lafargalhospitalet.com\/ca\/wp-json\/wp\/v2\/media\/4654"}],"wp:attachment":[{"href":"https:\/\/www.lafargalhospitalet.com\/ca\/wp-json\/wp\/v2\/media?parent=4653"}],"wp:term":[{"taxonomy":"category","embeddable":true,"href":"https:\/\/www.lafargalhospitalet.com\/ca\/wp-json\/wp\/v2\/categories?post=4653"},{"taxonomy":"post_tag","embeddable":true,"href":"https:\/\/www.lafargalhospitalet.com\/ca\/wp-json\/wp\/v2\/tags?post=4653"}],"curies":[{"name":"wp","href":"https:\/\/api.w.org\/{rel}","templated":true}]}}