{"id":4727,"date":"2017-02-15T15:48:00","date_gmt":"2017-02-15T14:48:00","guid":{"rendered":"http:\/\/www.lafargalhospitalet.com\/?p=4727"},"modified":"2025-11-03T18:28:53","modified_gmt":"2025-11-03T17:28:53","slug":"ossa-min-grau-toni-gorgot-protagonistes-retromoto","status":"publish","type":"post","link":"https:\/\/www.lafargalhospitalet.com\/ca\/ossa-min-grau-toni-gorgot-protagonistes-retromoto\/","title":{"rendered":"Ossa, Min Grau i Toni Gorgot, protagonistes a RetroMoto"},"content":{"rendered":"<h5>Una quinzena de les motos produ\u00efdes per la f\u00e0brica catalana, a La Farga<\/h5>\n<p>La m\u00edtica marca OSSA, que sempre ha estat una de les m\u00e9s destacades dins la disciplina de Trial, tindr\u00e0 un espai especial a <a href=\"http:\/\/www.eventosmotor.com\/2017\/ii-retromoto-barcelona.html\" target=\"_blank\"><strong>RetroMoto Barcelona, II Sal\u00f3 de la Moto d&#8217;\u00c8poca i Accessoris<\/strong><\/a> que se celebrar\u00e0 del 3 al 5 de mar\u00e7 a La Farga Centre d&#8217;Activitats. L&#8217;exposici\u00f3 monogr\u00e0fica estar\u00e0 dedicada als models d&#8217;aquesta especialitat que la marca catalana va fabricar al llarg de la seva hist\u00f2ria, una organitzaci\u00f3 de RetroMoto amb la col\u00b7laboraci\u00f3 del Club Ossa Acci\u00f3.<\/p>\n<p>Els afeccionats podran gaudir aix\u00ed d&#8217;una varietat de motos de Trial, on destacar\u00e0 sens dubte un dels models m\u00edtics de la firma, la campiona OSSA 250 MAR (Mick Andrews R\u00e8plica), amb la qual el pilot brit\u00e0nic va obtenir grans resultats, com ara tres vict\u00f2ries en els Sis Dies de Trial d&#8217;Esc\u00f2cia (SSDT) i al Campionat d&#8217;Europa de 1971 i 1972, considerat llavors com el mundial.<\/p>\n<p>Aquest espai allotjar\u00e0 des de les primeres Scrambler 175-ES, passant per les 250 MAR o la 350 TR80 de Toni Gorgot, Campiona d&#8217;Espanya, fins a l\u2019\u00faltima TR300i, en una iniciativa que reunir\u00e0 una quinzena de motocicletes.<\/p>\n<h5>Min Grau presentar\u00e0 el projecte per competir a l&#8221;Illa de Man Classic TT&#8217;<\/h5>\n<p>RetroMoto Barcelona comptar\u00e0 amb un estand durant tota la fira amb la pres\u00e8ncia d\u2019un piloto hist\u00f2ric, com \u00e9s Benjam\u00edn &#8216;Min&#8217; Grau, el rei de Montju\u00efc, que presentar\u00e0 a La Farga el seu projecte per participar a l\u2019esdeveniment \u2018Illa de Man Classic TT\u2019 d\u2019aquest any.<\/p>\n<p>\u2018Min\u2019 Grau, que tindr\u00e0 72 anys quan corri aquesta prova, estar\u00e0 present a l\u2019estand per firmar aut\u00f2grafs i fer promoci\u00f3 d\u2019aquest repte entre els aficionats, que tindran una gran ocasi\u00f3 de con\u00e8ixer-lo i tractar diferents aspectes t\u00e8cnics amb aquesta figura del motociclisme nacional.<\/p>\n<p>L\u2019estand contar\u00e0 amb l\u2019exposici\u00f3 de la moto amb la qual participar\u00e0 a la m\u00edtica cursa, una Yamaha 750 R OW1 del 1985, aix\u00ed com altres motos seves, i tindr\u00e0 a la venda material de marxandatge divers.<\/p>\n<h5>Homenatge a Toni Gorgot<\/h5>\n<p>El catal\u00e0 Toni Gorgot, que va ser campi\u00f3 nacional J\u00fanior (1977) i, posteriorment, Campi\u00f3 d&#8217;Espanya de Trial en sis ocasions, des del 1978 al 1983, amb Bultaco, Ossa i Montesa, ser\u00e0 el pilot homenatjat en l&#8217;edici\u00f3 d&#8217;aquest any de RetroMoto\u00a0Barcelona.<\/p>\n<p>Gorgot rebr\u00e0 una placa homenatge, divendres dia 3 a les 17.00 hores, despr\u00e9s de la inauguraci\u00f3 oficial del certamen, i presentar\u00e0 l\u2019estand que l&#8217;organitzaci\u00f3 ha planificat en el seu honor, el qual lluir\u00e0 diverses motos, trofeus, fotografies i altres\u00a0records de la seva \u00e8poca, envoltat d&#8217;amics i admiradors.<\/p>\n<p>Aquest pilot empordan\u00e8s es va convertir el 1983 amb el primer catal\u00e0 en guanyar la prestigiosa prova dels Sis Dies d&#8217;Esc\u00f2cia de Trial (SSDT), amb Montesa. Aix\u00ed mateix va participar amb el Campionat del M\u00f3n amb resultats discrets, si b\u00e9 va\u00a0guanyar el Gran Premi d&#8217;It\u00e0lia el 1981.<\/p>\n<h5>Segona edici\u00f3, a punt<\/h5>\n<p>La segona edici\u00f3 de RetroMoto Barcelona, l&#8217;\u00fanica fira monogr\u00e0fica del pa\u00eds dedicada a les motos cl\u00e0ssiques, ser\u00e0 refor\u00e7ada amb l&#8217;ampliaci\u00f3 del seu programa,\u00a0ja que a partir d&#8217;ara el certamen durar\u00e0 dues jornades i mitja, omplint tot el cap de\u00a0setmana.<\/p>\n<p>Aix\u00ed, els nous horaris seran divendres 3, de 16.00 a 20.00 hores; dissabte 4, de 10.00 a 20.00 hores; i diumenge 5, de 10.00 a 19.00 hores.<\/p>\n<p>Despr\u00e9s de l&#8217;\u00e8xit de l&#8217;<a href=\"https:\/\/www.lafargalhospitalet.com\/notable-afluencia-public-retromoto\/\" target=\"_blank\"><strong>edici\u00f3 inaugural<\/strong><\/a>, aquest sal\u00f3, organitzat per Eventos del Motor amb la col\u00b7laboraci\u00f3 de La Farga de L&#8217;Hospitalet, tornar\u00e0 a comptar amb un ampli\u00a0programa d&#8217;activitats, de manera que el p\u00fablic assistent pugui gaudir d&#8217;una variada\u00a0oferta al llarg dels tres dies.<\/p>\n","protected":false},"excerpt":{"rendered":"<p>La m\u00edtica marca catalana Ossa, i els pilots Benjam\u00edn Grau i Toni Gorgot prendran protagonisme a la propera edici\u00f3 de RetroMoto (3, 4 i 5 de mar\u00e7).<\/p>\n","protected":false},"author":1,"featured_media":4728,"comment_status":"closed","ping_status":"closed","sticky":false,"template":"","format":"standard","meta":{"_monsterinsights_skip_tracking":false,"_monsterinsights_sitenote_active":false,"_monsterinsights_sitenote_note":"","_monsterinsights_sitenote_category":0,"footnotes":""},"categories":[83],"tags":[],"class_list":["post-4727","post","type-post","status-publish","format-standard","has-post-thumbnail","hentry","category-noticies"],"yoast_head":"<!-- This site is optimized with the Yoast SEO plugin v27.5 - https:\/\/yoast.com\/product\/yoast-seo-wordpress\/ -->\n<title>Ossa, Min Grau i Toni Gorgot, protagonistes a RetroMoto - La Farga L&#039;Hospitalet Centre d&#039;Activitats. La Farga GEM, S.A.<\/title>\n<meta name=\"description\" content=\"La m\u00edtica marca catalana Ossa, i els pilots Benjam\u00edn Grau i Toni Gorgot prendran protagonisme a la propera edici\u00f3 de RetroMoto (3, 4 i 5 de mar\u00e7).\" \/>\n<meta name=\"robots\" content=\"index, follow, max-snippet:-1, max-image-preview:large, max-video-preview:-1\" \/>\n<link rel=\"canonical\" href=\"https:\/\/www.lafargalhospitalet.com\/ca\/ossa-min-grau-toni-gorgot-protagonistes-retromoto\/\" \/>\n<meta property=\"og:locale\" content=\"ca_ES\" \/>\n<meta property=\"og:type\" content=\"article\" \/>\n<meta property=\"og:title\" content=\"Ossa, Min Grau i Toni Gorgot, protagonistes a RetroMoto - La Farga L&#039;Hospitalet Centre d&#039;Activitats. La Farga GEM, S.A.\" \/>\n<meta property=\"og:description\" content=\"La m\u00edtica marca catalana Ossa, i els pilots Benjam\u00edn Grau i Toni Gorgot prendran protagonisme a la propera edici\u00f3 de RetroMoto (3, 4 i 5 de mar\u00e7).\" \/>\n<meta property=\"og:url\" content=\"https:\/\/www.lafargalhospitalet.com\/ca\/ossa-min-grau-toni-gorgot-protagonistes-retromoto\/\" \/>\n<meta property=\"og:site_name\" content=\"La Farga L&#039;Hospitalet Centre d&#039;Activitats. La Farga GEM, S.A.\" \/>\n<meta property=\"article:publisher\" content=\"https:\/\/www.facebook.com\/fargahospitalet\/\" \/>\n<meta property=\"article:published_time\" content=\"2017-02-15T14:48:00+00:00\" \/>\n<meta property=\"article:modified_time\" content=\"2025-11-03T17:28:53+00:00\" \/>\n<meta property=\"og:image\" content=\"https:\/\/www.lafargalhospitalet.com\/wp-content\/uploads\/2017\/02\/RetroMoto-Farga-Ossa.jpg\" \/>\n\t<meta property=\"og:image:width\" content=\"730\" \/>\n\t<meta property=\"og:image:height\" content=\"410\" \/>\n\t<meta property=\"og:image:type\" content=\"image\/jpeg\" \/>\n<meta name=\"author\" content=\"La Farga Centre d&#039;Activitats\" \/>\n<meta name=\"twitter:card\" content=\"summary_large_image\" \/>\n<meta name=\"twitter:creator\" content=\"@fargahospitalet\" \/>\n<meta name=\"twitter:site\" content=\"@fargahospitalet\" \/>\n<meta name=\"twitter:label1\" content=\"Escrit per\" \/>\n\t<meta name=\"twitter:data1\" content=\"La Farga Centre d&#039;Activitats\" \/>\n\t<meta name=\"twitter:label2\" content=\"Temps estimat de lectura\" \/>\n\t<meta name=\"twitter:data2\" content=\"3 minuts\" \/>\n<script type=\"application\/ld+json\" class=\"yoast-schema-graph\">{\"@context\":\"https:\\\/\\\/schema.org\",\"@graph\":[{\"@type\":\"Article\",\"@id\":\"https:\\\/\\\/www.lafargalhospitalet.com\\\/ca\\\/ossa-min-grau-toni-gorgot-protagonistes-retromoto\\\/#article\",\"isPartOf\":{\"@id\":\"https:\\\/\\\/www.lafargalhospitalet.com\\\/ca\\\/ossa-min-grau-toni-gorgot-protagonistes-retromoto\\\/\"},\"author\":{\"name\":\"La Farga Centre d'Activitats\",\"@id\":\"https:\\\/\\\/www.lafargalhospitalet.com\\\/#\\\/schema\\\/person\\\/6cbac0ef7748506b167ff859e1c7f378\"},\"headline\":\"Ossa, Min Grau i Toni Gorgot, protagonistes a RetroMoto\",\"datePublished\":\"2017-02-15T14:48:00+00:00\",\"dateModified\":\"2025-11-03T17:28:53+00:00\",\"mainEntityOfPage\":{\"@id\":\"https:\\\/\\\/www.lafargalhospitalet.com\\\/ca\\\/ossa-min-grau-toni-gorgot-protagonistes-retromoto\\\/\"},\"wordCount\":636,\"publisher\":{\"@id\":\"https:\\\/\\\/www.lafargalhospitalet.com\\\/#organization\"},\"image\":{\"@id\":\"https:\\\/\\\/www.lafargalhospitalet.com\\\/ca\\\/ossa-min-grau-toni-gorgot-protagonistes-retromoto\\\/#primaryimage\"},\"thumbnailUrl\":\"https:\\\/\\\/www.lafargalhospitalet.com\\\/wp-content\\\/uploads\\\/2017\\\/02\\\/RetroMoto-Farga-Ossa.jpg\",\"articleSection\":[\"Noticies\"],\"inLanguage\":\"ca\"},{\"@type\":\"WebPage\",\"@id\":\"https:\\\/\\\/www.lafargalhospitalet.com\\\/ca\\\/ossa-min-grau-toni-gorgot-protagonistes-retromoto\\\/\",\"url\":\"https:\\\/\\\/www.lafargalhospitalet.com\\\/ca\\\/ossa-min-grau-toni-gorgot-protagonistes-retromoto\\\/\",\"name\":\"Ossa, Min Grau i Toni Gorgot, protagonistes a RetroMoto - La Farga L&#039;Hospitalet Centre d&#039;Activitats. La Farga GEM, S.A.\",\"isPartOf\":{\"@id\":\"https:\\\/\\\/www.lafargalhospitalet.com\\\/#website\"},\"primaryImageOfPage\":{\"@id\":\"https:\\\/\\\/www.lafargalhospitalet.com\\\/ca\\\/ossa-min-grau-toni-gorgot-protagonistes-retromoto\\\/#primaryimage\"},\"image\":{\"@id\":\"https:\\\/\\\/www.lafargalhospitalet.com\\\/ca\\\/ossa-min-grau-toni-gorgot-protagonistes-retromoto\\\/#primaryimage\"},\"thumbnailUrl\":\"https:\\\/\\\/www.lafargalhospitalet.com\\\/wp-content\\\/uploads\\\/2017\\\/02\\\/RetroMoto-Farga-Ossa.jpg\",\"datePublished\":\"2017-02-15T14:48:00+00:00\",\"dateModified\":\"2025-11-03T17:28:53+00:00\",\"description\":\"La m\u00edtica marca catalana Ossa, i els pilots Benjam\u00edn Grau i Toni Gorgot prendran protagonisme a la propera edici\u00f3 de RetroMoto (3, 4 i 5 de mar\u00e7).\",\"breadcrumb\":{\"@id\":\"https:\\\/\\\/www.lafargalhospitalet.com\\\/ca\\\/ossa-min-grau-toni-gorgot-protagonistes-retromoto\\\/#breadcrumb\"},\"inLanguage\":\"ca\",\"potentialAction\":[{\"@type\":\"ReadAction\",\"target\":[\"https:\\\/\\\/www.lafargalhospitalet.com\\\/ca\\\/ossa-min-grau-toni-gorgot-protagonistes-retromoto\\\/\"]}]},{\"@type\":\"ImageObject\",\"inLanguage\":\"ca\",\"@id\":\"https:\\\/\\\/www.lafargalhospitalet.com\\\/ca\\\/ossa-min-grau-toni-gorgot-protagonistes-retromoto\\\/#primaryimage\",\"url\":\"https:\\\/\\\/www.lafargalhospitalet.com\\\/wp-content\\\/uploads\\\/2017\\\/02\\\/RetroMoto-Farga-Ossa.jpg\",\"contentUrl\":\"https:\\\/\\\/www.lafargalhospitalet.com\\\/wp-content\\\/uploads\\\/2017\\\/02\\\/RetroMoto-Farga-Ossa.jpg\",\"width\":730,\"height\":410,\"caption\":\"RetroMoto Farga Ossa\"},{\"@type\":\"BreadcrumbList\",\"@id\":\"https:\\\/\\\/www.lafargalhospitalet.com\\\/ca\\\/ossa-min-grau-toni-gorgot-protagonistes-retromoto\\\/#breadcrumb\",\"itemListElement\":[{\"@type\":\"ListItem\",\"position\":1,\"name\":\"Portada\",\"item\":\"https:\\\/\\\/www.lafargalhospitalet.com\\\/\"},{\"@type\":\"ListItem\",\"position\":2,\"name\":\"Ossa, Min Grau i Toni Gorgot, protagonistes a RetroMoto\"}]},{\"@type\":\"WebSite\",\"@id\":\"https:\\\/\\\/www.lafargalhospitalet.com\\\/#website\",\"url\":\"https:\\\/\\\/www.lafargalhospitalet.com\\\/\",\"name\":\"La Farga L'Hospitalet Centre d'Activitats. La Farga GEM, S.A.\",\"description\":\"La Farga L&#039;Hospitalet Centre d&#039;Activitats. Gestionat per La Farga GEM, S.A. Fires i Congressos. Concerts, exposicions, reunions, filmacions, sopars de gala.\",\"publisher\":{\"@id\":\"https:\\\/\\\/www.lafargalhospitalet.com\\\/#organization\"},\"potentialAction\":[{\"@type\":\"SearchAction\",\"target\":{\"@type\":\"EntryPoint\",\"urlTemplate\":\"https:\\\/\\\/www.lafargalhospitalet.com\\\/?s={search_term_string}\"},\"query-input\":{\"@type\":\"PropertyValueSpecification\",\"valueRequired\":true,\"valueName\":\"search_term_string\"}}],\"inLanguage\":\"ca\"},{\"@type\":\"Organization\",\"@id\":\"https:\\\/\\\/www.lafargalhospitalet.com\\\/#organization\",\"name\":\"La Farga L'Hospitalet Centre d'Activitats. La Farga GEM, S.A.\",\"url\":\"https:\\\/\\\/www.lafargalhospitalet.com\\\/\",\"logo\":{\"@type\":\"ImageObject\",\"inLanguage\":\"ca\",\"@id\":\"https:\\\/\\\/www.lafargalhospitalet.com\\\/#\\\/schema\\\/logo\\\/image\\\/\",\"url\":\"https:\\\/\\\/www.lafargalhospitalet.com\\\/wp-content\\\/uploads\\\/2025\\\/10\\\/logotipo_lafarga_centre_activitats.png\",\"contentUrl\":\"https:\\\/\\\/www.lafargalhospitalet.com\\\/wp-content\\\/uploads\\\/2025\\\/10\\\/logotipo_lafarga_centre_activitats.png\",\"width\":266,\"height\":101,\"caption\":\"La Farga L'Hospitalet Centre d'Activitats. La Farga GEM, S.A.\"},\"image\":{\"@id\":\"https:\\\/\\\/www.lafargalhospitalet.com\\\/#\\\/schema\\\/logo\\\/image\\\/\"},\"sameAs\":[\"https:\\\/\\\/www.facebook.com\\\/fargahospitalet\\\/\",\"https:\\\/\\\/x.com\\\/fargahospitalet\",\"https:\\\/\\\/www.instagram.com\\\/lafargahospitalet\\\/\",\"https:\\\/\\\/www.youtube.com\\\/channel\\\/UCoLt6hen3PqGXgbLMGI3Qdw\",\"https:\\\/\\\/www.flickr.com\\\/photos\\\/lafargagemsa\\\/albums\"]},{\"@type\":\"Person\",\"@id\":\"https:\\\/\\\/www.lafargalhospitalet.com\\\/#\\\/schema\\\/person\\\/6cbac0ef7748506b167ff859e1c7f378\",\"name\":\"La Farga Centre d'Activitats\",\"sameAs\":[\"https:\\\/\\\/www.lafargalhospitalet.com\"],\"url\":\"https:\\\/\\\/www.lafargalhospitalet.com\\\/ca\\\/author\\\/far25gmin\\\/\"}]}<\/script>\n<!-- \/ Yoast SEO plugin. -->","yoast_head_json":{"title":"Ossa, Min Grau i Toni Gorgot, protagonistes a RetroMoto - La Farga L&#039;Hospitalet Centre d&#039;Activitats. La Farga GEM, S.A.","description":"La m\u00edtica marca catalana Ossa, i els pilots Benjam\u00edn Grau i Toni Gorgot prendran protagonisme a la propera edici\u00f3 de RetroMoto (3, 4 i 5 de mar\u00e7).","robots":{"index":"index","follow":"follow","max-snippet":"max-snippet:-1","max-image-preview":"max-image-preview:large","max-video-preview":"max-video-preview:-1"},"canonical":"https:\/\/www.lafargalhospitalet.com\/ca\/ossa-min-grau-toni-gorgot-protagonistes-retromoto\/","og_locale":"ca_ES","og_type":"article","og_title":"Ossa, Min Grau i Toni Gorgot, protagonistes a RetroMoto - La Farga L&#039;Hospitalet Centre d&#039;Activitats. La Farga GEM, S.A.","og_description":"La m\u00edtica marca catalana Ossa, i els pilots Benjam\u00edn Grau i Toni Gorgot prendran protagonisme a la propera edici\u00f3 de RetroMoto (3, 4 i 5 de mar\u00e7).","og_url":"https:\/\/www.lafargalhospitalet.com\/ca\/ossa-min-grau-toni-gorgot-protagonistes-retromoto\/","og_site_name":"La Farga L&#039;Hospitalet Centre d&#039;Activitats. La Farga GEM, S.A.","article_publisher":"https:\/\/www.facebook.com\/fargahospitalet\/","article_published_time":"2017-02-15T14:48:00+00:00","article_modified_time":"2025-11-03T17:28:53+00:00","og_image":[{"width":730,"height":410,"url":"https:\/\/www.lafargalhospitalet.com\/wp-content\/uploads\/2017\/02\/RetroMoto-Farga-Ossa.jpg","type":"image\/jpeg"}],"author":"La Farga Centre d'Activitats","twitter_card":"summary_large_image","twitter_creator":"@fargahospitalet","twitter_site":"@fargahospitalet","twitter_misc":{"Escrit per":"La Farga Centre d'Activitats","Temps estimat de lectura":"3 minuts"},"schema":{"@context":"https:\/\/schema.org","@graph":[{"@type":"Article","@id":"https:\/\/www.lafargalhospitalet.com\/ca\/ossa-min-grau-toni-gorgot-protagonistes-retromoto\/#article","isPartOf":{"@id":"https:\/\/www.lafargalhospitalet.com\/ca\/ossa-min-grau-toni-gorgot-protagonistes-retromoto\/"},"author":{"name":"La Farga Centre d'Activitats","@id":"https:\/\/www.lafargalhospitalet.com\/#\/schema\/person\/6cbac0ef7748506b167ff859e1c7f378"},"headline":"Ossa, Min Grau i Toni Gorgot, protagonistes a RetroMoto","datePublished":"2017-02-15T14:48:00+00:00","dateModified":"2025-11-03T17:28:53+00:00","mainEntityOfPage":{"@id":"https:\/\/www.lafargalhospitalet.com\/ca\/ossa-min-grau-toni-gorgot-protagonistes-retromoto\/"},"wordCount":636,"publisher":{"@id":"https:\/\/www.lafargalhospitalet.com\/#organization"},"image":{"@id":"https:\/\/www.lafargalhospitalet.com\/ca\/ossa-min-grau-toni-gorgot-protagonistes-retromoto\/#primaryimage"},"thumbnailUrl":"https:\/\/www.lafargalhospitalet.com\/wp-content\/uploads\/2017\/02\/RetroMoto-Farga-Ossa.jpg","articleSection":["Noticies"],"inLanguage":"ca"},{"@type":"WebPage","@id":"https:\/\/www.lafargalhospitalet.com\/ca\/ossa-min-grau-toni-gorgot-protagonistes-retromoto\/","url":"https:\/\/www.lafargalhospitalet.com\/ca\/ossa-min-grau-toni-gorgot-protagonistes-retromoto\/","name":"Ossa, Min Grau i Toni Gorgot, protagonistes a RetroMoto - La Farga L&#039;Hospitalet Centre d&#039;Activitats. La Farga GEM, S.A.","isPartOf":{"@id":"https:\/\/www.lafargalhospitalet.com\/#website"},"primaryImageOfPage":{"@id":"https:\/\/www.lafargalhospitalet.com\/ca\/ossa-min-grau-toni-gorgot-protagonistes-retromoto\/#primaryimage"},"image":{"@id":"https:\/\/www.lafargalhospitalet.com\/ca\/ossa-min-grau-toni-gorgot-protagonistes-retromoto\/#primaryimage"},"thumbnailUrl":"https:\/\/www.lafargalhospitalet.com\/wp-content\/uploads\/2017\/02\/RetroMoto-Farga-Ossa.jpg","datePublished":"2017-02-15T14:48:00+00:00","dateModified":"2025-11-03T17:28:53+00:00","description":"La m\u00edtica marca catalana Ossa, i els pilots Benjam\u00edn Grau i Toni Gorgot prendran protagonisme a la propera edici\u00f3 de RetroMoto (3, 4 i 5 de mar\u00e7).","breadcrumb":{"@id":"https:\/\/www.lafargalhospitalet.com\/ca\/ossa-min-grau-toni-gorgot-protagonistes-retromoto\/#breadcrumb"},"inLanguage":"ca","potentialAction":[{"@type":"ReadAction","target":["https:\/\/www.lafargalhospitalet.com\/ca\/ossa-min-grau-toni-gorgot-protagonistes-retromoto\/"]}]},{"@type":"ImageObject","inLanguage":"ca","@id":"https:\/\/www.lafargalhospitalet.com\/ca\/ossa-min-grau-toni-gorgot-protagonistes-retromoto\/#primaryimage","url":"https:\/\/www.lafargalhospitalet.com\/wp-content\/uploads\/2017\/02\/RetroMoto-Farga-Ossa.jpg","contentUrl":"https:\/\/www.lafargalhospitalet.com\/wp-content\/uploads\/2017\/02\/RetroMoto-Farga-Ossa.jpg","width":730,"height":410,"caption":"RetroMoto Farga Ossa"},{"@type":"BreadcrumbList","@id":"https:\/\/www.lafargalhospitalet.com\/ca\/ossa-min-grau-toni-gorgot-protagonistes-retromoto\/#breadcrumb","itemListElement":[{"@type":"ListItem","position":1,"name":"Portada","item":"https:\/\/www.lafargalhospitalet.com\/"},{"@type":"ListItem","position":2,"name":"Ossa, Min Grau i Toni Gorgot, protagonistes a RetroMoto"}]},{"@type":"WebSite","@id":"https:\/\/www.lafargalhospitalet.com\/#website","url":"https:\/\/www.lafargalhospitalet.com\/","name":"La Farga L'Hospitalet Centre d'Activitats. La Farga GEM, S.A.","description":"La Farga L&#039;Hospitalet Centre d&#039;Activitats. Gestionat per La Farga GEM, S.A. Fires i Congressos. Concerts, exposicions, reunions, filmacions, sopars de gala.","publisher":{"@id":"https:\/\/www.lafargalhospitalet.com\/#organization"},"potentialAction":[{"@type":"SearchAction","target":{"@type":"EntryPoint","urlTemplate":"https:\/\/www.lafargalhospitalet.com\/?s={search_term_string}"},"query-input":{"@type":"PropertyValueSpecification","valueRequired":true,"valueName":"search_term_string"}}],"inLanguage":"ca"},{"@type":"Organization","@id":"https:\/\/www.lafargalhospitalet.com\/#organization","name":"La Farga L'Hospitalet Centre d'Activitats. La Farga GEM, S.A.","url":"https:\/\/www.lafargalhospitalet.com\/","logo":{"@type":"ImageObject","inLanguage":"ca","@id":"https:\/\/www.lafargalhospitalet.com\/#\/schema\/logo\/image\/","url":"https:\/\/www.lafargalhospitalet.com\/wp-content\/uploads\/2025\/10\/logotipo_lafarga_centre_activitats.png","contentUrl":"https:\/\/www.lafargalhospitalet.com\/wp-content\/uploads\/2025\/10\/logotipo_lafarga_centre_activitats.png","width":266,"height":101,"caption":"La Farga L'Hospitalet Centre d'Activitats. La Farga GEM, S.A."},"image":{"@id":"https:\/\/www.lafargalhospitalet.com\/#\/schema\/logo\/image\/"},"sameAs":["https:\/\/www.facebook.com\/fargahospitalet\/","https:\/\/x.com\/fargahospitalet","https:\/\/www.instagram.com\/lafargahospitalet\/","https:\/\/www.youtube.com\/channel\/UCoLt6hen3PqGXgbLMGI3Qdw","https:\/\/www.flickr.com\/photos\/lafargagemsa\/albums"]},{"@type":"Person","@id":"https:\/\/www.lafargalhospitalet.com\/#\/schema\/person\/6cbac0ef7748506b167ff859e1c7f378","name":"La Farga Centre d'Activitats","sameAs":["https:\/\/www.lafargalhospitalet.com"],"url":"https:\/\/www.lafargalhospitalet.com\/ca\/author\/far25gmin\/"}]}},"_links":{"self":[{"href":"https:\/\/www.lafargalhospitalet.com\/ca\/wp-json\/wp\/v2\/posts\/4727","targetHints":{"allow":["GET"]}}],"collection":[{"href":"https:\/\/www.lafargalhospitalet.com\/ca\/wp-json\/wp\/v2\/posts"}],"about":[{"href":"https:\/\/www.lafargalhospitalet.com\/ca\/wp-json\/wp\/v2\/types\/post"}],"author":[{"embeddable":true,"href":"https:\/\/www.lafargalhospitalet.com\/ca\/wp-json\/wp\/v2\/users\/1"}],"replies":[{"embeddable":true,"href":"https:\/\/www.lafargalhospitalet.com\/ca\/wp-json\/wp\/v2\/comments?post=4727"}],"version-history":[{"count":0,"href":"https:\/\/www.lafargalhospitalet.com\/ca\/wp-json\/wp\/v2\/posts\/4727\/revisions"}],"wp:featuredmedia":[{"embeddable":true,"href":"https:\/\/www.lafargalhospitalet.com\/ca\/wp-json\/wp\/v2\/media\/4728"}],"wp:attachment":[{"href":"https:\/\/www.lafargalhospitalet.com\/ca\/wp-json\/wp\/v2\/media?parent=4727"}],"wp:term":[{"taxonomy":"category","embeddable":true,"href":"https:\/\/www.lafargalhospitalet.com\/ca\/wp-json\/wp\/v2\/categories?post=4727"},{"taxonomy":"post_tag","embeddable":true,"href":"https:\/\/www.lafargalhospitalet.com\/ca\/wp-json\/wp\/v2\/tags?post=4727"}],"curies":[{"name":"wp","href":"https:\/\/api.w.org\/{rel}","templated":true}]}}