{"id":4764,"date":"2017-02-23T12:44:41","date_gmt":"2017-02-23T11:44:41","guid":{"rendered":"http:\/\/www.lafargalhospitalet.com\/?p=4764"},"modified":"2025-11-03T18:28:53","modified_gmt":"2025-11-03T17:28:53","slug":"tot-a-punt-30-anys-dia-andalusia-hospitalet","status":"publish","type":"post","link":"https:\/\/www.lafargalhospitalet.com\/ca\/tot-a-punt-30-anys-dia-andalusia-hospitalet\/","title":{"rendered":"Tot a punt per als 30 anys de Dia d&#8217;Andalusia a L&#8217;Hospitalet"},"content":{"rendered":"<h5>30\u00e8 aniversari<\/h5>\n<p>La Farga de L\u2019Hospitalet torna ser escenari, un any m\u00e9s, dels principals actes del Dia d\u2019Andalusia a L\u2019Hospitalet que organitza la Federaci\u00f3n Coordinadora de Entidades Andaluzas de L\u2019Hospitalet.<\/p>\n<p>Aquesta celebraci\u00f3 arriba aquest any als 30 anys i ha programat una extensa agenda d\u2019activitats en diferents punts de la ciutat.<\/p>\n<p>Pel que fa a La Farga Centre d\u2019Activitats obrir\u00e0 les seves portes dissabte a la tarda per a la celebraci\u00f3 de la primera part del Festival d\u2019Entitats i el tradicional Festival Radiol\u00e9, que enguany se celebra dissabte al vespre.<\/p>\n<p>Diumenge al mat\u00ed, hi hauran els actes centrals i alhora m\u00e9s institucionals amb l\u2019ofrena floral a l\u2019olivera, la segona i tercera part del Festival d\u2019Entitats, la Missa Rociera i la degustaci\u00f3 d\u2019un plat t\u00edpic andal\u00fas.<\/p>\n<h5>Programa d\u2019actes a La Farga Centre d\u2019Activitats<\/h5>\n<p><strong>Dissabte, 25 de febrer<\/strong><br \/>\n17 h<br \/>\nActes centrals del Dia d\u2019Andalusia. Festival d\u2019Entitats (1\u00aa part)<br \/>\nHi participen: Hermandad Nuestra Se\u00f1ora del Roc\u00edo de L\u2019Hospitalet (cor rociero), Asociaci\u00f3n Cultural Andaluza Marismas del Guadalquivir (cor), Asociaci\u00f3n Cultural Andaluza Hijos de Paradas en Catalunya (quadres de ball), Escuela de danza Concha Ruiz (quadres de ball), Asociaci\u00f3n Cultural Andaluza de L\u2019Hospitalet (quadres de ball), Centro Recreativo Andaluz Coro Alhambra (cor), Real Cofrad\u00eda Virgen de la Cabeza (Cor romero), Asociaci\u00f3n Cultural Andaluza Hijos de Bedmar en Catalunya (cor), Tertulia Flamenca de L\u2019Hospitalet (quadres de ball), Asociaci\u00f3n Cultural Andaluza Marismas del Guadalquivir (quadres de ball).<br \/>\n21:30 h<br \/>\nFestival de Radiol\u00e9.<\/p>\n<p><strong>Diumenge, 26 de febrer<\/strong><br \/>\n09.45 h<br \/>\nOfrena floral tradicional a l\u2019olivera<br \/>\nA c\u00e0rrec de la Coral de l\u2019Asociaci\u00f3n Cultural Andaluza Casa de Baena en Catalunya, amb la participaci\u00f3 de la Colla Jove Castellera de L\u2019Hospitalet i l\u2019Escola Municipal de M\u00fasica \u2013 Centre de les Arts de L\u2019Hospitalet.<br \/>\n10.15 h<br \/>\nFestival d\u2019Entitats (2a part)<br \/>\nActuaci\u00f3 de: Asociaci\u00f3n Cultural Andaluza Casa de Baena en Catalunya (coral) i Agrupaci\u00f3n Musical Asociaci\u00f3n Cultural Andaluza Cofrad\u00eda 15+1 de L\u2019Hospitalet.<br \/>\n11.00 h<br \/>\nMissa Rociera<br \/>\nOficiada pel rector Enric Canet<br \/>\nEls cants lit\u00fargics corren a c\u00e0rrec del cor rociero de la Hermandad Nuestra Se\u00f1ora del Roc\u00edo Pastorcillo Divino.<br \/>\n12.30 h<br \/>\nFestival d\u2019Entitats (3a part)<br \/>\nHi participen: Asociaci\u00f3n Cultural Andaluza de L\u2019Hospitalet (quadres de ball), Centro Cultural Andaluz Blas Infante (quadres de ball), Hermandad Nuestra Se\u00f1ora del Roc\u00edo Rocieros de Carmona (cor rociero), Hermandad Nuestra Se\u00f1ora del Roc\u00edo Pastora Almonte\u00f1a (quadres de ball).<br \/>\n13.00 h<br \/>\nDegustaci\u00f3 del plat t\u00edpic andal\u00fas<br \/>\nMontadito de pring\u00e1. Ofert pel Centre de Formaci\u00f3 d\u2019Hostaleria de l\u2019Ajuntament de L\u2019Hospitalet.<\/p>\n<p>L&#8217;any passat van ser gaireb\u00e9 <a href=\"https:\/\/www.lafargalhospitalet.com\/el-dia-dandalusia-aplega-prop-de-17-000-persones\/\" target=\"_blank\"><strong>17.000 persones<\/strong><\/a> les que es van acostar a La Farga per celebrar el Dia d&#8217;Andalusia.<\/p>\n<p><a href=\"http:\/\/www.l-h.cat\/utils\/obreFitxer.ashx?Fw9EVw48XS6yyBqazCVXZwYEAmEcDjO2FqazACpgdqazAt3WRx4rMpTUdvMKHpP9lyxAIvrHqazA\" target=\"_blank\"><strong>Programa complet de les XXX Jornades Commemoratives Dia d&#8217;Andalusia a L&#8217;Hospitalet<\/strong><\/a><\/p>\n","protected":false},"excerpt":{"rendered":"<p>La Farga de L\u2019Hospitalet torna ser escenari, un any m\u00e9s, dels principals actes del Dia d\u2019Andalusia a L\u2019Hospitalet que organitza la Federaci\u00f3n Coordinadora de Entidades Andaluzas de L\u2019Hospitalet.<\/p>\n","protected":false},"author":1,"featured_media":4765,"comment_status":"closed","ping_status":"closed","sticky":false,"template":"","format":"standard","meta":{"_monsterinsights_skip_tracking":false,"_monsterinsights_sitenote_active":false,"_monsterinsights_sitenote_note":"","_monsterinsights_sitenote_category":0,"footnotes":""},"categories":[83],"tags":[],"class_list":["post-4764","post","type-post","status-publish","format-standard","has-post-thumbnail","hentry","category-noticies"],"yoast_head":"<!-- This site is optimized with the Yoast SEO plugin v27.5 - https:\/\/yoast.com\/product\/yoast-seo-wordpress\/ -->\n<title>Tot a punt per als 30 anys de Dia d&#039;Andalusia a L&#039;Hospitalet - La Farga L&#039;Hospitalet Centre d&#039;Activitats. La Farga GEM, S.A.<\/title>\n<meta name=\"description\" content=\"La Farga de L\u2019Hospitalet torna ser escenari, un any m\u00e9s, dels principals actes del Dia d\u2019 Andalusia a L\u2019Hospitalet que organitza la FECEAL&#039;H.\" \/>\n<meta name=\"robots\" content=\"index, follow, max-snippet:-1, max-image-preview:large, max-video-preview:-1\" \/>\n<link rel=\"canonical\" href=\"https:\/\/www.lafargalhospitalet.com\/ca\/tot-a-punt-30-anys-dia-andalusia-hospitalet\/\" \/>\n<meta property=\"og:locale\" content=\"ca_ES\" \/>\n<meta property=\"og:type\" content=\"article\" \/>\n<meta property=\"og:title\" content=\"Tot a punt per als 30 anys de Dia d&#039;Andalusia a L&#039;Hospitalet - La Farga L&#039;Hospitalet Centre d&#039;Activitats. La Farga GEM, S.A.\" \/>\n<meta property=\"og:description\" content=\"La Farga de L\u2019Hospitalet torna ser escenari, un any m\u00e9s, dels principals actes del Dia d\u2019 Andalusia a L\u2019Hospitalet que organitza la FECEAL&#039;H.\" \/>\n<meta property=\"og:url\" content=\"https:\/\/www.lafargalhospitalet.com\/ca\/tot-a-punt-30-anys-dia-andalusia-hospitalet\/\" \/>\n<meta property=\"og:site_name\" content=\"La Farga L&#039;Hospitalet Centre d&#039;Activitats. La Farga GEM, S.A.\" \/>\n<meta property=\"article:publisher\" content=\"https:\/\/www.facebook.com\/fargahospitalet\/\" \/>\n<meta property=\"article:published_time\" content=\"2017-02-23T11:44:41+00:00\" \/>\n<meta property=\"article:modified_time\" content=\"2025-11-03T17:28:53+00:00\" \/>\n<meta property=\"og:image\" content=\"https:\/\/www.lafargalhospitalet.com\/wp-content\/uploads\/2017\/02\/Dia-Andalusia-16-Farga.jpg\" \/>\n\t<meta property=\"og:image:width\" content=\"730\" \/>\n\t<meta property=\"og:image:height\" content=\"410\" \/>\n\t<meta property=\"og:image:type\" content=\"image\/jpeg\" \/>\n<meta name=\"author\" content=\"La Farga Centre d&#039;Activitats\" \/>\n<meta name=\"twitter:card\" content=\"summary_large_image\" \/>\n<meta name=\"twitter:creator\" content=\"@fargahospitalet\" \/>\n<meta name=\"twitter:site\" content=\"@fargahospitalet\" \/>\n<meta name=\"twitter:label1\" content=\"Escrit per\" \/>\n\t<meta name=\"twitter:data1\" content=\"La Farga Centre d&#039;Activitats\" \/>\n\t<meta name=\"twitter:label2\" content=\"Temps estimat de lectura\" \/>\n\t<meta name=\"twitter:data2\" content=\"2 minuts\" \/>\n<script type=\"application\/ld+json\" class=\"yoast-schema-graph\">{\"@context\":\"https:\\\/\\\/schema.org\",\"@graph\":[{\"@type\":\"Article\",\"@id\":\"https:\\\/\\\/www.lafargalhospitalet.com\\\/ca\\\/tot-a-punt-30-anys-dia-andalusia-hospitalet\\\/#article\",\"isPartOf\":{\"@id\":\"https:\\\/\\\/www.lafargalhospitalet.com\\\/ca\\\/tot-a-punt-30-anys-dia-andalusia-hospitalet\\\/\"},\"author\":{\"name\":\"La Farga Centre d'Activitats\",\"@id\":\"https:\\\/\\\/www.lafargalhospitalet.com\\\/#\\\/schema\\\/person\\\/6cbac0ef7748506b167ff859e1c7f378\"},\"headline\":\"Tot a punt per als 30 anys de Dia d&#8217;Andalusia a L&#8217;Hospitalet\",\"datePublished\":\"2017-02-23T11:44:41+00:00\",\"dateModified\":\"2025-11-03T17:28:53+00:00\",\"mainEntityOfPage\":{\"@id\":\"https:\\\/\\\/www.lafargalhospitalet.com\\\/ca\\\/tot-a-punt-30-anys-dia-andalusia-hospitalet\\\/\"},\"wordCount\":496,\"publisher\":{\"@id\":\"https:\\\/\\\/www.lafargalhospitalet.com\\\/#organization\"},\"image\":{\"@id\":\"https:\\\/\\\/www.lafargalhospitalet.com\\\/ca\\\/tot-a-punt-30-anys-dia-andalusia-hospitalet\\\/#primaryimage\"},\"thumbnailUrl\":\"https:\\\/\\\/www.lafargalhospitalet.com\\\/wp-content\\\/uploads\\\/2017\\\/02\\\/Dia-Andalusia-16-Farga.jpg\",\"articleSection\":[\"Noticies\"],\"inLanguage\":\"ca\"},{\"@type\":\"WebPage\",\"@id\":\"https:\\\/\\\/www.lafargalhospitalet.com\\\/ca\\\/tot-a-punt-30-anys-dia-andalusia-hospitalet\\\/\",\"url\":\"https:\\\/\\\/www.lafargalhospitalet.com\\\/ca\\\/tot-a-punt-30-anys-dia-andalusia-hospitalet\\\/\",\"name\":\"Tot a punt per als 30 anys de Dia d'Andalusia a L'Hospitalet - La Farga L&#039;Hospitalet Centre d&#039;Activitats. La Farga GEM, S.A.\",\"isPartOf\":{\"@id\":\"https:\\\/\\\/www.lafargalhospitalet.com\\\/#website\"},\"primaryImageOfPage\":{\"@id\":\"https:\\\/\\\/www.lafargalhospitalet.com\\\/ca\\\/tot-a-punt-30-anys-dia-andalusia-hospitalet\\\/#primaryimage\"},\"image\":{\"@id\":\"https:\\\/\\\/www.lafargalhospitalet.com\\\/ca\\\/tot-a-punt-30-anys-dia-andalusia-hospitalet\\\/#primaryimage\"},\"thumbnailUrl\":\"https:\\\/\\\/www.lafargalhospitalet.com\\\/wp-content\\\/uploads\\\/2017\\\/02\\\/Dia-Andalusia-16-Farga.jpg\",\"datePublished\":\"2017-02-23T11:44:41+00:00\",\"dateModified\":\"2025-11-03T17:28:53+00:00\",\"description\":\"La Farga de L\u2019Hospitalet torna ser escenari, un any m\u00e9s, dels principals actes del Dia d\u2019 Andalusia a L\u2019Hospitalet que organitza la FECEAL'H.\",\"breadcrumb\":{\"@id\":\"https:\\\/\\\/www.lafargalhospitalet.com\\\/ca\\\/tot-a-punt-30-anys-dia-andalusia-hospitalet\\\/#breadcrumb\"},\"inLanguage\":\"ca\",\"potentialAction\":[{\"@type\":\"ReadAction\",\"target\":[\"https:\\\/\\\/www.lafargalhospitalet.com\\\/ca\\\/tot-a-punt-30-anys-dia-andalusia-hospitalet\\\/\"]}]},{\"@type\":\"ImageObject\",\"inLanguage\":\"ca\",\"@id\":\"https:\\\/\\\/www.lafargalhospitalet.com\\\/ca\\\/tot-a-punt-30-anys-dia-andalusia-hospitalet\\\/#primaryimage\",\"url\":\"https:\\\/\\\/www.lafargalhospitalet.com\\\/wp-content\\\/uploads\\\/2017\\\/02\\\/Dia-Andalusia-16-Farga.jpg\",\"contentUrl\":\"https:\\\/\\\/www.lafargalhospitalet.com\\\/wp-content\\\/uploads\\\/2017\\\/02\\\/Dia-Andalusia-16-Farga.jpg\",\"width\":730,\"height\":410,\"caption\":\"Dia Andalusia Farga L'Hospitalet\"},{\"@type\":\"BreadcrumbList\",\"@id\":\"https:\\\/\\\/www.lafargalhospitalet.com\\\/ca\\\/tot-a-punt-30-anys-dia-andalusia-hospitalet\\\/#breadcrumb\",\"itemListElement\":[{\"@type\":\"ListItem\",\"position\":1,\"name\":\"Portada\",\"item\":\"https:\\\/\\\/www.lafargalhospitalet.com\\\/\"},{\"@type\":\"ListItem\",\"position\":2,\"name\":\"Tot a punt per als 30 anys de Dia d&#8217;Andalusia a L&#8217;Hospitalet\"}]},{\"@type\":\"WebSite\",\"@id\":\"https:\\\/\\\/www.lafargalhospitalet.com\\\/#website\",\"url\":\"https:\\\/\\\/www.lafargalhospitalet.com\\\/\",\"name\":\"La Farga L'Hospitalet Centre d'Activitats. La Farga GEM, S.A.\",\"description\":\"La Farga L&#039;Hospitalet Centre d&#039;Activitats. Gestionat per La Farga GEM, S.A. Fires i Congressos. Concerts, exposicions, reunions, filmacions, sopars de gala.\",\"publisher\":{\"@id\":\"https:\\\/\\\/www.lafargalhospitalet.com\\\/#organization\"},\"potentialAction\":[{\"@type\":\"SearchAction\",\"target\":{\"@type\":\"EntryPoint\",\"urlTemplate\":\"https:\\\/\\\/www.lafargalhospitalet.com\\\/?s={search_term_string}\"},\"query-input\":{\"@type\":\"PropertyValueSpecification\",\"valueRequired\":true,\"valueName\":\"search_term_string\"}}],\"inLanguage\":\"ca\"},{\"@type\":\"Organization\",\"@id\":\"https:\\\/\\\/www.lafargalhospitalet.com\\\/#organization\",\"name\":\"La Farga L'Hospitalet Centre d'Activitats. La Farga GEM, S.A.\",\"url\":\"https:\\\/\\\/www.lafargalhospitalet.com\\\/\",\"logo\":{\"@type\":\"ImageObject\",\"inLanguage\":\"ca\",\"@id\":\"https:\\\/\\\/www.lafargalhospitalet.com\\\/#\\\/schema\\\/logo\\\/image\\\/\",\"url\":\"https:\\\/\\\/www.lafargalhospitalet.com\\\/wp-content\\\/uploads\\\/2025\\\/10\\\/logotipo_lafarga_centre_activitats.png\",\"contentUrl\":\"https:\\\/\\\/www.lafargalhospitalet.com\\\/wp-content\\\/uploads\\\/2025\\\/10\\\/logotipo_lafarga_centre_activitats.png\",\"width\":266,\"height\":101,\"caption\":\"La Farga L'Hospitalet Centre d'Activitats. La Farga GEM, S.A.\"},\"image\":{\"@id\":\"https:\\\/\\\/www.lafargalhospitalet.com\\\/#\\\/schema\\\/logo\\\/image\\\/\"},\"sameAs\":[\"https:\\\/\\\/www.facebook.com\\\/fargahospitalet\\\/\",\"https:\\\/\\\/x.com\\\/fargahospitalet\",\"https:\\\/\\\/www.instagram.com\\\/lafargahospitalet\\\/\",\"https:\\\/\\\/www.youtube.com\\\/channel\\\/UCoLt6hen3PqGXgbLMGI3Qdw\",\"https:\\\/\\\/www.flickr.com\\\/photos\\\/lafargagemsa\\\/albums\"]},{\"@type\":\"Person\",\"@id\":\"https:\\\/\\\/www.lafargalhospitalet.com\\\/#\\\/schema\\\/person\\\/6cbac0ef7748506b167ff859e1c7f378\",\"name\":\"La Farga Centre d'Activitats\",\"sameAs\":[\"https:\\\/\\\/www.lafargalhospitalet.com\"],\"url\":\"https:\\\/\\\/www.lafargalhospitalet.com\\\/ca\\\/author\\\/far25gmin\\\/\"}]}<\/script>\n<!-- \/ Yoast SEO plugin. -->","yoast_head_json":{"title":"Tot a punt per als 30 anys de Dia d'Andalusia a L'Hospitalet - La Farga L&#039;Hospitalet Centre d&#039;Activitats. La Farga GEM, S.A.","description":"La Farga de L\u2019Hospitalet torna ser escenari, un any m\u00e9s, dels principals actes del Dia d\u2019 Andalusia a L\u2019Hospitalet que organitza la FECEAL'H.","robots":{"index":"index","follow":"follow","max-snippet":"max-snippet:-1","max-image-preview":"max-image-preview:large","max-video-preview":"max-video-preview:-1"},"canonical":"https:\/\/www.lafargalhospitalet.com\/ca\/tot-a-punt-30-anys-dia-andalusia-hospitalet\/","og_locale":"ca_ES","og_type":"article","og_title":"Tot a punt per als 30 anys de Dia d'Andalusia a L'Hospitalet - La Farga L&#039;Hospitalet Centre d&#039;Activitats. La Farga GEM, S.A.","og_description":"La Farga de L\u2019Hospitalet torna ser escenari, un any m\u00e9s, dels principals actes del Dia d\u2019 Andalusia a L\u2019Hospitalet que organitza la FECEAL'H.","og_url":"https:\/\/www.lafargalhospitalet.com\/ca\/tot-a-punt-30-anys-dia-andalusia-hospitalet\/","og_site_name":"La Farga L&#039;Hospitalet Centre d&#039;Activitats. La Farga GEM, S.A.","article_publisher":"https:\/\/www.facebook.com\/fargahospitalet\/","article_published_time":"2017-02-23T11:44:41+00:00","article_modified_time":"2025-11-03T17:28:53+00:00","og_image":[{"width":730,"height":410,"url":"https:\/\/www.lafargalhospitalet.com\/wp-content\/uploads\/2017\/02\/Dia-Andalusia-16-Farga.jpg","type":"image\/jpeg"}],"author":"La Farga Centre d'Activitats","twitter_card":"summary_large_image","twitter_creator":"@fargahospitalet","twitter_site":"@fargahospitalet","twitter_misc":{"Escrit per":"La Farga Centre d'Activitats","Temps estimat de lectura":"2 minuts"},"schema":{"@context":"https:\/\/schema.org","@graph":[{"@type":"Article","@id":"https:\/\/www.lafargalhospitalet.com\/ca\/tot-a-punt-30-anys-dia-andalusia-hospitalet\/#article","isPartOf":{"@id":"https:\/\/www.lafargalhospitalet.com\/ca\/tot-a-punt-30-anys-dia-andalusia-hospitalet\/"},"author":{"name":"La Farga Centre d'Activitats","@id":"https:\/\/www.lafargalhospitalet.com\/#\/schema\/person\/6cbac0ef7748506b167ff859e1c7f378"},"headline":"Tot a punt per als 30 anys de Dia d&#8217;Andalusia a L&#8217;Hospitalet","datePublished":"2017-02-23T11:44:41+00:00","dateModified":"2025-11-03T17:28:53+00:00","mainEntityOfPage":{"@id":"https:\/\/www.lafargalhospitalet.com\/ca\/tot-a-punt-30-anys-dia-andalusia-hospitalet\/"},"wordCount":496,"publisher":{"@id":"https:\/\/www.lafargalhospitalet.com\/#organization"},"image":{"@id":"https:\/\/www.lafargalhospitalet.com\/ca\/tot-a-punt-30-anys-dia-andalusia-hospitalet\/#primaryimage"},"thumbnailUrl":"https:\/\/www.lafargalhospitalet.com\/wp-content\/uploads\/2017\/02\/Dia-Andalusia-16-Farga.jpg","articleSection":["Noticies"],"inLanguage":"ca"},{"@type":"WebPage","@id":"https:\/\/www.lafargalhospitalet.com\/ca\/tot-a-punt-30-anys-dia-andalusia-hospitalet\/","url":"https:\/\/www.lafargalhospitalet.com\/ca\/tot-a-punt-30-anys-dia-andalusia-hospitalet\/","name":"Tot a punt per als 30 anys de Dia d'Andalusia a L'Hospitalet - La Farga L&#039;Hospitalet Centre d&#039;Activitats. La Farga GEM, S.A.","isPartOf":{"@id":"https:\/\/www.lafargalhospitalet.com\/#website"},"primaryImageOfPage":{"@id":"https:\/\/www.lafargalhospitalet.com\/ca\/tot-a-punt-30-anys-dia-andalusia-hospitalet\/#primaryimage"},"image":{"@id":"https:\/\/www.lafargalhospitalet.com\/ca\/tot-a-punt-30-anys-dia-andalusia-hospitalet\/#primaryimage"},"thumbnailUrl":"https:\/\/www.lafargalhospitalet.com\/wp-content\/uploads\/2017\/02\/Dia-Andalusia-16-Farga.jpg","datePublished":"2017-02-23T11:44:41+00:00","dateModified":"2025-11-03T17:28:53+00:00","description":"La Farga de L\u2019Hospitalet torna ser escenari, un any m\u00e9s, dels principals actes del Dia d\u2019 Andalusia a L\u2019Hospitalet que organitza la FECEAL'H.","breadcrumb":{"@id":"https:\/\/www.lafargalhospitalet.com\/ca\/tot-a-punt-30-anys-dia-andalusia-hospitalet\/#breadcrumb"},"inLanguage":"ca","potentialAction":[{"@type":"ReadAction","target":["https:\/\/www.lafargalhospitalet.com\/ca\/tot-a-punt-30-anys-dia-andalusia-hospitalet\/"]}]},{"@type":"ImageObject","inLanguage":"ca","@id":"https:\/\/www.lafargalhospitalet.com\/ca\/tot-a-punt-30-anys-dia-andalusia-hospitalet\/#primaryimage","url":"https:\/\/www.lafargalhospitalet.com\/wp-content\/uploads\/2017\/02\/Dia-Andalusia-16-Farga.jpg","contentUrl":"https:\/\/www.lafargalhospitalet.com\/wp-content\/uploads\/2017\/02\/Dia-Andalusia-16-Farga.jpg","width":730,"height":410,"caption":"Dia Andalusia Farga L'Hospitalet"},{"@type":"BreadcrumbList","@id":"https:\/\/www.lafargalhospitalet.com\/ca\/tot-a-punt-30-anys-dia-andalusia-hospitalet\/#breadcrumb","itemListElement":[{"@type":"ListItem","position":1,"name":"Portada","item":"https:\/\/www.lafargalhospitalet.com\/"},{"@type":"ListItem","position":2,"name":"Tot a punt per als 30 anys de Dia d&#8217;Andalusia a L&#8217;Hospitalet"}]},{"@type":"WebSite","@id":"https:\/\/www.lafargalhospitalet.com\/#website","url":"https:\/\/www.lafargalhospitalet.com\/","name":"La Farga L'Hospitalet Centre d'Activitats. La Farga GEM, S.A.","description":"La Farga L&#039;Hospitalet Centre d&#039;Activitats. Gestionat per La Farga GEM, S.A. Fires i Congressos. Concerts, exposicions, reunions, filmacions, sopars de gala.","publisher":{"@id":"https:\/\/www.lafargalhospitalet.com\/#organization"},"potentialAction":[{"@type":"SearchAction","target":{"@type":"EntryPoint","urlTemplate":"https:\/\/www.lafargalhospitalet.com\/?s={search_term_string}"},"query-input":{"@type":"PropertyValueSpecification","valueRequired":true,"valueName":"search_term_string"}}],"inLanguage":"ca"},{"@type":"Organization","@id":"https:\/\/www.lafargalhospitalet.com\/#organization","name":"La Farga L'Hospitalet Centre d'Activitats. La Farga GEM, S.A.","url":"https:\/\/www.lafargalhospitalet.com\/","logo":{"@type":"ImageObject","inLanguage":"ca","@id":"https:\/\/www.lafargalhospitalet.com\/#\/schema\/logo\/image\/","url":"https:\/\/www.lafargalhospitalet.com\/wp-content\/uploads\/2025\/10\/logotipo_lafarga_centre_activitats.png","contentUrl":"https:\/\/www.lafargalhospitalet.com\/wp-content\/uploads\/2025\/10\/logotipo_lafarga_centre_activitats.png","width":266,"height":101,"caption":"La Farga L'Hospitalet Centre d'Activitats. La Farga GEM, S.A."},"image":{"@id":"https:\/\/www.lafargalhospitalet.com\/#\/schema\/logo\/image\/"},"sameAs":["https:\/\/www.facebook.com\/fargahospitalet\/","https:\/\/x.com\/fargahospitalet","https:\/\/www.instagram.com\/lafargahospitalet\/","https:\/\/www.youtube.com\/channel\/UCoLt6hen3PqGXgbLMGI3Qdw","https:\/\/www.flickr.com\/photos\/lafargagemsa\/albums"]},{"@type":"Person","@id":"https:\/\/www.lafargalhospitalet.com\/#\/schema\/person\/6cbac0ef7748506b167ff859e1c7f378","name":"La Farga Centre d'Activitats","sameAs":["https:\/\/www.lafargalhospitalet.com"],"url":"https:\/\/www.lafargalhospitalet.com\/ca\/author\/far25gmin\/"}]}},"_links":{"self":[{"href":"https:\/\/www.lafargalhospitalet.com\/ca\/wp-json\/wp\/v2\/posts\/4764","targetHints":{"allow":["GET"]}}],"collection":[{"href":"https:\/\/www.lafargalhospitalet.com\/ca\/wp-json\/wp\/v2\/posts"}],"about":[{"href":"https:\/\/www.lafargalhospitalet.com\/ca\/wp-json\/wp\/v2\/types\/post"}],"author":[{"embeddable":true,"href":"https:\/\/www.lafargalhospitalet.com\/ca\/wp-json\/wp\/v2\/users\/1"}],"replies":[{"embeddable":true,"href":"https:\/\/www.lafargalhospitalet.com\/ca\/wp-json\/wp\/v2\/comments?post=4764"}],"version-history":[{"count":0,"href":"https:\/\/www.lafargalhospitalet.com\/ca\/wp-json\/wp\/v2\/posts\/4764\/revisions"}],"wp:featuredmedia":[{"embeddable":true,"href":"https:\/\/www.lafargalhospitalet.com\/ca\/wp-json\/wp\/v2\/media\/4765"}],"wp:attachment":[{"href":"https:\/\/www.lafargalhospitalet.com\/ca\/wp-json\/wp\/v2\/media?parent=4764"}],"wp:term":[{"taxonomy":"category","embeddable":true,"href":"https:\/\/www.lafargalhospitalet.com\/ca\/wp-json\/wp\/v2\/categories?post=4764"},{"taxonomy":"post_tag","embeddable":true,"href":"https:\/\/www.lafargalhospitalet.com\/ca\/wp-json\/wp\/v2\/tags?post=4764"}],"curies":[{"name":"wp","href":"https:\/\/api.w.org\/{rel}","templated":true}]}}