{"id":4772,"date":"2017-02-28T14:49:38","date_gmt":"2017-02-28T13:49:38","guid":{"rendered":"http:\/\/www.lafargalhospitalet.com\/?p=4772"},"modified":"2025-11-03T18:28:53","modified_gmt":"2025-11-03T17:28:53","slug":"retromoto-a-punt-per-a-la-segona-edicio","status":"publish","type":"post","link":"https:\/\/www.lafargalhospitalet.com\/ca\/retromoto-a-punt-per-a-la-segona-edicio\/","title":{"rendered":"RetroMoto, a punt per a la segona edici\u00f3"},"content":{"rendered":"<h5>A punt la segona edici\u00f3 de RetroMoto organitzada per Eventos del Motor i La Farga de L&#8217;Hospitalet<\/h5>\n<p>El Museu Colet de Barcelona ha estat escenari aquest dimarts de la presentaci\u00f3 de <a href=\"http:\/\/www.eventosmotor.com\/\" target=\"_blank\"><strong>RetroMoto Barcelona, Sal\u00f3 de la Moto d&#8217;\u00c8poca i Accessoris<\/strong><\/a>, que compta amb un din\u00e0mic i esportiu programa d&#8217;activitats, amb l&#8217;homenatge a Toni Gorgot, presentaci\u00f3 dels 3H de Resist\u00e8ncia Cl\u00e0ssiques d&#8217;Alcarr\u00e0s i del repte de Min Grau en l&#8217;Illa de Man Classic TT, una mostra monogr\u00e0fica de trialeres d&#8217;Ossa, o concentracions, entre altres actuacions.<\/p>\n<p>La segona edici\u00f3 del Sal\u00f3 RetroMoto Barcelona, \u200b\u200bque obre portes aquest divendres a les 16.00 hores al recinte de La Farga de L&#8217;Hospitalet, ha estat presentada a c\u00e0rrec del seu director, Jos\u00e9 Enrique Elvira, acompanyat del pilot Min Grau, el tinent d&#8217;alcadia de l&#8217;Ajuntament de L&#8217;Hospitalet i regidor d&#8217;Esports i Joventut, Cristian Alc\u00e1zar, i el director del Consell Catal\u00e0 de l&#8217;Esport, Antoni Reig.<\/p>\n<p>Tots els protagonistes de la presentaci\u00f3 han elogiat la qualitat de continguts previstos per a aquesta segona edici\u00f3, que han estat detallats per Jos\u00e9 Enrique Elvira. A m\u00e9s, Min Grau ha manifestat estar <em>&#8220;molt il\u00b7lusionat&#8221;<\/em> davant el repte d&#8217;anar al &#8216;Illa de Man TT&#8217; i espera que al promocionar-se a RetroMoto Barcelona, <em>&#8220;pugui fer realitat el seu projecte amb algun esp\u00f2nsor especial&#8221;<\/em>.<\/p>\n<p>Per la seva part, Cristian Alc\u00e1zar espera RetroMoto sigui un \u00e8xit de participaci\u00f3 <em>&#8220;ja que en la primera edici\u00f3 va ser tot un luxe poder gaudir de tantes motocicletes cl\u00e0ssiques&#8221;<\/em>. Alc\u00e1zar ha afegit que <em>&#8220;per la ciutat de L&#8217;Hospitalet \u00e9s un plaer poder acollir aquest esdeveniment en un recinte com La Farga Centre d&#8217;Activitats amb molts anys d&#8217;experi\u00e8ncia en el sector dels salons i fires&#8221;<\/em>. El m\u00e0xim responsable d&#8217;esports de la ciutat ha afegit que <em>&#8220;apostem per la col\u00b7laboraci\u00f3 p\u00fablico-privada per intentar coproduir m\u00e9s esdeveniments de qualitat com aquest&#8221;<\/em>.<\/p>\n<p>Finalment, Antoni Reig ha posat de relleu la qualitat del sal\u00f3 tot dient que <em>&#8220;\u00e9s un exemple de la feina ben feta&#8221;<\/em>. Portar aquest tipus de cert\u00e0mens a Catalunya, ha afegit Reig, <em>&#8220;contribueixen a fer m\u00e9s gran, no nom\u00e9s el sector esportiu, sin\u00f3 tamb\u00e9 l&#8217;econ\u00f2mic&#8221;.<\/em><\/p>\n<h5>Ampli programa d&#8217;activitats<\/h5>\n<p>La segona edici\u00f3 del Sal\u00f3 RetroMoto Barcelona, que es dur\u00e0 a terme des de la tarda de divendres fins diumenge al vespre al recinte de La Farga de L&#8217;Hospitalet, comptar\u00e0 amb un destacat programa d&#8217;activitats que busca novament centrar l&#8217;atenci\u00f3 dels aficionats a aquesta fira, l&#8217;\u00fanica de la pen\u00ednsula dedicada en exclusiva a les motos cl\u00e0ssiques.<\/p>\n<p>Aquesta segona edici\u00f3 suposa a m\u00e9s ampliar l&#8217;horari del certamen, que a partir d&#8217;ara ser\u00e0 de dues jornades i mitja, des de les 16,00 hores de divendres a les 19,00 hores de diumenge. Les entrades valen 8 euros, amb menors de 10 anys gratu\u00efts, i nom\u00e9s 4 euros si es va en moto cl\u00e0ssica.<\/p>\n<p>Despr\u00e9s de l&#8217;\u00e8xit de l&#8217;edici\u00f3 inaugural, amb m\u00e9s de 12.000 assistents, aquest Sal\u00f3 tornar\u00e0 a comptar amb un ampli programa d&#8217;activitats, de manera que el p\u00fablic visitant pugui gaudir d&#8217;una variada oferta al llarg dels tres dies.<\/p>\n<h5>Homenatge al pilot Toni Gorgot<\/h5>\n<p>El catal\u00e0 Toni Gorgot, que va ser campi\u00f3 nacional j\u00fanior i, posteriorment, campi\u00f3 d&#8217;Espanya de Trial en sis ocasions, des de 1978 a 1983, amb Bultaco, Ossa i Montesa, ser\u00e0 el pilot homenatjat en l&#8217;edici\u00f3 d&#8217;enguany de RetroMoto Barcelona.<\/p>\n<p>Gorgot rebr\u00e0 una placa homenatge el divendres dia 3 a les 17,00 hores, despr\u00e9s de la inauguraci\u00f3 oficial del certamen, i presentar\u00e0 l&#8217;estand que l&#8217;organitzaci\u00f3 ha planificat en el seu honor, i que lluir\u00e0 diverses motos, trofeus, fotos i altres records de la seva \u00e8poca, envoltat d&#8217;amics i admiradors.<\/p>\n<p>Aquest pilot empordan\u00e8s es va convertir el 1983 en el primer catal\u00e0 a guanyar la prestigiosa prova dels Sis dies d&#8217;Esc\u00f2cia de Trial, amb Montesa. Tamb\u00e9 va participar en el Campionat del M\u00f3n aconseguint 13 podis, entre ells el primer lloc en el Gran Premi d&#8217;It\u00e0lia en 1981.<\/p>\n<h5>Presentaci\u00f3 de les 3 hores d&#8217;Alcarr\u00e0s<\/h5>\n<p>Un altre acte destacat ser\u00e0 la presentaci\u00f3 de les 3H de Resist\u00e8ncia Cl\u00e0ssiques d&#8217;Alcarr\u00e0s, primera prova de la Copa Catalana de Resist\u00e8ncia Cl\u00e0ssiques. Aquest acte tindr\u00e0 lloc el divendres dia 3 sobre les 18.15 hores a c\u00e0rrec de Francisco Javier Gil, coordinador d&#8217;esdeveniments cl\u00e0ssics de la Federaci\u00f3 Catalana de Motociclisme.<\/p>\n<p>Aquest interessant campionat consta enguany de tres carreres de 3 hores amb motos cl\u00e0ssiques de 4 categories i que abasten motos de totes les \u00e8poques amb l\u00edmit fins a l&#8217;any 89.<\/p>\n<p>En la presentaci\u00f3 es desvetllar\u00e0 el cartell anunciador de la competici\u00f3, aix\u00ed com es donaran detalls del calendari i caracter\u00edstiques d&#8217;aquesta primera cursa a Alcarr\u00e0s, que comptar\u00e0 amb un m\u00e0xim de 60 motos amb relleus de 2 o 3 pilots.<\/p>\n<h5>Min Grau i l&#8217;Illa Man Classic TT<\/h5>\n<p>RetroMoto Barcelona comptar\u00e0 en un estand durant tota la fira amb la pres\u00e8ncia d&#8217;un pilot hist\u00f2ric, com \u00e9s Benjam\u00ed &#8216;Min&#8217; Grau, el rei de Montju\u00efc, que presentar\u00e0 a La Farga de L&#8217;Hospitalet el seu projecte per a la participaci\u00f3 a l&#8217;Illa de Man Classic TT d&#8217;aquest any.<\/p>\n<p>Min Grau, que tindr\u00e0 72 anys quan corri aquesta prova, estar\u00e0 present en aquest estand per signar aut\u00f2grafs i fer promoci\u00f3 d&#8217;aquest repte entre els aficionats, que tindran una gran ocasi\u00f3 de con\u00e8ixer-lo i tractar diferents aspectes t\u00e8cnics amb aquesta figura del motociclisme nacional.<\/p>\n<p>L&#8217;estand comptar\u00e0 amb l&#8217;exposici\u00f3 de la moto amb la qual participar\u00e0 a la m\u00edtica cursa, una Yamaha 750 R OW1 de 1985, aix\u00ed com altres motos seves, i tindr\u00e0 a la venda divers material de marxandatge.<\/p>\n<p>Grau va guanyar 7 vegades les 24 hores de Montju\u00efc, 11 ocasions el Campionat d&#8217;Espanya en Velocitat (en 50 cc, 250 cc i 750 cc), i diversos nacionals de resist\u00e8ncia, la seva millor disciplina, a m\u00e9s del Campionat d&#8217;Europa d&#8217;aquesta modalitat en 250 cc o els 1000 km de Mugello.<\/p>\n<h5>Ossa, estand destacat<\/h5>\n<p>La m\u00edtica marca OSSA, que sempre ha estat una de les m\u00e9s destacades en la disciplina de Trial, tindr\u00e0 un espai especial amb una exposici\u00f3 monogr\u00e0fica dedicada als models que va fabricar d&#8217;aquesta especialitat.<\/p>\n<p>L&#8217;organitzaci\u00f3 de RetroMoto, amb la col\u00b7laboraci\u00f3 del Club Ossa Acci\u00f3, mostrar\u00e0 en un estand monogr\u00e0fic la major part dels models produ\u00efts per la f\u00e0brica catalana al llarg dels anys.<\/p>\n<p>Els aficionats podran gaudir aix\u00ed d&#8217;una varietat de motos de trial, on destacar\u00e0 sens dubte un dels models m\u00edtics d&#8217;aquesta marca, la campiona OSSA 250 MAR (Mick Andrews R\u00e8plica), amb la qual el pilot brit\u00e0nic va obtenir grans resultats, com diverses vict\u00f2ries en els Sis Dies de Trial d&#8217;Esc\u00f2cia (SSDT) i en el Campionat d&#8217;Europa de 1971 i 1972, considerat llavors com el mundial.<\/p>\n<p>Aquest espai acollir\u00e0 des de les primeres Scrambler 175-SE, passant per les 250 MAR o la 350 TR 80 de Toni Gorgot, campiona d&#8217;Espanya, fins a la ultim\u00edssima TR300i, en una iniciativa que reunir\u00e0 una quinzena de motocicletes.<\/p>\n<p>A m\u00e9s, els aficionats podran contemplar dos exemplars de Trial d&#8217;aut\u00e8ntica col\u00b7lecci\u00f3 a l&#8217;estand de Todotrial, com s\u00f3n la Trans Ama Maltry (nom\u00e9s n\u2019hi ha 8 a Espanya i es van fabricar en total menys de 30 motos) i la JP primera s\u00e8rie, una moto que fabricar Juvanteny i Pay\u00e0 a la fi dels 80 i de les quals tamb\u00e9 es van fabricar molt poques unitats.<\/p>\n<h5>Estacionament per a cl\u00e0ssiques, zona de venda de privats i \u00e0rea comercial<\/h5>\n<p>El certamen comptar\u00e0 amb l&#8217;al\u00b7licient d&#8217;un aparcament cobert, gratu\u00eft i vigilat reservat a motos cl\u00e0ssiques i neocl\u00e0ssiques, que quedaran en exposici\u00f3 cada jornada, de manera que puguin ser contemplades per tot el p\u00fablic.<\/p>\n<p>Els assistents en aquestes motos cl\u00e0ssiques tindran acc\u00e9s a aquest aparcament i un descompte del 50% en el preu de l&#8217;entrada, sortint aix\u00ed per 4 euros per persona.<\/p>\n<p>L&#8217;exposici\u00f3 comptar\u00e0 a m\u00e9s amb una \u00e0rea especial i gratu\u00efta per a exposici\u00f3 i venda de motos particulars, anomenada Corral Cover i patrocinada per l&#8217;asseguradora catalana ClassicCover. En aquesta zona es permet als propietaris que participen amb la seva moto disposar d&#8217;un passi permanent per accedir durant els 3 dies de fira, aix\u00ed com d&#8217;una altra s\u00e8rie de serveis per facilitar la venda dels seus vehicles, com els cartells anunciadors per posar les caracter\u00edstiques o el preu.<\/p>\n<h5>El certamen mantindr\u00e0 l&#8217;estructura de la primera edici\u00f3, amb dues grans l\u00ednies ben diferenciades:<\/h5>\n<p>Zona Comercial, en la qual la m\u00e0xima ser\u00e0 afavorir l&#8217;intercanvi entre l&#8217;oferta i la demanda<br \/>\n\u2022 Exposici\u00f3 i venda de motocicletes (professionals)<br \/>\n\u2022 Motomobilia (mercat de peces, accessoris, recanvis, llibres, documentaci\u00f3, etc.)<br \/>\n\u2022 Zona de particulars (\u00e0rea de venda de motos cl\u00e0ssiques) al Cover Corral<\/p>\n<p>Zona expositiva, on el que es busca \u00e9s que l&#8217;aficionat gaudeixi de la fira<br \/>\n\u2022 Exposicions monogr\u00e0fiques<br \/>\n\u2022 Estands de clubs<br \/>\n\u2022 Activitats paral\u00b7leles (concentracions, sortejos, etc.)<br \/>\n\u2022 Estacionament de motos cl\u00e0ssiques<\/p>\n<p>Els assistents podran tanmateix trobar peces de tot tipus i recanvis per les seves motos, documentaci\u00f3, llibres, revistes, regals, roba i tot tipus d&#8217;estris relacionats amb el motociclisme cl\u00e0ssic a la zona comercial on expositors de diferents marques ofereixen els seus articles.<\/p>\n<h5>Activitats de clubs i concentracions<\/h5>\n<p>Diferents clubs de motos cl\u00e0ssiques de Catalunya estaran presents al Sal\u00f3, amb estands on informaran de les activitats que realitzen, per la qual cosa s&#8217;espera una notable aflu\u00e8ncia de visitants en motos.<\/p>\n<p>Tamb\u00e9 hi haur\u00e0 un men\u00fa especial d\u2019esmorzar per als que vulguin acudir en grup i gaudir d&#8217;una jornada a la fira, estant confirmades ja diverses concentracions.<\/p>\n<p>Aix\u00ed s&#8217;espera un gran ambient d&#8217;aficionats en la que ser\u00e0 la gran cita del motociclisme cl\u00e0ssic de tota la zona nord-est del pa\u00eds, i l&#8217;assentament definitiu d&#8217;aquesta fira monogr\u00e0fica.<\/p>\n","protected":false},"excerpt":{"rendered":"<p>El Museu Colet de Barcelona ha estat escenari aquest dimarts de la presentaci\u00f3 de RetroMoto Barcelona, Sal\u00f3 de la Moto d&#8217;\u00c8poca i Accessoris.<\/p>\n","protected":false},"author":1,"featured_media":4773,"comment_status":"closed","ping_status":"closed","sticky":false,"template":"","format":"standard","meta":{"_monsterinsights_skip_tracking":false,"_monsterinsights_sitenote_active":false,"_monsterinsights_sitenote_note":"","_monsterinsights_sitenote_category":0,"footnotes":""},"categories":[83],"tags":[],"class_list":["post-4772","post","type-post","status-publish","format-standard","has-post-thumbnail","hentry","category-noticies"],"yoast_head":"<!-- This site is optimized with the Yoast SEO plugin v27.5 - https:\/\/yoast.com\/product\/yoast-seo-wordpress\/ -->\n<title>RetroMoto, a punt per a la segona edici\u00f3 - La Farga L&#039;Hospitalet Centre d&#039;Activitats. La Farga GEM, S.A.<\/title>\n<meta name=\"description\" content=\"El Museu Colet de Barcelona ha estat escenari de la presentaci\u00f3 de la segona edici\u00f3 de RetroMoto Barcelona, Sal\u00f3 de la Moto d&#039;\u00c8poca i Accessoris\" \/>\n<meta name=\"robots\" content=\"index, follow, max-snippet:-1, max-image-preview:large, max-video-preview:-1\" \/>\n<link rel=\"canonical\" href=\"https:\/\/www.lafargalhospitalet.com\/ca\/retromoto-a-punt-per-a-la-segona-edicio\/\" \/>\n<meta property=\"og:locale\" content=\"ca_ES\" \/>\n<meta property=\"og:type\" content=\"article\" \/>\n<meta property=\"og:title\" content=\"RetroMoto, a punt per a la segona edici\u00f3 - La Farga L&#039;Hospitalet Centre d&#039;Activitats. La Farga GEM, S.A.\" \/>\n<meta property=\"og:description\" content=\"El Museu Colet de Barcelona ha estat escenari de la presentaci\u00f3 de la segona edici\u00f3 de RetroMoto Barcelona, Sal\u00f3 de la Moto d&#039;\u00c8poca i Accessoris\" \/>\n<meta property=\"og:url\" content=\"https:\/\/www.lafargalhospitalet.com\/ca\/retromoto-a-punt-per-a-la-segona-edicio\/\" \/>\n<meta property=\"og:site_name\" content=\"La Farga L&#039;Hospitalet Centre d&#039;Activitats. La Farga GEM, S.A.\" \/>\n<meta property=\"article:publisher\" content=\"https:\/\/www.facebook.com\/fargahospitalet\/\" \/>\n<meta property=\"article:published_time\" content=\"2017-02-28T13:49:38+00:00\" \/>\n<meta property=\"article:modified_time\" content=\"2025-11-03T17:28:53+00:00\" \/>\n<meta property=\"og:image\" content=\"https:\/\/www.lafargalhospitalet.com\/wp-content\/uploads\/2017\/02\/RetroMoto-MuseuColet.jpg\" \/>\n\t<meta property=\"og:image:width\" content=\"730\" \/>\n\t<meta property=\"og:image:height\" content=\"410\" \/>\n\t<meta property=\"og:image:type\" content=\"image\/jpeg\" \/>\n<meta name=\"author\" content=\"La Farga Centre d&#039;Activitats\" \/>\n<meta name=\"twitter:card\" content=\"summary_large_image\" \/>\n<meta name=\"twitter:creator\" content=\"@fargahospitalet\" \/>\n<meta name=\"twitter:site\" content=\"@fargahospitalet\" \/>\n<meta name=\"twitter:label1\" content=\"Escrit per\" \/>\n\t<meta name=\"twitter:data1\" content=\"La Farga Centre d&#039;Activitats\" \/>\n\t<meta name=\"twitter:label2\" content=\"Temps estimat de lectura\" \/>\n\t<meta name=\"twitter:data2\" content=\"8 minuts\" \/>\n<script type=\"application\/ld+json\" class=\"yoast-schema-graph\">{\"@context\":\"https:\\\/\\\/schema.org\",\"@graph\":[{\"@type\":\"Article\",\"@id\":\"https:\\\/\\\/www.lafargalhospitalet.com\\\/ca\\\/retromoto-a-punt-per-a-la-segona-edicio\\\/#article\",\"isPartOf\":{\"@id\":\"https:\\\/\\\/www.lafargalhospitalet.com\\\/ca\\\/retromoto-a-punt-per-a-la-segona-edicio\\\/\"},\"author\":{\"name\":\"La Farga Centre d'Activitats\",\"@id\":\"https:\\\/\\\/www.lafargalhospitalet.com\\\/#\\\/schema\\\/person\\\/6cbac0ef7748506b167ff859e1c7f378\"},\"headline\":\"RetroMoto, a punt per a la segona edici\u00f3\",\"datePublished\":\"2017-02-28T13:49:38+00:00\",\"dateModified\":\"2025-11-03T17:28:53+00:00\",\"mainEntityOfPage\":{\"@id\":\"https:\\\/\\\/www.lafargalhospitalet.com\\\/ca\\\/retromoto-a-punt-per-a-la-segona-edicio\\\/\"},\"wordCount\":1696,\"publisher\":{\"@id\":\"https:\\\/\\\/www.lafargalhospitalet.com\\\/#organization\"},\"image\":{\"@id\":\"https:\\\/\\\/www.lafargalhospitalet.com\\\/ca\\\/retromoto-a-punt-per-a-la-segona-edicio\\\/#primaryimage\"},\"thumbnailUrl\":\"https:\\\/\\\/www.lafargalhospitalet.com\\\/wp-content\\\/uploads\\\/2017\\\/02\\\/RetroMoto-MuseuColet.jpg\",\"articleSection\":[\"Noticies\"],\"inLanguage\":\"ca\"},{\"@type\":\"WebPage\",\"@id\":\"https:\\\/\\\/www.lafargalhospitalet.com\\\/ca\\\/retromoto-a-punt-per-a-la-segona-edicio\\\/\",\"url\":\"https:\\\/\\\/www.lafargalhospitalet.com\\\/ca\\\/retromoto-a-punt-per-a-la-segona-edicio\\\/\",\"name\":\"RetroMoto, a punt per a la segona edici\u00f3 - La Farga L&#039;Hospitalet Centre d&#039;Activitats. La Farga GEM, S.A.\",\"isPartOf\":{\"@id\":\"https:\\\/\\\/www.lafargalhospitalet.com\\\/#website\"},\"primaryImageOfPage\":{\"@id\":\"https:\\\/\\\/www.lafargalhospitalet.com\\\/ca\\\/retromoto-a-punt-per-a-la-segona-edicio\\\/#primaryimage\"},\"image\":{\"@id\":\"https:\\\/\\\/www.lafargalhospitalet.com\\\/ca\\\/retromoto-a-punt-per-a-la-segona-edicio\\\/#primaryimage\"},\"thumbnailUrl\":\"https:\\\/\\\/www.lafargalhospitalet.com\\\/wp-content\\\/uploads\\\/2017\\\/02\\\/RetroMoto-MuseuColet.jpg\",\"datePublished\":\"2017-02-28T13:49:38+00:00\",\"dateModified\":\"2025-11-03T17:28:53+00:00\",\"description\":\"El Museu Colet de Barcelona ha estat escenari de la presentaci\u00f3 de la segona edici\u00f3 de RetroMoto Barcelona, Sal\u00f3 de la Moto d'\u00c8poca i Accessoris\",\"breadcrumb\":{\"@id\":\"https:\\\/\\\/www.lafargalhospitalet.com\\\/ca\\\/retromoto-a-punt-per-a-la-segona-edicio\\\/#breadcrumb\"},\"inLanguage\":\"ca\",\"potentialAction\":[{\"@type\":\"ReadAction\",\"target\":[\"https:\\\/\\\/www.lafargalhospitalet.com\\\/ca\\\/retromoto-a-punt-per-a-la-segona-edicio\\\/\"]}]},{\"@type\":\"ImageObject\",\"inLanguage\":\"ca\",\"@id\":\"https:\\\/\\\/www.lafargalhospitalet.com\\\/ca\\\/retromoto-a-punt-per-a-la-segona-edicio\\\/#primaryimage\",\"url\":\"https:\\\/\\\/www.lafargalhospitalet.com\\\/wp-content\\\/uploads\\\/2017\\\/02\\\/RetroMoto-MuseuColet.jpg\",\"contentUrl\":\"https:\\\/\\\/www.lafargalhospitalet.com\\\/wp-content\\\/uploads\\\/2017\\\/02\\\/RetroMoto-MuseuColet.jpg\",\"width\":730,\"height\":410,\"caption\":\"RetroMoto Segona edici\u00f3\"},{\"@type\":\"BreadcrumbList\",\"@id\":\"https:\\\/\\\/www.lafargalhospitalet.com\\\/ca\\\/retromoto-a-punt-per-a-la-segona-edicio\\\/#breadcrumb\",\"itemListElement\":[{\"@type\":\"ListItem\",\"position\":1,\"name\":\"Portada\",\"item\":\"https:\\\/\\\/www.lafargalhospitalet.com\\\/\"},{\"@type\":\"ListItem\",\"position\":2,\"name\":\"RetroMoto, a punt per a la segona edici\u00f3\"}]},{\"@type\":\"WebSite\",\"@id\":\"https:\\\/\\\/www.lafargalhospitalet.com\\\/#website\",\"url\":\"https:\\\/\\\/www.lafargalhospitalet.com\\\/\",\"name\":\"La Farga L'Hospitalet Centre d'Activitats. La Farga GEM, S.A.\",\"description\":\"La Farga L&#039;Hospitalet Centre d&#039;Activitats. Gestionat per La Farga GEM, S.A. Fires i Congressos. Concerts, exposicions, reunions, filmacions, sopars de gala.\",\"publisher\":{\"@id\":\"https:\\\/\\\/www.lafargalhospitalet.com\\\/#organization\"},\"potentialAction\":[{\"@type\":\"SearchAction\",\"target\":{\"@type\":\"EntryPoint\",\"urlTemplate\":\"https:\\\/\\\/www.lafargalhospitalet.com\\\/?s={search_term_string}\"},\"query-input\":{\"@type\":\"PropertyValueSpecification\",\"valueRequired\":true,\"valueName\":\"search_term_string\"}}],\"inLanguage\":\"ca\"},{\"@type\":\"Organization\",\"@id\":\"https:\\\/\\\/www.lafargalhospitalet.com\\\/#organization\",\"name\":\"La Farga L'Hospitalet Centre d'Activitats. La Farga GEM, S.A.\",\"url\":\"https:\\\/\\\/www.lafargalhospitalet.com\\\/\",\"logo\":{\"@type\":\"ImageObject\",\"inLanguage\":\"ca\",\"@id\":\"https:\\\/\\\/www.lafargalhospitalet.com\\\/#\\\/schema\\\/logo\\\/image\\\/\",\"url\":\"https:\\\/\\\/www.lafargalhospitalet.com\\\/wp-content\\\/uploads\\\/2025\\\/10\\\/logotipo_lafarga_centre_activitats.png\",\"contentUrl\":\"https:\\\/\\\/www.lafargalhospitalet.com\\\/wp-content\\\/uploads\\\/2025\\\/10\\\/logotipo_lafarga_centre_activitats.png\",\"width\":266,\"height\":101,\"caption\":\"La Farga L'Hospitalet Centre d'Activitats. La Farga GEM, S.A.\"},\"image\":{\"@id\":\"https:\\\/\\\/www.lafargalhospitalet.com\\\/#\\\/schema\\\/logo\\\/image\\\/\"},\"sameAs\":[\"https:\\\/\\\/www.facebook.com\\\/fargahospitalet\\\/\",\"https:\\\/\\\/x.com\\\/fargahospitalet\",\"https:\\\/\\\/www.instagram.com\\\/lafargahospitalet\\\/\",\"https:\\\/\\\/www.youtube.com\\\/channel\\\/UCoLt6hen3PqGXgbLMGI3Qdw\",\"https:\\\/\\\/www.flickr.com\\\/photos\\\/lafargagemsa\\\/albums\"]},{\"@type\":\"Person\",\"@id\":\"https:\\\/\\\/www.lafargalhospitalet.com\\\/#\\\/schema\\\/person\\\/6cbac0ef7748506b167ff859e1c7f378\",\"name\":\"La Farga Centre d'Activitats\",\"sameAs\":[\"https:\\\/\\\/www.lafargalhospitalet.com\"],\"url\":\"https:\\\/\\\/www.lafargalhospitalet.com\\\/ca\\\/author\\\/far25gmin\\\/\"}]}<\/script>\n<!-- \/ Yoast SEO plugin. -->","yoast_head_json":{"title":"RetroMoto, a punt per a la segona edici\u00f3 - La Farga L&#039;Hospitalet Centre d&#039;Activitats. La Farga GEM, S.A.","description":"El Museu Colet de Barcelona ha estat escenari de la presentaci\u00f3 de la segona edici\u00f3 de RetroMoto Barcelona, Sal\u00f3 de la Moto d'\u00c8poca i Accessoris","robots":{"index":"index","follow":"follow","max-snippet":"max-snippet:-1","max-image-preview":"max-image-preview:large","max-video-preview":"max-video-preview:-1"},"canonical":"https:\/\/www.lafargalhospitalet.com\/ca\/retromoto-a-punt-per-a-la-segona-edicio\/","og_locale":"ca_ES","og_type":"article","og_title":"RetroMoto, a punt per a la segona edici\u00f3 - La Farga L&#039;Hospitalet Centre d&#039;Activitats. La Farga GEM, S.A.","og_description":"El Museu Colet de Barcelona ha estat escenari de la presentaci\u00f3 de la segona edici\u00f3 de RetroMoto Barcelona, Sal\u00f3 de la Moto d'\u00c8poca i Accessoris","og_url":"https:\/\/www.lafargalhospitalet.com\/ca\/retromoto-a-punt-per-a-la-segona-edicio\/","og_site_name":"La Farga L&#039;Hospitalet Centre d&#039;Activitats. La Farga GEM, S.A.","article_publisher":"https:\/\/www.facebook.com\/fargahospitalet\/","article_published_time":"2017-02-28T13:49:38+00:00","article_modified_time":"2025-11-03T17:28:53+00:00","og_image":[{"width":730,"height":410,"url":"https:\/\/www.lafargalhospitalet.com\/wp-content\/uploads\/2017\/02\/RetroMoto-MuseuColet.jpg","type":"image\/jpeg"}],"author":"La Farga Centre d'Activitats","twitter_card":"summary_large_image","twitter_creator":"@fargahospitalet","twitter_site":"@fargahospitalet","twitter_misc":{"Escrit per":"La Farga Centre d'Activitats","Temps estimat de lectura":"8 minuts"},"schema":{"@context":"https:\/\/schema.org","@graph":[{"@type":"Article","@id":"https:\/\/www.lafargalhospitalet.com\/ca\/retromoto-a-punt-per-a-la-segona-edicio\/#article","isPartOf":{"@id":"https:\/\/www.lafargalhospitalet.com\/ca\/retromoto-a-punt-per-a-la-segona-edicio\/"},"author":{"name":"La Farga Centre d'Activitats","@id":"https:\/\/www.lafargalhospitalet.com\/#\/schema\/person\/6cbac0ef7748506b167ff859e1c7f378"},"headline":"RetroMoto, a punt per a la segona edici\u00f3","datePublished":"2017-02-28T13:49:38+00:00","dateModified":"2025-11-03T17:28:53+00:00","mainEntityOfPage":{"@id":"https:\/\/www.lafargalhospitalet.com\/ca\/retromoto-a-punt-per-a-la-segona-edicio\/"},"wordCount":1696,"publisher":{"@id":"https:\/\/www.lafargalhospitalet.com\/#organization"},"image":{"@id":"https:\/\/www.lafargalhospitalet.com\/ca\/retromoto-a-punt-per-a-la-segona-edicio\/#primaryimage"},"thumbnailUrl":"https:\/\/www.lafargalhospitalet.com\/wp-content\/uploads\/2017\/02\/RetroMoto-MuseuColet.jpg","articleSection":["Noticies"],"inLanguage":"ca"},{"@type":"WebPage","@id":"https:\/\/www.lafargalhospitalet.com\/ca\/retromoto-a-punt-per-a-la-segona-edicio\/","url":"https:\/\/www.lafargalhospitalet.com\/ca\/retromoto-a-punt-per-a-la-segona-edicio\/","name":"RetroMoto, a punt per a la segona edici\u00f3 - La Farga L&#039;Hospitalet Centre d&#039;Activitats. La Farga GEM, S.A.","isPartOf":{"@id":"https:\/\/www.lafargalhospitalet.com\/#website"},"primaryImageOfPage":{"@id":"https:\/\/www.lafargalhospitalet.com\/ca\/retromoto-a-punt-per-a-la-segona-edicio\/#primaryimage"},"image":{"@id":"https:\/\/www.lafargalhospitalet.com\/ca\/retromoto-a-punt-per-a-la-segona-edicio\/#primaryimage"},"thumbnailUrl":"https:\/\/www.lafargalhospitalet.com\/wp-content\/uploads\/2017\/02\/RetroMoto-MuseuColet.jpg","datePublished":"2017-02-28T13:49:38+00:00","dateModified":"2025-11-03T17:28:53+00:00","description":"El Museu Colet de Barcelona ha estat escenari de la presentaci\u00f3 de la segona edici\u00f3 de RetroMoto Barcelona, Sal\u00f3 de la Moto d'\u00c8poca i Accessoris","breadcrumb":{"@id":"https:\/\/www.lafargalhospitalet.com\/ca\/retromoto-a-punt-per-a-la-segona-edicio\/#breadcrumb"},"inLanguage":"ca","potentialAction":[{"@type":"ReadAction","target":["https:\/\/www.lafargalhospitalet.com\/ca\/retromoto-a-punt-per-a-la-segona-edicio\/"]}]},{"@type":"ImageObject","inLanguage":"ca","@id":"https:\/\/www.lafargalhospitalet.com\/ca\/retromoto-a-punt-per-a-la-segona-edicio\/#primaryimage","url":"https:\/\/www.lafargalhospitalet.com\/wp-content\/uploads\/2017\/02\/RetroMoto-MuseuColet.jpg","contentUrl":"https:\/\/www.lafargalhospitalet.com\/wp-content\/uploads\/2017\/02\/RetroMoto-MuseuColet.jpg","width":730,"height":410,"caption":"RetroMoto Segona edici\u00f3"},{"@type":"BreadcrumbList","@id":"https:\/\/www.lafargalhospitalet.com\/ca\/retromoto-a-punt-per-a-la-segona-edicio\/#breadcrumb","itemListElement":[{"@type":"ListItem","position":1,"name":"Portada","item":"https:\/\/www.lafargalhospitalet.com\/"},{"@type":"ListItem","position":2,"name":"RetroMoto, a punt per a la segona edici\u00f3"}]},{"@type":"WebSite","@id":"https:\/\/www.lafargalhospitalet.com\/#website","url":"https:\/\/www.lafargalhospitalet.com\/","name":"La Farga L'Hospitalet Centre d'Activitats. La Farga GEM, S.A.","description":"La Farga L&#039;Hospitalet Centre d&#039;Activitats. Gestionat per La Farga GEM, S.A. Fires i Congressos. Concerts, exposicions, reunions, filmacions, sopars de gala.","publisher":{"@id":"https:\/\/www.lafargalhospitalet.com\/#organization"},"potentialAction":[{"@type":"SearchAction","target":{"@type":"EntryPoint","urlTemplate":"https:\/\/www.lafargalhospitalet.com\/?s={search_term_string}"},"query-input":{"@type":"PropertyValueSpecification","valueRequired":true,"valueName":"search_term_string"}}],"inLanguage":"ca"},{"@type":"Organization","@id":"https:\/\/www.lafargalhospitalet.com\/#organization","name":"La Farga L'Hospitalet Centre d'Activitats. La Farga GEM, S.A.","url":"https:\/\/www.lafargalhospitalet.com\/","logo":{"@type":"ImageObject","inLanguage":"ca","@id":"https:\/\/www.lafargalhospitalet.com\/#\/schema\/logo\/image\/","url":"https:\/\/www.lafargalhospitalet.com\/wp-content\/uploads\/2025\/10\/logotipo_lafarga_centre_activitats.png","contentUrl":"https:\/\/www.lafargalhospitalet.com\/wp-content\/uploads\/2025\/10\/logotipo_lafarga_centre_activitats.png","width":266,"height":101,"caption":"La Farga L'Hospitalet Centre d'Activitats. La Farga GEM, S.A."},"image":{"@id":"https:\/\/www.lafargalhospitalet.com\/#\/schema\/logo\/image\/"},"sameAs":["https:\/\/www.facebook.com\/fargahospitalet\/","https:\/\/x.com\/fargahospitalet","https:\/\/www.instagram.com\/lafargahospitalet\/","https:\/\/www.youtube.com\/channel\/UCoLt6hen3PqGXgbLMGI3Qdw","https:\/\/www.flickr.com\/photos\/lafargagemsa\/albums"]},{"@type":"Person","@id":"https:\/\/www.lafargalhospitalet.com\/#\/schema\/person\/6cbac0ef7748506b167ff859e1c7f378","name":"La Farga Centre d'Activitats","sameAs":["https:\/\/www.lafargalhospitalet.com"],"url":"https:\/\/www.lafargalhospitalet.com\/ca\/author\/far25gmin\/"}]}},"_links":{"self":[{"href":"https:\/\/www.lafargalhospitalet.com\/ca\/wp-json\/wp\/v2\/posts\/4772","targetHints":{"allow":["GET"]}}],"collection":[{"href":"https:\/\/www.lafargalhospitalet.com\/ca\/wp-json\/wp\/v2\/posts"}],"about":[{"href":"https:\/\/www.lafargalhospitalet.com\/ca\/wp-json\/wp\/v2\/types\/post"}],"author":[{"embeddable":true,"href":"https:\/\/www.lafargalhospitalet.com\/ca\/wp-json\/wp\/v2\/users\/1"}],"replies":[{"embeddable":true,"href":"https:\/\/www.lafargalhospitalet.com\/ca\/wp-json\/wp\/v2\/comments?post=4772"}],"version-history":[{"count":0,"href":"https:\/\/www.lafargalhospitalet.com\/ca\/wp-json\/wp\/v2\/posts\/4772\/revisions"}],"wp:featuredmedia":[{"embeddable":true,"href":"https:\/\/www.lafargalhospitalet.com\/ca\/wp-json\/wp\/v2\/media\/4773"}],"wp:attachment":[{"href":"https:\/\/www.lafargalhospitalet.com\/ca\/wp-json\/wp\/v2\/media?parent=4772"}],"wp:term":[{"taxonomy":"category","embeddable":true,"href":"https:\/\/www.lafargalhospitalet.com\/ca\/wp-json\/wp\/v2\/categories?post=4772"},{"taxonomy":"post_tag","embeddable":true,"href":"https:\/\/www.lafargalhospitalet.com\/ca\/wp-json\/wp\/v2\/tags?post=4772"}],"curies":[{"name":"wp","href":"https:\/\/api.w.org\/{rel}","templated":true}]}}