{"id":4824,"date":"2017-03-09T16:54:42","date_gmt":"2017-03-09T15:54:42","guid":{"rendered":"http:\/\/www.lafargalhospitalet.com\/?p=4824"},"modified":"2025-11-03T18:28:53","modified_gmt":"2025-11-03T17:28:53","slug":"el-japan-weekend-a-punt-per-obrir-portes","status":"publish","type":"post","link":"https:\/\/www.lafargalhospitalet.com\/ca\/el-japan-weekend-a-punt-per-obrir-portes\/","title":{"rendered":"El Japan Weekend, a punt per obrir portes"},"content":{"rendered":"<h5>Jap\u00f3 arriba a La Farga<\/h5>\n<p>La Farga Centre d\u2019Activitats ja est\u00e0 a punt per a la celebraci\u00f3 de l\u2019onzena edici\u00f3 del <a href=\"http:\/\/japanweekend.com\/barcelona\/\" target=\"_blank\"><strong>Japan Weekend<\/strong><\/a>, esdeveniment relacionat amb el m\u00f3n de la cultura japonesa.<\/p>\n<p>Durant aquest cap de setmana, m\u00e9s de 10.000m2 de les nostres instal\u00b7lacions estaran ocupats pel millor d\u2019aquest sector emergent relacionat amb el m\u00f3n oriental. Gastronomia, manga, videojocs, anime, karaoke o cosplay formen part del tradicional Japan Weekend, cita obligada del calendari anual de La Farga de L\u2019Hospitalet.<\/p>\n<p>En aquesta ocasi\u00f3 l&#8217;artista convidat \u00e9s Hidenori Matsubara, un referent en el m\u00f3n de l&#8217;animaci\u00f3, autor del disseny de coneguts personatges d&#8217;anime com &#8220;Ah! Mi diosa&#8221;, &#8220;Gankutsuou&#8221; o Sakura Wars&#8221;. Actualment \u00e9s director d&#8217;animaci\u00f3 de pel\u00b7l\u00edcules de &#8220;Evangelion&#8221; i &#8220;En este rinc\u00f3n del mundo&#8221;. Pel que fa als cosplayers convidats destaquen enguany les visites d&#8217;Astarohime, Baozi &amp; Hana i LauraNiko &amp; Miyuki Kurame.<\/p>\n<p>Hi haur\u00e0 m\u00e9s de 200 expositors, comptant tamb\u00e9 amb diferents entitats i associacions, i la organitzaci\u00f3 espera seguir creixent en nombre de visitants i superar els <a href=\"https:\/\/www.lafargalhospitalet.com\/20-000-visitants-japan-weekend-farga\/\" target=\"_blank\"><strong>20.000 de l\u2019any passat<\/strong>.<\/a><\/p>\n<p>El Japan Weekend torna a omplir tot el recinte firal amb activitats per a tots els gustos. Entre els punts forts hi ha concursos de Cosplay, Animesong i Karaoke: el Japan Weekend Cosplay Show, el Tokyo Games Show Cosplay Proyect i el III Japan Weekend Idol Festival, activitat de ball i interpretaci\u00f3 \u00fanicament per als cosplayers de s\u00e8ries i videojocs de tem\u00e0tica idol, que cada dia s\u00f3n m\u00e9s nombrosos. Aquest festival se celebrar\u00e0 diumenge, 12 de mar\u00e7 a les 12:30h, a l\u2019escenari \u201cB\u201d i consistir\u00e0 en una macro exhibici\u00f3 per a tots aquells i aquelles que vulguin apuntar-se i compleixin els requisits previs.<\/p>\n<p>A banda d\u2019aix\u00f2 no faltaran els tallers de dibuix, classes de japon\u00e8s, concerts, projeccions i una gran diversitat de jocs de taula per a totes les edats.<\/p>\n<p>Aix\u00ed va anar l&#8217;edici\u00f3 de 2016:<\/p>\n<p><iframe src=\"https:\/\/www.youtube.com\/embed\/0OsWfJ_5-Tg\" width=\"560\" height=\"315\" frameborder=\"0\" allowfullscreen=\"allowfullscreen\"><\/iframe><\/p>\n","protected":false},"excerpt":{"rendered":"<p>La Farga Centre d\u2019Activitats ja est\u00e0 a punt per a la celebraci\u00f3 de l\u2019onzena edici\u00f3 del Japan Weekend, esdeveniment relacionat amb el m\u00f3n de la cultura japonesa.<\/p>\n","protected":false},"author":1,"featured_media":4825,"comment_status":"closed","ping_status":"closed","sticky":false,"template":"","format":"standard","meta":{"_monsterinsights_skip_tracking":false,"_monsterinsights_sitenote_active":false,"_monsterinsights_sitenote_note":"","_monsterinsights_sitenote_category":0,"footnotes":""},"categories":[83],"tags":[],"class_list":["post-4824","post","type-post","status-publish","format-standard","has-post-thumbnail","hentry","category-noticies"],"yoast_head":"<!-- This site is optimized with the Yoast SEO plugin v27.5 - https:\/\/yoast.com\/product\/yoast-seo-wordpress\/ -->\n<title>El Japan Weekend, a punt per obrir portes - La Farga L&#039;Hospitalet Centre d&#039;Activitats. La Farga GEM, S.A.<\/title>\n<meta name=\"description\" content=\"La Farga ja est\u00e0 a punt per a la celebraci\u00f3 de l\u2019onzena edici\u00f3 del Japan Weekend, esdeveniment relacionat amb el m\u00f3n de la cultura japonesa.\" \/>\n<meta name=\"robots\" content=\"index, follow, max-snippet:-1, max-image-preview:large, max-video-preview:-1\" \/>\n<link rel=\"canonical\" href=\"https:\/\/www.lafargalhospitalet.com\/ca\/el-japan-weekend-a-punt-per-obrir-portes\/\" \/>\n<meta property=\"og:locale\" content=\"ca_ES\" \/>\n<meta property=\"og:type\" content=\"article\" \/>\n<meta property=\"og:title\" content=\"El Japan Weekend, a punt per obrir portes - La Farga L&#039;Hospitalet Centre d&#039;Activitats. La Farga GEM, S.A.\" \/>\n<meta property=\"og:description\" content=\"La Farga ja est\u00e0 a punt per a la celebraci\u00f3 de l\u2019onzena edici\u00f3 del Japan Weekend, esdeveniment relacionat amb el m\u00f3n de la cultura japonesa.\" \/>\n<meta property=\"og:url\" content=\"https:\/\/www.lafargalhospitalet.com\/ca\/el-japan-weekend-a-punt-per-obrir-portes\/\" \/>\n<meta property=\"og:site_name\" content=\"La Farga L&#039;Hospitalet Centre d&#039;Activitats. La Farga GEM, S.A.\" \/>\n<meta property=\"article:publisher\" content=\"https:\/\/www.facebook.com\/fargahospitalet\/\" \/>\n<meta property=\"article:published_time\" content=\"2017-03-09T15:54:42+00:00\" \/>\n<meta property=\"article:modified_time\" content=\"2025-11-03T17:28:53+00:00\" \/>\n<meta property=\"og:image\" content=\"https:\/\/www.lafargalhospitalet.com\/wp-content\/uploads\/2017\/03\/Japan-Weekend-2016-Farga.jpg\" \/>\n\t<meta property=\"og:image:width\" content=\"730\" \/>\n\t<meta property=\"og:image:height\" content=\"410\" \/>\n\t<meta property=\"og:image:type\" content=\"image\/jpeg\" \/>\n<meta name=\"author\" content=\"La Farga Centre d&#039;Activitats\" \/>\n<meta name=\"twitter:card\" content=\"summary_large_image\" \/>\n<meta name=\"twitter:creator\" content=\"@fargahospitalet\" \/>\n<meta name=\"twitter:site\" content=\"@fargahospitalet\" \/>\n<meta name=\"twitter:label1\" content=\"Escrit per\" \/>\n\t<meta name=\"twitter:data1\" content=\"La Farga Centre d&#039;Activitats\" \/>\n\t<meta name=\"twitter:label2\" content=\"Temps estimat de lectura\" \/>\n\t<meta name=\"twitter:data2\" content=\"2 minuts\" \/>\n<script type=\"application\/ld+json\" class=\"yoast-schema-graph\">{\"@context\":\"https:\\\/\\\/schema.org\",\"@graph\":[{\"@type\":\"Article\",\"@id\":\"https:\\\/\\\/www.lafargalhospitalet.com\\\/ca\\\/el-japan-weekend-a-punt-per-obrir-portes\\\/#article\",\"isPartOf\":{\"@id\":\"https:\\\/\\\/www.lafargalhospitalet.com\\\/ca\\\/el-japan-weekend-a-punt-per-obrir-portes\\\/\"},\"author\":{\"name\":\"La Farga Centre d'Activitats\",\"@id\":\"https:\\\/\\\/www.lafargalhospitalet.com\\\/#\\\/schema\\\/person\\\/6cbac0ef7748506b167ff859e1c7f378\"},\"headline\":\"El Japan Weekend, a punt per obrir portes\",\"datePublished\":\"2017-03-09T15:54:42+00:00\",\"dateModified\":\"2025-11-03T17:28:53+00:00\",\"mainEntityOfPage\":{\"@id\":\"https:\\\/\\\/www.lafargalhospitalet.com\\\/ca\\\/el-japan-weekend-a-punt-per-obrir-portes\\\/\"},\"wordCount\":339,\"publisher\":{\"@id\":\"https:\\\/\\\/www.lafargalhospitalet.com\\\/#organization\"},\"image\":{\"@id\":\"https:\\\/\\\/www.lafargalhospitalet.com\\\/ca\\\/el-japan-weekend-a-punt-per-obrir-portes\\\/#primaryimage\"},\"thumbnailUrl\":\"https:\\\/\\\/www.lafargalhospitalet.com\\\/wp-content\\\/uploads\\\/2017\\\/03\\\/Japan-Weekend-2016-Farga.jpg\",\"articleSection\":[\"Noticies\"],\"inLanguage\":\"ca\"},{\"@type\":\"WebPage\",\"@id\":\"https:\\\/\\\/www.lafargalhospitalet.com\\\/ca\\\/el-japan-weekend-a-punt-per-obrir-portes\\\/\",\"url\":\"https:\\\/\\\/www.lafargalhospitalet.com\\\/ca\\\/el-japan-weekend-a-punt-per-obrir-portes\\\/\",\"name\":\"El Japan Weekend, a punt per obrir portes - La Farga L&#039;Hospitalet Centre d&#039;Activitats. La Farga GEM, S.A.\",\"isPartOf\":{\"@id\":\"https:\\\/\\\/www.lafargalhospitalet.com\\\/#website\"},\"primaryImageOfPage\":{\"@id\":\"https:\\\/\\\/www.lafargalhospitalet.com\\\/ca\\\/el-japan-weekend-a-punt-per-obrir-portes\\\/#primaryimage\"},\"image\":{\"@id\":\"https:\\\/\\\/www.lafargalhospitalet.com\\\/ca\\\/el-japan-weekend-a-punt-per-obrir-portes\\\/#primaryimage\"},\"thumbnailUrl\":\"https:\\\/\\\/www.lafargalhospitalet.com\\\/wp-content\\\/uploads\\\/2017\\\/03\\\/Japan-Weekend-2016-Farga.jpg\",\"datePublished\":\"2017-03-09T15:54:42+00:00\",\"dateModified\":\"2025-11-03T17:28:53+00:00\",\"description\":\"La Farga ja est\u00e0 a punt per a la celebraci\u00f3 de l\u2019onzena edici\u00f3 del Japan Weekend, esdeveniment relacionat amb el m\u00f3n de la cultura japonesa.\",\"breadcrumb\":{\"@id\":\"https:\\\/\\\/www.lafargalhospitalet.com\\\/ca\\\/el-japan-weekend-a-punt-per-obrir-portes\\\/#breadcrumb\"},\"inLanguage\":\"ca\",\"potentialAction\":[{\"@type\":\"ReadAction\",\"target\":[\"https:\\\/\\\/www.lafargalhospitalet.com\\\/ca\\\/el-japan-weekend-a-punt-per-obrir-portes\\\/\"]}]},{\"@type\":\"ImageObject\",\"inLanguage\":\"ca\",\"@id\":\"https:\\\/\\\/www.lafargalhospitalet.com\\\/ca\\\/el-japan-weekend-a-punt-per-obrir-portes\\\/#primaryimage\",\"url\":\"https:\\\/\\\/www.lafargalhospitalet.com\\\/wp-content\\\/uploads\\\/2017\\\/03\\\/Japan-Weekend-2016-Farga.jpg\",\"contentUrl\":\"https:\\\/\\\/www.lafargalhospitalet.com\\\/wp-content\\\/uploads\\\/2017\\\/03\\\/Japan-Weekend-2016-Farga.jpg\",\"width\":730,\"height\":410,\"caption\":\"Japan Weekend\"},{\"@type\":\"BreadcrumbList\",\"@id\":\"https:\\\/\\\/www.lafargalhospitalet.com\\\/ca\\\/el-japan-weekend-a-punt-per-obrir-portes\\\/#breadcrumb\",\"itemListElement\":[{\"@type\":\"ListItem\",\"position\":1,\"name\":\"Portada\",\"item\":\"https:\\\/\\\/www.lafargalhospitalet.com\\\/\"},{\"@type\":\"ListItem\",\"position\":2,\"name\":\"El Japan Weekend, a punt per obrir portes\"}]},{\"@type\":\"WebSite\",\"@id\":\"https:\\\/\\\/www.lafargalhospitalet.com\\\/#website\",\"url\":\"https:\\\/\\\/www.lafargalhospitalet.com\\\/\",\"name\":\"La Farga L'Hospitalet Centre d'Activitats. La Farga GEM, S.A.\",\"description\":\"La Farga L&#039;Hospitalet Centre d&#039;Activitats. Gestionat per La Farga GEM, S.A. Fires i Congressos. Concerts, exposicions, reunions, filmacions, sopars de gala.\",\"publisher\":{\"@id\":\"https:\\\/\\\/www.lafargalhospitalet.com\\\/#organization\"},\"potentialAction\":[{\"@type\":\"SearchAction\",\"target\":{\"@type\":\"EntryPoint\",\"urlTemplate\":\"https:\\\/\\\/www.lafargalhospitalet.com\\\/?s={search_term_string}\"},\"query-input\":{\"@type\":\"PropertyValueSpecification\",\"valueRequired\":true,\"valueName\":\"search_term_string\"}}],\"inLanguage\":\"ca\"},{\"@type\":\"Organization\",\"@id\":\"https:\\\/\\\/www.lafargalhospitalet.com\\\/#organization\",\"name\":\"La Farga L'Hospitalet Centre d'Activitats. La Farga GEM, S.A.\",\"url\":\"https:\\\/\\\/www.lafargalhospitalet.com\\\/\",\"logo\":{\"@type\":\"ImageObject\",\"inLanguage\":\"ca\",\"@id\":\"https:\\\/\\\/www.lafargalhospitalet.com\\\/#\\\/schema\\\/logo\\\/image\\\/\",\"url\":\"https:\\\/\\\/www.lafargalhospitalet.com\\\/wp-content\\\/uploads\\\/2025\\\/10\\\/logotipo_lafarga_centre_activitats.png\",\"contentUrl\":\"https:\\\/\\\/www.lafargalhospitalet.com\\\/wp-content\\\/uploads\\\/2025\\\/10\\\/logotipo_lafarga_centre_activitats.png\",\"width\":266,\"height\":101,\"caption\":\"La Farga L'Hospitalet Centre d'Activitats. La Farga GEM, S.A.\"},\"image\":{\"@id\":\"https:\\\/\\\/www.lafargalhospitalet.com\\\/#\\\/schema\\\/logo\\\/image\\\/\"},\"sameAs\":[\"https:\\\/\\\/www.facebook.com\\\/fargahospitalet\\\/\",\"https:\\\/\\\/x.com\\\/fargahospitalet\",\"https:\\\/\\\/www.instagram.com\\\/lafargahospitalet\\\/\",\"https:\\\/\\\/www.youtube.com\\\/channel\\\/UCoLt6hen3PqGXgbLMGI3Qdw\",\"https:\\\/\\\/www.flickr.com\\\/photos\\\/lafargagemsa\\\/albums\"]},{\"@type\":\"Person\",\"@id\":\"https:\\\/\\\/www.lafargalhospitalet.com\\\/#\\\/schema\\\/person\\\/6cbac0ef7748506b167ff859e1c7f378\",\"name\":\"La Farga Centre d'Activitats\",\"sameAs\":[\"https:\\\/\\\/www.lafargalhospitalet.com\"],\"url\":\"https:\\\/\\\/www.lafargalhospitalet.com\\\/ca\\\/author\\\/far25gmin\\\/\"}]}<\/script>\n<!-- \/ Yoast SEO plugin. -->","yoast_head_json":{"title":"El Japan Weekend, a punt per obrir portes - La Farga L&#039;Hospitalet Centre d&#039;Activitats. La Farga GEM, S.A.","description":"La Farga ja est\u00e0 a punt per a la celebraci\u00f3 de l\u2019onzena edici\u00f3 del Japan Weekend, esdeveniment relacionat amb el m\u00f3n de la cultura japonesa.","robots":{"index":"index","follow":"follow","max-snippet":"max-snippet:-1","max-image-preview":"max-image-preview:large","max-video-preview":"max-video-preview:-1"},"canonical":"https:\/\/www.lafargalhospitalet.com\/ca\/el-japan-weekend-a-punt-per-obrir-portes\/","og_locale":"ca_ES","og_type":"article","og_title":"El Japan Weekend, a punt per obrir portes - La Farga L&#039;Hospitalet Centre d&#039;Activitats. La Farga GEM, S.A.","og_description":"La Farga ja est\u00e0 a punt per a la celebraci\u00f3 de l\u2019onzena edici\u00f3 del Japan Weekend, esdeveniment relacionat amb el m\u00f3n de la cultura japonesa.","og_url":"https:\/\/www.lafargalhospitalet.com\/ca\/el-japan-weekend-a-punt-per-obrir-portes\/","og_site_name":"La Farga L&#039;Hospitalet Centre d&#039;Activitats. La Farga GEM, S.A.","article_publisher":"https:\/\/www.facebook.com\/fargahospitalet\/","article_published_time":"2017-03-09T15:54:42+00:00","article_modified_time":"2025-11-03T17:28:53+00:00","og_image":[{"width":730,"height":410,"url":"https:\/\/www.lafargalhospitalet.com\/wp-content\/uploads\/2017\/03\/Japan-Weekend-2016-Farga.jpg","type":"image\/jpeg"}],"author":"La Farga Centre d'Activitats","twitter_card":"summary_large_image","twitter_creator":"@fargahospitalet","twitter_site":"@fargahospitalet","twitter_misc":{"Escrit per":"La Farga Centre d'Activitats","Temps estimat de lectura":"2 minuts"},"schema":{"@context":"https:\/\/schema.org","@graph":[{"@type":"Article","@id":"https:\/\/www.lafargalhospitalet.com\/ca\/el-japan-weekend-a-punt-per-obrir-portes\/#article","isPartOf":{"@id":"https:\/\/www.lafargalhospitalet.com\/ca\/el-japan-weekend-a-punt-per-obrir-portes\/"},"author":{"name":"La Farga Centre d'Activitats","@id":"https:\/\/www.lafargalhospitalet.com\/#\/schema\/person\/6cbac0ef7748506b167ff859e1c7f378"},"headline":"El Japan Weekend, a punt per obrir portes","datePublished":"2017-03-09T15:54:42+00:00","dateModified":"2025-11-03T17:28:53+00:00","mainEntityOfPage":{"@id":"https:\/\/www.lafargalhospitalet.com\/ca\/el-japan-weekend-a-punt-per-obrir-portes\/"},"wordCount":339,"publisher":{"@id":"https:\/\/www.lafargalhospitalet.com\/#organization"},"image":{"@id":"https:\/\/www.lafargalhospitalet.com\/ca\/el-japan-weekend-a-punt-per-obrir-portes\/#primaryimage"},"thumbnailUrl":"https:\/\/www.lafargalhospitalet.com\/wp-content\/uploads\/2017\/03\/Japan-Weekend-2016-Farga.jpg","articleSection":["Noticies"],"inLanguage":"ca"},{"@type":"WebPage","@id":"https:\/\/www.lafargalhospitalet.com\/ca\/el-japan-weekend-a-punt-per-obrir-portes\/","url":"https:\/\/www.lafargalhospitalet.com\/ca\/el-japan-weekend-a-punt-per-obrir-portes\/","name":"El Japan Weekend, a punt per obrir portes - La Farga L&#039;Hospitalet Centre d&#039;Activitats. La Farga GEM, S.A.","isPartOf":{"@id":"https:\/\/www.lafargalhospitalet.com\/#website"},"primaryImageOfPage":{"@id":"https:\/\/www.lafargalhospitalet.com\/ca\/el-japan-weekend-a-punt-per-obrir-portes\/#primaryimage"},"image":{"@id":"https:\/\/www.lafargalhospitalet.com\/ca\/el-japan-weekend-a-punt-per-obrir-portes\/#primaryimage"},"thumbnailUrl":"https:\/\/www.lafargalhospitalet.com\/wp-content\/uploads\/2017\/03\/Japan-Weekend-2016-Farga.jpg","datePublished":"2017-03-09T15:54:42+00:00","dateModified":"2025-11-03T17:28:53+00:00","description":"La Farga ja est\u00e0 a punt per a la celebraci\u00f3 de l\u2019onzena edici\u00f3 del Japan Weekend, esdeveniment relacionat amb el m\u00f3n de la cultura japonesa.","breadcrumb":{"@id":"https:\/\/www.lafargalhospitalet.com\/ca\/el-japan-weekend-a-punt-per-obrir-portes\/#breadcrumb"},"inLanguage":"ca","potentialAction":[{"@type":"ReadAction","target":["https:\/\/www.lafargalhospitalet.com\/ca\/el-japan-weekend-a-punt-per-obrir-portes\/"]}]},{"@type":"ImageObject","inLanguage":"ca","@id":"https:\/\/www.lafargalhospitalet.com\/ca\/el-japan-weekend-a-punt-per-obrir-portes\/#primaryimage","url":"https:\/\/www.lafargalhospitalet.com\/wp-content\/uploads\/2017\/03\/Japan-Weekend-2016-Farga.jpg","contentUrl":"https:\/\/www.lafargalhospitalet.com\/wp-content\/uploads\/2017\/03\/Japan-Weekend-2016-Farga.jpg","width":730,"height":410,"caption":"Japan Weekend"},{"@type":"BreadcrumbList","@id":"https:\/\/www.lafargalhospitalet.com\/ca\/el-japan-weekend-a-punt-per-obrir-portes\/#breadcrumb","itemListElement":[{"@type":"ListItem","position":1,"name":"Portada","item":"https:\/\/www.lafargalhospitalet.com\/"},{"@type":"ListItem","position":2,"name":"El Japan Weekend, a punt per obrir portes"}]},{"@type":"WebSite","@id":"https:\/\/www.lafargalhospitalet.com\/#website","url":"https:\/\/www.lafargalhospitalet.com\/","name":"La Farga L'Hospitalet Centre d'Activitats. La Farga GEM, S.A.","description":"La Farga L&#039;Hospitalet Centre d&#039;Activitats. Gestionat per La Farga GEM, S.A. Fires i Congressos. Concerts, exposicions, reunions, filmacions, sopars de gala.","publisher":{"@id":"https:\/\/www.lafargalhospitalet.com\/#organization"},"potentialAction":[{"@type":"SearchAction","target":{"@type":"EntryPoint","urlTemplate":"https:\/\/www.lafargalhospitalet.com\/?s={search_term_string}"},"query-input":{"@type":"PropertyValueSpecification","valueRequired":true,"valueName":"search_term_string"}}],"inLanguage":"ca"},{"@type":"Organization","@id":"https:\/\/www.lafargalhospitalet.com\/#organization","name":"La Farga L'Hospitalet Centre d'Activitats. La Farga GEM, S.A.","url":"https:\/\/www.lafargalhospitalet.com\/","logo":{"@type":"ImageObject","inLanguage":"ca","@id":"https:\/\/www.lafargalhospitalet.com\/#\/schema\/logo\/image\/","url":"https:\/\/www.lafargalhospitalet.com\/wp-content\/uploads\/2025\/10\/logotipo_lafarga_centre_activitats.png","contentUrl":"https:\/\/www.lafargalhospitalet.com\/wp-content\/uploads\/2025\/10\/logotipo_lafarga_centre_activitats.png","width":266,"height":101,"caption":"La Farga L'Hospitalet Centre d'Activitats. La Farga GEM, S.A."},"image":{"@id":"https:\/\/www.lafargalhospitalet.com\/#\/schema\/logo\/image\/"},"sameAs":["https:\/\/www.facebook.com\/fargahospitalet\/","https:\/\/x.com\/fargahospitalet","https:\/\/www.instagram.com\/lafargahospitalet\/","https:\/\/www.youtube.com\/channel\/UCoLt6hen3PqGXgbLMGI3Qdw","https:\/\/www.flickr.com\/photos\/lafargagemsa\/albums"]},{"@type":"Person","@id":"https:\/\/www.lafargalhospitalet.com\/#\/schema\/person\/6cbac0ef7748506b167ff859e1c7f378","name":"La Farga Centre d'Activitats","sameAs":["https:\/\/www.lafargalhospitalet.com"],"url":"https:\/\/www.lafargalhospitalet.com\/ca\/author\/far25gmin\/"}]}},"_links":{"self":[{"href":"https:\/\/www.lafargalhospitalet.com\/ca\/wp-json\/wp\/v2\/posts\/4824","targetHints":{"allow":["GET"]}}],"collection":[{"href":"https:\/\/www.lafargalhospitalet.com\/ca\/wp-json\/wp\/v2\/posts"}],"about":[{"href":"https:\/\/www.lafargalhospitalet.com\/ca\/wp-json\/wp\/v2\/types\/post"}],"author":[{"embeddable":true,"href":"https:\/\/www.lafargalhospitalet.com\/ca\/wp-json\/wp\/v2\/users\/1"}],"replies":[{"embeddable":true,"href":"https:\/\/www.lafargalhospitalet.com\/ca\/wp-json\/wp\/v2\/comments?post=4824"}],"version-history":[{"count":0,"href":"https:\/\/www.lafargalhospitalet.com\/ca\/wp-json\/wp\/v2\/posts\/4824\/revisions"}],"wp:featuredmedia":[{"embeddable":true,"href":"https:\/\/www.lafargalhospitalet.com\/ca\/wp-json\/wp\/v2\/media\/4825"}],"wp:attachment":[{"href":"https:\/\/www.lafargalhospitalet.com\/ca\/wp-json\/wp\/v2\/media?parent=4824"}],"wp:term":[{"taxonomy":"category","embeddable":true,"href":"https:\/\/www.lafargalhospitalet.com\/ca\/wp-json\/wp\/v2\/categories?post=4824"},{"taxonomy":"post_tag","embeddable":true,"href":"https:\/\/www.lafargalhospitalet.com\/ca\/wp-json\/wp\/v2\/tags?post=4824"}],"curies":[{"name":"wp","href":"https:\/\/api.w.org\/{rel}","templated":true}]}}