{"id":4869,"date":"2017-03-27T12:39:35","date_gmt":"2017-03-27T11:39:35","guid":{"rendered":"http:\/\/www.lafargalhospitalet.com\/?p=4869"},"modified":"2025-11-03T18:28:53","modified_gmt":"2025-11-03T17:28:53","slug":"rotund-exit-bbf17-farga-hospitalet","status":"publish","type":"post","link":"https:\/\/www.lafargalhospitalet.com\/ca\/rotund-exit-bbf17-farga-hospitalet\/","title":{"rendered":"Rotund \u00e8xit del BBF&#8217;17 a La Farga de L&#8217;Hospitalet"},"content":{"rendered":"<h5>32.000 visitants en la seva primera edici\u00f3 a La Farga<\/h5>\n<p>El Barcelona Beer Festival celebrat a La Farga de L&#8217;Hospitalet ha tancat la seva trobada anual amb un total de 32.000 visitants. En la seva primera edici\u00f3 a L\u2019Hospitalet, despr\u00e9s de cinc temporades a Barcelona, el festival continua la seva progressi\u00f3 ascendent.<\/p>\n<p>Respecte a la xifra d\u2019assist\u00e8ncia, el moment de m\u00e9s p\u00fablic al recinte es va registrar el passat dissabte. Pel que fa al perfil del visitant l\u2019organitzaci\u00f3 valora molt positivament l\u2019apropament cada vegada m\u00e9s evident de p\u00fablic ne\u00f2fit tot mantenint l\u2019especialitzat. La cultura cervesera progressa a bon ritme i segueix la mateixa tend\u00e8ncia ascendent a la d\u2019altres pa\u00efsos que han iniciat abans l\u2019explosi\u00f3 de la cervesa artesana.<\/p>\n<p>L&#8217;organitzaci\u00f3 del BBF tamb\u00e9 s&#8217;ha mostrat molt satifesta del seu primer any a La Farga destacant la confortabilitat pels assistents, facilitats log\u00edstiques pel professionals acreditats i finalment flu\u00efdesa en l\u2019entrada, evitant les llargues cues d\u2019altres edicions. Els responsables del festival han lloat les facilitats rebudes per part dels responsables del recinte en l\u2019adaptaci\u00f3 de les necessitats del BBF i han confirmat la continu\u00eftat de cara a la propera edici\u00f3.<\/p>\n<h5>BBF participa del creixement de la Cervesa Artesana<\/h5>\n<p>L\u2019\u00c0rea Professional del BBF 2017 amb 30 expositors vinculats a la ind\u00fastria cervesera certifiquen l\u2019increment d\u2019empreses per mostrar les darreres novetats en tecnologia aplicada a la ind\u00fastria del sector. Es confirma aix\u00ed la capa\u00e7itat del BBF per generar vincles a nivell estatal i internacional. Aquest any ha rebut elogis pel seu dinamisme, comoditat, flu\u00efdesa de networking, especialitzaci\u00f3 i disgregaci\u00f3 respecte als espais m\u00e9s l\u00fadics del Festival. Les Jornades T\u00e8cniques que han tingut lloc els tres dies van ser inaugurades per Oriol Anson, Director General de Desenvolupament Rural del Departament d\u2019Agricultura, Ramaderia, Pesca i Alimentaci\u00f3, i va avan\u00e7ar en prim\u00edcia el reconeixement de l\u2019ofici de cerveser com a activitat artesanal.<\/p>\n<p>Pel que fa a les activitats, el BBF assoleix la xifra del 90% d\u2019assist\u00e8ncia del total de les entrades posades a la venda. Els quatre espais dedicats a la difusi\u00f3 especialitzada de la ind\u00fastria i cultura cervesera han acollit show cookings de maridatges, cates rotat\u00f2ries, presentacions, exposicions i taules rodones, fent visible la vessant m\u00e9s t\u00e8cnica i especialitzada del sector.<\/p>\n<p>Per l\u2019espai MTB <em>(Meet The Brewer)<\/em> han passat 25 cerveseres d\u2019arreu d\u2019Europa per donar a con\u00e8ixer les seves creacions. R\u00fassia s\u2019incorpora com a nou pa\u00eds de mercat emergent que pot generar nous vincles tant amb el festival com amb professionals del sector del pa\u00eds i s\u2019ha oficialitzat la pres\u00e8ncia del BBF al <em>Moscow Beer Fest<\/em> l\u2019ultim cap de setmana de maig d\u2019aquest any.<\/p>\n<p>L\u2019agermanament del BBF amb festivals i associacions internacionals queden consolidats a trav\u00e9s dels vincles iniciats en altres edicions. \u00c9s el cas del Bieres et Saveurs de Chambly (Quebec), un dels punts de trobada de cervesa artesana m\u00e9s importants del m\u00f3n; la Brewers Association (EUA) o Fermento Sardo (Sardenya).<\/p>\n<h5>2a edici\u00f3 del Barcelona Beer Challenge<\/h5>\n<p>Durant el festival s\u2019ha celebrat l\u2019acte d\u2019entrega dels premis de la 2\u00aa edici\u00f3 del Barcelona Beer Challenge. Founders Brewing Co. d\u2019EUA ha estat la guanyadora i m\u00e9s ben valorada per haver acumulat m\u00e9s puntuaci\u00f3 a les categories que es presentava entre les prop de 200 cerveseres seleccionades i les 756 refer\u00e8ncies rebudes. El primer i m\u00e9s important concurs de cerveses artesanes amb jurat professional d&#8217;Espanya ha tingut la pres\u00e8ncia d\u2019uns 300 professionals representants de les cerveseres candidates a ser premiades. Com a novetat, aquesta edici\u00f3, tamb\u00e9 presentava el premi a la millor cervesera novel, que ha anat a parar a la cervesera Navarra, Brew &amp; Roll, creada al gener de 2015. Les cerveses catalanes han aconseguit 34 premis (10 ors, 9 plates i 15 bronzes).<\/p>\n<h5>Gastronomia<\/h5>\n<p>El #BBF17 segueix prioritzant la seva vessant gastron\u00f2mica, per aix\u00f2 es cuida l&#8217;oferta culin\u00e0ria a partir del seu \u00f2ptim maridatge i de la filosofia de l&#8217;establiment convidat en quant a la protecci\u00f3 dels productors i la bona praxi. A les signatures ja reincidents i valorades com les de Mosquito, Kike Ojanguren amb el seu Ast\u00faries-Pa\u00eds de Quesos o Chivuo\u2019s, s&#8217;han unit en aquesta edici\u00f3 els mestres baristas N\u00f8mad Coffee i una selecci\u00f3 de plats locals emparats sota el segell de l&#8217;Associaci\u00f3 de Gastronomia i Turisme del Baix Llobregat (Cuarta 2.0, Gastroburger, AGT-Establiment Planes).<\/p>\n<p>Precisament aquests \u00faltims han sigut responsables de la final de Quinto Tapa, certamen que explora les millors propostes de barra de diferents poblacions durant setmanes per tot el territori; sent la croqueta l\u00edquida de cal\u00e7ots i potablava de l&#8217;Hotel Fira la guanyadora. Dins de les activitats, un any m\u00e9s s&#8217;ha comptat amb l&#8217;experi\u00e8ncia i vocaci\u00f3 del Rac\u00f3 d\u2019en Cesc, restaurant de Barcelona avocat en la versatilitat que brinda la cervesa; a m\u00e9s, han sorpr\u00e8s a l&#8217;audi\u00e8ncia amb la seva \u00faltima creaci\u00f3 a partir de plancton, que harmonitza a la perfecci\u00f3 amb les partides de mar.<\/p>\n","protected":false},"excerpt":{"rendered":"<p>El Barcelona Beer Festival celebrat a La Farga de L&#8217;Hospitalet ha tancat la seva trobada anual amb un total de 32.000 visitants.<\/p>\n","protected":false},"author":1,"featured_media":4911,"comment_status":"closed","ping_status":"closed","sticky":false,"template":"","format":"standard","meta":{"_monsterinsights_skip_tracking":false,"_monsterinsights_sitenote_active":false,"_monsterinsights_sitenote_note":"","_monsterinsights_sitenote_category":0,"footnotes":""},"categories":[83],"tags":[],"class_list":["post-4869","post","type-post","status-publish","format-standard","has-post-thumbnail","hentry","category-noticies"],"yoast_head":"<!-- This site is optimized with the Yoast SEO plugin v27.5 - https:\/\/yoast.com\/product\/yoast-seo-wordpress\/ -->\n<title>Rotund \u00e8xit del BBF&#039;17 a La Farga de L&#039;Hospitalet - La Farga L&#039;Hospitalet Centre d&#039;Activitats. La Farga GEM, S.A.<\/title>\n<meta name=\"description\" content=\"Rotund \u00e8xit del Barcelona Beer Festival celebrat a La Farga de L&#039;Hospitalet ha tancat la seva trobada anual amb un total de 32.000 visitants.\" \/>\n<meta name=\"robots\" content=\"index, follow, max-snippet:-1, max-image-preview:large, max-video-preview:-1\" \/>\n<link rel=\"canonical\" href=\"https:\/\/www.lafargalhospitalet.com\/ca\/rotund-exit-bbf17-farga-hospitalet\/\" \/>\n<meta property=\"og:locale\" content=\"ca_ES\" \/>\n<meta property=\"og:type\" content=\"article\" \/>\n<meta property=\"og:title\" content=\"Rotund \u00e8xit del BBF&#039;17 a La Farga de L&#039;Hospitalet - La Farga L&#039;Hospitalet Centre d&#039;Activitats. La Farga GEM, S.A.\" \/>\n<meta property=\"og:description\" content=\"Rotund \u00e8xit del Barcelona Beer Festival celebrat a La Farga de L&#039;Hospitalet ha tancat la seva trobada anual amb un total de 32.000 visitants.\" \/>\n<meta property=\"og:url\" content=\"https:\/\/www.lafargalhospitalet.com\/ca\/rotund-exit-bbf17-farga-hospitalet\/\" \/>\n<meta property=\"og:site_name\" content=\"La Farga L&#039;Hospitalet Centre d&#039;Activitats. La Farga GEM, S.A.\" \/>\n<meta property=\"article:publisher\" content=\"https:\/\/www.facebook.com\/fargahospitalet\/\" \/>\n<meta property=\"article:published_time\" content=\"2017-03-27T11:39:35+00:00\" \/>\n<meta property=\"article:modified_time\" content=\"2025-11-03T17:28:53+00:00\" \/>\n<meta property=\"og:image\" content=\"https:\/\/www.lafargalhospitalet.com\/wp-content\/uploads\/2017\/03\/BBF-Rotund-Exit.jpg\" \/>\n\t<meta property=\"og:image:width\" content=\"730\" \/>\n\t<meta property=\"og:image:height\" content=\"410\" \/>\n\t<meta property=\"og:image:type\" content=\"image\/jpeg\" \/>\n<meta name=\"author\" content=\"La Farga Centre d&#039;Activitats\" \/>\n<meta name=\"twitter:card\" content=\"summary_large_image\" \/>\n<meta name=\"twitter:creator\" content=\"@fargahospitalet\" \/>\n<meta name=\"twitter:site\" content=\"@fargahospitalet\" \/>\n<meta name=\"twitter:label1\" content=\"Escrit per\" \/>\n\t<meta name=\"twitter:data1\" content=\"La Farga Centre d&#039;Activitats\" \/>\n\t<meta name=\"twitter:label2\" content=\"Temps estimat de lectura\" \/>\n\t<meta name=\"twitter:data2\" content=\"4 minuts\" \/>\n<script type=\"application\/ld+json\" class=\"yoast-schema-graph\">{\"@context\":\"https:\\\/\\\/schema.org\",\"@graph\":[{\"@type\":\"Article\",\"@id\":\"https:\\\/\\\/www.lafargalhospitalet.com\\\/ca\\\/rotund-exit-bbf17-farga-hospitalet\\\/#article\",\"isPartOf\":{\"@id\":\"https:\\\/\\\/www.lafargalhospitalet.com\\\/ca\\\/rotund-exit-bbf17-farga-hospitalet\\\/\"},\"author\":{\"name\":\"La Farga Centre d'Activitats\",\"@id\":\"https:\\\/\\\/www.lafargalhospitalet.com\\\/#\\\/schema\\\/person\\\/6cbac0ef7748506b167ff859e1c7f378\"},\"headline\":\"Rotund \u00e8xit del BBF&#8217;17 a La Farga de L&#8217;Hospitalet\",\"datePublished\":\"2017-03-27T11:39:35+00:00\",\"dateModified\":\"2025-11-03T17:28:53+00:00\",\"mainEntityOfPage\":{\"@id\":\"https:\\\/\\\/www.lafargalhospitalet.com\\\/ca\\\/rotund-exit-bbf17-farga-hospitalet\\\/\"},\"wordCount\":883,\"publisher\":{\"@id\":\"https:\\\/\\\/www.lafargalhospitalet.com\\\/#organization\"},\"image\":{\"@id\":\"https:\\\/\\\/www.lafargalhospitalet.com\\\/ca\\\/rotund-exit-bbf17-farga-hospitalet\\\/#primaryimage\"},\"thumbnailUrl\":\"https:\\\/\\\/www.lafargalhospitalet.com\\\/wp-content\\\/uploads\\\/2017\\\/03\\\/BBF-Rotund-Exit.jpg\",\"articleSection\":[\"Noticies\"],\"inLanguage\":\"ca\"},{\"@type\":\"WebPage\",\"@id\":\"https:\\\/\\\/www.lafargalhospitalet.com\\\/ca\\\/rotund-exit-bbf17-farga-hospitalet\\\/\",\"url\":\"https:\\\/\\\/www.lafargalhospitalet.com\\\/ca\\\/rotund-exit-bbf17-farga-hospitalet\\\/\",\"name\":\"Rotund \u00e8xit del BBF'17 a La Farga de L'Hospitalet - La Farga L&#039;Hospitalet Centre d&#039;Activitats. La Farga GEM, S.A.\",\"isPartOf\":{\"@id\":\"https:\\\/\\\/www.lafargalhospitalet.com\\\/#website\"},\"primaryImageOfPage\":{\"@id\":\"https:\\\/\\\/www.lafargalhospitalet.com\\\/ca\\\/rotund-exit-bbf17-farga-hospitalet\\\/#primaryimage\"},\"image\":{\"@id\":\"https:\\\/\\\/www.lafargalhospitalet.com\\\/ca\\\/rotund-exit-bbf17-farga-hospitalet\\\/#primaryimage\"},\"thumbnailUrl\":\"https:\\\/\\\/www.lafargalhospitalet.com\\\/wp-content\\\/uploads\\\/2017\\\/03\\\/BBF-Rotund-Exit.jpg\",\"datePublished\":\"2017-03-27T11:39:35+00:00\",\"dateModified\":\"2025-11-03T17:28:53+00:00\",\"description\":\"Rotund \u00e8xit del Barcelona Beer Festival celebrat a La Farga de L'Hospitalet ha tancat la seva trobada anual amb un total de 32.000 visitants.\",\"breadcrumb\":{\"@id\":\"https:\\\/\\\/www.lafargalhospitalet.com\\\/ca\\\/rotund-exit-bbf17-farga-hospitalet\\\/#breadcrumb\"},\"inLanguage\":\"ca\",\"potentialAction\":[{\"@type\":\"ReadAction\",\"target\":[\"https:\\\/\\\/www.lafargalhospitalet.com\\\/ca\\\/rotund-exit-bbf17-farga-hospitalet\\\/\"]}]},{\"@type\":\"ImageObject\",\"inLanguage\":\"ca\",\"@id\":\"https:\\\/\\\/www.lafargalhospitalet.com\\\/ca\\\/rotund-exit-bbf17-farga-hospitalet\\\/#primaryimage\",\"url\":\"https:\\\/\\\/www.lafargalhospitalet.com\\\/wp-content\\\/uploads\\\/2017\\\/03\\\/BBF-Rotund-Exit.jpg\",\"contentUrl\":\"https:\\\/\\\/www.lafargalhospitalet.com\\\/wp-content\\\/uploads\\\/2017\\\/03\\\/BBF-Rotund-Exit.jpg\",\"width\":730,\"height\":410,\"caption\":\"Rotund Exit Farga\"},{\"@type\":\"BreadcrumbList\",\"@id\":\"https:\\\/\\\/www.lafargalhospitalet.com\\\/ca\\\/rotund-exit-bbf17-farga-hospitalet\\\/#breadcrumb\",\"itemListElement\":[{\"@type\":\"ListItem\",\"position\":1,\"name\":\"Portada\",\"item\":\"https:\\\/\\\/www.lafargalhospitalet.com\\\/\"},{\"@type\":\"ListItem\",\"position\":2,\"name\":\"Rotund \u00e8xit del BBF&#8217;17 a La Farga de L&#8217;Hospitalet\"}]},{\"@type\":\"WebSite\",\"@id\":\"https:\\\/\\\/www.lafargalhospitalet.com\\\/#website\",\"url\":\"https:\\\/\\\/www.lafargalhospitalet.com\\\/\",\"name\":\"La Farga L'Hospitalet Centre d'Activitats. La Farga GEM, S.A.\",\"description\":\"La Farga L&#039;Hospitalet Centre d&#039;Activitats. Gestionat per La Farga GEM, S.A. Fires i Congressos. Concerts, exposicions, reunions, filmacions, sopars de gala.\",\"publisher\":{\"@id\":\"https:\\\/\\\/www.lafargalhospitalet.com\\\/#organization\"},\"potentialAction\":[{\"@type\":\"SearchAction\",\"target\":{\"@type\":\"EntryPoint\",\"urlTemplate\":\"https:\\\/\\\/www.lafargalhospitalet.com\\\/?s={search_term_string}\"},\"query-input\":{\"@type\":\"PropertyValueSpecification\",\"valueRequired\":true,\"valueName\":\"search_term_string\"}}],\"inLanguage\":\"ca\"},{\"@type\":\"Organization\",\"@id\":\"https:\\\/\\\/www.lafargalhospitalet.com\\\/#organization\",\"name\":\"La Farga L'Hospitalet Centre d'Activitats. La Farga GEM, S.A.\",\"url\":\"https:\\\/\\\/www.lafargalhospitalet.com\\\/\",\"logo\":{\"@type\":\"ImageObject\",\"inLanguage\":\"ca\",\"@id\":\"https:\\\/\\\/www.lafargalhospitalet.com\\\/#\\\/schema\\\/logo\\\/image\\\/\",\"url\":\"https:\\\/\\\/www.lafargalhospitalet.com\\\/wp-content\\\/uploads\\\/2025\\\/10\\\/logotipo_lafarga_centre_activitats.png\",\"contentUrl\":\"https:\\\/\\\/www.lafargalhospitalet.com\\\/wp-content\\\/uploads\\\/2025\\\/10\\\/logotipo_lafarga_centre_activitats.png\",\"width\":266,\"height\":101,\"caption\":\"La Farga L'Hospitalet Centre d'Activitats. La Farga GEM, S.A.\"},\"image\":{\"@id\":\"https:\\\/\\\/www.lafargalhospitalet.com\\\/#\\\/schema\\\/logo\\\/image\\\/\"},\"sameAs\":[\"https:\\\/\\\/www.facebook.com\\\/fargahospitalet\\\/\",\"https:\\\/\\\/x.com\\\/fargahospitalet\",\"https:\\\/\\\/www.instagram.com\\\/lafargahospitalet\\\/\",\"https:\\\/\\\/www.youtube.com\\\/channel\\\/UCoLt6hen3PqGXgbLMGI3Qdw\",\"https:\\\/\\\/www.flickr.com\\\/photos\\\/lafargagemsa\\\/albums\"]},{\"@type\":\"Person\",\"@id\":\"https:\\\/\\\/www.lafargalhospitalet.com\\\/#\\\/schema\\\/person\\\/6cbac0ef7748506b167ff859e1c7f378\",\"name\":\"La Farga Centre d'Activitats\",\"sameAs\":[\"https:\\\/\\\/www.lafargalhospitalet.com\"],\"url\":\"https:\\\/\\\/www.lafargalhospitalet.com\\\/ca\\\/author\\\/far25gmin\\\/\"}]}<\/script>\n<!-- \/ Yoast SEO plugin. -->","yoast_head_json":{"title":"Rotund \u00e8xit del BBF'17 a La Farga de L'Hospitalet - La Farga L&#039;Hospitalet Centre d&#039;Activitats. La Farga GEM, S.A.","description":"Rotund \u00e8xit del Barcelona Beer Festival celebrat a La Farga de L'Hospitalet ha tancat la seva trobada anual amb un total de 32.000 visitants.","robots":{"index":"index","follow":"follow","max-snippet":"max-snippet:-1","max-image-preview":"max-image-preview:large","max-video-preview":"max-video-preview:-1"},"canonical":"https:\/\/www.lafargalhospitalet.com\/ca\/rotund-exit-bbf17-farga-hospitalet\/","og_locale":"ca_ES","og_type":"article","og_title":"Rotund \u00e8xit del BBF'17 a La Farga de L'Hospitalet - La Farga L&#039;Hospitalet Centre d&#039;Activitats. La Farga GEM, S.A.","og_description":"Rotund \u00e8xit del Barcelona Beer Festival celebrat a La Farga de L'Hospitalet ha tancat la seva trobada anual amb un total de 32.000 visitants.","og_url":"https:\/\/www.lafargalhospitalet.com\/ca\/rotund-exit-bbf17-farga-hospitalet\/","og_site_name":"La Farga L&#039;Hospitalet Centre d&#039;Activitats. La Farga GEM, S.A.","article_publisher":"https:\/\/www.facebook.com\/fargahospitalet\/","article_published_time":"2017-03-27T11:39:35+00:00","article_modified_time":"2025-11-03T17:28:53+00:00","og_image":[{"width":730,"height":410,"url":"https:\/\/www.lafargalhospitalet.com\/wp-content\/uploads\/2017\/03\/BBF-Rotund-Exit.jpg","type":"image\/jpeg"}],"author":"La Farga Centre d'Activitats","twitter_card":"summary_large_image","twitter_creator":"@fargahospitalet","twitter_site":"@fargahospitalet","twitter_misc":{"Escrit per":"La Farga Centre d'Activitats","Temps estimat de lectura":"4 minuts"},"schema":{"@context":"https:\/\/schema.org","@graph":[{"@type":"Article","@id":"https:\/\/www.lafargalhospitalet.com\/ca\/rotund-exit-bbf17-farga-hospitalet\/#article","isPartOf":{"@id":"https:\/\/www.lafargalhospitalet.com\/ca\/rotund-exit-bbf17-farga-hospitalet\/"},"author":{"name":"La Farga Centre d'Activitats","@id":"https:\/\/www.lafargalhospitalet.com\/#\/schema\/person\/6cbac0ef7748506b167ff859e1c7f378"},"headline":"Rotund \u00e8xit del BBF&#8217;17 a La Farga de L&#8217;Hospitalet","datePublished":"2017-03-27T11:39:35+00:00","dateModified":"2025-11-03T17:28:53+00:00","mainEntityOfPage":{"@id":"https:\/\/www.lafargalhospitalet.com\/ca\/rotund-exit-bbf17-farga-hospitalet\/"},"wordCount":883,"publisher":{"@id":"https:\/\/www.lafargalhospitalet.com\/#organization"},"image":{"@id":"https:\/\/www.lafargalhospitalet.com\/ca\/rotund-exit-bbf17-farga-hospitalet\/#primaryimage"},"thumbnailUrl":"https:\/\/www.lafargalhospitalet.com\/wp-content\/uploads\/2017\/03\/BBF-Rotund-Exit.jpg","articleSection":["Noticies"],"inLanguage":"ca"},{"@type":"WebPage","@id":"https:\/\/www.lafargalhospitalet.com\/ca\/rotund-exit-bbf17-farga-hospitalet\/","url":"https:\/\/www.lafargalhospitalet.com\/ca\/rotund-exit-bbf17-farga-hospitalet\/","name":"Rotund \u00e8xit del BBF'17 a La Farga de L'Hospitalet - La Farga L&#039;Hospitalet Centre d&#039;Activitats. La Farga GEM, S.A.","isPartOf":{"@id":"https:\/\/www.lafargalhospitalet.com\/#website"},"primaryImageOfPage":{"@id":"https:\/\/www.lafargalhospitalet.com\/ca\/rotund-exit-bbf17-farga-hospitalet\/#primaryimage"},"image":{"@id":"https:\/\/www.lafargalhospitalet.com\/ca\/rotund-exit-bbf17-farga-hospitalet\/#primaryimage"},"thumbnailUrl":"https:\/\/www.lafargalhospitalet.com\/wp-content\/uploads\/2017\/03\/BBF-Rotund-Exit.jpg","datePublished":"2017-03-27T11:39:35+00:00","dateModified":"2025-11-03T17:28:53+00:00","description":"Rotund \u00e8xit del Barcelona Beer Festival celebrat a La Farga de L'Hospitalet ha tancat la seva trobada anual amb un total de 32.000 visitants.","breadcrumb":{"@id":"https:\/\/www.lafargalhospitalet.com\/ca\/rotund-exit-bbf17-farga-hospitalet\/#breadcrumb"},"inLanguage":"ca","potentialAction":[{"@type":"ReadAction","target":["https:\/\/www.lafargalhospitalet.com\/ca\/rotund-exit-bbf17-farga-hospitalet\/"]}]},{"@type":"ImageObject","inLanguage":"ca","@id":"https:\/\/www.lafargalhospitalet.com\/ca\/rotund-exit-bbf17-farga-hospitalet\/#primaryimage","url":"https:\/\/www.lafargalhospitalet.com\/wp-content\/uploads\/2017\/03\/BBF-Rotund-Exit.jpg","contentUrl":"https:\/\/www.lafargalhospitalet.com\/wp-content\/uploads\/2017\/03\/BBF-Rotund-Exit.jpg","width":730,"height":410,"caption":"Rotund Exit Farga"},{"@type":"BreadcrumbList","@id":"https:\/\/www.lafargalhospitalet.com\/ca\/rotund-exit-bbf17-farga-hospitalet\/#breadcrumb","itemListElement":[{"@type":"ListItem","position":1,"name":"Portada","item":"https:\/\/www.lafargalhospitalet.com\/"},{"@type":"ListItem","position":2,"name":"Rotund \u00e8xit del BBF&#8217;17 a La Farga de L&#8217;Hospitalet"}]},{"@type":"WebSite","@id":"https:\/\/www.lafargalhospitalet.com\/#website","url":"https:\/\/www.lafargalhospitalet.com\/","name":"La Farga L'Hospitalet Centre d'Activitats. La Farga GEM, S.A.","description":"La Farga L&#039;Hospitalet Centre d&#039;Activitats. Gestionat per La Farga GEM, S.A. Fires i Congressos. Concerts, exposicions, reunions, filmacions, sopars de gala.","publisher":{"@id":"https:\/\/www.lafargalhospitalet.com\/#organization"},"potentialAction":[{"@type":"SearchAction","target":{"@type":"EntryPoint","urlTemplate":"https:\/\/www.lafargalhospitalet.com\/?s={search_term_string}"},"query-input":{"@type":"PropertyValueSpecification","valueRequired":true,"valueName":"search_term_string"}}],"inLanguage":"ca"},{"@type":"Organization","@id":"https:\/\/www.lafargalhospitalet.com\/#organization","name":"La Farga L'Hospitalet Centre d'Activitats. La Farga GEM, S.A.","url":"https:\/\/www.lafargalhospitalet.com\/","logo":{"@type":"ImageObject","inLanguage":"ca","@id":"https:\/\/www.lafargalhospitalet.com\/#\/schema\/logo\/image\/","url":"https:\/\/www.lafargalhospitalet.com\/wp-content\/uploads\/2025\/10\/logotipo_lafarga_centre_activitats.png","contentUrl":"https:\/\/www.lafargalhospitalet.com\/wp-content\/uploads\/2025\/10\/logotipo_lafarga_centre_activitats.png","width":266,"height":101,"caption":"La Farga L'Hospitalet Centre d'Activitats. La Farga GEM, S.A."},"image":{"@id":"https:\/\/www.lafargalhospitalet.com\/#\/schema\/logo\/image\/"},"sameAs":["https:\/\/www.facebook.com\/fargahospitalet\/","https:\/\/x.com\/fargahospitalet","https:\/\/www.instagram.com\/lafargahospitalet\/","https:\/\/www.youtube.com\/channel\/UCoLt6hen3PqGXgbLMGI3Qdw","https:\/\/www.flickr.com\/photos\/lafargagemsa\/albums"]},{"@type":"Person","@id":"https:\/\/www.lafargalhospitalet.com\/#\/schema\/person\/6cbac0ef7748506b167ff859e1c7f378","name":"La Farga Centre d'Activitats","sameAs":["https:\/\/www.lafargalhospitalet.com"],"url":"https:\/\/www.lafargalhospitalet.com\/ca\/author\/far25gmin\/"}]}},"_links":{"self":[{"href":"https:\/\/www.lafargalhospitalet.com\/ca\/wp-json\/wp\/v2\/posts\/4869","targetHints":{"allow":["GET"]}}],"collection":[{"href":"https:\/\/www.lafargalhospitalet.com\/ca\/wp-json\/wp\/v2\/posts"}],"about":[{"href":"https:\/\/www.lafargalhospitalet.com\/ca\/wp-json\/wp\/v2\/types\/post"}],"author":[{"embeddable":true,"href":"https:\/\/www.lafargalhospitalet.com\/ca\/wp-json\/wp\/v2\/users\/1"}],"replies":[{"embeddable":true,"href":"https:\/\/www.lafargalhospitalet.com\/ca\/wp-json\/wp\/v2\/comments?post=4869"}],"version-history":[{"count":0,"href":"https:\/\/www.lafargalhospitalet.com\/ca\/wp-json\/wp\/v2\/posts\/4869\/revisions"}],"wp:featuredmedia":[{"embeddable":true,"href":"https:\/\/www.lafargalhospitalet.com\/ca\/wp-json\/wp\/v2\/media\/4911"}],"wp:attachment":[{"href":"https:\/\/www.lafargalhospitalet.com\/ca\/wp-json\/wp\/v2\/media?parent=4869"}],"wp:term":[{"taxonomy":"category","embeddable":true,"href":"https:\/\/www.lafargalhospitalet.com\/ca\/wp-json\/wp\/v2\/categories?post=4869"},{"taxonomy":"post_tag","embeddable":true,"href":"https:\/\/www.lafargalhospitalet.com\/ca\/wp-json\/wp\/v2\/tags?post=4869"}],"curies":[{"name":"wp","href":"https:\/\/api.w.org\/{rel}","templated":true}]}}