{"id":4904,"date":"2017-04-06T11:48:27","date_gmt":"2017-04-06T10:48:27","guid":{"rendered":"http:\/\/www.lafargalhospitalet.com\/?p=4904"},"modified":"2025-11-03T18:28:53","modified_gmt":"2025-11-03T17:28:53","slug":"farga-acull-150000-visitants-primer-trimestre","status":"publish","type":"post","link":"https:\/\/www.lafargalhospitalet.com\/ca\/farga-acull-150000-visitants-primer-trimestre\/","title":{"rendered":"La Farga acull prop de 150.000 visitants durant el primer trimestre"},"content":{"rendered":"<h5>Bones xifres per comen\u00e7ar el 2017<\/h5>\n<p>La Farga Centre d\u2019Activitats ha tancat el primer trimestre de l\u2019any amb unes bones xifres tant d\u2019esdeveniments organitzats al recinte com de visitants, atrets per les nombroses activitats professionals, culturals, musicals i de lleure que s\u2019hi han celebrat a les seves instal\u00b7lacions.<\/p>\n<p>En els tres primers mesos de l\u2019any un total de 145.500 persones han passat per La Farga des del Kaliu Park, Espai L\u00fadic de Nadal de L\u2019Hospitalet, instal\u00b7lat tot el desembre i la primera part de gener, com fins el Barcelona Beer Festival, que per primer vegada s\u2019ha celebrat a L\u2019Hospitalet. En total han estat 350.000 m2 els que s\u2019han ocupat de gener a mar\u00e7, <em>\u201cfet que consolida La Farga\u201d,\u00a0<\/em>en paraules del seu president i tinent d\u2019alcaldia de l\u2019Ajuntament, Jos\u00e9 M. Garc\u00eda Mompel, <em>\u201ccom un espai multidisciplinari i de refer\u00e8ncia en l\u2019organitzaci\u00f3 d\u2019esdeveniments, congressos, salons i fires a l\u2019\u00e0rea metropolitana i a Catalunya\u201d<\/em>.<\/p>\n<p>El mes de gener els darrers dies de <a href=\"https:\/\/www.lafargalhospitalet.com\/kaliu-park-tanca-230000-visitants\/\" target=\"_blank\"><strong>Kaliu Park<\/strong><\/a>, encara amb vacances escolars van aplegar 42.000 persones, p\u00fablic molt familiar procedent de diferents localitats del Baix Llobregat i \u00c0rea Metropolitana. Per segon any, La Farga ha estat escenari per les festes de Nadal de diferents activitats com la famosa pista de gel i el tobogan gegant i m\u00faltiples activitats dirigides als m\u00e9s petits.<\/p>\n<p>En el mes de gener tamb\u00e9 ha destacat la segona edici\u00f3 del <a href=\"https:\/\/www.lafargalhospitalet.com\/exit-salo-cinema-series-amb-26500-visitants\/\" target=\"_blank\"><strong>Sal\u00f3 del Cinema i les S\u00e8ries<\/strong><\/a>, certamen nascut i propulsat per La Farga i CinemaWorld, i que ha crescut fins a un total de 26.500 visitants.<\/p>\n<h5>Cl\u00e0ssics el mes de febrer<\/h5>\n<p>Al febrer, i amb car\u00e0cter bianual, La Farga acull <a href=\"https:\/\/www.lafargalhospitalet.com\/5500-visitants-salo-mes-internacional\/\" target=\"_blank\"><strong>Expos\u00f3lidos<\/strong><\/a>, Sal\u00f3 Internacional de la Tecnologia i Processament de S\u00f2lids, un certamen professional que ha rebut 5.500 professionals, interessats en un sal\u00f3 de qualitat que aposta per l\u2019economia i la innovaci\u00f3 en la ind\u00fastria. Les celebracions del <a href=\"https:\/\/www.lafargalhospitalet.com\/farga-testimoni-30-anys-cultura-andalusa\/\" target=\"_blank\"><strong>Dia d\u2019Andalusia<\/strong><\/a> a L\u2019Hospitalet tamb\u00e9 s\u00f3n al febrer, sent la d\u2019enguany la conmemoraci\u00f3 del 30\u00e8 aniversari. 18.500 persones van gaudir de la tradici\u00f3 i de la m\u00fasica amb el Festival d\u2019Entitats i el m\u00edtic Festival Radiol\u00e9. En aquest mes de febrer 15 centres escolars de la ciutat, amb 450 noies i noies, tamb\u00e9 han passat pel <a href=\"https:\/\/www.lafargalhospitalet.com\/parc-infantil-transit-torna-farga\/\" target=\"_blank\"><strong>Parc Infantil de Tr\u00e0nsit<\/strong><\/a> que organitza la Gu\u00e0rdia Urbana de L\u2019Hospitalet, a La Farga.<\/p>\n<h5>Al mar\u00e7 activitat fren\u00e8tica<\/h5>\n<p>El mes de mar\u00e7 ha estat el de m\u00e9s activitat al recinte amb la celebraci\u00f3 de tres grans salons com s\u00f3n RetroMoto Barcelona, Japan Weekend i Barcelona Beer Festival.<\/p>\n<p><a href=\"https:\/\/www.lafargalhospitalet.com\/retromoto-millora-forma-notable\/\" target=\"_blank\"><strong>RetroMoto Barcelona<\/strong><\/a> ha escollit per segona vegada les instal\u00b7lacions de La Farga de L\u2019Hospitalet millorant en assist\u00e8ncia de p\u00fablic amb 16.000 visitants. El <a href=\"https:\/\/www.lafargalhospitalet.com\/el-japan-weekend-supera-xifres\/\" target=\"_blank\"><strong>Japan Weekend<\/strong><\/a>, esdeveniment molt lligat a La Farga, segueix amb el seu creixement exponencial i enguany han passat 23.000 persones per viure i veure el m\u00e9s especial de la cultura japonesa. El darrer cap de setmana de mar\u00e7 estava reservat per al <a href=\"https:\/\/www.lafargalhospitalet.com\/rotund-exit-bbf17-farga-hospitalet\/\" target=\"_blank\"><strong>Barcelona Beer Festival<\/strong><\/a>, certamen que per primera vegada s\u2019ha fet a la ciutat, i que no ha decebut a ning\u00fa. 32.000 persones han assistit a aquest esdeveniment per tastar les m\u00e9s de 500 cerveses artesanes d\u2019arreu del m\u00f3n.<\/p>\n<p>Tamb\u00e9 s\u2019han acollit diferents sessions d\u2019ex\u00e0mens que organitza el Departament de Territori i Sostenibilitat de la Generalitat, destinats al sector del transport, com diferents convocat\u00f2ries de l\u2019Ajuntament de L\u2019Hospitalet. Durant aquest trimestre tamb\u00e9 s\u2019ha celebrat, en espais de diferents usos del recinte, l\u2019Assemblea Local de l\u2019UGT de L\u2019Hospitalet, un acte pol\u00edtic de la formaci\u00f3 \u2018Un Pa\u00eds en Com\u00fa\u2019, i les i les classes de patinatge, tots els dimarts i dimecres feiners, a c\u00e0rrec de l\u2019Escola Oficial de Patinatge Inline.<\/p>\n<h5>L&#8217;activitat continua<\/h5>\n<p>En les properes setmanes l\u2019activitat no s\u2019atura a La Farga amb la celebraci\u00f3 d\u2019Expoterraria. Fira Internacional de R\u00e8ptils, Amfibis, Peixos, Invertebrats i Petits Mam\u00edfers, els <a href=\"https:\/\/www.lafargalhospitalet.com\/leiva-elefantes-oreja-van-gogh-farga\/\" target=\"_blank\"><strong>concerts de les Festes de Primavera<\/strong><\/a>, amb Leiva, Elefantes i La Oreja de Van Gogh, Innova Barcelona \u2018Sal\u00f3 Internacional de la Innovaci\u00f3\u2019, una jornada solid\u00e0ria d\u2019Star Wars Catalunya i les jornades d\u2019infermeria de l\u2019Associaci\u00f3 d\u2019Infermeria Familiar i Comunit\u00e0ria de Catalunya (AIFiCC).<\/p>\n","protected":false},"excerpt":{"rendered":"<p>La Farga Centre d\u2019Activitats ha tancat el primer trimestre de l\u2019any amb unes bones xifres tant d\u2019esdeveniments organitzats al recinte.<\/p>\n","protected":false},"author":1,"featured_media":4905,"comment_status":"closed","ping_status":"closed","sticky":false,"template":"","format":"standard","meta":{"_monsterinsights_skip_tracking":false,"_monsterinsights_sitenote_active":false,"_monsterinsights_sitenote_note":"","_monsterinsights_sitenote_category":0,"footnotes":""},"categories":[83],"tags":[],"class_list":["post-4904","post","type-post","status-publish","format-standard","has-post-thumbnail","hentry","category-noticies"],"yoast_head":"<!-- This site is optimized with the Yoast SEO plugin v27.5 - https:\/\/yoast.com\/product\/yoast-seo-wordpress\/ -->\n<title>La Farga acull prop de 150.000 visitants durant el primer trimestre - La Farga L&#039;Hospitalet Centre d&#039;Activitats. La Farga GEM, S.A.<\/title>\n<meta name=\"description\" content=\"La Farga Centre d\u2019Activitats ha tancat el primer trimestre de l\u2019any amb unes bones xifres tant d\u2019esdeveniments organitzats al recinte.\" \/>\n<meta name=\"robots\" content=\"index, follow, max-snippet:-1, max-image-preview:large, max-video-preview:-1\" \/>\n<link rel=\"canonical\" href=\"https:\/\/www.lafargalhospitalet.com\/ca\/farga-acull-150000-visitants-primer-trimestre\/\" \/>\n<meta property=\"og:locale\" content=\"ca_ES\" \/>\n<meta property=\"og:type\" content=\"article\" \/>\n<meta property=\"og:title\" content=\"La Farga acull prop de 150.000 visitants durant el primer trimestre - La Farga L&#039;Hospitalet Centre d&#039;Activitats. La Farga GEM, S.A.\" \/>\n<meta property=\"og:description\" content=\"La Farga Centre d\u2019Activitats ha tancat el primer trimestre de l\u2019any amb unes bones xifres tant d\u2019esdeveniments organitzats al recinte.\" \/>\n<meta property=\"og:url\" content=\"https:\/\/www.lafargalhospitalet.com\/ca\/farga-acull-150000-visitants-primer-trimestre\/\" \/>\n<meta property=\"og:site_name\" content=\"La Farga L&#039;Hospitalet Centre d&#039;Activitats. La Farga GEM, S.A.\" \/>\n<meta property=\"article:publisher\" content=\"https:\/\/www.facebook.com\/fargahospitalet\/\" \/>\n<meta property=\"article:published_time\" content=\"2017-04-06T10:48:27+00:00\" \/>\n<meta property=\"article:modified_time\" content=\"2025-11-03T17:28:53+00:00\" \/>\n<meta property=\"og:image\" content=\"https:\/\/www.lafargalhospitalet.com\/wp-content\/uploads\/2017\/04\/Farga-Visitants-Trimestre.jpg\" \/>\n\t<meta property=\"og:image:width\" content=\"726\" \/>\n\t<meta property=\"og:image:height\" content=\"410\" \/>\n\t<meta property=\"og:image:type\" content=\"image\/jpeg\" \/>\n<meta name=\"author\" content=\"La Farga Centre d&#039;Activitats\" \/>\n<meta name=\"twitter:card\" content=\"summary_large_image\" \/>\n<meta name=\"twitter:creator\" content=\"@fargahospitalet\" \/>\n<meta name=\"twitter:site\" content=\"@fargahospitalet\" \/>\n<meta name=\"twitter:label1\" content=\"Escrit per\" \/>\n\t<meta name=\"twitter:data1\" content=\"La Farga Centre d&#039;Activitats\" \/>\n\t<meta name=\"twitter:label2\" content=\"Temps estimat de lectura\" \/>\n\t<meta name=\"twitter:data2\" content=\"4 minuts\" \/>\n<script type=\"application\/ld+json\" class=\"yoast-schema-graph\">{\"@context\":\"https:\\\/\\\/schema.org\",\"@graph\":[{\"@type\":\"Article\",\"@id\":\"https:\\\/\\\/www.lafargalhospitalet.com\\\/ca\\\/farga-acull-150000-visitants-primer-trimestre\\\/#article\",\"isPartOf\":{\"@id\":\"https:\\\/\\\/www.lafargalhospitalet.com\\\/ca\\\/farga-acull-150000-visitants-primer-trimestre\\\/\"},\"author\":{\"name\":\"La Farga Centre d'Activitats\",\"@id\":\"https:\\\/\\\/www.lafargalhospitalet.com\\\/#\\\/schema\\\/person\\\/6cbac0ef7748506b167ff859e1c7f378\"},\"headline\":\"La Farga acull prop de 150.000 visitants durant el primer trimestre\",\"datePublished\":\"2017-04-06T10:48:27+00:00\",\"dateModified\":\"2025-11-03T17:28:53+00:00\",\"mainEntityOfPage\":{\"@id\":\"https:\\\/\\\/www.lafargalhospitalet.com\\\/ca\\\/farga-acull-150000-visitants-primer-trimestre\\\/\"},\"wordCount\":732,\"publisher\":{\"@id\":\"https:\\\/\\\/www.lafargalhospitalet.com\\\/#organization\"},\"image\":{\"@id\":\"https:\\\/\\\/www.lafargalhospitalet.com\\\/ca\\\/farga-acull-150000-visitants-primer-trimestre\\\/#primaryimage\"},\"thumbnailUrl\":\"https:\\\/\\\/www.lafargalhospitalet.com\\\/wp-content\\\/uploads\\\/2017\\\/04\\\/Farga-Visitants-Trimestre.jpg\",\"articleSection\":[\"Noticies\"],\"inLanguage\":\"ca\"},{\"@type\":\"WebPage\",\"@id\":\"https:\\\/\\\/www.lafargalhospitalet.com\\\/ca\\\/farga-acull-150000-visitants-primer-trimestre\\\/\",\"url\":\"https:\\\/\\\/www.lafargalhospitalet.com\\\/ca\\\/farga-acull-150000-visitants-primer-trimestre\\\/\",\"name\":\"La Farga acull prop de 150.000 visitants durant el primer trimestre - La Farga L&#039;Hospitalet Centre d&#039;Activitats. La Farga GEM, S.A.\",\"isPartOf\":{\"@id\":\"https:\\\/\\\/www.lafargalhospitalet.com\\\/#website\"},\"primaryImageOfPage\":{\"@id\":\"https:\\\/\\\/www.lafargalhospitalet.com\\\/ca\\\/farga-acull-150000-visitants-primer-trimestre\\\/#primaryimage\"},\"image\":{\"@id\":\"https:\\\/\\\/www.lafargalhospitalet.com\\\/ca\\\/farga-acull-150000-visitants-primer-trimestre\\\/#primaryimage\"},\"thumbnailUrl\":\"https:\\\/\\\/www.lafargalhospitalet.com\\\/wp-content\\\/uploads\\\/2017\\\/04\\\/Farga-Visitants-Trimestre.jpg\",\"datePublished\":\"2017-04-06T10:48:27+00:00\",\"dateModified\":\"2025-11-03T17:28:53+00:00\",\"description\":\"La Farga Centre d\u2019Activitats ha tancat el primer trimestre de l\u2019any amb unes bones xifres tant d\u2019esdeveniments organitzats al recinte.\",\"breadcrumb\":{\"@id\":\"https:\\\/\\\/www.lafargalhospitalet.com\\\/ca\\\/farga-acull-150000-visitants-primer-trimestre\\\/#breadcrumb\"},\"inLanguage\":\"ca\",\"potentialAction\":[{\"@type\":\"ReadAction\",\"target\":[\"https:\\\/\\\/www.lafargalhospitalet.com\\\/ca\\\/farga-acull-150000-visitants-primer-trimestre\\\/\"]}]},{\"@type\":\"ImageObject\",\"inLanguage\":\"ca\",\"@id\":\"https:\\\/\\\/www.lafargalhospitalet.com\\\/ca\\\/farga-acull-150000-visitants-primer-trimestre\\\/#primaryimage\",\"url\":\"https:\\\/\\\/www.lafargalhospitalet.com\\\/wp-content\\\/uploads\\\/2017\\\/04\\\/Farga-Visitants-Trimestre.jpg\",\"contentUrl\":\"https:\\\/\\\/www.lafargalhospitalet.com\\\/wp-content\\\/uploads\\\/2017\\\/04\\\/Farga-Visitants-Trimestre.jpg\",\"width\":726,\"height\":410,\"caption\":\"Farga xifres trimestre\"},{\"@type\":\"BreadcrumbList\",\"@id\":\"https:\\\/\\\/www.lafargalhospitalet.com\\\/ca\\\/farga-acull-150000-visitants-primer-trimestre\\\/#breadcrumb\",\"itemListElement\":[{\"@type\":\"ListItem\",\"position\":1,\"name\":\"Portada\",\"item\":\"https:\\\/\\\/www.lafargalhospitalet.com\\\/\"},{\"@type\":\"ListItem\",\"position\":2,\"name\":\"La Farga acull prop de 150.000 visitants durant el primer trimestre\"}]},{\"@type\":\"WebSite\",\"@id\":\"https:\\\/\\\/www.lafargalhospitalet.com\\\/#website\",\"url\":\"https:\\\/\\\/www.lafargalhospitalet.com\\\/\",\"name\":\"La Farga L'Hospitalet Centre d'Activitats. La Farga GEM, S.A.\",\"description\":\"La Farga L&#039;Hospitalet Centre d&#039;Activitats. Gestionat per La Farga GEM, S.A. Fires i Congressos. Concerts, exposicions, reunions, filmacions, sopars de gala.\",\"publisher\":{\"@id\":\"https:\\\/\\\/www.lafargalhospitalet.com\\\/#organization\"},\"potentialAction\":[{\"@type\":\"SearchAction\",\"target\":{\"@type\":\"EntryPoint\",\"urlTemplate\":\"https:\\\/\\\/www.lafargalhospitalet.com\\\/?s={search_term_string}\"},\"query-input\":{\"@type\":\"PropertyValueSpecification\",\"valueRequired\":true,\"valueName\":\"search_term_string\"}}],\"inLanguage\":\"ca\"},{\"@type\":\"Organization\",\"@id\":\"https:\\\/\\\/www.lafargalhospitalet.com\\\/#organization\",\"name\":\"La Farga L'Hospitalet Centre d'Activitats. La Farga GEM, S.A.\",\"url\":\"https:\\\/\\\/www.lafargalhospitalet.com\\\/\",\"logo\":{\"@type\":\"ImageObject\",\"inLanguage\":\"ca\",\"@id\":\"https:\\\/\\\/www.lafargalhospitalet.com\\\/#\\\/schema\\\/logo\\\/image\\\/\",\"url\":\"https:\\\/\\\/www.lafargalhospitalet.com\\\/wp-content\\\/uploads\\\/2025\\\/10\\\/logotipo_lafarga_centre_activitats.png\",\"contentUrl\":\"https:\\\/\\\/www.lafargalhospitalet.com\\\/wp-content\\\/uploads\\\/2025\\\/10\\\/logotipo_lafarga_centre_activitats.png\",\"width\":266,\"height\":101,\"caption\":\"La Farga L'Hospitalet Centre d'Activitats. La Farga GEM, S.A.\"},\"image\":{\"@id\":\"https:\\\/\\\/www.lafargalhospitalet.com\\\/#\\\/schema\\\/logo\\\/image\\\/\"},\"sameAs\":[\"https:\\\/\\\/www.facebook.com\\\/fargahospitalet\\\/\",\"https:\\\/\\\/x.com\\\/fargahospitalet\",\"https:\\\/\\\/www.instagram.com\\\/lafargahospitalet\\\/\",\"https:\\\/\\\/www.youtube.com\\\/channel\\\/UCoLt6hen3PqGXgbLMGI3Qdw\",\"https:\\\/\\\/www.flickr.com\\\/photos\\\/lafargagemsa\\\/albums\"]},{\"@type\":\"Person\",\"@id\":\"https:\\\/\\\/www.lafargalhospitalet.com\\\/#\\\/schema\\\/person\\\/6cbac0ef7748506b167ff859e1c7f378\",\"name\":\"La Farga Centre d'Activitats\",\"sameAs\":[\"https:\\\/\\\/www.lafargalhospitalet.com\"],\"url\":\"https:\\\/\\\/www.lafargalhospitalet.com\\\/ca\\\/author\\\/far25gmin\\\/\"}]}<\/script>\n<!-- \/ Yoast SEO plugin. -->","yoast_head_json":{"title":"La Farga acull prop de 150.000 visitants durant el primer trimestre - La Farga L&#039;Hospitalet Centre d&#039;Activitats. La Farga GEM, S.A.","description":"La Farga Centre d\u2019Activitats ha tancat el primer trimestre de l\u2019any amb unes bones xifres tant d\u2019esdeveniments organitzats al recinte.","robots":{"index":"index","follow":"follow","max-snippet":"max-snippet:-1","max-image-preview":"max-image-preview:large","max-video-preview":"max-video-preview:-1"},"canonical":"https:\/\/www.lafargalhospitalet.com\/ca\/farga-acull-150000-visitants-primer-trimestre\/","og_locale":"ca_ES","og_type":"article","og_title":"La Farga acull prop de 150.000 visitants durant el primer trimestre - La Farga L&#039;Hospitalet Centre d&#039;Activitats. La Farga GEM, S.A.","og_description":"La Farga Centre d\u2019Activitats ha tancat el primer trimestre de l\u2019any amb unes bones xifres tant d\u2019esdeveniments organitzats al recinte.","og_url":"https:\/\/www.lafargalhospitalet.com\/ca\/farga-acull-150000-visitants-primer-trimestre\/","og_site_name":"La Farga L&#039;Hospitalet Centre d&#039;Activitats. La Farga GEM, S.A.","article_publisher":"https:\/\/www.facebook.com\/fargahospitalet\/","article_published_time":"2017-04-06T10:48:27+00:00","article_modified_time":"2025-11-03T17:28:53+00:00","og_image":[{"width":726,"height":410,"url":"https:\/\/www.lafargalhospitalet.com\/wp-content\/uploads\/2017\/04\/Farga-Visitants-Trimestre.jpg","type":"image\/jpeg"}],"author":"La Farga Centre d'Activitats","twitter_card":"summary_large_image","twitter_creator":"@fargahospitalet","twitter_site":"@fargahospitalet","twitter_misc":{"Escrit per":"La Farga Centre d'Activitats","Temps estimat de lectura":"4 minuts"},"schema":{"@context":"https:\/\/schema.org","@graph":[{"@type":"Article","@id":"https:\/\/www.lafargalhospitalet.com\/ca\/farga-acull-150000-visitants-primer-trimestre\/#article","isPartOf":{"@id":"https:\/\/www.lafargalhospitalet.com\/ca\/farga-acull-150000-visitants-primer-trimestre\/"},"author":{"name":"La Farga Centre d'Activitats","@id":"https:\/\/www.lafargalhospitalet.com\/#\/schema\/person\/6cbac0ef7748506b167ff859e1c7f378"},"headline":"La Farga acull prop de 150.000 visitants durant el primer trimestre","datePublished":"2017-04-06T10:48:27+00:00","dateModified":"2025-11-03T17:28:53+00:00","mainEntityOfPage":{"@id":"https:\/\/www.lafargalhospitalet.com\/ca\/farga-acull-150000-visitants-primer-trimestre\/"},"wordCount":732,"publisher":{"@id":"https:\/\/www.lafargalhospitalet.com\/#organization"},"image":{"@id":"https:\/\/www.lafargalhospitalet.com\/ca\/farga-acull-150000-visitants-primer-trimestre\/#primaryimage"},"thumbnailUrl":"https:\/\/www.lafargalhospitalet.com\/wp-content\/uploads\/2017\/04\/Farga-Visitants-Trimestre.jpg","articleSection":["Noticies"],"inLanguage":"ca"},{"@type":"WebPage","@id":"https:\/\/www.lafargalhospitalet.com\/ca\/farga-acull-150000-visitants-primer-trimestre\/","url":"https:\/\/www.lafargalhospitalet.com\/ca\/farga-acull-150000-visitants-primer-trimestre\/","name":"La Farga acull prop de 150.000 visitants durant el primer trimestre - La Farga L&#039;Hospitalet Centre d&#039;Activitats. La Farga GEM, S.A.","isPartOf":{"@id":"https:\/\/www.lafargalhospitalet.com\/#website"},"primaryImageOfPage":{"@id":"https:\/\/www.lafargalhospitalet.com\/ca\/farga-acull-150000-visitants-primer-trimestre\/#primaryimage"},"image":{"@id":"https:\/\/www.lafargalhospitalet.com\/ca\/farga-acull-150000-visitants-primer-trimestre\/#primaryimage"},"thumbnailUrl":"https:\/\/www.lafargalhospitalet.com\/wp-content\/uploads\/2017\/04\/Farga-Visitants-Trimestre.jpg","datePublished":"2017-04-06T10:48:27+00:00","dateModified":"2025-11-03T17:28:53+00:00","description":"La Farga Centre d\u2019Activitats ha tancat el primer trimestre de l\u2019any amb unes bones xifres tant d\u2019esdeveniments organitzats al recinte.","breadcrumb":{"@id":"https:\/\/www.lafargalhospitalet.com\/ca\/farga-acull-150000-visitants-primer-trimestre\/#breadcrumb"},"inLanguage":"ca","potentialAction":[{"@type":"ReadAction","target":["https:\/\/www.lafargalhospitalet.com\/ca\/farga-acull-150000-visitants-primer-trimestre\/"]}]},{"@type":"ImageObject","inLanguage":"ca","@id":"https:\/\/www.lafargalhospitalet.com\/ca\/farga-acull-150000-visitants-primer-trimestre\/#primaryimage","url":"https:\/\/www.lafargalhospitalet.com\/wp-content\/uploads\/2017\/04\/Farga-Visitants-Trimestre.jpg","contentUrl":"https:\/\/www.lafargalhospitalet.com\/wp-content\/uploads\/2017\/04\/Farga-Visitants-Trimestre.jpg","width":726,"height":410,"caption":"Farga xifres trimestre"},{"@type":"BreadcrumbList","@id":"https:\/\/www.lafargalhospitalet.com\/ca\/farga-acull-150000-visitants-primer-trimestre\/#breadcrumb","itemListElement":[{"@type":"ListItem","position":1,"name":"Portada","item":"https:\/\/www.lafargalhospitalet.com\/"},{"@type":"ListItem","position":2,"name":"La Farga acull prop de 150.000 visitants durant el primer trimestre"}]},{"@type":"WebSite","@id":"https:\/\/www.lafargalhospitalet.com\/#website","url":"https:\/\/www.lafargalhospitalet.com\/","name":"La Farga L'Hospitalet Centre d'Activitats. La Farga GEM, S.A.","description":"La Farga L&#039;Hospitalet Centre d&#039;Activitats. Gestionat per La Farga GEM, S.A. Fires i Congressos. Concerts, exposicions, reunions, filmacions, sopars de gala.","publisher":{"@id":"https:\/\/www.lafargalhospitalet.com\/#organization"},"potentialAction":[{"@type":"SearchAction","target":{"@type":"EntryPoint","urlTemplate":"https:\/\/www.lafargalhospitalet.com\/?s={search_term_string}"},"query-input":{"@type":"PropertyValueSpecification","valueRequired":true,"valueName":"search_term_string"}}],"inLanguage":"ca"},{"@type":"Organization","@id":"https:\/\/www.lafargalhospitalet.com\/#organization","name":"La Farga L'Hospitalet Centre d'Activitats. La Farga GEM, S.A.","url":"https:\/\/www.lafargalhospitalet.com\/","logo":{"@type":"ImageObject","inLanguage":"ca","@id":"https:\/\/www.lafargalhospitalet.com\/#\/schema\/logo\/image\/","url":"https:\/\/www.lafargalhospitalet.com\/wp-content\/uploads\/2025\/10\/logotipo_lafarga_centre_activitats.png","contentUrl":"https:\/\/www.lafargalhospitalet.com\/wp-content\/uploads\/2025\/10\/logotipo_lafarga_centre_activitats.png","width":266,"height":101,"caption":"La Farga L'Hospitalet Centre d'Activitats. La Farga GEM, S.A."},"image":{"@id":"https:\/\/www.lafargalhospitalet.com\/#\/schema\/logo\/image\/"},"sameAs":["https:\/\/www.facebook.com\/fargahospitalet\/","https:\/\/x.com\/fargahospitalet","https:\/\/www.instagram.com\/lafargahospitalet\/","https:\/\/www.youtube.com\/channel\/UCoLt6hen3PqGXgbLMGI3Qdw","https:\/\/www.flickr.com\/photos\/lafargagemsa\/albums"]},{"@type":"Person","@id":"https:\/\/www.lafargalhospitalet.com\/#\/schema\/person\/6cbac0ef7748506b167ff859e1c7f378","name":"La Farga Centre d'Activitats","sameAs":["https:\/\/www.lafargalhospitalet.com"],"url":"https:\/\/www.lafargalhospitalet.com\/ca\/author\/far25gmin\/"}]}},"_links":{"self":[{"href":"https:\/\/www.lafargalhospitalet.com\/ca\/wp-json\/wp\/v2\/posts\/4904","targetHints":{"allow":["GET"]}}],"collection":[{"href":"https:\/\/www.lafargalhospitalet.com\/ca\/wp-json\/wp\/v2\/posts"}],"about":[{"href":"https:\/\/www.lafargalhospitalet.com\/ca\/wp-json\/wp\/v2\/types\/post"}],"author":[{"embeddable":true,"href":"https:\/\/www.lafargalhospitalet.com\/ca\/wp-json\/wp\/v2\/users\/1"}],"replies":[{"embeddable":true,"href":"https:\/\/www.lafargalhospitalet.com\/ca\/wp-json\/wp\/v2\/comments?post=4904"}],"version-history":[{"count":0,"href":"https:\/\/www.lafargalhospitalet.com\/ca\/wp-json\/wp\/v2\/posts\/4904\/revisions"}],"wp:featuredmedia":[{"embeddable":true,"href":"https:\/\/www.lafargalhospitalet.com\/ca\/wp-json\/wp\/v2\/media\/4905"}],"wp:attachment":[{"href":"https:\/\/www.lafargalhospitalet.com\/ca\/wp-json\/wp\/v2\/media?parent=4904"}],"wp:term":[{"taxonomy":"category","embeddable":true,"href":"https:\/\/www.lafargalhospitalet.com\/ca\/wp-json\/wp\/v2\/categories?post=4904"},{"taxonomy":"post_tag","embeddable":true,"href":"https:\/\/www.lafargalhospitalet.com\/ca\/wp-json\/wp\/v2\/tags?post=4904"}],"curies":[{"name":"wp","href":"https:\/\/api.w.org\/{rel}","templated":true}]}}