{"id":4951,"date":"2017-05-03T12:08:54","date_gmt":"2017-05-03T11:08:54","guid":{"rendered":"http:\/\/www.lafargalhospitalet.com\/?p=4951"},"modified":"2025-11-03T18:28:53","modified_gmt":"2025-11-03T17:28:53","slug":"segona-edicio-dinnova-a-punt","status":"publish","type":"post","link":"https:\/\/www.lafargalhospitalet.com\/ca\/segona-edicio-dinnova-a-punt\/","title":{"rendered":"Segona edici\u00f3 d&#8217;Innova Barcelona, a punt"},"content":{"rendered":"<h5>Organitzat per Conceptum i La Farga de L&#8217;Hospitalet<\/h5>\n<p>Aquest dijous obre de nou les seves portes <strong><a href=\"http:\/\/www.innova-barcelona.com\/\" target=\"_blank\" rel=\"noopener noreferrer\">Innova Barcelona<\/a>.<\/strong>\u00a0Sal\u00f3 Internacional de la Innovaci\u00f3, que per segona edici\u00f3 se celebra a L\u2019Hospitalet, organitzat per Conceptum Spain i La Farga de L\u2019Hospitalet.<\/p>\n<p>Despr\u00e9s de l&#8217;<a href=\"https:\/\/www.lafargalhospitalet.com\/salo-innova-2016-imatges\/\" target=\"_blank\" rel=\"noopener noreferrer\"><strong>\u00e8xit de la primera edici\u00f3<\/strong><\/a>, Innova Barcelona, se celebra fins dissabte ocupant uns 4.000m2 del recinte hospitalenc, amb m\u00e9s de 200 projectes d&#8217;innovaci\u00f3 de fins a 10 pa\u00efsos diferents.<\/p>\n<p>Innova comptar\u00e0 amb la participaci\u00f3 de nous expositors com Vodafone, l&#8217;Institut Nacional de T\u00e8cnica Aeroespacial (INTA), el National Institute for Research and Development in Enviromental Protection de Rumania, Tinkerers Lab, Servocad i Bask-up.<\/p>\n<p>La segona edici\u00f3 tamb\u00e9 disposa d&#8217;un interessant programa d&#8217;activitats, entre els quals destaquen:<\/p>\n<ul>\n<li>Pau Garcia-Mil\u00e0 visita Innova Barcelona per a oferir una pon\u00e8ncia sobre \u201cFast Innovation. Per qu\u00e8 la velocitat importa en la innovaci\u00f3\u201d.<\/li>\n<li>Taula Rodona &#8220;Innovaci\u00f3, clau del desenvolupament empresarial\u201d, organitzada per F. Iniciativas amb representaci\u00f3 de Vallformosa, AEInnova, HP i Nissan.<\/li>\n<li>Carlos Blanco ofereix una pon\u00e8ncia sobre \u201cEls principals errors dels emprenedors\u201d.<\/li>\n<li>F\u00f2rum de Inversi\u00f3 organitzat per BANC (Bussiness Angels Network Catalunya).<\/li>\n<li>Emilio M\u00e1rquez ofereix una pon\u00e8ncia sobre \u201cTend\u00e8ncies imprescindibles per ser una empresa en el futur\u201d.<\/li>\n<li>Jornada d&#8217;Industria 4.0 organitzada per AMB (\u00c0rea Metropolitana de Barcelona) on participen Seat i Siemens.<\/li>\n<\/ul>\n<p>Els sectors representats en aquesta segona edici\u00f3 d&#8217;Innova Barcelona s\u00f3n: Medicina i salut, Ind\u00fastria i processos industrials, Energia i sostenibilitat, Serveis i turisme i Estil de vida, oci i cultura.<\/p>\n<p>Una altra novetat \u00e9s la col\u00b7laboraci\u00f3 de Catalunya Empr\u00e8n, F. Iniciativas, BLE, PIMEC, SMART Cat, AEBALL i la Cambra de Comer\u00e7 de Barcelona.<\/p>\n<p><strong><a href=\"http:\/\/www.innova-barcelona.com\/agenda\/\" target=\"_blank\" rel=\"noopener noreferrer\">Consulta tota l&#8217;agenda d&#8217;activitats d&#8217;Innova Barcelona 2017<\/a>.<\/strong><\/p>\n","protected":false},"excerpt":{"rendered":"<p>Aquest dijous obre de nou les seves portes Innova Barcelona. Sal\u00f3 Internacional de la Innovaci\u00f3, que per segona edici\u00f3 se celebra a L\u2019Hospitalet.<\/p>\n","protected":false},"author":1,"featured_media":4952,"comment_status":"closed","ping_status":"closed","sticky":false,"template":"","format":"standard","meta":{"_monsterinsights_skip_tracking":false,"_monsterinsights_sitenote_active":false,"_monsterinsights_sitenote_note":"","_monsterinsights_sitenote_category":0,"footnotes":""},"categories":[83],"tags":[],"class_list":["post-4951","post","type-post","status-publish","format-standard","has-post-thumbnail","hentry","category-noticies"],"yoast_head":"<!-- This site is optimized with the Yoast SEO plugin v27.5 - https:\/\/yoast.com\/product\/yoast-seo-wordpress\/ -->\n<title>Segona edici\u00f3 d&#039;Innova Barcelona, a punt - La Farga L&#039;Hospitalet Centre d&#039;Activitats. La Farga GEM, S.A.<\/title>\n<meta name=\"description\" content=\"Aquest dijous obre de nou les seves portes d&#039;Innova Barcelona, Sal\u00f3 Internacional de la Innovaci\u00f3, que per segona edici\u00f3 se celebra a L\u2019Hospitalet.\" \/>\n<meta name=\"robots\" content=\"index, follow, max-snippet:-1, max-image-preview:large, max-video-preview:-1\" \/>\n<link rel=\"canonical\" href=\"https:\/\/www.lafargalhospitalet.com\/ca\/segona-edicio-dinnova-a-punt\/\" \/>\n<meta property=\"og:locale\" content=\"ca_ES\" \/>\n<meta property=\"og:type\" content=\"article\" \/>\n<meta property=\"og:title\" content=\"Segona edici\u00f3 d&#039;Innova Barcelona, a punt - La Farga L&#039;Hospitalet Centre d&#039;Activitats. La Farga GEM, S.A.\" \/>\n<meta property=\"og:description\" content=\"Aquest dijous obre de nou les seves portes d&#039;Innova Barcelona, Sal\u00f3 Internacional de la Innovaci\u00f3, que per segona edici\u00f3 se celebra a L\u2019Hospitalet.\" \/>\n<meta property=\"og:url\" content=\"https:\/\/www.lafargalhospitalet.com\/ca\/segona-edicio-dinnova-a-punt\/\" \/>\n<meta property=\"og:site_name\" content=\"La Farga L&#039;Hospitalet Centre d&#039;Activitats. La Farga GEM, S.A.\" \/>\n<meta property=\"article:publisher\" content=\"https:\/\/www.facebook.com\/fargahospitalet\/\" \/>\n<meta property=\"article:published_time\" content=\"2017-05-03T11:08:54+00:00\" \/>\n<meta property=\"article:modified_time\" content=\"2025-11-03T17:28:53+00:00\" \/>\n<meta property=\"og:image\" content=\"https:\/\/www.lafargalhospitalet.com\/wp-content\/uploads\/2017\/05\/INNOVA-2017-Farga.jpg\" \/>\n\t<meta property=\"og:image:width\" content=\"730\" \/>\n\t<meta property=\"og:image:height\" content=\"410\" \/>\n\t<meta property=\"og:image:type\" content=\"image\/jpeg\" \/>\n<meta name=\"author\" content=\"La Farga Centre d&#039;Activitats\" \/>\n<meta name=\"twitter:card\" content=\"summary_large_image\" \/>\n<meta name=\"twitter:creator\" content=\"@fargahospitalet\" \/>\n<meta name=\"twitter:site\" content=\"@fargahospitalet\" \/>\n<meta name=\"twitter:label1\" content=\"Escrit per\" \/>\n\t<meta name=\"twitter:data1\" content=\"La Farga Centre d&#039;Activitats\" \/>\n\t<meta name=\"twitter:label2\" content=\"Temps estimat de lectura\" \/>\n\t<meta name=\"twitter:data2\" content=\"1 minut\" \/>\n<script type=\"application\/ld+json\" class=\"yoast-schema-graph\">{\"@context\":\"https:\\\/\\\/schema.org\",\"@graph\":[{\"@type\":\"Article\",\"@id\":\"https:\\\/\\\/www.lafargalhospitalet.com\\\/ca\\\/segona-edicio-dinnova-a-punt\\\/#article\",\"isPartOf\":{\"@id\":\"https:\\\/\\\/www.lafargalhospitalet.com\\\/ca\\\/segona-edicio-dinnova-a-punt\\\/\"},\"author\":{\"name\":\"La Farga Centre d'Activitats\",\"@id\":\"https:\\\/\\\/www.lafargalhospitalet.com\\\/#\\\/schema\\\/person\\\/6cbac0ef7748506b167ff859e1c7f378\"},\"headline\":\"Segona edici\u00f3 d&#8217;Innova Barcelona, a punt\",\"datePublished\":\"2017-05-03T11:08:54+00:00\",\"dateModified\":\"2025-11-03T17:28:53+00:00\",\"mainEntityOfPage\":{\"@id\":\"https:\\\/\\\/www.lafargalhospitalet.com\\\/ca\\\/segona-edicio-dinnova-a-punt\\\/\"},\"wordCount\":298,\"publisher\":{\"@id\":\"https:\\\/\\\/www.lafargalhospitalet.com\\\/#organization\"},\"image\":{\"@id\":\"https:\\\/\\\/www.lafargalhospitalet.com\\\/ca\\\/segona-edicio-dinnova-a-punt\\\/#primaryimage\"},\"thumbnailUrl\":\"https:\\\/\\\/www.lafargalhospitalet.com\\\/wp-content\\\/uploads\\\/2017\\\/05\\\/INNOVA-2017-Farga.jpg\",\"articleSection\":[\"Noticies\"],\"inLanguage\":\"ca\"},{\"@type\":\"WebPage\",\"@id\":\"https:\\\/\\\/www.lafargalhospitalet.com\\\/ca\\\/segona-edicio-dinnova-a-punt\\\/\",\"url\":\"https:\\\/\\\/www.lafargalhospitalet.com\\\/ca\\\/segona-edicio-dinnova-a-punt\\\/\",\"name\":\"Segona edici\u00f3 d'Innova Barcelona, a punt - La Farga L&#039;Hospitalet Centre d&#039;Activitats. La Farga GEM, S.A.\",\"isPartOf\":{\"@id\":\"https:\\\/\\\/www.lafargalhospitalet.com\\\/#website\"},\"primaryImageOfPage\":{\"@id\":\"https:\\\/\\\/www.lafargalhospitalet.com\\\/ca\\\/segona-edicio-dinnova-a-punt\\\/#primaryimage\"},\"image\":{\"@id\":\"https:\\\/\\\/www.lafargalhospitalet.com\\\/ca\\\/segona-edicio-dinnova-a-punt\\\/#primaryimage\"},\"thumbnailUrl\":\"https:\\\/\\\/www.lafargalhospitalet.com\\\/wp-content\\\/uploads\\\/2017\\\/05\\\/INNOVA-2017-Farga.jpg\",\"datePublished\":\"2017-05-03T11:08:54+00:00\",\"dateModified\":\"2025-11-03T17:28:53+00:00\",\"description\":\"Aquest dijous obre de nou les seves portes d'Innova Barcelona, Sal\u00f3 Internacional de la Innovaci\u00f3, que per segona edici\u00f3 se celebra a L\u2019Hospitalet.\",\"breadcrumb\":{\"@id\":\"https:\\\/\\\/www.lafargalhospitalet.com\\\/ca\\\/segona-edicio-dinnova-a-punt\\\/#breadcrumb\"},\"inLanguage\":\"ca\",\"potentialAction\":[{\"@type\":\"ReadAction\",\"target\":[\"https:\\\/\\\/www.lafargalhospitalet.com\\\/ca\\\/segona-edicio-dinnova-a-punt\\\/\"]}]},{\"@type\":\"ImageObject\",\"inLanguage\":\"ca\",\"@id\":\"https:\\\/\\\/www.lafargalhospitalet.com\\\/ca\\\/segona-edicio-dinnova-a-punt\\\/#primaryimage\",\"url\":\"https:\\\/\\\/www.lafargalhospitalet.com\\\/wp-content\\\/uploads\\\/2017\\\/05\\\/INNOVA-2017-Farga.jpg\",\"contentUrl\":\"https:\\\/\\\/www.lafargalhospitalet.com\\\/wp-content\\\/uploads\\\/2017\\\/05\\\/INNOVA-2017-Farga.jpg\",\"width\":730,\"height\":410,\"caption\":\"Innova Farga\"},{\"@type\":\"BreadcrumbList\",\"@id\":\"https:\\\/\\\/www.lafargalhospitalet.com\\\/ca\\\/segona-edicio-dinnova-a-punt\\\/#breadcrumb\",\"itemListElement\":[{\"@type\":\"ListItem\",\"position\":1,\"name\":\"Portada\",\"item\":\"https:\\\/\\\/www.lafargalhospitalet.com\\\/\"},{\"@type\":\"ListItem\",\"position\":2,\"name\":\"Segona edici\u00f3 d&#8217;Innova Barcelona, a punt\"}]},{\"@type\":\"WebSite\",\"@id\":\"https:\\\/\\\/www.lafargalhospitalet.com\\\/#website\",\"url\":\"https:\\\/\\\/www.lafargalhospitalet.com\\\/\",\"name\":\"La Farga L'Hospitalet Centre d'Activitats. La Farga GEM, S.A.\",\"description\":\"La Farga L&#039;Hospitalet Centre d&#039;Activitats. Gestionat per La Farga GEM, S.A. Fires i Congressos. Concerts, exposicions, reunions, filmacions, sopars de gala.\",\"publisher\":{\"@id\":\"https:\\\/\\\/www.lafargalhospitalet.com\\\/#organization\"},\"potentialAction\":[{\"@type\":\"SearchAction\",\"target\":{\"@type\":\"EntryPoint\",\"urlTemplate\":\"https:\\\/\\\/www.lafargalhospitalet.com\\\/?s={search_term_string}\"},\"query-input\":{\"@type\":\"PropertyValueSpecification\",\"valueRequired\":true,\"valueName\":\"search_term_string\"}}],\"inLanguage\":\"ca\"},{\"@type\":\"Organization\",\"@id\":\"https:\\\/\\\/www.lafargalhospitalet.com\\\/#organization\",\"name\":\"La Farga L'Hospitalet Centre d'Activitats. La Farga GEM, S.A.\",\"url\":\"https:\\\/\\\/www.lafargalhospitalet.com\\\/\",\"logo\":{\"@type\":\"ImageObject\",\"inLanguage\":\"ca\",\"@id\":\"https:\\\/\\\/www.lafargalhospitalet.com\\\/#\\\/schema\\\/logo\\\/image\\\/\",\"url\":\"https:\\\/\\\/www.lafargalhospitalet.com\\\/wp-content\\\/uploads\\\/2025\\\/10\\\/logotipo_lafarga_centre_activitats.png\",\"contentUrl\":\"https:\\\/\\\/www.lafargalhospitalet.com\\\/wp-content\\\/uploads\\\/2025\\\/10\\\/logotipo_lafarga_centre_activitats.png\",\"width\":266,\"height\":101,\"caption\":\"La Farga L'Hospitalet Centre d'Activitats. La Farga GEM, S.A.\"},\"image\":{\"@id\":\"https:\\\/\\\/www.lafargalhospitalet.com\\\/#\\\/schema\\\/logo\\\/image\\\/\"},\"sameAs\":[\"https:\\\/\\\/www.facebook.com\\\/fargahospitalet\\\/\",\"https:\\\/\\\/x.com\\\/fargahospitalet\",\"https:\\\/\\\/www.instagram.com\\\/lafargahospitalet\\\/\",\"https:\\\/\\\/www.youtube.com\\\/channel\\\/UCoLt6hen3PqGXgbLMGI3Qdw\",\"https:\\\/\\\/www.flickr.com\\\/photos\\\/lafargagemsa\\\/albums\"]},{\"@type\":\"Person\",\"@id\":\"https:\\\/\\\/www.lafargalhospitalet.com\\\/#\\\/schema\\\/person\\\/6cbac0ef7748506b167ff859e1c7f378\",\"name\":\"La Farga Centre d'Activitats\",\"sameAs\":[\"https:\\\/\\\/www.lafargalhospitalet.com\"],\"url\":\"https:\\\/\\\/www.lafargalhospitalet.com\\\/ca\\\/author\\\/far25gmin\\\/\"}]}<\/script>\n<!-- \/ Yoast SEO plugin. -->","yoast_head_json":{"title":"Segona edici\u00f3 d'Innova Barcelona, a punt - La Farga L&#039;Hospitalet Centre d&#039;Activitats. La Farga GEM, S.A.","description":"Aquest dijous obre de nou les seves portes d'Innova Barcelona, Sal\u00f3 Internacional de la Innovaci\u00f3, que per segona edici\u00f3 se celebra a L\u2019Hospitalet.","robots":{"index":"index","follow":"follow","max-snippet":"max-snippet:-1","max-image-preview":"max-image-preview:large","max-video-preview":"max-video-preview:-1"},"canonical":"https:\/\/www.lafargalhospitalet.com\/ca\/segona-edicio-dinnova-a-punt\/","og_locale":"ca_ES","og_type":"article","og_title":"Segona edici\u00f3 d'Innova Barcelona, a punt - La Farga L&#039;Hospitalet Centre d&#039;Activitats. La Farga GEM, S.A.","og_description":"Aquest dijous obre de nou les seves portes d'Innova Barcelona, Sal\u00f3 Internacional de la Innovaci\u00f3, que per segona edici\u00f3 se celebra a L\u2019Hospitalet.","og_url":"https:\/\/www.lafargalhospitalet.com\/ca\/segona-edicio-dinnova-a-punt\/","og_site_name":"La Farga L&#039;Hospitalet Centre d&#039;Activitats. La Farga GEM, S.A.","article_publisher":"https:\/\/www.facebook.com\/fargahospitalet\/","article_published_time":"2017-05-03T11:08:54+00:00","article_modified_time":"2025-11-03T17:28:53+00:00","og_image":[{"width":730,"height":410,"url":"https:\/\/www.lafargalhospitalet.com\/wp-content\/uploads\/2017\/05\/INNOVA-2017-Farga.jpg","type":"image\/jpeg"}],"author":"La Farga Centre d'Activitats","twitter_card":"summary_large_image","twitter_creator":"@fargahospitalet","twitter_site":"@fargahospitalet","twitter_misc":{"Escrit per":"La Farga Centre d'Activitats","Temps estimat de lectura":"1 minut"},"schema":{"@context":"https:\/\/schema.org","@graph":[{"@type":"Article","@id":"https:\/\/www.lafargalhospitalet.com\/ca\/segona-edicio-dinnova-a-punt\/#article","isPartOf":{"@id":"https:\/\/www.lafargalhospitalet.com\/ca\/segona-edicio-dinnova-a-punt\/"},"author":{"name":"La Farga Centre d'Activitats","@id":"https:\/\/www.lafargalhospitalet.com\/#\/schema\/person\/6cbac0ef7748506b167ff859e1c7f378"},"headline":"Segona edici\u00f3 d&#8217;Innova Barcelona, a punt","datePublished":"2017-05-03T11:08:54+00:00","dateModified":"2025-11-03T17:28:53+00:00","mainEntityOfPage":{"@id":"https:\/\/www.lafargalhospitalet.com\/ca\/segona-edicio-dinnova-a-punt\/"},"wordCount":298,"publisher":{"@id":"https:\/\/www.lafargalhospitalet.com\/#organization"},"image":{"@id":"https:\/\/www.lafargalhospitalet.com\/ca\/segona-edicio-dinnova-a-punt\/#primaryimage"},"thumbnailUrl":"https:\/\/www.lafargalhospitalet.com\/wp-content\/uploads\/2017\/05\/INNOVA-2017-Farga.jpg","articleSection":["Noticies"],"inLanguage":"ca"},{"@type":"WebPage","@id":"https:\/\/www.lafargalhospitalet.com\/ca\/segona-edicio-dinnova-a-punt\/","url":"https:\/\/www.lafargalhospitalet.com\/ca\/segona-edicio-dinnova-a-punt\/","name":"Segona edici\u00f3 d'Innova Barcelona, a punt - La Farga L&#039;Hospitalet Centre d&#039;Activitats. La Farga GEM, S.A.","isPartOf":{"@id":"https:\/\/www.lafargalhospitalet.com\/#website"},"primaryImageOfPage":{"@id":"https:\/\/www.lafargalhospitalet.com\/ca\/segona-edicio-dinnova-a-punt\/#primaryimage"},"image":{"@id":"https:\/\/www.lafargalhospitalet.com\/ca\/segona-edicio-dinnova-a-punt\/#primaryimage"},"thumbnailUrl":"https:\/\/www.lafargalhospitalet.com\/wp-content\/uploads\/2017\/05\/INNOVA-2017-Farga.jpg","datePublished":"2017-05-03T11:08:54+00:00","dateModified":"2025-11-03T17:28:53+00:00","description":"Aquest dijous obre de nou les seves portes d'Innova Barcelona, Sal\u00f3 Internacional de la Innovaci\u00f3, que per segona edici\u00f3 se celebra a L\u2019Hospitalet.","breadcrumb":{"@id":"https:\/\/www.lafargalhospitalet.com\/ca\/segona-edicio-dinnova-a-punt\/#breadcrumb"},"inLanguage":"ca","potentialAction":[{"@type":"ReadAction","target":["https:\/\/www.lafargalhospitalet.com\/ca\/segona-edicio-dinnova-a-punt\/"]}]},{"@type":"ImageObject","inLanguage":"ca","@id":"https:\/\/www.lafargalhospitalet.com\/ca\/segona-edicio-dinnova-a-punt\/#primaryimage","url":"https:\/\/www.lafargalhospitalet.com\/wp-content\/uploads\/2017\/05\/INNOVA-2017-Farga.jpg","contentUrl":"https:\/\/www.lafargalhospitalet.com\/wp-content\/uploads\/2017\/05\/INNOVA-2017-Farga.jpg","width":730,"height":410,"caption":"Innova Farga"},{"@type":"BreadcrumbList","@id":"https:\/\/www.lafargalhospitalet.com\/ca\/segona-edicio-dinnova-a-punt\/#breadcrumb","itemListElement":[{"@type":"ListItem","position":1,"name":"Portada","item":"https:\/\/www.lafargalhospitalet.com\/"},{"@type":"ListItem","position":2,"name":"Segona edici\u00f3 d&#8217;Innova Barcelona, a punt"}]},{"@type":"WebSite","@id":"https:\/\/www.lafargalhospitalet.com\/#website","url":"https:\/\/www.lafargalhospitalet.com\/","name":"La Farga L'Hospitalet Centre d'Activitats. La Farga GEM, S.A.","description":"La Farga L&#039;Hospitalet Centre d&#039;Activitats. Gestionat per La Farga GEM, S.A. Fires i Congressos. Concerts, exposicions, reunions, filmacions, sopars de gala.","publisher":{"@id":"https:\/\/www.lafargalhospitalet.com\/#organization"},"potentialAction":[{"@type":"SearchAction","target":{"@type":"EntryPoint","urlTemplate":"https:\/\/www.lafargalhospitalet.com\/?s={search_term_string}"},"query-input":{"@type":"PropertyValueSpecification","valueRequired":true,"valueName":"search_term_string"}}],"inLanguage":"ca"},{"@type":"Organization","@id":"https:\/\/www.lafargalhospitalet.com\/#organization","name":"La Farga L'Hospitalet Centre d'Activitats. La Farga GEM, S.A.","url":"https:\/\/www.lafargalhospitalet.com\/","logo":{"@type":"ImageObject","inLanguage":"ca","@id":"https:\/\/www.lafargalhospitalet.com\/#\/schema\/logo\/image\/","url":"https:\/\/www.lafargalhospitalet.com\/wp-content\/uploads\/2025\/10\/logotipo_lafarga_centre_activitats.png","contentUrl":"https:\/\/www.lafargalhospitalet.com\/wp-content\/uploads\/2025\/10\/logotipo_lafarga_centre_activitats.png","width":266,"height":101,"caption":"La Farga L'Hospitalet Centre d'Activitats. La Farga GEM, S.A."},"image":{"@id":"https:\/\/www.lafargalhospitalet.com\/#\/schema\/logo\/image\/"},"sameAs":["https:\/\/www.facebook.com\/fargahospitalet\/","https:\/\/x.com\/fargahospitalet","https:\/\/www.instagram.com\/lafargahospitalet\/","https:\/\/www.youtube.com\/channel\/UCoLt6hen3PqGXgbLMGI3Qdw","https:\/\/www.flickr.com\/photos\/lafargagemsa\/albums"]},{"@type":"Person","@id":"https:\/\/www.lafargalhospitalet.com\/#\/schema\/person\/6cbac0ef7748506b167ff859e1c7f378","name":"La Farga Centre d'Activitats","sameAs":["https:\/\/www.lafargalhospitalet.com"],"url":"https:\/\/www.lafargalhospitalet.com\/ca\/author\/far25gmin\/"}]}},"_links":{"self":[{"href":"https:\/\/www.lafargalhospitalet.com\/ca\/wp-json\/wp\/v2\/posts\/4951","targetHints":{"allow":["GET"]}}],"collection":[{"href":"https:\/\/www.lafargalhospitalet.com\/ca\/wp-json\/wp\/v2\/posts"}],"about":[{"href":"https:\/\/www.lafargalhospitalet.com\/ca\/wp-json\/wp\/v2\/types\/post"}],"author":[{"embeddable":true,"href":"https:\/\/www.lafargalhospitalet.com\/ca\/wp-json\/wp\/v2\/users\/1"}],"replies":[{"embeddable":true,"href":"https:\/\/www.lafargalhospitalet.com\/ca\/wp-json\/wp\/v2\/comments?post=4951"}],"version-history":[{"count":0,"href":"https:\/\/www.lafargalhospitalet.com\/ca\/wp-json\/wp\/v2\/posts\/4951\/revisions"}],"wp:featuredmedia":[{"embeddable":true,"href":"https:\/\/www.lafargalhospitalet.com\/ca\/wp-json\/wp\/v2\/media\/4952"}],"wp:attachment":[{"href":"https:\/\/www.lafargalhospitalet.com\/ca\/wp-json\/wp\/v2\/media?parent=4951"}],"wp:term":[{"taxonomy":"category","embeddable":true,"href":"https:\/\/www.lafargalhospitalet.com\/ca\/wp-json\/wp\/v2\/categories?post=4951"},{"taxonomy":"post_tag","embeddable":true,"href":"https:\/\/www.lafargalhospitalet.com\/ca\/wp-json\/wp\/v2\/tags?post=4951"}],"curies":[{"name":"wp","href":"https:\/\/api.w.org\/{rel}","templated":true}]}}