{"id":4958,"date":"2017-05-04T15:58:25","date_gmt":"2017-05-04T14:58:25","guid":{"rendered":"http:\/\/www.lafargalhospitalet.com\/?p=4958"},"modified":"2025-11-03T18:28:53","modified_gmt":"2025-11-03T17:28:53","slug":"garcia-mompel-innova-aplega-sectors-decisius-per-aportar-valor-afegit-activitat-economica","status":"publish","type":"post","link":"https:\/\/www.lafargalhospitalet.com\/ca\/garcia-mompel-innova-aplega-sectors-decisius-per-aportar-valor-afegit-activitat-economica\/","title":{"rendered":"Garc\u00eda Mompel: &#8220;Innova aplega sectors decisius per aportar valor afegit a l&#8217;activitat econ\u00f2mica&#8221;"},"content":{"rendered":"<h5>La innovaci\u00f3, el talent i els invents s&#8217;apleguen a La Farga<\/h5>\n<p>El president de La Farga Gesti\u00f3 d&#8217;Equipaments Municipals, Jos\u00e9 Mar\u00eda Garc\u00eda Mompel, ha manifestat en l&#8217;obertura d&#8217;Innova Barcelona, que l&#8217;objectiu <em>&#8220;\u00e9s que aquest sal\u00f3, que\u00a0aplega sectors decisius per aportar valor afegit a l&#8217;activitat econ\u00f2mica, es consolidi en un lloc com a La Farga&#8221;<\/em>.<\/p>\n<p>Garc\u00eda Mompel, que avui ha fet tasques d&#8217;alcalde accidental, ha puntualitzat que <em>&#8220;quan parlem d&#8217;innovaci\u00f3 cal tenir en compte els projectes d&#8217;empresa, per\u00f2 tamb\u00e9 les millores dels processos productius i la gesti\u00f3 de les empreses&#8221;<\/em>.<\/p>\n<p>En l&#8217;acte d&#8217;inauguraci\u00f3 d&#8217;Innova Barcelona, sal\u00f3 que estar\u00e0 a La Farga fins dissabte, han participat\u00a0Florent Godin, CEO grup Conceptum i president d&#8217;Innova, qui ha agra\u00eft &#8220;<em>la col\u00b7laboraci\u00f3 de la Farga per dur a terme aquest esdeveniment&#8221;<\/em>, H\u00e9ctor Santcovsky, director de\u00a0Desenvolupament Social i Econ\u00f2mic de l&#8217;\u00c0rea Metropolitana de Barcelona,\u00a0Manuel Plesa, C\u00f2nsol General de Romania a Barcelona,\u00a0Roc\u00edo Ram\u00edrez, regidora de Turisme i Desenvolupament Econ\u00f2mic de l&#8217;Ajuntament i consellera de La Farga,\u00a0Ramon Pons, president PIMEC Baix Llobregat-L&#8217;Hospitalet, Manuel Rosillo, president d&#8217;AEBALL-UPMBALL, els tamb\u00e9 consellers de La Farga, Rosa Fiol (directora general de AEBALL-UPMBALL) i Joan Martorell, president de la delegaci\u00f3 de L&#8217;Hospitalet de la Cambra de Comer\u00e7 de Barcelona, Baltasar Pozuelo, president de l&#8217;Associaci\u00f3 d&#8217;Empresarial Pedrosa i\u00a0Manuel Matell\u00e1n, director del Club de Inventores Espa\u00f1oles, qui ha destacat en declaracions a Televisi\u00f3 de L&#8217;Hospitalet\u00a0que\u00a0<em>&#8220;els inventors i els innovadors necessiten el coneixement, la quota de mercat i la log\u00edstica de les grans empreses per tirar els seus projectes endavant&#8221;.<\/em><\/p>\n<p>Els sectors representats en aquesta segona edici\u00f3 d\u2019Innova Barcelona s\u00f3n: Medicina i salut, Ind\u00fastria i processos industrials, Energia i sostenibilitat, Serveis i turisme i Estil de vida, oci i cultura.<\/p>\n<p>Una altra novetat \u00e9s la col\u00b7laboraci\u00f3 de Catalunya Empr\u00e8n, F. Iniciativas, BLE, PIMEC, SMART Cat, AEBALL i la Cambra de Comer\u00e7 de Barcelona.<\/p>\n<p><strong><a href=\"http:\/\/www.innova-barcelona.com\/agenda\/\" target=\"_blank\" rel=\"noopener noreferrer\">Consulta tota l\u2019agenda d\u2019activitats d\u2019Innova Barcelona 2017<\/a>.<\/strong><\/p>\n","protected":false},"excerpt":{"rendered":"<p>Innova, el sal\u00f3 internacional de la innovaci\u00f3, ha obert portes a La Farga Centre d&#8217;Activitats en la seva segona edici\u00f3. <\/p>\n","protected":false},"author":1,"featured_media":4959,"comment_status":"closed","ping_status":"closed","sticky":false,"template":"","format":"standard","meta":{"_monsterinsights_skip_tracking":false,"_monsterinsights_sitenote_active":false,"_monsterinsights_sitenote_note":"","_monsterinsights_sitenote_category":0,"footnotes":""},"categories":[83],"tags":[],"class_list":["post-4958","post","type-post","status-publish","format-standard","has-post-thumbnail","hentry","category-noticies"],"yoast_head":"<!-- This site is optimized with the Yoast SEO plugin v27.5 - https:\/\/yoast.com\/product\/yoast-seo-wordpress\/ -->\n<title>Garc\u00eda Mompel: &quot;Innova aplega sectors decisius per aportar valor afegit a l&#039;activitat econ\u00f2mica&quot; - La Farga L&#039;Hospitalet Centre d&#039;Activitats. La Farga GEM, S.A.<\/title>\n<meta name=\"description\" content=\"Innova, el sal\u00f3 internacional de la innovaci\u00f3, ha obert portes, aquest dijous a La Farga Centre d&#039;Activitats, en la seva segona edici\u00f3.\" \/>\n<meta name=\"robots\" content=\"index, follow, max-snippet:-1, max-image-preview:large, max-video-preview:-1\" \/>\n<link rel=\"canonical\" href=\"https:\/\/www.lafargalhospitalet.com\/ca\/garcia-mompel-innova-aplega-sectors-decisius-per-aportar-valor-afegit-activitat-economica\/\" \/>\n<meta property=\"og:locale\" content=\"ca_ES\" \/>\n<meta property=\"og:type\" content=\"article\" \/>\n<meta property=\"og:title\" content=\"Garc\u00eda Mompel: &quot;Innova aplega sectors decisius per aportar valor afegit a l&#039;activitat econ\u00f2mica&quot; - La Farga L&#039;Hospitalet Centre d&#039;Activitats. La Farga GEM, S.A.\" \/>\n<meta property=\"og:description\" content=\"Innova, el sal\u00f3 internacional de la innovaci\u00f3, ha obert portes, aquest dijous a La Farga Centre d&#039;Activitats, en la seva segona edici\u00f3.\" \/>\n<meta property=\"og:url\" content=\"https:\/\/www.lafargalhospitalet.com\/ca\/garcia-mompel-innova-aplega-sectors-decisius-per-aportar-valor-afegit-activitat-economica\/\" \/>\n<meta property=\"og:site_name\" content=\"La Farga L&#039;Hospitalet Centre d&#039;Activitats. La Farga GEM, S.A.\" \/>\n<meta property=\"article:publisher\" content=\"https:\/\/www.facebook.com\/fargahospitalet\/\" \/>\n<meta property=\"article:published_time\" content=\"2017-05-04T14:58:25+00:00\" \/>\n<meta property=\"article:modified_time\" content=\"2025-11-03T17:28:53+00:00\" \/>\n<meta property=\"og:image\" content=\"https:\/\/www.lafargalhospitalet.com\/wp-content\/uploads\/2017\/05\/Mompel-Farga-Innova.jpg\" \/>\n\t<meta property=\"og:image:width\" content=\"730\" \/>\n\t<meta property=\"og:image:height\" content=\"410\" \/>\n\t<meta property=\"og:image:type\" content=\"image\/jpeg\" \/>\n<meta name=\"author\" content=\"La Farga Centre d&#039;Activitats\" \/>\n<meta name=\"twitter:card\" content=\"summary_large_image\" \/>\n<meta name=\"twitter:creator\" content=\"@fargahospitalet\" \/>\n<meta name=\"twitter:site\" content=\"@fargahospitalet\" \/>\n<meta name=\"twitter:label1\" content=\"Escrit per\" \/>\n\t<meta name=\"twitter:data1\" content=\"La Farga Centre d&#039;Activitats\" \/>\n\t<meta name=\"twitter:label2\" content=\"Temps estimat de lectura\" \/>\n\t<meta name=\"twitter:data2\" content=\"2 minuts\" \/>\n<script type=\"application\/ld+json\" class=\"yoast-schema-graph\">{\"@context\":\"https:\\\/\\\/schema.org\",\"@graph\":[{\"@type\":\"Article\",\"@id\":\"https:\\\/\\\/www.lafargalhospitalet.com\\\/ca\\\/garcia-mompel-innova-aplega-sectors-decisius-per-aportar-valor-afegit-activitat-economica\\\/#article\",\"isPartOf\":{\"@id\":\"https:\\\/\\\/www.lafargalhospitalet.com\\\/ca\\\/garcia-mompel-innova-aplega-sectors-decisius-per-aportar-valor-afegit-activitat-economica\\\/\"},\"author\":{\"name\":\"La Farga Centre d'Activitats\",\"@id\":\"https:\\\/\\\/www.lafargalhospitalet.com\\\/#\\\/schema\\\/person\\\/6cbac0ef7748506b167ff859e1c7f378\"},\"headline\":\"Garc\u00eda Mompel: &#8220;Innova aplega sectors decisius per aportar valor afegit a l&#8217;activitat econ\u00f2mica&#8221;\",\"datePublished\":\"2017-05-04T14:58:25+00:00\",\"dateModified\":\"2025-11-03T17:28:53+00:00\",\"mainEntityOfPage\":{\"@id\":\"https:\\\/\\\/www.lafargalhospitalet.com\\\/ca\\\/garcia-mompel-innova-aplega-sectors-decisius-per-aportar-valor-afegit-activitat-economica\\\/\"},\"wordCount\":371,\"publisher\":{\"@id\":\"https:\\\/\\\/www.lafargalhospitalet.com\\\/#organization\"},\"image\":{\"@id\":\"https:\\\/\\\/www.lafargalhospitalet.com\\\/ca\\\/garcia-mompel-innova-aplega-sectors-decisius-per-aportar-valor-afegit-activitat-economica\\\/#primaryimage\"},\"thumbnailUrl\":\"https:\\\/\\\/www.lafargalhospitalet.com\\\/wp-content\\\/uploads\\\/2017\\\/05\\\/Mompel-Farga-Innova.jpg\",\"articleSection\":[\"Noticies\"],\"inLanguage\":\"ca\"},{\"@type\":\"WebPage\",\"@id\":\"https:\\\/\\\/www.lafargalhospitalet.com\\\/ca\\\/garcia-mompel-innova-aplega-sectors-decisius-per-aportar-valor-afegit-activitat-economica\\\/\",\"url\":\"https:\\\/\\\/www.lafargalhospitalet.com\\\/ca\\\/garcia-mompel-innova-aplega-sectors-decisius-per-aportar-valor-afegit-activitat-economica\\\/\",\"name\":\"Garc\u00eda Mompel: \\\"Innova aplega sectors decisius per aportar valor afegit a l'activitat econ\u00f2mica\\\" - La Farga L&#039;Hospitalet Centre d&#039;Activitats. La Farga GEM, S.A.\",\"isPartOf\":{\"@id\":\"https:\\\/\\\/www.lafargalhospitalet.com\\\/#website\"},\"primaryImageOfPage\":{\"@id\":\"https:\\\/\\\/www.lafargalhospitalet.com\\\/ca\\\/garcia-mompel-innova-aplega-sectors-decisius-per-aportar-valor-afegit-activitat-economica\\\/#primaryimage\"},\"image\":{\"@id\":\"https:\\\/\\\/www.lafargalhospitalet.com\\\/ca\\\/garcia-mompel-innova-aplega-sectors-decisius-per-aportar-valor-afegit-activitat-economica\\\/#primaryimage\"},\"thumbnailUrl\":\"https:\\\/\\\/www.lafargalhospitalet.com\\\/wp-content\\\/uploads\\\/2017\\\/05\\\/Mompel-Farga-Innova.jpg\",\"datePublished\":\"2017-05-04T14:58:25+00:00\",\"dateModified\":\"2025-11-03T17:28:53+00:00\",\"description\":\"Innova, el sal\u00f3 internacional de la innovaci\u00f3, ha obert portes, aquest dijous a La Farga Centre d'Activitats, en la seva segona edici\u00f3.\",\"breadcrumb\":{\"@id\":\"https:\\\/\\\/www.lafargalhospitalet.com\\\/ca\\\/garcia-mompel-innova-aplega-sectors-decisius-per-aportar-valor-afegit-activitat-economica\\\/#breadcrumb\"},\"inLanguage\":\"ca\",\"potentialAction\":[{\"@type\":\"ReadAction\",\"target\":[\"https:\\\/\\\/www.lafargalhospitalet.com\\\/ca\\\/garcia-mompel-innova-aplega-sectors-decisius-per-aportar-valor-afegit-activitat-economica\\\/\"]}]},{\"@type\":\"ImageObject\",\"inLanguage\":\"ca\",\"@id\":\"https:\\\/\\\/www.lafargalhospitalet.com\\\/ca\\\/garcia-mompel-innova-aplega-sectors-decisius-per-aportar-valor-afegit-activitat-economica\\\/#primaryimage\",\"url\":\"https:\\\/\\\/www.lafargalhospitalet.com\\\/wp-content\\\/uploads\\\/2017\\\/05\\\/Mompel-Farga-Innova.jpg\",\"contentUrl\":\"https:\\\/\\\/www.lafargalhospitalet.com\\\/wp-content\\\/uploads\\\/2017\\\/05\\\/Mompel-Farga-Innova.jpg\",\"width\":730,\"height\":410,\"caption\":\"Mompel Farga Innova\"},{\"@type\":\"BreadcrumbList\",\"@id\":\"https:\\\/\\\/www.lafargalhospitalet.com\\\/ca\\\/garcia-mompel-innova-aplega-sectors-decisius-per-aportar-valor-afegit-activitat-economica\\\/#breadcrumb\",\"itemListElement\":[{\"@type\":\"ListItem\",\"position\":1,\"name\":\"Portada\",\"item\":\"https:\\\/\\\/www.lafargalhospitalet.com\\\/\"},{\"@type\":\"ListItem\",\"position\":2,\"name\":\"Garc\u00eda Mompel: &#8220;Innova aplega sectors decisius per aportar valor afegit a l&#8217;activitat econ\u00f2mica&#8221;\"}]},{\"@type\":\"WebSite\",\"@id\":\"https:\\\/\\\/www.lafargalhospitalet.com\\\/#website\",\"url\":\"https:\\\/\\\/www.lafargalhospitalet.com\\\/\",\"name\":\"La Farga L'Hospitalet Centre d'Activitats. La Farga GEM, S.A.\",\"description\":\"La Farga L&#039;Hospitalet Centre d&#039;Activitats. Gestionat per La Farga GEM, S.A. Fires i Congressos. Concerts, exposicions, reunions, filmacions, sopars de gala.\",\"publisher\":{\"@id\":\"https:\\\/\\\/www.lafargalhospitalet.com\\\/#organization\"},\"potentialAction\":[{\"@type\":\"SearchAction\",\"target\":{\"@type\":\"EntryPoint\",\"urlTemplate\":\"https:\\\/\\\/www.lafargalhospitalet.com\\\/?s={search_term_string}\"},\"query-input\":{\"@type\":\"PropertyValueSpecification\",\"valueRequired\":true,\"valueName\":\"search_term_string\"}}],\"inLanguage\":\"ca\"},{\"@type\":\"Organization\",\"@id\":\"https:\\\/\\\/www.lafargalhospitalet.com\\\/#organization\",\"name\":\"La Farga L'Hospitalet Centre d'Activitats. La Farga GEM, S.A.\",\"url\":\"https:\\\/\\\/www.lafargalhospitalet.com\\\/\",\"logo\":{\"@type\":\"ImageObject\",\"inLanguage\":\"ca\",\"@id\":\"https:\\\/\\\/www.lafargalhospitalet.com\\\/#\\\/schema\\\/logo\\\/image\\\/\",\"url\":\"https:\\\/\\\/www.lafargalhospitalet.com\\\/wp-content\\\/uploads\\\/2025\\\/10\\\/logotipo_lafarga_centre_activitats.png\",\"contentUrl\":\"https:\\\/\\\/www.lafargalhospitalet.com\\\/wp-content\\\/uploads\\\/2025\\\/10\\\/logotipo_lafarga_centre_activitats.png\",\"width\":266,\"height\":101,\"caption\":\"La Farga L'Hospitalet Centre d'Activitats. La Farga GEM, S.A.\"},\"image\":{\"@id\":\"https:\\\/\\\/www.lafargalhospitalet.com\\\/#\\\/schema\\\/logo\\\/image\\\/\"},\"sameAs\":[\"https:\\\/\\\/www.facebook.com\\\/fargahospitalet\\\/\",\"https:\\\/\\\/x.com\\\/fargahospitalet\",\"https:\\\/\\\/www.instagram.com\\\/lafargahospitalet\\\/\",\"https:\\\/\\\/www.youtube.com\\\/channel\\\/UCoLt6hen3PqGXgbLMGI3Qdw\",\"https:\\\/\\\/www.flickr.com\\\/photos\\\/lafargagemsa\\\/albums\"]},{\"@type\":\"Person\",\"@id\":\"https:\\\/\\\/www.lafargalhospitalet.com\\\/#\\\/schema\\\/person\\\/6cbac0ef7748506b167ff859e1c7f378\",\"name\":\"La Farga Centre d'Activitats\",\"sameAs\":[\"https:\\\/\\\/www.lafargalhospitalet.com\"],\"url\":\"https:\\\/\\\/www.lafargalhospitalet.com\\\/ca\\\/author\\\/far25gmin\\\/\"}]}<\/script>\n<!-- \/ Yoast SEO plugin. -->","yoast_head_json":{"title":"Garc\u00eda Mompel: \"Innova aplega sectors decisius per aportar valor afegit a l'activitat econ\u00f2mica\" - La Farga L&#039;Hospitalet Centre d&#039;Activitats. La Farga GEM, S.A.","description":"Innova, el sal\u00f3 internacional de la innovaci\u00f3, ha obert portes, aquest dijous a La Farga Centre d'Activitats, en la seva segona edici\u00f3.","robots":{"index":"index","follow":"follow","max-snippet":"max-snippet:-1","max-image-preview":"max-image-preview:large","max-video-preview":"max-video-preview:-1"},"canonical":"https:\/\/www.lafargalhospitalet.com\/ca\/garcia-mompel-innova-aplega-sectors-decisius-per-aportar-valor-afegit-activitat-economica\/","og_locale":"ca_ES","og_type":"article","og_title":"Garc\u00eda Mompel: \"Innova aplega sectors decisius per aportar valor afegit a l'activitat econ\u00f2mica\" - La Farga L&#039;Hospitalet Centre d&#039;Activitats. La Farga GEM, S.A.","og_description":"Innova, el sal\u00f3 internacional de la innovaci\u00f3, ha obert portes, aquest dijous a La Farga Centre d'Activitats, en la seva segona edici\u00f3.","og_url":"https:\/\/www.lafargalhospitalet.com\/ca\/garcia-mompel-innova-aplega-sectors-decisius-per-aportar-valor-afegit-activitat-economica\/","og_site_name":"La Farga L&#039;Hospitalet Centre d&#039;Activitats. La Farga GEM, S.A.","article_publisher":"https:\/\/www.facebook.com\/fargahospitalet\/","article_published_time":"2017-05-04T14:58:25+00:00","article_modified_time":"2025-11-03T17:28:53+00:00","og_image":[{"width":730,"height":410,"url":"https:\/\/www.lafargalhospitalet.com\/wp-content\/uploads\/2017\/05\/Mompel-Farga-Innova.jpg","type":"image\/jpeg"}],"author":"La Farga Centre d'Activitats","twitter_card":"summary_large_image","twitter_creator":"@fargahospitalet","twitter_site":"@fargahospitalet","twitter_misc":{"Escrit per":"La Farga Centre d'Activitats","Temps estimat de lectura":"2 minuts"},"schema":{"@context":"https:\/\/schema.org","@graph":[{"@type":"Article","@id":"https:\/\/www.lafargalhospitalet.com\/ca\/garcia-mompel-innova-aplega-sectors-decisius-per-aportar-valor-afegit-activitat-economica\/#article","isPartOf":{"@id":"https:\/\/www.lafargalhospitalet.com\/ca\/garcia-mompel-innova-aplega-sectors-decisius-per-aportar-valor-afegit-activitat-economica\/"},"author":{"name":"La Farga Centre d'Activitats","@id":"https:\/\/www.lafargalhospitalet.com\/#\/schema\/person\/6cbac0ef7748506b167ff859e1c7f378"},"headline":"Garc\u00eda Mompel: &#8220;Innova aplega sectors decisius per aportar valor afegit a l&#8217;activitat econ\u00f2mica&#8221;","datePublished":"2017-05-04T14:58:25+00:00","dateModified":"2025-11-03T17:28:53+00:00","mainEntityOfPage":{"@id":"https:\/\/www.lafargalhospitalet.com\/ca\/garcia-mompel-innova-aplega-sectors-decisius-per-aportar-valor-afegit-activitat-economica\/"},"wordCount":371,"publisher":{"@id":"https:\/\/www.lafargalhospitalet.com\/#organization"},"image":{"@id":"https:\/\/www.lafargalhospitalet.com\/ca\/garcia-mompel-innova-aplega-sectors-decisius-per-aportar-valor-afegit-activitat-economica\/#primaryimage"},"thumbnailUrl":"https:\/\/www.lafargalhospitalet.com\/wp-content\/uploads\/2017\/05\/Mompel-Farga-Innova.jpg","articleSection":["Noticies"],"inLanguage":"ca"},{"@type":"WebPage","@id":"https:\/\/www.lafargalhospitalet.com\/ca\/garcia-mompel-innova-aplega-sectors-decisius-per-aportar-valor-afegit-activitat-economica\/","url":"https:\/\/www.lafargalhospitalet.com\/ca\/garcia-mompel-innova-aplega-sectors-decisius-per-aportar-valor-afegit-activitat-economica\/","name":"Garc\u00eda Mompel: \"Innova aplega sectors decisius per aportar valor afegit a l'activitat econ\u00f2mica\" - La Farga L&#039;Hospitalet Centre d&#039;Activitats. La Farga GEM, S.A.","isPartOf":{"@id":"https:\/\/www.lafargalhospitalet.com\/#website"},"primaryImageOfPage":{"@id":"https:\/\/www.lafargalhospitalet.com\/ca\/garcia-mompel-innova-aplega-sectors-decisius-per-aportar-valor-afegit-activitat-economica\/#primaryimage"},"image":{"@id":"https:\/\/www.lafargalhospitalet.com\/ca\/garcia-mompel-innova-aplega-sectors-decisius-per-aportar-valor-afegit-activitat-economica\/#primaryimage"},"thumbnailUrl":"https:\/\/www.lafargalhospitalet.com\/wp-content\/uploads\/2017\/05\/Mompel-Farga-Innova.jpg","datePublished":"2017-05-04T14:58:25+00:00","dateModified":"2025-11-03T17:28:53+00:00","description":"Innova, el sal\u00f3 internacional de la innovaci\u00f3, ha obert portes, aquest dijous a La Farga Centre d'Activitats, en la seva segona edici\u00f3.","breadcrumb":{"@id":"https:\/\/www.lafargalhospitalet.com\/ca\/garcia-mompel-innova-aplega-sectors-decisius-per-aportar-valor-afegit-activitat-economica\/#breadcrumb"},"inLanguage":"ca","potentialAction":[{"@type":"ReadAction","target":["https:\/\/www.lafargalhospitalet.com\/ca\/garcia-mompel-innova-aplega-sectors-decisius-per-aportar-valor-afegit-activitat-economica\/"]}]},{"@type":"ImageObject","inLanguage":"ca","@id":"https:\/\/www.lafargalhospitalet.com\/ca\/garcia-mompel-innova-aplega-sectors-decisius-per-aportar-valor-afegit-activitat-economica\/#primaryimage","url":"https:\/\/www.lafargalhospitalet.com\/wp-content\/uploads\/2017\/05\/Mompel-Farga-Innova.jpg","contentUrl":"https:\/\/www.lafargalhospitalet.com\/wp-content\/uploads\/2017\/05\/Mompel-Farga-Innova.jpg","width":730,"height":410,"caption":"Mompel Farga Innova"},{"@type":"BreadcrumbList","@id":"https:\/\/www.lafargalhospitalet.com\/ca\/garcia-mompel-innova-aplega-sectors-decisius-per-aportar-valor-afegit-activitat-economica\/#breadcrumb","itemListElement":[{"@type":"ListItem","position":1,"name":"Portada","item":"https:\/\/www.lafargalhospitalet.com\/"},{"@type":"ListItem","position":2,"name":"Garc\u00eda Mompel: &#8220;Innova aplega sectors decisius per aportar valor afegit a l&#8217;activitat econ\u00f2mica&#8221;"}]},{"@type":"WebSite","@id":"https:\/\/www.lafargalhospitalet.com\/#website","url":"https:\/\/www.lafargalhospitalet.com\/","name":"La Farga L'Hospitalet Centre d'Activitats. La Farga GEM, S.A.","description":"La Farga L&#039;Hospitalet Centre d&#039;Activitats. Gestionat per La Farga GEM, S.A. Fires i Congressos. Concerts, exposicions, reunions, filmacions, sopars de gala.","publisher":{"@id":"https:\/\/www.lafargalhospitalet.com\/#organization"},"potentialAction":[{"@type":"SearchAction","target":{"@type":"EntryPoint","urlTemplate":"https:\/\/www.lafargalhospitalet.com\/?s={search_term_string}"},"query-input":{"@type":"PropertyValueSpecification","valueRequired":true,"valueName":"search_term_string"}}],"inLanguage":"ca"},{"@type":"Organization","@id":"https:\/\/www.lafargalhospitalet.com\/#organization","name":"La Farga L'Hospitalet Centre d'Activitats. La Farga GEM, S.A.","url":"https:\/\/www.lafargalhospitalet.com\/","logo":{"@type":"ImageObject","inLanguage":"ca","@id":"https:\/\/www.lafargalhospitalet.com\/#\/schema\/logo\/image\/","url":"https:\/\/www.lafargalhospitalet.com\/wp-content\/uploads\/2025\/10\/logotipo_lafarga_centre_activitats.png","contentUrl":"https:\/\/www.lafargalhospitalet.com\/wp-content\/uploads\/2025\/10\/logotipo_lafarga_centre_activitats.png","width":266,"height":101,"caption":"La Farga L'Hospitalet Centre d'Activitats. La Farga GEM, S.A."},"image":{"@id":"https:\/\/www.lafargalhospitalet.com\/#\/schema\/logo\/image\/"},"sameAs":["https:\/\/www.facebook.com\/fargahospitalet\/","https:\/\/x.com\/fargahospitalet","https:\/\/www.instagram.com\/lafargahospitalet\/","https:\/\/www.youtube.com\/channel\/UCoLt6hen3PqGXgbLMGI3Qdw","https:\/\/www.flickr.com\/photos\/lafargagemsa\/albums"]},{"@type":"Person","@id":"https:\/\/www.lafargalhospitalet.com\/#\/schema\/person\/6cbac0ef7748506b167ff859e1c7f378","name":"La Farga Centre d'Activitats","sameAs":["https:\/\/www.lafargalhospitalet.com"],"url":"https:\/\/www.lafargalhospitalet.com\/ca\/author\/far25gmin\/"}]}},"_links":{"self":[{"href":"https:\/\/www.lafargalhospitalet.com\/ca\/wp-json\/wp\/v2\/posts\/4958","targetHints":{"allow":["GET"]}}],"collection":[{"href":"https:\/\/www.lafargalhospitalet.com\/ca\/wp-json\/wp\/v2\/posts"}],"about":[{"href":"https:\/\/www.lafargalhospitalet.com\/ca\/wp-json\/wp\/v2\/types\/post"}],"author":[{"embeddable":true,"href":"https:\/\/www.lafargalhospitalet.com\/ca\/wp-json\/wp\/v2\/users\/1"}],"replies":[{"embeddable":true,"href":"https:\/\/www.lafargalhospitalet.com\/ca\/wp-json\/wp\/v2\/comments?post=4958"}],"version-history":[{"count":0,"href":"https:\/\/www.lafargalhospitalet.com\/ca\/wp-json\/wp\/v2\/posts\/4958\/revisions"}],"wp:featuredmedia":[{"embeddable":true,"href":"https:\/\/www.lafargalhospitalet.com\/ca\/wp-json\/wp\/v2\/media\/4959"}],"wp:attachment":[{"href":"https:\/\/www.lafargalhospitalet.com\/ca\/wp-json\/wp\/v2\/media?parent=4958"}],"wp:term":[{"taxonomy":"category","embeddable":true,"href":"https:\/\/www.lafargalhospitalet.com\/ca\/wp-json\/wp\/v2\/categories?post=4958"},{"taxonomy":"post_tag","embeddable":true,"href":"https:\/\/www.lafargalhospitalet.com\/ca\/wp-json\/wp\/v2\/tags?post=4958"}],"curies":[{"name":"wp","href":"https:\/\/api.w.org\/{rel}","templated":true}]}}