{"id":5032,"date":"2017-06-14T11:46:18","date_gmt":"2017-06-14T10:46:18","guid":{"rendered":"http:\/\/www.lafargalhospitalet.com\/?p=5032"},"modified":"2025-11-03T18:28:43","modified_gmt":"2025-11-03T17:28:43","slug":"jornades-aificc-centrades-millora-atencio-primaria","status":"publish","type":"post","link":"https:\/\/www.lafargalhospitalet.com\/ca\/jornades-aificc-centrades-millora-atencio-primaria\/","title":{"rendered":"Les jornades de l&#8217;AIFiCC, centrades en la millora de l&#8217;atenci\u00f3 prim\u00e0ria"},"content":{"rendered":"<h5>L\u2019AIFiCC organitza les VI Jornades d\u2019Actualitzaci\u00f3 d\u2019Infermeria Familiar i Comunit\u00e0ria, a La Farga<\/h5>\n<p>Aquest dimecres ha comen\u00e7at a La Farga les Jornades organitzades per l&#8217;<a href=\"http:\/\/www.aificc.cat\/\" target=\"_blank\" rel=\"noopener noreferrer\"><strong>AIFiCC<\/strong><\/a> on les infermeres de prim\u00e0ria alerten que cada cop es menja menys en fam\u00edlia i aix\u00f2 va en detriment d\u2019una alimentaci\u00f3 saludable.<\/p>\n<p>Les infermeres de prim\u00e0ria tamb\u00e9 destaquen que hi ha un increment del consum de prote\u00efna, es menja massa sucre refinat i s\u2019estan implementant costums alimentaris d\u2019altres cultures (<em>fast food<\/em>) en detriment de la dieta mediterr\u00e0nia.<\/p>\n<p>Una de les tasques d&#8217;infermeria \u00e9s la promoci\u00f3 d&#8217;h\u00e0bits i estils de vida saludable, a trav\u00e9s de la informaci\u00f3 i sensibilitzaci\u00f3 a la poblaci\u00f3. De fet, \u00e9s a les consultes d\u2019infermeria d\u2019atenci\u00f3 prim\u00e0ria on es detecten en els nens i infants els problemes relacionats amb l&#8217;alimentaci\u00f3 i des d\u2019on es promouen els bons h\u00e0bits en l&#8217;alimentaci\u00f3, tant del nen com del nucli familiar, perqu\u00e8 com destaca la infermera i s\u00f2cia de l\u2019AIFiCC, Cristina Laserna <em>\u201cuna de les grans dificultats que ens trobem \u00e9s la poca implicaci\u00f3 de la fam\u00edlia. En aquest casos, fer un abordatge que nom\u00e9s \u00e9s pel nen (pacient) i no pel nucli familiar comporta un frac\u00e0s, si no modifiquem o tenim h\u00e0bits saludables a nivell de la fam\u00edlia, no aconseguirem que el nen mengi millor, i molt menys que adopti un estil de vida saludable per l\u2019edat adulta\u201d<\/em>.<\/p>\n<p>Les infermeres de prim\u00e0ria destaquen que s\u2019est\u00e0 observant que les dietes en edats ben primerenques ja tenen un exc\u00e9s de sucres refinats i de greixos. De fet, segons dades de l\u2019Enquesta de Salut de Catalunya 2015, en la poblaci\u00f3 de 3 a 14 anys s\u2019observa que : un 27,5% consumeix freq\u00fcentment productes de contingut cal\u00f2ric elevat, un 15,4% brioxeria industrial i llaminadures, un 13,2% begudes ensucrades o refrescos.<\/p>\n<p>Tamb\u00e9 han observat que es consumeix m\u00e9s prote\u00efna de la necess\u00e0ria, cosa que no nom\u00e9s no implica un major creixement, sin\u00f3 que suposa un esfor\u00e7 innecessari per a determinats \u00f2rgans (fetge\/rony\u00f3), i que s\u2019estan adquirint costums d\u2019altres cultures (<em>fast food<\/em>) en detriment de la nostra dieta mediterr\u00e0nia tan beneficiosa i recomanable.<\/p>\n<p>A m\u00e9s, diu la infermera Paola Ravent\u00f3s, hi ha altres elements que tamb\u00e9 afavoreixen una mala alimentaci\u00f3 <em>\u201cs\u2019est\u00e0 perdent l\u2019acte de menjar com a acte social, es menja poc en fam\u00edlia, tots junts a taula, tamb\u00e9 es fan pocs \u00e0pats al dia (en lloc de dividir la ingesta d\u2019aliments en 4-5 cops durant el dia), i a m\u00e9s tenim un estil de vida poc saludable. Els nostres nens i nenes fan poca activitat f\u00edsica, i s\u00f3n massa sedentaris\u201d<\/em>.<\/p>\n<p>Tot plegat ens porta a que un 31.8% dels nens entre de 6 a 12 anys tingui exc\u00e9s de pes, que un 19,1% tingui sobrep\u00e8s i 12,6% presenti obesitat, segons dades de l\u2019Enquesta de Salut a Catalunya de 2015.<\/p>\n<h5>Alimentaci\u00f3 en edats primerenques<\/h5>\n<p>En aquest sentit, cal apostar des de ben petits per introduir h\u00e0bits alimentaris saludables, i per aix\u00f2 des de l\u2019AIFiCC recorden que cal fer nom\u00e9s lact\u00e0ncia (si es materna, millor) fins als 6 mesos, i fins als dos anys juntament amb alimentaci\u00f3 complement\u00e0ria. I que no s\u2019ha d\u2019iniciar l\u2019alimentaci\u00f3 complement\u00e0ria abans del 4 mesos o despr\u00e9s dels 6 mesos, perqu\u00e8 pot produir efectes adversos en el creixement i desenvolupament, en les funcions renal, intestinal i metab\u00f2lica, aix\u00ed com en la conducta i h\u00e0bits diet\u00e8tics de l\u2019infant. Aix\u00ed mateix, la introducci\u00f3 tardana d&#8217;aliments potencialment al\u00b7lerg\u00f2gens no t\u00e9 cap efecte preventiu en el desenvolupament d&#8217;al\u00b7l\u00e8rgies (ni en la poblaci\u00f3 en general ni en la de risc).<\/p>\n<p>Anna Mulero, infermera i s\u00f2cia d\u2019AIFiCC matisa respecte a l\u2019alimentaci\u00f3 complement\u00e0ria que cal que sigui<em> \u201cequilibrada, variada, suficient i individualitzada, que l\u2019infant mengi en un ambient relaxat i c\u00f2mode durant els \u00e0pats. No for\u00e7ar, i respectar la sensaci\u00f3 de gana (en abs\u00e8ncia malaltia), promoure h\u00e0bits higi\u00e8nics, alimentaris i de comportament adequats, aix\u00ed com socials ( fent \u00e0pats en fam\u00edlia) i fomentar el descobriment i acceptaci\u00f3 dels diferents aliments per part del nad\u00f3, educant en el plaer de menjar amb moderaci\u00f3\u201d<\/em>, tal i com recull el Departament de Salut a les Recomanacions per a l\u2019alimentaci\u00f3 a la primera inf\u00e0ncia (0-3 anys).<\/p>\n","protected":false},"excerpt":{"rendered":"<p>L\u2019AIFiCC organitza les VI Jornades d\u2019Actualitzaci\u00f3 d\u2019Infermeria Familiar i Comunit\u00e0ria, a La Farga Congress.<\/p>\n","protected":false},"author":1,"featured_media":5033,"comment_status":"closed","ping_status":"closed","sticky":false,"template":"","format":"standard","meta":{"_monsterinsights_skip_tracking":false,"_monsterinsights_sitenote_active":false,"_monsterinsights_sitenote_note":"","_monsterinsights_sitenote_category":0,"footnotes":""},"categories":[83],"tags":[],"class_list":["post-5032","post","type-post","status-publish","format-standard","has-post-thumbnail","hentry","category-noticies"],"yoast_head":"<!-- This site is optimized with the Yoast SEO plugin v27.5 - https:\/\/yoast.com\/product\/yoast-seo-wordpress\/ -->\n<title>Les jornades de l&#039;AIFiCC, centrades en la millora de l&#039;atenci\u00f3 prim\u00e0ria - La Farga L&#039;Hospitalet Centre d&#039;Activitats. La Farga GEM, S.A.<\/title>\n<meta name=\"description\" content=\"L\u2019AIFCC organitza les VI Jornades d\u2019Actualitzaci\u00f3 d\u2019Infermeria Familiar i Comunit\u00e0ria, a La Farga Congress, centrades en l&#039;atenci\u00f3 prim\u00e0ria.\" \/>\n<meta name=\"robots\" content=\"index, follow, max-snippet:-1, max-image-preview:large, max-video-preview:-1\" \/>\n<link rel=\"canonical\" href=\"https:\/\/www.lafargalhospitalet.com\/ca\/jornades-aificc-centrades-millora-atencio-primaria\/\" \/>\n<meta property=\"og:locale\" content=\"ca_ES\" \/>\n<meta property=\"og:type\" content=\"article\" \/>\n<meta property=\"og:title\" content=\"Les jornades de l&#039;AIFiCC, centrades en la millora de l&#039;atenci\u00f3 prim\u00e0ria - La Farga L&#039;Hospitalet Centre d&#039;Activitats. La Farga GEM, S.A.\" \/>\n<meta property=\"og:description\" content=\"L\u2019AIFCC organitza les VI Jornades d\u2019Actualitzaci\u00f3 d\u2019Infermeria Familiar i Comunit\u00e0ria, a La Farga Congress, centrades en l&#039;atenci\u00f3 prim\u00e0ria.\" \/>\n<meta property=\"og:url\" content=\"https:\/\/www.lafargalhospitalet.com\/ca\/jornades-aificc-centrades-millora-atencio-primaria\/\" \/>\n<meta property=\"og:site_name\" content=\"La Farga L&#039;Hospitalet Centre d&#039;Activitats. La Farga GEM, S.A.\" \/>\n<meta property=\"article:publisher\" content=\"https:\/\/www.facebook.com\/fargahospitalet\/\" \/>\n<meta property=\"article:published_time\" content=\"2017-06-14T10:46:18+00:00\" \/>\n<meta property=\"article:modified_time\" content=\"2025-11-03T17:28:43+00:00\" \/>\n<meta property=\"og:image\" content=\"https:\/\/www.lafargalhospitalet.com\/wp-content\/uploads\/2017\/06\/Jornades-AIFICC-Farga.jpg\" \/>\n\t<meta property=\"og:image:width\" content=\"730\" \/>\n\t<meta property=\"og:image:height\" content=\"410\" \/>\n\t<meta property=\"og:image:type\" content=\"image\/jpeg\" \/>\n<meta name=\"author\" content=\"La Farga Centre d&#039;Activitats\" \/>\n<meta name=\"twitter:card\" content=\"summary_large_image\" \/>\n<meta name=\"twitter:creator\" content=\"@fargahospitalet\" \/>\n<meta name=\"twitter:site\" content=\"@fargahospitalet\" \/>\n<meta name=\"twitter:label1\" content=\"Escrit per\" \/>\n\t<meta name=\"twitter:data1\" content=\"La Farga Centre d&#039;Activitats\" \/>\n\t<meta name=\"twitter:label2\" content=\"Temps estimat de lectura\" \/>\n\t<meta name=\"twitter:data2\" content=\"4 minuts\" \/>\n<script type=\"application\/ld+json\" class=\"yoast-schema-graph\">{\"@context\":\"https:\\\/\\\/schema.org\",\"@graph\":[{\"@type\":\"Article\",\"@id\":\"https:\\\/\\\/www.lafargalhospitalet.com\\\/ca\\\/jornades-aificc-centrades-millora-atencio-primaria\\\/#article\",\"isPartOf\":{\"@id\":\"https:\\\/\\\/www.lafargalhospitalet.com\\\/ca\\\/jornades-aificc-centrades-millora-atencio-primaria\\\/\"},\"author\":{\"name\":\"La Farga Centre d'Activitats\",\"@id\":\"https:\\\/\\\/www.lafargalhospitalet.com\\\/#\\\/schema\\\/person\\\/6cbac0ef7748506b167ff859e1c7f378\"},\"headline\":\"Les jornades de l&#8217;AIFiCC, centrades en la millora de l&#8217;atenci\u00f3 prim\u00e0ria\",\"datePublished\":\"2017-06-14T10:46:18+00:00\",\"dateModified\":\"2025-11-03T17:28:43+00:00\",\"mainEntityOfPage\":{\"@id\":\"https:\\\/\\\/www.lafargalhospitalet.com\\\/ca\\\/jornades-aificc-centrades-millora-atencio-primaria\\\/\"},\"wordCount\":767,\"publisher\":{\"@id\":\"https:\\\/\\\/www.lafargalhospitalet.com\\\/#organization\"},\"image\":{\"@id\":\"https:\\\/\\\/www.lafargalhospitalet.com\\\/ca\\\/jornades-aificc-centrades-millora-atencio-primaria\\\/#primaryimage\"},\"thumbnailUrl\":\"https:\\\/\\\/www.lafargalhospitalet.com\\\/wp-content\\\/uploads\\\/2017\\\/06\\\/Jornades-AIFICC-Farga.jpg\",\"articleSection\":[\"Noticies\"],\"inLanguage\":\"ca\"},{\"@type\":\"WebPage\",\"@id\":\"https:\\\/\\\/www.lafargalhospitalet.com\\\/ca\\\/jornades-aificc-centrades-millora-atencio-primaria\\\/\",\"url\":\"https:\\\/\\\/www.lafargalhospitalet.com\\\/ca\\\/jornades-aificc-centrades-millora-atencio-primaria\\\/\",\"name\":\"Les jornades de l'AIFiCC, centrades en la millora de l'atenci\u00f3 prim\u00e0ria - La Farga L&#039;Hospitalet Centre d&#039;Activitats. La Farga GEM, S.A.\",\"isPartOf\":{\"@id\":\"https:\\\/\\\/www.lafargalhospitalet.com\\\/#website\"},\"primaryImageOfPage\":{\"@id\":\"https:\\\/\\\/www.lafargalhospitalet.com\\\/ca\\\/jornades-aificc-centrades-millora-atencio-primaria\\\/#primaryimage\"},\"image\":{\"@id\":\"https:\\\/\\\/www.lafargalhospitalet.com\\\/ca\\\/jornades-aificc-centrades-millora-atencio-primaria\\\/#primaryimage\"},\"thumbnailUrl\":\"https:\\\/\\\/www.lafargalhospitalet.com\\\/wp-content\\\/uploads\\\/2017\\\/06\\\/Jornades-AIFICC-Farga.jpg\",\"datePublished\":\"2017-06-14T10:46:18+00:00\",\"dateModified\":\"2025-11-03T17:28:43+00:00\",\"description\":\"L\u2019AIFCC organitza les VI Jornades d\u2019Actualitzaci\u00f3 d\u2019Infermeria Familiar i Comunit\u00e0ria, a La Farga Congress, centrades en l'atenci\u00f3 prim\u00e0ria.\",\"breadcrumb\":{\"@id\":\"https:\\\/\\\/www.lafargalhospitalet.com\\\/ca\\\/jornades-aificc-centrades-millora-atencio-primaria\\\/#breadcrumb\"},\"inLanguage\":\"ca\",\"potentialAction\":[{\"@type\":\"ReadAction\",\"target\":[\"https:\\\/\\\/www.lafargalhospitalet.com\\\/ca\\\/jornades-aificc-centrades-millora-atencio-primaria\\\/\"]}]},{\"@type\":\"ImageObject\",\"inLanguage\":\"ca\",\"@id\":\"https:\\\/\\\/www.lafargalhospitalet.com\\\/ca\\\/jornades-aificc-centrades-millora-atencio-primaria\\\/#primaryimage\",\"url\":\"https:\\\/\\\/www.lafargalhospitalet.com\\\/wp-content\\\/uploads\\\/2017\\\/06\\\/Jornades-AIFICC-Farga.jpg\",\"contentUrl\":\"https:\\\/\\\/www.lafargalhospitalet.com\\\/wp-content\\\/uploads\\\/2017\\\/06\\\/Jornades-AIFICC-Farga.jpg\",\"width\":730,\"height\":410,\"caption\":\"Jornades AIFFIC Prim\u00e0ria\"},{\"@type\":\"BreadcrumbList\",\"@id\":\"https:\\\/\\\/www.lafargalhospitalet.com\\\/ca\\\/jornades-aificc-centrades-millora-atencio-primaria\\\/#breadcrumb\",\"itemListElement\":[{\"@type\":\"ListItem\",\"position\":1,\"name\":\"Portada\",\"item\":\"https:\\\/\\\/www.lafargalhospitalet.com\\\/\"},{\"@type\":\"ListItem\",\"position\":2,\"name\":\"Les jornades de l&#8217;AIFiCC, centrades en la millora de l&#8217;atenci\u00f3 prim\u00e0ria\"}]},{\"@type\":\"WebSite\",\"@id\":\"https:\\\/\\\/www.lafargalhospitalet.com\\\/#website\",\"url\":\"https:\\\/\\\/www.lafargalhospitalet.com\\\/\",\"name\":\"La Farga L'Hospitalet Centre d'Activitats. La Farga GEM, S.A.\",\"description\":\"La Farga L&#039;Hospitalet Centre d&#039;Activitats. Gestionat per La Farga GEM, S.A. Fires i Congressos. Concerts, exposicions, reunions, filmacions, sopars de gala.\",\"publisher\":{\"@id\":\"https:\\\/\\\/www.lafargalhospitalet.com\\\/#organization\"},\"potentialAction\":[{\"@type\":\"SearchAction\",\"target\":{\"@type\":\"EntryPoint\",\"urlTemplate\":\"https:\\\/\\\/www.lafargalhospitalet.com\\\/?s={search_term_string}\"},\"query-input\":{\"@type\":\"PropertyValueSpecification\",\"valueRequired\":true,\"valueName\":\"search_term_string\"}}],\"inLanguage\":\"ca\"},{\"@type\":\"Organization\",\"@id\":\"https:\\\/\\\/www.lafargalhospitalet.com\\\/#organization\",\"name\":\"La Farga L'Hospitalet Centre d'Activitats. La Farga GEM, S.A.\",\"url\":\"https:\\\/\\\/www.lafargalhospitalet.com\\\/\",\"logo\":{\"@type\":\"ImageObject\",\"inLanguage\":\"ca\",\"@id\":\"https:\\\/\\\/www.lafargalhospitalet.com\\\/#\\\/schema\\\/logo\\\/image\\\/\",\"url\":\"https:\\\/\\\/www.lafargalhospitalet.com\\\/wp-content\\\/uploads\\\/2025\\\/10\\\/logotipo_lafarga_centre_activitats.png\",\"contentUrl\":\"https:\\\/\\\/www.lafargalhospitalet.com\\\/wp-content\\\/uploads\\\/2025\\\/10\\\/logotipo_lafarga_centre_activitats.png\",\"width\":266,\"height\":101,\"caption\":\"La Farga L'Hospitalet Centre d'Activitats. La Farga GEM, S.A.\"},\"image\":{\"@id\":\"https:\\\/\\\/www.lafargalhospitalet.com\\\/#\\\/schema\\\/logo\\\/image\\\/\"},\"sameAs\":[\"https:\\\/\\\/www.facebook.com\\\/fargahospitalet\\\/\",\"https:\\\/\\\/x.com\\\/fargahospitalet\",\"https:\\\/\\\/www.instagram.com\\\/lafargahospitalet\\\/\",\"https:\\\/\\\/www.youtube.com\\\/channel\\\/UCoLt6hen3PqGXgbLMGI3Qdw\",\"https:\\\/\\\/www.flickr.com\\\/photos\\\/lafargagemsa\\\/albums\"]},{\"@type\":\"Person\",\"@id\":\"https:\\\/\\\/www.lafargalhospitalet.com\\\/#\\\/schema\\\/person\\\/6cbac0ef7748506b167ff859e1c7f378\",\"name\":\"La Farga Centre d'Activitats\",\"sameAs\":[\"https:\\\/\\\/www.lafargalhospitalet.com\"],\"url\":\"https:\\\/\\\/www.lafargalhospitalet.com\\\/ca\\\/author\\\/far25gmin\\\/\"}]}<\/script>\n<!-- \/ Yoast SEO plugin. -->","yoast_head_json":{"title":"Les jornades de l'AIFiCC, centrades en la millora de l'atenci\u00f3 prim\u00e0ria - La Farga L&#039;Hospitalet Centre d&#039;Activitats. La Farga GEM, S.A.","description":"L\u2019AIFCC organitza les VI Jornades d\u2019Actualitzaci\u00f3 d\u2019Infermeria Familiar i Comunit\u00e0ria, a La Farga Congress, centrades en l'atenci\u00f3 prim\u00e0ria.","robots":{"index":"index","follow":"follow","max-snippet":"max-snippet:-1","max-image-preview":"max-image-preview:large","max-video-preview":"max-video-preview:-1"},"canonical":"https:\/\/www.lafargalhospitalet.com\/ca\/jornades-aificc-centrades-millora-atencio-primaria\/","og_locale":"ca_ES","og_type":"article","og_title":"Les jornades de l'AIFiCC, centrades en la millora de l'atenci\u00f3 prim\u00e0ria - La Farga L&#039;Hospitalet Centre d&#039;Activitats. La Farga GEM, S.A.","og_description":"L\u2019AIFCC organitza les VI Jornades d\u2019Actualitzaci\u00f3 d\u2019Infermeria Familiar i Comunit\u00e0ria, a La Farga Congress, centrades en l'atenci\u00f3 prim\u00e0ria.","og_url":"https:\/\/www.lafargalhospitalet.com\/ca\/jornades-aificc-centrades-millora-atencio-primaria\/","og_site_name":"La Farga L&#039;Hospitalet Centre d&#039;Activitats. La Farga GEM, S.A.","article_publisher":"https:\/\/www.facebook.com\/fargahospitalet\/","article_published_time":"2017-06-14T10:46:18+00:00","article_modified_time":"2025-11-03T17:28:43+00:00","og_image":[{"width":730,"height":410,"url":"https:\/\/www.lafargalhospitalet.com\/wp-content\/uploads\/2017\/06\/Jornades-AIFICC-Farga.jpg","type":"image\/jpeg"}],"author":"La Farga Centre d'Activitats","twitter_card":"summary_large_image","twitter_creator":"@fargahospitalet","twitter_site":"@fargahospitalet","twitter_misc":{"Escrit per":"La Farga Centre d'Activitats","Temps estimat de lectura":"4 minuts"},"schema":{"@context":"https:\/\/schema.org","@graph":[{"@type":"Article","@id":"https:\/\/www.lafargalhospitalet.com\/ca\/jornades-aificc-centrades-millora-atencio-primaria\/#article","isPartOf":{"@id":"https:\/\/www.lafargalhospitalet.com\/ca\/jornades-aificc-centrades-millora-atencio-primaria\/"},"author":{"name":"La Farga Centre d'Activitats","@id":"https:\/\/www.lafargalhospitalet.com\/#\/schema\/person\/6cbac0ef7748506b167ff859e1c7f378"},"headline":"Les jornades de l&#8217;AIFiCC, centrades en la millora de l&#8217;atenci\u00f3 prim\u00e0ria","datePublished":"2017-06-14T10:46:18+00:00","dateModified":"2025-11-03T17:28:43+00:00","mainEntityOfPage":{"@id":"https:\/\/www.lafargalhospitalet.com\/ca\/jornades-aificc-centrades-millora-atencio-primaria\/"},"wordCount":767,"publisher":{"@id":"https:\/\/www.lafargalhospitalet.com\/#organization"},"image":{"@id":"https:\/\/www.lafargalhospitalet.com\/ca\/jornades-aificc-centrades-millora-atencio-primaria\/#primaryimage"},"thumbnailUrl":"https:\/\/www.lafargalhospitalet.com\/wp-content\/uploads\/2017\/06\/Jornades-AIFICC-Farga.jpg","articleSection":["Noticies"],"inLanguage":"ca"},{"@type":"WebPage","@id":"https:\/\/www.lafargalhospitalet.com\/ca\/jornades-aificc-centrades-millora-atencio-primaria\/","url":"https:\/\/www.lafargalhospitalet.com\/ca\/jornades-aificc-centrades-millora-atencio-primaria\/","name":"Les jornades de l'AIFiCC, centrades en la millora de l'atenci\u00f3 prim\u00e0ria - La Farga L&#039;Hospitalet Centre d&#039;Activitats. La Farga GEM, S.A.","isPartOf":{"@id":"https:\/\/www.lafargalhospitalet.com\/#website"},"primaryImageOfPage":{"@id":"https:\/\/www.lafargalhospitalet.com\/ca\/jornades-aificc-centrades-millora-atencio-primaria\/#primaryimage"},"image":{"@id":"https:\/\/www.lafargalhospitalet.com\/ca\/jornades-aificc-centrades-millora-atencio-primaria\/#primaryimage"},"thumbnailUrl":"https:\/\/www.lafargalhospitalet.com\/wp-content\/uploads\/2017\/06\/Jornades-AIFICC-Farga.jpg","datePublished":"2017-06-14T10:46:18+00:00","dateModified":"2025-11-03T17:28:43+00:00","description":"L\u2019AIFCC organitza les VI Jornades d\u2019Actualitzaci\u00f3 d\u2019Infermeria Familiar i Comunit\u00e0ria, a La Farga Congress, centrades en l'atenci\u00f3 prim\u00e0ria.","breadcrumb":{"@id":"https:\/\/www.lafargalhospitalet.com\/ca\/jornades-aificc-centrades-millora-atencio-primaria\/#breadcrumb"},"inLanguage":"ca","potentialAction":[{"@type":"ReadAction","target":["https:\/\/www.lafargalhospitalet.com\/ca\/jornades-aificc-centrades-millora-atencio-primaria\/"]}]},{"@type":"ImageObject","inLanguage":"ca","@id":"https:\/\/www.lafargalhospitalet.com\/ca\/jornades-aificc-centrades-millora-atencio-primaria\/#primaryimage","url":"https:\/\/www.lafargalhospitalet.com\/wp-content\/uploads\/2017\/06\/Jornades-AIFICC-Farga.jpg","contentUrl":"https:\/\/www.lafargalhospitalet.com\/wp-content\/uploads\/2017\/06\/Jornades-AIFICC-Farga.jpg","width":730,"height":410,"caption":"Jornades AIFFIC Prim\u00e0ria"},{"@type":"BreadcrumbList","@id":"https:\/\/www.lafargalhospitalet.com\/ca\/jornades-aificc-centrades-millora-atencio-primaria\/#breadcrumb","itemListElement":[{"@type":"ListItem","position":1,"name":"Portada","item":"https:\/\/www.lafargalhospitalet.com\/"},{"@type":"ListItem","position":2,"name":"Les jornades de l&#8217;AIFiCC, centrades en la millora de l&#8217;atenci\u00f3 prim\u00e0ria"}]},{"@type":"WebSite","@id":"https:\/\/www.lafargalhospitalet.com\/#website","url":"https:\/\/www.lafargalhospitalet.com\/","name":"La Farga L'Hospitalet Centre d'Activitats. La Farga GEM, S.A.","description":"La Farga L&#039;Hospitalet Centre d&#039;Activitats. Gestionat per La Farga GEM, S.A. Fires i Congressos. Concerts, exposicions, reunions, filmacions, sopars de gala.","publisher":{"@id":"https:\/\/www.lafargalhospitalet.com\/#organization"},"potentialAction":[{"@type":"SearchAction","target":{"@type":"EntryPoint","urlTemplate":"https:\/\/www.lafargalhospitalet.com\/?s={search_term_string}"},"query-input":{"@type":"PropertyValueSpecification","valueRequired":true,"valueName":"search_term_string"}}],"inLanguage":"ca"},{"@type":"Organization","@id":"https:\/\/www.lafargalhospitalet.com\/#organization","name":"La Farga L'Hospitalet Centre d'Activitats. La Farga GEM, S.A.","url":"https:\/\/www.lafargalhospitalet.com\/","logo":{"@type":"ImageObject","inLanguage":"ca","@id":"https:\/\/www.lafargalhospitalet.com\/#\/schema\/logo\/image\/","url":"https:\/\/www.lafargalhospitalet.com\/wp-content\/uploads\/2025\/10\/logotipo_lafarga_centre_activitats.png","contentUrl":"https:\/\/www.lafargalhospitalet.com\/wp-content\/uploads\/2025\/10\/logotipo_lafarga_centre_activitats.png","width":266,"height":101,"caption":"La Farga L'Hospitalet Centre d'Activitats. La Farga GEM, S.A."},"image":{"@id":"https:\/\/www.lafargalhospitalet.com\/#\/schema\/logo\/image\/"},"sameAs":["https:\/\/www.facebook.com\/fargahospitalet\/","https:\/\/x.com\/fargahospitalet","https:\/\/www.instagram.com\/lafargahospitalet\/","https:\/\/www.youtube.com\/channel\/UCoLt6hen3PqGXgbLMGI3Qdw","https:\/\/www.flickr.com\/photos\/lafargagemsa\/albums"]},{"@type":"Person","@id":"https:\/\/www.lafargalhospitalet.com\/#\/schema\/person\/6cbac0ef7748506b167ff859e1c7f378","name":"La Farga Centre d'Activitats","sameAs":["https:\/\/www.lafargalhospitalet.com"],"url":"https:\/\/www.lafargalhospitalet.com\/ca\/author\/far25gmin\/"}]}},"_links":{"self":[{"href":"https:\/\/www.lafargalhospitalet.com\/ca\/wp-json\/wp\/v2\/posts\/5032","targetHints":{"allow":["GET"]}}],"collection":[{"href":"https:\/\/www.lafargalhospitalet.com\/ca\/wp-json\/wp\/v2\/posts"}],"about":[{"href":"https:\/\/www.lafargalhospitalet.com\/ca\/wp-json\/wp\/v2\/types\/post"}],"author":[{"embeddable":true,"href":"https:\/\/www.lafargalhospitalet.com\/ca\/wp-json\/wp\/v2\/users\/1"}],"replies":[{"embeddable":true,"href":"https:\/\/www.lafargalhospitalet.com\/ca\/wp-json\/wp\/v2\/comments?post=5032"}],"version-history":[{"count":0,"href":"https:\/\/www.lafargalhospitalet.com\/ca\/wp-json\/wp\/v2\/posts\/5032\/revisions"}],"wp:featuredmedia":[{"embeddable":true,"href":"https:\/\/www.lafargalhospitalet.com\/ca\/wp-json\/wp\/v2\/media\/5033"}],"wp:attachment":[{"href":"https:\/\/www.lafargalhospitalet.com\/ca\/wp-json\/wp\/v2\/media?parent=5032"}],"wp:term":[{"taxonomy":"category","embeddable":true,"href":"https:\/\/www.lafargalhospitalet.com\/ca\/wp-json\/wp\/v2\/categories?post=5032"},{"taxonomy":"post_tag","embeddable":true,"href":"https:\/\/www.lafargalhospitalet.com\/ca\/wp-json\/wp\/v2\/tags?post=5032"}],"curies":[{"name":"wp","href":"https:\/\/api.w.org\/{rel}","templated":true}]}}