{"id":5088,"date":"2017-07-20T08:40:12","date_gmt":"2017-07-20T07:40:12","guid":{"rendered":"http:\/\/www.lafargalhospitalet.com\/?p=5088"},"modified":"2025-11-03T18:28:43","modified_gmt":"2025-11-03T17:28:43","slug":"dates-i-cartell-de-retromoto18","status":"publish","type":"post","link":"https:\/\/www.lafargalhospitalet.com\/ca\/dates-i-cartell-de-retromoto18\/","title":{"rendered":"Dates i cartell de RetroMoto&#8217;18"},"content":{"rendered":"<h5>Tercera edici\u00f3, a La Farga<\/h5>\n<p>El Sal\u00f3 RetroMoto Barcelona 2018 ja t\u00e9 dates per a la seva tercera edici\u00f3, aix\u00ed com el cartell d\u2019aquest esdeveniment organitzat per <a href=\"http:\/\/www.eventosmotor.com\/\" target=\"_blank\" rel=\"noopener\"><strong>Eventos del Motor<\/strong><\/a>, i que se celebrar\u00e0 a La Farga de L\u2019Hospitalet del 9 a l\u201911 de febrer.<\/p>\n<p>La motocicleta seleccionada com a imatge del certamen per al 2018 \u00e9s una Brough Superior SS100 de 1928, equipada amb motors V2 de 1.000 cc de la marca JAP.<\/p>\n<p>Aquest model es considera una pe\u00e7a m\u00edtica, presentada publicit\u00e0riament en la seva \u00e8poca com &#8220;El Rolls Royce de les motocicletes&#8221;, i valorada com de les millors motos pel que fa a qualitats.<\/p>\n<p>A m\u00e9s la imatge de Lawrence d&#8217;Ar\u00e0bia a lloms d&#8217;una, del que hi ha const\u00e0ncia fotogr\u00e0fica al 1925, encara li d\u00f3na m\u00e9s import\u00e0ncia i misticisme.<\/p>\n<p>Amb aquest ic\u00f2nic model com a emblema del cartell, RetroMoto Barcelona es llan\u00e7a a l&#8217;organitzaci\u00f3 del certamen de 2018, del qual s&#8217;espera la consolidaci\u00f3 de xifres de negoci i d&#8217;assistents, atrets pels excel\u00b7lents models exhibits en les dues primeres edicions i l&#8217;alta participaci\u00f3 de clubs.<\/p>\n<p>Cal recordar que aquesta fira monogr\u00e0fica dedicada a les motos cl\u00e0ssiques i d&#8217;\u00e8poca \u00e9s l&#8217;\u00fanica d\u2019aquest estil en el calendari estatal.<\/p>\n<p>L&#8217;homenatge a un pilot de prestigi amb exposici\u00f3 sobre motos i records, una mostra monogr\u00e0fica d\u2019un model o gamma de motocicletes concreta, l&#8217;\u00e0rea especial expositiva de neocl\u00e0ssiques, la zona d\u2019intercanvi de particulars i l\u2019aparcament cobert gratu\u00eft seran alguns dels eixos d&#8217;aquesta propera edici\u00f3, que tornar\u00e0 a utilitzar els 10.000m2 de l\u2019espai principal del Centre d\u2019Activitats.<\/p>\n<p><a href=\"https:\/\/www.lafargalhospitalet.com\/retromoto-millora-forma-notable\/\" target=\"_blank\" rel=\"noopener\"><strong>Edici\u00f3 2017<\/strong><\/a> \u00a0 <a href=\"https:\/\/www.lafargalhospitalet.com\/notable-afluencia-public-retromoto\/\" target=\"_blank\" rel=\"noopener\"><strong>Edici\u00f3 2016<\/strong><\/a><\/p>\n<p><a href=\"https:\/\/www.lafargalhospitalet.com\/wp-content\/uploads\/2017\/07\/Cartell-Retromoto18.jpg\"><img fetchpriority=\"high\" decoding=\"async\" class=\"size-medium wp-image-5090 aligncenter\" src=\"https:\/\/www.lafargalhospitalet.com\/wp-content\/uploads\/2017\/07\/Cartell-Retromoto18-214x300.jpg\" alt=\"\" width=\"214\" height=\"300\" srcset=\"https:\/\/www.lafargalhospitalet.com\/wp-content\/uploads\/2017\/07\/Cartell-Retromoto18-214x300.jpg 214w, https:\/\/www.lafargalhospitalet.com\/wp-content\/uploads\/2017\/07\/Cartell-Retromoto18-731x1024.jpg 731w, https:\/\/www.lafargalhospitalet.com\/wp-content\/uploads\/2017\/07\/Cartell-Retromoto18-768x1076.jpg 768w, https:\/\/www.lafargalhospitalet.com\/wp-content\/uploads\/2017\/07\/Cartell-Retromoto18-1096x1536.jpg 1096w, https:\/\/www.lafargalhospitalet.com\/wp-content\/uploads\/2017\/07\/Cartell-Retromoto18.jpg 1263w\" sizes=\"(max-width: 214px) 100vw, 214px\" \/><\/a><\/p>\n","protected":false},"excerpt":{"rendered":"<p>La motocicleta seleccionada com a imatge del certamen per al 2018 \u00e9s una Brough Superior SS100 de 1928.<\/p>\n","protected":false},"author":1,"featured_media":5089,"comment_status":"closed","ping_status":"closed","sticky":false,"template":"","format":"standard","meta":{"_monsterinsights_skip_tracking":false,"_monsterinsights_sitenote_active":false,"_monsterinsights_sitenote_note":"","_monsterinsights_sitenote_category":0,"footnotes":""},"categories":[83],"tags":[],"class_list":["post-5088","post","type-post","status-publish","format-standard","has-post-thumbnail","hentry","category-noticies"],"yoast_head":"<!-- This site is optimized with the Yoast SEO plugin v27.5 - https:\/\/yoast.com\/product\/yoast-seo-wordpress\/ -->\n<title>Dates i cartell de RetroMoto&#039;18 - La Farga L&#039;Hospitalet Centre d&#039;Activitats. La Farga GEM, S.A.<\/title>\n<meta name=\"description\" content=\"El Sal\u00f3 RetroMoto Barcelona 2018 ja t\u00e9 dates per a la seva tercera edici\u00f3, aix\u00ed com el cartell d\u2019aquest esdeveniment, que se celebrar\u00e0 a La Farga de L\u2019H.\" \/>\n<meta name=\"robots\" content=\"index, follow, max-snippet:-1, max-image-preview:large, max-video-preview:-1\" \/>\n<link rel=\"canonical\" href=\"https:\/\/www.lafargalhospitalet.com\/ca\/dates-i-cartell-de-retromoto18\/\" \/>\n<meta property=\"og:locale\" content=\"ca_ES\" \/>\n<meta property=\"og:type\" content=\"article\" \/>\n<meta property=\"og:title\" content=\"Dates i cartell de RetroMoto&#039;18 - La Farga L&#039;Hospitalet Centre d&#039;Activitats. La Farga GEM, S.A.\" \/>\n<meta property=\"og:description\" content=\"El Sal\u00f3 RetroMoto Barcelona 2018 ja t\u00e9 dates per a la seva tercera edici\u00f3, aix\u00ed com el cartell d\u2019aquest esdeveniment, que se celebrar\u00e0 a La Farga de L\u2019H.\" \/>\n<meta property=\"og:url\" content=\"https:\/\/www.lafargalhospitalet.com\/ca\/dates-i-cartell-de-retromoto18\/\" \/>\n<meta property=\"og:site_name\" content=\"La Farga L&#039;Hospitalet Centre d&#039;Activitats. La Farga GEM, S.A.\" \/>\n<meta property=\"article:publisher\" content=\"https:\/\/www.facebook.com\/fargahospitalet\/\" \/>\n<meta property=\"article:published_time\" content=\"2017-07-20T07:40:12+00:00\" \/>\n<meta property=\"article:modified_time\" content=\"2025-11-03T17:28:43+00:00\" \/>\n<meta property=\"og:image\" content=\"https:\/\/www.lafargalhospitalet.com\/wp-content\/uploads\/2017\/07\/RetroMoto17-Farga.jpg\" \/>\n\t<meta property=\"og:image:width\" content=\"730\" \/>\n\t<meta property=\"og:image:height\" content=\"410\" \/>\n\t<meta property=\"og:image:type\" content=\"image\/jpeg\" \/>\n<meta name=\"author\" content=\"La Farga Centre d&#039;Activitats\" \/>\n<meta name=\"twitter:card\" content=\"summary_large_image\" \/>\n<meta name=\"twitter:creator\" content=\"@fargahospitalet\" \/>\n<meta name=\"twitter:site\" content=\"@fargahospitalet\" \/>\n<meta name=\"twitter:label1\" content=\"Escrit per\" \/>\n\t<meta name=\"twitter:data1\" content=\"La Farga Centre d&#039;Activitats\" \/>\n\t<meta name=\"twitter:label2\" content=\"Temps estimat de lectura\" \/>\n\t<meta name=\"twitter:data2\" content=\"1 minut\" \/>\n<script type=\"application\/ld+json\" class=\"yoast-schema-graph\">{\"@context\":\"https:\\\/\\\/schema.org\",\"@graph\":[{\"@type\":\"Article\",\"@id\":\"https:\\\/\\\/www.lafargalhospitalet.com\\\/ca\\\/dates-i-cartell-de-retromoto18\\\/#article\",\"isPartOf\":{\"@id\":\"https:\\\/\\\/www.lafargalhospitalet.com\\\/ca\\\/dates-i-cartell-de-retromoto18\\\/\"},\"author\":{\"name\":\"La Farga Centre d'Activitats\",\"@id\":\"https:\\\/\\\/www.lafargalhospitalet.com\\\/#\\\/schema\\\/person\\\/6cbac0ef7748506b167ff859e1c7f378\"},\"headline\":\"Dates i cartell de RetroMoto&#8217;18\",\"datePublished\":\"2017-07-20T07:40:12+00:00\",\"dateModified\":\"2025-11-03T17:28:43+00:00\",\"mainEntityOfPage\":{\"@id\":\"https:\\\/\\\/www.lafargalhospitalet.com\\\/ca\\\/dates-i-cartell-de-retromoto18\\\/\"},\"wordCount\":289,\"publisher\":{\"@id\":\"https:\\\/\\\/www.lafargalhospitalet.com\\\/#organization\"},\"image\":{\"@id\":\"https:\\\/\\\/www.lafargalhospitalet.com\\\/ca\\\/dates-i-cartell-de-retromoto18\\\/#primaryimage\"},\"thumbnailUrl\":\"https:\\\/\\\/www.lafargalhospitalet.com\\\/wp-content\\\/uploads\\\/2017\\\/07\\\/RetroMoto17-Farga.jpg\",\"articleSection\":[\"Noticies\"],\"inLanguage\":\"ca\"},{\"@type\":\"WebPage\",\"@id\":\"https:\\\/\\\/www.lafargalhospitalet.com\\\/ca\\\/dates-i-cartell-de-retromoto18\\\/\",\"url\":\"https:\\\/\\\/www.lafargalhospitalet.com\\\/ca\\\/dates-i-cartell-de-retromoto18\\\/\",\"name\":\"Dates i cartell de RetroMoto'18 - La Farga L&#039;Hospitalet Centre d&#039;Activitats. La Farga GEM, S.A.\",\"isPartOf\":{\"@id\":\"https:\\\/\\\/www.lafargalhospitalet.com\\\/#website\"},\"primaryImageOfPage\":{\"@id\":\"https:\\\/\\\/www.lafargalhospitalet.com\\\/ca\\\/dates-i-cartell-de-retromoto18\\\/#primaryimage\"},\"image\":{\"@id\":\"https:\\\/\\\/www.lafargalhospitalet.com\\\/ca\\\/dates-i-cartell-de-retromoto18\\\/#primaryimage\"},\"thumbnailUrl\":\"https:\\\/\\\/www.lafargalhospitalet.com\\\/wp-content\\\/uploads\\\/2017\\\/07\\\/RetroMoto17-Farga.jpg\",\"datePublished\":\"2017-07-20T07:40:12+00:00\",\"dateModified\":\"2025-11-03T17:28:43+00:00\",\"description\":\"El Sal\u00f3 RetroMoto Barcelona 2018 ja t\u00e9 dates per a la seva tercera edici\u00f3, aix\u00ed com el cartell d\u2019aquest esdeveniment, que se celebrar\u00e0 a La Farga de L\u2019H.\",\"breadcrumb\":{\"@id\":\"https:\\\/\\\/www.lafargalhospitalet.com\\\/ca\\\/dates-i-cartell-de-retromoto18\\\/#breadcrumb\"},\"inLanguage\":\"ca\",\"potentialAction\":[{\"@type\":\"ReadAction\",\"target\":[\"https:\\\/\\\/www.lafargalhospitalet.com\\\/ca\\\/dates-i-cartell-de-retromoto18\\\/\"]}]},{\"@type\":\"ImageObject\",\"inLanguage\":\"ca\",\"@id\":\"https:\\\/\\\/www.lafargalhospitalet.com\\\/ca\\\/dates-i-cartell-de-retromoto18\\\/#primaryimage\",\"url\":\"https:\\\/\\\/www.lafargalhospitalet.com\\\/wp-content\\\/uploads\\\/2017\\\/07\\\/RetroMoto17-Farga.jpg\",\"contentUrl\":\"https:\\\/\\\/www.lafargalhospitalet.com\\\/wp-content\\\/uploads\\\/2017\\\/07\\\/RetroMoto17-Farga.jpg\",\"width\":730,\"height\":410,\"caption\":\"RetroMoto Farga\"},{\"@type\":\"BreadcrumbList\",\"@id\":\"https:\\\/\\\/www.lafargalhospitalet.com\\\/ca\\\/dates-i-cartell-de-retromoto18\\\/#breadcrumb\",\"itemListElement\":[{\"@type\":\"ListItem\",\"position\":1,\"name\":\"Portada\",\"item\":\"https:\\\/\\\/www.lafargalhospitalet.com\\\/\"},{\"@type\":\"ListItem\",\"position\":2,\"name\":\"Dates i cartell de RetroMoto&#8217;18\"}]},{\"@type\":\"WebSite\",\"@id\":\"https:\\\/\\\/www.lafargalhospitalet.com\\\/#website\",\"url\":\"https:\\\/\\\/www.lafargalhospitalet.com\\\/\",\"name\":\"La Farga L'Hospitalet Centre d'Activitats. La Farga GEM, S.A.\",\"description\":\"La Farga L&#039;Hospitalet Centre d&#039;Activitats. Gestionat per La Farga GEM, S.A. Fires i Congressos. Concerts, exposicions, reunions, filmacions, sopars de gala.\",\"publisher\":{\"@id\":\"https:\\\/\\\/www.lafargalhospitalet.com\\\/#organization\"},\"potentialAction\":[{\"@type\":\"SearchAction\",\"target\":{\"@type\":\"EntryPoint\",\"urlTemplate\":\"https:\\\/\\\/www.lafargalhospitalet.com\\\/?s={search_term_string}\"},\"query-input\":{\"@type\":\"PropertyValueSpecification\",\"valueRequired\":true,\"valueName\":\"search_term_string\"}}],\"inLanguage\":\"ca\"},{\"@type\":\"Organization\",\"@id\":\"https:\\\/\\\/www.lafargalhospitalet.com\\\/#organization\",\"name\":\"La Farga L'Hospitalet Centre d'Activitats. La Farga GEM, S.A.\",\"url\":\"https:\\\/\\\/www.lafargalhospitalet.com\\\/\",\"logo\":{\"@type\":\"ImageObject\",\"inLanguage\":\"ca\",\"@id\":\"https:\\\/\\\/www.lafargalhospitalet.com\\\/#\\\/schema\\\/logo\\\/image\\\/\",\"url\":\"https:\\\/\\\/www.lafargalhospitalet.com\\\/wp-content\\\/uploads\\\/2025\\\/10\\\/logotipo_lafarga_centre_activitats.png\",\"contentUrl\":\"https:\\\/\\\/www.lafargalhospitalet.com\\\/wp-content\\\/uploads\\\/2025\\\/10\\\/logotipo_lafarga_centre_activitats.png\",\"width\":266,\"height\":101,\"caption\":\"La Farga L'Hospitalet Centre d'Activitats. La Farga GEM, S.A.\"},\"image\":{\"@id\":\"https:\\\/\\\/www.lafargalhospitalet.com\\\/#\\\/schema\\\/logo\\\/image\\\/\"},\"sameAs\":[\"https:\\\/\\\/www.facebook.com\\\/fargahospitalet\\\/\",\"https:\\\/\\\/x.com\\\/fargahospitalet\",\"https:\\\/\\\/www.instagram.com\\\/lafargahospitalet\\\/\",\"https:\\\/\\\/www.youtube.com\\\/channel\\\/UCoLt6hen3PqGXgbLMGI3Qdw\",\"https:\\\/\\\/www.flickr.com\\\/photos\\\/lafargagemsa\\\/albums\"]},{\"@type\":\"Person\",\"@id\":\"https:\\\/\\\/www.lafargalhospitalet.com\\\/#\\\/schema\\\/person\\\/6cbac0ef7748506b167ff859e1c7f378\",\"name\":\"La Farga Centre d'Activitats\",\"sameAs\":[\"https:\\\/\\\/www.lafargalhospitalet.com\"],\"url\":\"https:\\\/\\\/www.lafargalhospitalet.com\\\/ca\\\/author\\\/far25gmin\\\/\"}]}<\/script>\n<!-- \/ Yoast SEO plugin. -->","yoast_head_json":{"title":"Dates i cartell de RetroMoto'18 - La Farga L&#039;Hospitalet Centre d&#039;Activitats. La Farga GEM, S.A.","description":"El Sal\u00f3 RetroMoto Barcelona 2018 ja t\u00e9 dates per a la seva tercera edici\u00f3, aix\u00ed com el cartell d\u2019aquest esdeveniment, que se celebrar\u00e0 a La Farga de L\u2019H.","robots":{"index":"index","follow":"follow","max-snippet":"max-snippet:-1","max-image-preview":"max-image-preview:large","max-video-preview":"max-video-preview:-1"},"canonical":"https:\/\/www.lafargalhospitalet.com\/ca\/dates-i-cartell-de-retromoto18\/","og_locale":"ca_ES","og_type":"article","og_title":"Dates i cartell de RetroMoto'18 - La Farga L&#039;Hospitalet Centre d&#039;Activitats. La Farga GEM, S.A.","og_description":"El Sal\u00f3 RetroMoto Barcelona 2018 ja t\u00e9 dates per a la seva tercera edici\u00f3, aix\u00ed com el cartell d\u2019aquest esdeveniment, que se celebrar\u00e0 a La Farga de L\u2019H.","og_url":"https:\/\/www.lafargalhospitalet.com\/ca\/dates-i-cartell-de-retromoto18\/","og_site_name":"La Farga L&#039;Hospitalet Centre d&#039;Activitats. La Farga GEM, S.A.","article_publisher":"https:\/\/www.facebook.com\/fargahospitalet\/","article_published_time":"2017-07-20T07:40:12+00:00","article_modified_time":"2025-11-03T17:28:43+00:00","og_image":[{"width":730,"height":410,"url":"https:\/\/www.lafargalhospitalet.com\/wp-content\/uploads\/2017\/07\/RetroMoto17-Farga.jpg","type":"image\/jpeg"}],"author":"La Farga Centre d'Activitats","twitter_card":"summary_large_image","twitter_creator":"@fargahospitalet","twitter_site":"@fargahospitalet","twitter_misc":{"Escrit per":"La Farga Centre d'Activitats","Temps estimat de lectura":"1 minut"},"schema":{"@context":"https:\/\/schema.org","@graph":[{"@type":"Article","@id":"https:\/\/www.lafargalhospitalet.com\/ca\/dates-i-cartell-de-retromoto18\/#article","isPartOf":{"@id":"https:\/\/www.lafargalhospitalet.com\/ca\/dates-i-cartell-de-retromoto18\/"},"author":{"name":"La Farga Centre d'Activitats","@id":"https:\/\/www.lafargalhospitalet.com\/#\/schema\/person\/6cbac0ef7748506b167ff859e1c7f378"},"headline":"Dates i cartell de RetroMoto&#8217;18","datePublished":"2017-07-20T07:40:12+00:00","dateModified":"2025-11-03T17:28:43+00:00","mainEntityOfPage":{"@id":"https:\/\/www.lafargalhospitalet.com\/ca\/dates-i-cartell-de-retromoto18\/"},"wordCount":289,"publisher":{"@id":"https:\/\/www.lafargalhospitalet.com\/#organization"},"image":{"@id":"https:\/\/www.lafargalhospitalet.com\/ca\/dates-i-cartell-de-retromoto18\/#primaryimage"},"thumbnailUrl":"https:\/\/www.lafargalhospitalet.com\/wp-content\/uploads\/2017\/07\/RetroMoto17-Farga.jpg","articleSection":["Noticies"],"inLanguage":"ca"},{"@type":"WebPage","@id":"https:\/\/www.lafargalhospitalet.com\/ca\/dates-i-cartell-de-retromoto18\/","url":"https:\/\/www.lafargalhospitalet.com\/ca\/dates-i-cartell-de-retromoto18\/","name":"Dates i cartell de RetroMoto'18 - La Farga L&#039;Hospitalet Centre d&#039;Activitats. La Farga GEM, S.A.","isPartOf":{"@id":"https:\/\/www.lafargalhospitalet.com\/#website"},"primaryImageOfPage":{"@id":"https:\/\/www.lafargalhospitalet.com\/ca\/dates-i-cartell-de-retromoto18\/#primaryimage"},"image":{"@id":"https:\/\/www.lafargalhospitalet.com\/ca\/dates-i-cartell-de-retromoto18\/#primaryimage"},"thumbnailUrl":"https:\/\/www.lafargalhospitalet.com\/wp-content\/uploads\/2017\/07\/RetroMoto17-Farga.jpg","datePublished":"2017-07-20T07:40:12+00:00","dateModified":"2025-11-03T17:28:43+00:00","description":"El Sal\u00f3 RetroMoto Barcelona 2018 ja t\u00e9 dates per a la seva tercera edici\u00f3, aix\u00ed com el cartell d\u2019aquest esdeveniment, que se celebrar\u00e0 a La Farga de L\u2019H.","breadcrumb":{"@id":"https:\/\/www.lafargalhospitalet.com\/ca\/dates-i-cartell-de-retromoto18\/#breadcrumb"},"inLanguage":"ca","potentialAction":[{"@type":"ReadAction","target":["https:\/\/www.lafargalhospitalet.com\/ca\/dates-i-cartell-de-retromoto18\/"]}]},{"@type":"ImageObject","inLanguage":"ca","@id":"https:\/\/www.lafargalhospitalet.com\/ca\/dates-i-cartell-de-retromoto18\/#primaryimage","url":"https:\/\/www.lafargalhospitalet.com\/wp-content\/uploads\/2017\/07\/RetroMoto17-Farga.jpg","contentUrl":"https:\/\/www.lafargalhospitalet.com\/wp-content\/uploads\/2017\/07\/RetroMoto17-Farga.jpg","width":730,"height":410,"caption":"RetroMoto Farga"},{"@type":"BreadcrumbList","@id":"https:\/\/www.lafargalhospitalet.com\/ca\/dates-i-cartell-de-retromoto18\/#breadcrumb","itemListElement":[{"@type":"ListItem","position":1,"name":"Portada","item":"https:\/\/www.lafargalhospitalet.com\/"},{"@type":"ListItem","position":2,"name":"Dates i cartell de RetroMoto&#8217;18"}]},{"@type":"WebSite","@id":"https:\/\/www.lafargalhospitalet.com\/#website","url":"https:\/\/www.lafargalhospitalet.com\/","name":"La Farga L'Hospitalet Centre d'Activitats. La Farga GEM, S.A.","description":"La Farga L&#039;Hospitalet Centre d&#039;Activitats. Gestionat per La Farga GEM, S.A. Fires i Congressos. Concerts, exposicions, reunions, filmacions, sopars de gala.","publisher":{"@id":"https:\/\/www.lafargalhospitalet.com\/#organization"},"potentialAction":[{"@type":"SearchAction","target":{"@type":"EntryPoint","urlTemplate":"https:\/\/www.lafargalhospitalet.com\/?s={search_term_string}"},"query-input":{"@type":"PropertyValueSpecification","valueRequired":true,"valueName":"search_term_string"}}],"inLanguage":"ca"},{"@type":"Organization","@id":"https:\/\/www.lafargalhospitalet.com\/#organization","name":"La Farga L'Hospitalet Centre d'Activitats. La Farga GEM, S.A.","url":"https:\/\/www.lafargalhospitalet.com\/","logo":{"@type":"ImageObject","inLanguage":"ca","@id":"https:\/\/www.lafargalhospitalet.com\/#\/schema\/logo\/image\/","url":"https:\/\/www.lafargalhospitalet.com\/wp-content\/uploads\/2025\/10\/logotipo_lafarga_centre_activitats.png","contentUrl":"https:\/\/www.lafargalhospitalet.com\/wp-content\/uploads\/2025\/10\/logotipo_lafarga_centre_activitats.png","width":266,"height":101,"caption":"La Farga L'Hospitalet Centre d'Activitats. La Farga GEM, S.A."},"image":{"@id":"https:\/\/www.lafargalhospitalet.com\/#\/schema\/logo\/image\/"},"sameAs":["https:\/\/www.facebook.com\/fargahospitalet\/","https:\/\/x.com\/fargahospitalet","https:\/\/www.instagram.com\/lafargahospitalet\/","https:\/\/www.youtube.com\/channel\/UCoLt6hen3PqGXgbLMGI3Qdw","https:\/\/www.flickr.com\/photos\/lafargagemsa\/albums"]},{"@type":"Person","@id":"https:\/\/www.lafargalhospitalet.com\/#\/schema\/person\/6cbac0ef7748506b167ff859e1c7f378","name":"La Farga Centre d'Activitats","sameAs":["https:\/\/www.lafargalhospitalet.com"],"url":"https:\/\/www.lafargalhospitalet.com\/ca\/author\/far25gmin\/"}]}},"_links":{"self":[{"href":"https:\/\/www.lafargalhospitalet.com\/ca\/wp-json\/wp\/v2\/posts\/5088","targetHints":{"allow":["GET"]}}],"collection":[{"href":"https:\/\/www.lafargalhospitalet.com\/ca\/wp-json\/wp\/v2\/posts"}],"about":[{"href":"https:\/\/www.lafargalhospitalet.com\/ca\/wp-json\/wp\/v2\/types\/post"}],"author":[{"embeddable":true,"href":"https:\/\/www.lafargalhospitalet.com\/ca\/wp-json\/wp\/v2\/users\/1"}],"replies":[{"embeddable":true,"href":"https:\/\/www.lafargalhospitalet.com\/ca\/wp-json\/wp\/v2\/comments?post=5088"}],"version-history":[{"count":0,"href":"https:\/\/www.lafargalhospitalet.com\/ca\/wp-json\/wp\/v2\/posts\/5088\/revisions"}],"wp:featuredmedia":[{"embeddable":true,"href":"https:\/\/www.lafargalhospitalet.com\/ca\/wp-json\/wp\/v2\/media\/5089"}],"wp:attachment":[{"href":"https:\/\/www.lafargalhospitalet.com\/ca\/wp-json\/wp\/v2\/media?parent=5088"}],"wp:term":[{"taxonomy":"category","embeddable":true,"href":"https:\/\/www.lafargalhospitalet.com\/ca\/wp-json\/wp\/v2\/categories?post=5088"},{"taxonomy":"post_tag","embeddable":true,"href":"https:\/\/www.lafargalhospitalet.com\/ca\/wp-json\/wp\/v2\/tags?post=5088"}],"curies":[{"name":"wp","href":"https:\/\/api.w.org\/{rel}","templated":true}]}}