{"id":5096,"date":"2017-07-19T12:44:21","date_gmt":"2017-07-19T11:44:21","guid":{"rendered":"http:\/\/www.lafargalhospitalet.com\/?p=5096"},"modified":"2025-11-03T18:28:43","modified_gmt":"2025-11-03T17:28:43","slug":"agencia-tributaria-catalunya-obrira-oficina-farga","status":"publish","type":"post","link":"https:\/\/www.lafargalhospitalet.com\/ca\/agencia-tributaria-catalunya-obrira-oficina-farga\/","title":{"rendered":"L&#8217;Ag\u00e8ncia Tribut\u00e0ria de Catalunya obrir\u00e0 una oficina a La Farga"},"content":{"rendered":"<h5>Situada al porxo del carrer Barcelona<\/h5>\n<p><a href=\"https:\/\/www.lafargalhospitalet.com\/home\/\" target=\"_blank\" rel=\"noopener\"><strong>La Farga Centre d&#8217;Activitats<\/strong><\/a> acollir\u00e0 a partir del 4 de setembre una oficina de l&#8217;<a href=\"https:\/\/atc.gencat.cat\/ca\/inici\/\" target=\"_blank\" rel=\"noopener\"><strong>Ag\u00e8ncia Tribut\u00e0ria de Catalunya<\/strong><\/a>, on fins fa poc hi havia la delegaci\u00f3 de L&#8217;Hospitalet de la Cambra de Comer\u00e7 de Barcelona,\u00a0fruit de l&#8217;acord entre l&#8217;Ajuntament de L&#8217;Hospitalet i la Generalitat.<\/p>\n<p>Aquesta nova oficina els ciutadans podr\u00e0 realitzar tots els tr\u00e0mits relacionats amb els impostos que gestiona la Generalitat. En declaracions a <a href=\"http:\/\/lhdigital.cat\/web\/digital-h\/noticia\/ciutat\/-\/journal_content\/56_INSTANCE_43Th\/11023\/11755714\" target=\"_blank\" rel=\"noopener\"><strong>Televisi\u00f3 de L&#8217;Hospitalet<\/strong><\/a>, Llu\u00eds Salvad\u00f3, secretari d\u2018Hisenda de la Generalitat, ha manifestat que l&#8217;objectiu \u00e9s\u00a0<em>\u201cguanyar en proximitat amb el ciutad\u00e0 perqu\u00e8 ja no haur\u00e0 d\u2019anar fins a Barcelona, a la Zona Franca, per poder fer tot un seguit de tr\u00e0mits\u201d<\/em>.<\/p>\n<p>Els tr\u00e0mits s\u00f3n tots aquells relacionats amb la gesti\u00f3 de les deduccions auton\u00f2miques de l\u2019IRPF, l&#8217;impost d&#8217;estades tur\u00edstiques, el de grans establiments comercials, el de successions i donacions i el de begudes ensucrades, entre d&#8217;altres.<\/p>\n<p>L&#8217;oficina de l&#8217;Ag\u00e8ncia Tribut\u00e0ria de Catalunya, empla\u00e7ada a La Farga, ser\u00e0 l&#8217;\u00fanica que no estar\u00e0 ubicada en una capital del comarca i s\u2019obrir\u00e0 el proper 4 de setembre.<\/p>\n","protected":false},"excerpt":{"rendered":"<p>La Farga Centre d&#8217;Activitats acollir\u00e0 a partir del 4 de setembre una oficina de l&#8217;Ag\u00e8ncia Tribut\u00e0ria de Catalunya, on fins fa poc hi havia la delegaci\u00f3 de L&#8217;Hospitalet de la Cambra de Comer\u00e7 de Barcelona.<\/p>\n","protected":false},"author":1,"featured_media":5097,"comment_status":"closed","ping_status":"closed","sticky":false,"template":"","format":"standard","meta":{"_monsterinsights_skip_tracking":false,"_monsterinsights_sitenote_active":false,"_monsterinsights_sitenote_note":"","_monsterinsights_sitenote_category":0,"footnotes":""},"categories":[83],"tags":[],"class_list":["post-5096","post","type-post","status-publish","format-standard","has-post-thumbnail","hentry","category-noticies"],"yoast_head":"<!-- This site is optimized with the Yoast SEO plugin v27.5 - https:\/\/yoast.com\/product\/yoast-seo-wordpress\/ -->\n<title>L&#039;Ag\u00e8ncia Tribut\u00e0ria de Catalunya obrir\u00e0 una oficina a La Farga - La Farga L&#039;Hospitalet Centre d&#039;Activitats. La Farga GEM, S.A.<\/title>\n<meta name=\"description\" content=\"La Farga Centre d&#039;Activitats acollir\u00e0 a partir del 4 de setembre una oficina de l&#039;Ag\u00e8ncia Tribut\u00e0ria de Catalunya, on estava situada la Cambra de Comer\u00e7.\" \/>\n<meta name=\"robots\" content=\"index, follow, max-snippet:-1, max-image-preview:large, max-video-preview:-1\" \/>\n<link rel=\"canonical\" href=\"https:\/\/www.lafargalhospitalet.com\/ca\/agencia-tributaria-catalunya-obrira-oficina-farga\/\" \/>\n<meta property=\"og:locale\" content=\"ca_ES\" \/>\n<meta property=\"og:type\" content=\"article\" \/>\n<meta property=\"og:title\" content=\"L&#039;Ag\u00e8ncia Tribut\u00e0ria de Catalunya obrir\u00e0 una oficina a La Farga - La Farga L&#039;Hospitalet Centre d&#039;Activitats. La Farga GEM, S.A.\" \/>\n<meta property=\"og:description\" content=\"La Farga Centre d&#039;Activitats acollir\u00e0 a partir del 4 de setembre una oficina de l&#039;Ag\u00e8ncia Tribut\u00e0ria de Catalunya, on estava situada la Cambra de Comer\u00e7.\" \/>\n<meta property=\"og:url\" content=\"https:\/\/www.lafargalhospitalet.com\/ca\/agencia-tributaria-catalunya-obrira-oficina-farga\/\" \/>\n<meta property=\"og:site_name\" content=\"La Farga L&#039;Hospitalet Centre d&#039;Activitats. La Farga GEM, S.A.\" \/>\n<meta property=\"article:publisher\" content=\"https:\/\/www.facebook.com\/fargahospitalet\/\" \/>\n<meta property=\"article:published_time\" content=\"2017-07-19T11:44:21+00:00\" \/>\n<meta property=\"article:modified_time\" content=\"2025-11-03T17:28:43+00:00\" \/>\n<meta property=\"og:image\" content=\"https:\/\/www.lafargalhospitalet.com\/wp-content\/uploads\/2017\/07\/Agencia-Tributaria-Farga.jpg\" \/>\n\t<meta property=\"og:image:width\" content=\"730\" \/>\n\t<meta property=\"og:image:height\" content=\"410\" \/>\n\t<meta property=\"og:image:type\" content=\"image\/jpeg\" \/>\n<meta name=\"author\" content=\"La Farga Centre d&#039;Activitats\" \/>\n<meta name=\"twitter:card\" content=\"summary_large_image\" \/>\n<meta name=\"twitter:creator\" content=\"@fargahospitalet\" \/>\n<meta name=\"twitter:site\" content=\"@fargahospitalet\" \/>\n<meta name=\"twitter:label1\" content=\"Escrit per\" \/>\n\t<meta name=\"twitter:data1\" content=\"La Farga Centre d&#039;Activitats\" \/>\n\t<meta name=\"twitter:label2\" content=\"Temps estimat de lectura\" \/>\n\t<meta name=\"twitter:data2\" content=\"1 minut\" \/>\n<script type=\"application\/ld+json\" class=\"yoast-schema-graph\">{\"@context\":\"https:\\\/\\\/schema.org\",\"@graph\":[{\"@type\":\"Article\",\"@id\":\"https:\\\/\\\/www.lafargalhospitalet.com\\\/ca\\\/agencia-tributaria-catalunya-obrira-oficina-farga\\\/#article\",\"isPartOf\":{\"@id\":\"https:\\\/\\\/www.lafargalhospitalet.com\\\/ca\\\/agencia-tributaria-catalunya-obrira-oficina-farga\\\/\"},\"author\":{\"name\":\"La Farga Centre d'Activitats\",\"@id\":\"https:\\\/\\\/www.lafargalhospitalet.com\\\/#\\\/schema\\\/person\\\/6cbac0ef7748506b167ff859e1c7f378\"},\"headline\":\"L&#8217;Ag\u00e8ncia Tribut\u00e0ria de Catalunya obrir\u00e0 una oficina a La Farga\",\"datePublished\":\"2017-07-19T11:44:21+00:00\",\"dateModified\":\"2025-11-03T17:28:43+00:00\",\"mainEntityOfPage\":{\"@id\":\"https:\\\/\\\/www.lafargalhospitalet.com\\\/ca\\\/agencia-tributaria-catalunya-obrira-oficina-farga\\\/\"},\"wordCount\":217,\"publisher\":{\"@id\":\"https:\\\/\\\/www.lafargalhospitalet.com\\\/#organization\"},\"image\":{\"@id\":\"https:\\\/\\\/www.lafargalhospitalet.com\\\/ca\\\/agencia-tributaria-catalunya-obrira-oficina-farga\\\/#primaryimage\"},\"thumbnailUrl\":\"https:\\\/\\\/www.lafargalhospitalet.com\\\/wp-content\\\/uploads\\\/2017\\\/07\\\/Agencia-Tributaria-Farga.jpg\",\"articleSection\":[\"Noticies\"],\"inLanguage\":\"ca\"},{\"@type\":\"WebPage\",\"@id\":\"https:\\\/\\\/www.lafargalhospitalet.com\\\/ca\\\/agencia-tributaria-catalunya-obrira-oficina-farga\\\/\",\"url\":\"https:\\\/\\\/www.lafargalhospitalet.com\\\/ca\\\/agencia-tributaria-catalunya-obrira-oficina-farga\\\/\",\"name\":\"L'Ag\u00e8ncia Tribut\u00e0ria de Catalunya obrir\u00e0 una oficina a La Farga - La Farga L&#039;Hospitalet Centre d&#039;Activitats. La Farga GEM, S.A.\",\"isPartOf\":{\"@id\":\"https:\\\/\\\/www.lafargalhospitalet.com\\\/#website\"},\"primaryImageOfPage\":{\"@id\":\"https:\\\/\\\/www.lafargalhospitalet.com\\\/ca\\\/agencia-tributaria-catalunya-obrira-oficina-farga\\\/#primaryimage\"},\"image\":{\"@id\":\"https:\\\/\\\/www.lafargalhospitalet.com\\\/ca\\\/agencia-tributaria-catalunya-obrira-oficina-farga\\\/#primaryimage\"},\"thumbnailUrl\":\"https:\\\/\\\/www.lafargalhospitalet.com\\\/wp-content\\\/uploads\\\/2017\\\/07\\\/Agencia-Tributaria-Farga.jpg\",\"datePublished\":\"2017-07-19T11:44:21+00:00\",\"dateModified\":\"2025-11-03T17:28:43+00:00\",\"description\":\"La Farga Centre d'Activitats acollir\u00e0 a partir del 4 de setembre una oficina de l'Ag\u00e8ncia Tribut\u00e0ria de Catalunya, on estava situada la Cambra de Comer\u00e7.\",\"breadcrumb\":{\"@id\":\"https:\\\/\\\/www.lafargalhospitalet.com\\\/ca\\\/agencia-tributaria-catalunya-obrira-oficina-farga\\\/#breadcrumb\"},\"inLanguage\":\"ca\",\"potentialAction\":[{\"@type\":\"ReadAction\",\"target\":[\"https:\\\/\\\/www.lafargalhospitalet.com\\\/ca\\\/agencia-tributaria-catalunya-obrira-oficina-farga\\\/\"]}]},{\"@type\":\"ImageObject\",\"inLanguage\":\"ca\",\"@id\":\"https:\\\/\\\/www.lafargalhospitalet.com\\\/ca\\\/agencia-tributaria-catalunya-obrira-oficina-farga\\\/#primaryimage\",\"url\":\"https:\\\/\\\/www.lafargalhospitalet.com\\\/wp-content\\\/uploads\\\/2017\\\/07\\\/Agencia-Tributaria-Farga.jpg\",\"contentUrl\":\"https:\\\/\\\/www.lafargalhospitalet.com\\\/wp-content\\\/uploads\\\/2017\\\/07\\\/Agencia-Tributaria-Farga.jpg\",\"width\":730,\"height\":410,\"caption\":\"Ag\u00e8ncia Tribut\u00e0ria Farga\"},{\"@type\":\"BreadcrumbList\",\"@id\":\"https:\\\/\\\/www.lafargalhospitalet.com\\\/ca\\\/agencia-tributaria-catalunya-obrira-oficina-farga\\\/#breadcrumb\",\"itemListElement\":[{\"@type\":\"ListItem\",\"position\":1,\"name\":\"Portada\",\"item\":\"https:\\\/\\\/www.lafargalhospitalet.com\\\/\"},{\"@type\":\"ListItem\",\"position\":2,\"name\":\"L&#8217;Ag\u00e8ncia Tribut\u00e0ria de Catalunya obrir\u00e0 una oficina a La Farga\"}]},{\"@type\":\"WebSite\",\"@id\":\"https:\\\/\\\/www.lafargalhospitalet.com\\\/#website\",\"url\":\"https:\\\/\\\/www.lafargalhospitalet.com\\\/\",\"name\":\"La Farga L'Hospitalet Centre d'Activitats. La Farga GEM, S.A.\",\"description\":\"La Farga L&#039;Hospitalet Centre d&#039;Activitats. Gestionat per La Farga GEM, S.A. Fires i Congressos. Concerts, exposicions, reunions, filmacions, sopars de gala.\",\"publisher\":{\"@id\":\"https:\\\/\\\/www.lafargalhospitalet.com\\\/#organization\"},\"potentialAction\":[{\"@type\":\"SearchAction\",\"target\":{\"@type\":\"EntryPoint\",\"urlTemplate\":\"https:\\\/\\\/www.lafargalhospitalet.com\\\/?s={search_term_string}\"},\"query-input\":{\"@type\":\"PropertyValueSpecification\",\"valueRequired\":true,\"valueName\":\"search_term_string\"}}],\"inLanguage\":\"ca\"},{\"@type\":\"Organization\",\"@id\":\"https:\\\/\\\/www.lafargalhospitalet.com\\\/#organization\",\"name\":\"La Farga L'Hospitalet Centre d'Activitats. La Farga GEM, S.A.\",\"url\":\"https:\\\/\\\/www.lafargalhospitalet.com\\\/\",\"logo\":{\"@type\":\"ImageObject\",\"inLanguage\":\"ca\",\"@id\":\"https:\\\/\\\/www.lafargalhospitalet.com\\\/#\\\/schema\\\/logo\\\/image\\\/\",\"url\":\"https:\\\/\\\/www.lafargalhospitalet.com\\\/wp-content\\\/uploads\\\/2025\\\/10\\\/logotipo_lafarga_centre_activitats.png\",\"contentUrl\":\"https:\\\/\\\/www.lafargalhospitalet.com\\\/wp-content\\\/uploads\\\/2025\\\/10\\\/logotipo_lafarga_centre_activitats.png\",\"width\":266,\"height\":101,\"caption\":\"La Farga L'Hospitalet Centre d'Activitats. La Farga GEM, S.A.\"},\"image\":{\"@id\":\"https:\\\/\\\/www.lafargalhospitalet.com\\\/#\\\/schema\\\/logo\\\/image\\\/\"},\"sameAs\":[\"https:\\\/\\\/www.facebook.com\\\/fargahospitalet\\\/\",\"https:\\\/\\\/x.com\\\/fargahospitalet\",\"https:\\\/\\\/www.instagram.com\\\/lafargahospitalet\\\/\",\"https:\\\/\\\/www.youtube.com\\\/channel\\\/UCoLt6hen3PqGXgbLMGI3Qdw\",\"https:\\\/\\\/www.flickr.com\\\/photos\\\/lafargagemsa\\\/albums\"]},{\"@type\":\"Person\",\"@id\":\"https:\\\/\\\/www.lafargalhospitalet.com\\\/#\\\/schema\\\/person\\\/6cbac0ef7748506b167ff859e1c7f378\",\"name\":\"La Farga Centre d'Activitats\",\"sameAs\":[\"https:\\\/\\\/www.lafargalhospitalet.com\"],\"url\":\"https:\\\/\\\/www.lafargalhospitalet.com\\\/ca\\\/author\\\/far25gmin\\\/\"}]}<\/script>\n<!-- \/ Yoast SEO plugin. -->","yoast_head_json":{"title":"L'Ag\u00e8ncia Tribut\u00e0ria de Catalunya obrir\u00e0 una oficina a La Farga - La Farga L&#039;Hospitalet Centre d&#039;Activitats. La Farga GEM, S.A.","description":"La Farga Centre d'Activitats acollir\u00e0 a partir del 4 de setembre una oficina de l'Ag\u00e8ncia Tribut\u00e0ria de Catalunya, on estava situada la Cambra de Comer\u00e7.","robots":{"index":"index","follow":"follow","max-snippet":"max-snippet:-1","max-image-preview":"max-image-preview:large","max-video-preview":"max-video-preview:-1"},"canonical":"https:\/\/www.lafargalhospitalet.com\/ca\/agencia-tributaria-catalunya-obrira-oficina-farga\/","og_locale":"ca_ES","og_type":"article","og_title":"L'Ag\u00e8ncia Tribut\u00e0ria de Catalunya obrir\u00e0 una oficina a La Farga - La Farga L&#039;Hospitalet Centre d&#039;Activitats. La Farga GEM, S.A.","og_description":"La Farga Centre d'Activitats acollir\u00e0 a partir del 4 de setembre una oficina de l'Ag\u00e8ncia Tribut\u00e0ria de Catalunya, on estava situada la Cambra de Comer\u00e7.","og_url":"https:\/\/www.lafargalhospitalet.com\/ca\/agencia-tributaria-catalunya-obrira-oficina-farga\/","og_site_name":"La Farga L&#039;Hospitalet Centre d&#039;Activitats. La Farga GEM, S.A.","article_publisher":"https:\/\/www.facebook.com\/fargahospitalet\/","article_published_time":"2017-07-19T11:44:21+00:00","article_modified_time":"2025-11-03T17:28:43+00:00","og_image":[{"width":730,"height":410,"url":"https:\/\/www.lafargalhospitalet.com\/wp-content\/uploads\/2017\/07\/Agencia-Tributaria-Farga.jpg","type":"image\/jpeg"}],"author":"La Farga Centre d'Activitats","twitter_card":"summary_large_image","twitter_creator":"@fargahospitalet","twitter_site":"@fargahospitalet","twitter_misc":{"Escrit per":"La Farga Centre d'Activitats","Temps estimat de lectura":"1 minut"},"schema":{"@context":"https:\/\/schema.org","@graph":[{"@type":"Article","@id":"https:\/\/www.lafargalhospitalet.com\/ca\/agencia-tributaria-catalunya-obrira-oficina-farga\/#article","isPartOf":{"@id":"https:\/\/www.lafargalhospitalet.com\/ca\/agencia-tributaria-catalunya-obrira-oficina-farga\/"},"author":{"name":"La Farga Centre d'Activitats","@id":"https:\/\/www.lafargalhospitalet.com\/#\/schema\/person\/6cbac0ef7748506b167ff859e1c7f378"},"headline":"L&#8217;Ag\u00e8ncia Tribut\u00e0ria de Catalunya obrir\u00e0 una oficina a La Farga","datePublished":"2017-07-19T11:44:21+00:00","dateModified":"2025-11-03T17:28:43+00:00","mainEntityOfPage":{"@id":"https:\/\/www.lafargalhospitalet.com\/ca\/agencia-tributaria-catalunya-obrira-oficina-farga\/"},"wordCount":217,"publisher":{"@id":"https:\/\/www.lafargalhospitalet.com\/#organization"},"image":{"@id":"https:\/\/www.lafargalhospitalet.com\/ca\/agencia-tributaria-catalunya-obrira-oficina-farga\/#primaryimage"},"thumbnailUrl":"https:\/\/www.lafargalhospitalet.com\/wp-content\/uploads\/2017\/07\/Agencia-Tributaria-Farga.jpg","articleSection":["Noticies"],"inLanguage":"ca"},{"@type":"WebPage","@id":"https:\/\/www.lafargalhospitalet.com\/ca\/agencia-tributaria-catalunya-obrira-oficina-farga\/","url":"https:\/\/www.lafargalhospitalet.com\/ca\/agencia-tributaria-catalunya-obrira-oficina-farga\/","name":"L'Ag\u00e8ncia Tribut\u00e0ria de Catalunya obrir\u00e0 una oficina a La Farga - La Farga L&#039;Hospitalet Centre d&#039;Activitats. La Farga GEM, S.A.","isPartOf":{"@id":"https:\/\/www.lafargalhospitalet.com\/#website"},"primaryImageOfPage":{"@id":"https:\/\/www.lafargalhospitalet.com\/ca\/agencia-tributaria-catalunya-obrira-oficina-farga\/#primaryimage"},"image":{"@id":"https:\/\/www.lafargalhospitalet.com\/ca\/agencia-tributaria-catalunya-obrira-oficina-farga\/#primaryimage"},"thumbnailUrl":"https:\/\/www.lafargalhospitalet.com\/wp-content\/uploads\/2017\/07\/Agencia-Tributaria-Farga.jpg","datePublished":"2017-07-19T11:44:21+00:00","dateModified":"2025-11-03T17:28:43+00:00","description":"La Farga Centre d'Activitats acollir\u00e0 a partir del 4 de setembre una oficina de l'Ag\u00e8ncia Tribut\u00e0ria de Catalunya, on estava situada la Cambra de Comer\u00e7.","breadcrumb":{"@id":"https:\/\/www.lafargalhospitalet.com\/ca\/agencia-tributaria-catalunya-obrira-oficina-farga\/#breadcrumb"},"inLanguage":"ca","potentialAction":[{"@type":"ReadAction","target":["https:\/\/www.lafargalhospitalet.com\/ca\/agencia-tributaria-catalunya-obrira-oficina-farga\/"]}]},{"@type":"ImageObject","inLanguage":"ca","@id":"https:\/\/www.lafargalhospitalet.com\/ca\/agencia-tributaria-catalunya-obrira-oficina-farga\/#primaryimage","url":"https:\/\/www.lafargalhospitalet.com\/wp-content\/uploads\/2017\/07\/Agencia-Tributaria-Farga.jpg","contentUrl":"https:\/\/www.lafargalhospitalet.com\/wp-content\/uploads\/2017\/07\/Agencia-Tributaria-Farga.jpg","width":730,"height":410,"caption":"Ag\u00e8ncia Tribut\u00e0ria Farga"},{"@type":"BreadcrumbList","@id":"https:\/\/www.lafargalhospitalet.com\/ca\/agencia-tributaria-catalunya-obrira-oficina-farga\/#breadcrumb","itemListElement":[{"@type":"ListItem","position":1,"name":"Portada","item":"https:\/\/www.lafargalhospitalet.com\/"},{"@type":"ListItem","position":2,"name":"L&#8217;Ag\u00e8ncia Tribut\u00e0ria de Catalunya obrir\u00e0 una oficina a La Farga"}]},{"@type":"WebSite","@id":"https:\/\/www.lafargalhospitalet.com\/#website","url":"https:\/\/www.lafargalhospitalet.com\/","name":"La Farga L'Hospitalet Centre d'Activitats. La Farga GEM, S.A.","description":"La Farga L&#039;Hospitalet Centre d&#039;Activitats. Gestionat per La Farga GEM, S.A. Fires i Congressos. Concerts, exposicions, reunions, filmacions, sopars de gala.","publisher":{"@id":"https:\/\/www.lafargalhospitalet.com\/#organization"},"potentialAction":[{"@type":"SearchAction","target":{"@type":"EntryPoint","urlTemplate":"https:\/\/www.lafargalhospitalet.com\/?s={search_term_string}"},"query-input":{"@type":"PropertyValueSpecification","valueRequired":true,"valueName":"search_term_string"}}],"inLanguage":"ca"},{"@type":"Organization","@id":"https:\/\/www.lafargalhospitalet.com\/#organization","name":"La Farga L'Hospitalet Centre d'Activitats. La Farga GEM, S.A.","url":"https:\/\/www.lafargalhospitalet.com\/","logo":{"@type":"ImageObject","inLanguage":"ca","@id":"https:\/\/www.lafargalhospitalet.com\/#\/schema\/logo\/image\/","url":"https:\/\/www.lafargalhospitalet.com\/wp-content\/uploads\/2025\/10\/logotipo_lafarga_centre_activitats.png","contentUrl":"https:\/\/www.lafargalhospitalet.com\/wp-content\/uploads\/2025\/10\/logotipo_lafarga_centre_activitats.png","width":266,"height":101,"caption":"La Farga L'Hospitalet Centre d'Activitats. La Farga GEM, S.A."},"image":{"@id":"https:\/\/www.lafargalhospitalet.com\/#\/schema\/logo\/image\/"},"sameAs":["https:\/\/www.facebook.com\/fargahospitalet\/","https:\/\/x.com\/fargahospitalet","https:\/\/www.instagram.com\/lafargahospitalet\/","https:\/\/www.youtube.com\/channel\/UCoLt6hen3PqGXgbLMGI3Qdw","https:\/\/www.flickr.com\/photos\/lafargagemsa\/albums"]},{"@type":"Person","@id":"https:\/\/www.lafargalhospitalet.com\/#\/schema\/person\/6cbac0ef7748506b167ff859e1c7f378","name":"La Farga Centre d'Activitats","sameAs":["https:\/\/www.lafargalhospitalet.com"],"url":"https:\/\/www.lafargalhospitalet.com\/ca\/author\/far25gmin\/"}]}},"_links":{"self":[{"href":"https:\/\/www.lafargalhospitalet.com\/ca\/wp-json\/wp\/v2\/posts\/5096","targetHints":{"allow":["GET"]}}],"collection":[{"href":"https:\/\/www.lafargalhospitalet.com\/ca\/wp-json\/wp\/v2\/posts"}],"about":[{"href":"https:\/\/www.lafargalhospitalet.com\/ca\/wp-json\/wp\/v2\/types\/post"}],"author":[{"embeddable":true,"href":"https:\/\/www.lafargalhospitalet.com\/ca\/wp-json\/wp\/v2\/users\/1"}],"replies":[{"embeddable":true,"href":"https:\/\/www.lafargalhospitalet.com\/ca\/wp-json\/wp\/v2\/comments?post=5096"}],"version-history":[{"count":0,"href":"https:\/\/www.lafargalhospitalet.com\/ca\/wp-json\/wp\/v2\/posts\/5096\/revisions"}],"wp:featuredmedia":[{"embeddable":true,"href":"https:\/\/www.lafargalhospitalet.com\/ca\/wp-json\/wp\/v2\/media\/5097"}],"wp:attachment":[{"href":"https:\/\/www.lafargalhospitalet.com\/ca\/wp-json\/wp\/v2\/media?parent=5096"}],"wp:term":[{"taxonomy":"category","embeddable":true,"href":"https:\/\/www.lafargalhospitalet.com\/ca\/wp-json\/wp\/v2\/categories?post=5096"},{"taxonomy":"post_tag","embeddable":true,"href":"https:\/\/www.lafargalhospitalet.com\/ca\/wp-json\/wp\/v2\/tags?post=5096"}],"curies":[{"name":"wp","href":"https:\/\/api.w.org\/{rel}","templated":true}]}}