{"id":5261,"date":"2017-11-14T14:09:21","date_gmt":"2017-11-14T13:09:21","guid":{"rendered":"http:\/\/www.lafargalhospitalet.com\/?p=5261"},"modified":"2025-11-03T18:28:42","modified_gmt":"2025-11-03T17:28:42","slug":"torna-el-kaliu-park-a-lhospitalet","status":"publish","type":"post","link":"https:\/\/www.lafargalhospitalet.com\/ca\/torna-el-kaliu-park-a-lhospitalet\/","title":{"rendered":"Torna el Kaliu Park a L\u2019Hospitalet"},"content":{"rendered":"<h5>Del 21 de desembre al 7 de gener<\/h5>\n<p>L\u2019Hospitalet tornar\u00e0 a comptar durant aquestes festes nadalenques del <a href=\"https:\/\/www.lafargalhospitalet.com\/kaliu-park-tanca-230000-visitants\/\" target=\"_blank\" rel=\"noopener\"><strong>Kaliu Park, Espai L\u00fadic de Nadal<\/strong><\/a>. La Farga ser\u00e0 l\u2019escenari d\u2019aquest esperat esdeveniment amb pista de gel, tobogan gegant i diferents activitats l\u00fadiques i esportives per a petits i joves, del 21 de desembre de 2017 al 7 de gener de 2018.<\/p>\n<p>Kaliu Park retorna amb m\u00e9s for\u00e7a oferint molta m\u00e9s proposta d\u2019oci, lleure, esport, emocions i sensacions que completaran el Nadal a L\u2019Hospitalet amb un munt d\u2019activitats per a tots els p\u00fablics. La Farga Centre d\u2019Activitats es tornar\u00e0 a preparar per poder construir una gran pista de patinatge sobre gel, un tobogan gegant i un espai amb jocs, tradicions, m\u00fasica i art. Tot plegat conformar\u00e0 el Kaliu Park, previst durant les vacances escolars, en tres ambients diferenciats: Kaliu Gel, Kaliu Creatiu i Kaliu L\u00fadic.<\/p>\n<h5>Tres ambients diferenciats<\/h5>\n<p>En el Kaliu Gel trobarem la pista de gel i el tobogan gegant. La pista de gel tindr\u00e0 una superf\u00edcie de 1.500m2 on es podr\u00e0 patinar amb lloguer de patins. Hi haur\u00e0 uns 200m2 de pista infantil per aquells patinadors\/es primerencs. El tobogan gegant tornar\u00e0 a fer les del\u00edcies de tothom i ser\u00e0 una de les grans atraccions del Kaliu Park. En els seus 50 metres de llarg per 14 d\u2019ample podran lliscar grans i petits.<\/p>\n<p>L\u2019espai per desenvolupar els talents art\u00edstics ser\u00e0 aquest any el Kaliu Creatiu on hi haur\u00e0 tallers de circ i percussi\u00f3; m\u00fasica infantil amb concerts en directe; i activitats de ball.<\/p>\n<p>El Kaliu L\u00fadic est\u00e0 reservat per a un munt d\u2019activitats, tamb\u00e9 per a tots els p\u00fablics, entre les que trobarem esports: b\u00e0squet 3&#215;3, tennis taula; i espais de lleure amb inflables, el \u2018M\u00f3n del Joc\u2019, i una ludoteca infantil.<\/p>\n<p>El Kaliu Park rebr\u00e0 la visita del Pare Noel, els dies previs de Nadal, i del Patge Reial perqu\u00e8 tots els nens i nenes puguin donar-li les seves cartes.<\/p>\n<p>El Kaliu Park ser\u00e0 d\u2019entrada lliure per a tothom, excepte les activitats de Kaliu Gel on caldr\u00e0 obtenir una entrada. El Kaliu Park obrir\u00e0 cada dia, del 21 de desembre al 7 de gener, des de les 11 hores fins les 21 hores. Hi haur\u00e0 horaris especials el dia 25 de desembre (d\u201911 h a 14 h i de 17 h a 21h) i el 31 desembre (d\u201911 h a 19 h).<\/p>\n","protected":false},"excerpt":{"rendered":"<p>L\u2019Espai L\u00fadic de Nadal de L\u2019Hospitalet inclou la gran pista de gel, el tobogan gegant i un munt d\u2019activitats l\u00fadiques per a tots els p\u00fablics.\u00a0<\/p>\n","protected":false},"author":1,"featured_media":4582,"comment_status":"closed","ping_status":"closed","sticky":false,"template":"","format":"standard","meta":{"_monsterinsights_skip_tracking":false,"_monsterinsights_sitenote_active":false,"_monsterinsights_sitenote_note":"","_monsterinsights_sitenote_category":0,"footnotes":""},"categories":[83],"tags":[],"class_list":["post-5261","post","type-post","status-publish","format-standard","has-post-thumbnail","hentry","category-noticies"],"yoast_head":"<!-- This site is optimized with the Yoast SEO plugin v27.5 - https:\/\/yoast.com\/product\/yoast-seo-wordpress\/ -->\n<title>Torna el Kaliu Park a L\u2019Hospitalet - La Farga L&#039;Hospitalet Centre d&#039;Activitats. La Farga GEM, S.A.<\/title>\n<meta name=\"description\" content=\"Torna el Kaliu Park, Espai L\u00fadic de Nadal de L\u2019Hospitalet inclou la gran pista de gel, el tobogan gegant i un munt d\u2019activitats l\u00fadiques.\" \/>\n<meta name=\"robots\" content=\"index, follow, max-snippet:-1, max-image-preview:large, max-video-preview:-1\" \/>\n<link rel=\"canonical\" href=\"https:\/\/www.lafargalhospitalet.com\/ca\/torna-el-kaliu-park-a-lhospitalet\/\" \/>\n<meta property=\"og:locale\" content=\"ca_ES\" \/>\n<meta property=\"og:type\" content=\"article\" \/>\n<meta property=\"og:title\" content=\"Torna el Kaliu Park a L\u2019Hospitalet - La Farga L&#039;Hospitalet Centre d&#039;Activitats. La Farga GEM, S.A.\" \/>\n<meta property=\"og:description\" content=\"Torna el Kaliu Park, Espai L\u00fadic de Nadal de L\u2019Hospitalet inclou la gran pista de gel, el tobogan gegant i un munt d\u2019activitats l\u00fadiques.\" \/>\n<meta property=\"og:url\" content=\"https:\/\/www.lafargalhospitalet.com\/ca\/torna-el-kaliu-park-a-lhospitalet\/\" \/>\n<meta property=\"og:site_name\" content=\"La Farga L&#039;Hospitalet Centre d&#039;Activitats. La Farga GEM, S.A.\" \/>\n<meta property=\"article:publisher\" content=\"https:\/\/www.facebook.com\/fargahospitalet\/\" \/>\n<meta property=\"article:published_time\" content=\"2017-11-14T13:09:21+00:00\" \/>\n<meta property=\"article:modified_time\" content=\"2025-11-03T17:28:42+00:00\" \/>\n<meta property=\"og:image\" content=\"https:\/\/www.lafargalhospitalet.com\/wp-content\/uploads\/2016\/12\/KaliuPark-81000.jpg\" \/>\n\t<meta property=\"og:image:width\" content=\"730\" \/>\n\t<meta property=\"og:image:height\" content=\"410\" \/>\n\t<meta property=\"og:image:type\" content=\"image\/jpeg\" \/>\n<meta name=\"author\" content=\"La Farga Centre d&#039;Activitats\" \/>\n<meta name=\"twitter:card\" content=\"summary_large_image\" \/>\n<meta name=\"twitter:creator\" content=\"@fargahospitalet\" \/>\n<meta name=\"twitter:site\" content=\"@fargahospitalet\" \/>\n<meta name=\"twitter:label1\" content=\"Escrit per\" \/>\n\t<meta name=\"twitter:data1\" content=\"La Farga Centre d&#039;Activitats\" \/>\n\t<meta name=\"twitter:label2\" content=\"Temps estimat de lectura\" \/>\n\t<meta name=\"twitter:data2\" content=\"2 minuts\" \/>\n<script type=\"application\/ld+json\" class=\"yoast-schema-graph\">{\"@context\":\"https:\\\/\\\/schema.org\",\"@graph\":[{\"@type\":\"Article\",\"@id\":\"https:\\\/\\\/www.lafargalhospitalet.com\\\/ca\\\/torna-el-kaliu-park-a-lhospitalet\\\/#article\",\"isPartOf\":{\"@id\":\"https:\\\/\\\/www.lafargalhospitalet.com\\\/ca\\\/torna-el-kaliu-park-a-lhospitalet\\\/\"},\"author\":{\"name\":\"La Farga Centre d'Activitats\",\"@id\":\"https:\\\/\\\/www.lafargalhospitalet.com\\\/#\\\/schema\\\/person\\\/6cbac0ef7748506b167ff859e1c7f378\"},\"headline\":\"Torna el Kaliu Park a L\u2019Hospitalet\",\"datePublished\":\"2017-11-14T13:09:21+00:00\",\"dateModified\":\"2025-11-03T17:28:42+00:00\",\"mainEntityOfPage\":{\"@id\":\"https:\\\/\\\/www.lafargalhospitalet.com\\\/ca\\\/torna-el-kaliu-park-a-lhospitalet\\\/\"},\"wordCount\":409,\"publisher\":{\"@id\":\"https:\\\/\\\/www.lafargalhospitalet.com\\\/#organization\"},\"image\":{\"@id\":\"https:\\\/\\\/www.lafargalhospitalet.com\\\/ca\\\/torna-el-kaliu-park-a-lhospitalet\\\/#primaryimage\"},\"thumbnailUrl\":\"https:\\\/\\\/www.lafargalhospitalet.com\\\/wp-content\\\/uploads\\\/2016\\\/12\\\/KaliuPark-81000.jpg\",\"articleSection\":[\"Noticies\"],\"inLanguage\":\"ca\"},{\"@type\":\"WebPage\",\"@id\":\"https:\\\/\\\/www.lafargalhospitalet.com\\\/ca\\\/torna-el-kaliu-park-a-lhospitalet\\\/\",\"url\":\"https:\\\/\\\/www.lafargalhospitalet.com\\\/ca\\\/torna-el-kaliu-park-a-lhospitalet\\\/\",\"name\":\"Torna el Kaliu Park a L\u2019Hospitalet - La Farga L&#039;Hospitalet Centre d&#039;Activitats. La Farga GEM, S.A.\",\"isPartOf\":{\"@id\":\"https:\\\/\\\/www.lafargalhospitalet.com\\\/#website\"},\"primaryImageOfPage\":{\"@id\":\"https:\\\/\\\/www.lafargalhospitalet.com\\\/ca\\\/torna-el-kaliu-park-a-lhospitalet\\\/#primaryimage\"},\"image\":{\"@id\":\"https:\\\/\\\/www.lafargalhospitalet.com\\\/ca\\\/torna-el-kaliu-park-a-lhospitalet\\\/#primaryimage\"},\"thumbnailUrl\":\"https:\\\/\\\/www.lafargalhospitalet.com\\\/wp-content\\\/uploads\\\/2016\\\/12\\\/KaliuPark-81000.jpg\",\"datePublished\":\"2017-11-14T13:09:21+00:00\",\"dateModified\":\"2025-11-03T17:28:42+00:00\",\"description\":\"Torna el Kaliu Park, Espai L\u00fadic de Nadal de L\u2019Hospitalet inclou la gran pista de gel, el tobogan gegant i un munt d\u2019activitats l\u00fadiques.\",\"breadcrumb\":{\"@id\":\"https:\\\/\\\/www.lafargalhospitalet.com\\\/ca\\\/torna-el-kaliu-park-a-lhospitalet\\\/#breadcrumb\"},\"inLanguage\":\"ca\",\"potentialAction\":[{\"@type\":\"ReadAction\",\"target\":[\"https:\\\/\\\/www.lafargalhospitalet.com\\\/ca\\\/torna-el-kaliu-park-a-lhospitalet\\\/\"]}]},{\"@type\":\"ImageObject\",\"inLanguage\":\"ca\",\"@id\":\"https:\\\/\\\/www.lafargalhospitalet.com\\\/ca\\\/torna-el-kaliu-park-a-lhospitalet\\\/#primaryimage\",\"url\":\"https:\\\/\\\/www.lafargalhospitalet.com\\\/wp-content\\\/uploads\\\/2016\\\/12\\\/KaliuPark-81000.jpg\",\"contentUrl\":\"https:\\\/\\\/www.lafargalhospitalet.com\\\/wp-content\\\/uploads\\\/2016\\\/12\\\/KaliuPark-81000.jpg\",\"width\":730,\"height\":410,\"caption\":\"Torna el Kaliu\"},{\"@type\":\"BreadcrumbList\",\"@id\":\"https:\\\/\\\/www.lafargalhospitalet.com\\\/ca\\\/torna-el-kaliu-park-a-lhospitalet\\\/#breadcrumb\",\"itemListElement\":[{\"@type\":\"ListItem\",\"position\":1,\"name\":\"Portada\",\"item\":\"https:\\\/\\\/www.lafargalhospitalet.com\\\/\"},{\"@type\":\"ListItem\",\"position\":2,\"name\":\"Torna el Kaliu Park a L\u2019Hospitalet\"}]},{\"@type\":\"WebSite\",\"@id\":\"https:\\\/\\\/www.lafargalhospitalet.com\\\/#website\",\"url\":\"https:\\\/\\\/www.lafargalhospitalet.com\\\/\",\"name\":\"La Farga L'Hospitalet Centre d'Activitats. La Farga GEM, S.A.\",\"description\":\"La Farga L&#039;Hospitalet Centre d&#039;Activitats. Gestionat per La Farga GEM, S.A. Fires i Congressos. Concerts, exposicions, reunions, filmacions, sopars de gala.\",\"publisher\":{\"@id\":\"https:\\\/\\\/www.lafargalhospitalet.com\\\/#organization\"},\"potentialAction\":[{\"@type\":\"SearchAction\",\"target\":{\"@type\":\"EntryPoint\",\"urlTemplate\":\"https:\\\/\\\/www.lafargalhospitalet.com\\\/?s={search_term_string}\"},\"query-input\":{\"@type\":\"PropertyValueSpecification\",\"valueRequired\":true,\"valueName\":\"search_term_string\"}}],\"inLanguage\":\"ca\"},{\"@type\":\"Organization\",\"@id\":\"https:\\\/\\\/www.lafargalhospitalet.com\\\/#organization\",\"name\":\"La Farga L'Hospitalet Centre d'Activitats. La Farga GEM, S.A.\",\"url\":\"https:\\\/\\\/www.lafargalhospitalet.com\\\/\",\"logo\":{\"@type\":\"ImageObject\",\"inLanguage\":\"ca\",\"@id\":\"https:\\\/\\\/www.lafargalhospitalet.com\\\/#\\\/schema\\\/logo\\\/image\\\/\",\"url\":\"https:\\\/\\\/www.lafargalhospitalet.com\\\/wp-content\\\/uploads\\\/2025\\\/10\\\/logotipo_lafarga_centre_activitats.png\",\"contentUrl\":\"https:\\\/\\\/www.lafargalhospitalet.com\\\/wp-content\\\/uploads\\\/2025\\\/10\\\/logotipo_lafarga_centre_activitats.png\",\"width\":266,\"height\":101,\"caption\":\"La Farga L'Hospitalet Centre d'Activitats. La Farga GEM, S.A.\"},\"image\":{\"@id\":\"https:\\\/\\\/www.lafargalhospitalet.com\\\/#\\\/schema\\\/logo\\\/image\\\/\"},\"sameAs\":[\"https:\\\/\\\/www.facebook.com\\\/fargahospitalet\\\/\",\"https:\\\/\\\/x.com\\\/fargahospitalet\",\"https:\\\/\\\/www.instagram.com\\\/lafargahospitalet\\\/\",\"https:\\\/\\\/www.youtube.com\\\/channel\\\/UCoLt6hen3PqGXgbLMGI3Qdw\",\"https:\\\/\\\/www.flickr.com\\\/photos\\\/lafargagemsa\\\/albums\"]},{\"@type\":\"Person\",\"@id\":\"https:\\\/\\\/www.lafargalhospitalet.com\\\/#\\\/schema\\\/person\\\/6cbac0ef7748506b167ff859e1c7f378\",\"name\":\"La Farga Centre d'Activitats\",\"sameAs\":[\"https:\\\/\\\/www.lafargalhospitalet.com\"],\"url\":\"https:\\\/\\\/www.lafargalhospitalet.com\\\/ca\\\/author\\\/far25gmin\\\/\"}]}<\/script>\n<!-- \/ Yoast SEO plugin. -->","yoast_head_json":{"title":"Torna el Kaliu Park a L\u2019Hospitalet - La Farga L&#039;Hospitalet Centre d&#039;Activitats. La Farga GEM, S.A.","description":"Torna el Kaliu Park, Espai L\u00fadic de Nadal de L\u2019Hospitalet inclou la gran pista de gel, el tobogan gegant i un munt d\u2019activitats l\u00fadiques.","robots":{"index":"index","follow":"follow","max-snippet":"max-snippet:-1","max-image-preview":"max-image-preview:large","max-video-preview":"max-video-preview:-1"},"canonical":"https:\/\/www.lafargalhospitalet.com\/ca\/torna-el-kaliu-park-a-lhospitalet\/","og_locale":"ca_ES","og_type":"article","og_title":"Torna el Kaliu Park a L\u2019Hospitalet - La Farga L&#039;Hospitalet Centre d&#039;Activitats. La Farga GEM, S.A.","og_description":"Torna el Kaliu Park, Espai L\u00fadic de Nadal de L\u2019Hospitalet inclou la gran pista de gel, el tobogan gegant i un munt d\u2019activitats l\u00fadiques.","og_url":"https:\/\/www.lafargalhospitalet.com\/ca\/torna-el-kaliu-park-a-lhospitalet\/","og_site_name":"La Farga L&#039;Hospitalet Centre d&#039;Activitats. La Farga GEM, S.A.","article_publisher":"https:\/\/www.facebook.com\/fargahospitalet\/","article_published_time":"2017-11-14T13:09:21+00:00","article_modified_time":"2025-11-03T17:28:42+00:00","og_image":[{"width":730,"height":410,"url":"https:\/\/www.lafargalhospitalet.com\/wp-content\/uploads\/2016\/12\/KaliuPark-81000.jpg","type":"image\/jpeg"}],"author":"La Farga Centre d'Activitats","twitter_card":"summary_large_image","twitter_creator":"@fargahospitalet","twitter_site":"@fargahospitalet","twitter_misc":{"Escrit per":"La Farga Centre d'Activitats","Temps estimat de lectura":"2 minuts"},"schema":{"@context":"https:\/\/schema.org","@graph":[{"@type":"Article","@id":"https:\/\/www.lafargalhospitalet.com\/ca\/torna-el-kaliu-park-a-lhospitalet\/#article","isPartOf":{"@id":"https:\/\/www.lafargalhospitalet.com\/ca\/torna-el-kaliu-park-a-lhospitalet\/"},"author":{"name":"La Farga Centre d'Activitats","@id":"https:\/\/www.lafargalhospitalet.com\/#\/schema\/person\/6cbac0ef7748506b167ff859e1c7f378"},"headline":"Torna el Kaliu Park a L\u2019Hospitalet","datePublished":"2017-11-14T13:09:21+00:00","dateModified":"2025-11-03T17:28:42+00:00","mainEntityOfPage":{"@id":"https:\/\/www.lafargalhospitalet.com\/ca\/torna-el-kaliu-park-a-lhospitalet\/"},"wordCount":409,"publisher":{"@id":"https:\/\/www.lafargalhospitalet.com\/#organization"},"image":{"@id":"https:\/\/www.lafargalhospitalet.com\/ca\/torna-el-kaliu-park-a-lhospitalet\/#primaryimage"},"thumbnailUrl":"https:\/\/www.lafargalhospitalet.com\/wp-content\/uploads\/2016\/12\/KaliuPark-81000.jpg","articleSection":["Noticies"],"inLanguage":"ca"},{"@type":"WebPage","@id":"https:\/\/www.lafargalhospitalet.com\/ca\/torna-el-kaliu-park-a-lhospitalet\/","url":"https:\/\/www.lafargalhospitalet.com\/ca\/torna-el-kaliu-park-a-lhospitalet\/","name":"Torna el Kaliu Park a L\u2019Hospitalet - La Farga L&#039;Hospitalet Centre d&#039;Activitats. La Farga GEM, S.A.","isPartOf":{"@id":"https:\/\/www.lafargalhospitalet.com\/#website"},"primaryImageOfPage":{"@id":"https:\/\/www.lafargalhospitalet.com\/ca\/torna-el-kaliu-park-a-lhospitalet\/#primaryimage"},"image":{"@id":"https:\/\/www.lafargalhospitalet.com\/ca\/torna-el-kaliu-park-a-lhospitalet\/#primaryimage"},"thumbnailUrl":"https:\/\/www.lafargalhospitalet.com\/wp-content\/uploads\/2016\/12\/KaliuPark-81000.jpg","datePublished":"2017-11-14T13:09:21+00:00","dateModified":"2025-11-03T17:28:42+00:00","description":"Torna el Kaliu Park, Espai L\u00fadic de Nadal de L\u2019Hospitalet inclou la gran pista de gel, el tobogan gegant i un munt d\u2019activitats l\u00fadiques.","breadcrumb":{"@id":"https:\/\/www.lafargalhospitalet.com\/ca\/torna-el-kaliu-park-a-lhospitalet\/#breadcrumb"},"inLanguage":"ca","potentialAction":[{"@type":"ReadAction","target":["https:\/\/www.lafargalhospitalet.com\/ca\/torna-el-kaliu-park-a-lhospitalet\/"]}]},{"@type":"ImageObject","inLanguage":"ca","@id":"https:\/\/www.lafargalhospitalet.com\/ca\/torna-el-kaliu-park-a-lhospitalet\/#primaryimage","url":"https:\/\/www.lafargalhospitalet.com\/wp-content\/uploads\/2016\/12\/KaliuPark-81000.jpg","contentUrl":"https:\/\/www.lafargalhospitalet.com\/wp-content\/uploads\/2016\/12\/KaliuPark-81000.jpg","width":730,"height":410,"caption":"Torna el Kaliu"},{"@type":"BreadcrumbList","@id":"https:\/\/www.lafargalhospitalet.com\/ca\/torna-el-kaliu-park-a-lhospitalet\/#breadcrumb","itemListElement":[{"@type":"ListItem","position":1,"name":"Portada","item":"https:\/\/www.lafargalhospitalet.com\/"},{"@type":"ListItem","position":2,"name":"Torna el Kaliu Park a L\u2019Hospitalet"}]},{"@type":"WebSite","@id":"https:\/\/www.lafargalhospitalet.com\/#website","url":"https:\/\/www.lafargalhospitalet.com\/","name":"La Farga L'Hospitalet Centre d'Activitats. La Farga GEM, S.A.","description":"La Farga L&#039;Hospitalet Centre d&#039;Activitats. Gestionat per La Farga GEM, S.A. Fires i Congressos. Concerts, exposicions, reunions, filmacions, sopars de gala.","publisher":{"@id":"https:\/\/www.lafargalhospitalet.com\/#organization"},"potentialAction":[{"@type":"SearchAction","target":{"@type":"EntryPoint","urlTemplate":"https:\/\/www.lafargalhospitalet.com\/?s={search_term_string}"},"query-input":{"@type":"PropertyValueSpecification","valueRequired":true,"valueName":"search_term_string"}}],"inLanguage":"ca"},{"@type":"Organization","@id":"https:\/\/www.lafargalhospitalet.com\/#organization","name":"La Farga L'Hospitalet Centre d'Activitats. La Farga GEM, S.A.","url":"https:\/\/www.lafargalhospitalet.com\/","logo":{"@type":"ImageObject","inLanguage":"ca","@id":"https:\/\/www.lafargalhospitalet.com\/#\/schema\/logo\/image\/","url":"https:\/\/www.lafargalhospitalet.com\/wp-content\/uploads\/2025\/10\/logotipo_lafarga_centre_activitats.png","contentUrl":"https:\/\/www.lafargalhospitalet.com\/wp-content\/uploads\/2025\/10\/logotipo_lafarga_centre_activitats.png","width":266,"height":101,"caption":"La Farga L'Hospitalet Centre d'Activitats. La Farga GEM, S.A."},"image":{"@id":"https:\/\/www.lafargalhospitalet.com\/#\/schema\/logo\/image\/"},"sameAs":["https:\/\/www.facebook.com\/fargahospitalet\/","https:\/\/x.com\/fargahospitalet","https:\/\/www.instagram.com\/lafargahospitalet\/","https:\/\/www.youtube.com\/channel\/UCoLt6hen3PqGXgbLMGI3Qdw","https:\/\/www.flickr.com\/photos\/lafargagemsa\/albums"]},{"@type":"Person","@id":"https:\/\/www.lafargalhospitalet.com\/#\/schema\/person\/6cbac0ef7748506b167ff859e1c7f378","name":"La Farga Centre d'Activitats","sameAs":["https:\/\/www.lafargalhospitalet.com"],"url":"https:\/\/www.lafargalhospitalet.com\/ca\/author\/far25gmin\/"}]}},"_links":{"self":[{"href":"https:\/\/www.lafargalhospitalet.com\/ca\/wp-json\/wp\/v2\/posts\/5261","targetHints":{"allow":["GET"]}}],"collection":[{"href":"https:\/\/www.lafargalhospitalet.com\/ca\/wp-json\/wp\/v2\/posts"}],"about":[{"href":"https:\/\/www.lafargalhospitalet.com\/ca\/wp-json\/wp\/v2\/types\/post"}],"author":[{"embeddable":true,"href":"https:\/\/www.lafargalhospitalet.com\/ca\/wp-json\/wp\/v2\/users\/1"}],"replies":[{"embeddable":true,"href":"https:\/\/www.lafargalhospitalet.com\/ca\/wp-json\/wp\/v2\/comments?post=5261"}],"version-history":[{"count":0,"href":"https:\/\/www.lafargalhospitalet.com\/ca\/wp-json\/wp\/v2\/posts\/5261\/revisions"}],"wp:featuredmedia":[{"embeddable":true,"href":"https:\/\/www.lafargalhospitalet.com\/ca\/wp-json\/wp\/v2\/media\/4582"}],"wp:attachment":[{"href":"https:\/\/www.lafargalhospitalet.com\/ca\/wp-json\/wp\/v2\/media?parent=5261"}],"wp:term":[{"taxonomy":"category","embeddable":true,"href":"https:\/\/www.lafargalhospitalet.com\/ca\/wp-json\/wp\/v2\/categories?post=5261"},{"taxonomy":"post_tag","embeddable":true,"href":"https:\/\/www.lafargalhospitalet.com\/ca\/wp-json\/wp\/v2\/tags?post=5261"}],"curies":[{"name":"wp","href":"https:\/\/api.w.org\/{rel}","templated":true}]}}