{"id":5275,"date":"2017-11-15T10:42:04","date_gmt":"2017-11-15T09:42:04","guid":{"rendered":"http:\/\/www.lafargalhospitalet.com\/?p=5275"},"modified":"2025-11-03T18:28:42","modified_gmt":"2025-11-03T17:28:42","slug":"jornada-sobre-etica-quotidia-atencio-dependencia","status":"publish","type":"post","link":"https:\/\/www.lafargalhospitalet.com\/ca\/jornada-sobre-etica-quotidia-atencio-dependencia\/","title":{"rendered":"Jornada sobre &#8220;L&#8217;\u00e8tica del quotidi\u00e0 en l&#8217;atenci\u00f3 a la depend\u00e8ncia&#8221;"},"content":{"rendered":"<h5>Dijous 16 de novembre<\/h5>\n<p>La <a href=\"http:\/\/www.fsantaeulalia.org\" target=\"_blank\" rel=\"noopener\"><strong>Fundaci\u00f3 Santa Eul\u00e0lia<\/strong><\/a> i <a href=\"http:\/\/www.grupcatalonia.org\" target=\"_blank\" rel=\"noopener\"><strong>Catal\u00f2nia Fundaci\u00f3 Creactiva<\/strong><\/a> tornen a escollir l&#8217;Auditori de La Farga Congress per celebrar una jornada formativa sota el t\u00edtol &#8220;L&#8217;\u00e8tica del quotidi\u00e0 en l&#8217;atenci\u00f3 a la depend\u00e8ncia&#8221;.<\/p>\n<p>Aquesta jornada est\u00e0 dividida en tres blocs que tenen com a objectiu crear un interessant debat des del punt de vista de reconeguts professionals del sector entorn l\u2019\u00c8tica, respecte a les persones amb depend\u00e8ncia. Segons l&#8217;organitzaci\u00f3 s\u00f3n molts els inconvenients amb el que aquest col\u00b7lectiu es troba en les accions pr\u00f2pies de la vida quotidiana i sovint no ho tenen f\u00e0cil en el seu dia a dia.<\/p>\n<p>La intenci\u00f3 \u00e9s fer una reflexi\u00f3 sobre el qu\u00e8 fa i com ho es fa des d\u2019un punt de vista \u00e8tic amb responsabilitat. Hi haur\u00e0 debat de temes tan transcendents com la forma en la que es duu a terme l\u2019atenci\u00f3 a la persona des de la perspectiva dels principis \u00e8tics m\u00e9s enll\u00e0 dels dict\u00e0mens normatius, i com aquest grup de persones es troben amb un conflicte davant les eines \u00e8tiques i jur\u00eddiques amb les qu\u00e8 comptem avui en dia.<\/p>\n<p>Per \u00faltim es tractar\u00e0 un tema d\u2019actualitat com \u00e9s el final de la vida: els drets que tenim envers el nostre final davant una situaci\u00f3 de salut o depend\u00e8ncia extrema.<\/p>\n<p>Programa de <a href=\"http:\/\/www.fsantaeulalia.org\/wp-content\/uploads\/2017\/10\/Di\u0301ptic-Jornada-e\u0300tica-161117_b.pdf\" target=\"_blank\" rel=\"noopener\"><strong>&#8220;L&#8217;\u00e8tica del quotidi\u00e0 en l&#8217;atenci\u00f3 a la depend\u00e8ncia&#8221;<\/strong><\/a>.<\/p>\n","protected":false},"excerpt":{"rendered":"<p>La Fundaci\u00f3 Santa Eul\u00e0lia i Catal\u00f2nia Fundaci\u00f3 Creactiva celebren una jornada formativa sota el t\u00edtol &#8220;L&#8217;\u00e8tica del quotidi\u00e0 en l&#8217;atenci\u00f3 a la depend\u00e8ncia&#8221;.<\/p>\n","protected":false},"author":1,"featured_media":3845,"comment_status":"closed","ping_status":"closed","sticky":false,"template":"","format":"standard","meta":{"_monsterinsights_skip_tracking":false,"_monsterinsights_sitenote_active":false,"_monsterinsights_sitenote_note":"","_monsterinsights_sitenote_category":0,"footnotes":""},"categories":[83],"tags":[],"class_list":["post-5275","post","type-post","status-publish","format-standard","has-post-thumbnail","hentry","category-noticies"],"yoast_head":"<!-- This site is optimized with the Yoast SEO plugin v27.5 - https:\/\/yoast.com\/product\/yoast-seo-wordpress\/ -->\n<title>Jornada sobre &quot;L&#039;\u00e8tica del quotidi\u00e0 en l&#039;atenci\u00f3 a la depend\u00e8ncia&quot; - La Farga L&#039;Hospitalet Centre d&#039;Activitats. La Farga GEM, S.A.<\/title>\n<meta name=\"description\" content=\"La Fundaci\u00f3 Santa Eul\u00e0lia i Catal\u00f2nia Fundaci\u00f3 Creactiva celebren una jornada formativa sota el t\u00edtol &quot;L&#039;\u00e8tica del quotidi\u00e0 en l&#039;atenci\u00f3 a la depend\u00e8ncia&quot;.\" \/>\n<meta name=\"robots\" content=\"index, follow, max-snippet:-1, max-image-preview:large, max-video-preview:-1\" \/>\n<link rel=\"canonical\" href=\"https:\/\/www.lafargalhospitalet.com\/ca\/jornada-sobre-etica-quotidia-atencio-dependencia\/\" \/>\n<meta property=\"og:locale\" content=\"ca_ES\" \/>\n<meta property=\"og:type\" content=\"article\" \/>\n<meta property=\"og:title\" content=\"Jornada sobre &quot;L&#039;\u00e8tica del quotidi\u00e0 en l&#039;atenci\u00f3 a la depend\u00e8ncia&quot; - La Farga L&#039;Hospitalet Centre d&#039;Activitats. La Farga GEM, S.A.\" \/>\n<meta property=\"og:description\" content=\"La Fundaci\u00f3 Santa Eul\u00e0lia i Catal\u00f2nia Fundaci\u00f3 Creactiva celebren una jornada formativa sota el t\u00edtol &quot;L&#039;\u00e8tica del quotidi\u00e0 en l&#039;atenci\u00f3 a la depend\u00e8ncia&quot;.\" \/>\n<meta property=\"og:url\" content=\"https:\/\/www.lafargalhospitalet.com\/ca\/jornada-sobre-etica-quotidia-atencio-dependencia\/\" \/>\n<meta property=\"og:site_name\" content=\"La Farga L&#039;Hospitalet Centre d&#039;Activitats. La Farga GEM, S.A.\" \/>\n<meta property=\"article:publisher\" content=\"https:\/\/www.facebook.com\/fargahospitalet\/\" \/>\n<meta property=\"article:published_time\" content=\"2017-11-15T09:42:04+00:00\" \/>\n<meta property=\"article:modified_time\" content=\"2025-11-03T17:28:42+00:00\" \/>\n<meta property=\"og:image\" content=\"https:\/\/www.lafargalhospitalet.com\/wp-content\/uploads\/2016\/05\/santaeulalia-farga.jpg\" \/>\n\t<meta property=\"og:image:width\" content=\"730\" \/>\n\t<meta property=\"og:image:height\" content=\"410\" \/>\n\t<meta property=\"og:image:type\" content=\"image\/jpeg\" \/>\n<meta name=\"author\" content=\"La Farga Centre d&#039;Activitats\" \/>\n<meta name=\"twitter:card\" content=\"summary_large_image\" \/>\n<meta name=\"twitter:creator\" content=\"@fargahospitalet\" \/>\n<meta name=\"twitter:site\" content=\"@fargahospitalet\" \/>\n<meta name=\"twitter:label1\" content=\"Escrit per\" \/>\n\t<meta name=\"twitter:data1\" content=\"La Farga Centre d&#039;Activitats\" \/>\n\t<meta name=\"twitter:label2\" content=\"Temps estimat de lectura\" \/>\n\t<meta name=\"twitter:data2\" content=\"1 minut\" \/>\n<script type=\"application\/ld+json\" class=\"yoast-schema-graph\">{\"@context\":\"https:\\\/\\\/schema.org\",\"@graph\":[{\"@type\":\"Article\",\"@id\":\"https:\\\/\\\/www.lafargalhospitalet.com\\\/ca\\\/jornada-sobre-etica-quotidia-atencio-dependencia\\\/#article\",\"isPartOf\":{\"@id\":\"https:\\\/\\\/www.lafargalhospitalet.com\\\/ca\\\/jornada-sobre-etica-quotidia-atencio-dependencia\\\/\"},\"author\":{\"name\":\"La Farga Centre d'Activitats\",\"@id\":\"https:\\\/\\\/www.lafargalhospitalet.com\\\/#\\\/schema\\\/person\\\/6cbac0ef7748506b167ff859e1c7f378\"},\"headline\":\"Jornada sobre &#8220;L&#8217;\u00e8tica del quotidi\u00e0 en l&#8217;atenci\u00f3 a la depend\u00e8ncia&#8221;\",\"datePublished\":\"2017-11-15T09:42:04+00:00\",\"dateModified\":\"2025-11-03T17:28:42+00:00\",\"mainEntityOfPage\":{\"@id\":\"https:\\\/\\\/www.lafargalhospitalet.com\\\/ca\\\/jornada-sobre-etica-quotidia-atencio-dependencia\\\/\"},\"wordCount\":259,\"publisher\":{\"@id\":\"https:\\\/\\\/www.lafargalhospitalet.com\\\/#organization\"},\"image\":{\"@id\":\"https:\\\/\\\/www.lafargalhospitalet.com\\\/ca\\\/jornada-sobre-etica-quotidia-atencio-dependencia\\\/#primaryimage\"},\"thumbnailUrl\":\"https:\\\/\\\/www.lafargalhospitalet.com\\\/wp-content\\\/uploads\\\/2016\\\/05\\\/santaeulalia-farga.jpg\",\"articleSection\":[\"Noticies\"],\"inLanguage\":\"ca\"},{\"@type\":\"WebPage\",\"@id\":\"https:\\\/\\\/www.lafargalhospitalet.com\\\/ca\\\/jornada-sobre-etica-quotidia-atencio-dependencia\\\/\",\"url\":\"https:\\\/\\\/www.lafargalhospitalet.com\\\/ca\\\/jornada-sobre-etica-quotidia-atencio-dependencia\\\/\",\"name\":\"Jornada sobre \\\"L'\u00e8tica del quotidi\u00e0 en l'atenci\u00f3 a la depend\u00e8ncia\\\" - La Farga L&#039;Hospitalet Centre d&#039;Activitats. La Farga GEM, S.A.\",\"isPartOf\":{\"@id\":\"https:\\\/\\\/www.lafargalhospitalet.com\\\/#website\"},\"primaryImageOfPage\":{\"@id\":\"https:\\\/\\\/www.lafargalhospitalet.com\\\/ca\\\/jornada-sobre-etica-quotidia-atencio-dependencia\\\/#primaryimage\"},\"image\":{\"@id\":\"https:\\\/\\\/www.lafargalhospitalet.com\\\/ca\\\/jornada-sobre-etica-quotidia-atencio-dependencia\\\/#primaryimage\"},\"thumbnailUrl\":\"https:\\\/\\\/www.lafargalhospitalet.com\\\/wp-content\\\/uploads\\\/2016\\\/05\\\/santaeulalia-farga.jpg\",\"datePublished\":\"2017-11-15T09:42:04+00:00\",\"dateModified\":\"2025-11-03T17:28:42+00:00\",\"description\":\"La Fundaci\u00f3 Santa Eul\u00e0lia i Catal\u00f2nia Fundaci\u00f3 Creactiva celebren una jornada formativa sota el t\u00edtol \\\"L'\u00e8tica del quotidi\u00e0 en l'atenci\u00f3 a la depend\u00e8ncia\\\".\",\"breadcrumb\":{\"@id\":\"https:\\\/\\\/www.lafargalhospitalet.com\\\/ca\\\/jornada-sobre-etica-quotidia-atencio-dependencia\\\/#breadcrumb\"},\"inLanguage\":\"ca\",\"potentialAction\":[{\"@type\":\"ReadAction\",\"target\":[\"https:\\\/\\\/www.lafargalhospitalet.com\\\/ca\\\/jornada-sobre-etica-quotidia-atencio-dependencia\\\/\"]}]},{\"@type\":\"ImageObject\",\"inLanguage\":\"ca\",\"@id\":\"https:\\\/\\\/www.lafargalhospitalet.com\\\/ca\\\/jornada-sobre-etica-quotidia-atencio-dependencia\\\/#primaryimage\",\"url\":\"https:\\\/\\\/www.lafargalhospitalet.com\\\/wp-content\\\/uploads\\\/2016\\\/05\\\/santaeulalia-farga.jpg\",\"contentUrl\":\"https:\\\/\\\/www.lafargalhospitalet.com\\\/wp-content\\\/uploads\\\/2016\\\/05\\\/santaeulalia-farga.jpg\",\"width\":730,\"height\":410,\"caption\":\"Creactiva Santa Eul\u00e0lia\"},{\"@type\":\"BreadcrumbList\",\"@id\":\"https:\\\/\\\/www.lafargalhospitalet.com\\\/ca\\\/jornada-sobre-etica-quotidia-atencio-dependencia\\\/#breadcrumb\",\"itemListElement\":[{\"@type\":\"ListItem\",\"position\":1,\"name\":\"Portada\",\"item\":\"https:\\\/\\\/www.lafargalhospitalet.com\\\/\"},{\"@type\":\"ListItem\",\"position\":2,\"name\":\"Jornada sobre &#8220;L&#8217;\u00e8tica del quotidi\u00e0 en l&#8217;atenci\u00f3 a la depend\u00e8ncia&#8221;\"}]},{\"@type\":\"WebSite\",\"@id\":\"https:\\\/\\\/www.lafargalhospitalet.com\\\/#website\",\"url\":\"https:\\\/\\\/www.lafargalhospitalet.com\\\/\",\"name\":\"La Farga L'Hospitalet Centre d'Activitats. La Farga GEM, S.A.\",\"description\":\"La Farga L&#039;Hospitalet Centre d&#039;Activitats. Gestionat per La Farga GEM, S.A. Fires i Congressos. Concerts, exposicions, reunions, filmacions, sopars de gala.\",\"publisher\":{\"@id\":\"https:\\\/\\\/www.lafargalhospitalet.com\\\/#organization\"},\"potentialAction\":[{\"@type\":\"SearchAction\",\"target\":{\"@type\":\"EntryPoint\",\"urlTemplate\":\"https:\\\/\\\/www.lafargalhospitalet.com\\\/?s={search_term_string}\"},\"query-input\":{\"@type\":\"PropertyValueSpecification\",\"valueRequired\":true,\"valueName\":\"search_term_string\"}}],\"inLanguage\":\"ca\"},{\"@type\":\"Organization\",\"@id\":\"https:\\\/\\\/www.lafargalhospitalet.com\\\/#organization\",\"name\":\"La Farga L'Hospitalet Centre d'Activitats. La Farga GEM, S.A.\",\"url\":\"https:\\\/\\\/www.lafargalhospitalet.com\\\/\",\"logo\":{\"@type\":\"ImageObject\",\"inLanguage\":\"ca\",\"@id\":\"https:\\\/\\\/www.lafargalhospitalet.com\\\/#\\\/schema\\\/logo\\\/image\\\/\",\"url\":\"https:\\\/\\\/www.lafargalhospitalet.com\\\/wp-content\\\/uploads\\\/2025\\\/10\\\/logotipo_lafarga_centre_activitats.png\",\"contentUrl\":\"https:\\\/\\\/www.lafargalhospitalet.com\\\/wp-content\\\/uploads\\\/2025\\\/10\\\/logotipo_lafarga_centre_activitats.png\",\"width\":266,\"height\":101,\"caption\":\"La Farga L'Hospitalet Centre d'Activitats. La Farga GEM, S.A.\"},\"image\":{\"@id\":\"https:\\\/\\\/www.lafargalhospitalet.com\\\/#\\\/schema\\\/logo\\\/image\\\/\"},\"sameAs\":[\"https:\\\/\\\/www.facebook.com\\\/fargahospitalet\\\/\",\"https:\\\/\\\/x.com\\\/fargahospitalet\",\"https:\\\/\\\/www.instagram.com\\\/lafargahospitalet\\\/\",\"https:\\\/\\\/www.youtube.com\\\/channel\\\/UCoLt6hen3PqGXgbLMGI3Qdw\",\"https:\\\/\\\/www.flickr.com\\\/photos\\\/lafargagemsa\\\/albums\"]},{\"@type\":\"Person\",\"@id\":\"https:\\\/\\\/www.lafargalhospitalet.com\\\/#\\\/schema\\\/person\\\/6cbac0ef7748506b167ff859e1c7f378\",\"name\":\"La Farga Centre d'Activitats\",\"sameAs\":[\"https:\\\/\\\/www.lafargalhospitalet.com\"],\"url\":\"https:\\\/\\\/www.lafargalhospitalet.com\\\/ca\\\/author\\\/far25gmin\\\/\"}]}<\/script>\n<!-- \/ Yoast SEO plugin. -->","yoast_head_json":{"title":"Jornada sobre \"L'\u00e8tica del quotidi\u00e0 en l'atenci\u00f3 a la depend\u00e8ncia\" - La Farga L&#039;Hospitalet Centre d&#039;Activitats. La Farga GEM, S.A.","description":"La Fundaci\u00f3 Santa Eul\u00e0lia i Catal\u00f2nia Fundaci\u00f3 Creactiva celebren una jornada formativa sota el t\u00edtol \"L'\u00e8tica del quotidi\u00e0 en l'atenci\u00f3 a la depend\u00e8ncia\".","robots":{"index":"index","follow":"follow","max-snippet":"max-snippet:-1","max-image-preview":"max-image-preview:large","max-video-preview":"max-video-preview:-1"},"canonical":"https:\/\/www.lafargalhospitalet.com\/ca\/jornada-sobre-etica-quotidia-atencio-dependencia\/","og_locale":"ca_ES","og_type":"article","og_title":"Jornada sobre \"L'\u00e8tica del quotidi\u00e0 en l'atenci\u00f3 a la depend\u00e8ncia\" - La Farga L&#039;Hospitalet Centre d&#039;Activitats. La Farga GEM, S.A.","og_description":"La Fundaci\u00f3 Santa Eul\u00e0lia i Catal\u00f2nia Fundaci\u00f3 Creactiva celebren una jornada formativa sota el t\u00edtol \"L'\u00e8tica del quotidi\u00e0 en l'atenci\u00f3 a la depend\u00e8ncia\".","og_url":"https:\/\/www.lafargalhospitalet.com\/ca\/jornada-sobre-etica-quotidia-atencio-dependencia\/","og_site_name":"La Farga L&#039;Hospitalet Centre d&#039;Activitats. La Farga GEM, S.A.","article_publisher":"https:\/\/www.facebook.com\/fargahospitalet\/","article_published_time":"2017-11-15T09:42:04+00:00","article_modified_time":"2025-11-03T17:28:42+00:00","og_image":[{"width":730,"height":410,"url":"https:\/\/www.lafargalhospitalet.com\/wp-content\/uploads\/2016\/05\/santaeulalia-farga.jpg","type":"image\/jpeg"}],"author":"La Farga Centre d'Activitats","twitter_card":"summary_large_image","twitter_creator":"@fargahospitalet","twitter_site":"@fargahospitalet","twitter_misc":{"Escrit per":"La Farga Centre d'Activitats","Temps estimat de lectura":"1 minut"},"schema":{"@context":"https:\/\/schema.org","@graph":[{"@type":"Article","@id":"https:\/\/www.lafargalhospitalet.com\/ca\/jornada-sobre-etica-quotidia-atencio-dependencia\/#article","isPartOf":{"@id":"https:\/\/www.lafargalhospitalet.com\/ca\/jornada-sobre-etica-quotidia-atencio-dependencia\/"},"author":{"name":"La Farga Centre d'Activitats","@id":"https:\/\/www.lafargalhospitalet.com\/#\/schema\/person\/6cbac0ef7748506b167ff859e1c7f378"},"headline":"Jornada sobre &#8220;L&#8217;\u00e8tica del quotidi\u00e0 en l&#8217;atenci\u00f3 a la depend\u00e8ncia&#8221;","datePublished":"2017-11-15T09:42:04+00:00","dateModified":"2025-11-03T17:28:42+00:00","mainEntityOfPage":{"@id":"https:\/\/www.lafargalhospitalet.com\/ca\/jornada-sobre-etica-quotidia-atencio-dependencia\/"},"wordCount":259,"publisher":{"@id":"https:\/\/www.lafargalhospitalet.com\/#organization"},"image":{"@id":"https:\/\/www.lafargalhospitalet.com\/ca\/jornada-sobre-etica-quotidia-atencio-dependencia\/#primaryimage"},"thumbnailUrl":"https:\/\/www.lafargalhospitalet.com\/wp-content\/uploads\/2016\/05\/santaeulalia-farga.jpg","articleSection":["Noticies"],"inLanguage":"ca"},{"@type":"WebPage","@id":"https:\/\/www.lafargalhospitalet.com\/ca\/jornada-sobre-etica-quotidia-atencio-dependencia\/","url":"https:\/\/www.lafargalhospitalet.com\/ca\/jornada-sobre-etica-quotidia-atencio-dependencia\/","name":"Jornada sobre \"L'\u00e8tica del quotidi\u00e0 en l'atenci\u00f3 a la depend\u00e8ncia\" - La Farga L&#039;Hospitalet Centre d&#039;Activitats. La Farga GEM, S.A.","isPartOf":{"@id":"https:\/\/www.lafargalhospitalet.com\/#website"},"primaryImageOfPage":{"@id":"https:\/\/www.lafargalhospitalet.com\/ca\/jornada-sobre-etica-quotidia-atencio-dependencia\/#primaryimage"},"image":{"@id":"https:\/\/www.lafargalhospitalet.com\/ca\/jornada-sobre-etica-quotidia-atencio-dependencia\/#primaryimage"},"thumbnailUrl":"https:\/\/www.lafargalhospitalet.com\/wp-content\/uploads\/2016\/05\/santaeulalia-farga.jpg","datePublished":"2017-11-15T09:42:04+00:00","dateModified":"2025-11-03T17:28:42+00:00","description":"La Fundaci\u00f3 Santa Eul\u00e0lia i Catal\u00f2nia Fundaci\u00f3 Creactiva celebren una jornada formativa sota el t\u00edtol \"L'\u00e8tica del quotidi\u00e0 en l'atenci\u00f3 a la depend\u00e8ncia\".","breadcrumb":{"@id":"https:\/\/www.lafargalhospitalet.com\/ca\/jornada-sobre-etica-quotidia-atencio-dependencia\/#breadcrumb"},"inLanguage":"ca","potentialAction":[{"@type":"ReadAction","target":["https:\/\/www.lafargalhospitalet.com\/ca\/jornada-sobre-etica-quotidia-atencio-dependencia\/"]}]},{"@type":"ImageObject","inLanguage":"ca","@id":"https:\/\/www.lafargalhospitalet.com\/ca\/jornada-sobre-etica-quotidia-atencio-dependencia\/#primaryimage","url":"https:\/\/www.lafargalhospitalet.com\/wp-content\/uploads\/2016\/05\/santaeulalia-farga.jpg","contentUrl":"https:\/\/www.lafargalhospitalet.com\/wp-content\/uploads\/2016\/05\/santaeulalia-farga.jpg","width":730,"height":410,"caption":"Creactiva Santa Eul\u00e0lia"},{"@type":"BreadcrumbList","@id":"https:\/\/www.lafargalhospitalet.com\/ca\/jornada-sobre-etica-quotidia-atencio-dependencia\/#breadcrumb","itemListElement":[{"@type":"ListItem","position":1,"name":"Portada","item":"https:\/\/www.lafargalhospitalet.com\/"},{"@type":"ListItem","position":2,"name":"Jornada sobre &#8220;L&#8217;\u00e8tica del quotidi\u00e0 en l&#8217;atenci\u00f3 a la depend\u00e8ncia&#8221;"}]},{"@type":"WebSite","@id":"https:\/\/www.lafargalhospitalet.com\/#website","url":"https:\/\/www.lafargalhospitalet.com\/","name":"La Farga L'Hospitalet Centre d'Activitats. La Farga GEM, S.A.","description":"La Farga L&#039;Hospitalet Centre d&#039;Activitats. Gestionat per La Farga GEM, S.A. Fires i Congressos. Concerts, exposicions, reunions, filmacions, sopars de gala.","publisher":{"@id":"https:\/\/www.lafargalhospitalet.com\/#organization"},"potentialAction":[{"@type":"SearchAction","target":{"@type":"EntryPoint","urlTemplate":"https:\/\/www.lafargalhospitalet.com\/?s={search_term_string}"},"query-input":{"@type":"PropertyValueSpecification","valueRequired":true,"valueName":"search_term_string"}}],"inLanguage":"ca"},{"@type":"Organization","@id":"https:\/\/www.lafargalhospitalet.com\/#organization","name":"La Farga L'Hospitalet Centre d'Activitats. La Farga GEM, S.A.","url":"https:\/\/www.lafargalhospitalet.com\/","logo":{"@type":"ImageObject","inLanguage":"ca","@id":"https:\/\/www.lafargalhospitalet.com\/#\/schema\/logo\/image\/","url":"https:\/\/www.lafargalhospitalet.com\/wp-content\/uploads\/2025\/10\/logotipo_lafarga_centre_activitats.png","contentUrl":"https:\/\/www.lafargalhospitalet.com\/wp-content\/uploads\/2025\/10\/logotipo_lafarga_centre_activitats.png","width":266,"height":101,"caption":"La Farga L'Hospitalet Centre d'Activitats. La Farga GEM, S.A."},"image":{"@id":"https:\/\/www.lafargalhospitalet.com\/#\/schema\/logo\/image\/"},"sameAs":["https:\/\/www.facebook.com\/fargahospitalet\/","https:\/\/x.com\/fargahospitalet","https:\/\/www.instagram.com\/lafargahospitalet\/","https:\/\/www.youtube.com\/channel\/UCoLt6hen3PqGXgbLMGI3Qdw","https:\/\/www.flickr.com\/photos\/lafargagemsa\/albums"]},{"@type":"Person","@id":"https:\/\/www.lafargalhospitalet.com\/#\/schema\/person\/6cbac0ef7748506b167ff859e1c7f378","name":"La Farga Centre d'Activitats","sameAs":["https:\/\/www.lafargalhospitalet.com"],"url":"https:\/\/www.lafargalhospitalet.com\/ca\/author\/far25gmin\/"}]}},"_links":{"self":[{"href":"https:\/\/www.lafargalhospitalet.com\/ca\/wp-json\/wp\/v2\/posts\/5275","targetHints":{"allow":["GET"]}}],"collection":[{"href":"https:\/\/www.lafargalhospitalet.com\/ca\/wp-json\/wp\/v2\/posts"}],"about":[{"href":"https:\/\/www.lafargalhospitalet.com\/ca\/wp-json\/wp\/v2\/types\/post"}],"author":[{"embeddable":true,"href":"https:\/\/www.lafargalhospitalet.com\/ca\/wp-json\/wp\/v2\/users\/1"}],"replies":[{"embeddable":true,"href":"https:\/\/www.lafargalhospitalet.com\/ca\/wp-json\/wp\/v2\/comments?post=5275"}],"version-history":[{"count":0,"href":"https:\/\/www.lafargalhospitalet.com\/ca\/wp-json\/wp\/v2\/posts\/5275\/revisions"}],"wp:featuredmedia":[{"embeddable":true,"href":"https:\/\/www.lafargalhospitalet.com\/ca\/wp-json\/wp\/v2\/media\/3845"}],"wp:attachment":[{"href":"https:\/\/www.lafargalhospitalet.com\/ca\/wp-json\/wp\/v2\/media?parent=5275"}],"wp:term":[{"taxonomy":"category","embeddable":true,"href":"https:\/\/www.lafargalhospitalet.com\/ca\/wp-json\/wp\/v2\/categories?post=5275"},{"taxonomy":"post_tag","embeddable":true,"href":"https:\/\/www.lafargalhospitalet.com\/ca\/wp-json\/wp\/v2\/tags?post=5275"}],"curies":[{"name":"wp","href":"https:\/\/api.w.org\/{rel}","templated":true}]}}