{"id":5296,"date":"2017-11-17T07:52:07","date_gmt":"2017-11-17T06:52:07","guid":{"rendered":"http:\/\/www.lafargalhospitalet.com\/?p=5296"},"modified":"2025-11-03T18:28:42","modified_gmt":"2025-11-03T17:28:42","slug":"la-farga-congress-seu-lliurament-premis-aprenentatge-servei","status":"publish","type":"post","link":"https:\/\/www.lafargalhospitalet.com\/ca\/la-farga-congress-seu-lliurament-premis-aprenentatge-servei\/","title":{"rendered":"La Farga Congress, seu del lliurament dels Premis Aprenentatge Servei"},"content":{"rendered":"<h5>Federico Mayor Zaragoza donar\u00e0 la confer\u00e8ncia \u201cAprendre a ser lliures i responsables\u201d<\/h5>\n<p>La Farga Congress, amb el seu auditori i la Sala Polivalent, ser\u00e0 el <a href=\"https:\/\/www.lafargalhospitalet.com\/agenda-cat\/\" target=\"_blank\" rel=\"noopener\"><strong>proper 1 de desembre<\/strong><\/a> la seu del lliurament dels Premis Aprenentatge Servei, organitzats per la <a href=\"https:\/\/xencuentroapscat.wordpress.com\" target=\"_blank\" rel=\"noopener\"><strong>Xarxa Espanyola d\u2019Aprenentatge Servei<\/strong><\/a>, la fundaci\u00f3 Educo, l\u2019editorial Edeb\u00e9 i l\u2019<a href=\"http:\/\/www.l-h.cat\" target=\"_blank\" rel=\"noopener\"><strong>Ajuntament de L\u2019Hospitalet<\/strong><\/a>. L\u2019acte compta amb el suport de diverses empreses, entitats socials i institucions, com s\u00f3n l\u2019Obra Social \u201cla Caixa\u201d, DKV Assegurances, CENEAM, Fundaci\u00f3 Princesa de Girona, ACIDH, Fundaci\u00f3 Anabella, Mullor SA i Abacus.<\/p>\n<p>L\u2019Hospitalet ha destacat en els darrers anys per la seva aposta educativa per l\u2019aprenentatge servei (ApS). De fet, l\u2019any passat, la ciutat va rebre el Premi Ciutats Educadores a les bones pr\u00e0ctiques de conviv\u00e8ncia de la ciutat que atorga l\u2019AICE (Associaci\u00f3 Internacional de Ciutats Educadores) sobre la implantaci\u00f3 de la metodologia ApS.<\/p>\n<h5>Desena edici\u00f3<\/h5>\n<p>Els premis s\u2019emmarquen en l\u2019esdeveniment que porta ja deu edicions i aquest any reuneix m\u00e9s de 400 professionals per promoure aquesta metodologia de treball que serveix a centres educatius i a entitats socials. Encara que el seu \u00fas \u00e9s bastant com\u00fa en altres pa\u00efsos del m\u00f3n, l\u2019aprenentatge servei es troba encara en un estadi de creixement a Espanya. Aquesta proposta educativa combina processos d\u2019aprenentatge i comprom\u00eds social i c\u00edvic. La seva finalitat \u00e9s, alhora, pedag\u00f2gica i solid\u00e0ria ja que els participants aprenen a ser competents mentre ajuden a millorar la seva comunitat. L\u2019aprenentatge servei es considera una eina d\u2019\u00e8xit educatiu ja que afavoreix la creaci\u00f3 d\u2019un clima de confian\u00e7a social.<\/p>\n<p>Aquest any l\u2019organitzaci\u00f3 ha elegit 12 projectes guanyadors i 20 finalistes d\u2019entre els m\u00e9s de 244 projectes rebuts, un 40% m\u00e9s que l\u2019edici\u00f3 passada. Els premis, que busquen recon\u00e8ixer l\u2019esfor\u00e7 de centres i estudiants, van dirigits a centres d\u2019educaci\u00f3 infantil-prim\u00e0ria, secund\u00e0ria-batxillerat i formaci\u00f3 professional, aix\u00ed com a entitats socials que desenvolupin aquesta pr\u00e0ctica. Els temes empresos s\u00f3n: h\u00e0bits saludables, solidaritat i drets humans, medi ambient, cooperaci\u00f3 al desenvolupament, igualtat de g\u00e8nere, inclusi\u00f3 de la discapacitat i foment de la lectura.<\/p>\n","protected":false},"excerpt":{"rendered":"<p>La Farga Congress, amb el seu auditori i la Sala Polivalent, ser\u00e0 el proper 1 de desembre la seu del lliurament dels Premis Aprenentatge Servei.<\/p>\n","protected":false},"author":1,"featured_media":5297,"comment_status":"closed","ping_status":"closed","sticky":false,"template":"","format":"standard","meta":{"_monsterinsights_skip_tracking":false,"_monsterinsights_sitenote_active":false,"_monsterinsights_sitenote_note":"","_monsterinsights_sitenote_category":0,"footnotes":""},"categories":[83],"tags":[],"class_list":["post-5296","post","type-post","status-publish","format-standard","has-post-thumbnail","hentry","category-noticies"],"yoast_head":"<!-- This site is optimized with the Yoast SEO plugin v27.5 - https:\/\/yoast.com\/product\/yoast-seo-wordpress\/ -->\n<title>La Farga Congress, seu del lliurament dels Premis Aprenentatge Servei - La Farga L&#039;Hospitalet Centre d&#039;Activitats. La Farga GEM, S.A.<\/title>\n<meta name=\"description\" content=\"La Farga Congress, amb el seu auditori i la Sala Polivalent, ser\u00e0 el proper 1 de desembre la seu del lliurament dels Premis Aprenentatge Servei.\" \/>\n<meta name=\"robots\" content=\"index, follow, max-snippet:-1, max-image-preview:large, max-video-preview:-1\" \/>\n<link rel=\"canonical\" href=\"https:\/\/www.lafargalhospitalet.com\/ca\/la-farga-congress-seu-lliurament-premis-aprenentatge-servei\/\" \/>\n<meta property=\"og:locale\" content=\"ca_ES\" \/>\n<meta property=\"og:type\" content=\"article\" \/>\n<meta property=\"og:title\" content=\"La Farga Congress, seu del lliurament dels Premis Aprenentatge Servei - La Farga L&#039;Hospitalet Centre d&#039;Activitats. La Farga GEM, S.A.\" \/>\n<meta property=\"og:description\" content=\"La Farga Congress, amb el seu auditori i la Sala Polivalent, ser\u00e0 el proper 1 de desembre la seu del lliurament dels Premis Aprenentatge Servei.\" \/>\n<meta property=\"og:url\" content=\"https:\/\/www.lafargalhospitalet.com\/ca\/la-farga-congress-seu-lliurament-premis-aprenentatge-servei\/\" \/>\n<meta property=\"og:site_name\" content=\"La Farga L&#039;Hospitalet Centre d&#039;Activitats. La Farga GEM, S.A.\" \/>\n<meta property=\"article:publisher\" content=\"https:\/\/www.facebook.com\/fargahospitalet\/\" \/>\n<meta property=\"article:published_time\" content=\"2017-11-17T06:52:07+00:00\" \/>\n<meta property=\"article:modified_time\" content=\"2025-11-03T17:28:42+00:00\" \/>\n<meta property=\"og:image\" content=\"https:\/\/www.lafargalhospitalet.com\/wp-content\/uploads\/2017\/11\/La-Farga-Congress-Auditori.jpg\" \/>\n\t<meta property=\"og:image:width\" content=\"730\" \/>\n\t<meta property=\"og:image:height\" content=\"410\" \/>\n\t<meta property=\"og:image:type\" content=\"image\/jpeg\" \/>\n<meta name=\"author\" content=\"La Farga Centre d&#039;Activitats\" \/>\n<meta name=\"twitter:card\" content=\"summary_large_image\" \/>\n<meta name=\"twitter:creator\" content=\"@fargahospitalet\" \/>\n<meta name=\"twitter:site\" content=\"@fargahospitalet\" \/>\n<meta name=\"twitter:label1\" content=\"Escrit per\" \/>\n\t<meta name=\"twitter:data1\" content=\"La Farga Centre d&#039;Activitats\" \/>\n\t<meta name=\"twitter:label2\" content=\"Temps estimat de lectura\" \/>\n\t<meta name=\"twitter:data2\" content=\"2 minuts\" \/>\n<script type=\"application\/ld+json\" class=\"yoast-schema-graph\">{\"@context\":\"https:\\\/\\\/schema.org\",\"@graph\":[{\"@type\":\"Article\",\"@id\":\"https:\\\/\\\/www.lafargalhospitalet.com\\\/ca\\\/la-farga-congress-seu-lliurament-premis-aprenentatge-servei\\\/#article\",\"isPartOf\":{\"@id\":\"https:\\\/\\\/www.lafargalhospitalet.com\\\/ca\\\/la-farga-congress-seu-lliurament-premis-aprenentatge-servei\\\/\"},\"author\":{\"name\":\"La Farga Centre d'Activitats\",\"@id\":\"https:\\\/\\\/www.lafargalhospitalet.com\\\/#\\\/schema\\\/person\\\/6cbac0ef7748506b167ff859e1c7f378\"},\"headline\":\"La Farga Congress, seu del lliurament dels Premis Aprenentatge Servei\",\"datePublished\":\"2017-11-17T06:52:07+00:00\",\"dateModified\":\"2025-11-03T17:28:42+00:00\",\"mainEntityOfPage\":{\"@id\":\"https:\\\/\\\/www.lafargalhospitalet.com\\\/ca\\\/la-farga-congress-seu-lliurament-premis-aprenentatge-servei\\\/\"},\"wordCount\":376,\"publisher\":{\"@id\":\"https:\\\/\\\/www.lafargalhospitalet.com\\\/#organization\"},\"image\":{\"@id\":\"https:\\\/\\\/www.lafargalhospitalet.com\\\/ca\\\/la-farga-congress-seu-lliurament-premis-aprenentatge-servei\\\/#primaryimage\"},\"thumbnailUrl\":\"https:\\\/\\\/www.lafargalhospitalet.com\\\/wp-content\\\/uploads\\\/2017\\\/11\\\/La-Farga-Congress-Auditori.jpg\",\"articleSection\":[\"Noticies\"],\"inLanguage\":\"ca\"},{\"@type\":\"WebPage\",\"@id\":\"https:\\\/\\\/www.lafargalhospitalet.com\\\/ca\\\/la-farga-congress-seu-lliurament-premis-aprenentatge-servei\\\/\",\"url\":\"https:\\\/\\\/www.lafargalhospitalet.com\\\/ca\\\/la-farga-congress-seu-lliurament-premis-aprenentatge-servei\\\/\",\"name\":\"La Farga Congress, seu del lliurament dels Premis Aprenentatge Servei - La Farga L&#039;Hospitalet Centre d&#039;Activitats. La Farga GEM, S.A.\",\"isPartOf\":{\"@id\":\"https:\\\/\\\/www.lafargalhospitalet.com\\\/#website\"},\"primaryImageOfPage\":{\"@id\":\"https:\\\/\\\/www.lafargalhospitalet.com\\\/ca\\\/la-farga-congress-seu-lliurament-premis-aprenentatge-servei\\\/#primaryimage\"},\"image\":{\"@id\":\"https:\\\/\\\/www.lafargalhospitalet.com\\\/ca\\\/la-farga-congress-seu-lliurament-premis-aprenentatge-servei\\\/#primaryimage\"},\"thumbnailUrl\":\"https:\\\/\\\/www.lafargalhospitalet.com\\\/wp-content\\\/uploads\\\/2017\\\/11\\\/La-Farga-Congress-Auditori.jpg\",\"datePublished\":\"2017-11-17T06:52:07+00:00\",\"dateModified\":\"2025-11-03T17:28:42+00:00\",\"description\":\"La Farga Congress, amb el seu auditori i la Sala Polivalent, ser\u00e0 el proper 1 de desembre la seu del lliurament dels Premis Aprenentatge Servei.\",\"breadcrumb\":{\"@id\":\"https:\\\/\\\/www.lafargalhospitalet.com\\\/ca\\\/la-farga-congress-seu-lliurament-premis-aprenentatge-servei\\\/#breadcrumb\"},\"inLanguage\":\"ca\",\"potentialAction\":[{\"@type\":\"ReadAction\",\"target\":[\"https:\\\/\\\/www.lafargalhospitalet.com\\\/ca\\\/la-farga-congress-seu-lliurament-premis-aprenentatge-servei\\\/\"]}]},{\"@type\":\"ImageObject\",\"inLanguage\":\"ca\",\"@id\":\"https:\\\/\\\/www.lafargalhospitalet.com\\\/ca\\\/la-farga-congress-seu-lliurament-premis-aprenentatge-servei\\\/#primaryimage\",\"url\":\"https:\\\/\\\/www.lafargalhospitalet.com\\\/wp-content\\\/uploads\\\/2017\\\/11\\\/La-Farga-Congress-Auditori.jpg\",\"contentUrl\":\"https:\\\/\\\/www.lafargalhospitalet.com\\\/wp-content\\\/uploads\\\/2017\\\/11\\\/La-Farga-Congress-Auditori.jpg\",\"width\":730,\"height\":410,\"caption\":\"La Farga Congress\"},{\"@type\":\"BreadcrumbList\",\"@id\":\"https:\\\/\\\/www.lafargalhospitalet.com\\\/ca\\\/la-farga-congress-seu-lliurament-premis-aprenentatge-servei\\\/#breadcrumb\",\"itemListElement\":[{\"@type\":\"ListItem\",\"position\":1,\"name\":\"Portada\",\"item\":\"https:\\\/\\\/www.lafargalhospitalet.com\\\/\"},{\"@type\":\"ListItem\",\"position\":2,\"name\":\"La Farga Congress, seu del lliurament dels Premis Aprenentatge Servei\"}]},{\"@type\":\"WebSite\",\"@id\":\"https:\\\/\\\/www.lafargalhospitalet.com\\\/#website\",\"url\":\"https:\\\/\\\/www.lafargalhospitalet.com\\\/\",\"name\":\"La Farga L'Hospitalet Centre d'Activitats. La Farga GEM, S.A.\",\"description\":\"La Farga L&#039;Hospitalet Centre d&#039;Activitats. Gestionat per La Farga GEM, S.A. Fires i Congressos. Concerts, exposicions, reunions, filmacions, sopars de gala.\",\"publisher\":{\"@id\":\"https:\\\/\\\/www.lafargalhospitalet.com\\\/#organization\"},\"potentialAction\":[{\"@type\":\"SearchAction\",\"target\":{\"@type\":\"EntryPoint\",\"urlTemplate\":\"https:\\\/\\\/www.lafargalhospitalet.com\\\/?s={search_term_string}\"},\"query-input\":{\"@type\":\"PropertyValueSpecification\",\"valueRequired\":true,\"valueName\":\"search_term_string\"}}],\"inLanguage\":\"ca\"},{\"@type\":\"Organization\",\"@id\":\"https:\\\/\\\/www.lafargalhospitalet.com\\\/#organization\",\"name\":\"La Farga L'Hospitalet Centre d'Activitats. La Farga GEM, S.A.\",\"url\":\"https:\\\/\\\/www.lafargalhospitalet.com\\\/\",\"logo\":{\"@type\":\"ImageObject\",\"inLanguage\":\"ca\",\"@id\":\"https:\\\/\\\/www.lafargalhospitalet.com\\\/#\\\/schema\\\/logo\\\/image\\\/\",\"url\":\"https:\\\/\\\/www.lafargalhospitalet.com\\\/wp-content\\\/uploads\\\/2025\\\/10\\\/logotipo_lafarga_centre_activitats.png\",\"contentUrl\":\"https:\\\/\\\/www.lafargalhospitalet.com\\\/wp-content\\\/uploads\\\/2025\\\/10\\\/logotipo_lafarga_centre_activitats.png\",\"width\":266,\"height\":101,\"caption\":\"La Farga L'Hospitalet Centre d'Activitats. La Farga GEM, S.A.\"},\"image\":{\"@id\":\"https:\\\/\\\/www.lafargalhospitalet.com\\\/#\\\/schema\\\/logo\\\/image\\\/\"},\"sameAs\":[\"https:\\\/\\\/www.facebook.com\\\/fargahospitalet\\\/\",\"https:\\\/\\\/x.com\\\/fargahospitalet\",\"https:\\\/\\\/www.instagram.com\\\/lafargahospitalet\\\/\",\"https:\\\/\\\/www.youtube.com\\\/channel\\\/UCoLt6hen3PqGXgbLMGI3Qdw\",\"https:\\\/\\\/www.flickr.com\\\/photos\\\/lafargagemsa\\\/albums\"]},{\"@type\":\"Person\",\"@id\":\"https:\\\/\\\/www.lafargalhospitalet.com\\\/#\\\/schema\\\/person\\\/6cbac0ef7748506b167ff859e1c7f378\",\"name\":\"La Farga Centre d'Activitats\",\"sameAs\":[\"https:\\\/\\\/www.lafargalhospitalet.com\"],\"url\":\"https:\\\/\\\/www.lafargalhospitalet.com\\\/ca\\\/author\\\/far25gmin\\\/\"}]}<\/script>\n<!-- \/ Yoast SEO plugin. -->","yoast_head_json":{"title":"La Farga Congress, seu del lliurament dels Premis Aprenentatge Servei - La Farga L&#039;Hospitalet Centre d&#039;Activitats. La Farga GEM, S.A.","description":"La Farga Congress, amb el seu auditori i la Sala Polivalent, ser\u00e0 el proper 1 de desembre la seu del lliurament dels Premis Aprenentatge Servei.","robots":{"index":"index","follow":"follow","max-snippet":"max-snippet:-1","max-image-preview":"max-image-preview:large","max-video-preview":"max-video-preview:-1"},"canonical":"https:\/\/www.lafargalhospitalet.com\/ca\/la-farga-congress-seu-lliurament-premis-aprenentatge-servei\/","og_locale":"ca_ES","og_type":"article","og_title":"La Farga Congress, seu del lliurament dels Premis Aprenentatge Servei - La Farga L&#039;Hospitalet Centre d&#039;Activitats. La Farga GEM, S.A.","og_description":"La Farga Congress, amb el seu auditori i la Sala Polivalent, ser\u00e0 el proper 1 de desembre la seu del lliurament dels Premis Aprenentatge Servei.","og_url":"https:\/\/www.lafargalhospitalet.com\/ca\/la-farga-congress-seu-lliurament-premis-aprenentatge-servei\/","og_site_name":"La Farga L&#039;Hospitalet Centre d&#039;Activitats. La Farga GEM, S.A.","article_publisher":"https:\/\/www.facebook.com\/fargahospitalet\/","article_published_time":"2017-11-17T06:52:07+00:00","article_modified_time":"2025-11-03T17:28:42+00:00","og_image":[{"width":730,"height":410,"url":"https:\/\/www.lafargalhospitalet.com\/wp-content\/uploads\/2017\/11\/La-Farga-Congress-Auditori.jpg","type":"image\/jpeg"}],"author":"La Farga Centre d'Activitats","twitter_card":"summary_large_image","twitter_creator":"@fargahospitalet","twitter_site":"@fargahospitalet","twitter_misc":{"Escrit per":"La Farga Centre d'Activitats","Temps estimat de lectura":"2 minuts"},"schema":{"@context":"https:\/\/schema.org","@graph":[{"@type":"Article","@id":"https:\/\/www.lafargalhospitalet.com\/ca\/la-farga-congress-seu-lliurament-premis-aprenentatge-servei\/#article","isPartOf":{"@id":"https:\/\/www.lafargalhospitalet.com\/ca\/la-farga-congress-seu-lliurament-premis-aprenentatge-servei\/"},"author":{"name":"La Farga Centre d'Activitats","@id":"https:\/\/www.lafargalhospitalet.com\/#\/schema\/person\/6cbac0ef7748506b167ff859e1c7f378"},"headline":"La Farga Congress, seu del lliurament dels Premis Aprenentatge Servei","datePublished":"2017-11-17T06:52:07+00:00","dateModified":"2025-11-03T17:28:42+00:00","mainEntityOfPage":{"@id":"https:\/\/www.lafargalhospitalet.com\/ca\/la-farga-congress-seu-lliurament-premis-aprenentatge-servei\/"},"wordCount":376,"publisher":{"@id":"https:\/\/www.lafargalhospitalet.com\/#organization"},"image":{"@id":"https:\/\/www.lafargalhospitalet.com\/ca\/la-farga-congress-seu-lliurament-premis-aprenentatge-servei\/#primaryimage"},"thumbnailUrl":"https:\/\/www.lafargalhospitalet.com\/wp-content\/uploads\/2017\/11\/La-Farga-Congress-Auditori.jpg","articleSection":["Noticies"],"inLanguage":"ca"},{"@type":"WebPage","@id":"https:\/\/www.lafargalhospitalet.com\/ca\/la-farga-congress-seu-lliurament-premis-aprenentatge-servei\/","url":"https:\/\/www.lafargalhospitalet.com\/ca\/la-farga-congress-seu-lliurament-premis-aprenentatge-servei\/","name":"La Farga Congress, seu del lliurament dels Premis Aprenentatge Servei - La Farga L&#039;Hospitalet Centre d&#039;Activitats. La Farga GEM, S.A.","isPartOf":{"@id":"https:\/\/www.lafargalhospitalet.com\/#website"},"primaryImageOfPage":{"@id":"https:\/\/www.lafargalhospitalet.com\/ca\/la-farga-congress-seu-lliurament-premis-aprenentatge-servei\/#primaryimage"},"image":{"@id":"https:\/\/www.lafargalhospitalet.com\/ca\/la-farga-congress-seu-lliurament-premis-aprenentatge-servei\/#primaryimage"},"thumbnailUrl":"https:\/\/www.lafargalhospitalet.com\/wp-content\/uploads\/2017\/11\/La-Farga-Congress-Auditori.jpg","datePublished":"2017-11-17T06:52:07+00:00","dateModified":"2025-11-03T17:28:42+00:00","description":"La Farga Congress, amb el seu auditori i la Sala Polivalent, ser\u00e0 el proper 1 de desembre la seu del lliurament dels Premis Aprenentatge Servei.","breadcrumb":{"@id":"https:\/\/www.lafargalhospitalet.com\/ca\/la-farga-congress-seu-lliurament-premis-aprenentatge-servei\/#breadcrumb"},"inLanguage":"ca","potentialAction":[{"@type":"ReadAction","target":["https:\/\/www.lafargalhospitalet.com\/ca\/la-farga-congress-seu-lliurament-premis-aprenentatge-servei\/"]}]},{"@type":"ImageObject","inLanguage":"ca","@id":"https:\/\/www.lafargalhospitalet.com\/ca\/la-farga-congress-seu-lliurament-premis-aprenentatge-servei\/#primaryimage","url":"https:\/\/www.lafargalhospitalet.com\/wp-content\/uploads\/2017\/11\/La-Farga-Congress-Auditori.jpg","contentUrl":"https:\/\/www.lafargalhospitalet.com\/wp-content\/uploads\/2017\/11\/La-Farga-Congress-Auditori.jpg","width":730,"height":410,"caption":"La Farga Congress"},{"@type":"BreadcrumbList","@id":"https:\/\/www.lafargalhospitalet.com\/ca\/la-farga-congress-seu-lliurament-premis-aprenentatge-servei\/#breadcrumb","itemListElement":[{"@type":"ListItem","position":1,"name":"Portada","item":"https:\/\/www.lafargalhospitalet.com\/"},{"@type":"ListItem","position":2,"name":"La Farga Congress, seu del lliurament dels Premis Aprenentatge Servei"}]},{"@type":"WebSite","@id":"https:\/\/www.lafargalhospitalet.com\/#website","url":"https:\/\/www.lafargalhospitalet.com\/","name":"La Farga L'Hospitalet Centre d'Activitats. La Farga GEM, S.A.","description":"La Farga L&#039;Hospitalet Centre d&#039;Activitats. Gestionat per La Farga GEM, S.A. Fires i Congressos. Concerts, exposicions, reunions, filmacions, sopars de gala.","publisher":{"@id":"https:\/\/www.lafargalhospitalet.com\/#organization"},"potentialAction":[{"@type":"SearchAction","target":{"@type":"EntryPoint","urlTemplate":"https:\/\/www.lafargalhospitalet.com\/?s={search_term_string}"},"query-input":{"@type":"PropertyValueSpecification","valueRequired":true,"valueName":"search_term_string"}}],"inLanguage":"ca"},{"@type":"Organization","@id":"https:\/\/www.lafargalhospitalet.com\/#organization","name":"La Farga L'Hospitalet Centre d'Activitats. La Farga GEM, S.A.","url":"https:\/\/www.lafargalhospitalet.com\/","logo":{"@type":"ImageObject","inLanguage":"ca","@id":"https:\/\/www.lafargalhospitalet.com\/#\/schema\/logo\/image\/","url":"https:\/\/www.lafargalhospitalet.com\/wp-content\/uploads\/2025\/10\/logotipo_lafarga_centre_activitats.png","contentUrl":"https:\/\/www.lafargalhospitalet.com\/wp-content\/uploads\/2025\/10\/logotipo_lafarga_centre_activitats.png","width":266,"height":101,"caption":"La Farga L'Hospitalet Centre d'Activitats. La Farga GEM, S.A."},"image":{"@id":"https:\/\/www.lafargalhospitalet.com\/#\/schema\/logo\/image\/"},"sameAs":["https:\/\/www.facebook.com\/fargahospitalet\/","https:\/\/x.com\/fargahospitalet","https:\/\/www.instagram.com\/lafargahospitalet\/","https:\/\/www.youtube.com\/channel\/UCoLt6hen3PqGXgbLMGI3Qdw","https:\/\/www.flickr.com\/photos\/lafargagemsa\/albums"]},{"@type":"Person","@id":"https:\/\/www.lafargalhospitalet.com\/#\/schema\/person\/6cbac0ef7748506b167ff859e1c7f378","name":"La Farga Centre d'Activitats","sameAs":["https:\/\/www.lafargalhospitalet.com"],"url":"https:\/\/www.lafargalhospitalet.com\/ca\/author\/far25gmin\/"}]}},"_links":{"self":[{"href":"https:\/\/www.lafargalhospitalet.com\/ca\/wp-json\/wp\/v2\/posts\/5296","targetHints":{"allow":["GET"]}}],"collection":[{"href":"https:\/\/www.lafargalhospitalet.com\/ca\/wp-json\/wp\/v2\/posts"}],"about":[{"href":"https:\/\/www.lafargalhospitalet.com\/ca\/wp-json\/wp\/v2\/types\/post"}],"author":[{"embeddable":true,"href":"https:\/\/www.lafargalhospitalet.com\/ca\/wp-json\/wp\/v2\/users\/1"}],"replies":[{"embeddable":true,"href":"https:\/\/www.lafargalhospitalet.com\/ca\/wp-json\/wp\/v2\/comments?post=5296"}],"version-history":[{"count":0,"href":"https:\/\/www.lafargalhospitalet.com\/ca\/wp-json\/wp\/v2\/posts\/5296\/revisions"}],"wp:featuredmedia":[{"embeddable":true,"href":"https:\/\/www.lafargalhospitalet.com\/ca\/wp-json\/wp\/v2\/media\/5297"}],"wp:attachment":[{"href":"https:\/\/www.lafargalhospitalet.com\/ca\/wp-json\/wp\/v2\/media?parent=5296"}],"wp:term":[{"taxonomy":"category","embeddable":true,"href":"https:\/\/www.lafargalhospitalet.com\/ca\/wp-json\/wp\/v2\/categories?post=5296"},{"taxonomy":"post_tag","embeddable":true,"href":"https:\/\/www.lafargalhospitalet.com\/ca\/wp-json\/wp\/v2\/tags?post=5296"}],"curies":[{"name":"wp","href":"https:\/\/api.w.org\/{rel}","templated":true}]}}