{"id":5320,"date":"2017-11-17T07:12:50","date_gmt":"2017-11-17T06:12:50","guid":{"rendered":"http:\/\/www.lafargalhospitalet.com\/?p=5320"},"modified":"2025-11-03T18:28:42","modified_gmt":"2025-11-03T17:28:42","slug":"mayor-zaragoza-present-trobada-estatal-aprenentatge-servei","status":"publish","type":"post","link":"https:\/\/www.lafargalhospitalet.com\/ca\/mayor-zaragoza-present-trobada-estatal-aprenentatge-servei\/","title":{"rendered":"Mayor Zaragoza, present a la Trobada Estatal d\u2019Aprenentatge-Servei"},"content":{"rendered":"<h5>L&#8217;EMMCA participa a la jornada<\/h5>\n<p>Federico Mayor Zaragoza ser\u00e0 un dels protagonistes de la <a href=\"https:\/\/xencuentroapscat.wordpress.com\" target=\"_blank\" rel=\"noopener\"><strong>10a Trobada Estatal\u00a0d\u2019Aprenentatge-Servei<\/strong><\/a> que s&#8217;ha de celebrar aquest divendres a <a href=\"https:\/\/www.lafargalhospitalet.com\/la-farga-congress-seu-lliurament-premis-aprenentatge-servei\/\" target=\"_blank\" rel=\"noopener\"><strong>La Farga Congress<\/strong><\/a>.\u00a0L&#8217;exdirector general de la Unesco i president de la Fundaci\u00f3 Cultura de Paz pronunciar\u00e0 la confer\u00e8ncia &#8220;Aprendre a ser lliures i responsables&#8221;.<\/p>\n<p>La Farga acull durant tota la jornada de divendres, 1 de desembre, aquest esdeveniment que inclou el lliurament dels Premis Aprenentatge-Servei, organitzats per la Xarxa Espanyola d\u2019Aprenentatge-Servei, l\u2019editorial Edeb\u00e9 i la Fundaci\u00f3 Educo, amb la col\u00b7laboraci\u00f3 de diverses empreses, entitats socials i institucions: Obra Social \u201cLa Caixa\u201d, DKV Seguros, CENEAM, Fundaci\u00f3 Princesa de Girona, ACIDH, Fundaci\u00f3n Anabella, Mullor S.A., Abacus i Ajuntament de L\u2019Hospitalet.<\/p>\n<p>Tamb\u00e9 hi haur\u00e0 la confer\u00e8ncia-di\u00e0leg &#8220;La ciutat i l&#8217;Aprenentatge-Servei&#8221; amb Josep Ma Puig Rovira, catedr\u00e0tic de la Universitat de Barcelona, \u00c1ngel Viveros, alcalde de Coslada i l&#8217;alcaldessa de L&#8217;Hospitalet, N\u00faria Mar\u00edn.<\/p>\n<p>En aquesta jornada, presentada per l&#8217;actor Pep Planas, tamb\u00e9 tindr\u00e0 un paper destacat l&#8217;Escola Municipal de M\u00fasica &#8211; Centre de les Arts (EMMCA) de la ciutat que faran diferents actuacions durant el dia.<\/p>\n<p>Els premis que es lliuraran volen promoure l\u2019Aprenentatge-Servei, una proposta educativa que combina processos d\u2019aprenentatge i comprom\u00eds social i c\u00edvic. Aquest any, l\u2019organitzaci\u00f3 ha escollit 12 projectes guanyadors i 20 projectes finalistes d\u2019entre els m\u00e9s de 244 projectes rebuts, un 40% mes que l\u2019edici\u00f3 passada.\u00a0L\u2019acte tindr\u00e0 tamb\u00e9 la veu dels mateixos alumnes participants en els projectes premiats, que explicaran la seva experi\u00e8ncia, aix\u00ed com tallers sobre les q\u00fcestions b\u00e0siques d\u2019aquesta metodologia i la seva aplicaci\u00f3.<\/p>\n<p><a href=\"http:\/\/www.l-h.cat\/gdocs\/d8628552.pdf\" target=\"_blank\" rel=\"noopener\"><strong>Programa 10a Trobada Estatal\u00a0d\u2019Aprenentatge-Servei<\/strong><\/a><\/p>\n","protected":false},"excerpt":{"rendered":"<p>Federico Mayor Zaragoza ser\u00e0 un dels protagonistes de la 10a Trobada Estatal\u00a0d\u2019Aprenentatge-Servei que s&#8217;ha de celebrar aquest divendres a La Farga Congress.<\/p>\n","protected":false},"author":1,"featured_media":5321,"comment_status":"closed","ping_status":"closed","sticky":false,"template":"","format":"standard","meta":{"_monsterinsights_skip_tracking":false,"_monsterinsights_sitenote_active":false,"_monsterinsights_sitenote_note":"","_monsterinsights_sitenote_category":0,"footnotes":""},"categories":[83],"tags":[],"class_list":["post-5320","post","type-post","status-publish","format-standard","has-post-thumbnail","hentry","category-noticies"],"yoast_head":"<!-- This site is optimized with the Yoast SEO plugin v27.5 - https:\/\/yoast.com\/product\/yoast-seo-wordpress\/ -->\n<title>Mayor Zaragoza, present a la Trobada Estatal d\u2019Aprenentatge-Servei - La Farga L&#039;Hospitalet Centre d&#039;Activitats. La Farga GEM, S.A.<\/title>\n<meta name=\"description\" content=\"Federico Mayor Zaragoza ser\u00e0 un dels protagonistes de la 10a Trobada Estatal\u00a0d\u2019Aprenentatge-Servei que s&#039;ha de celebrar aquest divendres a La Farga.\" \/>\n<meta name=\"robots\" content=\"index, follow, max-snippet:-1, max-image-preview:large, max-video-preview:-1\" \/>\n<link rel=\"canonical\" href=\"https:\/\/www.lafargalhospitalet.com\/ca\/mayor-zaragoza-present-trobada-estatal-aprenentatge-servei\/\" \/>\n<meta property=\"og:locale\" content=\"ca_ES\" \/>\n<meta property=\"og:type\" content=\"article\" \/>\n<meta property=\"og:title\" content=\"Mayor Zaragoza, present a la Trobada Estatal d\u2019Aprenentatge-Servei - La Farga L&#039;Hospitalet Centre d&#039;Activitats. La Farga GEM, S.A.\" \/>\n<meta property=\"og:description\" content=\"Federico Mayor Zaragoza ser\u00e0 un dels protagonistes de la 10a Trobada Estatal\u00a0d\u2019Aprenentatge-Servei que s&#039;ha de celebrar aquest divendres a La Farga.\" \/>\n<meta property=\"og:url\" content=\"https:\/\/www.lafargalhospitalet.com\/ca\/mayor-zaragoza-present-trobada-estatal-aprenentatge-servei\/\" \/>\n<meta property=\"og:site_name\" content=\"La Farga L&#039;Hospitalet Centre d&#039;Activitats. La Farga GEM, S.A.\" \/>\n<meta property=\"article:publisher\" content=\"https:\/\/www.facebook.com\/fargahospitalet\/\" \/>\n<meta property=\"article:published_time\" content=\"2017-11-17T06:12:50+00:00\" \/>\n<meta property=\"article:modified_time\" content=\"2025-11-03T17:28:42+00:00\" \/>\n<meta property=\"og:image\" content=\"https:\/\/www.lafargalhospitalet.com\/wp-content\/uploads\/2017\/11\/Farga-Mayor-Zaragoza.jpg\" \/>\n\t<meta property=\"og:image:width\" content=\"730\" \/>\n\t<meta property=\"og:image:height\" content=\"410\" \/>\n\t<meta property=\"og:image:type\" content=\"image\/jpeg\" \/>\n<meta name=\"author\" content=\"La Farga Centre d&#039;Activitats\" \/>\n<meta name=\"twitter:card\" content=\"summary_large_image\" \/>\n<meta name=\"twitter:creator\" content=\"@fargahospitalet\" \/>\n<meta name=\"twitter:site\" content=\"@fargahospitalet\" \/>\n<meta name=\"twitter:label1\" content=\"Escrit per\" \/>\n\t<meta name=\"twitter:data1\" content=\"La Farga Centre d&#039;Activitats\" \/>\n\t<meta name=\"twitter:label2\" content=\"Temps estimat de lectura\" \/>\n\t<meta name=\"twitter:data2\" content=\"1 minut\" \/>\n<script type=\"application\/ld+json\" class=\"yoast-schema-graph\">{\"@context\":\"https:\\\/\\\/schema.org\",\"@graph\":[{\"@type\":\"Article\",\"@id\":\"https:\\\/\\\/www.lafargalhospitalet.com\\\/ca\\\/mayor-zaragoza-present-trobada-estatal-aprenentatge-servei\\\/#article\",\"isPartOf\":{\"@id\":\"https:\\\/\\\/www.lafargalhospitalet.com\\\/ca\\\/mayor-zaragoza-present-trobada-estatal-aprenentatge-servei\\\/\"},\"author\":{\"name\":\"La Farga Centre d'Activitats\",\"@id\":\"https:\\\/\\\/www.lafargalhospitalet.com\\\/#\\\/schema\\\/person\\\/6cbac0ef7748506b167ff859e1c7f378\"},\"headline\":\"Mayor Zaragoza, present a la Trobada Estatal d\u2019Aprenentatge-Servei\",\"datePublished\":\"2017-11-17T06:12:50+00:00\",\"dateModified\":\"2025-11-03T17:28:42+00:00\",\"mainEntityOfPage\":{\"@id\":\"https:\\\/\\\/www.lafargalhospitalet.com\\\/ca\\\/mayor-zaragoza-present-trobada-estatal-aprenentatge-servei\\\/\"},\"wordCount\":299,\"publisher\":{\"@id\":\"https:\\\/\\\/www.lafargalhospitalet.com\\\/#organization\"},\"image\":{\"@id\":\"https:\\\/\\\/www.lafargalhospitalet.com\\\/ca\\\/mayor-zaragoza-present-trobada-estatal-aprenentatge-servei\\\/#primaryimage\"},\"thumbnailUrl\":\"https:\\\/\\\/www.lafargalhospitalet.com\\\/wp-content\\\/uploads\\\/2017\\\/11\\\/Farga-Mayor-Zaragoza.jpg\",\"articleSection\":[\"Noticies\"],\"inLanguage\":\"ca\"},{\"@type\":\"WebPage\",\"@id\":\"https:\\\/\\\/www.lafargalhospitalet.com\\\/ca\\\/mayor-zaragoza-present-trobada-estatal-aprenentatge-servei\\\/\",\"url\":\"https:\\\/\\\/www.lafargalhospitalet.com\\\/ca\\\/mayor-zaragoza-present-trobada-estatal-aprenentatge-servei\\\/\",\"name\":\"Mayor Zaragoza, present a la Trobada Estatal d\u2019Aprenentatge-Servei - La Farga L&#039;Hospitalet Centre d&#039;Activitats. La Farga GEM, S.A.\",\"isPartOf\":{\"@id\":\"https:\\\/\\\/www.lafargalhospitalet.com\\\/#website\"},\"primaryImageOfPage\":{\"@id\":\"https:\\\/\\\/www.lafargalhospitalet.com\\\/ca\\\/mayor-zaragoza-present-trobada-estatal-aprenentatge-servei\\\/#primaryimage\"},\"image\":{\"@id\":\"https:\\\/\\\/www.lafargalhospitalet.com\\\/ca\\\/mayor-zaragoza-present-trobada-estatal-aprenentatge-servei\\\/#primaryimage\"},\"thumbnailUrl\":\"https:\\\/\\\/www.lafargalhospitalet.com\\\/wp-content\\\/uploads\\\/2017\\\/11\\\/Farga-Mayor-Zaragoza.jpg\",\"datePublished\":\"2017-11-17T06:12:50+00:00\",\"dateModified\":\"2025-11-03T17:28:42+00:00\",\"description\":\"Federico Mayor Zaragoza ser\u00e0 un dels protagonistes de la 10a Trobada Estatal\u00a0d\u2019Aprenentatge-Servei que s'ha de celebrar aquest divendres a La Farga.\",\"breadcrumb\":{\"@id\":\"https:\\\/\\\/www.lafargalhospitalet.com\\\/ca\\\/mayor-zaragoza-present-trobada-estatal-aprenentatge-servei\\\/#breadcrumb\"},\"inLanguage\":\"ca\",\"potentialAction\":[{\"@type\":\"ReadAction\",\"target\":[\"https:\\\/\\\/www.lafargalhospitalet.com\\\/ca\\\/mayor-zaragoza-present-trobada-estatal-aprenentatge-servei\\\/\"]}]},{\"@type\":\"ImageObject\",\"inLanguage\":\"ca\",\"@id\":\"https:\\\/\\\/www.lafargalhospitalet.com\\\/ca\\\/mayor-zaragoza-present-trobada-estatal-aprenentatge-servei\\\/#primaryimage\",\"url\":\"https:\\\/\\\/www.lafargalhospitalet.com\\\/wp-content\\\/uploads\\\/2017\\\/11\\\/Farga-Mayor-Zaragoza.jpg\",\"contentUrl\":\"https:\\\/\\\/www.lafargalhospitalet.com\\\/wp-content\\\/uploads\\\/2017\\\/11\\\/Farga-Mayor-Zaragoza.jpg\",\"width\":730,\"height\":410,\"caption\":\"Mayor Zaragoza Farga\"},{\"@type\":\"BreadcrumbList\",\"@id\":\"https:\\\/\\\/www.lafargalhospitalet.com\\\/ca\\\/mayor-zaragoza-present-trobada-estatal-aprenentatge-servei\\\/#breadcrumb\",\"itemListElement\":[{\"@type\":\"ListItem\",\"position\":1,\"name\":\"Portada\",\"item\":\"https:\\\/\\\/www.lafargalhospitalet.com\\\/\"},{\"@type\":\"ListItem\",\"position\":2,\"name\":\"Mayor Zaragoza, present a la Trobada Estatal d\u2019Aprenentatge-Servei\"}]},{\"@type\":\"WebSite\",\"@id\":\"https:\\\/\\\/www.lafargalhospitalet.com\\\/#website\",\"url\":\"https:\\\/\\\/www.lafargalhospitalet.com\\\/\",\"name\":\"La Farga L'Hospitalet Centre d'Activitats. La Farga GEM, S.A.\",\"description\":\"La Farga L&#039;Hospitalet Centre d&#039;Activitats. Gestionat per La Farga GEM, S.A. Fires i Congressos. Concerts, exposicions, reunions, filmacions, sopars de gala.\",\"publisher\":{\"@id\":\"https:\\\/\\\/www.lafargalhospitalet.com\\\/#organization\"},\"potentialAction\":[{\"@type\":\"SearchAction\",\"target\":{\"@type\":\"EntryPoint\",\"urlTemplate\":\"https:\\\/\\\/www.lafargalhospitalet.com\\\/?s={search_term_string}\"},\"query-input\":{\"@type\":\"PropertyValueSpecification\",\"valueRequired\":true,\"valueName\":\"search_term_string\"}}],\"inLanguage\":\"ca\"},{\"@type\":\"Organization\",\"@id\":\"https:\\\/\\\/www.lafargalhospitalet.com\\\/#organization\",\"name\":\"La Farga L'Hospitalet Centre d'Activitats. La Farga GEM, S.A.\",\"url\":\"https:\\\/\\\/www.lafargalhospitalet.com\\\/\",\"logo\":{\"@type\":\"ImageObject\",\"inLanguage\":\"ca\",\"@id\":\"https:\\\/\\\/www.lafargalhospitalet.com\\\/#\\\/schema\\\/logo\\\/image\\\/\",\"url\":\"https:\\\/\\\/www.lafargalhospitalet.com\\\/wp-content\\\/uploads\\\/2025\\\/10\\\/logotipo_lafarga_centre_activitats.png\",\"contentUrl\":\"https:\\\/\\\/www.lafargalhospitalet.com\\\/wp-content\\\/uploads\\\/2025\\\/10\\\/logotipo_lafarga_centre_activitats.png\",\"width\":266,\"height\":101,\"caption\":\"La Farga L'Hospitalet Centre d'Activitats. La Farga GEM, S.A.\"},\"image\":{\"@id\":\"https:\\\/\\\/www.lafargalhospitalet.com\\\/#\\\/schema\\\/logo\\\/image\\\/\"},\"sameAs\":[\"https:\\\/\\\/www.facebook.com\\\/fargahospitalet\\\/\",\"https:\\\/\\\/x.com\\\/fargahospitalet\",\"https:\\\/\\\/www.instagram.com\\\/lafargahospitalet\\\/\",\"https:\\\/\\\/www.youtube.com\\\/channel\\\/UCoLt6hen3PqGXgbLMGI3Qdw\",\"https:\\\/\\\/www.flickr.com\\\/photos\\\/lafargagemsa\\\/albums\"]},{\"@type\":\"Person\",\"@id\":\"https:\\\/\\\/www.lafargalhospitalet.com\\\/#\\\/schema\\\/person\\\/6cbac0ef7748506b167ff859e1c7f378\",\"name\":\"La Farga Centre d'Activitats\",\"sameAs\":[\"https:\\\/\\\/www.lafargalhospitalet.com\"],\"url\":\"https:\\\/\\\/www.lafargalhospitalet.com\\\/ca\\\/author\\\/far25gmin\\\/\"}]}<\/script>\n<!-- \/ Yoast SEO plugin. -->","yoast_head_json":{"title":"Mayor Zaragoza, present a la Trobada Estatal d\u2019Aprenentatge-Servei - La Farga L&#039;Hospitalet Centre d&#039;Activitats. La Farga GEM, S.A.","description":"Federico Mayor Zaragoza ser\u00e0 un dels protagonistes de la 10a Trobada Estatal\u00a0d\u2019Aprenentatge-Servei que s'ha de celebrar aquest divendres a La Farga.","robots":{"index":"index","follow":"follow","max-snippet":"max-snippet:-1","max-image-preview":"max-image-preview:large","max-video-preview":"max-video-preview:-1"},"canonical":"https:\/\/www.lafargalhospitalet.com\/ca\/mayor-zaragoza-present-trobada-estatal-aprenentatge-servei\/","og_locale":"ca_ES","og_type":"article","og_title":"Mayor Zaragoza, present a la Trobada Estatal d\u2019Aprenentatge-Servei - La Farga L&#039;Hospitalet Centre d&#039;Activitats. La Farga GEM, S.A.","og_description":"Federico Mayor Zaragoza ser\u00e0 un dels protagonistes de la 10a Trobada Estatal\u00a0d\u2019Aprenentatge-Servei que s'ha de celebrar aquest divendres a La Farga.","og_url":"https:\/\/www.lafargalhospitalet.com\/ca\/mayor-zaragoza-present-trobada-estatal-aprenentatge-servei\/","og_site_name":"La Farga L&#039;Hospitalet Centre d&#039;Activitats. La Farga GEM, S.A.","article_publisher":"https:\/\/www.facebook.com\/fargahospitalet\/","article_published_time":"2017-11-17T06:12:50+00:00","article_modified_time":"2025-11-03T17:28:42+00:00","og_image":[{"width":730,"height":410,"url":"https:\/\/www.lafargalhospitalet.com\/wp-content\/uploads\/2017\/11\/Farga-Mayor-Zaragoza.jpg","type":"image\/jpeg"}],"author":"La Farga Centre d'Activitats","twitter_card":"summary_large_image","twitter_creator":"@fargahospitalet","twitter_site":"@fargahospitalet","twitter_misc":{"Escrit per":"La Farga Centre d'Activitats","Temps estimat de lectura":"1 minut"},"schema":{"@context":"https:\/\/schema.org","@graph":[{"@type":"Article","@id":"https:\/\/www.lafargalhospitalet.com\/ca\/mayor-zaragoza-present-trobada-estatal-aprenentatge-servei\/#article","isPartOf":{"@id":"https:\/\/www.lafargalhospitalet.com\/ca\/mayor-zaragoza-present-trobada-estatal-aprenentatge-servei\/"},"author":{"name":"La Farga Centre d'Activitats","@id":"https:\/\/www.lafargalhospitalet.com\/#\/schema\/person\/6cbac0ef7748506b167ff859e1c7f378"},"headline":"Mayor Zaragoza, present a la Trobada Estatal d\u2019Aprenentatge-Servei","datePublished":"2017-11-17T06:12:50+00:00","dateModified":"2025-11-03T17:28:42+00:00","mainEntityOfPage":{"@id":"https:\/\/www.lafargalhospitalet.com\/ca\/mayor-zaragoza-present-trobada-estatal-aprenentatge-servei\/"},"wordCount":299,"publisher":{"@id":"https:\/\/www.lafargalhospitalet.com\/#organization"},"image":{"@id":"https:\/\/www.lafargalhospitalet.com\/ca\/mayor-zaragoza-present-trobada-estatal-aprenentatge-servei\/#primaryimage"},"thumbnailUrl":"https:\/\/www.lafargalhospitalet.com\/wp-content\/uploads\/2017\/11\/Farga-Mayor-Zaragoza.jpg","articleSection":["Noticies"],"inLanguage":"ca"},{"@type":"WebPage","@id":"https:\/\/www.lafargalhospitalet.com\/ca\/mayor-zaragoza-present-trobada-estatal-aprenentatge-servei\/","url":"https:\/\/www.lafargalhospitalet.com\/ca\/mayor-zaragoza-present-trobada-estatal-aprenentatge-servei\/","name":"Mayor Zaragoza, present a la Trobada Estatal d\u2019Aprenentatge-Servei - La Farga L&#039;Hospitalet Centre d&#039;Activitats. La Farga GEM, S.A.","isPartOf":{"@id":"https:\/\/www.lafargalhospitalet.com\/#website"},"primaryImageOfPage":{"@id":"https:\/\/www.lafargalhospitalet.com\/ca\/mayor-zaragoza-present-trobada-estatal-aprenentatge-servei\/#primaryimage"},"image":{"@id":"https:\/\/www.lafargalhospitalet.com\/ca\/mayor-zaragoza-present-trobada-estatal-aprenentatge-servei\/#primaryimage"},"thumbnailUrl":"https:\/\/www.lafargalhospitalet.com\/wp-content\/uploads\/2017\/11\/Farga-Mayor-Zaragoza.jpg","datePublished":"2017-11-17T06:12:50+00:00","dateModified":"2025-11-03T17:28:42+00:00","description":"Federico Mayor Zaragoza ser\u00e0 un dels protagonistes de la 10a Trobada Estatal\u00a0d\u2019Aprenentatge-Servei que s'ha de celebrar aquest divendres a La Farga.","breadcrumb":{"@id":"https:\/\/www.lafargalhospitalet.com\/ca\/mayor-zaragoza-present-trobada-estatal-aprenentatge-servei\/#breadcrumb"},"inLanguage":"ca","potentialAction":[{"@type":"ReadAction","target":["https:\/\/www.lafargalhospitalet.com\/ca\/mayor-zaragoza-present-trobada-estatal-aprenentatge-servei\/"]}]},{"@type":"ImageObject","inLanguage":"ca","@id":"https:\/\/www.lafargalhospitalet.com\/ca\/mayor-zaragoza-present-trobada-estatal-aprenentatge-servei\/#primaryimage","url":"https:\/\/www.lafargalhospitalet.com\/wp-content\/uploads\/2017\/11\/Farga-Mayor-Zaragoza.jpg","contentUrl":"https:\/\/www.lafargalhospitalet.com\/wp-content\/uploads\/2017\/11\/Farga-Mayor-Zaragoza.jpg","width":730,"height":410,"caption":"Mayor Zaragoza Farga"},{"@type":"BreadcrumbList","@id":"https:\/\/www.lafargalhospitalet.com\/ca\/mayor-zaragoza-present-trobada-estatal-aprenentatge-servei\/#breadcrumb","itemListElement":[{"@type":"ListItem","position":1,"name":"Portada","item":"https:\/\/www.lafargalhospitalet.com\/"},{"@type":"ListItem","position":2,"name":"Mayor Zaragoza, present a la Trobada Estatal d\u2019Aprenentatge-Servei"}]},{"@type":"WebSite","@id":"https:\/\/www.lafargalhospitalet.com\/#website","url":"https:\/\/www.lafargalhospitalet.com\/","name":"La Farga L'Hospitalet Centre d'Activitats. La Farga GEM, S.A.","description":"La Farga L&#039;Hospitalet Centre d&#039;Activitats. Gestionat per La Farga GEM, S.A. Fires i Congressos. Concerts, exposicions, reunions, filmacions, sopars de gala.","publisher":{"@id":"https:\/\/www.lafargalhospitalet.com\/#organization"},"potentialAction":[{"@type":"SearchAction","target":{"@type":"EntryPoint","urlTemplate":"https:\/\/www.lafargalhospitalet.com\/?s={search_term_string}"},"query-input":{"@type":"PropertyValueSpecification","valueRequired":true,"valueName":"search_term_string"}}],"inLanguage":"ca"},{"@type":"Organization","@id":"https:\/\/www.lafargalhospitalet.com\/#organization","name":"La Farga L'Hospitalet Centre d'Activitats. La Farga GEM, S.A.","url":"https:\/\/www.lafargalhospitalet.com\/","logo":{"@type":"ImageObject","inLanguage":"ca","@id":"https:\/\/www.lafargalhospitalet.com\/#\/schema\/logo\/image\/","url":"https:\/\/www.lafargalhospitalet.com\/wp-content\/uploads\/2025\/10\/logotipo_lafarga_centre_activitats.png","contentUrl":"https:\/\/www.lafargalhospitalet.com\/wp-content\/uploads\/2025\/10\/logotipo_lafarga_centre_activitats.png","width":266,"height":101,"caption":"La Farga L'Hospitalet Centre d'Activitats. La Farga GEM, S.A."},"image":{"@id":"https:\/\/www.lafargalhospitalet.com\/#\/schema\/logo\/image\/"},"sameAs":["https:\/\/www.facebook.com\/fargahospitalet\/","https:\/\/x.com\/fargahospitalet","https:\/\/www.instagram.com\/lafargahospitalet\/","https:\/\/www.youtube.com\/channel\/UCoLt6hen3PqGXgbLMGI3Qdw","https:\/\/www.flickr.com\/photos\/lafargagemsa\/albums"]},{"@type":"Person","@id":"https:\/\/www.lafargalhospitalet.com\/#\/schema\/person\/6cbac0ef7748506b167ff859e1c7f378","name":"La Farga Centre d'Activitats","sameAs":["https:\/\/www.lafargalhospitalet.com"],"url":"https:\/\/www.lafargalhospitalet.com\/ca\/author\/far25gmin\/"}]}},"_links":{"self":[{"href":"https:\/\/www.lafargalhospitalet.com\/ca\/wp-json\/wp\/v2\/posts\/5320","targetHints":{"allow":["GET"]}}],"collection":[{"href":"https:\/\/www.lafargalhospitalet.com\/ca\/wp-json\/wp\/v2\/posts"}],"about":[{"href":"https:\/\/www.lafargalhospitalet.com\/ca\/wp-json\/wp\/v2\/types\/post"}],"author":[{"embeddable":true,"href":"https:\/\/www.lafargalhospitalet.com\/ca\/wp-json\/wp\/v2\/users\/1"}],"replies":[{"embeddable":true,"href":"https:\/\/www.lafargalhospitalet.com\/ca\/wp-json\/wp\/v2\/comments?post=5320"}],"version-history":[{"count":0,"href":"https:\/\/www.lafargalhospitalet.com\/ca\/wp-json\/wp\/v2\/posts\/5320\/revisions"}],"wp:featuredmedia":[{"embeddable":true,"href":"https:\/\/www.lafargalhospitalet.com\/ca\/wp-json\/wp\/v2\/media\/5321"}],"wp:attachment":[{"href":"https:\/\/www.lafargalhospitalet.com\/ca\/wp-json\/wp\/v2\/media?parent=5320"}],"wp:term":[{"taxonomy":"category","embeddable":true,"href":"https:\/\/www.lafargalhospitalet.com\/ca\/wp-json\/wp\/v2\/categories?post=5320"},{"taxonomy":"post_tag","embeddable":true,"href":"https:\/\/www.lafargalhospitalet.com\/ca\/wp-json\/wp\/v2\/tags?post=5320"}],"curies":[{"name":"wp","href":"https:\/\/api.w.org\/{rel}","templated":true}]}}