{"id":5335,"date":"2017-12-01T13:38:27","date_gmt":"2017-12-01T12:38:27","guid":{"rendered":"http:\/\/www.lafargalhospitalet.com\/?p=5335"},"modified":"2025-11-03T18:28:42","modified_gmt":"2025-11-03T17:28:42","slug":"nuria-marin-projecte-aprenentatge-servei-model-exit-ciutat","status":"publish","type":"post","link":"https:\/\/www.lafargalhospitalet.com\/ca\/nuria-marin-projecte-aprenentatge-servei-model-exit-ciutat\/","title":{"rendered":"N\u00faria Mar\u00edn: &#8216;El projecte d\u2019aprenentatge i servei, \u00e9s un model d\u2019\u00e8xit a la ciutat&#8217;"},"content":{"rendered":"<h5>La Farga Congress, seu de la Trobada<\/h5>\n<p><a href=\"https:\/\/www.lafargalhospitalet.com\/la-farga-congress-seu-lliurament-premis-aprenentatge-servei\/\" target=\"_blank\" rel=\"noopener\"><strong>La Farga<\/strong><\/a> \u00e9s aquest divendres, 1 de desembre, seu de la <a href=\"https:\/\/xencuentroapscat.wordpress.com\" target=\"_blank\" rel=\"noopener\"><strong>X Trobada Estatal<\/strong><\/a> d\u2019Aprenentatge Servei (ApS) i del lliurament de la III edici\u00f3 dels Premis ApS, que organitzen la Xarxa Espanyola d\u2019Aprenentatge Servei \u2014a la qual pertany el Centre Promotor d\u2019Aprenentatge Servei de Catalunya\u2014 i l\u2019Ajuntament de L\u2019Hospitalet, amb la col\u00b7laboraci\u00f3 de l\u2019editorial Edeb\u00e9 i la Fundaci\u00f3 Educo. Tamb\u00e9 hi donen suport diverses empreses, entitats socials i institucions: Obra Social \u201cla Caixa\u201d, DKV Seguros, CENEAM, Fundaci\u00f3 Princesa de Girona, ACIDH, Fundaci\u00f3n Anabella, Mullor SA i Abacus.<\/p>\n<p>La Xarxa ha escollit L\u2019Hospitalet per aquesta celebraci\u00f3 tenint en compte la important implantaci\u00f3 de l\u2019ApS en els centres educatius, entitats, equipaments i serveis de la ciutat; per la coordinaci\u00f3 de la xarxa tem\u00e0tica ApS de la Xarxa Estatal de Ciutats Educadores i, tamb\u00e9, pel premi internacional rebut, ara fa un any, de la Xarxa Internacional de Ciutats Educadores en reconeixement al seu impuls i a la seva traject\u00f2ria. Aquest curs s\u2019estan desenvolupant a L\u2019Hospitalet 126 iniciatives ApS, en les quals participen m\u00e9s de 1.600 alumnes de 34 centres educatius, en col\u00b7laboraci\u00f3 amb unes 39 entitats socials i educatives.<\/p>\n<p>L\u2019alcaldessa, N\u00faria Mar\u00edn, ha fet la benvinguda a la jornada juntament amb la presidenta de la Red Espanyola d\u2019 Aprenentage i Servei, Roser Batlle, i el diputat d\u2019Educaci\u00f3, Rafael Homet. N\u00faria Mar\u00edn ha destacat <em>\u201cel model educatiu\u00a0de L\u2019Hospitalet, de suma i de treball col\u00b7lectiu amb les entitats ciutadanes\u201d. <\/em>I ha afegit que <em>\u201cel projecte d\u2019aprenentatge i servei, \u00e9s un model d\u2019\u00e8xit a la ciutat&#8221;.<\/em><\/p>\n<p>S\u2019han lliurat els Premis ApS 2017. Aquest any s\u2019han presentat 244 projectes, un 40% m\u00e9s que l\u2019any passat, i de totes les comunitats aut\u00f2nomes. Per nivells educatius la distribuci\u00f3 ha estat: 27%, prim\u00e0ria; 54%, secund\u00e0ria, i 19%, formaci\u00f3 professional.<\/p>\n<h5>Les Comunitats Aut\u00f2nomes representades<\/h5>\n<p>Per comunitats aut\u00f2nomes que han participat: Andalusia (27 projectes), Arag\u00f3 (10 projectes), Ast\u00faries (18 projectes), Can\u00e0ries (3 projectes), Cant\u00e0bria (9 projectes), Castella-la Manxa (7 projectes), Castella i Lle\u00f3 (8 projectes), Catalunya (74 projectes, dels quals 12 projectes s\u00f3n de L\u2019Hospitalet), Extremadura (4 projectes), Gal\u00edcia (5 projectes), Illes Balears (2 projectes), La Rioja (6 projectes), Comunitat de Madrid (19 projectes), M\u00farcia (5 projectes), Navarra (3 projectes), Melilla (1 projecte), Pa\u00eds Basc (15 projectes) i Comunitat Valenciana (28 projectes).<\/p>\n<p>D\u2019aquests, s\u2019han premiat 11 projectes: CP Xove (Gij\u00f3n); IES Cardenal Cisneros (Madrid); ASPRONA (Almansa); Secretariat de Sants, Hostrafrancs i la Bordeta; CIP-FIP Sakana (Alsasua); Colegio Sagrados Corazones (Torrelavega); CEIP Marchena i CEIP Juan XXIII Marchena; Colegio La Corolla (Gij\u00f3n); Escola Font d\u2019en Fargas i Fundaci\u00f3 Els 3 Turons (Barcelona); IES Via de la Plata (Casar de C\u00e1ceres), i IES Jovellanos (Gij\u00f3n).<\/p>\n<p>A m\u00e9s, tamb\u00e9 han quedat vuit projectes finalistes: IES Avelina Cerra del municipi de Ribadesella; Col\u00b7legi Mare de D\u00e9u dels \u00c0ngels de Barcelona; els instituts Rubi\u00f3 i Ors i Europa de L\u2019Hospitalet, i Montgr\u00f2s de Sant Pere de Ribes; Florida Grup Educatiu de Val\u00e8ncia; IES Barrio de Bilbao de Madrid; Colegio Safa-Grial de Valladolid i Asociaci\u00f3n APES d\u2019Ourense.<\/p>\n<p>Posteriorment s\u2019ha celebrat la taula del di\u00e0leg amb la intervenci\u00f3 de Josep M. Puig, catedr\u00e0tic de la Universitat de Barcelona; \u00c1ngel Viveros, alcalde de Coslada, i Jaume Graells, tinent d\u2019alcaldia d\u2019Educaci\u00f3 de L\u2019Hospitalet.<\/p>\n<p>A la tarda es fan les dues taules d\u2019experi\u00e8ncies ApS amb els nois i les noies i el professorat dels centres premiats, que exposaran els seus projectes. Al final de la jornada es lliura el Premi Ciutat de L\u2019Hospitalet, que reconeixer\u00e0 un projecte d\u2019aprenentatge servei realitzat als centres de L\u2019Hospitalet.<\/p>\n<p>Finalment en aquest jornada no ha pogut assistir, com estava anunciat, i per raons personals Federico Mayor Zaragoza, que havia de pronunciar una confer\u00e8ncia.<\/p>\n","protected":false},"excerpt":{"rendered":"<p>L\u2019Hospitalet \u00e9s aquest divendres, 1 de desembre, seu de la X Trobada Estatal d\u2019Aprenentatge Servei (ApS) i del lliurament de la III edici\u00f3 dels Premis ApS, que organitzen la Xarxa Espanyola d\u2019Aprenentatge Servei.<\/p>\n","protected":false},"author":1,"featured_media":5336,"comment_status":"closed","ping_status":"closed","sticky":false,"template":"","format":"standard","meta":{"_monsterinsights_skip_tracking":false,"_monsterinsights_sitenote_active":false,"_monsterinsights_sitenote_note":"","_monsterinsights_sitenote_category":0,"footnotes":""},"categories":[83],"tags":[],"class_list":["post-5335","post","type-post","status-publish","format-standard","has-post-thumbnail","hentry","category-noticies"],"yoast_head":"<!-- This site is optimized with the Yoast SEO plugin v27.5 - https:\/\/yoast.com\/product\/yoast-seo-wordpress\/ -->\n<title>N\u00faria Mar\u00edn: &#039;El projecte d\u2019aprenentatge i servei, \u00e9s un model d\u2019\u00e8xit a la ciutat&#039; - La Farga L&#039;Hospitalet Centre d&#039;Activitats. La Farga GEM, S.A.<\/title>\n<meta name=\"description\" content=\"L\u2019Hospitalet \u00e9s aquest divendres, 1 de desembre, seu de la X Trobada Estatal d\u2019Aprenentatge Servei (ApS) i del lliurament de la III edici\u00f3 dels Premis ApS.\" \/>\n<meta name=\"robots\" content=\"index, follow, max-snippet:-1, max-image-preview:large, max-video-preview:-1\" \/>\n<link rel=\"canonical\" href=\"https:\/\/www.lafargalhospitalet.com\/ca\/nuria-marin-projecte-aprenentatge-servei-model-exit-ciutat\/\" \/>\n<meta property=\"og:locale\" content=\"ca_ES\" \/>\n<meta property=\"og:type\" content=\"article\" \/>\n<meta property=\"og:title\" content=\"N\u00faria Mar\u00edn: &#039;El projecte d\u2019aprenentatge i servei, \u00e9s un model d\u2019\u00e8xit a la ciutat&#039; - La Farga L&#039;Hospitalet Centre d&#039;Activitats. La Farga GEM, S.A.\" \/>\n<meta property=\"og:description\" content=\"L\u2019Hospitalet \u00e9s aquest divendres, 1 de desembre, seu de la X Trobada Estatal d\u2019Aprenentatge Servei (ApS) i del lliurament de la III edici\u00f3 dels Premis ApS.\" \/>\n<meta property=\"og:url\" content=\"https:\/\/www.lafargalhospitalet.com\/ca\/nuria-marin-projecte-aprenentatge-servei-model-exit-ciutat\/\" \/>\n<meta property=\"og:site_name\" content=\"La Farga L&#039;Hospitalet Centre d&#039;Activitats. La Farga GEM, S.A.\" \/>\n<meta property=\"article:publisher\" content=\"https:\/\/www.facebook.com\/fargahospitalet\/\" \/>\n<meta property=\"article:published_time\" content=\"2017-12-01T12:38:27+00:00\" \/>\n<meta property=\"article:modified_time\" content=\"2025-11-03T17:28:42+00:00\" \/>\n<meta property=\"og:image\" content=\"https:\/\/www.lafargalhospitalet.com\/wp-content\/uploads\/2017\/12\/Aprenentatge-Servei-Farga.jpg\" \/>\n\t<meta property=\"og:image:width\" content=\"730\" \/>\n\t<meta property=\"og:image:height\" content=\"410\" \/>\n\t<meta property=\"og:image:type\" content=\"image\/jpeg\" \/>\n<meta name=\"author\" content=\"La Farga Centre d&#039;Activitats\" \/>\n<meta name=\"twitter:card\" content=\"summary_large_image\" \/>\n<meta name=\"twitter:creator\" content=\"@fargahospitalet\" \/>\n<meta name=\"twitter:site\" content=\"@fargahospitalet\" \/>\n<meta name=\"twitter:label1\" content=\"Escrit per\" \/>\n\t<meta name=\"twitter:data1\" content=\"La Farga Centre d&#039;Activitats\" \/>\n\t<meta name=\"twitter:label2\" content=\"Temps estimat de lectura\" \/>\n\t<meta name=\"twitter:data2\" content=\"3 minuts\" \/>\n<script type=\"application\/ld+json\" class=\"yoast-schema-graph\">{\"@context\":\"https:\\\/\\\/schema.org\",\"@graph\":[{\"@type\":\"Article\",\"@id\":\"https:\\\/\\\/www.lafargalhospitalet.com\\\/ca\\\/nuria-marin-projecte-aprenentatge-servei-model-exit-ciutat\\\/#article\",\"isPartOf\":{\"@id\":\"https:\\\/\\\/www.lafargalhospitalet.com\\\/ca\\\/nuria-marin-projecte-aprenentatge-servei-model-exit-ciutat\\\/\"},\"author\":{\"name\":\"La Farga Centre d'Activitats\",\"@id\":\"https:\\\/\\\/www.lafargalhospitalet.com\\\/#\\\/schema\\\/person\\\/6cbac0ef7748506b167ff859e1c7f378\"},\"headline\":\"N\u00faria Mar\u00edn: &#8216;El projecte d\u2019aprenentatge i servei, \u00e9s un model d\u2019\u00e8xit a la ciutat&#8217;\",\"datePublished\":\"2017-12-01T12:38:27+00:00\",\"dateModified\":\"2025-11-03T17:28:42+00:00\",\"mainEntityOfPage\":{\"@id\":\"https:\\\/\\\/www.lafargalhospitalet.com\\\/ca\\\/nuria-marin-projecte-aprenentatge-servei-model-exit-ciutat\\\/\"},\"wordCount\":660,\"publisher\":{\"@id\":\"https:\\\/\\\/www.lafargalhospitalet.com\\\/#organization\"},\"image\":{\"@id\":\"https:\\\/\\\/www.lafargalhospitalet.com\\\/ca\\\/nuria-marin-projecte-aprenentatge-servei-model-exit-ciutat\\\/#primaryimage\"},\"thumbnailUrl\":\"https:\\\/\\\/www.lafargalhospitalet.com\\\/wp-content\\\/uploads\\\/2017\\\/12\\\/Aprenentatge-Servei-Farga.jpg\",\"articleSection\":[\"Noticies\"],\"inLanguage\":\"ca\"},{\"@type\":\"WebPage\",\"@id\":\"https:\\\/\\\/www.lafargalhospitalet.com\\\/ca\\\/nuria-marin-projecte-aprenentatge-servei-model-exit-ciutat\\\/\",\"url\":\"https:\\\/\\\/www.lafargalhospitalet.com\\\/ca\\\/nuria-marin-projecte-aprenentatge-servei-model-exit-ciutat\\\/\",\"name\":\"N\u00faria Mar\u00edn: 'El projecte d\u2019aprenentatge i servei, \u00e9s un model d\u2019\u00e8xit a la ciutat' - La Farga L&#039;Hospitalet Centre d&#039;Activitats. La Farga GEM, S.A.\",\"isPartOf\":{\"@id\":\"https:\\\/\\\/www.lafargalhospitalet.com\\\/#website\"},\"primaryImageOfPage\":{\"@id\":\"https:\\\/\\\/www.lafargalhospitalet.com\\\/ca\\\/nuria-marin-projecte-aprenentatge-servei-model-exit-ciutat\\\/#primaryimage\"},\"image\":{\"@id\":\"https:\\\/\\\/www.lafargalhospitalet.com\\\/ca\\\/nuria-marin-projecte-aprenentatge-servei-model-exit-ciutat\\\/#primaryimage\"},\"thumbnailUrl\":\"https:\\\/\\\/www.lafargalhospitalet.com\\\/wp-content\\\/uploads\\\/2017\\\/12\\\/Aprenentatge-Servei-Farga.jpg\",\"datePublished\":\"2017-12-01T12:38:27+00:00\",\"dateModified\":\"2025-11-03T17:28:42+00:00\",\"description\":\"L\u2019Hospitalet \u00e9s aquest divendres, 1 de desembre, seu de la X Trobada Estatal d\u2019Aprenentatge Servei (ApS) i del lliurament de la III edici\u00f3 dels Premis ApS.\",\"breadcrumb\":{\"@id\":\"https:\\\/\\\/www.lafargalhospitalet.com\\\/ca\\\/nuria-marin-projecte-aprenentatge-servei-model-exit-ciutat\\\/#breadcrumb\"},\"inLanguage\":\"ca\",\"potentialAction\":[{\"@type\":\"ReadAction\",\"target\":[\"https:\\\/\\\/www.lafargalhospitalet.com\\\/ca\\\/nuria-marin-projecte-aprenentatge-servei-model-exit-ciutat\\\/\"]}]},{\"@type\":\"ImageObject\",\"inLanguage\":\"ca\",\"@id\":\"https:\\\/\\\/www.lafargalhospitalet.com\\\/ca\\\/nuria-marin-projecte-aprenentatge-servei-model-exit-ciutat\\\/#primaryimage\",\"url\":\"https:\\\/\\\/www.lafargalhospitalet.com\\\/wp-content\\\/uploads\\\/2017\\\/12\\\/Aprenentatge-Servei-Farga.jpg\",\"contentUrl\":\"https:\\\/\\\/www.lafargalhospitalet.com\\\/wp-content\\\/uploads\\\/2017\\\/12\\\/Aprenentatge-Servei-Farga.jpg\",\"width\":730,\"height\":410,\"caption\":\"Aprenentatge Servei Farga\"},{\"@type\":\"BreadcrumbList\",\"@id\":\"https:\\\/\\\/www.lafargalhospitalet.com\\\/ca\\\/nuria-marin-projecte-aprenentatge-servei-model-exit-ciutat\\\/#breadcrumb\",\"itemListElement\":[{\"@type\":\"ListItem\",\"position\":1,\"name\":\"Portada\",\"item\":\"https:\\\/\\\/www.lafargalhospitalet.com\\\/\"},{\"@type\":\"ListItem\",\"position\":2,\"name\":\"N\u00faria Mar\u00edn: &#8216;El projecte d\u2019aprenentatge i servei, \u00e9s un model d\u2019\u00e8xit a la ciutat&#8217;\"}]},{\"@type\":\"WebSite\",\"@id\":\"https:\\\/\\\/www.lafargalhospitalet.com\\\/#website\",\"url\":\"https:\\\/\\\/www.lafargalhospitalet.com\\\/\",\"name\":\"La Farga L'Hospitalet Centre d'Activitats. La Farga GEM, S.A.\",\"description\":\"La Farga L&#039;Hospitalet Centre d&#039;Activitats. Gestionat per La Farga GEM, S.A. Fires i Congressos. Concerts, exposicions, reunions, filmacions, sopars de gala.\",\"publisher\":{\"@id\":\"https:\\\/\\\/www.lafargalhospitalet.com\\\/#organization\"},\"potentialAction\":[{\"@type\":\"SearchAction\",\"target\":{\"@type\":\"EntryPoint\",\"urlTemplate\":\"https:\\\/\\\/www.lafargalhospitalet.com\\\/?s={search_term_string}\"},\"query-input\":{\"@type\":\"PropertyValueSpecification\",\"valueRequired\":true,\"valueName\":\"search_term_string\"}}],\"inLanguage\":\"ca\"},{\"@type\":\"Organization\",\"@id\":\"https:\\\/\\\/www.lafargalhospitalet.com\\\/#organization\",\"name\":\"La Farga L'Hospitalet Centre d'Activitats. La Farga GEM, S.A.\",\"url\":\"https:\\\/\\\/www.lafargalhospitalet.com\\\/\",\"logo\":{\"@type\":\"ImageObject\",\"inLanguage\":\"ca\",\"@id\":\"https:\\\/\\\/www.lafargalhospitalet.com\\\/#\\\/schema\\\/logo\\\/image\\\/\",\"url\":\"https:\\\/\\\/www.lafargalhospitalet.com\\\/wp-content\\\/uploads\\\/2025\\\/10\\\/logotipo_lafarga_centre_activitats.png\",\"contentUrl\":\"https:\\\/\\\/www.lafargalhospitalet.com\\\/wp-content\\\/uploads\\\/2025\\\/10\\\/logotipo_lafarga_centre_activitats.png\",\"width\":266,\"height\":101,\"caption\":\"La Farga L'Hospitalet Centre d'Activitats. La Farga GEM, S.A.\"},\"image\":{\"@id\":\"https:\\\/\\\/www.lafargalhospitalet.com\\\/#\\\/schema\\\/logo\\\/image\\\/\"},\"sameAs\":[\"https:\\\/\\\/www.facebook.com\\\/fargahospitalet\\\/\",\"https:\\\/\\\/x.com\\\/fargahospitalet\",\"https:\\\/\\\/www.instagram.com\\\/lafargahospitalet\\\/\",\"https:\\\/\\\/www.youtube.com\\\/channel\\\/UCoLt6hen3PqGXgbLMGI3Qdw\",\"https:\\\/\\\/www.flickr.com\\\/photos\\\/lafargagemsa\\\/albums\"]},{\"@type\":\"Person\",\"@id\":\"https:\\\/\\\/www.lafargalhospitalet.com\\\/#\\\/schema\\\/person\\\/6cbac0ef7748506b167ff859e1c7f378\",\"name\":\"La Farga Centre d'Activitats\",\"sameAs\":[\"https:\\\/\\\/www.lafargalhospitalet.com\"],\"url\":\"https:\\\/\\\/www.lafargalhospitalet.com\\\/ca\\\/author\\\/far25gmin\\\/\"}]}<\/script>\n<!-- \/ Yoast SEO plugin. -->","yoast_head_json":{"title":"N\u00faria Mar\u00edn: 'El projecte d\u2019aprenentatge i servei, \u00e9s un model d\u2019\u00e8xit a la ciutat' - La Farga L&#039;Hospitalet Centre d&#039;Activitats. La Farga GEM, S.A.","description":"L\u2019Hospitalet \u00e9s aquest divendres, 1 de desembre, seu de la X Trobada Estatal d\u2019Aprenentatge Servei (ApS) i del lliurament de la III edici\u00f3 dels Premis ApS.","robots":{"index":"index","follow":"follow","max-snippet":"max-snippet:-1","max-image-preview":"max-image-preview:large","max-video-preview":"max-video-preview:-1"},"canonical":"https:\/\/www.lafargalhospitalet.com\/ca\/nuria-marin-projecte-aprenentatge-servei-model-exit-ciutat\/","og_locale":"ca_ES","og_type":"article","og_title":"N\u00faria Mar\u00edn: 'El projecte d\u2019aprenentatge i servei, \u00e9s un model d\u2019\u00e8xit a la ciutat' - La Farga L&#039;Hospitalet Centre d&#039;Activitats. La Farga GEM, S.A.","og_description":"L\u2019Hospitalet \u00e9s aquest divendres, 1 de desembre, seu de la X Trobada Estatal d\u2019Aprenentatge Servei (ApS) i del lliurament de la III edici\u00f3 dels Premis ApS.","og_url":"https:\/\/www.lafargalhospitalet.com\/ca\/nuria-marin-projecte-aprenentatge-servei-model-exit-ciutat\/","og_site_name":"La Farga L&#039;Hospitalet Centre d&#039;Activitats. La Farga GEM, S.A.","article_publisher":"https:\/\/www.facebook.com\/fargahospitalet\/","article_published_time":"2017-12-01T12:38:27+00:00","article_modified_time":"2025-11-03T17:28:42+00:00","og_image":[{"width":730,"height":410,"url":"https:\/\/www.lafargalhospitalet.com\/wp-content\/uploads\/2017\/12\/Aprenentatge-Servei-Farga.jpg","type":"image\/jpeg"}],"author":"La Farga Centre d'Activitats","twitter_card":"summary_large_image","twitter_creator":"@fargahospitalet","twitter_site":"@fargahospitalet","twitter_misc":{"Escrit per":"La Farga Centre d'Activitats","Temps estimat de lectura":"3 minuts"},"schema":{"@context":"https:\/\/schema.org","@graph":[{"@type":"Article","@id":"https:\/\/www.lafargalhospitalet.com\/ca\/nuria-marin-projecte-aprenentatge-servei-model-exit-ciutat\/#article","isPartOf":{"@id":"https:\/\/www.lafargalhospitalet.com\/ca\/nuria-marin-projecte-aprenentatge-servei-model-exit-ciutat\/"},"author":{"name":"La Farga Centre d'Activitats","@id":"https:\/\/www.lafargalhospitalet.com\/#\/schema\/person\/6cbac0ef7748506b167ff859e1c7f378"},"headline":"N\u00faria Mar\u00edn: &#8216;El projecte d\u2019aprenentatge i servei, \u00e9s un model d\u2019\u00e8xit a la ciutat&#8217;","datePublished":"2017-12-01T12:38:27+00:00","dateModified":"2025-11-03T17:28:42+00:00","mainEntityOfPage":{"@id":"https:\/\/www.lafargalhospitalet.com\/ca\/nuria-marin-projecte-aprenentatge-servei-model-exit-ciutat\/"},"wordCount":660,"publisher":{"@id":"https:\/\/www.lafargalhospitalet.com\/#organization"},"image":{"@id":"https:\/\/www.lafargalhospitalet.com\/ca\/nuria-marin-projecte-aprenentatge-servei-model-exit-ciutat\/#primaryimage"},"thumbnailUrl":"https:\/\/www.lafargalhospitalet.com\/wp-content\/uploads\/2017\/12\/Aprenentatge-Servei-Farga.jpg","articleSection":["Noticies"],"inLanguage":"ca"},{"@type":"WebPage","@id":"https:\/\/www.lafargalhospitalet.com\/ca\/nuria-marin-projecte-aprenentatge-servei-model-exit-ciutat\/","url":"https:\/\/www.lafargalhospitalet.com\/ca\/nuria-marin-projecte-aprenentatge-servei-model-exit-ciutat\/","name":"N\u00faria Mar\u00edn: 'El projecte d\u2019aprenentatge i servei, \u00e9s un model d\u2019\u00e8xit a la ciutat' - La Farga L&#039;Hospitalet Centre d&#039;Activitats. La Farga GEM, S.A.","isPartOf":{"@id":"https:\/\/www.lafargalhospitalet.com\/#website"},"primaryImageOfPage":{"@id":"https:\/\/www.lafargalhospitalet.com\/ca\/nuria-marin-projecte-aprenentatge-servei-model-exit-ciutat\/#primaryimage"},"image":{"@id":"https:\/\/www.lafargalhospitalet.com\/ca\/nuria-marin-projecte-aprenentatge-servei-model-exit-ciutat\/#primaryimage"},"thumbnailUrl":"https:\/\/www.lafargalhospitalet.com\/wp-content\/uploads\/2017\/12\/Aprenentatge-Servei-Farga.jpg","datePublished":"2017-12-01T12:38:27+00:00","dateModified":"2025-11-03T17:28:42+00:00","description":"L\u2019Hospitalet \u00e9s aquest divendres, 1 de desembre, seu de la X Trobada Estatal d\u2019Aprenentatge Servei (ApS) i del lliurament de la III edici\u00f3 dels Premis ApS.","breadcrumb":{"@id":"https:\/\/www.lafargalhospitalet.com\/ca\/nuria-marin-projecte-aprenentatge-servei-model-exit-ciutat\/#breadcrumb"},"inLanguage":"ca","potentialAction":[{"@type":"ReadAction","target":["https:\/\/www.lafargalhospitalet.com\/ca\/nuria-marin-projecte-aprenentatge-servei-model-exit-ciutat\/"]}]},{"@type":"ImageObject","inLanguage":"ca","@id":"https:\/\/www.lafargalhospitalet.com\/ca\/nuria-marin-projecte-aprenentatge-servei-model-exit-ciutat\/#primaryimage","url":"https:\/\/www.lafargalhospitalet.com\/wp-content\/uploads\/2017\/12\/Aprenentatge-Servei-Farga.jpg","contentUrl":"https:\/\/www.lafargalhospitalet.com\/wp-content\/uploads\/2017\/12\/Aprenentatge-Servei-Farga.jpg","width":730,"height":410,"caption":"Aprenentatge Servei Farga"},{"@type":"BreadcrumbList","@id":"https:\/\/www.lafargalhospitalet.com\/ca\/nuria-marin-projecte-aprenentatge-servei-model-exit-ciutat\/#breadcrumb","itemListElement":[{"@type":"ListItem","position":1,"name":"Portada","item":"https:\/\/www.lafargalhospitalet.com\/"},{"@type":"ListItem","position":2,"name":"N\u00faria Mar\u00edn: &#8216;El projecte d\u2019aprenentatge i servei, \u00e9s un model d\u2019\u00e8xit a la ciutat&#8217;"}]},{"@type":"WebSite","@id":"https:\/\/www.lafargalhospitalet.com\/#website","url":"https:\/\/www.lafargalhospitalet.com\/","name":"La Farga L'Hospitalet Centre d'Activitats. La Farga GEM, S.A.","description":"La Farga L&#039;Hospitalet Centre d&#039;Activitats. Gestionat per La Farga GEM, S.A. Fires i Congressos. Concerts, exposicions, reunions, filmacions, sopars de gala.","publisher":{"@id":"https:\/\/www.lafargalhospitalet.com\/#organization"},"potentialAction":[{"@type":"SearchAction","target":{"@type":"EntryPoint","urlTemplate":"https:\/\/www.lafargalhospitalet.com\/?s={search_term_string}"},"query-input":{"@type":"PropertyValueSpecification","valueRequired":true,"valueName":"search_term_string"}}],"inLanguage":"ca"},{"@type":"Organization","@id":"https:\/\/www.lafargalhospitalet.com\/#organization","name":"La Farga L'Hospitalet Centre d'Activitats. La Farga GEM, S.A.","url":"https:\/\/www.lafargalhospitalet.com\/","logo":{"@type":"ImageObject","inLanguage":"ca","@id":"https:\/\/www.lafargalhospitalet.com\/#\/schema\/logo\/image\/","url":"https:\/\/www.lafargalhospitalet.com\/wp-content\/uploads\/2025\/10\/logotipo_lafarga_centre_activitats.png","contentUrl":"https:\/\/www.lafargalhospitalet.com\/wp-content\/uploads\/2025\/10\/logotipo_lafarga_centre_activitats.png","width":266,"height":101,"caption":"La Farga L'Hospitalet Centre d'Activitats. La Farga GEM, S.A."},"image":{"@id":"https:\/\/www.lafargalhospitalet.com\/#\/schema\/logo\/image\/"},"sameAs":["https:\/\/www.facebook.com\/fargahospitalet\/","https:\/\/x.com\/fargahospitalet","https:\/\/www.instagram.com\/lafargahospitalet\/","https:\/\/www.youtube.com\/channel\/UCoLt6hen3PqGXgbLMGI3Qdw","https:\/\/www.flickr.com\/photos\/lafargagemsa\/albums"]},{"@type":"Person","@id":"https:\/\/www.lafargalhospitalet.com\/#\/schema\/person\/6cbac0ef7748506b167ff859e1c7f378","name":"La Farga Centre d'Activitats","sameAs":["https:\/\/www.lafargalhospitalet.com"],"url":"https:\/\/www.lafargalhospitalet.com\/ca\/author\/far25gmin\/"}]}},"_links":{"self":[{"href":"https:\/\/www.lafargalhospitalet.com\/ca\/wp-json\/wp\/v2\/posts\/5335","targetHints":{"allow":["GET"]}}],"collection":[{"href":"https:\/\/www.lafargalhospitalet.com\/ca\/wp-json\/wp\/v2\/posts"}],"about":[{"href":"https:\/\/www.lafargalhospitalet.com\/ca\/wp-json\/wp\/v2\/types\/post"}],"author":[{"embeddable":true,"href":"https:\/\/www.lafargalhospitalet.com\/ca\/wp-json\/wp\/v2\/users\/1"}],"replies":[{"embeddable":true,"href":"https:\/\/www.lafargalhospitalet.com\/ca\/wp-json\/wp\/v2\/comments?post=5335"}],"version-history":[{"count":0,"href":"https:\/\/www.lafargalhospitalet.com\/ca\/wp-json\/wp\/v2\/posts\/5335\/revisions"}],"wp:featuredmedia":[{"embeddable":true,"href":"https:\/\/www.lafargalhospitalet.com\/ca\/wp-json\/wp\/v2\/media\/5336"}],"wp:attachment":[{"href":"https:\/\/www.lafargalhospitalet.com\/ca\/wp-json\/wp\/v2\/media?parent=5335"}],"wp:term":[{"taxonomy":"category","embeddable":true,"href":"https:\/\/www.lafargalhospitalet.com\/ca\/wp-json\/wp\/v2\/categories?post=5335"},{"taxonomy":"post_tag","embeddable":true,"href":"https:\/\/www.lafargalhospitalet.com\/ca\/wp-json\/wp\/v2\/tags?post=5335"}],"curies":[{"name":"wp","href":"https:\/\/api.w.org\/{rel}","templated":true}]}}