{"id":5368,"date":"2017-12-17T13:24:16","date_gmt":"2017-12-17T12:24:16","guid":{"rendered":"http:\/\/www.lafargalhospitalet.com\/?p=5368"},"modified":"2025-11-03T18:28:42","modified_gmt":"2025-11-03T17:28:42","slug":"tercera-edicio-salo-cinema-vista","status":"publish","type":"post","link":"https:\/\/www.lafargalhospitalet.com\/ca\/tercera-edicio-salo-cinema-vista\/","title":{"rendered":"Tercera edici\u00f3 del Sal\u00f3 del Cinema i les S\u00e8ries a la vista"},"content":{"rendered":"<h5>El primer cap de setmana de febrer tot un m\u00f3n cin\u00e8fil, a La Farga de L\u2019Hospitalet<\/h5>\n<p>El <a href=\"http:\/\/salondelcine.com\" target=\"_blank\" rel=\"noopener\"><strong>Sal\u00f3 del Cinema i les S\u00e8ries<\/strong><\/a> ja t\u00e9 a punt la seva tercera edici\u00f3, que se celebrar\u00e0 del 2 a 4 de febrer de 2018, a La Farga de L\u2019Hospitalet.<\/p>\n<p>L\u2019organitzaci\u00f3 del certamen ja treballa per tenir-ho tot a punt, per al primer cap de setmana de febrer, amb l\u2019objectiu de seguir consolidant aquest esdeveniment, que en <a href=\"https:\/\/www.lafargalhospitalet.com\/exit-salo-cinema-series-amb-26500-visitants\/\" target=\"_blank\" rel=\"noopener\"><strong>dues edicions<\/strong><\/a> ha comptat amb l\u2019assist\u00e8ncia de m\u00e9s de 45.000 persones.<\/p>\n<p>L\u2019esdeveniment, organitzat per CinemaWorld i La Farga, tornar\u00e0 a reunir el m\u00f3n del cinema i les s\u00e8ries en un mateix espai, durant tres dies amb un munt d\u2019activitats, exposicions, \u2018escape rooms\u2019, projectes de crowdfunding, xerrades i la tradicional jornada de Taules Rodones amb la pres\u00e8ncia de directors, guionistes, actors, promotors, etc.<\/p>\n<p>La tercera edici\u00f3 del Sal\u00f3 del Cinema i les S\u00e8ries comptar\u00e0 amb 115 expositors d\u2019empreses relacionades amb el sector, 10 exposicions, diferents activitats i les m\u00e9s de 35 xerrades amb especialistes i professionals del m\u00f3n del cinema. Per a les xerrades d&#8217;aquesta edici\u00f3 any es compta amb la pres\u00e8ncia del director de cinema Nacho Vigalondo (Los cronocr\u00edmenes, Open Windows, Colossal), el c\u00f2mic, guionista i actor Berto Romero (Tres bodes de m\u00e1s, Ocho apellidos catalanes), Alberto Ammann, actor de Narcos i l&#8217;editor i historietista Manuel Bartual (conegut pel seu viral relat de misteri a base de tuits).<\/p>\n<p>Entre les 10 exposicions que visitaran el Sal\u00f3 del Cinema i les S\u00e8ries destaquen, amb 400m2, una dedicada a la saga cinematogr\u00e0fica de Harry Potter, una mostra de l\u2019univers Star Wars i Alien i una mostra de cotxes de cinema amb El Coche Fant\u00e1stico y el cotxe del General Lee.<\/p>\n<h5>Pres\u00e8ncia internacional<\/h5>\n<p>Enguany tamb\u00e9 hi haur\u00e0 pres\u00e8ncia internacional amb la col\u00b7laboraci\u00f3 de la productora i distribu\u00efdora francesa Gaumont, que ens portar\u00e0 a La Farga una mostra d\u2019objectes de cinema, com el vestuari de pel\u00b7l\u00edcules de Luc Besson entre les que es troben \u2018Leon\u2019, \u2018El profesional\u2019 o \u2018El quinto elemento\u2019. A m\u00e9s tamb\u00e9 exposar\u00e0 al sal\u00f3 el Museu del Cinema i Miniatures de Li\u00f3, que col\u00b7laborar\u00e0 amb diferents mostres de vestits originals utilitzats en films de produccions de Hollywood.<\/p>\n<p>Durant el Sal\u00f3 del Cinema i les S\u00e8ries, i per segon any consecutiu, tindrem la pres\u00e8ncia de l\u2019Espai d\u2019Imatge i Tecnologia on professionals i aficionats podran gaudir de 500m2 de tecnologia amb les darreres novetats en v\u00eddeo, fotografia, realitat virtual, xerrades i masterclass.<\/p>\n<p>Una altra de les activitats ser\u00e0 la possibilitat de poder fer doblatge de veu a c\u00e0rrec de l\u2019empresa catalana Dubbing.<\/p>\n<p>En l\u2019espai de realitat virtual hi haur\u00e0 l\u2019exhibici\u00f3 d\u2019obres cinematogr\u00e0fiques de 360\u00ba, a m\u00e9s de l\u2019estrena de la pel\u00b7l\u00edcula produ\u00efda pels participants del taller de realitat virtual organitzat per Garage Stories i el propi Sal\u00f3 del Cinema i les S\u00e8ries.<\/p>\n<p>La tradicional jornada de Taules Rodones, que es far\u00e0 divendres al mat\u00ed, tindr\u00e0 tres taules en diferents sales, aquest any amb Directors\/es de c\u00e0sting, Directors\/es art\u00edstics i Guionistes. Aquesta activitat \u00e9s oberta al p\u00fablic i s&#8217;espera l&#8217;assist\u00e8ncia, com cada any, d&#8217;estudiants relacionats amb el m\u00f3n audiovisual i joves professionals.<\/p>\n","protected":false},"excerpt":{"rendered":"<p>El Sal\u00f3 del Cinema i les S\u00e8ries ja t\u00e9 a punt la seva tercera edici\u00f3, que se celebrar\u00e0 del 2 a 4 de febrer de 2018, a La Farga Centre d&#8217;Activitats.<\/p>\n","protected":false},"author":1,"featured_media":5369,"comment_status":"closed","ping_status":"closed","sticky":false,"template":"","format":"standard","meta":{"_monsterinsights_skip_tracking":false,"_monsterinsights_sitenote_active":false,"_monsterinsights_sitenote_note":"","_monsterinsights_sitenote_category":0,"footnotes":""},"categories":[83],"tags":[],"class_list":["post-5368","post","type-post","status-publish","format-standard","has-post-thumbnail","hentry","category-noticies"],"yoast_head":"<!-- This site is optimized with the Yoast SEO plugin v27.5 - https:\/\/yoast.com\/product\/yoast-seo-wordpress\/ -->\n<title>Tercera edici\u00f3 del Sal\u00f3 del Cinema i les S\u00e8ries a la vista - La Farga L&#039;Hospitalet Centre d&#039;Activitats. La Farga GEM, S.A.<\/title>\n<meta name=\"description\" content=\"El Sal\u00f3 del Cinema i les S\u00e8ries ja \u00e9s a la vista amb la seva tercera edici\u00f3, que se celebrar\u00e0 del 2 a 4 de febrer de 2018, a La Farga de L\u2019Hospitalet.\" \/>\n<meta name=\"robots\" content=\"index, follow, max-snippet:-1, max-image-preview:large, max-video-preview:-1\" \/>\n<link rel=\"canonical\" href=\"https:\/\/www.lafargalhospitalet.com\/ca\/tercera-edicio-salo-cinema-vista\/\" \/>\n<meta property=\"og:locale\" content=\"ca_ES\" \/>\n<meta property=\"og:type\" content=\"article\" \/>\n<meta property=\"og:title\" content=\"Tercera edici\u00f3 del Sal\u00f3 del Cinema i les S\u00e8ries a la vista - La Farga L&#039;Hospitalet Centre d&#039;Activitats. La Farga GEM, S.A.\" \/>\n<meta property=\"og:description\" content=\"El Sal\u00f3 del Cinema i les S\u00e8ries ja \u00e9s a la vista amb la seva tercera edici\u00f3, que se celebrar\u00e0 del 2 a 4 de febrer de 2018, a La Farga de L\u2019Hospitalet.\" \/>\n<meta property=\"og:url\" content=\"https:\/\/www.lafargalhospitalet.com\/ca\/tercera-edicio-salo-cinema-vista\/\" \/>\n<meta property=\"og:site_name\" content=\"La Farga L&#039;Hospitalet Centre d&#039;Activitats. La Farga GEM, S.A.\" \/>\n<meta property=\"article:publisher\" content=\"https:\/\/www.facebook.com\/fargahospitalet\/\" \/>\n<meta property=\"article:published_time\" content=\"2017-12-17T12:24:16+00:00\" \/>\n<meta property=\"article:modified_time\" content=\"2025-11-03T17:28:42+00:00\" \/>\n<meta property=\"og:image\" content=\"https:\/\/www.lafargalhospitalet.com\/wp-content\/uploads\/2017\/12\/Salo-Cinema-17-Farga.jpg\" \/>\n\t<meta property=\"og:image:width\" content=\"730\" \/>\n\t<meta property=\"og:image:height\" content=\"410\" \/>\n\t<meta property=\"og:image:type\" content=\"image\/jpeg\" \/>\n<meta name=\"author\" content=\"La Farga Centre d&#039;Activitats\" \/>\n<meta name=\"twitter:card\" content=\"summary_large_image\" \/>\n<meta name=\"twitter:creator\" content=\"@fargahospitalet\" \/>\n<meta name=\"twitter:site\" content=\"@fargahospitalet\" \/>\n<meta name=\"twitter:label1\" content=\"Escrit per\" \/>\n\t<meta name=\"twitter:data1\" content=\"La Farga Centre d&#039;Activitats\" \/>\n\t<meta name=\"twitter:label2\" content=\"Temps estimat de lectura\" \/>\n\t<meta name=\"twitter:data2\" content=\"3 minuts\" \/>\n<script type=\"application\/ld+json\" class=\"yoast-schema-graph\">{\"@context\":\"https:\\\/\\\/schema.org\",\"@graph\":[{\"@type\":\"Article\",\"@id\":\"https:\\\/\\\/www.lafargalhospitalet.com\\\/ca\\\/tercera-edicio-salo-cinema-vista\\\/#article\",\"isPartOf\":{\"@id\":\"https:\\\/\\\/www.lafargalhospitalet.com\\\/ca\\\/tercera-edicio-salo-cinema-vista\\\/\"},\"author\":{\"name\":\"La Farga Centre d'Activitats\",\"@id\":\"https:\\\/\\\/www.lafargalhospitalet.com\\\/#\\\/schema\\\/person\\\/6cbac0ef7748506b167ff859e1c7f378\"},\"headline\":\"Tercera edici\u00f3 del Sal\u00f3 del Cinema i les S\u00e8ries a la vista\",\"datePublished\":\"2017-12-17T12:24:16+00:00\",\"dateModified\":\"2025-11-03T17:28:42+00:00\",\"mainEntityOfPage\":{\"@id\":\"https:\\\/\\\/www.lafargalhospitalet.com\\\/ca\\\/tercera-edicio-salo-cinema-vista\\\/\"},\"wordCount\":581,\"publisher\":{\"@id\":\"https:\\\/\\\/www.lafargalhospitalet.com\\\/#organization\"},\"image\":{\"@id\":\"https:\\\/\\\/www.lafargalhospitalet.com\\\/ca\\\/tercera-edicio-salo-cinema-vista\\\/#primaryimage\"},\"thumbnailUrl\":\"https:\\\/\\\/www.lafargalhospitalet.com\\\/wp-content\\\/uploads\\\/2017\\\/12\\\/Salo-Cinema-17-Farga.jpg\",\"articleSection\":[\"Noticies\"],\"inLanguage\":\"ca\"},{\"@type\":\"WebPage\",\"@id\":\"https:\\\/\\\/www.lafargalhospitalet.com\\\/ca\\\/tercera-edicio-salo-cinema-vista\\\/\",\"url\":\"https:\\\/\\\/www.lafargalhospitalet.com\\\/ca\\\/tercera-edicio-salo-cinema-vista\\\/\",\"name\":\"Tercera edici\u00f3 del Sal\u00f3 del Cinema i les S\u00e8ries a la vista - La Farga L&#039;Hospitalet Centre d&#039;Activitats. La Farga GEM, S.A.\",\"isPartOf\":{\"@id\":\"https:\\\/\\\/www.lafargalhospitalet.com\\\/#website\"},\"primaryImageOfPage\":{\"@id\":\"https:\\\/\\\/www.lafargalhospitalet.com\\\/ca\\\/tercera-edicio-salo-cinema-vista\\\/#primaryimage\"},\"image\":{\"@id\":\"https:\\\/\\\/www.lafargalhospitalet.com\\\/ca\\\/tercera-edicio-salo-cinema-vista\\\/#primaryimage\"},\"thumbnailUrl\":\"https:\\\/\\\/www.lafargalhospitalet.com\\\/wp-content\\\/uploads\\\/2017\\\/12\\\/Salo-Cinema-17-Farga.jpg\",\"datePublished\":\"2017-12-17T12:24:16+00:00\",\"dateModified\":\"2025-11-03T17:28:42+00:00\",\"description\":\"El Sal\u00f3 del Cinema i les S\u00e8ries ja \u00e9s a la vista amb la seva tercera edici\u00f3, que se celebrar\u00e0 del 2 a 4 de febrer de 2018, a La Farga de L\u2019Hospitalet.\",\"breadcrumb\":{\"@id\":\"https:\\\/\\\/www.lafargalhospitalet.com\\\/ca\\\/tercera-edicio-salo-cinema-vista\\\/#breadcrumb\"},\"inLanguage\":\"ca\",\"potentialAction\":[{\"@type\":\"ReadAction\",\"target\":[\"https:\\\/\\\/www.lafargalhospitalet.com\\\/ca\\\/tercera-edicio-salo-cinema-vista\\\/\"]}]},{\"@type\":\"ImageObject\",\"inLanguage\":\"ca\",\"@id\":\"https:\\\/\\\/www.lafargalhospitalet.com\\\/ca\\\/tercera-edicio-salo-cinema-vista\\\/#primaryimage\",\"url\":\"https:\\\/\\\/www.lafargalhospitalet.com\\\/wp-content\\\/uploads\\\/2017\\\/12\\\/Salo-Cinema-17-Farga.jpg\",\"contentUrl\":\"https:\\\/\\\/www.lafargalhospitalet.com\\\/wp-content\\\/uploads\\\/2017\\\/12\\\/Salo-Cinema-17-Farga.jpg\",\"width\":730,\"height\":410,\"caption\":\"Sal\u00f3 Cinema S\u00e8ries 3a vista\"},{\"@type\":\"BreadcrumbList\",\"@id\":\"https:\\\/\\\/www.lafargalhospitalet.com\\\/ca\\\/tercera-edicio-salo-cinema-vista\\\/#breadcrumb\",\"itemListElement\":[{\"@type\":\"ListItem\",\"position\":1,\"name\":\"Portada\",\"item\":\"https:\\\/\\\/www.lafargalhospitalet.com\\\/\"},{\"@type\":\"ListItem\",\"position\":2,\"name\":\"Tercera edici\u00f3 del Sal\u00f3 del Cinema i les S\u00e8ries a la vista\"}]},{\"@type\":\"WebSite\",\"@id\":\"https:\\\/\\\/www.lafargalhospitalet.com\\\/#website\",\"url\":\"https:\\\/\\\/www.lafargalhospitalet.com\\\/\",\"name\":\"La Farga L'Hospitalet Centre d'Activitats. La Farga GEM, S.A.\",\"description\":\"La Farga L&#039;Hospitalet Centre d&#039;Activitats. Gestionat per La Farga GEM, S.A. Fires i Congressos. Concerts, exposicions, reunions, filmacions, sopars de gala.\",\"publisher\":{\"@id\":\"https:\\\/\\\/www.lafargalhospitalet.com\\\/#organization\"},\"potentialAction\":[{\"@type\":\"SearchAction\",\"target\":{\"@type\":\"EntryPoint\",\"urlTemplate\":\"https:\\\/\\\/www.lafargalhospitalet.com\\\/?s={search_term_string}\"},\"query-input\":{\"@type\":\"PropertyValueSpecification\",\"valueRequired\":true,\"valueName\":\"search_term_string\"}}],\"inLanguage\":\"ca\"},{\"@type\":\"Organization\",\"@id\":\"https:\\\/\\\/www.lafargalhospitalet.com\\\/#organization\",\"name\":\"La Farga L'Hospitalet Centre d'Activitats. La Farga GEM, S.A.\",\"url\":\"https:\\\/\\\/www.lafargalhospitalet.com\\\/\",\"logo\":{\"@type\":\"ImageObject\",\"inLanguage\":\"ca\",\"@id\":\"https:\\\/\\\/www.lafargalhospitalet.com\\\/#\\\/schema\\\/logo\\\/image\\\/\",\"url\":\"https:\\\/\\\/www.lafargalhospitalet.com\\\/wp-content\\\/uploads\\\/2025\\\/10\\\/logotipo_lafarga_centre_activitats.png\",\"contentUrl\":\"https:\\\/\\\/www.lafargalhospitalet.com\\\/wp-content\\\/uploads\\\/2025\\\/10\\\/logotipo_lafarga_centre_activitats.png\",\"width\":266,\"height\":101,\"caption\":\"La Farga L'Hospitalet Centre d'Activitats. La Farga GEM, S.A.\"},\"image\":{\"@id\":\"https:\\\/\\\/www.lafargalhospitalet.com\\\/#\\\/schema\\\/logo\\\/image\\\/\"},\"sameAs\":[\"https:\\\/\\\/www.facebook.com\\\/fargahospitalet\\\/\",\"https:\\\/\\\/x.com\\\/fargahospitalet\",\"https:\\\/\\\/www.instagram.com\\\/lafargahospitalet\\\/\",\"https:\\\/\\\/www.youtube.com\\\/channel\\\/UCoLt6hen3PqGXgbLMGI3Qdw\",\"https:\\\/\\\/www.flickr.com\\\/photos\\\/lafargagemsa\\\/albums\"]},{\"@type\":\"Person\",\"@id\":\"https:\\\/\\\/www.lafargalhospitalet.com\\\/#\\\/schema\\\/person\\\/6cbac0ef7748506b167ff859e1c7f378\",\"name\":\"La Farga Centre d'Activitats\",\"sameAs\":[\"https:\\\/\\\/www.lafargalhospitalet.com\"],\"url\":\"https:\\\/\\\/www.lafargalhospitalet.com\\\/ca\\\/author\\\/far25gmin\\\/\"}]}<\/script>\n<!-- \/ Yoast SEO plugin. -->","yoast_head_json":{"title":"Tercera edici\u00f3 del Sal\u00f3 del Cinema i les S\u00e8ries a la vista - La Farga L&#039;Hospitalet Centre d&#039;Activitats. La Farga GEM, S.A.","description":"El Sal\u00f3 del Cinema i les S\u00e8ries ja \u00e9s a la vista amb la seva tercera edici\u00f3, que se celebrar\u00e0 del 2 a 4 de febrer de 2018, a La Farga de L\u2019Hospitalet.","robots":{"index":"index","follow":"follow","max-snippet":"max-snippet:-1","max-image-preview":"max-image-preview:large","max-video-preview":"max-video-preview:-1"},"canonical":"https:\/\/www.lafargalhospitalet.com\/ca\/tercera-edicio-salo-cinema-vista\/","og_locale":"ca_ES","og_type":"article","og_title":"Tercera edici\u00f3 del Sal\u00f3 del Cinema i les S\u00e8ries a la vista - La Farga L&#039;Hospitalet Centre d&#039;Activitats. La Farga GEM, S.A.","og_description":"El Sal\u00f3 del Cinema i les S\u00e8ries ja \u00e9s a la vista amb la seva tercera edici\u00f3, que se celebrar\u00e0 del 2 a 4 de febrer de 2018, a La Farga de L\u2019Hospitalet.","og_url":"https:\/\/www.lafargalhospitalet.com\/ca\/tercera-edicio-salo-cinema-vista\/","og_site_name":"La Farga L&#039;Hospitalet Centre d&#039;Activitats. La Farga GEM, S.A.","article_publisher":"https:\/\/www.facebook.com\/fargahospitalet\/","article_published_time":"2017-12-17T12:24:16+00:00","article_modified_time":"2025-11-03T17:28:42+00:00","og_image":[{"width":730,"height":410,"url":"https:\/\/www.lafargalhospitalet.com\/wp-content\/uploads\/2017\/12\/Salo-Cinema-17-Farga.jpg","type":"image\/jpeg"}],"author":"La Farga Centre d'Activitats","twitter_card":"summary_large_image","twitter_creator":"@fargahospitalet","twitter_site":"@fargahospitalet","twitter_misc":{"Escrit per":"La Farga Centre d'Activitats","Temps estimat de lectura":"3 minuts"},"schema":{"@context":"https:\/\/schema.org","@graph":[{"@type":"Article","@id":"https:\/\/www.lafargalhospitalet.com\/ca\/tercera-edicio-salo-cinema-vista\/#article","isPartOf":{"@id":"https:\/\/www.lafargalhospitalet.com\/ca\/tercera-edicio-salo-cinema-vista\/"},"author":{"name":"La Farga Centre d'Activitats","@id":"https:\/\/www.lafargalhospitalet.com\/#\/schema\/person\/6cbac0ef7748506b167ff859e1c7f378"},"headline":"Tercera edici\u00f3 del Sal\u00f3 del Cinema i les S\u00e8ries a la vista","datePublished":"2017-12-17T12:24:16+00:00","dateModified":"2025-11-03T17:28:42+00:00","mainEntityOfPage":{"@id":"https:\/\/www.lafargalhospitalet.com\/ca\/tercera-edicio-salo-cinema-vista\/"},"wordCount":581,"publisher":{"@id":"https:\/\/www.lafargalhospitalet.com\/#organization"},"image":{"@id":"https:\/\/www.lafargalhospitalet.com\/ca\/tercera-edicio-salo-cinema-vista\/#primaryimage"},"thumbnailUrl":"https:\/\/www.lafargalhospitalet.com\/wp-content\/uploads\/2017\/12\/Salo-Cinema-17-Farga.jpg","articleSection":["Noticies"],"inLanguage":"ca"},{"@type":"WebPage","@id":"https:\/\/www.lafargalhospitalet.com\/ca\/tercera-edicio-salo-cinema-vista\/","url":"https:\/\/www.lafargalhospitalet.com\/ca\/tercera-edicio-salo-cinema-vista\/","name":"Tercera edici\u00f3 del Sal\u00f3 del Cinema i les S\u00e8ries a la vista - La Farga L&#039;Hospitalet Centre d&#039;Activitats. La Farga GEM, S.A.","isPartOf":{"@id":"https:\/\/www.lafargalhospitalet.com\/#website"},"primaryImageOfPage":{"@id":"https:\/\/www.lafargalhospitalet.com\/ca\/tercera-edicio-salo-cinema-vista\/#primaryimage"},"image":{"@id":"https:\/\/www.lafargalhospitalet.com\/ca\/tercera-edicio-salo-cinema-vista\/#primaryimage"},"thumbnailUrl":"https:\/\/www.lafargalhospitalet.com\/wp-content\/uploads\/2017\/12\/Salo-Cinema-17-Farga.jpg","datePublished":"2017-12-17T12:24:16+00:00","dateModified":"2025-11-03T17:28:42+00:00","description":"El Sal\u00f3 del Cinema i les S\u00e8ries ja \u00e9s a la vista amb la seva tercera edici\u00f3, que se celebrar\u00e0 del 2 a 4 de febrer de 2018, a La Farga de L\u2019Hospitalet.","breadcrumb":{"@id":"https:\/\/www.lafargalhospitalet.com\/ca\/tercera-edicio-salo-cinema-vista\/#breadcrumb"},"inLanguage":"ca","potentialAction":[{"@type":"ReadAction","target":["https:\/\/www.lafargalhospitalet.com\/ca\/tercera-edicio-salo-cinema-vista\/"]}]},{"@type":"ImageObject","inLanguage":"ca","@id":"https:\/\/www.lafargalhospitalet.com\/ca\/tercera-edicio-salo-cinema-vista\/#primaryimage","url":"https:\/\/www.lafargalhospitalet.com\/wp-content\/uploads\/2017\/12\/Salo-Cinema-17-Farga.jpg","contentUrl":"https:\/\/www.lafargalhospitalet.com\/wp-content\/uploads\/2017\/12\/Salo-Cinema-17-Farga.jpg","width":730,"height":410,"caption":"Sal\u00f3 Cinema S\u00e8ries 3a vista"},{"@type":"BreadcrumbList","@id":"https:\/\/www.lafargalhospitalet.com\/ca\/tercera-edicio-salo-cinema-vista\/#breadcrumb","itemListElement":[{"@type":"ListItem","position":1,"name":"Portada","item":"https:\/\/www.lafargalhospitalet.com\/"},{"@type":"ListItem","position":2,"name":"Tercera edici\u00f3 del Sal\u00f3 del Cinema i les S\u00e8ries a la vista"}]},{"@type":"WebSite","@id":"https:\/\/www.lafargalhospitalet.com\/#website","url":"https:\/\/www.lafargalhospitalet.com\/","name":"La Farga L'Hospitalet Centre d'Activitats. La Farga GEM, S.A.","description":"La Farga L&#039;Hospitalet Centre d&#039;Activitats. Gestionat per La Farga GEM, S.A. Fires i Congressos. Concerts, exposicions, reunions, filmacions, sopars de gala.","publisher":{"@id":"https:\/\/www.lafargalhospitalet.com\/#organization"},"potentialAction":[{"@type":"SearchAction","target":{"@type":"EntryPoint","urlTemplate":"https:\/\/www.lafargalhospitalet.com\/?s={search_term_string}"},"query-input":{"@type":"PropertyValueSpecification","valueRequired":true,"valueName":"search_term_string"}}],"inLanguage":"ca"},{"@type":"Organization","@id":"https:\/\/www.lafargalhospitalet.com\/#organization","name":"La Farga L'Hospitalet Centre d'Activitats. La Farga GEM, S.A.","url":"https:\/\/www.lafargalhospitalet.com\/","logo":{"@type":"ImageObject","inLanguage":"ca","@id":"https:\/\/www.lafargalhospitalet.com\/#\/schema\/logo\/image\/","url":"https:\/\/www.lafargalhospitalet.com\/wp-content\/uploads\/2025\/10\/logotipo_lafarga_centre_activitats.png","contentUrl":"https:\/\/www.lafargalhospitalet.com\/wp-content\/uploads\/2025\/10\/logotipo_lafarga_centre_activitats.png","width":266,"height":101,"caption":"La Farga L'Hospitalet Centre d'Activitats. La Farga GEM, S.A."},"image":{"@id":"https:\/\/www.lafargalhospitalet.com\/#\/schema\/logo\/image\/"},"sameAs":["https:\/\/www.facebook.com\/fargahospitalet\/","https:\/\/x.com\/fargahospitalet","https:\/\/www.instagram.com\/lafargahospitalet\/","https:\/\/www.youtube.com\/channel\/UCoLt6hen3PqGXgbLMGI3Qdw","https:\/\/www.flickr.com\/photos\/lafargagemsa\/albums"]},{"@type":"Person","@id":"https:\/\/www.lafargalhospitalet.com\/#\/schema\/person\/6cbac0ef7748506b167ff859e1c7f378","name":"La Farga Centre d'Activitats","sameAs":["https:\/\/www.lafargalhospitalet.com"],"url":"https:\/\/www.lafargalhospitalet.com\/ca\/author\/far25gmin\/"}]}},"_links":{"self":[{"href":"https:\/\/www.lafargalhospitalet.com\/ca\/wp-json\/wp\/v2\/posts\/5368","targetHints":{"allow":["GET"]}}],"collection":[{"href":"https:\/\/www.lafargalhospitalet.com\/ca\/wp-json\/wp\/v2\/posts"}],"about":[{"href":"https:\/\/www.lafargalhospitalet.com\/ca\/wp-json\/wp\/v2\/types\/post"}],"author":[{"embeddable":true,"href":"https:\/\/www.lafargalhospitalet.com\/ca\/wp-json\/wp\/v2\/users\/1"}],"replies":[{"embeddable":true,"href":"https:\/\/www.lafargalhospitalet.com\/ca\/wp-json\/wp\/v2\/comments?post=5368"}],"version-history":[{"count":0,"href":"https:\/\/www.lafargalhospitalet.com\/ca\/wp-json\/wp\/v2\/posts\/5368\/revisions"}],"wp:featuredmedia":[{"embeddable":true,"href":"https:\/\/www.lafargalhospitalet.com\/ca\/wp-json\/wp\/v2\/media\/5369"}],"wp:attachment":[{"href":"https:\/\/www.lafargalhospitalet.com\/ca\/wp-json\/wp\/v2\/media?parent=5368"}],"wp:term":[{"taxonomy":"category","embeddable":true,"href":"https:\/\/www.lafargalhospitalet.com\/ca\/wp-json\/wp\/v2\/categories?post=5368"},{"taxonomy":"post_tag","embeddable":true,"href":"https:\/\/www.lafargalhospitalet.com\/ca\/wp-json\/wp\/v2\/tags?post=5368"}],"curies":[{"name":"wp","href":"https:\/\/api.w.org\/{rel}","templated":true}]}}