{"id":5374,"date":"2017-12-20T16:00:06","date_gmt":"2017-12-20T15:00:06","guid":{"rendered":"http:\/\/www.lafargalhospitalet.com\/?p=5374"},"modified":"2025-11-03T18:28:33","modified_gmt":"2025-11-03T17:28:33","slug":"nuria-marin-oferta-ludica-ampliat-aquesta-edicio","status":"publish","type":"post","link":"https:\/\/www.lafargalhospitalet.com\/ca\/nuria-marin-oferta-ludica-ampliat-aquesta-edicio\/","title":{"rendered":"N\u00faria Mar\u00edn: &#8216;L\u2019oferta l\u00fadica s\u2019ha ampliat molt en aquesta edici\u00f3&#8217;"},"content":{"rendered":"<h5>Del 21 de desembre al 7 de gener<\/h5>\n<p>L\u2019alcaldessa, N\u00faria Mar\u00edn, i el regidor de Cultura, David Quir\u00f3s, han visitat avui <a href=\"http:\/\/kaliupark.cat\" target=\"_blank\" rel=\"noopener\"><strong>Kaliu Park, Espai L\u00fadic de Nadal de L\u2019Hospitalet<\/strong><\/a>, que enllesteix els darrers preparatius per obrir les seves portes\u00a0aquest\u00a0 dijous, 21 de desembre, a La Farga de L\u2019Hospitalet.<\/p>\n<p>Kaliu Park torna amb m\u00e9s for\u00e7a oferint moltes m\u00e9s propostes d\u2019oci, lleure, i esport per completar l\u2019agenda de Nadal a L\u2019Hospitalet amb un munt d\u2019activitats per a tots els p\u00fablics. L\u2019alcaldessa ha assenyalat que <em>\u201cl\u2019oferta l\u00fadica s\u2019ha ampliat molt en aquesta edici\u00f3, de manera que queda pr\u00e0cticament ple d\u2019activitats infantils el recinte de la Farga aquest Nadal\u201d<\/em>.<\/p>\n<p>La Farga Centre d\u2019Activitats acollir\u00e0 fins al 7 de gener una gran pista de patinatge sobre gel, un tobogan gegant i un espai amb jocs, tradicions, m\u00fasica i art. Tot plegat conformar\u00e0 el Kaliu Park, previst durant les vacances escolars, en tres espais diferenciats: <a href=\"https:\/\/www.lafargalhospitalet.com\/explora-el-nadal-amb-el-kaliu-park-de-la-farga\/\" target=\"_blank\" rel=\"noopener\"><strong>Kaliu Gel, Kaliu Creatiu i Kaliu L\u00fadic<\/strong><\/a>.<\/p>\n<h5>Kaliu Gel<\/h5>\n<p>Al Kaliu Gel trobarem la pista de gel i el tobogan gegant. La pista de gel, constru\u00efda per l\u2019empresa WWIP tindr\u00e0 una superf\u00edcie de 1.500 m2 on es podr\u00e0 patinar amb lloguer de patins. Hi haur\u00e0 uns 200 m2 de pista infantil per als patinadors primerencs.<\/p>\n<p>El tobogan gegant tornar\u00e0 a fer les del\u00edcies de tothom i ser\u00e0 una de les grans atraccions del Kaliu Park. En els seus 50 metres de llarg per 14 metres d\u2019ample podran lliscar grans i petits. N-Ice \u00e9s l\u2019encarregada d\u2019instal\u00b7lar aquesta estructura.<\/p>\n<h5>Kaliu Creatiu<\/h5>\n<p>L\u2019espai per desenvolupar els talents art\u00edstics ser\u00e0 aquest any el Kaliu Creatiu on hi haur\u00e0 tallers de circ i percussi\u00f3, m\u00fasica infantil amb concerts en directe i activitats de ball . El circ el portar\u00e0, amb una gran carpa, el Festival Per Amor L\u2019Hart, de l\u2019entitat hospitalenca Bipolart, que presentar\u00e0 l\u2019espectacle de circ d\u2019hivern Estrellats, on es veuran fins a 14 espectacles diferents. L\u2019entitat tamb\u00e9 far\u00e0 diferents tallers de circ.<\/p>\n<p>La m\u00fasica vindr\u00e0 de la m\u00e0 de Lali BeGood, que amb tres concerts en directe, portaran el kindie rock a totes les fam\u00edlies visitants de KaliuPark. Lali BeGood actuar\u00e0 els dies 23 i 29 de desembre a les 17.30 hores, i el 7 de gener amb una gran concert de fi de festa, tamb\u00e9 a les 17.30 hores.<\/p>\n<p>En aquests espais, i durant totes els dies de Kaliu Park hi haur\u00e0 tallers i actuacions de dansa urbana, a c\u00e0rrec de Street Dance Area, i tallers de percussi\u00f3, amb l\u2019Escola Drum Team.<\/p>\n<h5>Kaliu L\u00fadic<\/h5>\n<p>El Kaliu L\u00fadic est\u00e0 reservat per a un munt d\u2019activitats, tamb\u00e9 per a tots els p\u00fablics, entre les quals trobarem esports: b\u00e0squet 3\u00d73, tennis de taula i espais de lleure amb un roc\u00f2drom inflable, el M\u00f3n del Joc i una ludoteca infantil.<\/p>\n<p>El Kaliu Park rebr\u00e0 la visita del Pare Noel, els dies previs de Nadal, i del Patge Reial, perqu\u00e8 tots els nens i les nenes puguin lliurar-los les seves cartes.<\/p>\n<p>L\u2019entrada \u00e9s lliure per a tothom, excepte les activitats de Kaliu Gel per a les quals caldr\u00e0 obtenir una entrada. Kaliu Park obrir\u00e0 cada dia, del 21 de desembre al 7 de gener, des de les 11 hores fins a les 21 hores. Hi haur\u00e0 horaris especials el dia 25 de desembre (d\u201911 a 14 h i de 17 a 21 h) i el 31 desembre (d\u201911 a 19 h).<\/p>\n<p>M\u00e9s informaci\u00f3 a: <strong><a href=\"http:\/\/kaliupark.cat\/wp-content\/uploads\/2017\/12\/Agenda-Kaliu-Creatiu-1718.pdf\" target=\"_blank\" rel=\"noopener\">Agenda Kaliu Creatiu<\/a>.<\/strong> I tamb\u00e9 a <strong><a href=\"http:\/\/www.l-h.cat\/webs\/especials\/nadal\" target=\"_blank\" rel=\"noopener\">www.l-h.cat\/webs\/especials\/nadal.<\/a><\/strong><\/p>\n","protected":false},"excerpt":{"rendered":"<p>L\u2019alcaldessa, N\u00faria Mar\u00edn, i el regidor de Cultura, David Quir\u00f3s, han visitat avui Kaliu Park, Espai L\u00fadic de Nadal de L\u2019Hospitalet, que enllesteix els darrers preparatius per obrir les seves portes\u00a0aquest\u00a0 dijous, 21 de desembre.<\/p>\n","protected":false},"author":1,"featured_media":5375,"comment_status":"closed","ping_status":"closed","sticky":false,"template":"","format":"standard","meta":{"_monsterinsights_skip_tracking":false,"_monsterinsights_sitenote_active":false,"_monsterinsights_sitenote_note":"","_monsterinsights_sitenote_category":0,"footnotes":""},"categories":[83],"tags":[],"class_list":["post-5374","post","type-post","status-publish","format-standard","has-post-thumbnail","hentry","category-noticies"],"yoast_head":"<!-- This site is optimized with the Yoast SEO plugin v27.5 - https:\/\/yoast.com\/product\/yoast-seo-wordpress\/ -->\n<title>N\u00faria Mar\u00edn: &#039;L\u2019oferta l\u00fadica s\u2019ha ampliat molt en aquesta edici\u00f3&#039; - La Farga L&#039;Hospitalet Centre d&#039;Activitats. La Farga GEM, S.A.<\/title>\n<meta name=\"description\" content=\"L\u2019alcaldessa, N\u00faria Mar\u00edn, i el regidor de Cultura, David Quir\u00f3s, han visitat avui Kaliu Park, Espai L\u00fadic de Nadal de L&#039;H, on s&#039;amplia l&#039;oferta l\u00fadica.\" \/>\n<meta name=\"robots\" content=\"index, follow, max-snippet:-1, max-image-preview:large, max-video-preview:-1\" \/>\n<link rel=\"canonical\" href=\"https:\/\/www.lafargalhospitalet.com\/ca\/nuria-marin-oferta-ludica-ampliat-aquesta-edicio\/\" \/>\n<meta property=\"og:locale\" content=\"ca_ES\" \/>\n<meta property=\"og:type\" content=\"article\" \/>\n<meta property=\"og:title\" content=\"N\u00faria Mar\u00edn: &#039;L\u2019oferta l\u00fadica s\u2019ha ampliat molt en aquesta edici\u00f3&#039; - La Farga L&#039;Hospitalet Centre d&#039;Activitats. La Farga GEM, S.A.\" \/>\n<meta property=\"og:description\" content=\"L\u2019alcaldessa, N\u00faria Mar\u00edn, i el regidor de Cultura, David Quir\u00f3s, han visitat avui Kaliu Park, Espai L\u00fadic de Nadal de L&#039;H, on s&#039;amplia l&#039;oferta l\u00fadica.\" \/>\n<meta property=\"og:url\" content=\"https:\/\/www.lafargalhospitalet.com\/ca\/nuria-marin-oferta-ludica-ampliat-aquesta-edicio\/\" \/>\n<meta property=\"og:site_name\" content=\"La Farga L&#039;Hospitalet Centre d&#039;Activitats. La Farga GEM, S.A.\" \/>\n<meta property=\"article:publisher\" content=\"https:\/\/www.facebook.com\/fargahospitalet\/\" \/>\n<meta property=\"article:published_time\" content=\"2017-12-20T15:00:06+00:00\" \/>\n<meta property=\"article:modified_time\" content=\"2025-11-03T17:28:33+00:00\" \/>\n<meta property=\"og:image\" content=\"https:\/\/www.lafargalhospitalet.com\/wp-content\/uploads\/2017\/12\/Kaliu-Nuria-Marin.jpg\" \/>\n\t<meta property=\"og:image:width\" content=\"730\" \/>\n\t<meta property=\"og:image:height\" content=\"410\" \/>\n\t<meta property=\"og:image:type\" content=\"image\/jpeg\" \/>\n<meta name=\"author\" content=\"La Farga Centre d&#039;Activitats\" \/>\n<meta name=\"twitter:card\" content=\"summary_large_image\" \/>\n<meta name=\"twitter:creator\" content=\"@fargahospitalet\" \/>\n<meta name=\"twitter:site\" content=\"@fargahospitalet\" \/>\n<meta name=\"twitter:label1\" content=\"Escrit per\" \/>\n\t<meta name=\"twitter:data1\" content=\"La Farga Centre d&#039;Activitats\" \/>\n\t<meta name=\"twitter:label2\" content=\"Temps estimat de lectura\" \/>\n\t<meta name=\"twitter:data2\" content=\"3 minuts\" \/>\n<script type=\"application\/ld+json\" class=\"yoast-schema-graph\">{\"@context\":\"https:\\\/\\\/schema.org\",\"@graph\":[{\"@type\":\"Article\",\"@id\":\"https:\\\/\\\/www.lafargalhospitalet.com\\\/ca\\\/nuria-marin-oferta-ludica-ampliat-aquesta-edicio\\\/#article\",\"isPartOf\":{\"@id\":\"https:\\\/\\\/www.lafargalhospitalet.com\\\/ca\\\/nuria-marin-oferta-ludica-ampliat-aquesta-edicio\\\/\"},\"author\":{\"name\":\"La Farga Centre d'Activitats\",\"@id\":\"https:\\\/\\\/www.lafargalhospitalet.com\\\/#\\\/schema\\\/person\\\/6cbac0ef7748506b167ff859e1c7f378\"},\"headline\":\"N\u00faria Mar\u00edn: &#8216;L\u2019oferta l\u00fadica s\u2019ha ampliat molt en aquesta edici\u00f3&#8217;\",\"datePublished\":\"2017-12-20T15:00:06+00:00\",\"dateModified\":\"2025-11-03T17:28:33+00:00\",\"mainEntityOfPage\":{\"@id\":\"https:\\\/\\\/www.lafargalhospitalet.com\\\/ca\\\/nuria-marin-oferta-ludica-ampliat-aquesta-edicio\\\/\"},\"wordCount\":611,\"publisher\":{\"@id\":\"https:\\\/\\\/www.lafargalhospitalet.com\\\/#organization\"},\"image\":{\"@id\":\"https:\\\/\\\/www.lafargalhospitalet.com\\\/ca\\\/nuria-marin-oferta-ludica-ampliat-aquesta-edicio\\\/#primaryimage\"},\"thumbnailUrl\":\"https:\\\/\\\/www.lafargalhospitalet.com\\\/wp-content\\\/uploads\\\/2017\\\/12\\\/Kaliu-Nuria-Marin.jpg\",\"articleSection\":[\"Noticies\"],\"inLanguage\":\"ca\"},{\"@type\":\"WebPage\",\"@id\":\"https:\\\/\\\/www.lafargalhospitalet.com\\\/ca\\\/nuria-marin-oferta-ludica-ampliat-aquesta-edicio\\\/\",\"url\":\"https:\\\/\\\/www.lafargalhospitalet.com\\\/ca\\\/nuria-marin-oferta-ludica-ampliat-aquesta-edicio\\\/\",\"name\":\"N\u00faria Mar\u00edn: 'L\u2019oferta l\u00fadica s\u2019ha ampliat molt en aquesta edici\u00f3' - La Farga L&#039;Hospitalet Centre d&#039;Activitats. La Farga GEM, S.A.\",\"isPartOf\":{\"@id\":\"https:\\\/\\\/www.lafargalhospitalet.com\\\/#website\"},\"primaryImageOfPage\":{\"@id\":\"https:\\\/\\\/www.lafargalhospitalet.com\\\/ca\\\/nuria-marin-oferta-ludica-ampliat-aquesta-edicio\\\/#primaryimage\"},\"image\":{\"@id\":\"https:\\\/\\\/www.lafargalhospitalet.com\\\/ca\\\/nuria-marin-oferta-ludica-ampliat-aquesta-edicio\\\/#primaryimage\"},\"thumbnailUrl\":\"https:\\\/\\\/www.lafargalhospitalet.com\\\/wp-content\\\/uploads\\\/2017\\\/12\\\/Kaliu-Nuria-Marin.jpg\",\"datePublished\":\"2017-12-20T15:00:06+00:00\",\"dateModified\":\"2025-11-03T17:28:33+00:00\",\"description\":\"L\u2019alcaldessa, N\u00faria Mar\u00edn, i el regidor de Cultura, David Quir\u00f3s, han visitat avui Kaliu Park, Espai L\u00fadic de Nadal de L'H, on s'amplia l'oferta l\u00fadica.\",\"breadcrumb\":{\"@id\":\"https:\\\/\\\/www.lafargalhospitalet.com\\\/ca\\\/nuria-marin-oferta-ludica-ampliat-aquesta-edicio\\\/#breadcrumb\"},\"inLanguage\":\"ca\",\"potentialAction\":[{\"@type\":\"ReadAction\",\"target\":[\"https:\\\/\\\/www.lafargalhospitalet.com\\\/ca\\\/nuria-marin-oferta-ludica-ampliat-aquesta-edicio\\\/\"]}]},{\"@type\":\"ImageObject\",\"inLanguage\":\"ca\",\"@id\":\"https:\\\/\\\/www.lafargalhospitalet.com\\\/ca\\\/nuria-marin-oferta-ludica-ampliat-aquesta-edicio\\\/#primaryimage\",\"url\":\"https:\\\/\\\/www.lafargalhospitalet.com\\\/wp-content\\\/uploads\\\/2017\\\/12\\\/Kaliu-Nuria-Marin.jpg\",\"contentUrl\":\"https:\\\/\\\/www.lafargalhospitalet.com\\\/wp-content\\\/uploads\\\/2017\\\/12\\\/Kaliu-Nuria-Marin.jpg\",\"width\":730,\"height\":410,\"caption\":\"Oferta l\u00fadica\"},{\"@type\":\"BreadcrumbList\",\"@id\":\"https:\\\/\\\/www.lafargalhospitalet.com\\\/ca\\\/nuria-marin-oferta-ludica-ampliat-aquesta-edicio\\\/#breadcrumb\",\"itemListElement\":[{\"@type\":\"ListItem\",\"position\":1,\"name\":\"Portada\",\"item\":\"https:\\\/\\\/www.lafargalhospitalet.com\\\/\"},{\"@type\":\"ListItem\",\"position\":2,\"name\":\"N\u00faria Mar\u00edn: &#8216;L\u2019oferta l\u00fadica s\u2019ha ampliat molt en aquesta edici\u00f3&#8217;\"}]},{\"@type\":\"WebSite\",\"@id\":\"https:\\\/\\\/www.lafargalhospitalet.com\\\/#website\",\"url\":\"https:\\\/\\\/www.lafargalhospitalet.com\\\/\",\"name\":\"La Farga L'Hospitalet Centre d'Activitats. La Farga GEM, S.A.\",\"description\":\"La Farga L&#039;Hospitalet Centre d&#039;Activitats. Gestionat per La Farga GEM, S.A. Fires i Congressos. Concerts, exposicions, reunions, filmacions, sopars de gala.\",\"publisher\":{\"@id\":\"https:\\\/\\\/www.lafargalhospitalet.com\\\/#organization\"},\"potentialAction\":[{\"@type\":\"SearchAction\",\"target\":{\"@type\":\"EntryPoint\",\"urlTemplate\":\"https:\\\/\\\/www.lafargalhospitalet.com\\\/?s={search_term_string}\"},\"query-input\":{\"@type\":\"PropertyValueSpecification\",\"valueRequired\":true,\"valueName\":\"search_term_string\"}}],\"inLanguage\":\"ca\"},{\"@type\":\"Organization\",\"@id\":\"https:\\\/\\\/www.lafargalhospitalet.com\\\/#organization\",\"name\":\"La Farga L'Hospitalet Centre d'Activitats. La Farga GEM, S.A.\",\"url\":\"https:\\\/\\\/www.lafargalhospitalet.com\\\/\",\"logo\":{\"@type\":\"ImageObject\",\"inLanguage\":\"ca\",\"@id\":\"https:\\\/\\\/www.lafargalhospitalet.com\\\/#\\\/schema\\\/logo\\\/image\\\/\",\"url\":\"https:\\\/\\\/www.lafargalhospitalet.com\\\/wp-content\\\/uploads\\\/2025\\\/10\\\/logotipo_lafarga_centre_activitats.png\",\"contentUrl\":\"https:\\\/\\\/www.lafargalhospitalet.com\\\/wp-content\\\/uploads\\\/2025\\\/10\\\/logotipo_lafarga_centre_activitats.png\",\"width\":266,\"height\":101,\"caption\":\"La Farga L'Hospitalet Centre d'Activitats. La Farga GEM, S.A.\"},\"image\":{\"@id\":\"https:\\\/\\\/www.lafargalhospitalet.com\\\/#\\\/schema\\\/logo\\\/image\\\/\"},\"sameAs\":[\"https:\\\/\\\/www.facebook.com\\\/fargahospitalet\\\/\",\"https:\\\/\\\/x.com\\\/fargahospitalet\",\"https:\\\/\\\/www.instagram.com\\\/lafargahospitalet\\\/\",\"https:\\\/\\\/www.youtube.com\\\/channel\\\/UCoLt6hen3PqGXgbLMGI3Qdw\",\"https:\\\/\\\/www.flickr.com\\\/photos\\\/lafargagemsa\\\/albums\"]},{\"@type\":\"Person\",\"@id\":\"https:\\\/\\\/www.lafargalhospitalet.com\\\/#\\\/schema\\\/person\\\/6cbac0ef7748506b167ff859e1c7f378\",\"name\":\"La Farga Centre d'Activitats\",\"sameAs\":[\"https:\\\/\\\/www.lafargalhospitalet.com\"],\"url\":\"https:\\\/\\\/www.lafargalhospitalet.com\\\/ca\\\/author\\\/far25gmin\\\/\"}]}<\/script>\n<!-- \/ Yoast SEO plugin. -->","yoast_head_json":{"title":"N\u00faria Mar\u00edn: 'L\u2019oferta l\u00fadica s\u2019ha ampliat molt en aquesta edici\u00f3' - La Farga L&#039;Hospitalet Centre d&#039;Activitats. La Farga GEM, S.A.","description":"L\u2019alcaldessa, N\u00faria Mar\u00edn, i el regidor de Cultura, David Quir\u00f3s, han visitat avui Kaliu Park, Espai L\u00fadic de Nadal de L'H, on s'amplia l'oferta l\u00fadica.","robots":{"index":"index","follow":"follow","max-snippet":"max-snippet:-1","max-image-preview":"max-image-preview:large","max-video-preview":"max-video-preview:-1"},"canonical":"https:\/\/www.lafargalhospitalet.com\/ca\/nuria-marin-oferta-ludica-ampliat-aquesta-edicio\/","og_locale":"ca_ES","og_type":"article","og_title":"N\u00faria Mar\u00edn: 'L\u2019oferta l\u00fadica s\u2019ha ampliat molt en aquesta edici\u00f3' - La Farga L&#039;Hospitalet Centre d&#039;Activitats. La Farga GEM, S.A.","og_description":"L\u2019alcaldessa, N\u00faria Mar\u00edn, i el regidor de Cultura, David Quir\u00f3s, han visitat avui Kaliu Park, Espai L\u00fadic de Nadal de L'H, on s'amplia l'oferta l\u00fadica.","og_url":"https:\/\/www.lafargalhospitalet.com\/ca\/nuria-marin-oferta-ludica-ampliat-aquesta-edicio\/","og_site_name":"La Farga L&#039;Hospitalet Centre d&#039;Activitats. La Farga GEM, S.A.","article_publisher":"https:\/\/www.facebook.com\/fargahospitalet\/","article_published_time":"2017-12-20T15:00:06+00:00","article_modified_time":"2025-11-03T17:28:33+00:00","og_image":[{"width":730,"height":410,"url":"https:\/\/www.lafargalhospitalet.com\/wp-content\/uploads\/2017\/12\/Kaliu-Nuria-Marin.jpg","type":"image\/jpeg"}],"author":"La Farga Centre d'Activitats","twitter_card":"summary_large_image","twitter_creator":"@fargahospitalet","twitter_site":"@fargahospitalet","twitter_misc":{"Escrit per":"La Farga Centre d'Activitats","Temps estimat de lectura":"3 minuts"},"schema":{"@context":"https:\/\/schema.org","@graph":[{"@type":"Article","@id":"https:\/\/www.lafargalhospitalet.com\/ca\/nuria-marin-oferta-ludica-ampliat-aquesta-edicio\/#article","isPartOf":{"@id":"https:\/\/www.lafargalhospitalet.com\/ca\/nuria-marin-oferta-ludica-ampliat-aquesta-edicio\/"},"author":{"name":"La Farga Centre d'Activitats","@id":"https:\/\/www.lafargalhospitalet.com\/#\/schema\/person\/6cbac0ef7748506b167ff859e1c7f378"},"headline":"N\u00faria Mar\u00edn: &#8216;L\u2019oferta l\u00fadica s\u2019ha ampliat molt en aquesta edici\u00f3&#8217;","datePublished":"2017-12-20T15:00:06+00:00","dateModified":"2025-11-03T17:28:33+00:00","mainEntityOfPage":{"@id":"https:\/\/www.lafargalhospitalet.com\/ca\/nuria-marin-oferta-ludica-ampliat-aquesta-edicio\/"},"wordCount":611,"publisher":{"@id":"https:\/\/www.lafargalhospitalet.com\/#organization"},"image":{"@id":"https:\/\/www.lafargalhospitalet.com\/ca\/nuria-marin-oferta-ludica-ampliat-aquesta-edicio\/#primaryimage"},"thumbnailUrl":"https:\/\/www.lafargalhospitalet.com\/wp-content\/uploads\/2017\/12\/Kaliu-Nuria-Marin.jpg","articleSection":["Noticies"],"inLanguage":"ca"},{"@type":"WebPage","@id":"https:\/\/www.lafargalhospitalet.com\/ca\/nuria-marin-oferta-ludica-ampliat-aquesta-edicio\/","url":"https:\/\/www.lafargalhospitalet.com\/ca\/nuria-marin-oferta-ludica-ampliat-aquesta-edicio\/","name":"N\u00faria Mar\u00edn: 'L\u2019oferta l\u00fadica s\u2019ha ampliat molt en aquesta edici\u00f3' - La Farga L&#039;Hospitalet Centre d&#039;Activitats. La Farga GEM, S.A.","isPartOf":{"@id":"https:\/\/www.lafargalhospitalet.com\/#website"},"primaryImageOfPage":{"@id":"https:\/\/www.lafargalhospitalet.com\/ca\/nuria-marin-oferta-ludica-ampliat-aquesta-edicio\/#primaryimage"},"image":{"@id":"https:\/\/www.lafargalhospitalet.com\/ca\/nuria-marin-oferta-ludica-ampliat-aquesta-edicio\/#primaryimage"},"thumbnailUrl":"https:\/\/www.lafargalhospitalet.com\/wp-content\/uploads\/2017\/12\/Kaliu-Nuria-Marin.jpg","datePublished":"2017-12-20T15:00:06+00:00","dateModified":"2025-11-03T17:28:33+00:00","description":"L\u2019alcaldessa, N\u00faria Mar\u00edn, i el regidor de Cultura, David Quir\u00f3s, han visitat avui Kaliu Park, Espai L\u00fadic de Nadal de L'H, on s'amplia l'oferta l\u00fadica.","breadcrumb":{"@id":"https:\/\/www.lafargalhospitalet.com\/ca\/nuria-marin-oferta-ludica-ampliat-aquesta-edicio\/#breadcrumb"},"inLanguage":"ca","potentialAction":[{"@type":"ReadAction","target":["https:\/\/www.lafargalhospitalet.com\/ca\/nuria-marin-oferta-ludica-ampliat-aquesta-edicio\/"]}]},{"@type":"ImageObject","inLanguage":"ca","@id":"https:\/\/www.lafargalhospitalet.com\/ca\/nuria-marin-oferta-ludica-ampliat-aquesta-edicio\/#primaryimage","url":"https:\/\/www.lafargalhospitalet.com\/wp-content\/uploads\/2017\/12\/Kaliu-Nuria-Marin.jpg","contentUrl":"https:\/\/www.lafargalhospitalet.com\/wp-content\/uploads\/2017\/12\/Kaliu-Nuria-Marin.jpg","width":730,"height":410,"caption":"Oferta l\u00fadica"},{"@type":"BreadcrumbList","@id":"https:\/\/www.lafargalhospitalet.com\/ca\/nuria-marin-oferta-ludica-ampliat-aquesta-edicio\/#breadcrumb","itemListElement":[{"@type":"ListItem","position":1,"name":"Portada","item":"https:\/\/www.lafargalhospitalet.com\/"},{"@type":"ListItem","position":2,"name":"N\u00faria Mar\u00edn: &#8216;L\u2019oferta l\u00fadica s\u2019ha ampliat molt en aquesta edici\u00f3&#8217;"}]},{"@type":"WebSite","@id":"https:\/\/www.lafargalhospitalet.com\/#website","url":"https:\/\/www.lafargalhospitalet.com\/","name":"La Farga L'Hospitalet Centre d'Activitats. La Farga GEM, S.A.","description":"La Farga L&#039;Hospitalet Centre d&#039;Activitats. Gestionat per La Farga GEM, S.A. Fires i Congressos. Concerts, exposicions, reunions, filmacions, sopars de gala.","publisher":{"@id":"https:\/\/www.lafargalhospitalet.com\/#organization"},"potentialAction":[{"@type":"SearchAction","target":{"@type":"EntryPoint","urlTemplate":"https:\/\/www.lafargalhospitalet.com\/?s={search_term_string}"},"query-input":{"@type":"PropertyValueSpecification","valueRequired":true,"valueName":"search_term_string"}}],"inLanguage":"ca"},{"@type":"Organization","@id":"https:\/\/www.lafargalhospitalet.com\/#organization","name":"La Farga L'Hospitalet Centre d'Activitats. La Farga GEM, S.A.","url":"https:\/\/www.lafargalhospitalet.com\/","logo":{"@type":"ImageObject","inLanguage":"ca","@id":"https:\/\/www.lafargalhospitalet.com\/#\/schema\/logo\/image\/","url":"https:\/\/www.lafargalhospitalet.com\/wp-content\/uploads\/2025\/10\/logotipo_lafarga_centre_activitats.png","contentUrl":"https:\/\/www.lafargalhospitalet.com\/wp-content\/uploads\/2025\/10\/logotipo_lafarga_centre_activitats.png","width":266,"height":101,"caption":"La Farga L'Hospitalet Centre d'Activitats. La Farga GEM, S.A."},"image":{"@id":"https:\/\/www.lafargalhospitalet.com\/#\/schema\/logo\/image\/"},"sameAs":["https:\/\/www.facebook.com\/fargahospitalet\/","https:\/\/x.com\/fargahospitalet","https:\/\/www.instagram.com\/lafargahospitalet\/","https:\/\/www.youtube.com\/channel\/UCoLt6hen3PqGXgbLMGI3Qdw","https:\/\/www.flickr.com\/photos\/lafargagemsa\/albums"]},{"@type":"Person","@id":"https:\/\/www.lafargalhospitalet.com\/#\/schema\/person\/6cbac0ef7748506b167ff859e1c7f378","name":"La Farga Centre d'Activitats","sameAs":["https:\/\/www.lafargalhospitalet.com"],"url":"https:\/\/www.lafargalhospitalet.com\/ca\/author\/far25gmin\/"}]}},"_links":{"self":[{"href":"https:\/\/www.lafargalhospitalet.com\/ca\/wp-json\/wp\/v2\/posts\/5374","targetHints":{"allow":["GET"]}}],"collection":[{"href":"https:\/\/www.lafargalhospitalet.com\/ca\/wp-json\/wp\/v2\/posts"}],"about":[{"href":"https:\/\/www.lafargalhospitalet.com\/ca\/wp-json\/wp\/v2\/types\/post"}],"author":[{"embeddable":true,"href":"https:\/\/www.lafargalhospitalet.com\/ca\/wp-json\/wp\/v2\/users\/1"}],"replies":[{"embeddable":true,"href":"https:\/\/www.lafargalhospitalet.com\/ca\/wp-json\/wp\/v2\/comments?post=5374"}],"version-history":[{"count":0,"href":"https:\/\/www.lafargalhospitalet.com\/ca\/wp-json\/wp\/v2\/posts\/5374\/revisions"}],"wp:featuredmedia":[{"embeddable":true,"href":"https:\/\/www.lafargalhospitalet.com\/ca\/wp-json\/wp\/v2\/media\/5375"}],"wp:attachment":[{"href":"https:\/\/www.lafargalhospitalet.com\/ca\/wp-json\/wp\/v2\/media?parent=5374"}],"wp:term":[{"taxonomy":"category","embeddable":true,"href":"https:\/\/www.lafargalhospitalet.com\/ca\/wp-json\/wp\/v2\/categories?post=5374"},{"taxonomy":"post_tag","embeddable":true,"href":"https:\/\/www.lafargalhospitalet.com\/ca\/wp-json\/wp\/v2\/tags?post=5374"}],"curies":[{"name":"wp","href":"https:\/\/api.w.org\/{rel}","templated":true}]}}