{"id":5388,"date":"2018-01-08T15:22:32","date_gmt":"2018-01-08T14:22:32","guid":{"rendered":"http:\/\/www.lafargalhospitalet.com\/?p=5388"},"modified":"2025-11-03T18:28:33","modified_gmt":"2025-11-03T17:28:33","slug":"kaliu-park-tanca-120-000-visitants","status":"publish","type":"post","link":"https:\/\/www.lafargalhospitalet.com\/ca\/kaliu-park-tanca-120-000-visitants\/","title":{"rendered":"Kaliu Park tanca amb 120.000 visitants"},"content":{"rendered":"<h5>L\u2019Espai L\u00fadic de Nadal de L\u2019Hospitalet ha rebut assistents d\u2019arreu de Catalunya<\/h5>\n<p>Kaliu Park, Espai L\u00fadic de Nadal de L\u2019Hospitalet ha tancat les seves portes complint el seu objectiu principal: viure la experi\u00e8ncia del nadal en fam\u00edlia, a trav\u00e9s del joc i de les diferents activitats amb car\u00e0cter i din\u00e0miques pr\u00f2pies.<\/p>\n<p>Un total de 120.000 persones han passat per La Farga de L\u2019Hospitalet per gaudir de la proposta l\u00fadica per a totes les fam\u00edlies i que per segon any consecutiu s\u2019ha instal\u00b7lat en el recinte hospitalenc.<\/p>\n<p>L\u2019organitzaci\u00f3 del Kaliu Park s\u2019ha mostrat prou satisfeta per la xifra de visitants durant els 18 dies de celebraci\u00f3 d\u2019aquest esdeveniment familiar. A m\u00e9s cal remarcar que els visitants del Kaliu Park han estat majorit\u00e0riament de L\u2019Hospitalet i \u00c0rea Metropolitana, amb Barcelona com a ciutat destacada, aix\u00ed com d\u2019altres indrets de diferents comarques de Lleida, Tarragona i Girona.<\/p>\n<p>L\u2019Ajuntament de L\u2019Hospitalet i La Farga han apostat aquest any per potenciar tres grans espais diferenciats: el Kaliu Gel, Kaliu Creatiu i Kaliu L\u00fadic per donar opcions als m\u00e9s petits i tamb\u00e9 a joves i fam\u00edlies senceres que han gaudit d\u2019aquesta proposta nadalenca de la ciutat de L\u2019Hospitalet.<\/p>\n<h5>La pista de gel i el tobogan, atraccions<\/h5>\n<p>El Kaliu Gel, amb la pista de gel i el tobogan, han estat les atraccions estrella del Kaliu Park on milers de patinadors i patinadores han gaudit dels 1.600 m2 de pista, i altres han gaudit lliscant-se pel tobogan gegant. Les empreses catalanes WWIP i N-ICE han estat les encarregades de la producci\u00f3 i gesti\u00f3 d\u2019aquestes activitats.<\/p>\n<p>Ha estat for\u00e7a exit\u00f3s el Kaliu Creatiu, obert a propostes d\u2019entitats de la ciutat com Per Amor a L\u2019Hart, que cada dia ha fet una representaci\u00f3 del Circ d\u2019Hivern, amb tot l\u2019aforament esgotat di\u00e0riament. Han estat tamb\u00e9 for\u00e7a participatius els tallers de circ de la mateixa entitat, aix\u00ed com els tallers de dansa urbana a c\u00e0rrec d\u2019Street Dance Area, de percussi\u00f3 amb l\u2019Escola Drum Team i el taller de maquillatge. La m\u00fasica en directe tamb\u00e9 estat protagonista amb els concerts de Lali BeGood.<\/p>\n<p>El Kaliu L\u00fadic ha estat l\u2019espai on tothom ha pogut interactuar jugant a \u2018El M\u00f3n del Joc\u2019 o amb les propostes esportives del b\u00e0squet 3&#215;3 i el tennis taula.<\/p>\n<p>Kaliu Park tornar\u00e0 l\u2019any vinent amb altres novetats i amb l\u2019objectiu de seguir amenitzant el Nadal a la ciutat, amb totes les propostes possibles en un marc com La Farga Centre d\u2019Activitats, recinte multidisciplinar que ja es prepara per a una primera meitat d\u2019any farcida d\u2019esdeveniments, el proper la III edici\u00f3 del <a href=\"https:\/\/www.lafargalhospitalet.com\/tercera-edicio-salo-cinema-vista\/\" target=\"_blank\" rel=\"noopener\"><strong>Sal\u00f3 del Cinema i les S\u00e8ries<\/strong><\/a>, prevista per al 2, 3 i 4 de febrer.<\/p>\n","protected":false},"excerpt":{"rendered":"<p>Un total de 120.000 persones han passat per La Farga de L\u2019Hospitalet per gaudir de la proposta l\u00fadica per a totes les fam\u00edlies i que per segon any consecutiu s\u2019ha instal\u00b7lat en el recinte hospitalenc.<\/p>\n","protected":false},"author":1,"featured_media":5389,"comment_status":"closed","ping_status":"closed","sticky":false,"template":"","format":"standard","meta":{"_monsterinsights_skip_tracking":false,"_monsterinsights_sitenote_active":false,"_monsterinsights_sitenote_note":"","_monsterinsights_sitenote_category":0,"footnotes":""},"categories":[83],"tags":[],"class_list":["post-5388","post","type-post","status-publish","format-standard","has-post-thumbnail","hentry","category-noticies"],"yoast_head":"<!-- This site is optimized with the Yoast SEO plugin v27.5 - https:\/\/yoast.com\/product\/yoast-seo-wordpress\/ -->\n<title>Kaliu Park tanca amb 120.000 visitants - La Farga L&#039;Hospitalet Centre d&#039;Activitats. La Farga GEM, S.A.<\/title>\n<meta name=\"description\" content=\"Un total de 120.000 persones han passat per La Farga de L\u2019Hospitalet per gaudir de la proposta l\u00fadica per a totes les fam\u00edlies i que per segon any consecutiu s\u2019ha instal\u00b7lat en el recinte hospitalenc.\" \/>\n<meta name=\"robots\" content=\"index, follow, max-snippet:-1, max-image-preview:large, max-video-preview:-1\" \/>\n<link rel=\"canonical\" href=\"https:\/\/www.lafargalhospitalet.com\/ca\/kaliu-park-tanca-120-000-visitants\/\" \/>\n<meta property=\"og:locale\" content=\"ca_ES\" \/>\n<meta property=\"og:type\" content=\"article\" \/>\n<meta property=\"og:title\" content=\"Kaliu Park tanca amb 120.000 visitants - La Farga L&#039;Hospitalet Centre d&#039;Activitats. La Farga GEM, S.A.\" \/>\n<meta property=\"og:description\" content=\"Un total de 120.000 persones han passat per La Farga de L\u2019Hospitalet per gaudir de la proposta l\u00fadica per a totes les fam\u00edlies i que per segon any consecutiu s\u2019ha instal\u00b7lat en el recinte hospitalenc.\" \/>\n<meta property=\"og:url\" content=\"https:\/\/www.lafargalhospitalet.com\/ca\/kaliu-park-tanca-120-000-visitants\/\" \/>\n<meta property=\"og:site_name\" content=\"La Farga L&#039;Hospitalet Centre d&#039;Activitats. La Farga GEM, S.A.\" \/>\n<meta property=\"article:publisher\" content=\"https:\/\/www.facebook.com\/fargahospitalet\/\" \/>\n<meta property=\"article:published_time\" content=\"2018-01-08T14:22:32+00:00\" \/>\n<meta property=\"article:modified_time\" content=\"2025-11-03T17:28:33+00:00\" \/>\n<meta property=\"og:image\" content=\"https:\/\/www.lafargalhospitalet.com\/wp-content\/uploads\/2018\/01\/KaliuPark-Balanc-Farga.jpg\" \/>\n\t<meta property=\"og:image:width\" content=\"730\" \/>\n\t<meta property=\"og:image:height\" content=\"410\" \/>\n\t<meta property=\"og:image:type\" content=\"image\/jpeg\" \/>\n<meta name=\"author\" content=\"La Farga Centre d&#039;Activitats\" \/>\n<meta name=\"twitter:card\" content=\"summary_large_image\" \/>\n<meta name=\"twitter:creator\" content=\"@fargahospitalet\" \/>\n<meta name=\"twitter:site\" content=\"@fargahospitalet\" \/>\n<meta name=\"twitter:label1\" content=\"Escrit per\" \/>\n\t<meta name=\"twitter:data1\" content=\"La Farga Centre d&#039;Activitats\" \/>\n\t<meta name=\"twitter:label2\" content=\"Temps estimat de lectura\" \/>\n\t<meta name=\"twitter:data2\" content=\"2 minuts\" \/>\n<script type=\"application\/ld+json\" class=\"yoast-schema-graph\">{\"@context\":\"https:\\\/\\\/schema.org\",\"@graph\":[{\"@type\":\"Article\",\"@id\":\"https:\\\/\\\/www.lafargalhospitalet.com\\\/ca\\\/kaliu-park-tanca-120-000-visitants\\\/#article\",\"isPartOf\":{\"@id\":\"https:\\\/\\\/www.lafargalhospitalet.com\\\/ca\\\/kaliu-park-tanca-120-000-visitants\\\/\"},\"author\":{\"name\":\"La Farga Centre d'Activitats\",\"@id\":\"https:\\\/\\\/www.lafargalhospitalet.com\\\/#\\\/schema\\\/person\\\/6cbac0ef7748506b167ff859e1c7f378\"},\"headline\":\"Kaliu Park tanca amb 120.000 visitants\",\"datePublished\":\"2018-01-08T14:22:32+00:00\",\"dateModified\":\"2025-11-03T17:28:33+00:00\",\"mainEntityOfPage\":{\"@id\":\"https:\\\/\\\/www.lafargalhospitalet.com\\\/ca\\\/kaliu-park-tanca-120-000-visitants\\\/\"},\"wordCount\":489,\"publisher\":{\"@id\":\"https:\\\/\\\/www.lafargalhospitalet.com\\\/#organization\"},\"image\":{\"@id\":\"https:\\\/\\\/www.lafargalhospitalet.com\\\/ca\\\/kaliu-park-tanca-120-000-visitants\\\/#primaryimage\"},\"thumbnailUrl\":\"https:\\\/\\\/www.lafargalhospitalet.com\\\/wp-content\\\/uploads\\\/2018\\\/01\\\/KaliuPark-Balanc-Farga.jpg\",\"articleSection\":[\"Noticies\"],\"inLanguage\":\"ca\"},{\"@type\":\"WebPage\",\"@id\":\"https:\\\/\\\/www.lafargalhospitalet.com\\\/ca\\\/kaliu-park-tanca-120-000-visitants\\\/\",\"url\":\"https:\\\/\\\/www.lafargalhospitalet.com\\\/ca\\\/kaliu-park-tanca-120-000-visitants\\\/\",\"name\":\"Kaliu Park tanca amb 120.000 visitants - La Farga L&#039;Hospitalet Centre d&#039;Activitats. La Farga GEM, S.A.\",\"isPartOf\":{\"@id\":\"https:\\\/\\\/www.lafargalhospitalet.com\\\/#website\"},\"primaryImageOfPage\":{\"@id\":\"https:\\\/\\\/www.lafargalhospitalet.com\\\/ca\\\/kaliu-park-tanca-120-000-visitants\\\/#primaryimage\"},\"image\":{\"@id\":\"https:\\\/\\\/www.lafargalhospitalet.com\\\/ca\\\/kaliu-park-tanca-120-000-visitants\\\/#primaryimage\"},\"thumbnailUrl\":\"https:\\\/\\\/www.lafargalhospitalet.com\\\/wp-content\\\/uploads\\\/2018\\\/01\\\/KaliuPark-Balanc-Farga.jpg\",\"datePublished\":\"2018-01-08T14:22:32+00:00\",\"dateModified\":\"2025-11-03T17:28:33+00:00\",\"description\":\"Un total de 120.000 persones han passat per La Farga de L\u2019Hospitalet per gaudir de la proposta l\u00fadica per a totes les fam\u00edlies i que per segon any consecutiu s\u2019ha instal\u00b7lat en el recinte hospitalenc.\",\"breadcrumb\":{\"@id\":\"https:\\\/\\\/www.lafargalhospitalet.com\\\/ca\\\/kaliu-park-tanca-120-000-visitants\\\/#breadcrumb\"},\"inLanguage\":\"ca\",\"potentialAction\":[{\"@type\":\"ReadAction\",\"target\":[\"https:\\\/\\\/www.lafargalhospitalet.com\\\/ca\\\/kaliu-park-tanca-120-000-visitants\\\/\"]}]},{\"@type\":\"ImageObject\",\"inLanguage\":\"ca\",\"@id\":\"https:\\\/\\\/www.lafargalhospitalet.com\\\/ca\\\/kaliu-park-tanca-120-000-visitants\\\/#primaryimage\",\"url\":\"https:\\\/\\\/www.lafargalhospitalet.com\\\/wp-content\\\/uploads\\\/2018\\\/01\\\/KaliuPark-Balanc-Farga.jpg\",\"contentUrl\":\"https:\\\/\\\/www.lafargalhospitalet.com\\\/wp-content\\\/uploads\\\/2018\\\/01\\\/KaliuPark-Balanc-Farga.jpg\",\"width\":730,\"height\":410,\"caption\":\"Kaliu Park\"},{\"@type\":\"BreadcrumbList\",\"@id\":\"https:\\\/\\\/www.lafargalhospitalet.com\\\/ca\\\/kaliu-park-tanca-120-000-visitants\\\/#breadcrumb\",\"itemListElement\":[{\"@type\":\"ListItem\",\"position\":1,\"name\":\"Portada\",\"item\":\"https:\\\/\\\/www.lafargalhospitalet.com\\\/\"},{\"@type\":\"ListItem\",\"position\":2,\"name\":\"Kaliu Park tanca amb 120.000 visitants\"}]},{\"@type\":\"WebSite\",\"@id\":\"https:\\\/\\\/www.lafargalhospitalet.com\\\/#website\",\"url\":\"https:\\\/\\\/www.lafargalhospitalet.com\\\/\",\"name\":\"La Farga L'Hospitalet Centre d'Activitats. La Farga GEM, S.A.\",\"description\":\"La Farga L&#039;Hospitalet Centre d&#039;Activitats. Gestionat per La Farga GEM, S.A. Fires i Congressos. Concerts, exposicions, reunions, filmacions, sopars de gala.\",\"publisher\":{\"@id\":\"https:\\\/\\\/www.lafargalhospitalet.com\\\/#organization\"},\"potentialAction\":[{\"@type\":\"SearchAction\",\"target\":{\"@type\":\"EntryPoint\",\"urlTemplate\":\"https:\\\/\\\/www.lafargalhospitalet.com\\\/?s={search_term_string}\"},\"query-input\":{\"@type\":\"PropertyValueSpecification\",\"valueRequired\":true,\"valueName\":\"search_term_string\"}}],\"inLanguage\":\"ca\"},{\"@type\":\"Organization\",\"@id\":\"https:\\\/\\\/www.lafargalhospitalet.com\\\/#organization\",\"name\":\"La Farga L'Hospitalet Centre d'Activitats. La Farga GEM, S.A.\",\"url\":\"https:\\\/\\\/www.lafargalhospitalet.com\\\/\",\"logo\":{\"@type\":\"ImageObject\",\"inLanguage\":\"ca\",\"@id\":\"https:\\\/\\\/www.lafargalhospitalet.com\\\/#\\\/schema\\\/logo\\\/image\\\/\",\"url\":\"https:\\\/\\\/www.lafargalhospitalet.com\\\/wp-content\\\/uploads\\\/2025\\\/10\\\/logotipo_lafarga_centre_activitats.png\",\"contentUrl\":\"https:\\\/\\\/www.lafargalhospitalet.com\\\/wp-content\\\/uploads\\\/2025\\\/10\\\/logotipo_lafarga_centre_activitats.png\",\"width\":266,\"height\":101,\"caption\":\"La Farga L'Hospitalet Centre d'Activitats. La Farga GEM, S.A.\"},\"image\":{\"@id\":\"https:\\\/\\\/www.lafargalhospitalet.com\\\/#\\\/schema\\\/logo\\\/image\\\/\"},\"sameAs\":[\"https:\\\/\\\/www.facebook.com\\\/fargahospitalet\\\/\",\"https:\\\/\\\/x.com\\\/fargahospitalet\",\"https:\\\/\\\/www.instagram.com\\\/lafargahospitalet\\\/\",\"https:\\\/\\\/www.youtube.com\\\/channel\\\/UCoLt6hen3PqGXgbLMGI3Qdw\",\"https:\\\/\\\/www.flickr.com\\\/photos\\\/lafargagemsa\\\/albums\"]},{\"@type\":\"Person\",\"@id\":\"https:\\\/\\\/www.lafargalhospitalet.com\\\/#\\\/schema\\\/person\\\/6cbac0ef7748506b167ff859e1c7f378\",\"name\":\"La Farga Centre d'Activitats\",\"sameAs\":[\"https:\\\/\\\/www.lafargalhospitalet.com\"],\"url\":\"https:\\\/\\\/www.lafargalhospitalet.com\\\/ca\\\/author\\\/far25gmin\\\/\"}]}<\/script>\n<!-- \/ Yoast SEO plugin. -->","yoast_head_json":{"title":"Kaliu Park tanca amb 120.000 visitants - La Farga L&#039;Hospitalet Centre d&#039;Activitats. La Farga GEM, S.A.","description":"Un total de 120.000 persones han passat per La Farga de L\u2019Hospitalet per gaudir de la proposta l\u00fadica per a totes les fam\u00edlies i que per segon any consecutiu s\u2019ha instal\u00b7lat en el recinte hospitalenc.","robots":{"index":"index","follow":"follow","max-snippet":"max-snippet:-1","max-image-preview":"max-image-preview:large","max-video-preview":"max-video-preview:-1"},"canonical":"https:\/\/www.lafargalhospitalet.com\/ca\/kaliu-park-tanca-120-000-visitants\/","og_locale":"ca_ES","og_type":"article","og_title":"Kaliu Park tanca amb 120.000 visitants - La Farga L&#039;Hospitalet Centre d&#039;Activitats. La Farga GEM, S.A.","og_description":"Un total de 120.000 persones han passat per La Farga de L\u2019Hospitalet per gaudir de la proposta l\u00fadica per a totes les fam\u00edlies i que per segon any consecutiu s\u2019ha instal\u00b7lat en el recinte hospitalenc.","og_url":"https:\/\/www.lafargalhospitalet.com\/ca\/kaliu-park-tanca-120-000-visitants\/","og_site_name":"La Farga L&#039;Hospitalet Centre d&#039;Activitats. La Farga GEM, S.A.","article_publisher":"https:\/\/www.facebook.com\/fargahospitalet\/","article_published_time":"2018-01-08T14:22:32+00:00","article_modified_time":"2025-11-03T17:28:33+00:00","og_image":[{"width":730,"height":410,"url":"https:\/\/www.lafargalhospitalet.com\/wp-content\/uploads\/2018\/01\/KaliuPark-Balanc-Farga.jpg","type":"image\/jpeg"}],"author":"La Farga Centre d'Activitats","twitter_card":"summary_large_image","twitter_creator":"@fargahospitalet","twitter_site":"@fargahospitalet","twitter_misc":{"Escrit per":"La Farga Centre d'Activitats","Temps estimat de lectura":"2 minuts"},"schema":{"@context":"https:\/\/schema.org","@graph":[{"@type":"Article","@id":"https:\/\/www.lafargalhospitalet.com\/ca\/kaliu-park-tanca-120-000-visitants\/#article","isPartOf":{"@id":"https:\/\/www.lafargalhospitalet.com\/ca\/kaliu-park-tanca-120-000-visitants\/"},"author":{"name":"La Farga Centre d'Activitats","@id":"https:\/\/www.lafargalhospitalet.com\/#\/schema\/person\/6cbac0ef7748506b167ff859e1c7f378"},"headline":"Kaliu Park tanca amb 120.000 visitants","datePublished":"2018-01-08T14:22:32+00:00","dateModified":"2025-11-03T17:28:33+00:00","mainEntityOfPage":{"@id":"https:\/\/www.lafargalhospitalet.com\/ca\/kaliu-park-tanca-120-000-visitants\/"},"wordCount":489,"publisher":{"@id":"https:\/\/www.lafargalhospitalet.com\/#organization"},"image":{"@id":"https:\/\/www.lafargalhospitalet.com\/ca\/kaliu-park-tanca-120-000-visitants\/#primaryimage"},"thumbnailUrl":"https:\/\/www.lafargalhospitalet.com\/wp-content\/uploads\/2018\/01\/KaliuPark-Balanc-Farga.jpg","articleSection":["Noticies"],"inLanguage":"ca"},{"@type":"WebPage","@id":"https:\/\/www.lafargalhospitalet.com\/ca\/kaliu-park-tanca-120-000-visitants\/","url":"https:\/\/www.lafargalhospitalet.com\/ca\/kaliu-park-tanca-120-000-visitants\/","name":"Kaliu Park tanca amb 120.000 visitants - La Farga L&#039;Hospitalet Centre d&#039;Activitats. La Farga GEM, S.A.","isPartOf":{"@id":"https:\/\/www.lafargalhospitalet.com\/#website"},"primaryImageOfPage":{"@id":"https:\/\/www.lafargalhospitalet.com\/ca\/kaliu-park-tanca-120-000-visitants\/#primaryimage"},"image":{"@id":"https:\/\/www.lafargalhospitalet.com\/ca\/kaliu-park-tanca-120-000-visitants\/#primaryimage"},"thumbnailUrl":"https:\/\/www.lafargalhospitalet.com\/wp-content\/uploads\/2018\/01\/KaliuPark-Balanc-Farga.jpg","datePublished":"2018-01-08T14:22:32+00:00","dateModified":"2025-11-03T17:28:33+00:00","description":"Un total de 120.000 persones han passat per La Farga de L\u2019Hospitalet per gaudir de la proposta l\u00fadica per a totes les fam\u00edlies i que per segon any consecutiu s\u2019ha instal\u00b7lat en el recinte hospitalenc.","breadcrumb":{"@id":"https:\/\/www.lafargalhospitalet.com\/ca\/kaliu-park-tanca-120-000-visitants\/#breadcrumb"},"inLanguage":"ca","potentialAction":[{"@type":"ReadAction","target":["https:\/\/www.lafargalhospitalet.com\/ca\/kaliu-park-tanca-120-000-visitants\/"]}]},{"@type":"ImageObject","inLanguage":"ca","@id":"https:\/\/www.lafargalhospitalet.com\/ca\/kaliu-park-tanca-120-000-visitants\/#primaryimage","url":"https:\/\/www.lafargalhospitalet.com\/wp-content\/uploads\/2018\/01\/KaliuPark-Balanc-Farga.jpg","contentUrl":"https:\/\/www.lafargalhospitalet.com\/wp-content\/uploads\/2018\/01\/KaliuPark-Balanc-Farga.jpg","width":730,"height":410,"caption":"Kaliu Park"},{"@type":"BreadcrumbList","@id":"https:\/\/www.lafargalhospitalet.com\/ca\/kaliu-park-tanca-120-000-visitants\/#breadcrumb","itemListElement":[{"@type":"ListItem","position":1,"name":"Portada","item":"https:\/\/www.lafargalhospitalet.com\/"},{"@type":"ListItem","position":2,"name":"Kaliu Park tanca amb 120.000 visitants"}]},{"@type":"WebSite","@id":"https:\/\/www.lafargalhospitalet.com\/#website","url":"https:\/\/www.lafargalhospitalet.com\/","name":"La Farga L'Hospitalet Centre d'Activitats. La Farga GEM, S.A.","description":"La Farga L&#039;Hospitalet Centre d&#039;Activitats. Gestionat per La Farga GEM, S.A. Fires i Congressos. Concerts, exposicions, reunions, filmacions, sopars de gala.","publisher":{"@id":"https:\/\/www.lafargalhospitalet.com\/#organization"},"potentialAction":[{"@type":"SearchAction","target":{"@type":"EntryPoint","urlTemplate":"https:\/\/www.lafargalhospitalet.com\/?s={search_term_string}"},"query-input":{"@type":"PropertyValueSpecification","valueRequired":true,"valueName":"search_term_string"}}],"inLanguage":"ca"},{"@type":"Organization","@id":"https:\/\/www.lafargalhospitalet.com\/#organization","name":"La Farga L'Hospitalet Centre d'Activitats. La Farga GEM, S.A.","url":"https:\/\/www.lafargalhospitalet.com\/","logo":{"@type":"ImageObject","inLanguage":"ca","@id":"https:\/\/www.lafargalhospitalet.com\/#\/schema\/logo\/image\/","url":"https:\/\/www.lafargalhospitalet.com\/wp-content\/uploads\/2025\/10\/logotipo_lafarga_centre_activitats.png","contentUrl":"https:\/\/www.lafargalhospitalet.com\/wp-content\/uploads\/2025\/10\/logotipo_lafarga_centre_activitats.png","width":266,"height":101,"caption":"La Farga L'Hospitalet Centre d'Activitats. La Farga GEM, S.A."},"image":{"@id":"https:\/\/www.lafargalhospitalet.com\/#\/schema\/logo\/image\/"},"sameAs":["https:\/\/www.facebook.com\/fargahospitalet\/","https:\/\/x.com\/fargahospitalet","https:\/\/www.instagram.com\/lafargahospitalet\/","https:\/\/www.youtube.com\/channel\/UCoLt6hen3PqGXgbLMGI3Qdw","https:\/\/www.flickr.com\/photos\/lafargagemsa\/albums"]},{"@type":"Person","@id":"https:\/\/www.lafargalhospitalet.com\/#\/schema\/person\/6cbac0ef7748506b167ff859e1c7f378","name":"La Farga Centre d'Activitats","sameAs":["https:\/\/www.lafargalhospitalet.com"],"url":"https:\/\/www.lafargalhospitalet.com\/ca\/author\/far25gmin\/"}]}},"_links":{"self":[{"href":"https:\/\/www.lafargalhospitalet.com\/ca\/wp-json\/wp\/v2\/posts\/5388","targetHints":{"allow":["GET"]}}],"collection":[{"href":"https:\/\/www.lafargalhospitalet.com\/ca\/wp-json\/wp\/v2\/posts"}],"about":[{"href":"https:\/\/www.lafargalhospitalet.com\/ca\/wp-json\/wp\/v2\/types\/post"}],"author":[{"embeddable":true,"href":"https:\/\/www.lafargalhospitalet.com\/ca\/wp-json\/wp\/v2\/users\/1"}],"replies":[{"embeddable":true,"href":"https:\/\/www.lafargalhospitalet.com\/ca\/wp-json\/wp\/v2\/comments?post=5388"}],"version-history":[{"count":0,"href":"https:\/\/www.lafargalhospitalet.com\/ca\/wp-json\/wp\/v2\/posts\/5388\/revisions"}],"wp:featuredmedia":[{"embeddable":true,"href":"https:\/\/www.lafargalhospitalet.com\/ca\/wp-json\/wp\/v2\/media\/5389"}],"wp:attachment":[{"href":"https:\/\/www.lafargalhospitalet.com\/ca\/wp-json\/wp\/v2\/media?parent=5388"}],"wp:term":[{"taxonomy":"category","embeddable":true,"href":"https:\/\/www.lafargalhospitalet.com\/ca\/wp-json\/wp\/v2\/categories?post=5388"},{"taxonomy":"post_tag","embeddable":true,"href":"https:\/\/www.lafargalhospitalet.com\/ca\/wp-json\/wp\/v2\/tags?post=5388"}],"curies":[{"name":"wp","href":"https:\/\/api.w.org\/{rel}","templated":true}]}}