{"id":5408,"date":"2018-01-10T13:55:51","date_gmt":"2018-01-10T12:55:51","guid":{"rendered":"http:\/\/www.lafargalhospitalet.com\/?p=5408"},"modified":"2025-11-03T18:28:33","modified_gmt":"2025-11-03T17:28:33","slug":"la-farga-a-punt-per-2018-mes-activitat","status":"publish","type":"post","link":"https:\/\/www.lafargalhospitalet.com\/ca\/la-farga-a-punt-per-2018-mes-activitat\/","title":{"rendered":"La Farga, a punt per a un 2018 de m\u00e9s activitat"},"content":{"rendered":"<h5>M\u00e9s de 10 grans esdeveniments entre salons, fires i congressos<\/h5>\n<p>La Farga Centre d\u2019Activitats i La Farga Congress es preparen per a un 2018 ple d\u2019esdeveniments de tot tipus, consolidant el recinte del centre de L\u2019Hospitalet com un empla\u00e7ament clau per poder celebrar salons, fires i congressos de qualsevol caracter\u00edstica. La versatilitat de les seves instal\u00b7lacions, amb m\u00e9s de 12.000m2, situen La Farga com un referent d\u2019espai multidisciplinar de l\u2019\u00c0rea Metropolitana de Barcelona.<\/p>\n<p>La celebraci\u00f3 d\u2019esdeveniments que han nascut a La Farga com el Sal\u00f3 del Cinema i les S\u00e8ries o RetroMoto Barcelona, altres ja consolidats com Japan Weekend, Creativa o el Barcelona Beer Festival i l\u2019arribada de grans esdeveniments com el Mobile World Congress, amb el YoMo: The Youth Mobile Festival, segueixen marcant el <a href=\"https:\/\/www.lafargalhospitalet.com\/agenda-cat\/\" target=\"_blank\" rel=\"noopener\"><strong>calendari d\u2019activitats<\/strong><\/a> de La Farga de L\u2019Hospitalet.<\/p>\n<h5>Sal\u00f3 del Cinema i les S\u00e8ries. 2, 3 i 4 de febrer<\/h5>\n<p>Tercera edici\u00f3 d\u2019aquest certamen organitzat per <a href=\"http:\/\/salondelcine.com\" target=\"_blank\" rel=\"noopener\"><strong>CinemaWorld<\/strong><\/a> i La Farga de L\u2019Hospitalet, que arriba el 2, 3 i 4 de febrer amb noves propostes, 115 expositors, xerrades amb directors i actors i la tradicional jornada de Taules Rodones amb professionals del sector.<\/p>\n<h5>RetroMoto Barcelona. 9, 10 i 11 de febrer<\/h5>\n<p>El <a href=\"http:\/\/www.eventosmotor.com\/2018\/iii-retromoto-barcelona.html\" target=\"_blank\" rel=\"noopener\"><strong>Sal\u00f3 de la Moto d\u2019\u00c8poca i Accessoris<\/strong><\/a> torna a La Farga en la seva tercera edici\u00f3. En aquest esdeveniment organitzat per Eventos del Motor s\u2019apleguen aquells aficionats a la moto cl\u00e0ssica. Durant el sal\u00f3 es fan diferents homenatges a pilot hist\u00f2rics del motociclisme estatal.<\/p>\n<h5>Parc Infantil de Tr\u00e0nsit. 13, 14 i 15 de febrer<\/h5>\n<p>La Gu\u00e0rdia Urbana de L\u2019Hospitalet organitza aquesta activitat, que ocupa uns 2.000 m2, i que est\u00e0 adre\u00e7ada als escolars de centre educatius de L\u2019Hospitalet. Hi participaran uns 500 alumnes.<\/p>\n<h5>XXXI Jornades Commemoratives Dia d\u2019Andalusia a L\u2019Hospitalet. 24 i 25 de febrer<\/h5>\n<p>La Farga de L\u2019Hospitalet torna ser escenari, un any m\u00e9s, dels principals actes del Dia d\u2019Andalusia a L\u2019Hospitalet que organitza la <a href=\"https:\/\/www.facebook.com\/fecealh\/\" target=\"_blank\" rel=\"noopener\"><strong>Federaci\u00f3n Coordinadora de Entidades Andaluzas de L\u2019Hospitalet<\/strong><\/a>.<\/p>\n<h5>YoMo: The Youth Festival Mobile. 27 i 28 de febrer, 1 i 2 de mar\u00e7<\/h5>\n<p>El Mobile World Congress arriba a La Farga amb el <a href=\"https:\/\/www.mwcyomo.com\" target=\"_blank\" rel=\"noopener\"><strong>Youth Mobile Festival (YoMo)<\/strong><\/a>. Aquest certamen est\u00e0 destinat a joves estudiants i \u00e9s un programa inspirat per a la formaci\u00f3 en el m\u00f3n de la ci\u00e8ncia, tecnologia i tot el que envolta les matem\u00e0tiques. Les instal\u00b7lacions de La Farga Centre d\u2019Activitats i La Farga Congress estaran a ple rendiment per acollir aquest esdeveniment internacional, present a Fira de Barcelona, i que per primer cop s\u2019ampliar\u00e0 a altres espais de la ciutat de L\u2019Hospitalet.<\/p>\n<h5>Japan Weekend. 10 i 11 de mar\u00e7<\/h5>\n<p>Un cl\u00e0ssic de La Farga de L\u2019Hospitalet. Tot all\u00f2 relacionat amb la cultura japonesa des de la m\u00fasica, gastronomia, lleure, entre d\u2019altres ho trobar\u00e0s en els m\u00e9s de 9.000 m2 que ofereix La Farga Centre d\u2019Activitats per aquest <a href=\"http:\/\/japanweekend.com\/barcelona\/\" target=\"_blank\" rel=\"noopener\"><strong>esdeveniment<\/strong><\/a> ja consolidat.<\/p>\n<h5>Barcelona Beer Festival. 16, 17 i 18 de mar\u00e7<\/h5>\n<p>El <a href=\"http:\/\/barcelonabeerfestival.com\" target=\"_blank\" rel=\"noopener\"><strong>Barcelona Beer Festival<\/strong><\/a> torna a La Farga de L\u2019Hospitalet en la segona edici\u00f3 que se celebrar\u00e0 a la ciutat. Els organitzadors esperen superar l\u2019\u00e8xit que va suposar estrenar el recinte de La Farga, amb una molt bona aflu\u00e8ncia de p\u00fablic, i que va poder gaudir de tot all\u00f2 relacionat amb la cervesa artesana.<\/p>\n<h5>Concerts de Festes de Primavera. 20, 21 i 22 d\u2019abril<\/h5>\n<p>La Farga Centre d\u2019Activitats \u00e9s, com cada any, escenari dels concerts multitudinaris de les <a href=\"http:\/\/www.l-h.cat\/cultura\/\" target=\"_blank\" rel=\"noopener\"><strong>Festes de Primavera<\/strong><\/a> de la ciutat. Properament informarem dels dies concrets i concerts previstos.<\/p>\n<h5>III Congr\u00e9s de Serveis Socials B\u00e0sics. 17 i 18 d\u2019octubre<\/h5>\n<p>Sota el lema <a href=\"https:\/\/cssb.cat\" target=\"_blank\" rel=\"noopener\"><strong>\u2018Acompanyament professional, transformaci\u00f3 col\u00b7lectiva\u2019<\/strong><\/a> els dies 17 i 18 d\u2019octubre de 2018, La Farga Congress acollir\u00e0 aquest espai de debat i reflexi\u00f3 professional organitzat pel Col\u00b7legi Oficial de Treball Social de Catalunya, el Col\u00b7legi Oficial de Psicologia de Catalunya, el Col\u00b7legi d\u2019Educadores i Educadors Socials de Catalunya i el Col\u00b7legi de Pedagogs de Catalunya.<\/p>\n<h5>VeggieWorld Barcelona. 27 i 28 d\u2019octubre<\/h5>\n<p>Se celebra la segona edici\u00f3 d\u2019aquesta <a href=\"https:\/\/veggieworld.de\/es\/event\/barcelona-es\/\" target=\"_blank\" rel=\"noopener\"><strong>fira de l&#8217;estil de vida veg\u00e0<\/strong><\/a> per consumidors i professionals. Fins ara a Barcelona, els organitzadors han escollit La Farga per poder donar cabuda a la previsi\u00f3 de visitants i superar els m\u00e9s de 5.000 de l\u2019any passat.<\/p>\n<h5>Creativa Barcelona. 8, 9, 10 i 11 de novembre<\/h5>\n<p>El <a href=\"http:\/\/barcelona.creativa.eu\" target=\"_blank\" rel=\"noopener\"><strong>Sal\u00f3 Creativa<\/strong><\/a> \u00e9s dels m\u00e9s antics que se celebren a La Farga. El proper mes de novembre es far\u00e0 la 13a edici\u00f3 d\u2019aquest certament referent europeu de labors, belles arts i manualitats.<\/p>\n<p><strong>*Aquest calendari pot ser modificat a causa d&#8217;una actualitzaci\u00f3 de les activitats previstes<\/strong><\/p>\n","protected":false},"excerpt":{"rendered":"<p>La Farga Centre d\u2019Activitats i La Farga Congress es preparen per a un 2018 ple d\u2019esdeveniments de tot tipus, consolidant el recinte del centre de L\u2019Hospitalet com un empla\u00e7ament clau per poder celebrar salons, fires i congressos de qualsevol caracter\u00edstica.<\/p>\n","protected":false},"author":1,"featured_media":5410,"comment_status":"closed","ping_status":"closed","sticky":false,"template":"","format":"standard","meta":{"_monsterinsights_skip_tracking":false,"_monsterinsights_sitenote_active":false,"_monsterinsights_sitenote_note":"","_monsterinsights_sitenote_category":0,"footnotes":""},"categories":[83],"tags":[],"class_list":["post-5408","post","type-post","status-publish","format-standard","has-post-thumbnail","hentry","category-noticies"],"yoast_head":"<!-- This site is optimized with the Yoast SEO plugin v27.5 - https:\/\/yoast.com\/product\/yoast-seo-wordpress\/ -->\n<title>La Farga, a punt per a un 2018 de m\u00e9s activitat - La Farga L&#039;Hospitalet Centre d&#039;Activitats. La Farga GEM, S.A.<\/title>\n<meta name=\"description\" content=\"La Farga Centre d\u2019Activitats i La Farga Congress es preparen per a un 2018 ple d\u2019esdeveniments de tot tipus, consolidant el recinte del centre de L\u2019Hospitalet com un empla\u00e7ament clau per poder celebrar salons, fires i congressos de qualsevol caracter\u00edstica.\" \/>\n<meta name=\"robots\" content=\"index, follow, max-snippet:-1, max-image-preview:large, max-video-preview:-1\" \/>\n<link rel=\"canonical\" href=\"https:\/\/www.lafargalhospitalet.com\/ca\/la-farga-a-punt-per-2018-mes-activitat\/\" \/>\n<meta property=\"og:locale\" content=\"ca_ES\" \/>\n<meta property=\"og:type\" content=\"article\" \/>\n<meta property=\"og:title\" content=\"La Farga, a punt per a un 2018 de m\u00e9s activitat - La Farga L&#039;Hospitalet Centre d&#039;Activitats. La Farga GEM, S.A.\" \/>\n<meta property=\"og:description\" content=\"La Farga Centre d\u2019Activitats i La Farga Congress es preparen per a un 2018 ple d\u2019esdeveniments de tot tipus, consolidant el recinte del centre de L\u2019Hospitalet com un empla\u00e7ament clau per poder celebrar salons, fires i congressos de qualsevol caracter\u00edstica.\" \/>\n<meta property=\"og:url\" content=\"https:\/\/www.lafargalhospitalet.com\/ca\/la-farga-a-punt-per-2018-mes-activitat\/\" \/>\n<meta property=\"og:site_name\" content=\"La Farga L&#039;Hospitalet Centre d&#039;Activitats. La Farga GEM, S.A.\" \/>\n<meta property=\"article:publisher\" content=\"https:\/\/www.facebook.com\/fargahospitalet\/\" \/>\n<meta property=\"article:published_time\" content=\"2018-01-10T12:55:51+00:00\" \/>\n<meta property=\"article:modified_time\" content=\"2025-11-03T17:28:33+00:00\" \/>\n<meta property=\"og:image\" content=\"https:\/\/www.lafargalhospitalet.com\/wp-content\/uploads\/2018\/01\/Farga-Activitats-2018.jpg\" \/>\n\t<meta property=\"og:image:width\" content=\"730\" \/>\n\t<meta property=\"og:image:height\" content=\"410\" \/>\n\t<meta property=\"og:image:type\" content=\"image\/jpeg\" \/>\n<meta name=\"author\" content=\"La Farga Centre d&#039;Activitats\" \/>\n<meta name=\"twitter:card\" content=\"summary_large_image\" \/>\n<meta name=\"twitter:creator\" content=\"@fargahospitalet\" \/>\n<meta name=\"twitter:site\" content=\"@fargahospitalet\" \/>\n<meta name=\"twitter:label1\" content=\"Escrit per\" \/>\n\t<meta name=\"twitter:data1\" content=\"La Farga Centre d&#039;Activitats\" \/>\n\t<meta name=\"twitter:label2\" content=\"Temps estimat de lectura\" \/>\n\t<meta name=\"twitter:data2\" content=\"4 minuts\" \/>\n<script type=\"application\/ld+json\" class=\"yoast-schema-graph\">{\"@context\":\"https:\\\/\\\/schema.org\",\"@graph\":[{\"@type\":\"Article\",\"@id\":\"https:\\\/\\\/www.lafargalhospitalet.com\\\/ca\\\/la-farga-a-punt-per-2018-mes-activitat\\\/#article\",\"isPartOf\":{\"@id\":\"https:\\\/\\\/www.lafargalhospitalet.com\\\/ca\\\/la-farga-a-punt-per-2018-mes-activitat\\\/\"},\"author\":{\"name\":\"La Farga Centre d'Activitats\",\"@id\":\"https:\\\/\\\/www.lafargalhospitalet.com\\\/#\\\/schema\\\/person\\\/6cbac0ef7748506b167ff859e1c7f378\"},\"headline\":\"La Farga, a punt per a un 2018 de m\u00e9s activitat\",\"datePublished\":\"2018-01-10T12:55:51+00:00\",\"dateModified\":\"2025-11-03T17:28:33+00:00\",\"mainEntityOfPage\":{\"@id\":\"https:\\\/\\\/www.lafargalhospitalet.com\\\/ca\\\/la-farga-a-punt-per-2018-mes-activitat\\\/\"},\"wordCount\":777,\"publisher\":{\"@id\":\"https:\\\/\\\/www.lafargalhospitalet.com\\\/#organization\"},\"image\":{\"@id\":\"https:\\\/\\\/www.lafargalhospitalet.com\\\/ca\\\/la-farga-a-punt-per-2018-mes-activitat\\\/#primaryimage\"},\"thumbnailUrl\":\"https:\\\/\\\/www.lafargalhospitalet.com\\\/wp-content\\\/uploads\\\/2018\\\/01\\\/Farga-Activitats-2018.jpg\",\"articleSection\":[\"Noticies\"],\"inLanguage\":\"ca\"},{\"@type\":\"WebPage\",\"@id\":\"https:\\\/\\\/www.lafargalhospitalet.com\\\/ca\\\/la-farga-a-punt-per-2018-mes-activitat\\\/\",\"url\":\"https:\\\/\\\/www.lafargalhospitalet.com\\\/ca\\\/la-farga-a-punt-per-2018-mes-activitat\\\/\",\"name\":\"La Farga, a punt per a un 2018 de m\u00e9s activitat - La Farga L&#039;Hospitalet Centre d&#039;Activitats. La Farga GEM, S.A.\",\"isPartOf\":{\"@id\":\"https:\\\/\\\/www.lafargalhospitalet.com\\\/#website\"},\"primaryImageOfPage\":{\"@id\":\"https:\\\/\\\/www.lafargalhospitalet.com\\\/ca\\\/la-farga-a-punt-per-2018-mes-activitat\\\/#primaryimage\"},\"image\":{\"@id\":\"https:\\\/\\\/www.lafargalhospitalet.com\\\/ca\\\/la-farga-a-punt-per-2018-mes-activitat\\\/#primaryimage\"},\"thumbnailUrl\":\"https:\\\/\\\/www.lafargalhospitalet.com\\\/wp-content\\\/uploads\\\/2018\\\/01\\\/Farga-Activitats-2018.jpg\",\"datePublished\":\"2018-01-10T12:55:51+00:00\",\"dateModified\":\"2025-11-03T17:28:33+00:00\",\"description\":\"La Farga Centre d\u2019Activitats i La Farga Congress es preparen per a un 2018 ple d\u2019esdeveniments de tot tipus, consolidant el recinte del centre de L\u2019Hospitalet com un empla\u00e7ament clau per poder celebrar salons, fires i congressos de qualsevol caracter\u00edstica.\",\"breadcrumb\":{\"@id\":\"https:\\\/\\\/www.lafargalhospitalet.com\\\/ca\\\/la-farga-a-punt-per-2018-mes-activitat\\\/#breadcrumb\"},\"inLanguage\":\"ca\",\"potentialAction\":[{\"@type\":\"ReadAction\",\"target\":[\"https:\\\/\\\/www.lafargalhospitalet.com\\\/ca\\\/la-farga-a-punt-per-2018-mes-activitat\\\/\"]}]},{\"@type\":\"ImageObject\",\"inLanguage\":\"ca\",\"@id\":\"https:\\\/\\\/www.lafargalhospitalet.com\\\/ca\\\/la-farga-a-punt-per-2018-mes-activitat\\\/#primaryimage\",\"url\":\"https:\\\/\\\/www.lafargalhospitalet.com\\\/wp-content\\\/uploads\\\/2018\\\/01\\\/Farga-Activitats-2018.jpg\",\"contentUrl\":\"https:\\\/\\\/www.lafargalhospitalet.com\\\/wp-content\\\/uploads\\\/2018\\\/01\\\/Farga-Activitats-2018.jpg\",\"width\":730,\"height\":410,\"caption\":\"Farga tardor\"},{\"@type\":\"BreadcrumbList\",\"@id\":\"https:\\\/\\\/www.lafargalhospitalet.com\\\/ca\\\/la-farga-a-punt-per-2018-mes-activitat\\\/#breadcrumb\",\"itemListElement\":[{\"@type\":\"ListItem\",\"position\":1,\"name\":\"Portada\",\"item\":\"https:\\\/\\\/www.lafargalhospitalet.com\\\/\"},{\"@type\":\"ListItem\",\"position\":2,\"name\":\"La Farga, a punt per a un 2018 de m\u00e9s activitat\"}]},{\"@type\":\"WebSite\",\"@id\":\"https:\\\/\\\/www.lafargalhospitalet.com\\\/#website\",\"url\":\"https:\\\/\\\/www.lafargalhospitalet.com\\\/\",\"name\":\"La Farga L'Hospitalet Centre d'Activitats. La Farga GEM, S.A.\",\"description\":\"La Farga L&#039;Hospitalet Centre d&#039;Activitats. Gestionat per La Farga GEM, S.A. Fires i Congressos. Concerts, exposicions, reunions, filmacions, sopars de gala.\",\"publisher\":{\"@id\":\"https:\\\/\\\/www.lafargalhospitalet.com\\\/#organization\"},\"potentialAction\":[{\"@type\":\"SearchAction\",\"target\":{\"@type\":\"EntryPoint\",\"urlTemplate\":\"https:\\\/\\\/www.lafargalhospitalet.com\\\/?s={search_term_string}\"},\"query-input\":{\"@type\":\"PropertyValueSpecification\",\"valueRequired\":true,\"valueName\":\"search_term_string\"}}],\"inLanguage\":\"ca\"},{\"@type\":\"Organization\",\"@id\":\"https:\\\/\\\/www.lafargalhospitalet.com\\\/#organization\",\"name\":\"La Farga L'Hospitalet Centre d'Activitats. La Farga GEM, S.A.\",\"url\":\"https:\\\/\\\/www.lafargalhospitalet.com\\\/\",\"logo\":{\"@type\":\"ImageObject\",\"inLanguage\":\"ca\",\"@id\":\"https:\\\/\\\/www.lafargalhospitalet.com\\\/#\\\/schema\\\/logo\\\/image\\\/\",\"url\":\"https:\\\/\\\/www.lafargalhospitalet.com\\\/wp-content\\\/uploads\\\/2025\\\/10\\\/logotipo_lafarga_centre_activitats.png\",\"contentUrl\":\"https:\\\/\\\/www.lafargalhospitalet.com\\\/wp-content\\\/uploads\\\/2025\\\/10\\\/logotipo_lafarga_centre_activitats.png\",\"width\":266,\"height\":101,\"caption\":\"La Farga L'Hospitalet Centre d'Activitats. La Farga GEM, S.A.\"},\"image\":{\"@id\":\"https:\\\/\\\/www.lafargalhospitalet.com\\\/#\\\/schema\\\/logo\\\/image\\\/\"},\"sameAs\":[\"https:\\\/\\\/www.facebook.com\\\/fargahospitalet\\\/\",\"https:\\\/\\\/x.com\\\/fargahospitalet\",\"https:\\\/\\\/www.instagram.com\\\/lafargahospitalet\\\/\",\"https:\\\/\\\/www.youtube.com\\\/channel\\\/UCoLt6hen3PqGXgbLMGI3Qdw\",\"https:\\\/\\\/www.flickr.com\\\/photos\\\/lafargagemsa\\\/albums\"]},{\"@type\":\"Person\",\"@id\":\"https:\\\/\\\/www.lafargalhospitalet.com\\\/#\\\/schema\\\/person\\\/6cbac0ef7748506b167ff859e1c7f378\",\"name\":\"La Farga Centre d'Activitats\",\"sameAs\":[\"https:\\\/\\\/www.lafargalhospitalet.com\"],\"url\":\"https:\\\/\\\/www.lafargalhospitalet.com\\\/ca\\\/author\\\/far25gmin\\\/\"}]}<\/script>\n<!-- \/ Yoast SEO plugin. -->","yoast_head_json":{"title":"La Farga, a punt per a un 2018 de m\u00e9s activitat - La Farga L&#039;Hospitalet Centre d&#039;Activitats. La Farga GEM, S.A.","description":"La Farga Centre d\u2019Activitats i La Farga Congress es preparen per a un 2018 ple d\u2019esdeveniments de tot tipus, consolidant el recinte del centre de L\u2019Hospitalet com un empla\u00e7ament clau per poder celebrar salons, fires i congressos de qualsevol caracter\u00edstica.","robots":{"index":"index","follow":"follow","max-snippet":"max-snippet:-1","max-image-preview":"max-image-preview:large","max-video-preview":"max-video-preview:-1"},"canonical":"https:\/\/www.lafargalhospitalet.com\/ca\/la-farga-a-punt-per-2018-mes-activitat\/","og_locale":"ca_ES","og_type":"article","og_title":"La Farga, a punt per a un 2018 de m\u00e9s activitat - La Farga L&#039;Hospitalet Centre d&#039;Activitats. La Farga GEM, S.A.","og_description":"La Farga Centre d\u2019Activitats i La Farga Congress es preparen per a un 2018 ple d\u2019esdeveniments de tot tipus, consolidant el recinte del centre de L\u2019Hospitalet com un empla\u00e7ament clau per poder celebrar salons, fires i congressos de qualsevol caracter\u00edstica.","og_url":"https:\/\/www.lafargalhospitalet.com\/ca\/la-farga-a-punt-per-2018-mes-activitat\/","og_site_name":"La Farga L&#039;Hospitalet Centre d&#039;Activitats. La Farga GEM, S.A.","article_publisher":"https:\/\/www.facebook.com\/fargahospitalet\/","article_published_time":"2018-01-10T12:55:51+00:00","article_modified_time":"2025-11-03T17:28:33+00:00","og_image":[{"width":730,"height":410,"url":"https:\/\/www.lafargalhospitalet.com\/wp-content\/uploads\/2018\/01\/Farga-Activitats-2018.jpg","type":"image\/jpeg"}],"author":"La Farga Centre d'Activitats","twitter_card":"summary_large_image","twitter_creator":"@fargahospitalet","twitter_site":"@fargahospitalet","twitter_misc":{"Escrit per":"La Farga Centre d'Activitats","Temps estimat de lectura":"4 minuts"},"schema":{"@context":"https:\/\/schema.org","@graph":[{"@type":"Article","@id":"https:\/\/www.lafargalhospitalet.com\/ca\/la-farga-a-punt-per-2018-mes-activitat\/#article","isPartOf":{"@id":"https:\/\/www.lafargalhospitalet.com\/ca\/la-farga-a-punt-per-2018-mes-activitat\/"},"author":{"name":"La Farga Centre d'Activitats","@id":"https:\/\/www.lafargalhospitalet.com\/#\/schema\/person\/6cbac0ef7748506b167ff859e1c7f378"},"headline":"La Farga, a punt per a un 2018 de m\u00e9s activitat","datePublished":"2018-01-10T12:55:51+00:00","dateModified":"2025-11-03T17:28:33+00:00","mainEntityOfPage":{"@id":"https:\/\/www.lafargalhospitalet.com\/ca\/la-farga-a-punt-per-2018-mes-activitat\/"},"wordCount":777,"publisher":{"@id":"https:\/\/www.lafargalhospitalet.com\/#organization"},"image":{"@id":"https:\/\/www.lafargalhospitalet.com\/ca\/la-farga-a-punt-per-2018-mes-activitat\/#primaryimage"},"thumbnailUrl":"https:\/\/www.lafargalhospitalet.com\/wp-content\/uploads\/2018\/01\/Farga-Activitats-2018.jpg","articleSection":["Noticies"],"inLanguage":"ca"},{"@type":"WebPage","@id":"https:\/\/www.lafargalhospitalet.com\/ca\/la-farga-a-punt-per-2018-mes-activitat\/","url":"https:\/\/www.lafargalhospitalet.com\/ca\/la-farga-a-punt-per-2018-mes-activitat\/","name":"La Farga, a punt per a un 2018 de m\u00e9s activitat - La Farga L&#039;Hospitalet Centre d&#039;Activitats. La Farga GEM, S.A.","isPartOf":{"@id":"https:\/\/www.lafargalhospitalet.com\/#website"},"primaryImageOfPage":{"@id":"https:\/\/www.lafargalhospitalet.com\/ca\/la-farga-a-punt-per-2018-mes-activitat\/#primaryimage"},"image":{"@id":"https:\/\/www.lafargalhospitalet.com\/ca\/la-farga-a-punt-per-2018-mes-activitat\/#primaryimage"},"thumbnailUrl":"https:\/\/www.lafargalhospitalet.com\/wp-content\/uploads\/2018\/01\/Farga-Activitats-2018.jpg","datePublished":"2018-01-10T12:55:51+00:00","dateModified":"2025-11-03T17:28:33+00:00","description":"La Farga Centre d\u2019Activitats i La Farga Congress es preparen per a un 2018 ple d\u2019esdeveniments de tot tipus, consolidant el recinte del centre de L\u2019Hospitalet com un empla\u00e7ament clau per poder celebrar salons, fires i congressos de qualsevol caracter\u00edstica.","breadcrumb":{"@id":"https:\/\/www.lafargalhospitalet.com\/ca\/la-farga-a-punt-per-2018-mes-activitat\/#breadcrumb"},"inLanguage":"ca","potentialAction":[{"@type":"ReadAction","target":["https:\/\/www.lafargalhospitalet.com\/ca\/la-farga-a-punt-per-2018-mes-activitat\/"]}]},{"@type":"ImageObject","inLanguage":"ca","@id":"https:\/\/www.lafargalhospitalet.com\/ca\/la-farga-a-punt-per-2018-mes-activitat\/#primaryimage","url":"https:\/\/www.lafargalhospitalet.com\/wp-content\/uploads\/2018\/01\/Farga-Activitats-2018.jpg","contentUrl":"https:\/\/www.lafargalhospitalet.com\/wp-content\/uploads\/2018\/01\/Farga-Activitats-2018.jpg","width":730,"height":410,"caption":"Farga tardor"},{"@type":"BreadcrumbList","@id":"https:\/\/www.lafargalhospitalet.com\/ca\/la-farga-a-punt-per-2018-mes-activitat\/#breadcrumb","itemListElement":[{"@type":"ListItem","position":1,"name":"Portada","item":"https:\/\/www.lafargalhospitalet.com\/"},{"@type":"ListItem","position":2,"name":"La Farga, a punt per a un 2018 de m\u00e9s activitat"}]},{"@type":"WebSite","@id":"https:\/\/www.lafargalhospitalet.com\/#website","url":"https:\/\/www.lafargalhospitalet.com\/","name":"La Farga L'Hospitalet Centre d'Activitats. La Farga GEM, S.A.","description":"La Farga L&#039;Hospitalet Centre d&#039;Activitats. Gestionat per La Farga GEM, S.A. Fires i Congressos. Concerts, exposicions, reunions, filmacions, sopars de gala.","publisher":{"@id":"https:\/\/www.lafargalhospitalet.com\/#organization"},"potentialAction":[{"@type":"SearchAction","target":{"@type":"EntryPoint","urlTemplate":"https:\/\/www.lafargalhospitalet.com\/?s={search_term_string}"},"query-input":{"@type":"PropertyValueSpecification","valueRequired":true,"valueName":"search_term_string"}}],"inLanguage":"ca"},{"@type":"Organization","@id":"https:\/\/www.lafargalhospitalet.com\/#organization","name":"La Farga L'Hospitalet Centre d'Activitats. La Farga GEM, S.A.","url":"https:\/\/www.lafargalhospitalet.com\/","logo":{"@type":"ImageObject","inLanguage":"ca","@id":"https:\/\/www.lafargalhospitalet.com\/#\/schema\/logo\/image\/","url":"https:\/\/www.lafargalhospitalet.com\/wp-content\/uploads\/2025\/10\/logotipo_lafarga_centre_activitats.png","contentUrl":"https:\/\/www.lafargalhospitalet.com\/wp-content\/uploads\/2025\/10\/logotipo_lafarga_centre_activitats.png","width":266,"height":101,"caption":"La Farga L'Hospitalet Centre d'Activitats. La Farga GEM, S.A."},"image":{"@id":"https:\/\/www.lafargalhospitalet.com\/#\/schema\/logo\/image\/"},"sameAs":["https:\/\/www.facebook.com\/fargahospitalet\/","https:\/\/x.com\/fargahospitalet","https:\/\/www.instagram.com\/lafargahospitalet\/","https:\/\/www.youtube.com\/channel\/UCoLt6hen3PqGXgbLMGI3Qdw","https:\/\/www.flickr.com\/photos\/lafargagemsa\/albums"]},{"@type":"Person","@id":"https:\/\/www.lafargalhospitalet.com\/#\/schema\/person\/6cbac0ef7748506b167ff859e1c7f378","name":"La Farga Centre d'Activitats","sameAs":["https:\/\/www.lafargalhospitalet.com"],"url":"https:\/\/www.lafargalhospitalet.com\/ca\/author\/far25gmin\/"}]}},"_links":{"self":[{"href":"https:\/\/www.lafargalhospitalet.com\/ca\/wp-json\/wp\/v2\/posts\/5408","targetHints":{"allow":["GET"]}}],"collection":[{"href":"https:\/\/www.lafargalhospitalet.com\/ca\/wp-json\/wp\/v2\/posts"}],"about":[{"href":"https:\/\/www.lafargalhospitalet.com\/ca\/wp-json\/wp\/v2\/types\/post"}],"author":[{"embeddable":true,"href":"https:\/\/www.lafargalhospitalet.com\/ca\/wp-json\/wp\/v2\/users\/1"}],"replies":[{"embeddable":true,"href":"https:\/\/www.lafargalhospitalet.com\/ca\/wp-json\/wp\/v2\/comments?post=5408"}],"version-history":[{"count":0,"href":"https:\/\/www.lafargalhospitalet.com\/ca\/wp-json\/wp\/v2\/posts\/5408\/revisions"}],"wp:featuredmedia":[{"embeddable":true,"href":"https:\/\/www.lafargalhospitalet.com\/ca\/wp-json\/wp\/v2\/media\/5410"}],"wp:attachment":[{"href":"https:\/\/www.lafargalhospitalet.com\/ca\/wp-json\/wp\/v2\/media?parent=5408"}],"wp:term":[{"taxonomy":"category","embeddable":true,"href":"https:\/\/www.lafargalhospitalet.com\/ca\/wp-json\/wp\/v2\/categories?post=5408"},{"taxonomy":"post_tag","embeddable":true,"href":"https:\/\/www.lafargalhospitalet.com\/ca\/wp-json\/wp\/v2\/tags?post=5408"}],"curies":[{"name":"wp","href":"https:\/\/api.w.org\/{rel}","templated":true}]}}