{"id":5427,"date":"2018-01-24T09:58:20","date_gmt":"2018-01-24T08:58:20","guid":{"rendered":"http:\/\/www.lafargalhospitalet.com\/?p=5427"},"modified":"2025-11-03T18:28:33","modified_gmt":"2025-11-03T17:28:33","slug":"platea-els-fotografs-miren-al-cinema","status":"publish","type":"post","link":"https:\/\/www.lafargalhospitalet.com\/ca\/platea-els-fotografs-miren-al-cinema\/","title":{"rendered":"\u201cPLATEA. Els fot\u00f2grafs miren al cinema\u201d, primera activitat del Sal\u00f3 del Cinema i les S\u00e8ries"},"content":{"rendered":"<h5>L&#8217;exposici\u00f3 \u201cPLATEA. Els fot\u00f2grafs miren al cinema\u201d reuneix 40 artistes espanyols a la Rambla de la Marina de L&#8217;Hospitalet, en el marc del III Sal\u00f3 del Cinema i les S\u00e8ries.<\/h5>\n<p>Aquesta \u00e9s la primera activitat del certamen que se celebrar\u00e0 a La Farga Centre d&#8217;Activitats del 2 al 4 de febrer, i est\u00e0\u00a0organitzada conjuntament per <a href=\"https:\/\/www.accioncultural.es\" target=\"_blank\" rel=\"noopener\"><strong>Acci\u00f3n Cultural Espa\u00f1ola (AC\/E)<\/strong><\/a> i el propi <a href=\"https:\/\/www.lafargalhospitalet.com\/tercera-edicio-salo-cinema-vista\/\" target=\"_blank\" rel=\"noopener\"><strong>Sal\u00f3 del Cinema i les S\u00e8ries<\/strong><\/a>.<\/p>\n<p>La Rambla de la Marina (entre els carrers de Proven\u00e7a i d\u2019Enric de Prat de la Riba) acull, entre el 24 de gener i el 25 de febrer, l&#8217;exposici\u00f3 \u201cPLATEA. Els fot\u00f2grafs miren al cinema\u201d, on es mostren obres de 40 fot\u00f2grafs que, al llarg de les seves carreres, s\u2019han aproximat amb un enfocament particular al m\u00f3n de la gran pantalla.<\/p>\n<p>PLATEA ha estat concebuda per AC\/E amb l\u2019objectiu d\u2019acompanyar els festivals de cinema espanyols amb la idea d\u2019acostar-la al nombr\u00f3s p\u00fablic d\u2019aquestes cites cinematogr\u00e0fiques.<\/p>\n<p>La comiss\u00e0ria i fot\u00f2grafa Blanca Berl\u00edn i la comiss\u00e0ria adjunta S\u00f2nia Gont\u00e1n, han estat les encarregades de seleccionar els fot\u00f2grafs i les seves mirades que, tot i ser diverses, convergeixen, des de la creativitat del mitj\u00e0, en l\u2019admiraci\u00f3 i l\u2019empatia que provoca l\u2019espectacle cinematogr\u00e0fic.<\/p>\n<h5>40 fot\u00f2grafs hi participen<\/h5>\n<p>La fotografia i el cinema han estat fonts de m\u00fatua inspiraci\u00f3 durant m\u00e9s d\u2019un segle i una mostra d\u2019aix\u00f2 la veiem en aquesta exposici\u00f3 amb les obres de 40 fot\u00f2grafs de reconegut prestigi dins i fora del nostre pa\u00eds: Amparo Garrido, Ana Muller, Andreu Catal\u00e0 Roca, Antonio Lafuente, Antonio Tabernero, Beatriz Moreno, Beatriz Romero, Blanca Berl\u00edn, Carlos P\u00e9rez Siquier, Castro Prieto, Chema Conesa, Chema Madoz, Ciuco Guti\u00e9rrez, Colita, Cristina de Middel, Cristina Garc\u00eda Rodero, Eduardo Mome\u00f1e, Encarna Mar\u00edn, Francesc Catal\u00e1 Roca, Gabriela Grech, Gerardo Custance, H\u00e9l\u00e8ne Bergaz, Joan Fontcuberta, Jordi Soc\u00edas, Juan Manuel D\u00edaz Burgos, Laura Torrado, Linarejos Moreno, Ma Casanova, Manel Esclusa, Manuel Vilari\u00f1o, Mart\u00ed Llorens, Miguel \u00c1ngel Mendo, Mikel Bastida, Nicol\u00e1s Muller , Ouka Leele, Ram\u00f3n Masats, Ricard Terr\u00e9, Rosa Mu\u00f1oz, Rosell Meseguer i Sergio Belinch\u00f3n.<\/p>\n<p>Per a la comiss\u00e0ria de l&#8217;exposici\u00f3, Blanca Berl\u00edn, <em>\u201cla fotografia i el cinema s\u00f3n dues disciplines art\u00edstiques que ens proposen finestres per les quals treure el cap a altres realitats i ens obren portes per les quals entrar en els esperits dels seus art\u00edfexs, connectant amb les seves sensibilitats. Fotografia i cinema, fot\u00f2grafs i cineastes, creadors que treballen amb una mat\u00e8ria primera comuna: la llum\u201d<\/em>.<\/p>\n<p>La inauguraci\u00f3 ser\u00e0 aquest dimecres, 24 de gener, a les 16 hores a la Rambla de la Marina. Comptar\u00e0 amb l\u2019assist\u00e8ncia de l\u2019alcaldessa de L\u2019Hospitalet, N\u00faria Mar\u00edn, el regidor de Cultura, David Quir\u00f3s, la comiss\u00e0ria de l\u2019exposici\u00f3, Blanca Berl\u00edn i el director del Sal\u00f3 del Cinema i les S\u00e8ries, \u00c0lex Murrull.<\/p>\n","protected":false},"excerpt":{"rendered":"<p>L&#8217;exposici\u00f3 \u201cPLATEA. Els fot\u00f2grafs miren al cinema\u201d reuneix 40 artistes espanyols a la Rambla de la Marina de L&#8217;Hospitalet, en el marc del III Sal\u00f3 del Cinema i les S\u00e8ries.<\/p>\n","protected":false},"author":1,"featured_media":5428,"comment_status":"closed","ping_status":"closed","sticky":false,"template":"","format":"standard","meta":{"_monsterinsights_skip_tracking":false,"_monsterinsights_sitenote_active":false,"_monsterinsights_sitenote_note":"","_monsterinsights_sitenote_category":0,"footnotes":""},"categories":[83],"tags":[],"class_list":["post-5427","post","type-post","status-publish","format-standard","has-post-thumbnail","hentry","category-noticies"],"yoast_head":"<!-- This site is optimized with the Yoast SEO plugin v27.5 - https:\/\/yoast.com\/product\/yoast-seo-wordpress\/ -->\n<title>\u201cPLATEA. Els fot\u00f2grafs miren al cinema\u201d, primera activitat del Sal\u00f3 del Cinema i les S\u00e8ries - La Farga L&#039;Hospitalet Centre d&#039;Activitats. La Farga GEM, S.A.<\/title>\n<meta name=\"description\" content=\"L&#039;exposici\u00f3 \u201cPLATEA. Els fot\u00f2grafs miren al cinema\u201d reuneix 40 artistes espanyols a la rambla de la Marina de L&#039;Hospitalet, en el marc del III Sal\u00f3 del Cinema i les S\u00e8ries.\" \/>\n<meta name=\"robots\" content=\"index, follow, max-snippet:-1, max-image-preview:large, max-video-preview:-1\" \/>\n<link rel=\"canonical\" href=\"https:\/\/www.lafargalhospitalet.com\/ca\/platea-els-fotografs-miren-al-cinema\/\" \/>\n<meta property=\"og:locale\" content=\"ca_ES\" \/>\n<meta property=\"og:type\" content=\"article\" \/>\n<meta property=\"og:title\" content=\"\u201cPLATEA. Els fot\u00f2grafs miren al cinema\u201d, primera activitat del Sal\u00f3 del Cinema i les S\u00e8ries - La Farga L&#039;Hospitalet Centre d&#039;Activitats. La Farga GEM, S.A.\" \/>\n<meta property=\"og:description\" content=\"L&#039;exposici\u00f3 \u201cPLATEA. Els fot\u00f2grafs miren al cinema\u201d reuneix 40 artistes espanyols a la rambla de la Marina de L&#039;Hospitalet, en el marc del III Sal\u00f3 del Cinema i les S\u00e8ries.\" \/>\n<meta property=\"og:url\" content=\"https:\/\/www.lafargalhospitalet.com\/ca\/platea-els-fotografs-miren-al-cinema\/\" \/>\n<meta property=\"og:site_name\" content=\"La Farga L&#039;Hospitalet Centre d&#039;Activitats. La Farga GEM, S.A.\" \/>\n<meta property=\"article:publisher\" content=\"https:\/\/www.facebook.com\/fargahospitalet\/\" \/>\n<meta property=\"article:published_time\" content=\"2018-01-24T08:58:20+00:00\" \/>\n<meta property=\"article:modified_time\" content=\"2025-11-03T17:28:33+00:00\" \/>\n<meta property=\"og:image\" content=\"https:\/\/www.lafargalhospitalet.com\/wp-content\/uploads\/2018\/01\/Expo-Platea-Salo-Cine-Farga.jpg\" \/>\n\t<meta property=\"og:image:width\" content=\"730\" \/>\n\t<meta property=\"og:image:height\" content=\"410\" \/>\n\t<meta property=\"og:image:type\" content=\"image\/jpeg\" \/>\n<meta name=\"author\" content=\"La Farga Centre d&#039;Activitats\" \/>\n<meta name=\"twitter:card\" content=\"summary_large_image\" \/>\n<meta name=\"twitter:creator\" content=\"@fargahospitalet\" \/>\n<meta name=\"twitter:site\" content=\"@fargahospitalet\" \/>\n<meta name=\"twitter:label1\" content=\"Escrit per\" \/>\n\t<meta name=\"twitter:data1\" content=\"La Farga Centre d&#039;Activitats\" \/>\n\t<meta name=\"twitter:label2\" content=\"Temps estimat de lectura\" \/>\n\t<meta name=\"twitter:data2\" content=\"3 minuts\" \/>\n<script type=\"application\/ld+json\" class=\"yoast-schema-graph\">{\"@context\":\"https:\\\/\\\/schema.org\",\"@graph\":[{\"@type\":\"Article\",\"@id\":\"https:\\\/\\\/www.lafargalhospitalet.com\\\/ca\\\/platea-els-fotografs-miren-al-cinema\\\/#article\",\"isPartOf\":{\"@id\":\"https:\\\/\\\/www.lafargalhospitalet.com\\\/ca\\\/platea-els-fotografs-miren-al-cinema\\\/\"},\"author\":{\"name\":\"La Farga Centre d'Activitats\",\"@id\":\"https:\\\/\\\/www.lafargalhospitalet.com\\\/#\\\/schema\\\/person\\\/6cbac0ef7748506b167ff859e1c7f378\"},\"headline\":\"\u201cPLATEA. Els fot\u00f2grafs miren al cinema\u201d, primera activitat del Sal\u00f3 del Cinema i les S\u00e8ries\",\"datePublished\":\"2018-01-24T08:58:20+00:00\",\"dateModified\":\"2025-11-03T17:28:33+00:00\",\"mainEntityOfPage\":{\"@id\":\"https:\\\/\\\/www.lafargalhospitalet.com\\\/ca\\\/platea-els-fotografs-miren-al-cinema\\\/\"},\"wordCount\":528,\"publisher\":{\"@id\":\"https:\\\/\\\/www.lafargalhospitalet.com\\\/#organization\"},\"image\":{\"@id\":\"https:\\\/\\\/www.lafargalhospitalet.com\\\/ca\\\/platea-els-fotografs-miren-al-cinema\\\/#primaryimage\"},\"thumbnailUrl\":\"https:\\\/\\\/www.lafargalhospitalet.com\\\/wp-content\\\/uploads\\\/2018\\\/01\\\/Expo-Platea-Salo-Cine-Farga.jpg\",\"articleSection\":[\"Noticies\"],\"inLanguage\":\"ca\"},{\"@type\":\"WebPage\",\"@id\":\"https:\\\/\\\/www.lafargalhospitalet.com\\\/ca\\\/platea-els-fotografs-miren-al-cinema\\\/\",\"url\":\"https:\\\/\\\/www.lafargalhospitalet.com\\\/ca\\\/platea-els-fotografs-miren-al-cinema\\\/\",\"name\":\"\u201cPLATEA. Els fot\u00f2grafs miren al cinema\u201d, primera activitat del Sal\u00f3 del Cinema i les S\u00e8ries - La Farga L&#039;Hospitalet Centre d&#039;Activitats. La Farga GEM, S.A.\",\"isPartOf\":{\"@id\":\"https:\\\/\\\/www.lafargalhospitalet.com\\\/#website\"},\"primaryImageOfPage\":{\"@id\":\"https:\\\/\\\/www.lafargalhospitalet.com\\\/ca\\\/platea-els-fotografs-miren-al-cinema\\\/#primaryimage\"},\"image\":{\"@id\":\"https:\\\/\\\/www.lafargalhospitalet.com\\\/ca\\\/platea-els-fotografs-miren-al-cinema\\\/#primaryimage\"},\"thumbnailUrl\":\"https:\\\/\\\/www.lafargalhospitalet.com\\\/wp-content\\\/uploads\\\/2018\\\/01\\\/Expo-Platea-Salo-Cine-Farga.jpg\",\"datePublished\":\"2018-01-24T08:58:20+00:00\",\"dateModified\":\"2025-11-03T17:28:33+00:00\",\"description\":\"L'exposici\u00f3 \u201cPLATEA. Els fot\u00f2grafs miren al cinema\u201d reuneix 40 artistes espanyols a la rambla de la Marina de L'Hospitalet, en el marc del III Sal\u00f3 del Cinema i les S\u00e8ries.\",\"breadcrumb\":{\"@id\":\"https:\\\/\\\/www.lafargalhospitalet.com\\\/ca\\\/platea-els-fotografs-miren-al-cinema\\\/#breadcrumb\"},\"inLanguage\":\"ca\",\"potentialAction\":[{\"@type\":\"ReadAction\",\"target\":[\"https:\\\/\\\/www.lafargalhospitalet.com\\\/ca\\\/platea-els-fotografs-miren-al-cinema\\\/\"]}]},{\"@type\":\"ImageObject\",\"inLanguage\":\"ca\",\"@id\":\"https:\\\/\\\/www.lafargalhospitalet.com\\\/ca\\\/platea-els-fotografs-miren-al-cinema\\\/#primaryimage\",\"url\":\"https:\\\/\\\/www.lafargalhospitalet.com\\\/wp-content\\\/uploads\\\/2018\\\/01\\\/Expo-Platea-Salo-Cine-Farga.jpg\",\"contentUrl\":\"https:\\\/\\\/www.lafargalhospitalet.com\\\/wp-content\\\/uploads\\\/2018\\\/01\\\/Expo-Platea-Salo-Cine-Farga.jpg\",\"width\":730,\"height\":410,\"caption\":\"Platea Farga\"},{\"@type\":\"BreadcrumbList\",\"@id\":\"https:\\\/\\\/www.lafargalhospitalet.com\\\/ca\\\/platea-els-fotografs-miren-al-cinema\\\/#breadcrumb\",\"itemListElement\":[{\"@type\":\"ListItem\",\"position\":1,\"name\":\"Portada\",\"item\":\"https:\\\/\\\/www.lafargalhospitalet.com\\\/\"},{\"@type\":\"ListItem\",\"position\":2,\"name\":\"\u201cPLATEA. Els fot\u00f2grafs miren al cinema\u201d, primera activitat del Sal\u00f3 del Cinema i les S\u00e8ries\"}]},{\"@type\":\"WebSite\",\"@id\":\"https:\\\/\\\/www.lafargalhospitalet.com\\\/#website\",\"url\":\"https:\\\/\\\/www.lafargalhospitalet.com\\\/\",\"name\":\"La Farga L'Hospitalet Centre d'Activitats. La Farga GEM, S.A.\",\"description\":\"La Farga L&#039;Hospitalet Centre d&#039;Activitats. Gestionat per La Farga GEM, S.A. Fires i Congressos. Concerts, exposicions, reunions, filmacions, sopars de gala.\",\"publisher\":{\"@id\":\"https:\\\/\\\/www.lafargalhospitalet.com\\\/#organization\"},\"potentialAction\":[{\"@type\":\"SearchAction\",\"target\":{\"@type\":\"EntryPoint\",\"urlTemplate\":\"https:\\\/\\\/www.lafargalhospitalet.com\\\/?s={search_term_string}\"},\"query-input\":{\"@type\":\"PropertyValueSpecification\",\"valueRequired\":true,\"valueName\":\"search_term_string\"}}],\"inLanguage\":\"ca\"},{\"@type\":\"Organization\",\"@id\":\"https:\\\/\\\/www.lafargalhospitalet.com\\\/#organization\",\"name\":\"La Farga L'Hospitalet Centre d'Activitats. La Farga GEM, S.A.\",\"url\":\"https:\\\/\\\/www.lafargalhospitalet.com\\\/\",\"logo\":{\"@type\":\"ImageObject\",\"inLanguage\":\"ca\",\"@id\":\"https:\\\/\\\/www.lafargalhospitalet.com\\\/#\\\/schema\\\/logo\\\/image\\\/\",\"url\":\"https:\\\/\\\/www.lafargalhospitalet.com\\\/wp-content\\\/uploads\\\/2025\\\/10\\\/logotipo_lafarga_centre_activitats.png\",\"contentUrl\":\"https:\\\/\\\/www.lafargalhospitalet.com\\\/wp-content\\\/uploads\\\/2025\\\/10\\\/logotipo_lafarga_centre_activitats.png\",\"width\":266,\"height\":101,\"caption\":\"La Farga L'Hospitalet Centre d'Activitats. La Farga GEM, S.A.\"},\"image\":{\"@id\":\"https:\\\/\\\/www.lafargalhospitalet.com\\\/#\\\/schema\\\/logo\\\/image\\\/\"},\"sameAs\":[\"https:\\\/\\\/www.facebook.com\\\/fargahospitalet\\\/\",\"https:\\\/\\\/x.com\\\/fargahospitalet\",\"https:\\\/\\\/www.instagram.com\\\/lafargahospitalet\\\/\",\"https:\\\/\\\/www.youtube.com\\\/channel\\\/UCoLt6hen3PqGXgbLMGI3Qdw\",\"https:\\\/\\\/www.flickr.com\\\/photos\\\/lafargagemsa\\\/albums\"]},{\"@type\":\"Person\",\"@id\":\"https:\\\/\\\/www.lafargalhospitalet.com\\\/#\\\/schema\\\/person\\\/6cbac0ef7748506b167ff859e1c7f378\",\"name\":\"La Farga Centre d'Activitats\",\"sameAs\":[\"https:\\\/\\\/www.lafargalhospitalet.com\"],\"url\":\"https:\\\/\\\/www.lafargalhospitalet.com\\\/ca\\\/author\\\/far25gmin\\\/\"}]}<\/script>\n<!-- \/ Yoast SEO plugin. -->","yoast_head_json":{"title":"\u201cPLATEA. Els fot\u00f2grafs miren al cinema\u201d, primera activitat del Sal\u00f3 del Cinema i les S\u00e8ries - La Farga L&#039;Hospitalet Centre d&#039;Activitats. La Farga GEM, S.A.","description":"L'exposici\u00f3 \u201cPLATEA. Els fot\u00f2grafs miren al cinema\u201d reuneix 40 artistes espanyols a la rambla de la Marina de L'Hospitalet, en el marc del III Sal\u00f3 del Cinema i les S\u00e8ries.","robots":{"index":"index","follow":"follow","max-snippet":"max-snippet:-1","max-image-preview":"max-image-preview:large","max-video-preview":"max-video-preview:-1"},"canonical":"https:\/\/www.lafargalhospitalet.com\/ca\/platea-els-fotografs-miren-al-cinema\/","og_locale":"ca_ES","og_type":"article","og_title":"\u201cPLATEA. Els fot\u00f2grafs miren al cinema\u201d, primera activitat del Sal\u00f3 del Cinema i les S\u00e8ries - La Farga L&#039;Hospitalet Centre d&#039;Activitats. La Farga GEM, S.A.","og_description":"L'exposici\u00f3 \u201cPLATEA. Els fot\u00f2grafs miren al cinema\u201d reuneix 40 artistes espanyols a la rambla de la Marina de L'Hospitalet, en el marc del III Sal\u00f3 del Cinema i les S\u00e8ries.","og_url":"https:\/\/www.lafargalhospitalet.com\/ca\/platea-els-fotografs-miren-al-cinema\/","og_site_name":"La Farga L&#039;Hospitalet Centre d&#039;Activitats. La Farga GEM, S.A.","article_publisher":"https:\/\/www.facebook.com\/fargahospitalet\/","article_published_time":"2018-01-24T08:58:20+00:00","article_modified_time":"2025-11-03T17:28:33+00:00","og_image":[{"width":730,"height":410,"url":"https:\/\/www.lafargalhospitalet.com\/wp-content\/uploads\/2018\/01\/Expo-Platea-Salo-Cine-Farga.jpg","type":"image\/jpeg"}],"author":"La Farga Centre d'Activitats","twitter_card":"summary_large_image","twitter_creator":"@fargahospitalet","twitter_site":"@fargahospitalet","twitter_misc":{"Escrit per":"La Farga Centre d'Activitats","Temps estimat de lectura":"3 minuts"},"schema":{"@context":"https:\/\/schema.org","@graph":[{"@type":"Article","@id":"https:\/\/www.lafargalhospitalet.com\/ca\/platea-els-fotografs-miren-al-cinema\/#article","isPartOf":{"@id":"https:\/\/www.lafargalhospitalet.com\/ca\/platea-els-fotografs-miren-al-cinema\/"},"author":{"name":"La Farga Centre d'Activitats","@id":"https:\/\/www.lafargalhospitalet.com\/#\/schema\/person\/6cbac0ef7748506b167ff859e1c7f378"},"headline":"\u201cPLATEA. Els fot\u00f2grafs miren al cinema\u201d, primera activitat del Sal\u00f3 del Cinema i les S\u00e8ries","datePublished":"2018-01-24T08:58:20+00:00","dateModified":"2025-11-03T17:28:33+00:00","mainEntityOfPage":{"@id":"https:\/\/www.lafargalhospitalet.com\/ca\/platea-els-fotografs-miren-al-cinema\/"},"wordCount":528,"publisher":{"@id":"https:\/\/www.lafargalhospitalet.com\/#organization"},"image":{"@id":"https:\/\/www.lafargalhospitalet.com\/ca\/platea-els-fotografs-miren-al-cinema\/#primaryimage"},"thumbnailUrl":"https:\/\/www.lafargalhospitalet.com\/wp-content\/uploads\/2018\/01\/Expo-Platea-Salo-Cine-Farga.jpg","articleSection":["Noticies"],"inLanguage":"ca"},{"@type":"WebPage","@id":"https:\/\/www.lafargalhospitalet.com\/ca\/platea-els-fotografs-miren-al-cinema\/","url":"https:\/\/www.lafargalhospitalet.com\/ca\/platea-els-fotografs-miren-al-cinema\/","name":"\u201cPLATEA. Els fot\u00f2grafs miren al cinema\u201d, primera activitat del Sal\u00f3 del Cinema i les S\u00e8ries - La Farga L&#039;Hospitalet Centre d&#039;Activitats. La Farga GEM, S.A.","isPartOf":{"@id":"https:\/\/www.lafargalhospitalet.com\/#website"},"primaryImageOfPage":{"@id":"https:\/\/www.lafargalhospitalet.com\/ca\/platea-els-fotografs-miren-al-cinema\/#primaryimage"},"image":{"@id":"https:\/\/www.lafargalhospitalet.com\/ca\/platea-els-fotografs-miren-al-cinema\/#primaryimage"},"thumbnailUrl":"https:\/\/www.lafargalhospitalet.com\/wp-content\/uploads\/2018\/01\/Expo-Platea-Salo-Cine-Farga.jpg","datePublished":"2018-01-24T08:58:20+00:00","dateModified":"2025-11-03T17:28:33+00:00","description":"L'exposici\u00f3 \u201cPLATEA. Els fot\u00f2grafs miren al cinema\u201d reuneix 40 artistes espanyols a la rambla de la Marina de L'Hospitalet, en el marc del III Sal\u00f3 del Cinema i les S\u00e8ries.","breadcrumb":{"@id":"https:\/\/www.lafargalhospitalet.com\/ca\/platea-els-fotografs-miren-al-cinema\/#breadcrumb"},"inLanguage":"ca","potentialAction":[{"@type":"ReadAction","target":["https:\/\/www.lafargalhospitalet.com\/ca\/platea-els-fotografs-miren-al-cinema\/"]}]},{"@type":"ImageObject","inLanguage":"ca","@id":"https:\/\/www.lafargalhospitalet.com\/ca\/platea-els-fotografs-miren-al-cinema\/#primaryimage","url":"https:\/\/www.lafargalhospitalet.com\/wp-content\/uploads\/2018\/01\/Expo-Platea-Salo-Cine-Farga.jpg","contentUrl":"https:\/\/www.lafargalhospitalet.com\/wp-content\/uploads\/2018\/01\/Expo-Platea-Salo-Cine-Farga.jpg","width":730,"height":410,"caption":"Platea Farga"},{"@type":"BreadcrumbList","@id":"https:\/\/www.lafargalhospitalet.com\/ca\/platea-els-fotografs-miren-al-cinema\/#breadcrumb","itemListElement":[{"@type":"ListItem","position":1,"name":"Portada","item":"https:\/\/www.lafargalhospitalet.com\/"},{"@type":"ListItem","position":2,"name":"\u201cPLATEA. Els fot\u00f2grafs miren al cinema\u201d, primera activitat del Sal\u00f3 del Cinema i les S\u00e8ries"}]},{"@type":"WebSite","@id":"https:\/\/www.lafargalhospitalet.com\/#website","url":"https:\/\/www.lafargalhospitalet.com\/","name":"La Farga L'Hospitalet Centre d'Activitats. La Farga GEM, S.A.","description":"La Farga L&#039;Hospitalet Centre d&#039;Activitats. Gestionat per La Farga GEM, S.A. Fires i Congressos. Concerts, exposicions, reunions, filmacions, sopars de gala.","publisher":{"@id":"https:\/\/www.lafargalhospitalet.com\/#organization"},"potentialAction":[{"@type":"SearchAction","target":{"@type":"EntryPoint","urlTemplate":"https:\/\/www.lafargalhospitalet.com\/?s={search_term_string}"},"query-input":{"@type":"PropertyValueSpecification","valueRequired":true,"valueName":"search_term_string"}}],"inLanguage":"ca"},{"@type":"Organization","@id":"https:\/\/www.lafargalhospitalet.com\/#organization","name":"La Farga L'Hospitalet Centre d'Activitats. La Farga GEM, S.A.","url":"https:\/\/www.lafargalhospitalet.com\/","logo":{"@type":"ImageObject","inLanguage":"ca","@id":"https:\/\/www.lafargalhospitalet.com\/#\/schema\/logo\/image\/","url":"https:\/\/www.lafargalhospitalet.com\/wp-content\/uploads\/2025\/10\/logotipo_lafarga_centre_activitats.png","contentUrl":"https:\/\/www.lafargalhospitalet.com\/wp-content\/uploads\/2025\/10\/logotipo_lafarga_centre_activitats.png","width":266,"height":101,"caption":"La Farga L'Hospitalet Centre d'Activitats. La Farga GEM, S.A."},"image":{"@id":"https:\/\/www.lafargalhospitalet.com\/#\/schema\/logo\/image\/"},"sameAs":["https:\/\/www.facebook.com\/fargahospitalet\/","https:\/\/x.com\/fargahospitalet","https:\/\/www.instagram.com\/lafargahospitalet\/","https:\/\/www.youtube.com\/channel\/UCoLt6hen3PqGXgbLMGI3Qdw","https:\/\/www.flickr.com\/photos\/lafargagemsa\/albums"]},{"@type":"Person","@id":"https:\/\/www.lafargalhospitalet.com\/#\/schema\/person\/6cbac0ef7748506b167ff859e1c7f378","name":"La Farga Centre d'Activitats","sameAs":["https:\/\/www.lafargalhospitalet.com"],"url":"https:\/\/www.lafargalhospitalet.com\/ca\/author\/far25gmin\/"}]}},"_links":{"self":[{"href":"https:\/\/www.lafargalhospitalet.com\/ca\/wp-json\/wp\/v2\/posts\/5427","targetHints":{"allow":["GET"]}}],"collection":[{"href":"https:\/\/www.lafargalhospitalet.com\/ca\/wp-json\/wp\/v2\/posts"}],"about":[{"href":"https:\/\/www.lafargalhospitalet.com\/ca\/wp-json\/wp\/v2\/types\/post"}],"author":[{"embeddable":true,"href":"https:\/\/www.lafargalhospitalet.com\/ca\/wp-json\/wp\/v2\/users\/1"}],"replies":[{"embeddable":true,"href":"https:\/\/www.lafargalhospitalet.com\/ca\/wp-json\/wp\/v2\/comments?post=5427"}],"version-history":[{"count":0,"href":"https:\/\/www.lafargalhospitalet.com\/ca\/wp-json\/wp\/v2\/posts\/5427\/revisions"}],"wp:featuredmedia":[{"embeddable":true,"href":"https:\/\/www.lafargalhospitalet.com\/ca\/wp-json\/wp\/v2\/media\/5428"}],"wp:attachment":[{"href":"https:\/\/www.lafargalhospitalet.com\/ca\/wp-json\/wp\/v2\/media?parent=5427"}],"wp:term":[{"taxonomy":"category","embeddable":true,"href":"https:\/\/www.lafargalhospitalet.com\/ca\/wp-json\/wp\/v2\/categories?post=5427"},{"taxonomy":"post_tag","embeddable":true,"href":"https:\/\/www.lafargalhospitalet.com\/ca\/wp-json\/wp\/v2\/tags?post=5427"}],"curies":[{"name":"wp","href":"https:\/\/api.w.org\/{rel}","templated":true}]}}