{"id":5437,"date":"2018-01-30T17:03:05","date_gmt":"2018-01-30T16:03:05","guid":{"rendered":"http:\/\/www.lafargalhospitalet.com\/?p=5437"},"modified":"2025-11-03T18:28:33","modified_gmt":"2025-11-03T17:28:33","slug":"alex-murrull-enguany-el-salo-tindra-un-rellancament","status":"publish","type":"post","link":"https:\/\/www.lafargalhospitalet.com\/ca\/alex-murrull-enguany-el-salo-tindra-un-rellancament\/","title":{"rendered":"\u00c0lex Murrull: &#8220;Enguany el sal\u00f3 tindr\u00e0 un rellan\u00e7ament\u201d"},"content":{"rendered":"<h5>Del 2 al 4 de febrer<\/h5>\n<p>El <a href=\"http:\/\/salondelcine.com\" target=\"_blank\" rel=\"noopener\"><strong>Sal\u00f3 del Cinema i les S\u00e8ries<\/strong><\/a> obrir\u00e0 les seves portes aquest divendres, havent-se consolidat en el calendari d\u2019esdeveniments d\u2019aquest sector a nivell catal\u00e0.<\/p>\n<p>El Hall Bar de La Farga Congress ha estat l\u2019escenari de la seva presentaci\u00f3 amb la pres\u00e8ncia del director del Sal\u00f3 del Cinema i les S\u00e8ries, \u00c0lex Murrull, el regidor de Cultura de L\u2019Hospitalet, David Quir\u00f3s, el president de La Farga de L\u2019Hospitalet, Jose Ma Garc\u00eda Mompel i \u00c0lex Casanovas, president de l\u2019Associaci\u00f3 d\u2019Actors i Directors Professionals de Catalunya.<\/p>\n<p>El director del sal\u00f3, \u00c0lex Murrull, ha destacat que enguany el sal\u00f3 <em>\u201ctindr\u00e0 un rellan\u00e7ament\u201d<\/em> i tamb\u00e9 ha agra\u00eft el suport que rep aquest certamen de l\u2019Ajuntament de L\u2019Hospitalet, com de la pr\u00f2pia Farga.<\/p>\n<p>Per la seva banda, el regidor de Cultura i Innovaci\u00f3 Social, David Quir\u00f3s, ha destacat que la ciutat aposta per la cultura i aposta pel cinema i les s\u00e8ries i que aquest sal\u00f3 <em>\u201cen tres anys ha arribat a la ciutat per quedar-se\u201d<\/em>.<\/p>\n<p>Tamb\u00e9 ha tingut pres\u00e8ncia, com cada any, l\u2019Associaci\u00f3 d\u2019Actors i Directors Professionals de Catalunya, amb el seu president \u00c0lex Casanovas, que ha recordat que <em>&#8220;s\u2019est\u00e0 parlant molt de les dificultats de TV3, i que \u00e9s un bon moment per tamb\u00e9 per recordar que coses com aquest Sal\u00f3 del Cinema i les S\u00e8ries tenen un valor que cal tenir en compte\u201d<\/em>. L\u2019AADPC col\u00b7labora activament en l\u2019organitzaci\u00f3 de la tradicional jornada de Taules Rodones, que es far\u00e0 divendres al mat\u00ed, i que enguany tindr\u00e0 tres taules en diferents sales, amb Directors\/es de c\u00e0sting, Directors\/es art\u00edstics i Guionistes.<\/p>\n<p>La roda de premsa l\u2019ha tancat el president de La Farga Gesti\u00f3 d\u2019Equipaments Municipals, Jos\u00e9 Mar\u00eda Garc\u00eda Mompel, que ha assenyalat <em>&#8220;la import\u00e0ncia de refor\u00e7ar aquests tipus d\u2019esdeveniments per un impuls econ\u00f2mic de la propi ciutat i tamb\u00e9 pel paper social que ha de complir un espai com La Farga\u201d<\/em>.<\/p>\n<p><a href=\"https:\/\/www.lafargalhospitalet.com\/tercera-edicio-salo-cinema-vista\/\" target=\"_blank\" rel=\"noopener\"><strong>Nota de premsa Sal\u00f3 del Cinema i les S\u00e8ries<\/strong><\/a><\/p>\n","protected":false},"excerpt":{"rendered":"<p>Tot \u00e9s a punt per obrir aquest divendres la tercera edici\u00f3 del Sal\u00f3 del Cinema i les S\u00e8ries, certamen consolidat organitzat per CinemaWorld i La Farga de L&#8217;Hospitalet.<\/p>\n","protected":false},"author":1,"featured_media":5438,"comment_status":"closed","ping_status":"closed","sticky":false,"template":"","format":"standard","meta":{"_monsterinsights_skip_tracking":false,"_monsterinsights_sitenote_active":false,"_monsterinsights_sitenote_note":"","_monsterinsights_sitenote_category":0,"footnotes":""},"categories":[83],"tags":[],"class_list":["post-5437","post","type-post","status-publish","format-standard","has-post-thumbnail","hentry","category-noticies"],"yoast_head":"<!-- This site is optimized with the Yoast SEO plugin v27.5 - https:\/\/yoast.com\/product\/yoast-seo-wordpress\/ -->\n<title>\u00c0lex Murrull: &quot;Enguany el sal\u00f3 tindr\u00e0 un rellan\u00e7ament\u201d - La Farga L&#039;Hospitalet Centre d&#039;Activitats. La Farga GEM, S.A.<\/title>\n<meta name=\"description\" content=\"Tot \u00e9s a punt per obrir aquest divendres la tercera edici\u00f3 del Sal\u00f3 del Cinema i les S\u00e8ries, certamen consolidat organitzat per CinemaWorld i La Farga de L&#039;Hospitalet. Ha estat presentat entre d&#039;altres pel seu director \u00c0lex Murrull.\" \/>\n<meta name=\"robots\" content=\"index, follow, max-snippet:-1, max-image-preview:large, max-video-preview:-1\" \/>\n<link rel=\"canonical\" href=\"https:\/\/www.lafargalhospitalet.com\/ca\/alex-murrull-enguany-el-salo-tindra-un-rellancament\/\" \/>\n<meta property=\"og:locale\" content=\"ca_ES\" \/>\n<meta property=\"og:type\" content=\"article\" \/>\n<meta property=\"og:title\" content=\"\u00c0lex Murrull: &quot;Enguany el sal\u00f3 tindr\u00e0 un rellan\u00e7ament\u201d - La Farga L&#039;Hospitalet Centre d&#039;Activitats. La Farga GEM, S.A.\" \/>\n<meta property=\"og:description\" content=\"Tot \u00e9s a punt per obrir aquest divendres la tercera edici\u00f3 del Sal\u00f3 del Cinema i les S\u00e8ries, certamen consolidat organitzat per CinemaWorld i La Farga de L&#039;Hospitalet. Ha estat presentat entre d&#039;altres pel seu director \u00c0lex Murrull.\" \/>\n<meta property=\"og:url\" content=\"https:\/\/www.lafargalhospitalet.com\/ca\/alex-murrull-enguany-el-salo-tindra-un-rellancament\/\" \/>\n<meta property=\"og:site_name\" content=\"La Farga L&#039;Hospitalet Centre d&#039;Activitats. La Farga GEM, S.A.\" \/>\n<meta property=\"article:publisher\" content=\"https:\/\/www.facebook.com\/fargahospitalet\/\" \/>\n<meta property=\"article:published_time\" content=\"2018-01-30T16:03:05+00:00\" \/>\n<meta property=\"article:modified_time\" content=\"2025-11-03T17:28:33+00:00\" \/>\n<meta property=\"og:image\" content=\"https:\/\/www.lafargalhospitalet.com\/wp-content\/uploads\/2018\/01\/SCIS-18-Farga-RDP.jpg\" \/>\n\t<meta property=\"og:image:width\" content=\"730\" \/>\n\t<meta property=\"og:image:height\" content=\"410\" \/>\n\t<meta property=\"og:image:type\" content=\"image\/jpeg\" \/>\n<meta name=\"author\" content=\"La Farga Centre d&#039;Activitats\" \/>\n<meta name=\"twitter:card\" content=\"summary_large_image\" \/>\n<meta name=\"twitter:creator\" content=\"@fargahospitalet\" \/>\n<meta name=\"twitter:site\" content=\"@fargahospitalet\" \/>\n<meta name=\"twitter:label1\" content=\"Escrit per\" \/>\n\t<meta name=\"twitter:data1\" content=\"La Farga Centre d&#039;Activitats\" \/>\n\t<meta name=\"twitter:label2\" content=\"Temps estimat de lectura\" \/>\n\t<meta name=\"twitter:data2\" content=\"2 minuts\" \/>\n<script type=\"application\/ld+json\" class=\"yoast-schema-graph\">{\"@context\":\"https:\\\/\\\/schema.org\",\"@graph\":[{\"@type\":\"Article\",\"@id\":\"https:\\\/\\\/www.lafargalhospitalet.com\\\/ca\\\/alex-murrull-enguany-el-salo-tindra-un-rellancament\\\/#article\",\"isPartOf\":{\"@id\":\"https:\\\/\\\/www.lafargalhospitalet.com\\\/ca\\\/alex-murrull-enguany-el-salo-tindra-un-rellancament\\\/\"},\"author\":{\"name\":\"La Farga Centre d'Activitats\",\"@id\":\"https:\\\/\\\/www.lafargalhospitalet.com\\\/#\\\/schema\\\/person\\\/6cbac0ef7748506b167ff859e1c7f378\"},\"headline\":\"\u00c0lex Murrull: &#8220;Enguany el sal\u00f3 tindr\u00e0 un rellan\u00e7ament\u201d\",\"datePublished\":\"2018-01-30T16:03:05+00:00\",\"dateModified\":\"2025-11-03T17:28:33+00:00\",\"mainEntityOfPage\":{\"@id\":\"https:\\\/\\\/www.lafargalhospitalet.com\\\/ca\\\/alex-murrull-enguany-el-salo-tindra-un-rellancament\\\/\"},\"wordCount\":367,\"publisher\":{\"@id\":\"https:\\\/\\\/www.lafargalhospitalet.com\\\/#organization\"},\"image\":{\"@id\":\"https:\\\/\\\/www.lafargalhospitalet.com\\\/ca\\\/alex-murrull-enguany-el-salo-tindra-un-rellancament\\\/#primaryimage\"},\"thumbnailUrl\":\"https:\\\/\\\/www.lafargalhospitalet.com\\\/wp-content\\\/uploads\\\/2018\\\/01\\\/SCIS-18-Farga-RDP.jpg\",\"articleSection\":[\"Noticies\"],\"inLanguage\":\"ca\"},{\"@type\":\"WebPage\",\"@id\":\"https:\\\/\\\/www.lafargalhospitalet.com\\\/ca\\\/alex-murrull-enguany-el-salo-tindra-un-rellancament\\\/\",\"url\":\"https:\\\/\\\/www.lafargalhospitalet.com\\\/ca\\\/alex-murrull-enguany-el-salo-tindra-un-rellancament\\\/\",\"name\":\"\u00c0lex Murrull: \\\"Enguany el sal\u00f3 tindr\u00e0 un rellan\u00e7ament\u201d - La Farga L&#039;Hospitalet Centre d&#039;Activitats. La Farga GEM, S.A.\",\"isPartOf\":{\"@id\":\"https:\\\/\\\/www.lafargalhospitalet.com\\\/#website\"},\"primaryImageOfPage\":{\"@id\":\"https:\\\/\\\/www.lafargalhospitalet.com\\\/ca\\\/alex-murrull-enguany-el-salo-tindra-un-rellancament\\\/#primaryimage\"},\"image\":{\"@id\":\"https:\\\/\\\/www.lafargalhospitalet.com\\\/ca\\\/alex-murrull-enguany-el-salo-tindra-un-rellancament\\\/#primaryimage\"},\"thumbnailUrl\":\"https:\\\/\\\/www.lafargalhospitalet.com\\\/wp-content\\\/uploads\\\/2018\\\/01\\\/SCIS-18-Farga-RDP.jpg\",\"datePublished\":\"2018-01-30T16:03:05+00:00\",\"dateModified\":\"2025-11-03T17:28:33+00:00\",\"description\":\"Tot \u00e9s a punt per obrir aquest divendres la tercera edici\u00f3 del Sal\u00f3 del Cinema i les S\u00e8ries, certamen consolidat organitzat per CinemaWorld i La Farga de L'Hospitalet. Ha estat presentat entre d'altres pel seu director \u00c0lex Murrull.\",\"breadcrumb\":{\"@id\":\"https:\\\/\\\/www.lafargalhospitalet.com\\\/ca\\\/alex-murrull-enguany-el-salo-tindra-un-rellancament\\\/#breadcrumb\"},\"inLanguage\":\"ca\",\"potentialAction\":[{\"@type\":\"ReadAction\",\"target\":[\"https:\\\/\\\/www.lafargalhospitalet.com\\\/ca\\\/alex-murrull-enguany-el-salo-tindra-un-rellancament\\\/\"]}]},{\"@type\":\"ImageObject\",\"inLanguage\":\"ca\",\"@id\":\"https:\\\/\\\/www.lafargalhospitalet.com\\\/ca\\\/alex-murrull-enguany-el-salo-tindra-un-rellancament\\\/#primaryimage\",\"url\":\"https:\\\/\\\/www.lafargalhospitalet.com\\\/wp-content\\\/uploads\\\/2018\\\/01\\\/SCIS-18-Farga-RDP.jpg\",\"contentUrl\":\"https:\\\/\\\/www.lafargalhospitalet.com\\\/wp-content\\\/uploads\\\/2018\\\/01\\\/SCIS-18-Farga-RDP.jpg\",\"width\":730,\"height\":410,\"caption\":\"Sal\u00f3 Cinema \u00c0lex Murrull\"},{\"@type\":\"BreadcrumbList\",\"@id\":\"https:\\\/\\\/www.lafargalhospitalet.com\\\/ca\\\/alex-murrull-enguany-el-salo-tindra-un-rellancament\\\/#breadcrumb\",\"itemListElement\":[{\"@type\":\"ListItem\",\"position\":1,\"name\":\"Portada\",\"item\":\"https:\\\/\\\/www.lafargalhospitalet.com\\\/\"},{\"@type\":\"ListItem\",\"position\":2,\"name\":\"\u00c0lex Murrull: &#8220;Enguany el sal\u00f3 tindr\u00e0 un rellan\u00e7ament\u201d\"}]},{\"@type\":\"WebSite\",\"@id\":\"https:\\\/\\\/www.lafargalhospitalet.com\\\/#website\",\"url\":\"https:\\\/\\\/www.lafargalhospitalet.com\\\/\",\"name\":\"La Farga L'Hospitalet Centre d'Activitats. La Farga GEM, S.A.\",\"description\":\"La Farga L&#039;Hospitalet Centre d&#039;Activitats. Gestionat per La Farga GEM, S.A. Fires i Congressos. Concerts, exposicions, reunions, filmacions, sopars de gala.\",\"publisher\":{\"@id\":\"https:\\\/\\\/www.lafargalhospitalet.com\\\/#organization\"},\"potentialAction\":[{\"@type\":\"SearchAction\",\"target\":{\"@type\":\"EntryPoint\",\"urlTemplate\":\"https:\\\/\\\/www.lafargalhospitalet.com\\\/?s={search_term_string}\"},\"query-input\":{\"@type\":\"PropertyValueSpecification\",\"valueRequired\":true,\"valueName\":\"search_term_string\"}}],\"inLanguage\":\"ca\"},{\"@type\":\"Organization\",\"@id\":\"https:\\\/\\\/www.lafargalhospitalet.com\\\/#organization\",\"name\":\"La Farga L'Hospitalet Centre d'Activitats. La Farga GEM, S.A.\",\"url\":\"https:\\\/\\\/www.lafargalhospitalet.com\\\/\",\"logo\":{\"@type\":\"ImageObject\",\"inLanguage\":\"ca\",\"@id\":\"https:\\\/\\\/www.lafargalhospitalet.com\\\/#\\\/schema\\\/logo\\\/image\\\/\",\"url\":\"https:\\\/\\\/www.lafargalhospitalet.com\\\/wp-content\\\/uploads\\\/2025\\\/10\\\/logotipo_lafarga_centre_activitats.png\",\"contentUrl\":\"https:\\\/\\\/www.lafargalhospitalet.com\\\/wp-content\\\/uploads\\\/2025\\\/10\\\/logotipo_lafarga_centre_activitats.png\",\"width\":266,\"height\":101,\"caption\":\"La Farga L'Hospitalet Centre d'Activitats. La Farga GEM, S.A.\"},\"image\":{\"@id\":\"https:\\\/\\\/www.lafargalhospitalet.com\\\/#\\\/schema\\\/logo\\\/image\\\/\"},\"sameAs\":[\"https:\\\/\\\/www.facebook.com\\\/fargahospitalet\\\/\",\"https:\\\/\\\/x.com\\\/fargahospitalet\",\"https:\\\/\\\/www.instagram.com\\\/lafargahospitalet\\\/\",\"https:\\\/\\\/www.youtube.com\\\/channel\\\/UCoLt6hen3PqGXgbLMGI3Qdw\",\"https:\\\/\\\/www.flickr.com\\\/photos\\\/lafargagemsa\\\/albums\"]},{\"@type\":\"Person\",\"@id\":\"https:\\\/\\\/www.lafargalhospitalet.com\\\/#\\\/schema\\\/person\\\/6cbac0ef7748506b167ff859e1c7f378\",\"name\":\"La Farga Centre d'Activitats\",\"sameAs\":[\"https:\\\/\\\/www.lafargalhospitalet.com\"],\"url\":\"https:\\\/\\\/www.lafargalhospitalet.com\\\/ca\\\/author\\\/far25gmin\\\/\"}]}<\/script>\n<!-- \/ Yoast SEO plugin. -->","yoast_head_json":{"title":"\u00c0lex Murrull: \"Enguany el sal\u00f3 tindr\u00e0 un rellan\u00e7ament\u201d - La Farga L&#039;Hospitalet Centre d&#039;Activitats. La Farga GEM, S.A.","description":"Tot \u00e9s a punt per obrir aquest divendres la tercera edici\u00f3 del Sal\u00f3 del Cinema i les S\u00e8ries, certamen consolidat organitzat per CinemaWorld i La Farga de L'Hospitalet. Ha estat presentat entre d'altres pel seu director \u00c0lex Murrull.","robots":{"index":"index","follow":"follow","max-snippet":"max-snippet:-1","max-image-preview":"max-image-preview:large","max-video-preview":"max-video-preview:-1"},"canonical":"https:\/\/www.lafargalhospitalet.com\/ca\/alex-murrull-enguany-el-salo-tindra-un-rellancament\/","og_locale":"ca_ES","og_type":"article","og_title":"\u00c0lex Murrull: \"Enguany el sal\u00f3 tindr\u00e0 un rellan\u00e7ament\u201d - La Farga L&#039;Hospitalet Centre d&#039;Activitats. La Farga GEM, S.A.","og_description":"Tot \u00e9s a punt per obrir aquest divendres la tercera edici\u00f3 del Sal\u00f3 del Cinema i les S\u00e8ries, certamen consolidat organitzat per CinemaWorld i La Farga de L'Hospitalet. Ha estat presentat entre d'altres pel seu director \u00c0lex Murrull.","og_url":"https:\/\/www.lafargalhospitalet.com\/ca\/alex-murrull-enguany-el-salo-tindra-un-rellancament\/","og_site_name":"La Farga L&#039;Hospitalet Centre d&#039;Activitats. La Farga GEM, S.A.","article_publisher":"https:\/\/www.facebook.com\/fargahospitalet\/","article_published_time":"2018-01-30T16:03:05+00:00","article_modified_time":"2025-11-03T17:28:33+00:00","og_image":[{"width":730,"height":410,"url":"https:\/\/www.lafargalhospitalet.com\/wp-content\/uploads\/2018\/01\/SCIS-18-Farga-RDP.jpg","type":"image\/jpeg"}],"author":"La Farga Centre d'Activitats","twitter_card":"summary_large_image","twitter_creator":"@fargahospitalet","twitter_site":"@fargahospitalet","twitter_misc":{"Escrit per":"La Farga Centre d'Activitats","Temps estimat de lectura":"2 minuts"},"schema":{"@context":"https:\/\/schema.org","@graph":[{"@type":"Article","@id":"https:\/\/www.lafargalhospitalet.com\/ca\/alex-murrull-enguany-el-salo-tindra-un-rellancament\/#article","isPartOf":{"@id":"https:\/\/www.lafargalhospitalet.com\/ca\/alex-murrull-enguany-el-salo-tindra-un-rellancament\/"},"author":{"name":"La Farga Centre d'Activitats","@id":"https:\/\/www.lafargalhospitalet.com\/#\/schema\/person\/6cbac0ef7748506b167ff859e1c7f378"},"headline":"\u00c0lex Murrull: &#8220;Enguany el sal\u00f3 tindr\u00e0 un rellan\u00e7ament\u201d","datePublished":"2018-01-30T16:03:05+00:00","dateModified":"2025-11-03T17:28:33+00:00","mainEntityOfPage":{"@id":"https:\/\/www.lafargalhospitalet.com\/ca\/alex-murrull-enguany-el-salo-tindra-un-rellancament\/"},"wordCount":367,"publisher":{"@id":"https:\/\/www.lafargalhospitalet.com\/#organization"},"image":{"@id":"https:\/\/www.lafargalhospitalet.com\/ca\/alex-murrull-enguany-el-salo-tindra-un-rellancament\/#primaryimage"},"thumbnailUrl":"https:\/\/www.lafargalhospitalet.com\/wp-content\/uploads\/2018\/01\/SCIS-18-Farga-RDP.jpg","articleSection":["Noticies"],"inLanguage":"ca"},{"@type":"WebPage","@id":"https:\/\/www.lafargalhospitalet.com\/ca\/alex-murrull-enguany-el-salo-tindra-un-rellancament\/","url":"https:\/\/www.lafargalhospitalet.com\/ca\/alex-murrull-enguany-el-salo-tindra-un-rellancament\/","name":"\u00c0lex Murrull: \"Enguany el sal\u00f3 tindr\u00e0 un rellan\u00e7ament\u201d - La Farga L&#039;Hospitalet Centre d&#039;Activitats. La Farga GEM, S.A.","isPartOf":{"@id":"https:\/\/www.lafargalhospitalet.com\/#website"},"primaryImageOfPage":{"@id":"https:\/\/www.lafargalhospitalet.com\/ca\/alex-murrull-enguany-el-salo-tindra-un-rellancament\/#primaryimage"},"image":{"@id":"https:\/\/www.lafargalhospitalet.com\/ca\/alex-murrull-enguany-el-salo-tindra-un-rellancament\/#primaryimage"},"thumbnailUrl":"https:\/\/www.lafargalhospitalet.com\/wp-content\/uploads\/2018\/01\/SCIS-18-Farga-RDP.jpg","datePublished":"2018-01-30T16:03:05+00:00","dateModified":"2025-11-03T17:28:33+00:00","description":"Tot \u00e9s a punt per obrir aquest divendres la tercera edici\u00f3 del Sal\u00f3 del Cinema i les S\u00e8ries, certamen consolidat organitzat per CinemaWorld i La Farga de L'Hospitalet. Ha estat presentat entre d'altres pel seu director \u00c0lex Murrull.","breadcrumb":{"@id":"https:\/\/www.lafargalhospitalet.com\/ca\/alex-murrull-enguany-el-salo-tindra-un-rellancament\/#breadcrumb"},"inLanguage":"ca","potentialAction":[{"@type":"ReadAction","target":["https:\/\/www.lafargalhospitalet.com\/ca\/alex-murrull-enguany-el-salo-tindra-un-rellancament\/"]}]},{"@type":"ImageObject","inLanguage":"ca","@id":"https:\/\/www.lafargalhospitalet.com\/ca\/alex-murrull-enguany-el-salo-tindra-un-rellancament\/#primaryimage","url":"https:\/\/www.lafargalhospitalet.com\/wp-content\/uploads\/2018\/01\/SCIS-18-Farga-RDP.jpg","contentUrl":"https:\/\/www.lafargalhospitalet.com\/wp-content\/uploads\/2018\/01\/SCIS-18-Farga-RDP.jpg","width":730,"height":410,"caption":"Sal\u00f3 Cinema \u00c0lex Murrull"},{"@type":"BreadcrumbList","@id":"https:\/\/www.lafargalhospitalet.com\/ca\/alex-murrull-enguany-el-salo-tindra-un-rellancament\/#breadcrumb","itemListElement":[{"@type":"ListItem","position":1,"name":"Portada","item":"https:\/\/www.lafargalhospitalet.com\/"},{"@type":"ListItem","position":2,"name":"\u00c0lex Murrull: &#8220;Enguany el sal\u00f3 tindr\u00e0 un rellan\u00e7ament\u201d"}]},{"@type":"WebSite","@id":"https:\/\/www.lafargalhospitalet.com\/#website","url":"https:\/\/www.lafargalhospitalet.com\/","name":"La Farga L'Hospitalet Centre d'Activitats. La Farga GEM, S.A.","description":"La Farga L&#039;Hospitalet Centre d&#039;Activitats. Gestionat per La Farga GEM, S.A. Fires i Congressos. Concerts, exposicions, reunions, filmacions, sopars de gala.","publisher":{"@id":"https:\/\/www.lafargalhospitalet.com\/#organization"},"potentialAction":[{"@type":"SearchAction","target":{"@type":"EntryPoint","urlTemplate":"https:\/\/www.lafargalhospitalet.com\/?s={search_term_string}"},"query-input":{"@type":"PropertyValueSpecification","valueRequired":true,"valueName":"search_term_string"}}],"inLanguage":"ca"},{"@type":"Organization","@id":"https:\/\/www.lafargalhospitalet.com\/#organization","name":"La Farga L'Hospitalet Centre d'Activitats. La Farga GEM, S.A.","url":"https:\/\/www.lafargalhospitalet.com\/","logo":{"@type":"ImageObject","inLanguage":"ca","@id":"https:\/\/www.lafargalhospitalet.com\/#\/schema\/logo\/image\/","url":"https:\/\/www.lafargalhospitalet.com\/wp-content\/uploads\/2025\/10\/logotipo_lafarga_centre_activitats.png","contentUrl":"https:\/\/www.lafargalhospitalet.com\/wp-content\/uploads\/2025\/10\/logotipo_lafarga_centre_activitats.png","width":266,"height":101,"caption":"La Farga L'Hospitalet Centre d'Activitats. La Farga GEM, S.A."},"image":{"@id":"https:\/\/www.lafargalhospitalet.com\/#\/schema\/logo\/image\/"},"sameAs":["https:\/\/www.facebook.com\/fargahospitalet\/","https:\/\/x.com\/fargahospitalet","https:\/\/www.instagram.com\/lafargahospitalet\/","https:\/\/www.youtube.com\/channel\/UCoLt6hen3PqGXgbLMGI3Qdw","https:\/\/www.flickr.com\/photos\/lafargagemsa\/albums"]},{"@type":"Person","@id":"https:\/\/www.lafargalhospitalet.com\/#\/schema\/person\/6cbac0ef7748506b167ff859e1c7f378","name":"La Farga Centre d'Activitats","sameAs":["https:\/\/www.lafargalhospitalet.com"],"url":"https:\/\/www.lafargalhospitalet.com\/ca\/author\/far25gmin\/"}]}},"_links":{"self":[{"href":"https:\/\/www.lafargalhospitalet.com\/ca\/wp-json\/wp\/v2\/posts\/5437","targetHints":{"allow":["GET"]}}],"collection":[{"href":"https:\/\/www.lafargalhospitalet.com\/ca\/wp-json\/wp\/v2\/posts"}],"about":[{"href":"https:\/\/www.lafargalhospitalet.com\/ca\/wp-json\/wp\/v2\/types\/post"}],"author":[{"embeddable":true,"href":"https:\/\/www.lafargalhospitalet.com\/ca\/wp-json\/wp\/v2\/users\/1"}],"replies":[{"embeddable":true,"href":"https:\/\/www.lafargalhospitalet.com\/ca\/wp-json\/wp\/v2\/comments?post=5437"}],"version-history":[{"count":0,"href":"https:\/\/www.lafargalhospitalet.com\/ca\/wp-json\/wp\/v2\/posts\/5437\/revisions"}],"wp:featuredmedia":[{"embeddable":true,"href":"https:\/\/www.lafargalhospitalet.com\/ca\/wp-json\/wp\/v2\/media\/5438"}],"wp:attachment":[{"href":"https:\/\/www.lafargalhospitalet.com\/ca\/wp-json\/wp\/v2\/media?parent=5437"}],"wp:term":[{"taxonomy":"category","embeddable":true,"href":"https:\/\/www.lafargalhospitalet.com\/ca\/wp-json\/wp\/v2\/categories?post=5437"},{"taxonomy":"post_tag","embeddable":true,"href":"https:\/\/www.lafargalhospitalet.com\/ca\/wp-json\/wp\/v2\/tags?post=5437"}],"curies":[{"name":"wp","href":"https:\/\/api.w.org\/{rel}","templated":true}]}}