{"id":5472,"date":"2018-02-07T13:16:48","date_gmt":"2018-02-07T12:16:48","guid":{"rendered":"http:\/\/www.lafargalhospitalet.com\/?p=5472"},"modified":"2025-11-03T18:28:33","modified_gmt":"2025-11-03T17:28:33","slug":"homenatge-jjcobas-atraccio-retromoto","status":"publish","type":"post","link":"https:\/\/www.lafargalhospitalet.com\/ca\/homenatge-jjcobas-atraccio-retromoto\/","title":{"rendered":"L&#8217;homenatge a JJCobas, atracci\u00f3 a RetroMoto"},"content":{"rendered":"<h5>RetroMoto, el sal\u00f3 de la Moto d&#8217;\u00c8poca i Accessoris obre divendres<\/h5>\n<p>\u2022 Confirmada l&#8217;assist\u00e8ncia de mig centenar de convidats a l&#8217;acte, entre destacats pilots, m\u00e0nagers i empresaris del sector<\/p>\n<p>\u2022 La fira centra l&#8217;atenci\u00f3 del m\u00f3n de la moto cl\u00e0ssica durant el cap de setmana a <a href=\"https:\/\/www.lafargalhospitalet.com\/la-farga-a-punto-para-un-2018-de-mas-actividad\/\" target=\"_blank\" rel=\"noopener\"><strong>La Farga de L&#8217;Hospitalet<\/strong><\/a> amb un programa variat<\/p>\n<p>\u2022 Un estand monogr\u00e0fic sobre les Bultaco de carretera o la presentaci\u00f3 del calendari del Moto Classic Circuit 2018, entre els atractius d&#8217;aquest any<\/p>\n<p>\u2022 Destaca l&#8217;estacionament interior vigilat per a motos cl\u00e0ssiques i neocl\u00e0ssiques o la zona de venda gratu\u00efta Cover Garatge, per a particulars<\/p>\n<p>El Sal\u00f3 RetroMoto Barcelona comen\u00e7a aquest divendres la seva tercera edici\u00f3 amb un gran esdeveniment, ja que aquest any hi ha un homenatge a l&#8217;Escuderia JJ Cobas, l&#8217;alian\u00e7a esportiva de l&#8217;empresari Jacinto Moriana i de l&#8217;enginyer Antonio Cobas, que tants \u00e8xits va aportar al motociclisme internacional en les vessants de velocitat, especialment, per\u00f2 tamb\u00e9 en les de trial, carretera i trail.<\/p>\n<p>En la presentaci\u00f3 feta aquest dimecres, el president de La Farga, Gesti\u00f3 d&#8217;Equipaments Municipals, Jos\u00e9 Mar\u00eda Garc\u00eda Mompel, ha destacat la confian\u00e7a dels promotors al recinte per albergar aquest esdeveniment i ha reafirmat que <em>&#8220;hi ha una important cultura de la moto a Catalunya i a L&#8217;Hospitalet&#8221;.<\/em><\/p>\n<p>Jorge Cobas i Sonia Moriana, en representaci\u00f3 de JJ Cobas, han destacat que s&#8217;han rebut moltes peticions d&#8217;assistir a l&#8217;acte, <em>&#8220;el que demostra que molta gent es recorda de l&#8217;escuderia, el que \u00e9s una satisfacci\u00f3&#8221;.<\/em><\/p>\n<p>Per la seva banda, el director del sal\u00f3, Jos\u00e9 Enrique Elvira, ha detallat els continguts de la mostra, i alhora ha destacat que <em>&#8220;\u00e9s una fira per aficionats i per a fam\u00edlies, donada la diversitat d&#8217;estands&#8221;<\/em>.<\/p>\n<h5>El m\u00f3n de la moto, en l&#8217;homenatge a JJ Cobas<\/h5>\n<p>Familiars de tots dos promotors, aix\u00ed com pilots, mec\u00e0nics i diversos integrants de l&#8217;escuderia, acudiran a RetroMoto Barcelona per assistir a l&#8217;homenatge, que tindr\u00e0 lloc despr\u00e9s de la inauguraci\u00f3 oficial de divendres, que est\u00e0 fixada a les 17,30 hores.<\/p>\n<p>Diversos pilots, m\u00e0nagers i empresaris ja han confirmat la seva assist\u00e8ncia a l&#8217;acte, com \u00c0lex Crivill\u00e9, Carles Mas, Luis P\u00e9rez Sala, Gabino Renales, Toni Gorgot, Pere Pi, Xavier Deb\u00f3n o Eduardo Gir\u00f3, entre d&#8217;altres.<\/p>\n<p>Entre els pilots que han corregut amb JJ Cobas figuren el propi \u00c0lex Crivill\u00e9, Sito Pons, Joan Garriga, Carlos Card\u00fas, Toni El\u00edas, Jorge Mart\u00ednez Aspar o Xavier Cardel\u00fas.<\/p>\n<p>A l&#8217;acte est\u00e0 previst que els seus familiars rebin una placa, i que recorrin l&#8217;estand especial on s&#8217;exhibiran algunes de les motos m\u00e9s significatives de l&#8217;escuderia que tants \u00e8xits van collir, aix\u00ed com trofeus i diverses fotos, i, posteriorment, la resta de la exposici\u00f3.<\/p>\n<p>Aquest tribut ser\u00e0 un dels m\u00e9s especials a la m\u00edtica escuderia i en el mateix podran participar els aficionats que acudeixin a la fira divendres.<\/p>\n<p>El Sal\u00f3 obrir\u00e0 ja en la jornada inaugural des de les 10 del mat\u00ed, ampliant aix\u00ed el seu horari del primer dia, i mantindr\u00e0 el preu de l&#8217;entrada en 8 euros, que ser\u00e0 de nom\u00e9s 4 euros a assistents amb moto cl\u00e0ssica, \u00e9s a dir, amb 25 anys d&#8217;antiguitat m\u00ednima, i de 5 euros per als clubs participants. Els nens fins a 10 anys entren gratis.<\/p>\n<h5>Un programa atractiu i variat<\/h5>\n<p>La III edici\u00f3 d&#8217;aquesta fira monogr\u00e0fica dedicada a les motos cl\u00e0ssiques i d&#8217;\u00e8poca, que \u00e9s l&#8217;\u00fanica en el seu estil en el calendari nacional, inclou una s\u00e8rie d&#8217;espais a destacar i un programa atractiu i variat.<\/p>\n<p>Aix\u00ed destaquen alguns estands:<\/p>\n<p>\u2022 Grans motos de JJ Cobas<br \/>\nL&#8217;homenatge a l&#8217;escuderia catalana es complementa amb l&#8217;exposici\u00f3 d&#8217;algunes de les seves motos m\u00e9s representatives, imatges i records diversos.<\/p>\n<p>Encap\u00e7alaran aquesta mostra la JJ Cobas 125 cc Campiona del M\u00f3n amb \u00c0lex Crivill\u00e9 el 1989, aix\u00ed com la que va pilotar Card\u00fas en el Campionat d&#8217;Europa de 250 cc, o la TB2-Rotax de Joan Ramon Bolart, entre d&#8217;altres m\u00e0quines significatives de diversos pilots, aix\u00ed com la JJ Cobas bicicleta.<\/p>\n<p>\u2022 Bultaco de carretera<br \/>\nUn dels estands especials ser\u00e0 l&#8217;espai monogr\u00e0fic dedicat aquest any a les Bultaco de carretera, amb pres\u00e8ncia d&#8217;una dotzena de motos, pr\u00e0cticament tota la gamma existent de la famosa marca espanyola.<\/p>\n<p>Entre altres peces, el p\u00fablic podr\u00e0 contemplar les Bultaco Tralla, 155, Metralla 62, Metralla MK2, Streak, Metralla GTS, Mercuri o Junior, el que configurar\u00e0 una \u00e0mplia varietat de models de carretera que faran gaudir als aficionats.<\/p>\n<p>\u2022 Presentaci\u00f3 del Moto Classic Circuit 2018<br \/>\nLa divisi\u00f3 de Cl\u00e0ssics de la Federaci\u00f3 Catalana de Motociclisme presentar\u00e0 el dissabte dia 10 a les 11,15 hores el Moto Classic Circuit 2018, que inclou el Campionat de Catalunya de Velocitat de Cl\u00e0ssiques, la Copa Catalana de Resist\u00e8ncia de Cl\u00e0ssiques i les Porsche MotoClassic S\u00e8ries.<\/p>\n<p>La presentaci\u00f3 tindr\u00e0 lloc a l&#8217;Auditori de La Farga, ubicat al primer pis, i \u00e9s recomanable confirmar assist\u00e8ncia a la FCM (classiques@fcm.cat).<\/p>\n<h5>Serveis per als aficionats<\/h5>\n<p>D&#8217;altra banda, el Sal\u00f3 RetroMoto Barcelona comptar\u00e0 amb alguns dels serveis ja habituals que tant agraden als aficionats.<\/p>\n<p>En aquest sentit, tornar\u00e0 a tenir un estacionament gratu\u00eft i cobert per a motos cl\u00e0ssiques i neocl\u00e0ssiques per a tots aquells aficionats que s&#8217;apropin a visitar la fira en la seva moto cl\u00e0ssica (m\u00e9s de 25 anys).<\/p>\n<p>Aix\u00ed, han de disposar d&#8217;un descompte en el preu de l&#8217;entrada, pagant nom\u00e9s 4 euros, i a m\u00e9s podran estacionar el vehicle de manera gratu\u00efta dins del propi pavell\u00f3 en el qual se celebra el sal\u00f3.<\/p>\n<p>Aquest avantatge es fa extensiva als propietaris de models neocl\u00e0ssics de marques com Harley Davidson, Royal Enfield, Ducati, Triumph, BMW, Moto Guzzi, Yamaha, Honda, etc.<\/p>\n<p>Igualment, hi ha aparcament a la zona exterior, acotat i pr\u00f2xim a la porta principal, per als que acudeixin amb motos actuals.<\/p>\n<p>Un altre servei m\u00e9s ser\u00e0 l&#8217;espai de Cover Garatge, zona en la qual els particulars podran deixar a la venda els seus vehicles, indicant preu i altres caracter\u00edstiques, i tot de forma completament gratu\u00efta gr\u00e0cies al patrocini de l&#8217;asseguradora per a vehicles cl\u00e0ssics Classic Cover.<\/p>\n<p>Aquesta \u00e0rea t\u00e9 limitades el nombre de places i per poder beneficiar-se dels seus avantatges s&#8217;ha de fer una inscripci\u00f3 pr\u00e8via a trav\u00e9s del web <a href=\"http:\/\/www.eventosmotor.com\" target=\"_blank\" rel=\"noopener\"><strong>www.eventosmotor.com<\/strong><\/a>.<\/p>\n<p>Finalment, es mant\u00e9 el servei de guarda-roba i cascs, a la zona de l&#8217;entrada, a l&#8217;estand del Club Cl&#8217;hassics Hospitalencs, per poder visitar c\u00f2modament l&#8217;esdeveniment.<\/p>\n<h5>El certamen mantindr\u00e0 l&#8217;estructura de les anteriors edicions, amb dos grans l\u00ednies ben diferenciades:<\/h5>\n<p>Zona Comercial, en la qual la m\u00e0xima ser\u00e0 afavorir l&#8217;intercanvi entre l&#8217;oferta i la demanda<br \/>\n\u2022 Exposici\u00f3 de motocicletes (professionals)<br \/>\n\u2022 Motomobilia (mercat de peces, accessoris, recanvis, llibres, documentaci\u00f3, etc.)<br \/>\n\u2022 Zona de particulars (\u00e0rea de motos cl\u00e0ssiques) al Cover Garatge<\/p>\n<p>Zona Expositiva, on el que es busca \u00e9s que l&#8217;aficionat gaudeixi de la fira<br \/>\n\u2022 Exposicions monogr\u00e0fiques<br \/>\n\u2022 Estands de clubs<br \/>\n\u2022 Activitats paral\u00b7leles (concentracions, sortejos, etc.)<br \/>\n\u2022 Estacionament de motos cl\u00e0ssiques<\/p>\n<p>Els assistents podran aix\u00ed mateix trobar peces de tot tipus i recanvis per a les seves motos, documentaci\u00f3, llibres, revistes, regals, roba i tota mena d&#8217;estris relacionats amb el motociclisme cl\u00e0ssic a la zona comercial, on expositors de diferents marques ofereixen els seus articles.<\/p>\n<p>Els horaris de RetroMoto Barcelona seran:\u00a0Divendres 9 i dissabte 10: de 10:00 a 20:00 hores i diumenge dia 11: de 10:00 a 15:00 hores.<\/p>\n<p><iframe src=\"https:\/\/player.vimeo.com\/video\/254676062\" width=\"640\" height=\"351\" frameborder=\"0\" webkitallowfullscreen mozallowfullscreen allowfullscreen><\/iframe><\/p>\n","protected":false},"excerpt":{"rendered":"<p>El Sal\u00f3 RetroMoto Barcelona comen\u00e7a aquest divendres la seva tercera edici\u00f3 amb un gran esdeveniment, ja que aquest any hi ha un homenatge a l&#8217;Escuderia JJ Cobas.<\/p>\n","protected":false},"author":1,"featured_media":5473,"comment_status":"closed","ping_status":"closed","sticky":false,"template":"","format":"standard","meta":{"_monsterinsights_skip_tracking":false,"_monsterinsights_sitenote_active":false,"_monsterinsights_sitenote_note":"","_monsterinsights_sitenote_category":0,"footnotes":""},"categories":[83],"tags":[],"class_list":["post-5472","post","type-post","status-publish","format-standard","has-post-thumbnail","hentry","category-noticies"],"yoast_head":"<!-- This site is optimized with the Yoast SEO plugin v27.5 - https:\/\/yoast.com\/product\/yoast-seo-wordpress\/ -->\n<title>L&#039;homenatge a JJCobas, atracci\u00f3 a RetroMoto - La Farga L&#039;Hospitalet Centre d&#039;Activitats. La Farga GEM, S.A.<\/title>\n<meta name=\"description\" content=\"El Sal\u00f3 RetroMoto Barcelona comen\u00e7a aquest divendres la seva tercera edici\u00f3 amb un gran esdeveniment, ja que aquest any hi ha un homenatge a l&#039;Escuderia JJ Cobas.\" \/>\n<meta name=\"robots\" content=\"index, follow, max-snippet:-1, max-image-preview:large, max-video-preview:-1\" \/>\n<link rel=\"canonical\" href=\"https:\/\/www.lafargalhospitalet.com\/ca\/homenatge-jjcobas-atraccio-retromoto\/\" \/>\n<meta property=\"og:locale\" content=\"ca_ES\" \/>\n<meta property=\"og:type\" content=\"article\" \/>\n<meta property=\"og:title\" content=\"L&#039;homenatge a JJCobas, atracci\u00f3 a RetroMoto - La Farga L&#039;Hospitalet Centre d&#039;Activitats. La Farga GEM, S.A.\" \/>\n<meta property=\"og:description\" content=\"El Sal\u00f3 RetroMoto Barcelona comen\u00e7a aquest divendres la seva tercera edici\u00f3 amb un gran esdeveniment, ja que aquest any hi ha un homenatge a l&#039;Escuderia JJ Cobas.\" \/>\n<meta property=\"og:url\" content=\"https:\/\/www.lafargalhospitalet.com\/ca\/homenatge-jjcobas-atraccio-retromoto\/\" \/>\n<meta property=\"og:site_name\" content=\"La Farga L&#039;Hospitalet Centre d&#039;Activitats. La Farga GEM, S.A.\" \/>\n<meta property=\"article:publisher\" content=\"https:\/\/www.facebook.com\/fargahospitalet\/\" \/>\n<meta property=\"article:published_time\" content=\"2018-02-07T12:16:48+00:00\" \/>\n<meta property=\"article:modified_time\" content=\"2025-11-03T17:28:33+00:00\" \/>\n<meta property=\"og:image\" content=\"https:\/\/www.lafargalhospitalet.com\/wp-content\/uploads\/2018\/02\/RetroMoto18-LaFarga.jpg\" \/>\n\t<meta property=\"og:image:width\" content=\"730\" \/>\n\t<meta property=\"og:image:height\" content=\"410\" \/>\n\t<meta property=\"og:image:type\" content=\"image\/jpeg\" \/>\n<meta name=\"author\" content=\"La Farga Centre d&#039;Activitats\" \/>\n<meta name=\"twitter:card\" content=\"summary_large_image\" \/>\n<meta name=\"twitter:creator\" content=\"@fargahospitalet\" \/>\n<meta name=\"twitter:site\" content=\"@fargahospitalet\" \/>\n<meta name=\"twitter:label1\" content=\"Escrit per\" \/>\n\t<meta name=\"twitter:data1\" content=\"La Farga Centre d&#039;Activitats\" \/>\n\t<meta name=\"twitter:label2\" content=\"Temps estimat de lectura\" \/>\n\t<meta name=\"twitter:data2\" content=\"6 minuts\" \/>\n<script type=\"application\/ld+json\" class=\"yoast-schema-graph\">{\"@context\":\"https:\\\/\\\/schema.org\",\"@graph\":[{\"@type\":\"Article\",\"@id\":\"https:\\\/\\\/www.lafargalhospitalet.com\\\/ca\\\/homenatge-jjcobas-atraccio-retromoto\\\/#article\",\"isPartOf\":{\"@id\":\"https:\\\/\\\/www.lafargalhospitalet.com\\\/ca\\\/homenatge-jjcobas-atraccio-retromoto\\\/\"},\"author\":{\"name\":\"La Farga Centre d'Activitats\",\"@id\":\"https:\\\/\\\/www.lafargalhospitalet.com\\\/#\\\/schema\\\/person\\\/6cbac0ef7748506b167ff859e1c7f378\"},\"headline\":\"L&#8217;homenatge a JJCobas, atracci\u00f3 a RetroMoto\",\"datePublished\":\"2018-02-07T12:16:48+00:00\",\"dateModified\":\"2025-11-03T17:28:33+00:00\",\"mainEntityOfPage\":{\"@id\":\"https:\\\/\\\/www.lafargalhospitalet.com\\\/ca\\\/homenatge-jjcobas-atraccio-retromoto\\\/\"},\"wordCount\":1289,\"publisher\":{\"@id\":\"https:\\\/\\\/www.lafargalhospitalet.com\\\/#organization\"},\"image\":{\"@id\":\"https:\\\/\\\/www.lafargalhospitalet.com\\\/ca\\\/homenatge-jjcobas-atraccio-retromoto\\\/#primaryimage\"},\"thumbnailUrl\":\"https:\\\/\\\/www.lafargalhospitalet.com\\\/wp-content\\\/uploads\\\/2018\\\/02\\\/RetroMoto18-LaFarga.jpg\",\"articleSection\":[\"Noticies\"],\"inLanguage\":\"ca\"},{\"@type\":\"WebPage\",\"@id\":\"https:\\\/\\\/www.lafargalhospitalet.com\\\/ca\\\/homenatge-jjcobas-atraccio-retromoto\\\/\",\"url\":\"https:\\\/\\\/www.lafargalhospitalet.com\\\/ca\\\/homenatge-jjcobas-atraccio-retromoto\\\/\",\"name\":\"L'homenatge a JJCobas, atracci\u00f3 a RetroMoto - La Farga L&#039;Hospitalet Centre d&#039;Activitats. La Farga GEM, S.A.\",\"isPartOf\":{\"@id\":\"https:\\\/\\\/www.lafargalhospitalet.com\\\/#website\"},\"primaryImageOfPage\":{\"@id\":\"https:\\\/\\\/www.lafargalhospitalet.com\\\/ca\\\/homenatge-jjcobas-atraccio-retromoto\\\/#primaryimage\"},\"image\":{\"@id\":\"https:\\\/\\\/www.lafargalhospitalet.com\\\/ca\\\/homenatge-jjcobas-atraccio-retromoto\\\/#primaryimage\"},\"thumbnailUrl\":\"https:\\\/\\\/www.lafargalhospitalet.com\\\/wp-content\\\/uploads\\\/2018\\\/02\\\/RetroMoto18-LaFarga.jpg\",\"datePublished\":\"2018-02-07T12:16:48+00:00\",\"dateModified\":\"2025-11-03T17:28:33+00:00\",\"description\":\"El Sal\u00f3 RetroMoto Barcelona comen\u00e7a aquest divendres la seva tercera edici\u00f3 amb un gran esdeveniment, ja que aquest any hi ha un homenatge a l'Escuderia JJ Cobas.\",\"breadcrumb\":{\"@id\":\"https:\\\/\\\/www.lafargalhospitalet.com\\\/ca\\\/homenatge-jjcobas-atraccio-retromoto\\\/#breadcrumb\"},\"inLanguage\":\"ca\",\"potentialAction\":[{\"@type\":\"ReadAction\",\"target\":[\"https:\\\/\\\/www.lafargalhospitalet.com\\\/ca\\\/homenatge-jjcobas-atraccio-retromoto\\\/\"]}]},{\"@type\":\"ImageObject\",\"inLanguage\":\"ca\",\"@id\":\"https:\\\/\\\/www.lafargalhospitalet.com\\\/ca\\\/homenatge-jjcobas-atraccio-retromoto\\\/#primaryimage\",\"url\":\"https:\\\/\\\/www.lafargalhospitalet.com\\\/wp-content\\\/uploads\\\/2018\\\/02\\\/RetroMoto18-LaFarga.jpg\",\"contentUrl\":\"https:\\\/\\\/www.lafargalhospitalet.com\\\/wp-content\\\/uploads\\\/2018\\\/02\\\/RetroMoto18-LaFarga.jpg\",\"width\":730,\"height\":410,\"caption\":\"RetroMoto Farga\"},{\"@type\":\"BreadcrumbList\",\"@id\":\"https:\\\/\\\/www.lafargalhospitalet.com\\\/ca\\\/homenatge-jjcobas-atraccio-retromoto\\\/#breadcrumb\",\"itemListElement\":[{\"@type\":\"ListItem\",\"position\":1,\"name\":\"Portada\",\"item\":\"https:\\\/\\\/www.lafargalhospitalet.com\\\/\"},{\"@type\":\"ListItem\",\"position\":2,\"name\":\"L&#8217;homenatge a JJCobas, atracci\u00f3 a RetroMoto\"}]},{\"@type\":\"WebSite\",\"@id\":\"https:\\\/\\\/www.lafargalhospitalet.com\\\/#website\",\"url\":\"https:\\\/\\\/www.lafargalhospitalet.com\\\/\",\"name\":\"La Farga L'Hospitalet Centre d'Activitats. La Farga GEM, S.A.\",\"description\":\"La Farga L&#039;Hospitalet Centre d&#039;Activitats. Gestionat per La Farga GEM, S.A. Fires i Congressos. Concerts, exposicions, reunions, filmacions, sopars de gala.\",\"publisher\":{\"@id\":\"https:\\\/\\\/www.lafargalhospitalet.com\\\/#organization\"},\"potentialAction\":[{\"@type\":\"SearchAction\",\"target\":{\"@type\":\"EntryPoint\",\"urlTemplate\":\"https:\\\/\\\/www.lafargalhospitalet.com\\\/?s={search_term_string}\"},\"query-input\":{\"@type\":\"PropertyValueSpecification\",\"valueRequired\":true,\"valueName\":\"search_term_string\"}}],\"inLanguage\":\"ca\"},{\"@type\":\"Organization\",\"@id\":\"https:\\\/\\\/www.lafargalhospitalet.com\\\/#organization\",\"name\":\"La Farga L'Hospitalet Centre d'Activitats. La Farga GEM, S.A.\",\"url\":\"https:\\\/\\\/www.lafargalhospitalet.com\\\/\",\"logo\":{\"@type\":\"ImageObject\",\"inLanguage\":\"ca\",\"@id\":\"https:\\\/\\\/www.lafargalhospitalet.com\\\/#\\\/schema\\\/logo\\\/image\\\/\",\"url\":\"https:\\\/\\\/www.lafargalhospitalet.com\\\/wp-content\\\/uploads\\\/2025\\\/10\\\/logotipo_lafarga_centre_activitats.png\",\"contentUrl\":\"https:\\\/\\\/www.lafargalhospitalet.com\\\/wp-content\\\/uploads\\\/2025\\\/10\\\/logotipo_lafarga_centre_activitats.png\",\"width\":266,\"height\":101,\"caption\":\"La Farga L'Hospitalet Centre d'Activitats. La Farga GEM, S.A.\"},\"image\":{\"@id\":\"https:\\\/\\\/www.lafargalhospitalet.com\\\/#\\\/schema\\\/logo\\\/image\\\/\"},\"sameAs\":[\"https:\\\/\\\/www.facebook.com\\\/fargahospitalet\\\/\",\"https:\\\/\\\/x.com\\\/fargahospitalet\",\"https:\\\/\\\/www.instagram.com\\\/lafargahospitalet\\\/\",\"https:\\\/\\\/www.youtube.com\\\/channel\\\/UCoLt6hen3PqGXgbLMGI3Qdw\",\"https:\\\/\\\/www.flickr.com\\\/photos\\\/lafargagemsa\\\/albums\"]},{\"@type\":\"Person\",\"@id\":\"https:\\\/\\\/www.lafargalhospitalet.com\\\/#\\\/schema\\\/person\\\/6cbac0ef7748506b167ff859e1c7f378\",\"name\":\"La Farga Centre d'Activitats\",\"sameAs\":[\"https:\\\/\\\/www.lafargalhospitalet.com\"],\"url\":\"https:\\\/\\\/www.lafargalhospitalet.com\\\/ca\\\/author\\\/far25gmin\\\/\"}]}<\/script>\n<!-- \/ Yoast SEO plugin. -->","yoast_head_json":{"title":"L'homenatge a JJCobas, atracci\u00f3 a RetroMoto - La Farga L&#039;Hospitalet Centre d&#039;Activitats. La Farga GEM, S.A.","description":"El Sal\u00f3 RetroMoto Barcelona comen\u00e7a aquest divendres la seva tercera edici\u00f3 amb un gran esdeveniment, ja que aquest any hi ha un homenatge a l'Escuderia JJ Cobas.","robots":{"index":"index","follow":"follow","max-snippet":"max-snippet:-1","max-image-preview":"max-image-preview:large","max-video-preview":"max-video-preview:-1"},"canonical":"https:\/\/www.lafargalhospitalet.com\/ca\/homenatge-jjcobas-atraccio-retromoto\/","og_locale":"ca_ES","og_type":"article","og_title":"L'homenatge a JJCobas, atracci\u00f3 a RetroMoto - La Farga L&#039;Hospitalet Centre d&#039;Activitats. La Farga GEM, S.A.","og_description":"El Sal\u00f3 RetroMoto Barcelona comen\u00e7a aquest divendres la seva tercera edici\u00f3 amb un gran esdeveniment, ja que aquest any hi ha un homenatge a l'Escuderia JJ Cobas.","og_url":"https:\/\/www.lafargalhospitalet.com\/ca\/homenatge-jjcobas-atraccio-retromoto\/","og_site_name":"La Farga L&#039;Hospitalet Centre d&#039;Activitats. La Farga GEM, S.A.","article_publisher":"https:\/\/www.facebook.com\/fargahospitalet\/","article_published_time":"2018-02-07T12:16:48+00:00","article_modified_time":"2025-11-03T17:28:33+00:00","og_image":[{"width":730,"height":410,"url":"https:\/\/www.lafargalhospitalet.com\/wp-content\/uploads\/2018\/02\/RetroMoto18-LaFarga.jpg","type":"image\/jpeg"}],"author":"La Farga Centre d'Activitats","twitter_card":"summary_large_image","twitter_creator":"@fargahospitalet","twitter_site":"@fargahospitalet","twitter_misc":{"Escrit per":"La Farga Centre d'Activitats","Temps estimat de lectura":"6 minuts"},"schema":{"@context":"https:\/\/schema.org","@graph":[{"@type":"Article","@id":"https:\/\/www.lafargalhospitalet.com\/ca\/homenatge-jjcobas-atraccio-retromoto\/#article","isPartOf":{"@id":"https:\/\/www.lafargalhospitalet.com\/ca\/homenatge-jjcobas-atraccio-retromoto\/"},"author":{"name":"La Farga Centre d'Activitats","@id":"https:\/\/www.lafargalhospitalet.com\/#\/schema\/person\/6cbac0ef7748506b167ff859e1c7f378"},"headline":"L&#8217;homenatge a JJCobas, atracci\u00f3 a RetroMoto","datePublished":"2018-02-07T12:16:48+00:00","dateModified":"2025-11-03T17:28:33+00:00","mainEntityOfPage":{"@id":"https:\/\/www.lafargalhospitalet.com\/ca\/homenatge-jjcobas-atraccio-retromoto\/"},"wordCount":1289,"publisher":{"@id":"https:\/\/www.lafargalhospitalet.com\/#organization"},"image":{"@id":"https:\/\/www.lafargalhospitalet.com\/ca\/homenatge-jjcobas-atraccio-retromoto\/#primaryimage"},"thumbnailUrl":"https:\/\/www.lafargalhospitalet.com\/wp-content\/uploads\/2018\/02\/RetroMoto18-LaFarga.jpg","articleSection":["Noticies"],"inLanguage":"ca"},{"@type":"WebPage","@id":"https:\/\/www.lafargalhospitalet.com\/ca\/homenatge-jjcobas-atraccio-retromoto\/","url":"https:\/\/www.lafargalhospitalet.com\/ca\/homenatge-jjcobas-atraccio-retromoto\/","name":"L'homenatge a JJCobas, atracci\u00f3 a RetroMoto - La Farga L&#039;Hospitalet Centre d&#039;Activitats. La Farga GEM, S.A.","isPartOf":{"@id":"https:\/\/www.lafargalhospitalet.com\/#website"},"primaryImageOfPage":{"@id":"https:\/\/www.lafargalhospitalet.com\/ca\/homenatge-jjcobas-atraccio-retromoto\/#primaryimage"},"image":{"@id":"https:\/\/www.lafargalhospitalet.com\/ca\/homenatge-jjcobas-atraccio-retromoto\/#primaryimage"},"thumbnailUrl":"https:\/\/www.lafargalhospitalet.com\/wp-content\/uploads\/2018\/02\/RetroMoto18-LaFarga.jpg","datePublished":"2018-02-07T12:16:48+00:00","dateModified":"2025-11-03T17:28:33+00:00","description":"El Sal\u00f3 RetroMoto Barcelona comen\u00e7a aquest divendres la seva tercera edici\u00f3 amb un gran esdeveniment, ja que aquest any hi ha un homenatge a l'Escuderia JJ Cobas.","breadcrumb":{"@id":"https:\/\/www.lafargalhospitalet.com\/ca\/homenatge-jjcobas-atraccio-retromoto\/#breadcrumb"},"inLanguage":"ca","potentialAction":[{"@type":"ReadAction","target":["https:\/\/www.lafargalhospitalet.com\/ca\/homenatge-jjcobas-atraccio-retromoto\/"]}]},{"@type":"ImageObject","inLanguage":"ca","@id":"https:\/\/www.lafargalhospitalet.com\/ca\/homenatge-jjcobas-atraccio-retromoto\/#primaryimage","url":"https:\/\/www.lafargalhospitalet.com\/wp-content\/uploads\/2018\/02\/RetroMoto18-LaFarga.jpg","contentUrl":"https:\/\/www.lafargalhospitalet.com\/wp-content\/uploads\/2018\/02\/RetroMoto18-LaFarga.jpg","width":730,"height":410,"caption":"RetroMoto Farga"},{"@type":"BreadcrumbList","@id":"https:\/\/www.lafargalhospitalet.com\/ca\/homenatge-jjcobas-atraccio-retromoto\/#breadcrumb","itemListElement":[{"@type":"ListItem","position":1,"name":"Portada","item":"https:\/\/www.lafargalhospitalet.com\/"},{"@type":"ListItem","position":2,"name":"L&#8217;homenatge a JJCobas, atracci\u00f3 a RetroMoto"}]},{"@type":"WebSite","@id":"https:\/\/www.lafargalhospitalet.com\/#website","url":"https:\/\/www.lafargalhospitalet.com\/","name":"La Farga L'Hospitalet Centre d'Activitats. La Farga GEM, S.A.","description":"La Farga L&#039;Hospitalet Centre d&#039;Activitats. Gestionat per La Farga GEM, S.A. Fires i Congressos. Concerts, exposicions, reunions, filmacions, sopars de gala.","publisher":{"@id":"https:\/\/www.lafargalhospitalet.com\/#organization"},"potentialAction":[{"@type":"SearchAction","target":{"@type":"EntryPoint","urlTemplate":"https:\/\/www.lafargalhospitalet.com\/?s={search_term_string}"},"query-input":{"@type":"PropertyValueSpecification","valueRequired":true,"valueName":"search_term_string"}}],"inLanguage":"ca"},{"@type":"Organization","@id":"https:\/\/www.lafargalhospitalet.com\/#organization","name":"La Farga L'Hospitalet Centre d'Activitats. La Farga GEM, S.A.","url":"https:\/\/www.lafargalhospitalet.com\/","logo":{"@type":"ImageObject","inLanguage":"ca","@id":"https:\/\/www.lafargalhospitalet.com\/#\/schema\/logo\/image\/","url":"https:\/\/www.lafargalhospitalet.com\/wp-content\/uploads\/2025\/10\/logotipo_lafarga_centre_activitats.png","contentUrl":"https:\/\/www.lafargalhospitalet.com\/wp-content\/uploads\/2025\/10\/logotipo_lafarga_centre_activitats.png","width":266,"height":101,"caption":"La Farga L'Hospitalet Centre d'Activitats. La Farga GEM, S.A."},"image":{"@id":"https:\/\/www.lafargalhospitalet.com\/#\/schema\/logo\/image\/"},"sameAs":["https:\/\/www.facebook.com\/fargahospitalet\/","https:\/\/x.com\/fargahospitalet","https:\/\/www.instagram.com\/lafargahospitalet\/","https:\/\/www.youtube.com\/channel\/UCoLt6hen3PqGXgbLMGI3Qdw","https:\/\/www.flickr.com\/photos\/lafargagemsa\/albums"]},{"@type":"Person","@id":"https:\/\/www.lafargalhospitalet.com\/#\/schema\/person\/6cbac0ef7748506b167ff859e1c7f378","name":"La Farga Centre d'Activitats","sameAs":["https:\/\/www.lafargalhospitalet.com"],"url":"https:\/\/www.lafargalhospitalet.com\/ca\/author\/far25gmin\/"}]}},"_links":{"self":[{"href":"https:\/\/www.lafargalhospitalet.com\/ca\/wp-json\/wp\/v2\/posts\/5472","targetHints":{"allow":["GET"]}}],"collection":[{"href":"https:\/\/www.lafargalhospitalet.com\/ca\/wp-json\/wp\/v2\/posts"}],"about":[{"href":"https:\/\/www.lafargalhospitalet.com\/ca\/wp-json\/wp\/v2\/types\/post"}],"author":[{"embeddable":true,"href":"https:\/\/www.lafargalhospitalet.com\/ca\/wp-json\/wp\/v2\/users\/1"}],"replies":[{"embeddable":true,"href":"https:\/\/www.lafargalhospitalet.com\/ca\/wp-json\/wp\/v2\/comments?post=5472"}],"version-history":[{"count":0,"href":"https:\/\/www.lafargalhospitalet.com\/ca\/wp-json\/wp\/v2\/posts\/5472\/revisions"}],"wp:featuredmedia":[{"embeddable":true,"href":"https:\/\/www.lafargalhospitalet.com\/ca\/wp-json\/wp\/v2\/media\/5473"}],"wp:attachment":[{"href":"https:\/\/www.lafargalhospitalet.com\/ca\/wp-json\/wp\/v2\/media?parent=5472"}],"wp:term":[{"taxonomy":"category","embeddable":true,"href":"https:\/\/www.lafargalhospitalet.com\/ca\/wp-json\/wp\/v2\/categories?post=5472"},{"taxonomy":"post_tag","embeddable":true,"href":"https:\/\/www.lafargalhospitalet.com\/ca\/wp-json\/wp\/v2\/tags?post=5472"}],"curies":[{"name":"wp","href":"https:\/\/api.w.org\/{rel}","templated":true}]}}