{"id":5495,"date":"2018-02-12T16:45:59","date_gmt":"2018-02-12T15:45:59","guid":{"rendered":"http:\/\/www.lafargalhospitalet.com\/?p=5495"},"modified":"2025-11-03T18:28:33","modified_gmt":"2025-11-03T17:28:33","slug":"elvira-tercera-edicio-retromoto-consolidacio","status":"publish","type":"post","link":"https:\/\/www.lafargalhospitalet.com\/ca\/elvira-tercera-edicio-retromoto-consolidacio\/","title":{"rendered":"Jos\u00e9 E. Elvira: &#8216;La tercera edici\u00f3 de RetroMoto ha estat de consolidaci\u00f3&#8217;"},"content":{"rendered":"<h5>Els organitzadors pensen en una quarta edici\u00f3<\/h5>\n<p>El <a href=\"http:\/\/www.eventosmotor.com\" target=\"_blank\" rel=\"noopener\"><strong>III Sal\u00f3 RetroMoto Barcelona<\/strong><\/a>, que s&#8217;ha celebrat aquest cap de setmana passat, s&#8217;aferma com a fira de refer\u00e8ncia del sector de les motos cl\u00e0ssiques amb m\u00e9s de\u00a014.000 persones en els dos dies i mig que ha estat obert.<\/p>\n<p>RetroMoto Barcelona ha tinguts dos actes de refer\u00e8ncia en aquesta edici\u00f3, com va ser l&#8217;homenatge a l&#8217;<a href=\"https:\/\/www.lafargalhospitalet.com\/homenatge-jjcobas-atraccio-retromoto\/\" target=\"_blank\" rel=\"noopener\"><strong>Escuderia JJ Cobas<\/strong><\/a> celebrat divendres, amb la pres\u00e8ncia de gran part dels familiars dels seus fundadors, Jacinto Moriana i Antonio Cobas, aix\u00ed com de pilots, managers, empresaris i altres professionals.<\/p>\n<p>En aquest homenatge es van lliurar les corresponents plaques d&#8217;honor i es va visitar l\u2019estand especial on figuraven diverses de les motos de l&#8217;escuderia, encap\u00e7alades per la JJ Cobas 125 cc Campiona del M\u00f3n amb Alex Crivill\u00e9.<\/p>\n<p>Un altre dels esdeveniments destacats ha estat la presentaci\u00f3 del Moto Cl\u00e0ssic Circuit 2018, que s&#8217;ha celebrat dissabte amb la pres\u00e8ncia de m\u00e9s d&#8217;un centenar d&#8217;assistents, pilots i integrants d&#8217;equips en algunes de les 3 proves organitzades per la Federaci\u00f3 Catalana de Motociclisme, com s\u00f3n el Campionat de Catalunya de Velocitat de Cl\u00e0ssiques, la Copa Catalana de Resist\u00e8ncia de Cl\u00e0ssiques i les Porsche MotoClassic S\u00e8ries.<\/p>\n<h5>Bultaco, protagonista<\/h5>\n<p>A m\u00e9s, ha estat refer\u00e8ncies en la fira l&#8217;espai monogr\u00e0fic dedicat aquest any a les Bultaco de carretera, amb pres\u00e8ncia d&#8217;una dotzena de motos, com Bultaco Tralla, 155, Metralla 62, Metralla MK2, Streaker, Metralla GTS, Mercuri o Junior, els estands de diversos clubs, la zona d&#8217;aparcament, on s&#8217;ha contemplat algunes motos cl\u00e0ssiques de molt inter\u00e8s, o la zona comercial, on els aficionats han pogut adquirir peces i recanvis, a m\u00e9s de regals i records.<\/p>\n<p>El director del certamen, Jos\u00e9 Enrique Elvira, ha assenyalat que <em>&#8220;la tercera edici\u00f3 de RetroMoto Barcelona ha estat de consolidaci\u00f3, amb destacada pres\u00e8ncia de clubs i una acceptable assist\u00e8ncia d&#8217;afeccionats, malgrat les dures condicions clim\u00e0tiques, per la qual cosa esperem que en successives cites la fira vagi guanyant en nombre d&#8217;expositors i en assist\u00e8ncia de p\u00fablic\u201d<\/em>.<\/p>\n<p>Ha estat en definitiva un pas positiu m\u00e9s d&#8217;una mostra que \u00e9s pionera i que ha tingut un bon suport d&#8217;aficionats i p\u00fablic en general, la qual cosa permetr\u00e0 que l&#8217;organitzaci\u00f3 continu\u00ef amb aquest sal\u00f3 monogr\u00e0fic dedicat a la motos cl\u00e0ssiques, preparant ja l&#8217;edici\u00f3 de 2019.<\/p>\n","protected":false},"excerpt":{"rendered":"<p>El III Sal\u00f3 RetroMoto Barcelona, que s&#8217;ha celebrat aquest cap de setmana passat, s&#8217;aferma com a fira de refer\u00e8ncia del sector de les motos cl\u00e0ssiques amb m\u00e9s de\u00a014.000 persones en els dos dies i mig que ha estat obert.<\/p>\n","protected":false},"author":1,"featured_media":5496,"comment_status":"closed","ping_status":"closed","sticky":false,"template":"","format":"standard","meta":{"_monsterinsights_skip_tracking":false,"_monsterinsights_sitenote_active":false,"_monsterinsights_sitenote_note":"","_monsterinsights_sitenote_category":0,"footnotes":""},"categories":[83],"tags":[],"class_list":["post-5495","post","type-post","status-publish","format-standard","has-post-thumbnail","hentry","category-noticies"],"yoast_head":"<!-- This site is optimized with the Yoast SEO plugin v27.5 - https:\/\/yoast.com\/product\/yoast-seo-wordpress\/ -->\n<title>Jos\u00e9 E. Elvira: &#039;La tercera edici\u00f3 de RetroMoto ha estat de consolidaci\u00f3&#039; - La Farga L&#039;Hospitalet Centre d&#039;Activitats. La Farga GEM, S.A.<\/title>\n<meta name=\"description\" content=\"El III Sal\u00f3 RetroMoto Barcelona, que s&#039;ha celebrat aquest cap de setmana passat, s&#039;aferma com a fira de refer\u00e8ncia del sector de les motos cl\u00e0ssiques amb m\u00e9s de\u00a014.000 persones. Jos\u00e9 E. Elvira: &#039;La tercera edici\u00f3 de RetroMoto ha estat de consolidaci\u00f3&#039;\" \/>\n<meta name=\"robots\" content=\"index, follow, max-snippet:-1, max-image-preview:large, max-video-preview:-1\" \/>\n<link rel=\"canonical\" href=\"https:\/\/www.lafargalhospitalet.com\/ca\/elvira-tercera-edicio-retromoto-consolidacio\/\" \/>\n<meta property=\"og:locale\" content=\"ca_ES\" \/>\n<meta property=\"og:type\" content=\"article\" \/>\n<meta property=\"og:title\" content=\"Jos\u00e9 E. Elvira: &#039;La tercera edici\u00f3 de RetroMoto ha estat de consolidaci\u00f3&#039; - La Farga L&#039;Hospitalet Centre d&#039;Activitats. La Farga GEM, S.A.\" \/>\n<meta property=\"og:description\" content=\"El III Sal\u00f3 RetroMoto Barcelona, que s&#039;ha celebrat aquest cap de setmana passat, s&#039;aferma com a fira de refer\u00e8ncia del sector de les motos cl\u00e0ssiques amb m\u00e9s de\u00a014.000 persones. Jos\u00e9 E. Elvira: &#039;La tercera edici\u00f3 de RetroMoto ha estat de consolidaci\u00f3&#039;\" \/>\n<meta property=\"og:url\" content=\"https:\/\/www.lafargalhospitalet.com\/ca\/elvira-tercera-edicio-retromoto-consolidacio\/\" \/>\n<meta property=\"og:site_name\" content=\"La Farga L&#039;Hospitalet Centre d&#039;Activitats. La Farga GEM, S.A.\" \/>\n<meta property=\"article:publisher\" content=\"https:\/\/www.facebook.com\/fargahospitalet\/\" \/>\n<meta property=\"article:published_time\" content=\"2018-02-12T15:45:59+00:00\" \/>\n<meta property=\"article:modified_time\" content=\"2025-11-03T17:28:33+00:00\" \/>\n<meta property=\"og:image\" content=\"https:\/\/www.lafargalhospitalet.com\/wp-content\/uploads\/2018\/02\/RetroMoto18-Farga-Balanc.jpg\" \/>\n\t<meta property=\"og:image:width\" content=\"730\" \/>\n\t<meta property=\"og:image:height\" content=\"410\" \/>\n\t<meta property=\"og:image:type\" content=\"image\/jpeg\" \/>\n<meta name=\"author\" content=\"La Farga Centre d&#039;Activitats\" \/>\n<meta name=\"twitter:card\" content=\"summary_large_image\" \/>\n<meta name=\"twitter:creator\" content=\"@fargahospitalet\" \/>\n<meta name=\"twitter:site\" content=\"@fargahospitalet\" \/>\n<meta name=\"twitter:label1\" content=\"Escrit per\" \/>\n\t<meta name=\"twitter:data1\" content=\"La Farga Centre d&#039;Activitats\" \/>\n\t<meta name=\"twitter:label2\" content=\"Temps estimat de lectura\" \/>\n\t<meta name=\"twitter:data2\" content=\"2 minuts\" \/>\n<script type=\"application\/ld+json\" class=\"yoast-schema-graph\">{\"@context\":\"https:\\\/\\\/schema.org\",\"@graph\":[{\"@type\":\"Article\",\"@id\":\"https:\\\/\\\/www.lafargalhospitalet.com\\\/ca\\\/elvira-tercera-edicio-retromoto-consolidacio\\\/#article\",\"isPartOf\":{\"@id\":\"https:\\\/\\\/www.lafargalhospitalet.com\\\/ca\\\/elvira-tercera-edicio-retromoto-consolidacio\\\/\"},\"author\":{\"name\":\"La Farga Centre d'Activitats\",\"@id\":\"https:\\\/\\\/www.lafargalhospitalet.com\\\/#\\\/schema\\\/person\\\/6cbac0ef7748506b167ff859e1c7f378\"},\"headline\":\"Jos\u00e9 E. Elvira: &#8216;La tercera edici\u00f3 de RetroMoto ha estat de consolidaci\u00f3&#8217;\",\"datePublished\":\"2018-02-12T15:45:59+00:00\",\"dateModified\":\"2025-11-03T17:28:33+00:00\",\"mainEntityOfPage\":{\"@id\":\"https:\\\/\\\/www.lafargalhospitalet.com\\\/ca\\\/elvira-tercera-edicio-retromoto-consolidacio\\\/\"},\"wordCount\":430,\"publisher\":{\"@id\":\"https:\\\/\\\/www.lafargalhospitalet.com\\\/#organization\"},\"image\":{\"@id\":\"https:\\\/\\\/www.lafargalhospitalet.com\\\/ca\\\/elvira-tercera-edicio-retromoto-consolidacio\\\/#primaryimage\"},\"thumbnailUrl\":\"https:\\\/\\\/www.lafargalhospitalet.com\\\/wp-content\\\/uploads\\\/2018\\\/02\\\/RetroMoto18-Farga-Balanc.jpg\",\"articleSection\":[\"Noticies\"],\"inLanguage\":\"ca\"},{\"@type\":\"WebPage\",\"@id\":\"https:\\\/\\\/www.lafargalhospitalet.com\\\/ca\\\/elvira-tercera-edicio-retromoto-consolidacio\\\/\",\"url\":\"https:\\\/\\\/www.lafargalhospitalet.com\\\/ca\\\/elvira-tercera-edicio-retromoto-consolidacio\\\/\",\"name\":\"Jos\u00e9 E. Elvira: 'La tercera edici\u00f3 de RetroMoto ha estat de consolidaci\u00f3' - La Farga L&#039;Hospitalet Centre d&#039;Activitats. La Farga GEM, S.A.\",\"isPartOf\":{\"@id\":\"https:\\\/\\\/www.lafargalhospitalet.com\\\/#website\"},\"primaryImageOfPage\":{\"@id\":\"https:\\\/\\\/www.lafargalhospitalet.com\\\/ca\\\/elvira-tercera-edicio-retromoto-consolidacio\\\/#primaryimage\"},\"image\":{\"@id\":\"https:\\\/\\\/www.lafargalhospitalet.com\\\/ca\\\/elvira-tercera-edicio-retromoto-consolidacio\\\/#primaryimage\"},\"thumbnailUrl\":\"https:\\\/\\\/www.lafargalhospitalet.com\\\/wp-content\\\/uploads\\\/2018\\\/02\\\/RetroMoto18-Farga-Balanc.jpg\",\"datePublished\":\"2018-02-12T15:45:59+00:00\",\"dateModified\":\"2025-11-03T17:28:33+00:00\",\"description\":\"El III Sal\u00f3 RetroMoto Barcelona, que s'ha celebrat aquest cap de setmana passat, s'aferma com a fira de refer\u00e8ncia del sector de les motos cl\u00e0ssiques amb m\u00e9s de\u00a014.000 persones. Jos\u00e9 E. Elvira: 'La tercera edici\u00f3 de RetroMoto ha estat de consolidaci\u00f3'\",\"breadcrumb\":{\"@id\":\"https:\\\/\\\/www.lafargalhospitalet.com\\\/ca\\\/elvira-tercera-edicio-retromoto-consolidacio\\\/#breadcrumb\"},\"inLanguage\":\"ca\",\"potentialAction\":[{\"@type\":\"ReadAction\",\"target\":[\"https:\\\/\\\/www.lafargalhospitalet.com\\\/ca\\\/elvira-tercera-edicio-retromoto-consolidacio\\\/\"]}]},{\"@type\":\"ImageObject\",\"inLanguage\":\"ca\",\"@id\":\"https:\\\/\\\/www.lafargalhospitalet.com\\\/ca\\\/elvira-tercera-edicio-retromoto-consolidacio\\\/#primaryimage\",\"url\":\"https:\\\/\\\/www.lafargalhospitalet.com\\\/wp-content\\\/uploads\\\/2018\\\/02\\\/RetroMoto18-Farga-Balanc.jpg\",\"contentUrl\":\"https:\\\/\\\/www.lafargalhospitalet.com\\\/wp-content\\\/uploads\\\/2018\\\/02\\\/RetroMoto18-Farga-Balanc.jpg\",\"width\":730,\"height\":410,\"caption\":\"RetroMoto Consolidaci\u00f3\"},{\"@type\":\"BreadcrumbList\",\"@id\":\"https:\\\/\\\/www.lafargalhospitalet.com\\\/ca\\\/elvira-tercera-edicio-retromoto-consolidacio\\\/#breadcrumb\",\"itemListElement\":[{\"@type\":\"ListItem\",\"position\":1,\"name\":\"Portada\",\"item\":\"https:\\\/\\\/www.lafargalhospitalet.com\\\/\"},{\"@type\":\"ListItem\",\"position\":2,\"name\":\"Jos\u00e9 E. Elvira: &#8216;La tercera edici\u00f3 de RetroMoto ha estat de consolidaci\u00f3&#8217;\"}]},{\"@type\":\"WebSite\",\"@id\":\"https:\\\/\\\/www.lafargalhospitalet.com\\\/#website\",\"url\":\"https:\\\/\\\/www.lafargalhospitalet.com\\\/\",\"name\":\"La Farga L'Hospitalet Centre d'Activitats. La Farga GEM, S.A.\",\"description\":\"La Farga L&#039;Hospitalet Centre d&#039;Activitats. Gestionat per La Farga GEM, S.A. Fires i Congressos. Concerts, exposicions, reunions, filmacions, sopars de gala.\",\"publisher\":{\"@id\":\"https:\\\/\\\/www.lafargalhospitalet.com\\\/#organization\"},\"potentialAction\":[{\"@type\":\"SearchAction\",\"target\":{\"@type\":\"EntryPoint\",\"urlTemplate\":\"https:\\\/\\\/www.lafargalhospitalet.com\\\/?s={search_term_string}\"},\"query-input\":{\"@type\":\"PropertyValueSpecification\",\"valueRequired\":true,\"valueName\":\"search_term_string\"}}],\"inLanguage\":\"ca\"},{\"@type\":\"Organization\",\"@id\":\"https:\\\/\\\/www.lafargalhospitalet.com\\\/#organization\",\"name\":\"La Farga L'Hospitalet Centre d'Activitats. La Farga GEM, S.A.\",\"url\":\"https:\\\/\\\/www.lafargalhospitalet.com\\\/\",\"logo\":{\"@type\":\"ImageObject\",\"inLanguage\":\"ca\",\"@id\":\"https:\\\/\\\/www.lafargalhospitalet.com\\\/#\\\/schema\\\/logo\\\/image\\\/\",\"url\":\"https:\\\/\\\/www.lafargalhospitalet.com\\\/wp-content\\\/uploads\\\/2025\\\/10\\\/logotipo_lafarga_centre_activitats.png\",\"contentUrl\":\"https:\\\/\\\/www.lafargalhospitalet.com\\\/wp-content\\\/uploads\\\/2025\\\/10\\\/logotipo_lafarga_centre_activitats.png\",\"width\":266,\"height\":101,\"caption\":\"La Farga L'Hospitalet Centre d'Activitats. La Farga GEM, S.A.\"},\"image\":{\"@id\":\"https:\\\/\\\/www.lafargalhospitalet.com\\\/#\\\/schema\\\/logo\\\/image\\\/\"},\"sameAs\":[\"https:\\\/\\\/www.facebook.com\\\/fargahospitalet\\\/\",\"https:\\\/\\\/x.com\\\/fargahospitalet\",\"https:\\\/\\\/www.instagram.com\\\/lafargahospitalet\\\/\",\"https:\\\/\\\/www.youtube.com\\\/channel\\\/UCoLt6hen3PqGXgbLMGI3Qdw\",\"https:\\\/\\\/www.flickr.com\\\/photos\\\/lafargagemsa\\\/albums\"]},{\"@type\":\"Person\",\"@id\":\"https:\\\/\\\/www.lafargalhospitalet.com\\\/#\\\/schema\\\/person\\\/6cbac0ef7748506b167ff859e1c7f378\",\"name\":\"La Farga Centre d'Activitats\",\"sameAs\":[\"https:\\\/\\\/www.lafargalhospitalet.com\"],\"url\":\"https:\\\/\\\/www.lafargalhospitalet.com\\\/ca\\\/author\\\/far25gmin\\\/\"}]}<\/script>\n<!-- \/ Yoast SEO plugin. -->","yoast_head_json":{"title":"Jos\u00e9 E. Elvira: 'La tercera edici\u00f3 de RetroMoto ha estat de consolidaci\u00f3' - La Farga L&#039;Hospitalet Centre d&#039;Activitats. La Farga GEM, S.A.","description":"El III Sal\u00f3 RetroMoto Barcelona, que s'ha celebrat aquest cap de setmana passat, s'aferma com a fira de refer\u00e8ncia del sector de les motos cl\u00e0ssiques amb m\u00e9s de\u00a014.000 persones. Jos\u00e9 E. Elvira: 'La tercera edici\u00f3 de RetroMoto ha estat de consolidaci\u00f3'","robots":{"index":"index","follow":"follow","max-snippet":"max-snippet:-1","max-image-preview":"max-image-preview:large","max-video-preview":"max-video-preview:-1"},"canonical":"https:\/\/www.lafargalhospitalet.com\/ca\/elvira-tercera-edicio-retromoto-consolidacio\/","og_locale":"ca_ES","og_type":"article","og_title":"Jos\u00e9 E. Elvira: 'La tercera edici\u00f3 de RetroMoto ha estat de consolidaci\u00f3' - La Farga L&#039;Hospitalet Centre d&#039;Activitats. La Farga GEM, S.A.","og_description":"El III Sal\u00f3 RetroMoto Barcelona, que s'ha celebrat aquest cap de setmana passat, s'aferma com a fira de refer\u00e8ncia del sector de les motos cl\u00e0ssiques amb m\u00e9s de\u00a014.000 persones. Jos\u00e9 E. Elvira: 'La tercera edici\u00f3 de RetroMoto ha estat de consolidaci\u00f3'","og_url":"https:\/\/www.lafargalhospitalet.com\/ca\/elvira-tercera-edicio-retromoto-consolidacio\/","og_site_name":"La Farga L&#039;Hospitalet Centre d&#039;Activitats. La Farga GEM, S.A.","article_publisher":"https:\/\/www.facebook.com\/fargahospitalet\/","article_published_time":"2018-02-12T15:45:59+00:00","article_modified_time":"2025-11-03T17:28:33+00:00","og_image":[{"width":730,"height":410,"url":"https:\/\/www.lafargalhospitalet.com\/wp-content\/uploads\/2018\/02\/RetroMoto18-Farga-Balanc.jpg","type":"image\/jpeg"}],"author":"La Farga Centre d'Activitats","twitter_card":"summary_large_image","twitter_creator":"@fargahospitalet","twitter_site":"@fargahospitalet","twitter_misc":{"Escrit per":"La Farga Centre d'Activitats","Temps estimat de lectura":"2 minuts"},"schema":{"@context":"https:\/\/schema.org","@graph":[{"@type":"Article","@id":"https:\/\/www.lafargalhospitalet.com\/ca\/elvira-tercera-edicio-retromoto-consolidacio\/#article","isPartOf":{"@id":"https:\/\/www.lafargalhospitalet.com\/ca\/elvira-tercera-edicio-retromoto-consolidacio\/"},"author":{"name":"La Farga Centre d'Activitats","@id":"https:\/\/www.lafargalhospitalet.com\/#\/schema\/person\/6cbac0ef7748506b167ff859e1c7f378"},"headline":"Jos\u00e9 E. Elvira: &#8216;La tercera edici\u00f3 de RetroMoto ha estat de consolidaci\u00f3&#8217;","datePublished":"2018-02-12T15:45:59+00:00","dateModified":"2025-11-03T17:28:33+00:00","mainEntityOfPage":{"@id":"https:\/\/www.lafargalhospitalet.com\/ca\/elvira-tercera-edicio-retromoto-consolidacio\/"},"wordCount":430,"publisher":{"@id":"https:\/\/www.lafargalhospitalet.com\/#organization"},"image":{"@id":"https:\/\/www.lafargalhospitalet.com\/ca\/elvira-tercera-edicio-retromoto-consolidacio\/#primaryimage"},"thumbnailUrl":"https:\/\/www.lafargalhospitalet.com\/wp-content\/uploads\/2018\/02\/RetroMoto18-Farga-Balanc.jpg","articleSection":["Noticies"],"inLanguage":"ca"},{"@type":"WebPage","@id":"https:\/\/www.lafargalhospitalet.com\/ca\/elvira-tercera-edicio-retromoto-consolidacio\/","url":"https:\/\/www.lafargalhospitalet.com\/ca\/elvira-tercera-edicio-retromoto-consolidacio\/","name":"Jos\u00e9 E. Elvira: 'La tercera edici\u00f3 de RetroMoto ha estat de consolidaci\u00f3' - La Farga L&#039;Hospitalet Centre d&#039;Activitats. La Farga GEM, S.A.","isPartOf":{"@id":"https:\/\/www.lafargalhospitalet.com\/#website"},"primaryImageOfPage":{"@id":"https:\/\/www.lafargalhospitalet.com\/ca\/elvira-tercera-edicio-retromoto-consolidacio\/#primaryimage"},"image":{"@id":"https:\/\/www.lafargalhospitalet.com\/ca\/elvira-tercera-edicio-retromoto-consolidacio\/#primaryimage"},"thumbnailUrl":"https:\/\/www.lafargalhospitalet.com\/wp-content\/uploads\/2018\/02\/RetroMoto18-Farga-Balanc.jpg","datePublished":"2018-02-12T15:45:59+00:00","dateModified":"2025-11-03T17:28:33+00:00","description":"El III Sal\u00f3 RetroMoto Barcelona, que s'ha celebrat aquest cap de setmana passat, s'aferma com a fira de refer\u00e8ncia del sector de les motos cl\u00e0ssiques amb m\u00e9s de\u00a014.000 persones. Jos\u00e9 E. Elvira: 'La tercera edici\u00f3 de RetroMoto ha estat de consolidaci\u00f3'","breadcrumb":{"@id":"https:\/\/www.lafargalhospitalet.com\/ca\/elvira-tercera-edicio-retromoto-consolidacio\/#breadcrumb"},"inLanguage":"ca","potentialAction":[{"@type":"ReadAction","target":["https:\/\/www.lafargalhospitalet.com\/ca\/elvira-tercera-edicio-retromoto-consolidacio\/"]}]},{"@type":"ImageObject","inLanguage":"ca","@id":"https:\/\/www.lafargalhospitalet.com\/ca\/elvira-tercera-edicio-retromoto-consolidacio\/#primaryimage","url":"https:\/\/www.lafargalhospitalet.com\/wp-content\/uploads\/2018\/02\/RetroMoto18-Farga-Balanc.jpg","contentUrl":"https:\/\/www.lafargalhospitalet.com\/wp-content\/uploads\/2018\/02\/RetroMoto18-Farga-Balanc.jpg","width":730,"height":410,"caption":"RetroMoto Consolidaci\u00f3"},{"@type":"BreadcrumbList","@id":"https:\/\/www.lafargalhospitalet.com\/ca\/elvira-tercera-edicio-retromoto-consolidacio\/#breadcrumb","itemListElement":[{"@type":"ListItem","position":1,"name":"Portada","item":"https:\/\/www.lafargalhospitalet.com\/"},{"@type":"ListItem","position":2,"name":"Jos\u00e9 E. Elvira: &#8216;La tercera edici\u00f3 de RetroMoto ha estat de consolidaci\u00f3&#8217;"}]},{"@type":"WebSite","@id":"https:\/\/www.lafargalhospitalet.com\/#website","url":"https:\/\/www.lafargalhospitalet.com\/","name":"La Farga L'Hospitalet Centre d'Activitats. La Farga GEM, S.A.","description":"La Farga L&#039;Hospitalet Centre d&#039;Activitats. Gestionat per La Farga GEM, S.A. Fires i Congressos. Concerts, exposicions, reunions, filmacions, sopars de gala.","publisher":{"@id":"https:\/\/www.lafargalhospitalet.com\/#organization"},"potentialAction":[{"@type":"SearchAction","target":{"@type":"EntryPoint","urlTemplate":"https:\/\/www.lafargalhospitalet.com\/?s={search_term_string}"},"query-input":{"@type":"PropertyValueSpecification","valueRequired":true,"valueName":"search_term_string"}}],"inLanguage":"ca"},{"@type":"Organization","@id":"https:\/\/www.lafargalhospitalet.com\/#organization","name":"La Farga L'Hospitalet Centre d'Activitats. La Farga GEM, S.A.","url":"https:\/\/www.lafargalhospitalet.com\/","logo":{"@type":"ImageObject","inLanguage":"ca","@id":"https:\/\/www.lafargalhospitalet.com\/#\/schema\/logo\/image\/","url":"https:\/\/www.lafargalhospitalet.com\/wp-content\/uploads\/2025\/10\/logotipo_lafarga_centre_activitats.png","contentUrl":"https:\/\/www.lafargalhospitalet.com\/wp-content\/uploads\/2025\/10\/logotipo_lafarga_centre_activitats.png","width":266,"height":101,"caption":"La Farga L'Hospitalet Centre d'Activitats. La Farga GEM, S.A."},"image":{"@id":"https:\/\/www.lafargalhospitalet.com\/#\/schema\/logo\/image\/"},"sameAs":["https:\/\/www.facebook.com\/fargahospitalet\/","https:\/\/x.com\/fargahospitalet","https:\/\/www.instagram.com\/lafargahospitalet\/","https:\/\/www.youtube.com\/channel\/UCoLt6hen3PqGXgbLMGI3Qdw","https:\/\/www.flickr.com\/photos\/lafargagemsa\/albums"]},{"@type":"Person","@id":"https:\/\/www.lafargalhospitalet.com\/#\/schema\/person\/6cbac0ef7748506b167ff859e1c7f378","name":"La Farga Centre d'Activitats","sameAs":["https:\/\/www.lafargalhospitalet.com"],"url":"https:\/\/www.lafargalhospitalet.com\/ca\/author\/far25gmin\/"}]}},"_links":{"self":[{"href":"https:\/\/www.lafargalhospitalet.com\/ca\/wp-json\/wp\/v2\/posts\/5495","targetHints":{"allow":["GET"]}}],"collection":[{"href":"https:\/\/www.lafargalhospitalet.com\/ca\/wp-json\/wp\/v2\/posts"}],"about":[{"href":"https:\/\/www.lafargalhospitalet.com\/ca\/wp-json\/wp\/v2\/types\/post"}],"author":[{"embeddable":true,"href":"https:\/\/www.lafargalhospitalet.com\/ca\/wp-json\/wp\/v2\/users\/1"}],"replies":[{"embeddable":true,"href":"https:\/\/www.lafargalhospitalet.com\/ca\/wp-json\/wp\/v2\/comments?post=5495"}],"version-history":[{"count":0,"href":"https:\/\/www.lafargalhospitalet.com\/ca\/wp-json\/wp\/v2\/posts\/5495\/revisions"}],"wp:featuredmedia":[{"embeddable":true,"href":"https:\/\/www.lafargalhospitalet.com\/ca\/wp-json\/wp\/v2\/media\/5496"}],"wp:attachment":[{"href":"https:\/\/www.lafargalhospitalet.com\/ca\/wp-json\/wp\/v2\/media?parent=5495"}],"wp:term":[{"taxonomy":"category","embeddable":true,"href":"https:\/\/www.lafargalhospitalet.com\/ca\/wp-json\/wp\/v2\/categories?post=5495"},{"taxonomy":"post_tag","embeddable":true,"href":"https:\/\/www.lafargalhospitalet.com\/ca\/wp-json\/wp\/v2\/tags?post=5495"}],"curies":[{"name":"wp","href":"https:\/\/api.w.org\/{rel}","templated":true}]}}