{"id":5544,"date":"2018-02-26T11:54:08","date_gmt":"2018-02-26T10:54:08","guid":{"rendered":"http:\/\/www.lafargalhospitalet.com\/?p=5544"},"modified":"2025-11-03T18:28:32","modified_gmt":"2025-11-03T17:28:32","slug":"arriba-el-mwc-a-la-farga-de-lhospitalet","status":"publish","type":"post","link":"https:\/\/www.lafargalhospitalet.com\/ca\/arriba-el-mwc-a-la-farga-de-lhospitalet\/","title":{"rendered":"Arriba el MWC a La Farga de L&#8217;Hospitalet"},"content":{"rendered":"<h5>Per primer cop, activitat del Mobile World Congress a La Farga<\/h5>\n<p><a href=\"https:\/\/www.lafargalhospitalet.com\/agenda-cat\/\" target=\"_blank\" rel=\"noopener\"><strong>La Farga Centre d&#8217;Activitats<\/strong><\/a> ja est\u00e0 a ple rendiment per a la setmana del Mobile (MWC), i en concret per rebre a partir d&#8217;aquest dimarts el YoMo (Youth Mobile Festival).<\/p>\n<p>Dins del marc de #LHMobileTech, La Farga acull per primer any el YoMo, un esdeveniment del Mobile World Congress, que del 27 de febrer al 2 de mar\u00e7 vol inspirar milers de joves i ajudar-los a con\u00e8ixer millor les carreres professionals dels sectors STEAM \u2014ci\u00e8ncia, tecnologia, enginyeria, art i matem\u00e0tiques\u2014 en un m\u00f3n cada vegada m\u00e9s m\u00f2bil.<\/p>\n<p>YoMo rebr\u00e0 prop de 15.000 estudiants i educadors de Catalunya i Espanya en una enorme exposici\u00f3 de ci\u00e8ncia i tecnologia a les instal\u00b7lacions de La Farga, preparades amb els seus m\u00e9s de 10.000m2. Amb espectacles de teatre en viu, tallers interactius i activitats pr\u00e0ctiques per a tots els joves, aix\u00ed com tallers per als educadors i confer\u00e8ncies.<\/p>\n<p><a href=\"https:\/\/www.mwcyomo.com\/ca\/programa\/\" target=\"_blank\" rel=\"noopener\"><strong>Programa d&#8217;activitats del YoMo&#8217;18<\/strong><\/a><\/p>\n<p><iframe src=\"https:\/\/player.vimeo.com\/video\/257762897?color=ef2e24&#038;title=0&#038;byline=0&#038;portrait=0\" width=\"640\" height=\"352\" frameborder=\"0\" webkitallowfullscreen mozallowfullscreen allowfullscreen><\/iframe><\/p>\n","protected":false},"excerpt":{"rendered":"<p>La Farga Centre d&#8217;Activitats ja est\u00e0 a ple rendiment per a la setmana del Mobile, i en concret per rebre a partir d&#8217;aquest dimarts el YoMo (Youth Mobile Festival).<\/p>\n","protected":false},"author":1,"featured_media":5545,"comment_status":"closed","ping_status":"closed","sticky":false,"template":"","format":"standard","meta":{"_monsterinsights_skip_tracking":false,"_monsterinsights_sitenote_active":false,"_monsterinsights_sitenote_note":"","_monsterinsights_sitenote_category":0,"footnotes":""},"categories":[83],"tags":[],"class_list":["post-5544","post","type-post","status-publish","format-standard","has-post-thumbnail","hentry","category-noticies"],"yoast_head":"<!-- This site is optimized with the Yoast SEO plugin v27.5 - https:\/\/yoast.com\/product\/yoast-seo-wordpress\/ -->\n<title>Arriba el MWC a La Farga de L&#039;Hospitalet - La Farga L&#039;Hospitalet Centre d&#039;Activitats. La Farga GEM, S.A.<\/title>\n<meta name=\"description\" content=\"La Farga Centre d&#039;Activitats ja est\u00e0 a ple rendiment per a la setmana del Mobile (MWC), i en concret per rebre a partir d&#039;aquest dimarts el YoMo (Youth Mobile Festival).\" \/>\n<meta name=\"robots\" content=\"index, follow, max-snippet:-1, max-image-preview:large, max-video-preview:-1\" \/>\n<link rel=\"canonical\" href=\"https:\/\/www.lafargalhospitalet.com\/ca\/arriba-el-mwc-a-la-farga-de-lhospitalet\/\" \/>\n<meta property=\"og:locale\" content=\"ca_ES\" \/>\n<meta property=\"og:type\" content=\"article\" \/>\n<meta property=\"og:title\" content=\"Arriba el MWC a La Farga de L&#039;Hospitalet - La Farga L&#039;Hospitalet Centre d&#039;Activitats. La Farga GEM, S.A.\" \/>\n<meta property=\"og:description\" content=\"La Farga Centre d&#039;Activitats ja est\u00e0 a ple rendiment per a la setmana del Mobile (MWC), i en concret per rebre a partir d&#039;aquest dimarts el YoMo (Youth Mobile Festival).\" \/>\n<meta property=\"og:url\" content=\"https:\/\/www.lafargalhospitalet.com\/ca\/arriba-el-mwc-a-la-farga-de-lhospitalet\/\" \/>\n<meta property=\"og:site_name\" content=\"La Farga L&#039;Hospitalet Centre d&#039;Activitats. La Farga GEM, S.A.\" \/>\n<meta property=\"article:publisher\" content=\"https:\/\/www.facebook.com\/fargahospitalet\/\" \/>\n<meta property=\"article:published_time\" content=\"2018-02-26T10:54:08+00:00\" \/>\n<meta property=\"article:modified_time\" content=\"2025-11-03T17:28:32+00:00\" \/>\n<meta property=\"og:image\" content=\"https:\/\/www.lafargalhospitalet.com\/wp-content\/uploads\/2018\/02\/YoMo-Farga-Entrada.jpg\" \/>\n\t<meta property=\"og:image:width\" content=\"730\" \/>\n\t<meta property=\"og:image:height\" content=\"410\" \/>\n\t<meta property=\"og:image:type\" content=\"image\/jpeg\" \/>\n<meta name=\"author\" content=\"La Farga Centre d&#039;Activitats\" \/>\n<meta name=\"twitter:card\" content=\"summary_large_image\" \/>\n<meta name=\"twitter:creator\" content=\"@fargahospitalet\" \/>\n<meta name=\"twitter:site\" content=\"@fargahospitalet\" \/>\n<meta name=\"twitter:label1\" content=\"Escrit per\" \/>\n\t<meta name=\"twitter:data1\" content=\"La Farga Centre d&#039;Activitats\" \/>\n\t<meta name=\"twitter:label2\" content=\"Temps estimat de lectura\" \/>\n\t<meta name=\"twitter:data2\" content=\"1 minut\" \/>\n<script type=\"application\/ld+json\" class=\"yoast-schema-graph\">{\"@context\":\"https:\\\/\\\/schema.org\",\"@graph\":[{\"@type\":\"Article\",\"@id\":\"https:\\\/\\\/www.lafargalhospitalet.com\\\/ca\\\/arriba-el-mwc-a-la-farga-de-lhospitalet\\\/#article\",\"isPartOf\":{\"@id\":\"https:\\\/\\\/www.lafargalhospitalet.com\\\/ca\\\/arriba-el-mwc-a-la-farga-de-lhospitalet\\\/\"},\"author\":{\"name\":\"La Farga Centre d'Activitats\",\"@id\":\"https:\\\/\\\/www.lafargalhospitalet.com\\\/#\\\/schema\\\/person\\\/6cbac0ef7748506b167ff859e1c7f378\"},\"headline\":\"Arriba el MWC a La Farga de L&#8217;Hospitalet\",\"datePublished\":\"2018-02-26T10:54:08+00:00\",\"dateModified\":\"2025-11-03T17:28:32+00:00\",\"mainEntityOfPage\":{\"@id\":\"https:\\\/\\\/www.lafargalhospitalet.com\\\/ca\\\/arriba-el-mwc-a-la-farga-de-lhospitalet\\\/\"},\"wordCount\":179,\"publisher\":{\"@id\":\"https:\\\/\\\/www.lafargalhospitalet.com\\\/#organization\"},\"image\":{\"@id\":\"https:\\\/\\\/www.lafargalhospitalet.com\\\/ca\\\/arriba-el-mwc-a-la-farga-de-lhospitalet\\\/#primaryimage\"},\"thumbnailUrl\":\"https:\\\/\\\/www.lafargalhospitalet.com\\\/wp-content\\\/uploads\\\/2018\\\/02\\\/YoMo-Farga-Entrada.jpg\",\"articleSection\":[\"Noticies\"],\"inLanguage\":\"ca\"},{\"@type\":\"WebPage\",\"@id\":\"https:\\\/\\\/www.lafargalhospitalet.com\\\/ca\\\/arriba-el-mwc-a-la-farga-de-lhospitalet\\\/\",\"url\":\"https:\\\/\\\/www.lafargalhospitalet.com\\\/ca\\\/arriba-el-mwc-a-la-farga-de-lhospitalet\\\/\",\"name\":\"Arriba el MWC a La Farga de L'Hospitalet - La Farga L&#039;Hospitalet Centre d&#039;Activitats. La Farga GEM, S.A.\",\"isPartOf\":{\"@id\":\"https:\\\/\\\/www.lafargalhospitalet.com\\\/#website\"},\"primaryImageOfPage\":{\"@id\":\"https:\\\/\\\/www.lafargalhospitalet.com\\\/ca\\\/arriba-el-mwc-a-la-farga-de-lhospitalet\\\/#primaryimage\"},\"image\":{\"@id\":\"https:\\\/\\\/www.lafargalhospitalet.com\\\/ca\\\/arriba-el-mwc-a-la-farga-de-lhospitalet\\\/#primaryimage\"},\"thumbnailUrl\":\"https:\\\/\\\/www.lafargalhospitalet.com\\\/wp-content\\\/uploads\\\/2018\\\/02\\\/YoMo-Farga-Entrada.jpg\",\"datePublished\":\"2018-02-26T10:54:08+00:00\",\"dateModified\":\"2025-11-03T17:28:32+00:00\",\"description\":\"La Farga Centre d'Activitats ja est\u00e0 a ple rendiment per a la setmana del Mobile (MWC), i en concret per rebre a partir d'aquest dimarts el YoMo (Youth Mobile Festival).\",\"breadcrumb\":{\"@id\":\"https:\\\/\\\/www.lafargalhospitalet.com\\\/ca\\\/arriba-el-mwc-a-la-farga-de-lhospitalet\\\/#breadcrumb\"},\"inLanguage\":\"ca\",\"potentialAction\":[{\"@type\":\"ReadAction\",\"target\":[\"https:\\\/\\\/www.lafargalhospitalet.com\\\/ca\\\/arriba-el-mwc-a-la-farga-de-lhospitalet\\\/\"]}]},{\"@type\":\"ImageObject\",\"inLanguage\":\"ca\",\"@id\":\"https:\\\/\\\/www.lafargalhospitalet.com\\\/ca\\\/arriba-el-mwc-a-la-farga-de-lhospitalet\\\/#primaryimage\",\"url\":\"https:\\\/\\\/www.lafargalhospitalet.com\\\/wp-content\\\/uploads\\\/2018\\\/02\\\/YoMo-Farga-Entrada.jpg\",\"contentUrl\":\"https:\\\/\\\/www.lafargalhospitalet.com\\\/wp-content\\\/uploads\\\/2018\\\/02\\\/YoMo-Farga-Entrada.jpg\",\"width\":730,\"height\":410,\"caption\":\"YoMo Farga Mobile MWC\"},{\"@type\":\"BreadcrumbList\",\"@id\":\"https:\\\/\\\/www.lafargalhospitalet.com\\\/ca\\\/arriba-el-mwc-a-la-farga-de-lhospitalet\\\/#breadcrumb\",\"itemListElement\":[{\"@type\":\"ListItem\",\"position\":1,\"name\":\"Portada\",\"item\":\"https:\\\/\\\/www.lafargalhospitalet.com\\\/\"},{\"@type\":\"ListItem\",\"position\":2,\"name\":\"Arriba el MWC a La Farga de L&#8217;Hospitalet\"}]},{\"@type\":\"WebSite\",\"@id\":\"https:\\\/\\\/www.lafargalhospitalet.com\\\/#website\",\"url\":\"https:\\\/\\\/www.lafargalhospitalet.com\\\/\",\"name\":\"La Farga L'Hospitalet Centre d'Activitats. La Farga GEM, S.A.\",\"description\":\"La Farga L&#039;Hospitalet Centre d&#039;Activitats. Gestionat per La Farga GEM, S.A. Fires i Congressos. Concerts, exposicions, reunions, filmacions, sopars de gala.\",\"publisher\":{\"@id\":\"https:\\\/\\\/www.lafargalhospitalet.com\\\/#organization\"},\"potentialAction\":[{\"@type\":\"SearchAction\",\"target\":{\"@type\":\"EntryPoint\",\"urlTemplate\":\"https:\\\/\\\/www.lafargalhospitalet.com\\\/?s={search_term_string}\"},\"query-input\":{\"@type\":\"PropertyValueSpecification\",\"valueRequired\":true,\"valueName\":\"search_term_string\"}}],\"inLanguage\":\"ca\"},{\"@type\":\"Organization\",\"@id\":\"https:\\\/\\\/www.lafargalhospitalet.com\\\/#organization\",\"name\":\"La Farga L'Hospitalet Centre d'Activitats. La Farga GEM, S.A.\",\"url\":\"https:\\\/\\\/www.lafargalhospitalet.com\\\/\",\"logo\":{\"@type\":\"ImageObject\",\"inLanguage\":\"ca\",\"@id\":\"https:\\\/\\\/www.lafargalhospitalet.com\\\/#\\\/schema\\\/logo\\\/image\\\/\",\"url\":\"https:\\\/\\\/www.lafargalhospitalet.com\\\/wp-content\\\/uploads\\\/2025\\\/10\\\/logotipo_lafarga_centre_activitats.png\",\"contentUrl\":\"https:\\\/\\\/www.lafargalhospitalet.com\\\/wp-content\\\/uploads\\\/2025\\\/10\\\/logotipo_lafarga_centre_activitats.png\",\"width\":266,\"height\":101,\"caption\":\"La Farga L'Hospitalet Centre d'Activitats. La Farga GEM, S.A.\"},\"image\":{\"@id\":\"https:\\\/\\\/www.lafargalhospitalet.com\\\/#\\\/schema\\\/logo\\\/image\\\/\"},\"sameAs\":[\"https:\\\/\\\/www.facebook.com\\\/fargahospitalet\\\/\",\"https:\\\/\\\/x.com\\\/fargahospitalet\",\"https:\\\/\\\/www.instagram.com\\\/lafargahospitalet\\\/\",\"https:\\\/\\\/www.youtube.com\\\/channel\\\/UCoLt6hen3PqGXgbLMGI3Qdw\",\"https:\\\/\\\/www.flickr.com\\\/photos\\\/lafargagemsa\\\/albums\"]},{\"@type\":\"Person\",\"@id\":\"https:\\\/\\\/www.lafargalhospitalet.com\\\/#\\\/schema\\\/person\\\/6cbac0ef7748506b167ff859e1c7f378\",\"name\":\"La Farga Centre d'Activitats\",\"sameAs\":[\"https:\\\/\\\/www.lafargalhospitalet.com\"],\"url\":\"https:\\\/\\\/www.lafargalhospitalet.com\\\/ca\\\/author\\\/far25gmin\\\/\"}]}<\/script>\n<!-- \/ Yoast SEO plugin. -->","yoast_head_json":{"title":"Arriba el MWC a La Farga de L'Hospitalet - La Farga L&#039;Hospitalet Centre d&#039;Activitats. La Farga GEM, S.A.","description":"La Farga Centre d'Activitats ja est\u00e0 a ple rendiment per a la setmana del Mobile (MWC), i en concret per rebre a partir d'aquest dimarts el YoMo (Youth Mobile Festival).","robots":{"index":"index","follow":"follow","max-snippet":"max-snippet:-1","max-image-preview":"max-image-preview:large","max-video-preview":"max-video-preview:-1"},"canonical":"https:\/\/www.lafargalhospitalet.com\/ca\/arriba-el-mwc-a-la-farga-de-lhospitalet\/","og_locale":"ca_ES","og_type":"article","og_title":"Arriba el MWC a La Farga de L'Hospitalet - La Farga L&#039;Hospitalet Centre d&#039;Activitats. La Farga GEM, S.A.","og_description":"La Farga Centre d'Activitats ja est\u00e0 a ple rendiment per a la setmana del Mobile (MWC), i en concret per rebre a partir d'aquest dimarts el YoMo (Youth Mobile Festival).","og_url":"https:\/\/www.lafargalhospitalet.com\/ca\/arriba-el-mwc-a-la-farga-de-lhospitalet\/","og_site_name":"La Farga L&#039;Hospitalet Centre d&#039;Activitats. La Farga GEM, S.A.","article_publisher":"https:\/\/www.facebook.com\/fargahospitalet\/","article_published_time":"2018-02-26T10:54:08+00:00","article_modified_time":"2025-11-03T17:28:32+00:00","og_image":[{"width":730,"height":410,"url":"https:\/\/www.lafargalhospitalet.com\/wp-content\/uploads\/2018\/02\/YoMo-Farga-Entrada.jpg","type":"image\/jpeg"}],"author":"La Farga Centre d'Activitats","twitter_card":"summary_large_image","twitter_creator":"@fargahospitalet","twitter_site":"@fargahospitalet","twitter_misc":{"Escrit per":"La Farga Centre d'Activitats","Temps estimat de lectura":"1 minut"},"schema":{"@context":"https:\/\/schema.org","@graph":[{"@type":"Article","@id":"https:\/\/www.lafargalhospitalet.com\/ca\/arriba-el-mwc-a-la-farga-de-lhospitalet\/#article","isPartOf":{"@id":"https:\/\/www.lafargalhospitalet.com\/ca\/arriba-el-mwc-a-la-farga-de-lhospitalet\/"},"author":{"name":"La Farga Centre d'Activitats","@id":"https:\/\/www.lafargalhospitalet.com\/#\/schema\/person\/6cbac0ef7748506b167ff859e1c7f378"},"headline":"Arriba el MWC a La Farga de L&#8217;Hospitalet","datePublished":"2018-02-26T10:54:08+00:00","dateModified":"2025-11-03T17:28:32+00:00","mainEntityOfPage":{"@id":"https:\/\/www.lafargalhospitalet.com\/ca\/arriba-el-mwc-a-la-farga-de-lhospitalet\/"},"wordCount":179,"publisher":{"@id":"https:\/\/www.lafargalhospitalet.com\/#organization"},"image":{"@id":"https:\/\/www.lafargalhospitalet.com\/ca\/arriba-el-mwc-a-la-farga-de-lhospitalet\/#primaryimage"},"thumbnailUrl":"https:\/\/www.lafargalhospitalet.com\/wp-content\/uploads\/2018\/02\/YoMo-Farga-Entrada.jpg","articleSection":["Noticies"],"inLanguage":"ca"},{"@type":"WebPage","@id":"https:\/\/www.lafargalhospitalet.com\/ca\/arriba-el-mwc-a-la-farga-de-lhospitalet\/","url":"https:\/\/www.lafargalhospitalet.com\/ca\/arriba-el-mwc-a-la-farga-de-lhospitalet\/","name":"Arriba el MWC a La Farga de L'Hospitalet - La Farga L&#039;Hospitalet Centre d&#039;Activitats. La Farga GEM, S.A.","isPartOf":{"@id":"https:\/\/www.lafargalhospitalet.com\/#website"},"primaryImageOfPage":{"@id":"https:\/\/www.lafargalhospitalet.com\/ca\/arriba-el-mwc-a-la-farga-de-lhospitalet\/#primaryimage"},"image":{"@id":"https:\/\/www.lafargalhospitalet.com\/ca\/arriba-el-mwc-a-la-farga-de-lhospitalet\/#primaryimage"},"thumbnailUrl":"https:\/\/www.lafargalhospitalet.com\/wp-content\/uploads\/2018\/02\/YoMo-Farga-Entrada.jpg","datePublished":"2018-02-26T10:54:08+00:00","dateModified":"2025-11-03T17:28:32+00:00","description":"La Farga Centre d'Activitats ja est\u00e0 a ple rendiment per a la setmana del Mobile (MWC), i en concret per rebre a partir d'aquest dimarts el YoMo (Youth Mobile Festival).","breadcrumb":{"@id":"https:\/\/www.lafargalhospitalet.com\/ca\/arriba-el-mwc-a-la-farga-de-lhospitalet\/#breadcrumb"},"inLanguage":"ca","potentialAction":[{"@type":"ReadAction","target":["https:\/\/www.lafargalhospitalet.com\/ca\/arriba-el-mwc-a-la-farga-de-lhospitalet\/"]}]},{"@type":"ImageObject","inLanguage":"ca","@id":"https:\/\/www.lafargalhospitalet.com\/ca\/arriba-el-mwc-a-la-farga-de-lhospitalet\/#primaryimage","url":"https:\/\/www.lafargalhospitalet.com\/wp-content\/uploads\/2018\/02\/YoMo-Farga-Entrada.jpg","contentUrl":"https:\/\/www.lafargalhospitalet.com\/wp-content\/uploads\/2018\/02\/YoMo-Farga-Entrada.jpg","width":730,"height":410,"caption":"YoMo Farga Mobile MWC"},{"@type":"BreadcrumbList","@id":"https:\/\/www.lafargalhospitalet.com\/ca\/arriba-el-mwc-a-la-farga-de-lhospitalet\/#breadcrumb","itemListElement":[{"@type":"ListItem","position":1,"name":"Portada","item":"https:\/\/www.lafargalhospitalet.com\/"},{"@type":"ListItem","position":2,"name":"Arriba el MWC a La Farga de L&#8217;Hospitalet"}]},{"@type":"WebSite","@id":"https:\/\/www.lafargalhospitalet.com\/#website","url":"https:\/\/www.lafargalhospitalet.com\/","name":"La Farga L'Hospitalet Centre d'Activitats. La Farga GEM, S.A.","description":"La Farga L&#039;Hospitalet Centre d&#039;Activitats. Gestionat per La Farga GEM, S.A. Fires i Congressos. Concerts, exposicions, reunions, filmacions, sopars de gala.","publisher":{"@id":"https:\/\/www.lafargalhospitalet.com\/#organization"},"potentialAction":[{"@type":"SearchAction","target":{"@type":"EntryPoint","urlTemplate":"https:\/\/www.lafargalhospitalet.com\/?s={search_term_string}"},"query-input":{"@type":"PropertyValueSpecification","valueRequired":true,"valueName":"search_term_string"}}],"inLanguage":"ca"},{"@type":"Organization","@id":"https:\/\/www.lafargalhospitalet.com\/#organization","name":"La Farga L'Hospitalet Centre d'Activitats. La Farga GEM, S.A.","url":"https:\/\/www.lafargalhospitalet.com\/","logo":{"@type":"ImageObject","inLanguage":"ca","@id":"https:\/\/www.lafargalhospitalet.com\/#\/schema\/logo\/image\/","url":"https:\/\/www.lafargalhospitalet.com\/wp-content\/uploads\/2025\/10\/logotipo_lafarga_centre_activitats.png","contentUrl":"https:\/\/www.lafargalhospitalet.com\/wp-content\/uploads\/2025\/10\/logotipo_lafarga_centre_activitats.png","width":266,"height":101,"caption":"La Farga L'Hospitalet Centre d'Activitats. La Farga GEM, S.A."},"image":{"@id":"https:\/\/www.lafargalhospitalet.com\/#\/schema\/logo\/image\/"},"sameAs":["https:\/\/www.facebook.com\/fargahospitalet\/","https:\/\/x.com\/fargahospitalet","https:\/\/www.instagram.com\/lafargahospitalet\/","https:\/\/www.youtube.com\/channel\/UCoLt6hen3PqGXgbLMGI3Qdw","https:\/\/www.flickr.com\/photos\/lafargagemsa\/albums"]},{"@type":"Person","@id":"https:\/\/www.lafargalhospitalet.com\/#\/schema\/person\/6cbac0ef7748506b167ff859e1c7f378","name":"La Farga Centre d'Activitats","sameAs":["https:\/\/www.lafargalhospitalet.com"],"url":"https:\/\/www.lafargalhospitalet.com\/ca\/author\/far25gmin\/"}]}},"_links":{"self":[{"href":"https:\/\/www.lafargalhospitalet.com\/ca\/wp-json\/wp\/v2\/posts\/5544","targetHints":{"allow":["GET"]}}],"collection":[{"href":"https:\/\/www.lafargalhospitalet.com\/ca\/wp-json\/wp\/v2\/posts"}],"about":[{"href":"https:\/\/www.lafargalhospitalet.com\/ca\/wp-json\/wp\/v2\/types\/post"}],"author":[{"embeddable":true,"href":"https:\/\/www.lafargalhospitalet.com\/ca\/wp-json\/wp\/v2\/users\/1"}],"replies":[{"embeddable":true,"href":"https:\/\/www.lafargalhospitalet.com\/ca\/wp-json\/wp\/v2\/comments?post=5544"}],"version-history":[{"count":0,"href":"https:\/\/www.lafargalhospitalet.com\/ca\/wp-json\/wp\/v2\/posts\/5544\/revisions"}],"wp:featuredmedia":[{"embeddable":true,"href":"https:\/\/www.lafargalhospitalet.com\/ca\/wp-json\/wp\/v2\/media\/5545"}],"wp:attachment":[{"href":"https:\/\/www.lafargalhospitalet.com\/ca\/wp-json\/wp\/v2\/media?parent=5544"}],"wp:term":[{"taxonomy":"category","embeddable":true,"href":"https:\/\/www.lafargalhospitalet.com\/ca\/wp-json\/wp\/v2\/categories?post=5544"},{"taxonomy":"post_tag","embeddable":true,"href":"https:\/\/www.lafargalhospitalet.com\/ca\/wp-json\/wp\/v2\/tags?post=5544"}],"curies":[{"name":"wp","href":"https:\/\/api.w.org\/{rel}","templated":true}]}}